{"id":20772,"date":"2024-08-13T19:15:12","date_gmt":"2024-08-13T22:15:12","guid":{"rendered":"https:\/\/apuntesdesanluis.com\/?p=20772"},"modified":"2024-08-13T20:02:08","modified_gmt":"2024-08-13T23:02:08","slug":"contuvieron-incendio-forestal-en-cercanias-de-la-estancia-las-tres-esquinas","status":"publish","type":"post","link":"https:\/\/apuntesdesanluis.com\/index.php\/2024\/08\/13\/contuvieron-incendio-forestal-en-cercanias-de-la-estancia-las-tres-esquinas\/","title":{"rendered":"CONTUVIERON INCENDIO FORESTAL EN CERCAN\u00cdAS DE LA ESTANCIA \u2018LAS TRES ESQUINAS\u2019"},"content":{"rendered":"<h3>M\u00e1s de 70 personas trabajaron para sofocar las llamas en un frente de ocho kil\u00f3metros, que consumieron cerca de 790 hect\u00e1reas. El foco fue en cercan\u00edas del establecimiento ubicado al sur de Las Chacras, en el l\u00edmite serrano con La Carolina.<\/h3>\n<h3>El Ministerio de Seguridad inform\u00f3 que lograron contener el foco de incendio en cercan\u00edas de la estancia <strong>\u2018Las Tres Esquinas\u2019<\/strong> al sur de Las Chacras, en el l\u00edmite con La Carolina, en una zona de meseta, sin caminos para acceder al lugar, lo que complic\u00f3 el trabajo de los bomberos.<\/h3>\n<h3>En el combate del fuego trabajaron unas 70 personas, entre ellas bomberos voluntarios de El Volc\u00e1n, La Punta, San Francisco del Monte de Oro, Potrero de los Funes y Estancia Grande, bomberos de la Polic\u00eda y brigadistas de emergencias del ministerio de Seguridad.<\/h3>\n<h3>La Direcci\u00f3n Prevenci\u00f3n y Gesti\u00f3n de Emergencia del Ministerio de Seguridad inform\u00f3 que en el lugar a\u00fan trabaja personal de bomberos y brigadistas con refuerzos con el objetivo de enfriar la zona y empezar el proceso de guardia de cenizas.<\/h3>\n<h3>Desde la Direcci\u00f3n Prevenci\u00f3n y Gesti\u00f3n de Emergencia se inform\u00f3 que se llevar\u00e1 adelante en las pr\u00f3ximas horas la investigaci\u00f3n correspondiente para conocer los motivos que iniciaron el incendio que lleva m\u00e1s de 24 horas de trabajos con el resultado, por el momento, de contenci\u00f3n del fuego.<\/h3>\n<h3>Los Bomberos Voluntarios de la Regional 1, 2 y 3, Bomberos de la Polic\u00eda y la Brigada de la DPyGE contin\u00faan con los trabajos de extinci\u00f3n y enfriamiento.<\/h3>\n<h3>El personal que en el d\u00eda de hoy trabaj\u00f3 en la zona del incendio fue: Bomberos de la Polic\u00eda de dg11- Bomberos Voluntarios de La Carolina, San Francisco del Monte de Oro, Potrero de los Funes, Estancia Grande, Quines. La Punta, El Volc\u00e1n, San Pablo, Renca, San Mart\u00edn, Tilisarao, La Toma, Justo Daract, Brigada de la DPyGE y Personal de la Polic\u00eda.<\/h3>\n<p>&nbsp;<\/p>\n<p>&nbsp;<\/p>\n<p>&nbsp;<\/p>\n<p>&nbsp;<\/p>\n<p>&nbsp;<\/p>\n<p>&nbsp;<\/p>\n","protected":false},"excerpt":{"rendered":"<p>M\u00e1s de 70 personas trabajaron para sofocar las llamas en un frente de ocho kil\u00f3metros,&#8230;<\/p>\n","protected":false},"author":1,"featured_media":20773,"comment_status":"closed","ping_status":"closed","sticky":false,"template":"","format":"standard","meta":{"footnotes":""},"categories":[6],"tags":[],"class_list":["post-20772","post","type-post","status-publish","format-standard","has-post-thumbnail","hentry","category-ciudad-provincia"],"yoast_head":"<!-- This site is optimized with the Yoast SEO plugin v26.1.1 - https:\/\/yoast.com\/wordpress\/plugins\/seo\/ -->\n<title>CONTUVIERON INCENDIO FORESTAL EN CERCAN\u00cdAS DE LA ESTANCIA \u2018LAS TRES ESQUINAS\u2019 - Apuntes de San Luis<\/title>\n<meta name=\"robots\" content=\"index, follow, max-snippet:-1, max-image-preview:large, max-video-preview:-1\" \/>\n<link rel=\"canonical\" href=\"https:\/\/apuntesdesanluis.com\/index.php\/2024\/08\/13\/contuvieron-incendio-forestal-en-cercanias-de-la-estancia-las-tres-esquinas\/\" \/>\n<meta property=\"og:locale\" content=\"es_ES\" \/>\n<meta property=\"og:type\" content=\"article\" \/>\n<meta property=\"og:title\" content=\"CONTUVIERON INCENDIO FORESTAL EN CERCAN\u00cdAS DE LA ESTANCIA \u2018LAS TRES ESQUINAS\u2019 - Apuntes de San Luis\" \/>\n<meta property=\"og:description\" content=\"M\u00e1s de 70 personas trabajaron para sofocar las llamas en un frente de ocho kil\u00f3metros,...\" \/>\n<meta property=\"og:url\" content=\"https:\/\/apuntesdesanluis.com\/index.php\/2024\/08\/13\/contuvieron-incendio-forestal-en-cercanias-de-la-estancia-las-tres-esquinas\/\" \/>\n<meta property=\"og:site_name\" content=\"Apuntes de San Luis\" \/>\n<meta property=\"article:published_time\" content=\"2024-08-13T22:15:12+00:00\" \/>\n<meta property=\"article:modified_time\" content=\"2024-08-13T23:02:08+00:00\" \/>\n<meta property=\"og:image\" content=\"https:\/\/apuntesdesanluis.com\/wp-content\/uploads\/2024\/08\/incendio.png\" \/>\n\t<meta property=\"og:image:width\" content=\"608\" \/>\n\t<meta property=\"og:image:height\" content=\"328\" \/>\n\t<meta property=\"og:image:type\" content=\"image\/png\" \/>\n<meta name=\"author\" content=\"apuntesdesanluis.com\" \/>\n<meta name=\"twitter:card\" content=\"summary_large_image\" \/>\n<meta name=\"twitter:label1\" content=\"Escrito por\" \/>\n\t<meta name=\"twitter:data1\" content=\"apuntesdesanluis.com\" \/>\n\t<meta name=\"twitter:label2\" content=\"Tiempo de lectura\" \/>\n\t<meta name=\"twitter:data2\" content=\"2 minutos\" \/>\n<script type=\"application\/ld+json\" class=\"yoast-schema-graph\">{\"@context\":\"https:\/\/schema.org\",\"@graph\":[{\"@type\":\"Article\",\"@id\":\"https:\/\/apuntesdesanluis.com\/index.php\/2024\/08\/13\/contuvieron-incendio-forestal-en-cercanias-de-la-estancia-las-tres-esquinas\/#article\",\"isPartOf\":{\"@id\":\"https:\/\/apuntesdesanluis.com\/index.php\/2024\/08\/13\/contuvieron-incendio-forestal-en-cercanias-de-la-estancia-las-tres-esquinas\/\"},\"author\":{\"name\":\"apuntesdesanluis.com\",\"@id\":\"https:\/\/apuntesdesanluis.com\/#\/schema\/person\/b55151d52296fcce64d1a72538a70b90\"},\"headline\":\"CONTUVIERON INCENDIO FORESTAL EN CERCAN\u00cdAS DE LA ESTANCIA \u2018LAS TRES ESQUINAS\u2019\",\"datePublished\":\"2024-08-13T22:15:12+00:00\",\"dateModified\":\"2024-08-13T23:02:08+00:00\",\"mainEntityOfPage\":{\"@id\":\"https:\/\/apuntesdesanluis.com\/index.php\/2024\/08\/13\/contuvieron-incendio-forestal-en-cercanias-de-la-estancia-las-tres-esquinas\/\"},\"wordCount\":351,\"publisher\":{\"@id\":\"https:\/\/apuntesdesanluis.com\/#\/schema\/person\/b55151d52296fcce64d1a72538a70b90\"},\"image\":{\"@id\":\"https:\/\/apuntesdesanluis.com\/index.php\/2024\/08\/13\/contuvieron-incendio-forestal-en-cercanias-de-la-estancia-las-tres-esquinas\/#primaryimage\"},\"thumbnailUrl\":\"https:\/\/apuntesdesanluis.com\/wp-content\/uploads\/2024\/08\/incendio.png\",\"articleSection\":[\"Ciudad\/Provincia\"],\"inLanguage\":\"es-AR\"},{\"@type\":\"WebPage\",\"@id\":\"https:\/\/apuntesdesanluis.com\/index.php\/2024\/08\/13\/contuvieron-incendio-forestal-en-cercanias-de-la-estancia-las-tres-esquinas\/\",\"url\":\"https:\/\/apuntesdesanluis.com\/index.php\/2024\/08\/13\/contuvieron-incendio-forestal-en-cercanias-de-la-estancia-las-tres-esquinas\/\",\"name\":\"CONTUVIERON INCENDIO FORESTAL EN CERCAN\u00cdAS DE LA ESTANCIA \u2018LAS TRES ESQUINAS\u2019 - Apuntes de San Luis\",\"isPartOf\":{\"@id\":\"https:\/\/apuntesdesanluis.com\/#website\"},\"primaryImageOfPage\":{\"@id\":\"https:\/\/apuntesdesanluis.com\/index.php\/2024\/08\/13\/contuvieron-incendio-forestal-en-cercanias-de-la-estancia-las-tres-esquinas\/#primaryimage\"},\"image\":{\"@id\":\"https:\/\/apuntesdesanluis.com\/index.php\/2024\/08\/13\/contuvieron-incendio-forestal-en-cercanias-de-la-estancia-las-tres-esquinas\/#primaryimage\"},\"thumbnailUrl\":\"https:\/\/apuntesdesanluis.com\/wp-content\/uploads\/2024\/08\/incendio.png\",\"datePublished\":\"2024-08-13T22:15:12+00:00\",\"dateModified\":\"2024-08-13T23:02:08+00:00\",\"breadcrumb\":{\"@id\":\"https:\/\/apuntesdesanluis.com\/index.php\/2024\/08\/13\/contuvieron-incendio-forestal-en-cercanias-de-la-estancia-las-tres-esquinas\/#breadcrumb\"},\"inLanguage\":\"es-AR\",\"potentialAction\":[{\"@type\":\"ReadAction\",\"target\":[\"https:\/\/apuntesdesanluis.com\/index.php\/2024\/08\/13\/contuvieron-incendio-forestal-en-cercanias-de-la-estancia-las-tres-esquinas\/\"]}]},{\"@type\":\"ImageObject\",\"inLanguage\":\"es-AR\",\"@id\":\"https:\/\/apuntesdesanluis.com\/index.php\/2024\/08\/13\/contuvieron-incendio-forestal-en-cercanias-de-la-estancia-las-tres-esquinas\/#primaryimage\",\"url\":\"https:\/\/apuntesdesanluis.com\/wp-content\/uploads\/2024\/08\/incendio.png\",\"contentUrl\":\"https:\/\/apuntesdesanluis.com\/wp-content\/uploads\/2024\/08\/incendio.png\",\"width\":608,\"height\":328},{\"@type\":\"BreadcrumbList\",\"@id\":\"https:\/\/apuntesdesanluis.com\/index.php\/2024\/08\/13\/contuvieron-incendio-forestal-en-cercanias-de-la-estancia-las-tres-esquinas\/#breadcrumb\",\"itemListElement\":[{\"@type\":\"ListItem\",\"position\":1,\"name\":\"Inicio\",\"item\":\"https:\/\/apuntesdesanluis.com\/\"},{\"@type\":\"ListItem\",\"position\":2,\"name\":\"CONTUVIERON INCENDIO FORESTAL EN CERCAN\u00cdAS DE LA ESTANCIA \u2018LAS TRES ESQUINAS\u2019\"}]},{\"@type\":\"WebSite\",\"@id\":\"https:\/\/apuntesdesanluis.com\/#website\",\"url\":\"https:\/\/apuntesdesanluis.com\/\",\"name\":\"Apuntes de San Luis\",\"description\":\"\",\"publisher\":{\"@id\":\"https:\/\/apuntesdesanluis.com\/#\/schema\/person\/b55151d52296fcce64d1a72538a70b90\"},\"potentialAction\":[{\"@type\":\"SearchAction\",\"target\":{\"@type\":\"EntryPoint\",\"urlTemplate\":\"https:\/\/apuntesdesanluis.com\/?s={search_term_string}\"},\"query-input\":{\"@type\":\"PropertyValueSpecification\",\"valueRequired\":true,\"valueName\":\"search_term_string\"}}],\"inLanguage\":\"es-AR\"},{\"@type\":[\"Person\",\"Organization\"],\"@id\":\"https:\/\/apuntesdesanluis.com\/#\/schema\/person\/b55151d52296fcce64d1a72538a70b90\",\"name\":\"apuntesdesanluis.com\",\"image\":{\"@type\":\"ImageObject\",\"inLanguage\":\"es-AR\",\"@id\":\"https:\/\/apuntesdesanluis.com\/#\/schema\/person\/image\/\",\"url\":\"https:\/\/apuntesdesanluis.com\/wp-content\/uploads\/2023\/07\/cropped-apuntesdesanluis.png\",\"contentUrl\":\"https:\/\/apuntesdesanluis.com\/wp-content\/uploads\/2023\/07\/cropped-apuntesdesanluis.png\",\"width\":450,\"height\":112,\"caption\":\"apuntesdesanluis.com\"},\"logo\":{\"@id\":\"https:\/\/apuntesdesanluis.com\/#\/schema\/person\/image\/\"},\"sameAs\":[\"https:\/\/apuntesdesanluis.com\"],\"url\":\"https:\/\/apuntesdesanluis.com\/index.php\/author\/apuntesdesanluis-com\/\"}]}<\/script>\n<!-- \/ Yoast SEO plugin. -->","yoast_head_json":{"title":"CONTUVIERON INCENDIO FORESTAL EN CERCAN\u00cdAS DE LA ESTANCIA \u2018LAS TRES ESQUINAS\u2019 - Apuntes de San Luis","robots":{"index":"index","follow":"follow","max-snippet":"max-snippet:-1","max-image-preview":"max-image-preview:large","max-video-preview":"max-video-preview:-1"},"canonical":"https:\/\/apuntesdesanluis.com\/index.php\/2024\/08\/13\/contuvieron-incendio-forestal-en-cercanias-de-la-estancia-las-tres-esquinas\/","og_locale":"es_ES","og_type":"article","og_title":"CONTUVIERON INCENDIO FORESTAL EN CERCAN\u00cdAS DE LA ESTANCIA \u2018LAS TRES ESQUINAS\u2019 - Apuntes de San Luis","og_description":"M\u00e1s de 70 personas trabajaron para sofocar las llamas en un frente de ocho kil\u00f3metros,...","og_url":"https:\/\/apuntesdesanluis.com\/index.php\/2024\/08\/13\/contuvieron-incendio-forestal-en-cercanias-de-la-estancia-las-tres-esquinas\/","og_site_name":"Apuntes de San Luis","article_published_time":"2024-08-13T22:15:12+00:00","article_modified_time":"2024-08-13T23:02:08+00:00","og_image":[{"width":608,"height":328,"url":"https:\/\/apuntesdesanluis.com\/wp-content\/uploads\/2024\/08\/incendio.png","type":"image\/png"}],"author":"apuntesdesanluis.com","twitter_card":"summary_large_image","twitter_misc":{"Escrito por":"apuntesdesanluis.com","Tiempo de lectura":"2 minutos"},"schema":{"@context":"https:\/\/schema.org","@graph":[{"@type":"Article","@id":"https:\/\/apuntesdesanluis.com\/index.php\/2024\/08\/13\/contuvieron-incendio-forestal-en-cercanias-de-la-estancia-las-tres-esquinas\/#article","isPartOf":{"@id":"https:\/\/apuntesdesanluis.com\/index.php\/2024\/08\/13\/contuvieron-incendio-forestal-en-cercanias-de-la-estancia-las-tres-esquinas\/"},"author":{"name":"apuntesdesanluis.com","@id":"https:\/\/apuntesdesanluis.com\/#\/schema\/person\/b55151d52296fcce64d1a72538a70b90"},"headline":"CONTUVIERON INCENDIO FORESTAL EN CERCAN\u00cdAS DE LA ESTANCIA \u2018LAS TRES ESQUINAS\u2019","datePublished":"2024-08-13T22:15:12+00:00","dateModified":"2024-08-13T23:02:08+00:00","mainEntityOfPage":{"@id":"https:\/\/apuntesdesanluis.com\/index.php\/2024\/08\/13\/contuvieron-incendio-forestal-en-cercanias-de-la-estancia-las-tres-esquinas\/"},"wordCount":351,"publisher":{"@id":"https:\/\/apuntesdesanluis.com\/#\/schema\/person\/b55151d52296fcce64d1a72538a70b90"},"image":{"@id":"https:\/\/apuntesdesanluis.com\/index.php\/2024\/08\/13\/contuvieron-incendio-forestal-en-cercanias-de-la-estancia-las-tres-esquinas\/#primaryimage"},"thumbnailUrl":"https:\/\/apuntesdesanluis.com\/wp-content\/uploads\/2024\/08\/incendio.png","articleSection":["Ciudad\/Provincia"],"inLanguage":"es-AR"},{"@type":"WebPage","@id":"https:\/\/apuntesdesanluis.com\/index.php\/2024\/08\/13\/contuvieron-incendio-forestal-en-cercanias-de-la-estancia-las-tres-esquinas\/","url":"https:\/\/apuntesdesanluis.com\/index.php\/2024\/08\/13\/contuvieron-incendio-forestal-en-cercanias-de-la-estancia-las-tres-esquinas\/","name":"CONTUVIERON INCENDIO FORESTAL EN CERCAN\u00cdAS DE LA ESTANCIA \u2018LAS TRES ESQUINAS\u2019 - Apuntes de San Luis","isPartOf":{"@id":"https:\/\/apuntesdesanluis.com\/#website"},"primaryImageOfPage":{"@id":"https:\/\/apuntesdesanluis.com\/index.php\/2024\/08\/13\/contuvieron-incendio-forestal-en-cercanias-de-la-estancia-las-tres-esquinas\/#primaryimage"},"image":{"@id":"https:\/\/apuntesdesanluis.com\/index.php\/2024\/08\/13\/contuvieron-incendio-forestal-en-cercanias-de-la-estancia-las-tres-esquinas\/#primaryimage"},"thumbnailUrl":"https:\/\/apuntesdesanluis.com\/wp-content\/uploads\/2024\/08\/incendio.png","datePublished":"2024-08-13T22:15:12+00:00","dateModified":"2024-08-13T23:02:08+00:00","breadcrumb":{"@id":"https:\/\/apuntesdesanluis.com\/index.php\/2024\/08\/13\/contuvieron-incendio-forestal-en-cercanias-de-la-estancia-las-tres-esquinas\/#breadcrumb"},"inLanguage":"es-AR","potentialAction":[{"@type":"ReadAction","target":["https:\/\/apuntesdesanluis.com\/index.php\/2024\/08\/13\/contuvieron-incendio-forestal-en-cercanias-de-la-estancia-las-tres-esquinas\/"]}]},{"@type":"ImageObject","inLanguage":"es-AR","@id":"https:\/\/apuntesdesanluis.com\/index.php\/2024\/08\/13\/contuvieron-incendio-forestal-en-cercanias-de-la-estancia-las-tres-esquinas\/#primaryimage","url":"https:\/\/apuntesdesanluis.com\/wp-content\/uploads\/2024\/08\/incendio.png","contentUrl":"https:\/\/apuntesdesanluis.com\/wp-content\/uploads\/2024\/08\/incendio.png","width":608,"height":328},{"@type":"BreadcrumbList","@id":"https:\/\/apuntesdesanluis.com\/index.php\/2024\/08\/13\/contuvieron-incendio-forestal-en-cercanias-de-la-estancia-las-tres-esquinas\/#breadcrumb","itemListElement":[{"@type":"ListItem","position":1,"name":"Inicio","item":"https:\/\/apuntesdesanluis.com\/"},{"@type":"ListItem","position":2,"name":"CONTUVIERON INCENDIO FORESTAL EN CERCAN\u00cdAS DE LA ESTANCIA \u2018LAS TRES ESQUINAS\u2019"}]},{"@type":"WebSite","@id":"https:\/\/apuntesdesanluis.com\/#website","url":"https:\/\/apuntesdesanluis.com\/","name":"Apuntes de San Luis","description":"","publisher":{"@id":"https:\/\/apuntesdesanluis.com\/#\/schema\/person\/b55151d52296fcce64d1a72538a70b90"},"potentialAction":[{"@type":"SearchAction","target":{"@type":"EntryPoint","urlTemplate":"https:\/\/apuntesdesanluis.com\/?s={search_term_string}"},"query-input":{"@type":"PropertyValueSpecification","valueRequired":true,"valueName":"search_term_string"}}],"inLanguage":"es-AR"},{"@type":["Person","Organization"],"@id":"https:\/\/apuntesdesanluis.com\/#\/schema\/person\/b55151d52296fcce64d1a72538a70b90","name":"apuntesdesanluis.com","image":{"@type":"ImageObject","inLanguage":"es-AR","@id":"https:\/\/apuntesdesanluis.com\/#\/schema\/person\/image\/","url":"https:\/\/apuntesdesanluis.com\/wp-content\/uploads\/2023\/07\/cropped-apuntesdesanluis.png","contentUrl":"https:\/\/apuntesdesanluis.com\/wp-content\/uploads\/2023\/07\/cropped-apuntesdesanluis.png","width":450,"height":112,"caption":"apuntesdesanluis.com"},"logo":{"@id":"https:\/\/apuntesdesanluis.com\/#\/schema\/person\/image\/"},"sameAs":["https:\/\/apuntesdesanluis.com"],"url":"https:\/\/apuntesdesanluis.com\/index.php\/author\/apuntesdesanluis-com\/"}]}},"featured_image_urls":{"full":["https:\/\/apuntesdesanluis.com\/wp-content\/uploads\/2024\/08\/incendio.png",608,328,false],"thumbnail":["https:\/\/apuntesdesanluis.com\/wp-content\/uploads\/2024\/08\/incendio-150x150.png",150,150,true],"medium":["https:\/\/apuntesdesanluis.com\/wp-content\/uploads\/2024\/08\/incendio-300x162.png",300,162,true],"medium_large":["https:\/\/apuntesdesanluis.com\/wp-content\/uploads\/2024\/08\/incendio.png",608,328,false],"large":["https:\/\/apuntesdesanluis.com\/wp-content\/uploads\/2024\/08\/incendio.png",608,328,false],"1536x1536":["https:\/\/apuntesdesanluis.com\/wp-content\/uploads\/2024\/08\/incendio.png",608,328,false],"2048x2048":["https:\/\/apuntesdesanluis.com\/wp-content\/uploads\/2024\/08\/incendio.png",608,328,false],"newsever-slider-full":["https:\/\/apuntesdesanluis.com\/wp-content\/uploads\/2024\/08\/incendio.png",608,328,false],"newsever-featured":["https:\/\/apuntesdesanluis.com\/wp-content\/uploads\/2024\/08\/incendio.png",608,328,false],"newsever-medium":["https:\/\/apuntesdesanluis.com\/wp-content\/uploads\/2024\/08\/incendio.png",608,328,false]},"author_info":{"display_name":"apuntesdesanluis.com","author_link":"https:\/\/apuntesdesanluis.com\/index.php\/author\/apuntesdesanluis-com\/"},"category_info":"<a href=\"https:\/\/apuntesdesanluis.com\/index.php\/category\/ciudad-provincia\/\" rel=\"category tag\">Ciudad\/Provincia<\/a>","tag_info":"Ciudad\/Provincia","comment_count":"0","_links":{"self":[{"href":"https:\/\/apuntesdesanluis.com\/index.php\/wp-json\/wp\/v2\/posts\/20772","targetHints":{"allow":["GET"]}}],"collection":[{"href":"https:\/\/apuntesdesanluis.com\/index.php\/wp-json\/wp\/v2\/posts"}],"about":[{"href":"https:\/\/apuntesdesanluis.com\/index.php\/wp-json\/wp\/v2\/types\/post"}],"author":[{"embeddable":true,"href":"https:\/\/apuntesdesanluis.com\/index.php\/wp-json\/wp\/v2\/users\/1"}],"replies":[{"embeddable":true,"href":"https:\/\/apuntesdesanluis.com\/index.php\/wp-json\/wp\/v2\/comments?post=20772"}],"version-history":[{"count":3,"href":"https:\/\/apuntesdesanluis.com\/index.php\/wp-json\/wp\/v2\/posts\/20772\/revisions"}],"predecessor-version":[{"id":20791,"href":"https:\/\/apuntesdesanluis.com\/index.php\/wp-json\/wp\/v2\/posts\/20772\/revisions\/20791"}],"wp:featuredmedia":[{"embeddable":true,"href":"https:\/\/apuntesdesanluis.com\/index.php\/wp-json\/wp\/v2\/media\/20773"}],"wp:attachment":[{"href":"https:\/\/apuntesdesanluis.com\/index.php\/wp-json\/wp\/v2\/media?parent=20772"}],"wp:term":[{"taxonomy":"category","embeddable":true,"href":"https:\/\/apuntesdesanluis.com\/index.php\/wp-json\/wp\/v2\/categories?post=20772"},{"taxonomy":"post_tag","embeddable":true,"href":"https:\/\/apuntesdesanluis.com\/index.php\/wp-json\/wp\/v2\/tags?post=20772"}],"curies":[{"name":"wp","href":"https:\/\/api.w.org\/{rel}","templated":true}]}}