{"id":20797,"date":"2024-08-13T20:18:06","date_gmt":"2024-08-13T23:18:06","guid":{"rendered":"https:\/\/apuntesdesanluis.com\/?p=20797"},"modified":"2024-08-13T20:21:38","modified_gmt":"2024-08-13T23:21:38","slug":"morinigo-ante-la-toma-de-rectorado-no-vamos-a-enfrentar-a-universitarios-con-universitarios","status":"publish","type":"post","link":"https:\/\/apuntesdesanluis.com\/index.php\/2024\/08\/13\/morinigo-ante-la-toma-de-rectorado-no-vamos-a-enfrentar-a-universitarios-con-universitarios\/","title":{"rendered":"MORI\u00d1IGO ANTE LA TOMA DE RECTORADO: \u201cNO VAMOS A ENFRENTAR A UNIVERSITARIOS CON UNIVERSITARIOS\u201d"},"content":{"rendered":"<h3>El rector de la Universidad Nacional de San Luis (UNSL) esta ma\u00f1ana en conferencia de prensa, explic\u00f3 la situaci\u00f3n que se vive con la toma del edifico de Rectorado. Asimismo, remarc\u00f3 que el reclamo es totalmente justo, en el entendimiento que la demanda es salarial.<\/h3>\n<h3><strong>V\u00edctor Mori\u00f1igo<\/strong>, presidente adem\u00e1s del <strong>Consejo Universitario Nacional<\/strong> (CIN), relat\u00f3 que, en el d\u00eda de ayer (por el lunes), distintos\/as docentes y estudiantes bajo el lema de \u00abautoconvocados\u00bb o \u00abinterclaustro\u00bb, realizaron una Asamblea en la explanada de Rectorado, fueron ingresando al edificio y culminaron en el hall. \u00abDecidieron en la din\u00e1mica de Asamblea, quedarse durante toda la tarde y anoche seg\u00fan la Secretar\u00eda General que enviamos nosotros de Rectorado, decidieron quedarse a dormir\u00bb, manifest\u00f3.<\/h3>\n<h3><img fetchpriority=\"high\" decoding=\"async\" class=\"wp-image-20799 aligncenter\" src=\"https:\/\/apuntesdesanluis.com\/wp-content\/uploads\/2024\/08\/conferencia-de-prensa-de-morinigo-300x160.png\" alt=\"\" width=\"681\" height=\"363\" srcset=\"https:\/\/apuntesdesanluis.com\/wp-content\/uploads\/2024\/08\/conferencia-de-prensa-de-morinigo-300x160.png 300w, https:\/\/apuntesdesanluis.com\/wp-content\/uploads\/2024\/08\/conferencia-de-prensa-de-morinigo.png 600w\" sizes=\"(max-width: 681px) 100vw, 681px\" \/><\/h3>\n<h3>Se\u00f1al\u00f3 adem\u00e1s que el concepto de comunidad es el que hay que sostener y el que hay que defender, respetando al que piensa distinto. Asegur\u00f3 que no se tomar\u00e1 ninguna medida desde la Universidad que genere conflicto. \u00abNo vamos a enfrentar a universitarios con universitarios (\u2026) El motor por ahora es el reclamo salarial y yo quiero decir con may\u00fasculas que es totalmente justo\u00bb.<\/h3>\n<h3>Agreg\u00f3 que ser\u00e1 una tarea de parte de la Instituci\u00f3n ir generando los consensos e ir trabajando y dialogando con ellos para ver c\u00f3mo retomar la v\u00eda de la institucionalidad de las autoridades elegidas de la Universidad. Reiter\u00f3 adem\u00e1s que las actividades en ese edificio continuar\u00e1n suspendidas, mientras que, el cuerpo docente que no adhiera al paro tendr\u00e1 disponibilidad en las Facultades de las sedes de San Luis, Merlo y Villa Mercedes. Las dependencias de la DOSPU y el Comedor Universitario se encuentran habilitadas.<\/h3>\n<h3><img decoding=\"async\" class=\"wp-image-20800 aligncenter\" src=\"https:\/\/apuntesdesanluis.com\/wp-content\/uploads\/2024\/08\/morinigo-300x168.png\" alt=\"\" width=\"689\" height=\"386\" srcset=\"https:\/\/apuntesdesanluis.com\/wp-content\/uploads\/2024\/08\/morinigo-300x168.png 300w, https:\/\/apuntesdesanluis.com\/wp-content\/uploads\/2024\/08\/morinigo.png 600w\" sizes=\"(max-width: 689px) 100vw, 689px\" \/><\/h3>\n<h3>\u00abYo creo que se ha roto un poco la din\u00e1mica de aquella marcha del 23 de abril donde todos est\u00e1bamos juntos y seguramente ahora aparecer\u00e1n distintas maneras de expresar el conflicto, en donde hay quienes creen que, haciendo la mayor actividad o el mayor barullo, son los que m\u00e1s ganan. Yo soy de los que creen que hay que medir la estrategia, la oportunidad, la conveniencia, pero tampoco soy el due\u00f1o de la verdad as\u00ed que ojal\u00e1 que entremos en un di\u00e1logo que haga que ganemos empat\u00eda en la comunidad universitaria y no nos dividamos entre nosotros\u00bb, enunci\u00f3.<\/h3>\n<h3>El Rector expres\u00f3 que, como Universidad, al tomar conocimiento hicieron entrega del edificio como corresponde seg\u00fan los protocolos a seguir en estos casos. \u00abUna toma en la Universidad tiene una significancia especial, para nosotros es una din\u00e1mica de protesta especial y por supuesto, desde la Universidad vamos a respetar todo tipo de protesta que nosotros advertimos que es totalmente justa, porque la cuesti\u00f3n salarial, habiendo ofertado el 3% en agosto y el 2% en septiembre, amerita medidas y quiz\u00e1s en la particularidad de las medidas podamos no estar de acuerdo porque a pocas personas les gusta que no los dejen entrar a su propia casa, pero tambi\u00e9n entendemos que en la Universidad, la significancia de la medida, habla por s\u00ed sola\u00bb, dijo.<\/h3>\n<h3>En cuanto al reclamo salarial a nivel nacional, adelant\u00f3 que hay expectativas en dos (2) hechos pol\u00edticos importantes. Por un lado, en cuanto a la comisi\u00f3n tripartita que el Gobierno Nacional ha citado para la semana que viene de la Secretar\u00eda de Educaci\u00f3n y los gremios. Y por otro, ma\u00f1ana se har\u00e1 un encuentro de Diputados donde se ha establecido un llamado a sesi\u00f3n especial sobre el tema universitario. \u00abIgualmente me parece que esperar que Buenos Aires haga algo y nosotros seguir con el edificio as\u00ed, nos va a llevar a un deterioro de la vida administrativa y acad\u00e9mica de la Universidad\u00bb, concluy\u00f3.<\/h3>\n<h3><strong>COMUNICADO<\/strong><\/h3>\n<h3><strong>La Universidad Nacional de San Luis informa que, ante la continuidad de la toma del Rectorado, se suspenden las actividades administrativas en ese edificio previstas para el mi\u00e9rcoles 14 de agosto. Por otra parte, las tareas en otras \u00e1reas, Centros Universitarios y dependencias de la Universidad, se desarrollar\u00e1n con normalidad.<\/strong><\/h3>\n<h3>Asimismo, se comunica que en el d\u00eda de ma\u00f1ana se seguir\u00e1 evaluando y analizando con Decanos\/as e integrantes de la comunidad universitaria la medida tomada por docentes y estudiantes interclaustro.<\/h3>\n<h3>Tal como lo anunciara en conferencia de prensa, el Rector hace p\u00fablica su voluntad de apostar por el camino del di\u00e1logo con el prop\u00f3sito de fortalecer y ampliar un frente universitario unido, en la diversidad, en defensa de un salario digno.<\/h3>\n<p>&nbsp;<\/p>\n<p>&nbsp;<\/p>\n<p>&nbsp;<\/p>\n<p>&nbsp;<\/p>\n<p>&nbsp;<\/p>\n","protected":false},"excerpt":{"rendered":"<p>El rector de la Universidad Nacional de San Luis (UNSL) esta ma\u00f1ana en conferencia de&#8230;<\/p>\n","protected":false},"author":1,"featured_media":20798,"comment_status":"closed","ping_status":"closed","sticky":false,"template":"","format":"standard","meta":{"footnotes":""},"categories":[6],"tags":[],"class_list":["post-20797","post","type-post","status-publish","format-standard","has-post-thumbnail","hentry","category-ciudad-provincia"],"yoast_head":"<!-- This site is optimized with the Yoast SEO plugin v26.1.1 - https:\/\/yoast.com\/wordpress\/plugins\/seo\/ -->\n<title>MORI\u00d1IGO ANTE LA TOMA DE RECTORADO: \u201cNO VAMOS A ENFRENTAR A UNIVERSITARIOS CON UNIVERSITARIOS\u201d - Apuntes de San Luis<\/title>\n<meta name=\"robots\" content=\"index, follow, max-snippet:-1, max-image-preview:large, max-video-preview:-1\" \/>\n<link rel=\"canonical\" href=\"https:\/\/apuntesdesanluis.com\/index.php\/2024\/08\/13\/morinigo-ante-la-toma-de-rectorado-no-vamos-a-enfrentar-a-universitarios-con-universitarios\/\" \/>\n<meta property=\"og:locale\" content=\"es_ES\" \/>\n<meta property=\"og:type\" content=\"article\" \/>\n<meta property=\"og:title\" content=\"MORI\u00d1IGO ANTE LA TOMA DE RECTORADO: \u201cNO VAMOS A ENFRENTAR A UNIVERSITARIOS CON UNIVERSITARIOS\u201d - Apuntes de San Luis\" \/>\n<meta property=\"og:description\" content=\"El rector de la Universidad Nacional de San Luis (UNSL) esta ma\u00f1ana en conferencia de...\" \/>\n<meta property=\"og:url\" content=\"https:\/\/apuntesdesanluis.com\/index.php\/2024\/08\/13\/morinigo-ante-la-toma-de-rectorado-no-vamos-a-enfrentar-a-universitarios-con-universitarios\/\" \/>\n<meta property=\"og:site_name\" content=\"Apuntes de San Luis\" \/>\n<meta property=\"article:published_time\" content=\"2024-08-13T23:18:06+00:00\" \/>\n<meta property=\"article:modified_time\" content=\"2024-08-13T23:21:38+00:00\" \/>\n<meta property=\"og:image\" content=\"https:\/\/apuntesdesanluis.com\/wp-content\/uploads\/2024\/08\/morinigo-habla.png\" \/>\n\t<meta property=\"og:image:width\" content=\"700\" \/>\n\t<meta property=\"og:image:height\" content=\"415\" \/>\n\t<meta property=\"og:image:type\" content=\"image\/png\" \/>\n<meta name=\"author\" content=\"apuntesdesanluis.com\" \/>\n<meta name=\"twitter:card\" content=\"summary_large_image\" \/>\n<meta name=\"twitter:label1\" content=\"Escrito por\" \/>\n\t<meta name=\"twitter:data1\" content=\"apuntesdesanluis.com\" \/>\n\t<meta name=\"twitter:label2\" content=\"Tiempo de lectura\" \/>\n\t<meta name=\"twitter:data2\" content=\"4 minutos\" \/>\n<script type=\"application\/ld+json\" class=\"yoast-schema-graph\">{\"@context\":\"https:\/\/schema.org\",\"@graph\":[{\"@type\":\"Article\",\"@id\":\"https:\/\/apuntesdesanluis.com\/index.php\/2024\/08\/13\/morinigo-ante-la-toma-de-rectorado-no-vamos-a-enfrentar-a-universitarios-con-universitarios\/#article\",\"isPartOf\":{\"@id\":\"https:\/\/apuntesdesanluis.com\/index.php\/2024\/08\/13\/morinigo-ante-la-toma-de-rectorado-no-vamos-a-enfrentar-a-universitarios-con-universitarios\/\"},\"author\":{\"name\":\"apuntesdesanluis.com\",\"@id\":\"https:\/\/apuntesdesanluis.com\/#\/schema\/person\/b55151d52296fcce64d1a72538a70b90\"},\"headline\":\"MORI\u00d1IGO ANTE LA TOMA DE RECTORADO: \u201cNO VAMOS A ENFRENTAR A UNIVERSITARIOS CON UNIVERSITARIOS\u201d\",\"datePublished\":\"2024-08-13T23:18:06+00:00\",\"dateModified\":\"2024-08-13T23:21:38+00:00\",\"mainEntityOfPage\":{\"@id\":\"https:\/\/apuntesdesanluis.com\/index.php\/2024\/08\/13\/morinigo-ante-la-toma-de-rectorado-no-vamos-a-enfrentar-a-universitarios-con-universitarios\/\"},\"wordCount\":771,\"publisher\":{\"@id\":\"https:\/\/apuntesdesanluis.com\/#\/schema\/person\/b55151d52296fcce64d1a72538a70b90\"},\"image\":{\"@id\":\"https:\/\/apuntesdesanluis.com\/index.php\/2024\/08\/13\/morinigo-ante-la-toma-de-rectorado-no-vamos-a-enfrentar-a-universitarios-con-universitarios\/#primaryimage\"},\"thumbnailUrl\":\"https:\/\/apuntesdesanluis.com\/wp-content\/uploads\/2024\/08\/morinigo-habla.png\",\"articleSection\":[\"Ciudad\/Provincia\"],\"inLanguage\":\"es-AR\"},{\"@type\":\"WebPage\",\"@id\":\"https:\/\/apuntesdesanluis.com\/index.php\/2024\/08\/13\/morinigo-ante-la-toma-de-rectorado-no-vamos-a-enfrentar-a-universitarios-con-universitarios\/\",\"url\":\"https:\/\/apuntesdesanluis.com\/index.php\/2024\/08\/13\/morinigo-ante-la-toma-de-rectorado-no-vamos-a-enfrentar-a-universitarios-con-universitarios\/\",\"name\":\"MORI\u00d1IGO ANTE LA TOMA DE RECTORADO: \u201cNO VAMOS A ENFRENTAR A UNIVERSITARIOS CON UNIVERSITARIOS\u201d - Apuntes de San Luis\",\"isPartOf\":{\"@id\":\"https:\/\/apuntesdesanluis.com\/#website\"},\"primaryImageOfPage\":{\"@id\":\"https:\/\/apuntesdesanluis.com\/index.php\/2024\/08\/13\/morinigo-ante-la-toma-de-rectorado-no-vamos-a-enfrentar-a-universitarios-con-universitarios\/#primaryimage\"},\"image\":{\"@id\":\"https:\/\/apuntesdesanluis.com\/index.php\/2024\/08\/13\/morinigo-ante-la-toma-de-rectorado-no-vamos-a-enfrentar-a-universitarios-con-universitarios\/#primaryimage\"},\"thumbnailUrl\":\"https:\/\/apuntesdesanluis.com\/wp-content\/uploads\/2024\/08\/morinigo-habla.png\",\"datePublished\":\"2024-08-13T23:18:06+00:00\",\"dateModified\":\"2024-08-13T23:21:38+00:00\",\"breadcrumb\":{\"@id\":\"https:\/\/apuntesdesanluis.com\/index.php\/2024\/08\/13\/morinigo-ante-la-toma-de-rectorado-no-vamos-a-enfrentar-a-universitarios-con-universitarios\/#breadcrumb\"},\"inLanguage\":\"es-AR\",\"potentialAction\":[{\"@type\":\"ReadAction\",\"target\":[\"https:\/\/apuntesdesanluis.com\/index.php\/2024\/08\/13\/morinigo-ante-la-toma-de-rectorado-no-vamos-a-enfrentar-a-universitarios-con-universitarios\/\"]}]},{\"@type\":\"ImageObject\",\"inLanguage\":\"es-AR\",\"@id\":\"https:\/\/apuntesdesanluis.com\/index.php\/2024\/08\/13\/morinigo-ante-la-toma-de-rectorado-no-vamos-a-enfrentar-a-universitarios-con-universitarios\/#primaryimage\",\"url\":\"https:\/\/apuntesdesanluis.com\/wp-content\/uploads\/2024\/08\/morinigo-habla.png\",\"contentUrl\":\"https:\/\/apuntesdesanluis.com\/wp-content\/uploads\/2024\/08\/morinigo-habla.png\",\"width\":700,\"height\":415},{\"@type\":\"BreadcrumbList\",\"@id\":\"https:\/\/apuntesdesanluis.com\/index.php\/2024\/08\/13\/morinigo-ante-la-toma-de-rectorado-no-vamos-a-enfrentar-a-universitarios-con-universitarios\/#breadcrumb\",\"itemListElement\":[{\"@type\":\"ListItem\",\"position\":1,\"name\":\"Inicio\",\"item\":\"https:\/\/apuntesdesanluis.com\/\"},{\"@type\":\"ListItem\",\"position\":2,\"name\":\"MORI\u00d1IGO ANTE LA TOMA DE RECTORADO: \u201cNO VAMOS A ENFRENTAR A UNIVERSITARIOS CON UNIVERSITARIOS\u201d\"}]},{\"@type\":\"WebSite\",\"@id\":\"https:\/\/apuntesdesanluis.com\/#website\",\"url\":\"https:\/\/apuntesdesanluis.com\/\",\"name\":\"Apuntes de San Luis\",\"description\":\"\",\"publisher\":{\"@id\":\"https:\/\/apuntesdesanluis.com\/#\/schema\/person\/b55151d52296fcce64d1a72538a70b90\"},\"potentialAction\":[{\"@type\":\"SearchAction\",\"target\":{\"@type\":\"EntryPoint\",\"urlTemplate\":\"https:\/\/apuntesdesanluis.com\/?s={search_term_string}\"},\"query-input\":{\"@type\":\"PropertyValueSpecification\",\"valueRequired\":true,\"valueName\":\"search_term_string\"}}],\"inLanguage\":\"es-AR\"},{\"@type\":[\"Person\",\"Organization\"],\"@id\":\"https:\/\/apuntesdesanluis.com\/#\/schema\/person\/b55151d52296fcce64d1a72538a70b90\",\"name\":\"apuntesdesanluis.com\",\"image\":{\"@type\":\"ImageObject\",\"inLanguage\":\"es-AR\",\"@id\":\"https:\/\/apuntesdesanluis.com\/#\/schema\/person\/image\/\",\"url\":\"https:\/\/apuntesdesanluis.com\/wp-content\/uploads\/2023\/07\/cropped-apuntesdesanluis.png\",\"contentUrl\":\"https:\/\/apuntesdesanluis.com\/wp-content\/uploads\/2023\/07\/cropped-apuntesdesanluis.png\",\"width\":450,\"height\":112,\"caption\":\"apuntesdesanluis.com\"},\"logo\":{\"@id\":\"https:\/\/apuntesdesanluis.com\/#\/schema\/person\/image\/\"},\"sameAs\":[\"https:\/\/apuntesdesanluis.com\"],\"url\":\"https:\/\/apuntesdesanluis.com\/index.php\/author\/apuntesdesanluis-com\/\"}]}<\/script>\n<!-- \/ Yoast SEO plugin. -->","yoast_head_json":{"title":"MORI\u00d1IGO ANTE LA TOMA DE RECTORADO: \u201cNO VAMOS A ENFRENTAR A UNIVERSITARIOS CON UNIVERSITARIOS\u201d - Apuntes de San Luis","robots":{"index":"index","follow":"follow","max-snippet":"max-snippet:-1","max-image-preview":"max-image-preview:large","max-video-preview":"max-video-preview:-1"},"canonical":"https:\/\/apuntesdesanluis.com\/index.php\/2024\/08\/13\/morinigo-ante-la-toma-de-rectorado-no-vamos-a-enfrentar-a-universitarios-con-universitarios\/","og_locale":"es_ES","og_type":"article","og_title":"MORI\u00d1IGO ANTE LA TOMA DE RECTORADO: \u201cNO VAMOS A ENFRENTAR A UNIVERSITARIOS CON UNIVERSITARIOS\u201d - Apuntes de San Luis","og_description":"El rector de la Universidad Nacional de San Luis (UNSL) esta ma\u00f1ana en conferencia de...","og_url":"https:\/\/apuntesdesanluis.com\/index.php\/2024\/08\/13\/morinigo-ante-la-toma-de-rectorado-no-vamos-a-enfrentar-a-universitarios-con-universitarios\/","og_site_name":"Apuntes de San Luis","article_published_time":"2024-08-13T23:18:06+00:00","article_modified_time":"2024-08-13T23:21:38+00:00","og_image":[{"width":700,"height":415,"url":"https:\/\/apuntesdesanluis.com\/wp-content\/uploads\/2024\/08\/morinigo-habla.png","type":"image\/png"}],"author":"apuntesdesanluis.com","twitter_card":"summary_large_image","twitter_misc":{"Escrito por":"apuntesdesanluis.com","Tiempo de lectura":"4 minutos"},"schema":{"@context":"https:\/\/schema.org","@graph":[{"@type":"Article","@id":"https:\/\/apuntesdesanluis.com\/index.php\/2024\/08\/13\/morinigo-ante-la-toma-de-rectorado-no-vamos-a-enfrentar-a-universitarios-con-universitarios\/#article","isPartOf":{"@id":"https:\/\/apuntesdesanluis.com\/index.php\/2024\/08\/13\/morinigo-ante-la-toma-de-rectorado-no-vamos-a-enfrentar-a-universitarios-con-universitarios\/"},"author":{"name":"apuntesdesanluis.com","@id":"https:\/\/apuntesdesanluis.com\/#\/schema\/person\/b55151d52296fcce64d1a72538a70b90"},"headline":"MORI\u00d1IGO ANTE LA TOMA DE RECTORADO: \u201cNO VAMOS A ENFRENTAR A UNIVERSITARIOS CON UNIVERSITARIOS\u201d","datePublished":"2024-08-13T23:18:06+00:00","dateModified":"2024-08-13T23:21:38+00:00","mainEntityOfPage":{"@id":"https:\/\/apuntesdesanluis.com\/index.php\/2024\/08\/13\/morinigo-ante-la-toma-de-rectorado-no-vamos-a-enfrentar-a-universitarios-con-universitarios\/"},"wordCount":771,"publisher":{"@id":"https:\/\/apuntesdesanluis.com\/#\/schema\/person\/b55151d52296fcce64d1a72538a70b90"},"image":{"@id":"https:\/\/apuntesdesanluis.com\/index.php\/2024\/08\/13\/morinigo-ante-la-toma-de-rectorado-no-vamos-a-enfrentar-a-universitarios-con-universitarios\/#primaryimage"},"thumbnailUrl":"https:\/\/apuntesdesanluis.com\/wp-content\/uploads\/2024\/08\/morinigo-habla.png","articleSection":["Ciudad\/Provincia"],"inLanguage":"es-AR"},{"@type":"WebPage","@id":"https:\/\/apuntesdesanluis.com\/index.php\/2024\/08\/13\/morinigo-ante-la-toma-de-rectorado-no-vamos-a-enfrentar-a-universitarios-con-universitarios\/","url":"https:\/\/apuntesdesanluis.com\/index.php\/2024\/08\/13\/morinigo-ante-la-toma-de-rectorado-no-vamos-a-enfrentar-a-universitarios-con-universitarios\/","name":"MORI\u00d1IGO ANTE LA TOMA DE RECTORADO: \u201cNO VAMOS A ENFRENTAR A UNIVERSITARIOS CON UNIVERSITARIOS\u201d - Apuntes de San Luis","isPartOf":{"@id":"https:\/\/apuntesdesanluis.com\/#website"},"primaryImageOfPage":{"@id":"https:\/\/apuntesdesanluis.com\/index.php\/2024\/08\/13\/morinigo-ante-la-toma-de-rectorado-no-vamos-a-enfrentar-a-universitarios-con-universitarios\/#primaryimage"},"image":{"@id":"https:\/\/apuntesdesanluis.com\/index.php\/2024\/08\/13\/morinigo-ante-la-toma-de-rectorado-no-vamos-a-enfrentar-a-universitarios-con-universitarios\/#primaryimage"},"thumbnailUrl":"https:\/\/apuntesdesanluis.com\/wp-content\/uploads\/2024\/08\/morinigo-habla.png","datePublished":"2024-08-13T23:18:06+00:00","dateModified":"2024-08-13T23:21:38+00:00","breadcrumb":{"@id":"https:\/\/apuntesdesanluis.com\/index.php\/2024\/08\/13\/morinigo-ante-la-toma-de-rectorado-no-vamos-a-enfrentar-a-universitarios-con-universitarios\/#breadcrumb"},"inLanguage":"es-AR","potentialAction":[{"@type":"ReadAction","target":["https:\/\/apuntesdesanluis.com\/index.php\/2024\/08\/13\/morinigo-ante-la-toma-de-rectorado-no-vamos-a-enfrentar-a-universitarios-con-universitarios\/"]}]},{"@type":"ImageObject","inLanguage":"es-AR","@id":"https:\/\/apuntesdesanluis.com\/index.php\/2024\/08\/13\/morinigo-ante-la-toma-de-rectorado-no-vamos-a-enfrentar-a-universitarios-con-universitarios\/#primaryimage","url":"https:\/\/apuntesdesanluis.com\/wp-content\/uploads\/2024\/08\/morinigo-habla.png","contentUrl":"https:\/\/apuntesdesanluis.com\/wp-content\/uploads\/2024\/08\/morinigo-habla.png","width":700,"height":415},{"@type":"BreadcrumbList","@id":"https:\/\/apuntesdesanluis.com\/index.php\/2024\/08\/13\/morinigo-ante-la-toma-de-rectorado-no-vamos-a-enfrentar-a-universitarios-con-universitarios\/#breadcrumb","itemListElement":[{"@type":"ListItem","position":1,"name":"Inicio","item":"https:\/\/apuntesdesanluis.com\/"},{"@type":"ListItem","position":2,"name":"MORI\u00d1IGO ANTE LA TOMA DE RECTORADO: \u201cNO VAMOS A ENFRENTAR A UNIVERSITARIOS CON UNIVERSITARIOS\u201d"}]},{"@type":"WebSite","@id":"https:\/\/apuntesdesanluis.com\/#website","url":"https:\/\/apuntesdesanluis.com\/","name":"Apuntes de San Luis","description":"","publisher":{"@id":"https:\/\/apuntesdesanluis.com\/#\/schema\/person\/b55151d52296fcce64d1a72538a70b90"},"potentialAction":[{"@type":"SearchAction","target":{"@type":"EntryPoint","urlTemplate":"https:\/\/apuntesdesanluis.com\/?s={search_term_string}"},"query-input":{"@type":"PropertyValueSpecification","valueRequired":true,"valueName":"search_term_string"}}],"inLanguage":"es-AR"},{"@type":["Person","Organization"],"@id":"https:\/\/apuntesdesanluis.com\/#\/schema\/person\/b55151d52296fcce64d1a72538a70b90","name":"apuntesdesanluis.com","image":{"@type":"ImageObject","inLanguage":"es-AR","@id":"https:\/\/apuntesdesanluis.com\/#\/schema\/person\/image\/","url":"https:\/\/apuntesdesanluis.com\/wp-content\/uploads\/2023\/07\/cropped-apuntesdesanluis.png","contentUrl":"https:\/\/apuntesdesanluis.com\/wp-content\/uploads\/2023\/07\/cropped-apuntesdesanluis.png","width":450,"height":112,"caption":"apuntesdesanluis.com"},"logo":{"@id":"https:\/\/apuntesdesanluis.com\/#\/schema\/person\/image\/"},"sameAs":["https:\/\/apuntesdesanluis.com"],"url":"https:\/\/apuntesdesanluis.com\/index.php\/author\/apuntesdesanluis-com\/"}]}},"featured_image_urls":{"full":["https:\/\/apuntesdesanluis.com\/wp-content\/uploads\/2024\/08\/morinigo-habla.png",700,415,false],"thumbnail":["https:\/\/apuntesdesanluis.com\/wp-content\/uploads\/2024\/08\/morinigo-habla-150x150.png",150,150,true],"medium":["https:\/\/apuntesdesanluis.com\/wp-content\/uploads\/2024\/08\/morinigo-habla-300x178.png",300,178,true],"medium_large":["https:\/\/apuntesdesanluis.com\/wp-content\/uploads\/2024\/08\/morinigo-habla.png",640,379,false],"large":["https:\/\/apuntesdesanluis.com\/wp-content\/uploads\/2024\/08\/morinigo-habla.png",640,379,false],"1536x1536":["https:\/\/apuntesdesanluis.com\/wp-content\/uploads\/2024\/08\/morinigo-habla.png",700,415,false],"2048x2048":["https:\/\/apuntesdesanluis.com\/wp-content\/uploads\/2024\/08\/morinigo-habla.png",700,415,false],"newsever-slider-full":["https:\/\/apuntesdesanluis.com\/wp-content\/uploads\/2024\/08\/morinigo-habla.png",700,415,false],"newsever-featured":["https:\/\/apuntesdesanluis.com\/wp-content\/uploads\/2024\/08\/morinigo-habla.png",700,415,false],"newsever-medium":["https:\/\/apuntesdesanluis.com\/wp-content\/uploads\/2024\/08\/morinigo-habla.png",700,415,false]},"author_info":{"display_name":"apuntesdesanluis.com","author_link":"https:\/\/apuntesdesanluis.com\/index.php\/author\/apuntesdesanluis-com\/"},"category_info":"<a href=\"https:\/\/apuntesdesanluis.com\/index.php\/category\/ciudad-provincia\/\" rel=\"category tag\">Ciudad\/Provincia<\/a>","tag_info":"Ciudad\/Provincia","comment_count":"0","_links":{"self":[{"href":"https:\/\/apuntesdesanluis.com\/index.php\/wp-json\/wp\/v2\/posts\/20797","targetHints":{"allow":["GET"]}}],"collection":[{"href":"https:\/\/apuntesdesanluis.com\/index.php\/wp-json\/wp\/v2\/posts"}],"about":[{"href":"https:\/\/apuntesdesanluis.com\/index.php\/wp-json\/wp\/v2\/types\/post"}],"author":[{"embeddable":true,"href":"https:\/\/apuntesdesanluis.com\/index.php\/wp-json\/wp\/v2\/users\/1"}],"replies":[{"embeddable":true,"href":"https:\/\/apuntesdesanluis.com\/index.php\/wp-json\/wp\/v2\/comments?post=20797"}],"version-history":[{"count":2,"href":"https:\/\/apuntesdesanluis.com\/index.php\/wp-json\/wp\/v2\/posts\/20797\/revisions"}],"predecessor-version":[{"id":20802,"href":"https:\/\/apuntesdesanluis.com\/index.php\/wp-json\/wp\/v2\/posts\/20797\/revisions\/20802"}],"wp:featuredmedia":[{"embeddable":true,"href":"https:\/\/apuntesdesanluis.com\/index.php\/wp-json\/wp\/v2\/media\/20798"}],"wp:attachment":[{"href":"https:\/\/apuntesdesanluis.com\/index.php\/wp-json\/wp\/v2\/media?parent=20797"}],"wp:term":[{"taxonomy":"category","embeddable":true,"href":"https:\/\/apuntesdesanluis.com\/index.php\/wp-json\/wp\/v2\/categories?post=20797"},{"taxonomy":"post_tag","embeddable":true,"href":"https:\/\/apuntesdesanluis.com\/index.php\/wp-json\/wp\/v2\/tags?post=20797"}],"curies":[{"name":"wp","href":"https:\/\/api.w.org\/{rel}","templated":true}]}}