{"id":20814,"date":"2024-08-13T21:03:24","date_gmt":"2024-08-14T00:03:24","guid":{"rendered":"https:\/\/apuntesdesanluis.com\/?p=20814"},"modified":"2024-08-13T21:03:24","modified_gmt":"2024-08-14T00:03:24","slug":"milei-blanqueo-su-relacion-con-yuyito-beso-en-la-boca-en-el-ex-cck","status":"publish","type":"post","link":"https:\/\/apuntesdesanluis.com\/index.php\/2024\/08\/13\/milei-blanqueo-su-relacion-con-yuyito-beso-en-la-boca-en-el-ex-cck\/","title":{"rendered":"MILEI &#8220;BLANQUE\u00d3&#8221; SU RELACI\u00d3N CON YUYITO: BESO EN LA BOCA EN EL EX CCK"},"content":{"rendered":"<h3>Con un &#8220;pico&#8221;, el Presidente oficializ\u00f3 su relaci\u00f3n con la ex vedette.<\/h3>\n<h3>El presidente Javier Milei oficializ\u00f3 este martes su relaci\u00f3n amorosa con la ex vedette Amalia &#8220;Yuyito&#8221; Gonz\u00e1lez, a quien bes\u00f3 en la boca durante una actividad en el ex CCK.<\/h3>\n<h3>Milei y Gonz\u00e1lez asistieron al Palacio Libertad, tal el nombre actual del edificio, para el acto de presentaci\u00f3n de la ley de Juicio por Jurados, que inclu\u00eda la puesta en escena de la obra teatral &#8220;La Noche del 16 de enero&#8221;.<\/h3>\n<h3>All\u00ed, antes de sentarse juntos en la primera fila, el mandatario y la actriz se dieron un beso en la boca que fue captado por las c\u00e1maras. Previamente hab\u00edan ingresado al edifico por separado, con unos 20 minutos de diferencia.<\/h3>\n<p><iframe title=\"EL PRIMER BESO DE JAVIER MILEI CON YUYITO GONZ\u00c1LEZ EN P\u00daBLICO\" width=\"640\" height=\"360\" src=\"https:\/\/www.youtube.com\/embed\/WwmUFhKug24?feature=oembed\" frameborder=\"0\" allow=\"accelerometer; autoplay; clipboard-write; encrypted-media; gyroscope; picture-in-picture; web-share\" referrerpolicy=\"strict-origin-when-cross-origin\" allowfullscreen><\/iframe><\/p>\n<h3>Seg\u00fan supo Noticias Argentinas, &#8220;Yuyito&#8221; visit\u00f3 el d\u00eda anterior al mandatario en la Quinta de Olivos y paso gran parte de la jornada del lunes acompa\u00f1\u00e1ndolo en la residencia, lo cual refleja que el v\u00ednculo entre ambos se viene estrechando.<\/h3>\n<h3>Milei y Gonz\u00e1lez ya se hab\u00edan mostrado juntos el 23 de julio pasado, cuando asistieron al Teatro Col\u00f3n para ver la \u00f3pera Carmen, de Georges Bizet.<\/h3>\n<h3>Tambi\u00e9n, la actual conductora televisiva hab\u00eda asistido en mayo pasado a la presentaci\u00f3n del \u00faltimo libro del l\u00edder libertario en el Luna Park, ocasi\u00f3n en la que Milei adem\u00e1s cant\u00f3 junto a una banda en vivo el tema de La Renga &#8220;Panic Show&#8221;.<\/h3>\n<h3>En aquella oportunidad Gonz\u00e1lez hab\u00eda sido una de las invitadas que estuvo en el camar\u00edn con el jefe de Estado, antes de que este subiera al escenario, y dispararon los primeros rumores del romance.<\/h3>\n<p><img fetchpriority=\"high\" decoding=\"async\" class=\"wp-image-20817 aligncenter\" src=\"https:\/\/apuntesdesanluis.com\/wp-content\/uploads\/2024\/08\/entrevista-yuyito-a-milei-300x176.png\" alt=\"\" width=\"748\" height=\"439\" srcset=\"https:\/\/apuntesdesanluis.com\/wp-content\/uploads\/2024\/08\/entrevista-yuyito-a-milei-300x176.png 300w, https:\/\/apuntesdesanluis.com\/wp-content\/uploads\/2024\/08\/entrevista-yuyito-a-milei.png 721w\" sizes=\"(max-width: 748px) 100vw, 748px\" \/><\/p>\n<h4 style=\"text-align: center;\"><em>La primera entrevista de Yuyito, en la que le coquete\u00f3 al presidente electo.<\/em><\/h4>\n<h3>Durante el acto de este martes en el ex CCK, el ministro\u00a0 de Justicia, Mariano C\u00faneo Libarona, present\u00f3 la ley de Juicio por Jurados, de la cual sostuvo que &#8220;se utiliza en el Reino Unido y los Estados Unidos y rige en 21 pa\u00edses de Am\u00e9rica&#8221;, mientras que destac\u00f3 que &#8220;lo propusieron grandes pensadores y toda la doctrina seria lo apoya desde hace 170 a\u00f1os, pero ac\u00e1 nunca se implement\u00f3 lo cual es inadmisible&#8221;.<\/h3>\n<h3>&#8220;Con esto vamos a cambiar parte de la Justicia&#8221;, celebr\u00f3 el funcionario, quien destac\u00f3 iniciativas del Gobierno en ese \u00e1rea, como &#8220;la nueva ley de lavado de dinero, el r\u00e9gimen penal juvenil que est\u00e1 avanzando en el Congreso, la oralidad en los juicios comerciales y una pol\u00edtica criminal nueva, con sanci\u00f3n justa y ejemplar que desaliente la comisi\u00f3n de nuevos delitos&#8221;.<\/h3>\n<h3>De la obra teatral que se iba a llevar a cabo luego, C\u00faneo Libarona dijo que &#8220;es de 1930, la reconocida escritora Ayn Rand, quien integr\u00f3 el movimiento libertario y muestra c\u00f3mo funciona el sistema acusatorio que estamos llevando a todo el pa\u00eds, con un jurado seleccionado del p\u00fablico, queremos que se vean las bondades del juicio por jurado a estamos proponiendo&#8221;.<\/h3>\n<p>&nbsp;<\/p>\n<p>&nbsp;<\/p>\n<p>&nbsp;<\/p>\n<p>&nbsp;<\/p>\n<p>&nbsp;<\/p>\n","protected":false},"excerpt":{"rendered":"<p>Con un &#8220;pico&#8221;, el Presidente oficializ\u00f3 su relaci\u00f3n con la ex vedette. El presidente Javier&#8230;<\/p>\n","protected":false},"author":1,"featured_media":20816,"comment_status":"closed","ping_status":"closed","sticky":false,"template":"","format":"standard","meta":{"footnotes":""},"categories":[5],"tags":[],"class_list":["post-20814","post","type-post","status-publish","format-standard","has-post-thumbnail","hentry","category-nacionales-internacionales"],"yoast_head":"<!-- This site is optimized with the Yoast SEO plugin v26.1.1 - https:\/\/yoast.com\/wordpress\/plugins\/seo\/ -->\n<title>MILEI &quot;BLANQUE\u00d3&quot; SU RELACI\u00d3N CON YUYITO: BESO EN LA BOCA EN EL EX CCK - Apuntes de San Luis<\/title>\n<meta name=\"robots\" content=\"index, follow, max-snippet:-1, max-image-preview:large, max-video-preview:-1\" \/>\n<link rel=\"canonical\" href=\"https:\/\/apuntesdesanluis.com\/index.php\/2024\/08\/13\/milei-blanqueo-su-relacion-con-yuyito-beso-en-la-boca-en-el-ex-cck\/\" \/>\n<meta property=\"og:locale\" content=\"es_ES\" \/>\n<meta property=\"og:type\" content=\"article\" \/>\n<meta property=\"og:title\" content=\"MILEI &quot;BLANQUE\u00d3&quot; SU RELACI\u00d3N CON YUYITO: BESO EN LA BOCA EN EL EX CCK - Apuntes de San Luis\" \/>\n<meta property=\"og:description\" content=\"Con un &#8220;pico&#8221;, el Presidente oficializ\u00f3 su relaci\u00f3n con la ex vedette. El presidente Javier...\" \/>\n<meta property=\"og:url\" content=\"https:\/\/apuntesdesanluis.com\/index.php\/2024\/08\/13\/milei-blanqueo-su-relacion-con-yuyito-beso-en-la-boca-en-el-ex-cck\/\" \/>\n<meta property=\"og:site_name\" content=\"Apuntes de San Luis\" \/>\n<meta property=\"article:published_time\" content=\"2024-08-14T00:03:24+00:00\" \/>\n<meta property=\"og:image\" content=\"https:\/\/apuntesdesanluis.com\/wp-content\/uploads\/2024\/08\/beso-de-milei.png\" \/>\n\t<meta property=\"og:image:width\" content=\"612\" \/>\n\t<meta property=\"og:image:height\" content=\"382\" \/>\n\t<meta property=\"og:image:type\" content=\"image\/png\" \/>\n<meta name=\"author\" content=\"apuntesdesanluis.com\" \/>\n<meta name=\"twitter:card\" content=\"summary_large_image\" \/>\n<meta name=\"twitter:label1\" content=\"Escrito por\" \/>\n\t<meta name=\"twitter:data1\" content=\"apuntesdesanluis.com\" \/>\n\t<meta name=\"twitter:label2\" content=\"Tiempo de lectura\" \/>\n\t<meta name=\"twitter:data2\" content=\"3 minutos\" \/>\n<script type=\"application\/ld+json\" class=\"yoast-schema-graph\">{\"@context\":\"https:\/\/schema.org\",\"@graph\":[{\"@type\":\"Article\",\"@id\":\"https:\/\/apuntesdesanluis.com\/index.php\/2024\/08\/13\/milei-blanqueo-su-relacion-con-yuyito-beso-en-la-boca-en-el-ex-cck\/#article\",\"isPartOf\":{\"@id\":\"https:\/\/apuntesdesanluis.com\/index.php\/2024\/08\/13\/milei-blanqueo-su-relacion-con-yuyito-beso-en-la-boca-en-el-ex-cck\/\"},\"author\":{\"name\":\"apuntesdesanluis.com\",\"@id\":\"https:\/\/apuntesdesanluis.com\/#\/schema\/person\/b55151d52296fcce64d1a72538a70b90\"},\"headline\":\"MILEI &#8220;BLANQUE\u00d3&#8221; SU RELACI\u00d3N CON YUYITO: BESO EN LA BOCA EN EL EX CCK\",\"datePublished\":\"2024-08-14T00:03:24+00:00\",\"mainEntityOfPage\":{\"@id\":\"https:\/\/apuntesdesanluis.com\/index.php\/2024\/08\/13\/milei-blanqueo-su-relacion-con-yuyito-beso-en-la-boca-en-el-ex-cck\/\"},\"wordCount\":534,\"publisher\":{\"@id\":\"https:\/\/apuntesdesanluis.com\/#\/schema\/person\/b55151d52296fcce64d1a72538a70b90\"},\"image\":{\"@id\":\"https:\/\/apuntesdesanluis.com\/index.php\/2024\/08\/13\/milei-blanqueo-su-relacion-con-yuyito-beso-en-la-boca-en-el-ex-cck\/#primaryimage\"},\"thumbnailUrl\":\"https:\/\/apuntesdesanluis.com\/wp-content\/uploads\/2024\/08\/beso-de-milei.png\",\"articleSection\":[\"Nacionales\/Internacionales\"],\"inLanguage\":\"es-AR\"},{\"@type\":\"WebPage\",\"@id\":\"https:\/\/apuntesdesanluis.com\/index.php\/2024\/08\/13\/milei-blanqueo-su-relacion-con-yuyito-beso-en-la-boca-en-el-ex-cck\/\",\"url\":\"https:\/\/apuntesdesanluis.com\/index.php\/2024\/08\/13\/milei-blanqueo-su-relacion-con-yuyito-beso-en-la-boca-en-el-ex-cck\/\",\"name\":\"MILEI \\\"BLANQUE\u00d3\\\" SU RELACI\u00d3N CON YUYITO: BESO EN LA BOCA EN EL EX CCK - Apuntes de San Luis\",\"isPartOf\":{\"@id\":\"https:\/\/apuntesdesanluis.com\/#website\"},\"primaryImageOfPage\":{\"@id\":\"https:\/\/apuntesdesanluis.com\/index.php\/2024\/08\/13\/milei-blanqueo-su-relacion-con-yuyito-beso-en-la-boca-en-el-ex-cck\/#primaryimage\"},\"image\":{\"@id\":\"https:\/\/apuntesdesanluis.com\/index.php\/2024\/08\/13\/milei-blanqueo-su-relacion-con-yuyito-beso-en-la-boca-en-el-ex-cck\/#primaryimage\"},\"thumbnailUrl\":\"https:\/\/apuntesdesanluis.com\/wp-content\/uploads\/2024\/08\/beso-de-milei.png\",\"datePublished\":\"2024-08-14T00:03:24+00:00\",\"breadcrumb\":{\"@id\":\"https:\/\/apuntesdesanluis.com\/index.php\/2024\/08\/13\/milei-blanqueo-su-relacion-con-yuyito-beso-en-la-boca-en-el-ex-cck\/#breadcrumb\"},\"inLanguage\":\"es-AR\",\"potentialAction\":[{\"@type\":\"ReadAction\",\"target\":[\"https:\/\/apuntesdesanluis.com\/index.php\/2024\/08\/13\/milei-blanqueo-su-relacion-con-yuyito-beso-en-la-boca-en-el-ex-cck\/\"]}]},{\"@type\":\"ImageObject\",\"inLanguage\":\"es-AR\",\"@id\":\"https:\/\/apuntesdesanluis.com\/index.php\/2024\/08\/13\/milei-blanqueo-su-relacion-con-yuyito-beso-en-la-boca-en-el-ex-cck\/#primaryimage\",\"url\":\"https:\/\/apuntesdesanluis.com\/wp-content\/uploads\/2024\/08\/beso-de-milei.png\",\"contentUrl\":\"https:\/\/apuntesdesanluis.com\/wp-content\/uploads\/2024\/08\/beso-de-milei.png\",\"width\":612,\"height\":382},{\"@type\":\"BreadcrumbList\",\"@id\":\"https:\/\/apuntesdesanluis.com\/index.php\/2024\/08\/13\/milei-blanqueo-su-relacion-con-yuyito-beso-en-la-boca-en-el-ex-cck\/#breadcrumb\",\"itemListElement\":[{\"@type\":\"ListItem\",\"position\":1,\"name\":\"Inicio\",\"item\":\"https:\/\/apuntesdesanluis.com\/\"},{\"@type\":\"ListItem\",\"position\":2,\"name\":\"MILEI &#8220;BLANQUE\u00d3&#8221; SU RELACI\u00d3N CON YUYITO: BESO EN LA BOCA EN EL EX CCK\"}]},{\"@type\":\"WebSite\",\"@id\":\"https:\/\/apuntesdesanluis.com\/#website\",\"url\":\"https:\/\/apuntesdesanluis.com\/\",\"name\":\"Apuntes de San Luis\",\"description\":\"\",\"publisher\":{\"@id\":\"https:\/\/apuntesdesanluis.com\/#\/schema\/person\/b55151d52296fcce64d1a72538a70b90\"},\"potentialAction\":[{\"@type\":\"SearchAction\",\"target\":{\"@type\":\"EntryPoint\",\"urlTemplate\":\"https:\/\/apuntesdesanluis.com\/?s={search_term_string}\"},\"query-input\":{\"@type\":\"PropertyValueSpecification\",\"valueRequired\":true,\"valueName\":\"search_term_string\"}}],\"inLanguage\":\"es-AR\"},{\"@type\":[\"Person\",\"Organization\"],\"@id\":\"https:\/\/apuntesdesanluis.com\/#\/schema\/person\/b55151d52296fcce64d1a72538a70b90\",\"name\":\"apuntesdesanluis.com\",\"image\":{\"@type\":\"ImageObject\",\"inLanguage\":\"es-AR\",\"@id\":\"https:\/\/apuntesdesanluis.com\/#\/schema\/person\/image\/\",\"url\":\"https:\/\/apuntesdesanluis.com\/wp-content\/uploads\/2023\/07\/cropped-apuntesdesanluis.png\",\"contentUrl\":\"https:\/\/apuntesdesanluis.com\/wp-content\/uploads\/2023\/07\/cropped-apuntesdesanluis.png\",\"width\":450,\"height\":112,\"caption\":\"apuntesdesanluis.com\"},\"logo\":{\"@id\":\"https:\/\/apuntesdesanluis.com\/#\/schema\/person\/image\/\"},\"sameAs\":[\"https:\/\/apuntesdesanluis.com\"],\"url\":\"https:\/\/apuntesdesanluis.com\/index.php\/author\/apuntesdesanluis-com\/\"}]}<\/script>\n<!-- \/ Yoast SEO plugin. -->","yoast_head_json":{"title":"MILEI \"BLANQUE\u00d3\" SU RELACI\u00d3N CON YUYITO: BESO EN LA BOCA EN EL EX CCK - Apuntes de San Luis","robots":{"index":"index","follow":"follow","max-snippet":"max-snippet:-1","max-image-preview":"max-image-preview:large","max-video-preview":"max-video-preview:-1"},"canonical":"https:\/\/apuntesdesanluis.com\/index.php\/2024\/08\/13\/milei-blanqueo-su-relacion-con-yuyito-beso-en-la-boca-en-el-ex-cck\/","og_locale":"es_ES","og_type":"article","og_title":"MILEI \"BLANQUE\u00d3\" SU RELACI\u00d3N CON YUYITO: BESO EN LA BOCA EN EL EX CCK - Apuntes de San Luis","og_description":"Con un &#8220;pico&#8221;, el Presidente oficializ\u00f3 su relaci\u00f3n con la ex vedette. El presidente Javier...","og_url":"https:\/\/apuntesdesanluis.com\/index.php\/2024\/08\/13\/milei-blanqueo-su-relacion-con-yuyito-beso-en-la-boca-en-el-ex-cck\/","og_site_name":"Apuntes de San Luis","article_published_time":"2024-08-14T00:03:24+00:00","og_image":[{"width":612,"height":382,"url":"https:\/\/apuntesdesanluis.com\/wp-content\/uploads\/2024\/08\/beso-de-milei.png","type":"image\/png"}],"author":"apuntesdesanluis.com","twitter_card":"summary_large_image","twitter_misc":{"Escrito por":"apuntesdesanluis.com","Tiempo de lectura":"3 minutos"},"schema":{"@context":"https:\/\/schema.org","@graph":[{"@type":"Article","@id":"https:\/\/apuntesdesanluis.com\/index.php\/2024\/08\/13\/milei-blanqueo-su-relacion-con-yuyito-beso-en-la-boca-en-el-ex-cck\/#article","isPartOf":{"@id":"https:\/\/apuntesdesanluis.com\/index.php\/2024\/08\/13\/milei-blanqueo-su-relacion-con-yuyito-beso-en-la-boca-en-el-ex-cck\/"},"author":{"name":"apuntesdesanluis.com","@id":"https:\/\/apuntesdesanluis.com\/#\/schema\/person\/b55151d52296fcce64d1a72538a70b90"},"headline":"MILEI &#8220;BLANQUE\u00d3&#8221; SU RELACI\u00d3N CON YUYITO: BESO EN LA BOCA EN EL EX CCK","datePublished":"2024-08-14T00:03:24+00:00","mainEntityOfPage":{"@id":"https:\/\/apuntesdesanluis.com\/index.php\/2024\/08\/13\/milei-blanqueo-su-relacion-con-yuyito-beso-en-la-boca-en-el-ex-cck\/"},"wordCount":534,"publisher":{"@id":"https:\/\/apuntesdesanluis.com\/#\/schema\/person\/b55151d52296fcce64d1a72538a70b90"},"image":{"@id":"https:\/\/apuntesdesanluis.com\/index.php\/2024\/08\/13\/milei-blanqueo-su-relacion-con-yuyito-beso-en-la-boca-en-el-ex-cck\/#primaryimage"},"thumbnailUrl":"https:\/\/apuntesdesanluis.com\/wp-content\/uploads\/2024\/08\/beso-de-milei.png","articleSection":["Nacionales\/Internacionales"],"inLanguage":"es-AR"},{"@type":"WebPage","@id":"https:\/\/apuntesdesanluis.com\/index.php\/2024\/08\/13\/milei-blanqueo-su-relacion-con-yuyito-beso-en-la-boca-en-el-ex-cck\/","url":"https:\/\/apuntesdesanluis.com\/index.php\/2024\/08\/13\/milei-blanqueo-su-relacion-con-yuyito-beso-en-la-boca-en-el-ex-cck\/","name":"MILEI \"BLANQUE\u00d3\" SU RELACI\u00d3N CON YUYITO: BESO EN LA BOCA EN EL EX CCK - Apuntes de San Luis","isPartOf":{"@id":"https:\/\/apuntesdesanluis.com\/#website"},"primaryImageOfPage":{"@id":"https:\/\/apuntesdesanluis.com\/index.php\/2024\/08\/13\/milei-blanqueo-su-relacion-con-yuyito-beso-en-la-boca-en-el-ex-cck\/#primaryimage"},"image":{"@id":"https:\/\/apuntesdesanluis.com\/index.php\/2024\/08\/13\/milei-blanqueo-su-relacion-con-yuyito-beso-en-la-boca-en-el-ex-cck\/#primaryimage"},"thumbnailUrl":"https:\/\/apuntesdesanluis.com\/wp-content\/uploads\/2024\/08\/beso-de-milei.png","datePublished":"2024-08-14T00:03:24+00:00","breadcrumb":{"@id":"https:\/\/apuntesdesanluis.com\/index.php\/2024\/08\/13\/milei-blanqueo-su-relacion-con-yuyito-beso-en-la-boca-en-el-ex-cck\/#breadcrumb"},"inLanguage":"es-AR","potentialAction":[{"@type":"ReadAction","target":["https:\/\/apuntesdesanluis.com\/index.php\/2024\/08\/13\/milei-blanqueo-su-relacion-con-yuyito-beso-en-la-boca-en-el-ex-cck\/"]}]},{"@type":"ImageObject","inLanguage":"es-AR","@id":"https:\/\/apuntesdesanluis.com\/index.php\/2024\/08\/13\/milei-blanqueo-su-relacion-con-yuyito-beso-en-la-boca-en-el-ex-cck\/#primaryimage","url":"https:\/\/apuntesdesanluis.com\/wp-content\/uploads\/2024\/08\/beso-de-milei.png","contentUrl":"https:\/\/apuntesdesanluis.com\/wp-content\/uploads\/2024\/08\/beso-de-milei.png","width":612,"height":382},{"@type":"BreadcrumbList","@id":"https:\/\/apuntesdesanluis.com\/index.php\/2024\/08\/13\/milei-blanqueo-su-relacion-con-yuyito-beso-en-la-boca-en-el-ex-cck\/#breadcrumb","itemListElement":[{"@type":"ListItem","position":1,"name":"Inicio","item":"https:\/\/apuntesdesanluis.com\/"},{"@type":"ListItem","position":2,"name":"MILEI &#8220;BLANQUE\u00d3&#8221; SU RELACI\u00d3N CON YUYITO: BESO EN LA BOCA EN EL EX CCK"}]},{"@type":"WebSite","@id":"https:\/\/apuntesdesanluis.com\/#website","url":"https:\/\/apuntesdesanluis.com\/","name":"Apuntes de San Luis","description":"","publisher":{"@id":"https:\/\/apuntesdesanluis.com\/#\/schema\/person\/b55151d52296fcce64d1a72538a70b90"},"potentialAction":[{"@type":"SearchAction","target":{"@type":"EntryPoint","urlTemplate":"https:\/\/apuntesdesanluis.com\/?s={search_term_string}"},"query-input":{"@type":"PropertyValueSpecification","valueRequired":true,"valueName":"search_term_string"}}],"inLanguage":"es-AR"},{"@type":["Person","Organization"],"@id":"https:\/\/apuntesdesanluis.com\/#\/schema\/person\/b55151d52296fcce64d1a72538a70b90","name":"apuntesdesanluis.com","image":{"@type":"ImageObject","inLanguage":"es-AR","@id":"https:\/\/apuntesdesanluis.com\/#\/schema\/person\/image\/","url":"https:\/\/apuntesdesanluis.com\/wp-content\/uploads\/2023\/07\/cropped-apuntesdesanluis.png","contentUrl":"https:\/\/apuntesdesanluis.com\/wp-content\/uploads\/2023\/07\/cropped-apuntesdesanluis.png","width":450,"height":112,"caption":"apuntesdesanluis.com"},"logo":{"@id":"https:\/\/apuntesdesanluis.com\/#\/schema\/person\/image\/"},"sameAs":["https:\/\/apuntesdesanluis.com"],"url":"https:\/\/apuntesdesanluis.com\/index.php\/author\/apuntesdesanluis-com\/"}]}},"featured_image_urls":{"full":["https:\/\/apuntesdesanluis.com\/wp-content\/uploads\/2024\/08\/beso-de-milei.png",612,382,false],"thumbnail":["https:\/\/apuntesdesanluis.com\/wp-content\/uploads\/2024\/08\/beso-de-milei-150x150.png",150,150,true],"medium":["https:\/\/apuntesdesanluis.com\/wp-content\/uploads\/2024\/08\/beso-de-milei-300x187.png",300,187,true],"medium_large":["https:\/\/apuntesdesanluis.com\/wp-content\/uploads\/2024\/08\/beso-de-milei.png",612,382,false],"large":["https:\/\/apuntesdesanluis.com\/wp-content\/uploads\/2024\/08\/beso-de-milei.png",612,382,false],"1536x1536":["https:\/\/apuntesdesanluis.com\/wp-content\/uploads\/2024\/08\/beso-de-milei.png",612,382,false],"2048x2048":["https:\/\/apuntesdesanluis.com\/wp-content\/uploads\/2024\/08\/beso-de-milei.png",612,382,false],"newsever-slider-full":["https:\/\/apuntesdesanluis.com\/wp-content\/uploads\/2024\/08\/beso-de-milei.png",612,382,false],"newsever-featured":["https:\/\/apuntesdesanluis.com\/wp-content\/uploads\/2024\/08\/beso-de-milei.png",612,382,false],"newsever-medium":["https:\/\/apuntesdesanluis.com\/wp-content\/uploads\/2024\/08\/beso-de-milei.png",612,382,false]},"author_info":{"display_name":"apuntesdesanluis.com","author_link":"https:\/\/apuntesdesanluis.com\/index.php\/author\/apuntesdesanluis-com\/"},"category_info":"<a href=\"https:\/\/apuntesdesanluis.com\/index.php\/category\/nacionales-internacionales\/\" rel=\"category tag\">Nacionales\/Internacionales<\/a>","tag_info":"Nacionales\/Internacionales","comment_count":"0","_links":{"self":[{"href":"https:\/\/apuntesdesanluis.com\/index.php\/wp-json\/wp\/v2\/posts\/20814","targetHints":{"allow":["GET"]}}],"collection":[{"href":"https:\/\/apuntesdesanluis.com\/index.php\/wp-json\/wp\/v2\/posts"}],"about":[{"href":"https:\/\/apuntesdesanluis.com\/index.php\/wp-json\/wp\/v2\/types\/post"}],"author":[{"embeddable":true,"href":"https:\/\/apuntesdesanluis.com\/index.php\/wp-json\/wp\/v2\/users\/1"}],"replies":[{"embeddable":true,"href":"https:\/\/apuntesdesanluis.com\/index.php\/wp-json\/wp\/v2\/comments?post=20814"}],"version-history":[{"count":1,"href":"https:\/\/apuntesdesanluis.com\/index.php\/wp-json\/wp\/v2\/posts\/20814\/revisions"}],"predecessor-version":[{"id":20818,"href":"https:\/\/apuntesdesanluis.com\/index.php\/wp-json\/wp\/v2\/posts\/20814\/revisions\/20818"}],"wp:featuredmedia":[{"embeddable":true,"href":"https:\/\/apuntesdesanluis.com\/index.php\/wp-json\/wp\/v2\/media\/20816"}],"wp:attachment":[{"href":"https:\/\/apuntesdesanluis.com\/index.php\/wp-json\/wp\/v2\/media?parent=20814"}],"wp:term":[{"taxonomy":"category","embeddable":true,"href":"https:\/\/apuntesdesanluis.com\/index.php\/wp-json\/wp\/v2\/categories?post=20814"},{"taxonomy":"post_tag","embeddable":true,"href":"https:\/\/apuntesdesanluis.com\/index.php\/wp-json\/wp\/v2\/tags?post=20814"}],"curies":[{"name":"wp","href":"https:\/\/api.w.org\/{rel}","templated":true}]}}