{"id":20823,"date":"2024-08-13T22:36:42","date_gmt":"2024-08-14T01:36:42","guid":{"rendered":"https:\/\/apuntesdesanluis.com\/?p=20823"},"modified":"2024-08-14T16:00:54","modified_gmt":"2024-08-14T19:00:54","slug":"frontera-desafia-a-su-mentor-se-postulara-para-la-presidencia-del-pj","status":"publish","type":"post","link":"https:\/\/apuntesdesanluis.com\/index.php\/2024\/08\/13\/frontera-desafia-a-su-mentor-se-postulara-para-la-presidencia-del-pj\/","title":{"rendered":"FRONTERA DESAF\u00cdA A SU MENTOR: SE POSTULAR\u00c1 PARA LA PRESIDENCIA DEL PJ"},"content":{"rendered":"<h3>Despu\u00e9s de una &#8220;profunda reflexi\u00f3n&#8221; y tras recorrer la provincia para evaluar el sentimiento de la dirigencia justicialista, el intendente de Villa Mercedes, <strong>Maximiliano Frontera<\/strong>, ha decidido dar un paso audaz: desafiar al ex gobernador <strong>Alberto Rodr\u00edguez Sa\u00e1<\/strong> en las pr\u00f3ximas elecciones internas del Partido Justicialista (PJ).<\/h3>\n<h3>&#8220;Maxi&#8221; comienza a despejar la duda que lo acompa\u00f1\u00f3 en el \u00faltimo a\u00f1o: se postular\u00e1 para la presidencia del PJ, marcando una nueva etapa en la pol\u00edtica puntana.<\/h3>\n<h3>En una reciente declaraci\u00f3n ante <strong>Sanluis24.com.ar<\/strong>, Frontera confirm\u00f3 su candidatura y subray\u00f3 su intenci\u00f3n de presentar una alternativa fresca dentro del peronismo: \u201cVoy a ser candidato y seremos una nueva opci\u00f3n dentro del PJ\u201d, destac\u00f3.<\/h3>\n<h3>Este movimiento es interpretado como una ruptura significativa con su mentor, Alberto Rodr\u00edguez Sa\u00e1, quien preside la Lista Celeste Unidad y desde el diario que dirige se entretiene criticando todos los d\u00edas la gesti\u00f3n del villamercedino.<\/h3>\n<p><iframe title=\"Frontera ser\u00e1 candidato a presidente del PJ y enfrentar\u00e1 a Alberto Rodr\u00edguez Sa\u00e1\" width=\"640\" height=\"360\" src=\"https:\/\/www.youtube.com\/embed\/zWnqmUXeycY?feature=oembed\" frameborder=\"0\" allow=\"accelerometer; autoplay; clipboard-write; encrypted-media; gyroscope; picture-in-picture; web-share\" referrerpolicy=\"strict-origin-when-cross-origin\" allowfullscreen><\/iframe><\/p>\n<h3>La presidenta del Partido Justicialista de San Luis, <strong>Mar\u00eda Ang\u00e9lica Torrontegui<\/strong>, hab\u00eda anunciado la convocatoria para las elecciones que definir\u00e1n a las nuevas autoridades partidarias, programadas para el 24 de noviembre, dado que los mandatos actuales terminan el 1 de diciembre.<\/h3>\n<h3>Frontera hizo este anuncio a los pocos d\u00edas del acto organizado por la <strong>Lista Celeste Unidad<\/strong> en la sede de la calle H\u00e9roes de Malvinas, donde Rodr\u00edguez Sa\u00e1 tambi\u00e9n anunci\u00f3 su intenci\u00f3n de participar en los comicios internos. Sin embargo, Frontera critic\u00f3 la falta de convocatoria a su sector para este evento y cuestion\u00f3 la legitimidad de las decisiones tomadas en ese \u00e1mbito: \u201cFue una convocatoria por un sector, la Celeste Unidad, y se tomaron decisiones, como convocar a las elecciones y determinar las reglas de juego\u201d, critic\u00f3.<\/h3>\n<h3>El intendente mercedino expres\u00f3 su desacuerdo con la gesti\u00f3n actual del PJ, argumentando que el Consejo Provincial deber\u00eda ser el encargado de la convocatoria y no un solo sector. A pesar de no haber sido invitado a participar en el acto de la Lista Celeste Unidad, Frontera asegur\u00f3 que su equipo est\u00e1 trabajando para presentar una lista y competir en la interna del partido.<\/h3>\n<h3>\u201cNosotros no hemos sido convocados, se tomaron decisiones y no estamos de acuerdo con la postura que (las autoridades actuales del PJ) est\u00e1n tomando\u201d, remarc\u00f3, y critic\u00f3 que, por ejemplo, desde el medio que dirige el propio Rodr\u00edguez Sa\u00e1 \u201cme siguen pegando a m\u00ed en lo personal y a muchos otros compa\u00f1eros\u2026 eso de convocar en el marco de la unidad, de la fuerza, de las convicciones, se cae\u201d.<\/h3>\n<h3>Y concluy\u00f3: \u201cLos resultados electorales no es que no nos acompa\u00f1aron en la \u00faltima elecci\u00f3n, sino en otras elecciones tambi\u00e9n. Esto amerita un cambio en la forma de hacer pol\u00edtica; siempre se acostumbr\u00f3 una sola lista, consenso, levantar la mano\u201d, cuestion\u00f3.<\/h3>\n<h3>\u201cVamos a participar como una nueva corriente peronista. Hemos comprendido el mensaje de la gente, estamos dispuestos a hacer autocr\u00edtica y sabemos que el PJ, tanto a nivel nacional como provincial, est\u00e1 en una situaci\u00f3n cr\u00edtica\u201d, agreg\u00f3 Frontera.<\/h3>\n<h3>Con este desaf\u00edo, Maximiliano Frontera busca revitalizar el peronismo en San Luis y ofrecer una alternativa que rompa la hegemon\u00eda partidaria del r\u00e9gimen que comenzaron en 1983 los hermanos Rodr\u00edguez Sa\u00e1.<\/h3>\n<h3>\u201cNo estamos en contra de nadie, sino a favor de nuestro partido. Entendemos que se impone una renovaci\u00f3n y muchos compa\u00f1eros est\u00e1n esperando justamente que surja una alternativa, que es lo que estamos construyendo. Vamos a convocar a todos aquellos que quieren un cambio y una conducci\u00f3n democr\u00e1tica, que no impone por la fuerza sino a partir de la b\u00fasqueda de consensos&#8221;, adelant\u00f3.<\/h3>\n<h3>Finalmente, reiter\u00f3 su vocaci\u00f3n de participar en la contienda electoral dentro de poco m\u00e1s de tres meses. &#8220;S\u00f3lo esperamos que haya reglas de juego claras y no trampas\u201d, advirti\u00f3.<\/h3>\n<p>&nbsp;<\/p>\n<p>&nbsp;<\/p>\n<p>&nbsp;<\/p>\n<p>&nbsp;<\/p>\n<p>&nbsp;<\/p>\n<p>&nbsp;<\/p>\n<h3><\/h3>\n<h3><\/h3>\n<h3><\/h3>\n<h3><\/h3>\n","protected":false},"excerpt":{"rendered":"<p>Despu\u00e9s de una &#8220;profunda reflexi\u00f3n&#8221; y tras recorrer la provincia para evaluar el sentimiento de&#8230;<\/p>\n","protected":false},"author":1,"featured_media":20824,"comment_status":"closed","ping_status":"closed","sticky":false,"template":"","format":"standard","meta":{"footnotes":""},"categories":[9],"tags":[],"class_list":["post-20823","post","type-post","status-publish","format-standard","has-post-thumbnail","hentry","category-opinion"],"yoast_head":"<!-- This site is optimized with the Yoast SEO plugin v26.1.1 - https:\/\/yoast.com\/wordpress\/plugins\/seo\/ -->\n<title>FRONTERA DESAF\u00cdA A SU MENTOR: SE POSTULAR\u00c1 PARA LA PRESIDENCIA DEL PJ - Apuntes de San Luis<\/title>\n<meta name=\"robots\" content=\"index, follow, max-snippet:-1, max-image-preview:large, max-video-preview:-1\" \/>\n<link rel=\"canonical\" href=\"https:\/\/apuntesdesanluis.com\/index.php\/2024\/08\/13\/frontera-desafia-a-su-mentor-se-postulara-para-la-presidencia-del-pj\/\" \/>\n<meta property=\"og:locale\" content=\"es_ES\" \/>\n<meta property=\"og:type\" content=\"article\" \/>\n<meta property=\"og:title\" content=\"FRONTERA DESAF\u00cdA A SU MENTOR: SE POSTULAR\u00c1 PARA LA PRESIDENCIA DEL PJ - Apuntes de San Luis\" \/>\n<meta property=\"og:description\" content=\"Despu\u00e9s de una &#8220;profunda reflexi\u00f3n&#8221; y tras recorrer la provincia para evaluar el sentimiento de...\" \/>\n<meta property=\"og:url\" content=\"https:\/\/apuntesdesanluis.com\/index.php\/2024\/08\/13\/frontera-desafia-a-su-mentor-se-postulara-para-la-presidencia-del-pj\/\" \/>\n<meta property=\"og:site_name\" content=\"Apuntes de San Luis\" \/>\n<meta property=\"article:published_time\" content=\"2024-08-14T01:36:42+00:00\" \/>\n<meta property=\"article:modified_time\" content=\"2024-08-14T19:00:54+00:00\" \/>\n<meta property=\"og:image\" content=\"https:\/\/apuntesdesanluis.com\/wp-content\/uploads\/2024\/08\/frontera.jpg\" \/>\n\t<meta property=\"og:image:width\" content=\"750\" \/>\n\t<meta property=\"og:image:height\" content=\"420\" \/>\n\t<meta property=\"og:image:type\" content=\"image\/jpeg\" \/>\n<meta name=\"author\" content=\"apuntesdesanluis.com\" \/>\n<meta name=\"twitter:card\" content=\"summary_large_image\" \/>\n<meta name=\"twitter:label1\" content=\"Escrito por\" \/>\n\t<meta name=\"twitter:data1\" content=\"apuntesdesanluis.com\" \/>\n\t<meta name=\"twitter:label2\" content=\"Tiempo de lectura\" \/>\n\t<meta name=\"twitter:data2\" content=\"4 minutos\" \/>\n<script type=\"application\/ld+json\" class=\"yoast-schema-graph\">{\"@context\":\"https:\/\/schema.org\",\"@graph\":[{\"@type\":\"Article\",\"@id\":\"https:\/\/apuntesdesanluis.com\/index.php\/2024\/08\/13\/frontera-desafia-a-su-mentor-se-postulara-para-la-presidencia-del-pj\/#article\",\"isPartOf\":{\"@id\":\"https:\/\/apuntesdesanluis.com\/index.php\/2024\/08\/13\/frontera-desafia-a-su-mentor-se-postulara-para-la-presidencia-del-pj\/\"},\"author\":{\"name\":\"apuntesdesanluis.com\",\"@id\":\"https:\/\/apuntesdesanluis.com\/#\/schema\/person\/b55151d52296fcce64d1a72538a70b90\"},\"headline\":\"FRONTERA DESAF\u00cdA A SU MENTOR: SE POSTULAR\u00c1 PARA LA PRESIDENCIA DEL PJ\",\"datePublished\":\"2024-08-14T01:36:42+00:00\",\"dateModified\":\"2024-08-14T19:00:54+00:00\",\"mainEntityOfPage\":{\"@id\":\"https:\/\/apuntesdesanluis.com\/index.php\/2024\/08\/13\/frontera-desafia-a-su-mentor-se-postulara-para-la-presidencia-del-pj\/\"},\"wordCount\":680,\"publisher\":{\"@id\":\"https:\/\/apuntesdesanluis.com\/#\/schema\/person\/b55151d52296fcce64d1a72538a70b90\"},\"image\":{\"@id\":\"https:\/\/apuntesdesanluis.com\/index.php\/2024\/08\/13\/frontera-desafia-a-su-mentor-se-postulara-para-la-presidencia-del-pj\/#primaryimage\"},\"thumbnailUrl\":\"https:\/\/apuntesdesanluis.com\/wp-content\/uploads\/2024\/08\/frontera.jpg\",\"articleSection\":[\"Opini\u00f3n\"],\"inLanguage\":\"es-AR\"},{\"@type\":\"WebPage\",\"@id\":\"https:\/\/apuntesdesanluis.com\/index.php\/2024\/08\/13\/frontera-desafia-a-su-mentor-se-postulara-para-la-presidencia-del-pj\/\",\"url\":\"https:\/\/apuntesdesanluis.com\/index.php\/2024\/08\/13\/frontera-desafia-a-su-mentor-se-postulara-para-la-presidencia-del-pj\/\",\"name\":\"FRONTERA DESAF\u00cdA A SU MENTOR: SE POSTULAR\u00c1 PARA LA PRESIDENCIA DEL PJ - Apuntes de San Luis\",\"isPartOf\":{\"@id\":\"https:\/\/apuntesdesanluis.com\/#website\"},\"primaryImageOfPage\":{\"@id\":\"https:\/\/apuntesdesanluis.com\/index.php\/2024\/08\/13\/frontera-desafia-a-su-mentor-se-postulara-para-la-presidencia-del-pj\/#primaryimage\"},\"image\":{\"@id\":\"https:\/\/apuntesdesanluis.com\/index.php\/2024\/08\/13\/frontera-desafia-a-su-mentor-se-postulara-para-la-presidencia-del-pj\/#primaryimage\"},\"thumbnailUrl\":\"https:\/\/apuntesdesanluis.com\/wp-content\/uploads\/2024\/08\/frontera.jpg\",\"datePublished\":\"2024-08-14T01:36:42+00:00\",\"dateModified\":\"2024-08-14T19:00:54+00:00\",\"breadcrumb\":{\"@id\":\"https:\/\/apuntesdesanluis.com\/index.php\/2024\/08\/13\/frontera-desafia-a-su-mentor-se-postulara-para-la-presidencia-del-pj\/#breadcrumb\"},\"inLanguage\":\"es-AR\",\"potentialAction\":[{\"@type\":\"ReadAction\",\"target\":[\"https:\/\/apuntesdesanluis.com\/index.php\/2024\/08\/13\/frontera-desafia-a-su-mentor-se-postulara-para-la-presidencia-del-pj\/\"]}]},{\"@type\":\"ImageObject\",\"inLanguage\":\"es-AR\",\"@id\":\"https:\/\/apuntesdesanluis.com\/index.php\/2024\/08\/13\/frontera-desafia-a-su-mentor-se-postulara-para-la-presidencia-del-pj\/#primaryimage\",\"url\":\"https:\/\/apuntesdesanluis.com\/wp-content\/uploads\/2024\/08\/frontera.jpg\",\"contentUrl\":\"https:\/\/apuntesdesanluis.com\/wp-content\/uploads\/2024\/08\/frontera.jpg\",\"width\":750,\"height\":420},{\"@type\":\"BreadcrumbList\",\"@id\":\"https:\/\/apuntesdesanluis.com\/index.php\/2024\/08\/13\/frontera-desafia-a-su-mentor-se-postulara-para-la-presidencia-del-pj\/#breadcrumb\",\"itemListElement\":[{\"@type\":\"ListItem\",\"position\":1,\"name\":\"Inicio\",\"item\":\"https:\/\/apuntesdesanluis.com\/\"},{\"@type\":\"ListItem\",\"position\":2,\"name\":\"FRONTERA DESAF\u00cdA A SU MENTOR: SE POSTULAR\u00c1 PARA LA PRESIDENCIA DEL PJ\"}]},{\"@type\":\"WebSite\",\"@id\":\"https:\/\/apuntesdesanluis.com\/#website\",\"url\":\"https:\/\/apuntesdesanluis.com\/\",\"name\":\"Apuntes de San Luis\",\"description\":\"\",\"publisher\":{\"@id\":\"https:\/\/apuntesdesanluis.com\/#\/schema\/person\/b55151d52296fcce64d1a72538a70b90\"},\"potentialAction\":[{\"@type\":\"SearchAction\",\"target\":{\"@type\":\"EntryPoint\",\"urlTemplate\":\"https:\/\/apuntesdesanluis.com\/?s={search_term_string}\"},\"query-input\":{\"@type\":\"PropertyValueSpecification\",\"valueRequired\":true,\"valueName\":\"search_term_string\"}}],\"inLanguage\":\"es-AR\"},{\"@type\":[\"Person\",\"Organization\"],\"@id\":\"https:\/\/apuntesdesanluis.com\/#\/schema\/person\/b55151d52296fcce64d1a72538a70b90\",\"name\":\"apuntesdesanluis.com\",\"image\":{\"@type\":\"ImageObject\",\"inLanguage\":\"es-AR\",\"@id\":\"https:\/\/apuntesdesanluis.com\/#\/schema\/person\/image\/\",\"url\":\"https:\/\/apuntesdesanluis.com\/wp-content\/uploads\/2023\/07\/cropped-apuntesdesanluis.png\",\"contentUrl\":\"https:\/\/apuntesdesanluis.com\/wp-content\/uploads\/2023\/07\/cropped-apuntesdesanluis.png\",\"width\":450,\"height\":112,\"caption\":\"apuntesdesanluis.com\"},\"logo\":{\"@id\":\"https:\/\/apuntesdesanluis.com\/#\/schema\/person\/image\/\"},\"sameAs\":[\"https:\/\/apuntesdesanluis.com\"],\"url\":\"https:\/\/apuntesdesanluis.com\/index.php\/author\/apuntesdesanluis-com\/\"}]}<\/script>\n<!-- \/ Yoast SEO plugin. -->","yoast_head_json":{"title":"FRONTERA DESAF\u00cdA A SU MENTOR: SE POSTULAR\u00c1 PARA LA PRESIDENCIA DEL PJ - Apuntes de San Luis","robots":{"index":"index","follow":"follow","max-snippet":"max-snippet:-1","max-image-preview":"max-image-preview:large","max-video-preview":"max-video-preview:-1"},"canonical":"https:\/\/apuntesdesanluis.com\/index.php\/2024\/08\/13\/frontera-desafia-a-su-mentor-se-postulara-para-la-presidencia-del-pj\/","og_locale":"es_ES","og_type":"article","og_title":"FRONTERA DESAF\u00cdA A SU MENTOR: SE POSTULAR\u00c1 PARA LA PRESIDENCIA DEL PJ - Apuntes de San Luis","og_description":"Despu\u00e9s de una &#8220;profunda reflexi\u00f3n&#8221; y tras recorrer la provincia para evaluar el sentimiento de...","og_url":"https:\/\/apuntesdesanluis.com\/index.php\/2024\/08\/13\/frontera-desafia-a-su-mentor-se-postulara-para-la-presidencia-del-pj\/","og_site_name":"Apuntes de San Luis","article_published_time":"2024-08-14T01:36:42+00:00","article_modified_time":"2024-08-14T19:00:54+00:00","og_image":[{"width":750,"height":420,"url":"https:\/\/apuntesdesanluis.com\/wp-content\/uploads\/2024\/08\/frontera.jpg","type":"image\/jpeg"}],"author":"apuntesdesanluis.com","twitter_card":"summary_large_image","twitter_misc":{"Escrito por":"apuntesdesanluis.com","Tiempo de lectura":"4 minutos"},"schema":{"@context":"https:\/\/schema.org","@graph":[{"@type":"Article","@id":"https:\/\/apuntesdesanluis.com\/index.php\/2024\/08\/13\/frontera-desafia-a-su-mentor-se-postulara-para-la-presidencia-del-pj\/#article","isPartOf":{"@id":"https:\/\/apuntesdesanluis.com\/index.php\/2024\/08\/13\/frontera-desafia-a-su-mentor-se-postulara-para-la-presidencia-del-pj\/"},"author":{"name":"apuntesdesanluis.com","@id":"https:\/\/apuntesdesanluis.com\/#\/schema\/person\/b55151d52296fcce64d1a72538a70b90"},"headline":"FRONTERA DESAF\u00cdA A SU MENTOR: SE POSTULAR\u00c1 PARA LA PRESIDENCIA DEL PJ","datePublished":"2024-08-14T01:36:42+00:00","dateModified":"2024-08-14T19:00:54+00:00","mainEntityOfPage":{"@id":"https:\/\/apuntesdesanluis.com\/index.php\/2024\/08\/13\/frontera-desafia-a-su-mentor-se-postulara-para-la-presidencia-del-pj\/"},"wordCount":680,"publisher":{"@id":"https:\/\/apuntesdesanluis.com\/#\/schema\/person\/b55151d52296fcce64d1a72538a70b90"},"image":{"@id":"https:\/\/apuntesdesanluis.com\/index.php\/2024\/08\/13\/frontera-desafia-a-su-mentor-se-postulara-para-la-presidencia-del-pj\/#primaryimage"},"thumbnailUrl":"https:\/\/apuntesdesanluis.com\/wp-content\/uploads\/2024\/08\/frontera.jpg","articleSection":["Opini\u00f3n"],"inLanguage":"es-AR"},{"@type":"WebPage","@id":"https:\/\/apuntesdesanluis.com\/index.php\/2024\/08\/13\/frontera-desafia-a-su-mentor-se-postulara-para-la-presidencia-del-pj\/","url":"https:\/\/apuntesdesanluis.com\/index.php\/2024\/08\/13\/frontera-desafia-a-su-mentor-se-postulara-para-la-presidencia-del-pj\/","name":"FRONTERA DESAF\u00cdA A SU MENTOR: SE POSTULAR\u00c1 PARA LA PRESIDENCIA DEL PJ - Apuntes de San Luis","isPartOf":{"@id":"https:\/\/apuntesdesanluis.com\/#website"},"primaryImageOfPage":{"@id":"https:\/\/apuntesdesanluis.com\/index.php\/2024\/08\/13\/frontera-desafia-a-su-mentor-se-postulara-para-la-presidencia-del-pj\/#primaryimage"},"image":{"@id":"https:\/\/apuntesdesanluis.com\/index.php\/2024\/08\/13\/frontera-desafia-a-su-mentor-se-postulara-para-la-presidencia-del-pj\/#primaryimage"},"thumbnailUrl":"https:\/\/apuntesdesanluis.com\/wp-content\/uploads\/2024\/08\/frontera.jpg","datePublished":"2024-08-14T01:36:42+00:00","dateModified":"2024-08-14T19:00:54+00:00","breadcrumb":{"@id":"https:\/\/apuntesdesanluis.com\/index.php\/2024\/08\/13\/frontera-desafia-a-su-mentor-se-postulara-para-la-presidencia-del-pj\/#breadcrumb"},"inLanguage":"es-AR","potentialAction":[{"@type":"ReadAction","target":["https:\/\/apuntesdesanluis.com\/index.php\/2024\/08\/13\/frontera-desafia-a-su-mentor-se-postulara-para-la-presidencia-del-pj\/"]}]},{"@type":"ImageObject","inLanguage":"es-AR","@id":"https:\/\/apuntesdesanluis.com\/index.php\/2024\/08\/13\/frontera-desafia-a-su-mentor-se-postulara-para-la-presidencia-del-pj\/#primaryimage","url":"https:\/\/apuntesdesanluis.com\/wp-content\/uploads\/2024\/08\/frontera.jpg","contentUrl":"https:\/\/apuntesdesanluis.com\/wp-content\/uploads\/2024\/08\/frontera.jpg","width":750,"height":420},{"@type":"BreadcrumbList","@id":"https:\/\/apuntesdesanluis.com\/index.php\/2024\/08\/13\/frontera-desafia-a-su-mentor-se-postulara-para-la-presidencia-del-pj\/#breadcrumb","itemListElement":[{"@type":"ListItem","position":1,"name":"Inicio","item":"https:\/\/apuntesdesanluis.com\/"},{"@type":"ListItem","position":2,"name":"FRONTERA DESAF\u00cdA A SU MENTOR: SE POSTULAR\u00c1 PARA LA PRESIDENCIA DEL PJ"}]},{"@type":"WebSite","@id":"https:\/\/apuntesdesanluis.com\/#website","url":"https:\/\/apuntesdesanluis.com\/","name":"Apuntes de San Luis","description":"","publisher":{"@id":"https:\/\/apuntesdesanluis.com\/#\/schema\/person\/b55151d52296fcce64d1a72538a70b90"},"potentialAction":[{"@type":"SearchAction","target":{"@type":"EntryPoint","urlTemplate":"https:\/\/apuntesdesanluis.com\/?s={search_term_string}"},"query-input":{"@type":"PropertyValueSpecification","valueRequired":true,"valueName":"search_term_string"}}],"inLanguage":"es-AR"},{"@type":["Person","Organization"],"@id":"https:\/\/apuntesdesanluis.com\/#\/schema\/person\/b55151d52296fcce64d1a72538a70b90","name":"apuntesdesanluis.com","image":{"@type":"ImageObject","inLanguage":"es-AR","@id":"https:\/\/apuntesdesanluis.com\/#\/schema\/person\/image\/","url":"https:\/\/apuntesdesanluis.com\/wp-content\/uploads\/2023\/07\/cropped-apuntesdesanluis.png","contentUrl":"https:\/\/apuntesdesanluis.com\/wp-content\/uploads\/2023\/07\/cropped-apuntesdesanluis.png","width":450,"height":112,"caption":"apuntesdesanluis.com"},"logo":{"@id":"https:\/\/apuntesdesanluis.com\/#\/schema\/person\/image\/"},"sameAs":["https:\/\/apuntesdesanluis.com"],"url":"https:\/\/apuntesdesanluis.com\/index.php\/author\/apuntesdesanluis-com\/"}]}},"featured_image_urls":{"full":["https:\/\/apuntesdesanluis.com\/wp-content\/uploads\/2024\/08\/frontera.jpg",750,420,false],"thumbnail":["https:\/\/apuntesdesanluis.com\/wp-content\/uploads\/2024\/08\/frontera-150x150.jpg",150,150,true],"medium":["https:\/\/apuntesdesanluis.com\/wp-content\/uploads\/2024\/08\/frontera-300x168.jpg",300,168,true],"medium_large":["https:\/\/apuntesdesanluis.com\/wp-content\/uploads\/2024\/08\/frontera.jpg",640,358,false],"large":["https:\/\/apuntesdesanluis.com\/wp-content\/uploads\/2024\/08\/frontera.jpg",640,358,false],"1536x1536":["https:\/\/apuntesdesanluis.com\/wp-content\/uploads\/2024\/08\/frontera.jpg",750,420,false],"2048x2048":["https:\/\/apuntesdesanluis.com\/wp-content\/uploads\/2024\/08\/frontera.jpg",750,420,false],"newsever-slider-full":["https:\/\/apuntesdesanluis.com\/wp-content\/uploads\/2024\/08\/frontera.jpg",750,420,false],"newsever-featured":["https:\/\/apuntesdesanluis.com\/wp-content\/uploads\/2024\/08\/frontera.jpg",750,420,false],"newsever-medium":["https:\/\/apuntesdesanluis.com\/wp-content\/uploads\/2024\/08\/frontera-720x420.jpg",720,420,true]},"author_info":{"display_name":"apuntesdesanluis.com","author_link":"https:\/\/apuntesdesanluis.com\/index.php\/author\/apuntesdesanluis-com\/"},"category_info":"<a href=\"https:\/\/apuntesdesanluis.com\/index.php\/category\/opinion\/\" rel=\"category tag\">Opini\u00f3n<\/a>","tag_info":"Opini\u00f3n","comment_count":"0","_links":{"self":[{"href":"https:\/\/apuntesdesanluis.com\/index.php\/wp-json\/wp\/v2\/posts\/20823","targetHints":{"allow":["GET"]}}],"collection":[{"href":"https:\/\/apuntesdesanluis.com\/index.php\/wp-json\/wp\/v2\/posts"}],"about":[{"href":"https:\/\/apuntesdesanluis.com\/index.php\/wp-json\/wp\/v2\/types\/post"}],"author":[{"embeddable":true,"href":"https:\/\/apuntesdesanluis.com\/index.php\/wp-json\/wp\/v2\/users\/1"}],"replies":[{"embeddable":true,"href":"https:\/\/apuntesdesanluis.com\/index.php\/wp-json\/wp\/v2\/comments?post=20823"}],"version-history":[{"count":4,"href":"https:\/\/apuntesdesanluis.com\/index.php\/wp-json\/wp\/v2\/posts\/20823\/revisions"}],"predecessor-version":[{"id":20836,"href":"https:\/\/apuntesdesanluis.com\/index.php\/wp-json\/wp\/v2\/posts\/20823\/revisions\/20836"}],"wp:featuredmedia":[{"embeddable":true,"href":"https:\/\/apuntesdesanluis.com\/index.php\/wp-json\/wp\/v2\/media\/20824"}],"wp:attachment":[{"href":"https:\/\/apuntesdesanluis.com\/index.php\/wp-json\/wp\/v2\/media?parent=20823"}],"wp:term":[{"taxonomy":"category","embeddable":true,"href":"https:\/\/apuntesdesanluis.com\/index.php\/wp-json\/wp\/v2\/categories?post=20823"},{"taxonomy":"post_tag","embeddable":true,"href":"https:\/\/apuntesdesanluis.com\/index.php\/wp-json\/wp\/v2\/tags?post=20823"}],"curies":[{"name":"wp","href":"https:\/\/api.w.org\/{rel}","templated":true}]}}