{"id":20828,"date":"2024-08-14T15:28:02","date_gmt":"2024-08-14T18:28:02","guid":{"rendered":"https:\/\/apuntesdesanluis.com\/?p=20828"},"modified":"2024-08-14T15:29:26","modified_gmt":"2024-08-14T18:29:26","slug":"teresa-nigra-asume-este-jueves-como-nueva-ministra-de-salud","status":"publish","type":"post","link":"https:\/\/apuntesdesanluis.com\/index.php\/2024\/08\/14\/teresa-nigra-asume-este-jueves-como-nueva-ministra-de-salud\/","title":{"rendered":"TERESA NIGRA ASUME ESTE JUEVES COMO NUEVA MINISTRA DE SALUD"},"content":{"rendered":"<h3>La actual directora de DOSEP jurar\u00e1 al frente de la cartera de Salud en reemplazo de <strong>Claudia Spagnuolo<\/strong>, quien asumir\u00e1 otras responsabilidades relevantes dentro del mismo ministerio.<\/h3>\n<h3><strong>Teresa Nigra<\/strong> posee una importante experiencia en la gesti\u00f3n de la salud p\u00fablica. Adem\u00e1s de ser la m\u00e1xima autoridad de la obra social del Estado, estuvo en Laboratorios Puntanos y tambi\u00e9n fue ministra de Salud en per\u00edodos anteriores.<\/h3>\n<h3>Por su parte Spagnuolo pasar\u00e1 a un cargo en el que potenciar\u00e1 la atenci\u00f3n primaria de la salud y la pol\u00edtica de prevenci\u00f3n y combate contra el dengue.<\/h3>\n<h3>La asunci\u00f3n de Nigra se producir\u00e1 este jueves a las 18:00, en un acto en el Sal\u00f3n Blanco, en el cual le tomar\u00e1 juramento el gobernador Claudio Poggi.<\/h3>\n<h4 style=\"text-align: center;\"><img fetchpriority=\"high\" decoding=\"async\" class=\"wp-image-15986 aligncenter\" src=\"https:\/\/apuntesdesanluis.com\/wp-content\/uploads\/2024\/05\/claudia-spagnuolo-300x150.png\" alt=\"\" width=\"652\" height=\"326\" srcset=\"https:\/\/apuntesdesanluis.com\/wp-content\/uploads\/2024\/05\/claudia-spagnuolo-300x150.png 300w, https:\/\/apuntesdesanluis.com\/wp-content\/uploads\/2024\/05\/claudia-spagnuolo.png 497w\" sizes=\"(max-width: 652px) 100vw, 652px\" \/><\/h4>\n<h4 style=\"text-align: center;\"><em>Claudia Spagnuolo.<\/em><\/h4>\n<h3>El cambio en la titularidad del Ministerio de Salud se ven\u00eda rumoreando desde hace semanas, a partir del resquebrajamiento en las relaciones con APTS y ATSA, los gremios m\u00e1s importantes que nuclean a los profesionales de la salud, y las quejas por el funcionamiento de algunos centros asistenciales en cuanto a la atenci\u00f3n y las carencias en insumos, entre otros aspectos.<\/h3>\n<h3>A Claudia Spagnuolo se la valora por su dedicaci\u00f3n y honestidad, aunque puertas adentro de Terrazas le facturan &#8220;falta de mu\u00f1eca&#8221; para manejar las relaciones con los gremios, perfil pol\u00edtico que nunca exhibi\u00f3. Por esa raz\u00f3n es que continuar\u00e1 dentro de la estructrura de gesti\u00f3n, pasando a ocupar un rol netamente t\u00e9cnico dentro mismo del Ministerio de Salud.<\/h3>\n<p>&nbsp;<\/p>\n<p>&nbsp;<\/p>\n<p>&nbsp;<\/p>\n<p>&nbsp;<\/p>\n<p>&nbsp;<\/p>\n<p>&nbsp;<\/p>\n<p>&nbsp;<\/p>\n","protected":false},"excerpt":{"rendered":"<p>La actual directora de DOSEP jurar\u00e1 al frente de la cartera de Salud en reemplazo&#8230;<\/p>\n","protected":false},"author":1,"featured_media":20829,"comment_status":"closed","ping_status":"closed","sticky":false,"template":"","format":"standard","meta":{"footnotes":""},"categories":[6],"tags":[],"class_list":["post-20828","post","type-post","status-publish","format-standard","has-post-thumbnail","hentry","category-ciudad-provincia"],"yoast_head":"<!-- This site is optimized with the Yoast SEO plugin v26.1.1 - https:\/\/yoast.com\/wordpress\/plugins\/seo\/ -->\n<title>TERESA NIGRA ASUME ESTE JUEVES COMO NUEVA MINISTRA DE SALUD - Apuntes de San Luis<\/title>\n<meta name=\"robots\" content=\"index, follow, max-snippet:-1, max-image-preview:large, max-video-preview:-1\" \/>\n<link rel=\"canonical\" href=\"https:\/\/apuntesdesanluis.com\/index.php\/2024\/08\/14\/teresa-nigra-asume-este-jueves-como-nueva-ministra-de-salud\/\" \/>\n<meta property=\"og:locale\" content=\"es_ES\" \/>\n<meta property=\"og:type\" content=\"article\" \/>\n<meta property=\"og:title\" content=\"TERESA NIGRA ASUME ESTE JUEVES COMO NUEVA MINISTRA DE SALUD - Apuntes de San Luis\" \/>\n<meta property=\"og:description\" content=\"La actual directora de DOSEP jurar\u00e1 al frente de la cartera de Salud en reemplazo...\" \/>\n<meta property=\"og:url\" content=\"https:\/\/apuntesdesanluis.com\/index.php\/2024\/08\/14\/teresa-nigra-asume-este-jueves-como-nueva-ministra-de-salud\/\" \/>\n<meta property=\"og:site_name\" content=\"Apuntes de San Luis\" \/>\n<meta property=\"article:published_time\" content=\"2024-08-14T18:28:02+00:00\" \/>\n<meta property=\"article:modified_time\" content=\"2024-08-14T18:29:26+00:00\" \/>\n<meta property=\"og:image\" content=\"https:\/\/apuntesdesanluis.com\/wp-content\/uploads\/2024\/08\/teresa-nigra.png\" \/>\n\t<meta property=\"og:image:width\" content=\"700\" \/>\n\t<meta property=\"og:image:height\" content=\"407\" \/>\n\t<meta property=\"og:image:type\" content=\"image\/png\" \/>\n<meta name=\"author\" content=\"apuntesdesanluis.com\" \/>\n<meta name=\"twitter:card\" content=\"summary_large_image\" \/>\n<meta name=\"twitter:label1\" content=\"Escrito por\" \/>\n\t<meta name=\"twitter:data1\" content=\"apuntesdesanluis.com\" \/>\n\t<meta name=\"twitter:label2\" content=\"Tiempo de lectura\" \/>\n\t<meta name=\"twitter:data2\" content=\"2 minutos\" \/>\n<script type=\"application\/ld+json\" class=\"yoast-schema-graph\">{\"@context\":\"https:\/\/schema.org\",\"@graph\":[{\"@type\":\"Article\",\"@id\":\"https:\/\/apuntesdesanluis.com\/index.php\/2024\/08\/14\/teresa-nigra-asume-este-jueves-como-nueva-ministra-de-salud\/#article\",\"isPartOf\":{\"@id\":\"https:\/\/apuntesdesanluis.com\/index.php\/2024\/08\/14\/teresa-nigra-asume-este-jueves-como-nueva-ministra-de-salud\/\"},\"author\":{\"name\":\"apuntesdesanluis.com\",\"@id\":\"https:\/\/apuntesdesanluis.com\/#\/schema\/person\/b55151d52296fcce64d1a72538a70b90\"},\"headline\":\"TERESA NIGRA ASUME ESTE JUEVES COMO NUEVA MINISTRA DE SALUD\",\"datePublished\":\"2024-08-14T18:28:02+00:00\",\"dateModified\":\"2024-08-14T18:29:26+00:00\",\"mainEntityOfPage\":{\"@id\":\"https:\/\/apuntesdesanluis.com\/index.php\/2024\/08\/14\/teresa-nigra-asume-este-jueves-como-nueva-ministra-de-salud\/\"},\"wordCount\":278,\"publisher\":{\"@id\":\"https:\/\/apuntesdesanluis.com\/#\/schema\/person\/b55151d52296fcce64d1a72538a70b90\"},\"image\":{\"@id\":\"https:\/\/apuntesdesanluis.com\/index.php\/2024\/08\/14\/teresa-nigra-asume-este-jueves-como-nueva-ministra-de-salud\/#primaryimage\"},\"thumbnailUrl\":\"https:\/\/apuntesdesanluis.com\/wp-content\/uploads\/2024\/08\/teresa-nigra.png\",\"articleSection\":[\"Ciudad\/Provincia\"],\"inLanguage\":\"es-AR\"},{\"@type\":\"WebPage\",\"@id\":\"https:\/\/apuntesdesanluis.com\/index.php\/2024\/08\/14\/teresa-nigra-asume-este-jueves-como-nueva-ministra-de-salud\/\",\"url\":\"https:\/\/apuntesdesanluis.com\/index.php\/2024\/08\/14\/teresa-nigra-asume-este-jueves-como-nueva-ministra-de-salud\/\",\"name\":\"TERESA NIGRA ASUME ESTE JUEVES COMO NUEVA MINISTRA DE SALUD - Apuntes de San Luis\",\"isPartOf\":{\"@id\":\"https:\/\/apuntesdesanluis.com\/#website\"},\"primaryImageOfPage\":{\"@id\":\"https:\/\/apuntesdesanluis.com\/index.php\/2024\/08\/14\/teresa-nigra-asume-este-jueves-como-nueva-ministra-de-salud\/#primaryimage\"},\"image\":{\"@id\":\"https:\/\/apuntesdesanluis.com\/index.php\/2024\/08\/14\/teresa-nigra-asume-este-jueves-como-nueva-ministra-de-salud\/#primaryimage\"},\"thumbnailUrl\":\"https:\/\/apuntesdesanluis.com\/wp-content\/uploads\/2024\/08\/teresa-nigra.png\",\"datePublished\":\"2024-08-14T18:28:02+00:00\",\"dateModified\":\"2024-08-14T18:29:26+00:00\",\"breadcrumb\":{\"@id\":\"https:\/\/apuntesdesanluis.com\/index.php\/2024\/08\/14\/teresa-nigra-asume-este-jueves-como-nueva-ministra-de-salud\/#breadcrumb\"},\"inLanguage\":\"es-AR\",\"potentialAction\":[{\"@type\":\"ReadAction\",\"target\":[\"https:\/\/apuntesdesanluis.com\/index.php\/2024\/08\/14\/teresa-nigra-asume-este-jueves-como-nueva-ministra-de-salud\/\"]}]},{\"@type\":\"ImageObject\",\"inLanguage\":\"es-AR\",\"@id\":\"https:\/\/apuntesdesanluis.com\/index.php\/2024\/08\/14\/teresa-nigra-asume-este-jueves-como-nueva-ministra-de-salud\/#primaryimage\",\"url\":\"https:\/\/apuntesdesanluis.com\/wp-content\/uploads\/2024\/08\/teresa-nigra.png\",\"contentUrl\":\"https:\/\/apuntesdesanluis.com\/wp-content\/uploads\/2024\/08\/teresa-nigra.png\",\"width\":700,\"height\":407},{\"@type\":\"BreadcrumbList\",\"@id\":\"https:\/\/apuntesdesanluis.com\/index.php\/2024\/08\/14\/teresa-nigra-asume-este-jueves-como-nueva-ministra-de-salud\/#breadcrumb\",\"itemListElement\":[{\"@type\":\"ListItem\",\"position\":1,\"name\":\"Inicio\",\"item\":\"https:\/\/apuntesdesanluis.com\/\"},{\"@type\":\"ListItem\",\"position\":2,\"name\":\"TERESA NIGRA ASUME ESTE JUEVES COMO NUEVA MINISTRA DE SALUD\"}]},{\"@type\":\"WebSite\",\"@id\":\"https:\/\/apuntesdesanluis.com\/#website\",\"url\":\"https:\/\/apuntesdesanluis.com\/\",\"name\":\"Apuntes de San Luis\",\"description\":\"\",\"publisher\":{\"@id\":\"https:\/\/apuntesdesanluis.com\/#\/schema\/person\/b55151d52296fcce64d1a72538a70b90\"},\"potentialAction\":[{\"@type\":\"SearchAction\",\"target\":{\"@type\":\"EntryPoint\",\"urlTemplate\":\"https:\/\/apuntesdesanluis.com\/?s={search_term_string}\"},\"query-input\":{\"@type\":\"PropertyValueSpecification\",\"valueRequired\":true,\"valueName\":\"search_term_string\"}}],\"inLanguage\":\"es-AR\"},{\"@type\":[\"Person\",\"Organization\"],\"@id\":\"https:\/\/apuntesdesanluis.com\/#\/schema\/person\/b55151d52296fcce64d1a72538a70b90\",\"name\":\"apuntesdesanluis.com\",\"image\":{\"@type\":\"ImageObject\",\"inLanguage\":\"es-AR\",\"@id\":\"https:\/\/apuntesdesanluis.com\/#\/schema\/person\/image\/\",\"url\":\"https:\/\/apuntesdesanluis.com\/wp-content\/uploads\/2023\/07\/cropped-apuntesdesanluis.png\",\"contentUrl\":\"https:\/\/apuntesdesanluis.com\/wp-content\/uploads\/2023\/07\/cropped-apuntesdesanluis.png\",\"width\":450,\"height\":112,\"caption\":\"apuntesdesanluis.com\"},\"logo\":{\"@id\":\"https:\/\/apuntesdesanluis.com\/#\/schema\/person\/image\/\"},\"sameAs\":[\"https:\/\/apuntesdesanluis.com\"],\"url\":\"https:\/\/apuntesdesanluis.com\/index.php\/author\/apuntesdesanluis-com\/\"}]}<\/script>\n<!-- \/ Yoast SEO plugin. -->","yoast_head_json":{"title":"TERESA NIGRA ASUME ESTE JUEVES COMO NUEVA MINISTRA DE SALUD - Apuntes de San Luis","robots":{"index":"index","follow":"follow","max-snippet":"max-snippet:-1","max-image-preview":"max-image-preview:large","max-video-preview":"max-video-preview:-1"},"canonical":"https:\/\/apuntesdesanluis.com\/index.php\/2024\/08\/14\/teresa-nigra-asume-este-jueves-como-nueva-ministra-de-salud\/","og_locale":"es_ES","og_type":"article","og_title":"TERESA NIGRA ASUME ESTE JUEVES COMO NUEVA MINISTRA DE SALUD - Apuntes de San Luis","og_description":"La actual directora de DOSEP jurar\u00e1 al frente de la cartera de Salud en reemplazo...","og_url":"https:\/\/apuntesdesanluis.com\/index.php\/2024\/08\/14\/teresa-nigra-asume-este-jueves-como-nueva-ministra-de-salud\/","og_site_name":"Apuntes de San Luis","article_published_time":"2024-08-14T18:28:02+00:00","article_modified_time":"2024-08-14T18:29:26+00:00","og_image":[{"width":700,"height":407,"url":"https:\/\/apuntesdesanluis.com\/wp-content\/uploads\/2024\/08\/teresa-nigra.png","type":"image\/png"}],"author":"apuntesdesanluis.com","twitter_card":"summary_large_image","twitter_misc":{"Escrito por":"apuntesdesanluis.com","Tiempo de lectura":"2 minutos"},"schema":{"@context":"https:\/\/schema.org","@graph":[{"@type":"Article","@id":"https:\/\/apuntesdesanluis.com\/index.php\/2024\/08\/14\/teresa-nigra-asume-este-jueves-como-nueva-ministra-de-salud\/#article","isPartOf":{"@id":"https:\/\/apuntesdesanluis.com\/index.php\/2024\/08\/14\/teresa-nigra-asume-este-jueves-como-nueva-ministra-de-salud\/"},"author":{"name":"apuntesdesanluis.com","@id":"https:\/\/apuntesdesanluis.com\/#\/schema\/person\/b55151d52296fcce64d1a72538a70b90"},"headline":"TERESA NIGRA ASUME ESTE JUEVES COMO NUEVA MINISTRA DE SALUD","datePublished":"2024-08-14T18:28:02+00:00","dateModified":"2024-08-14T18:29:26+00:00","mainEntityOfPage":{"@id":"https:\/\/apuntesdesanluis.com\/index.php\/2024\/08\/14\/teresa-nigra-asume-este-jueves-como-nueva-ministra-de-salud\/"},"wordCount":278,"publisher":{"@id":"https:\/\/apuntesdesanluis.com\/#\/schema\/person\/b55151d52296fcce64d1a72538a70b90"},"image":{"@id":"https:\/\/apuntesdesanluis.com\/index.php\/2024\/08\/14\/teresa-nigra-asume-este-jueves-como-nueva-ministra-de-salud\/#primaryimage"},"thumbnailUrl":"https:\/\/apuntesdesanluis.com\/wp-content\/uploads\/2024\/08\/teresa-nigra.png","articleSection":["Ciudad\/Provincia"],"inLanguage":"es-AR"},{"@type":"WebPage","@id":"https:\/\/apuntesdesanluis.com\/index.php\/2024\/08\/14\/teresa-nigra-asume-este-jueves-como-nueva-ministra-de-salud\/","url":"https:\/\/apuntesdesanluis.com\/index.php\/2024\/08\/14\/teresa-nigra-asume-este-jueves-como-nueva-ministra-de-salud\/","name":"TERESA NIGRA ASUME ESTE JUEVES COMO NUEVA MINISTRA DE SALUD - Apuntes de San Luis","isPartOf":{"@id":"https:\/\/apuntesdesanluis.com\/#website"},"primaryImageOfPage":{"@id":"https:\/\/apuntesdesanluis.com\/index.php\/2024\/08\/14\/teresa-nigra-asume-este-jueves-como-nueva-ministra-de-salud\/#primaryimage"},"image":{"@id":"https:\/\/apuntesdesanluis.com\/index.php\/2024\/08\/14\/teresa-nigra-asume-este-jueves-como-nueva-ministra-de-salud\/#primaryimage"},"thumbnailUrl":"https:\/\/apuntesdesanluis.com\/wp-content\/uploads\/2024\/08\/teresa-nigra.png","datePublished":"2024-08-14T18:28:02+00:00","dateModified":"2024-08-14T18:29:26+00:00","breadcrumb":{"@id":"https:\/\/apuntesdesanluis.com\/index.php\/2024\/08\/14\/teresa-nigra-asume-este-jueves-como-nueva-ministra-de-salud\/#breadcrumb"},"inLanguage":"es-AR","potentialAction":[{"@type":"ReadAction","target":["https:\/\/apuntesdesanluis.com\/index.php\/2024\/08\/14\/teresa-nigra-asume-este-jueves-como-nueva-ministra-de-salud\/"]}]},{"@type":"ImageObject","inLanguage":"es-AR","@id":"https:\/\/apuntesdesanluis.com\/index.php\/2024\/08\/14\/teresa-nigra-asume-este-jueves-como-nueva-ministra-de-salud\/#primaryimage","url":"https:\/\/apuntesdesanluis.com\/wp-content\/uploads\/2024\/08\/teresa-nigra.png","contentUrl":"https:\/\/apuntesdesanluis.com\/wp-content\/uploads\/2024\/08\/teresa-nigra.png","width":700,"height":407},{"@type":"BreadcrumbList","@id":"https:\/\/apuntesdesanluis.com\/index.php\/2024\/08\/14\/teresa-nigra-asume-este-jueves-como-nueva-ministra-de-salud\/#breadcrumb","itemListElement":[{"@type":"ListItem","position":1,"name":"Inicio","item":"https:\/\/apuntesdesanluis.com\/"},{"@type":"ListItem","position":2,"name":"TERESA NIGRA ASUME ESTE JUEVES COMO NUEVA MINISTRA DE SALUD"}]},{"@type":"WebSite","@id":"https:\/\/apuntesdesanluis.com\/#website","url":"https:\/\/apuntesdesanluis.com\/","name":"Apuntes de San Luis","description":"","publisher":{"@id":"https:\/\/apuntesdesanluis.com\/#\/schema\/person\/b55151d52296fcce64d1a72538a70b90"},"potentialAction":[{"@type":"SearchAction","target":{"@type":"EntryPoint","urlTemplate":"https:\/\/apuntesdesanluis.com\/?s={search_term_string}"},"query-input":{"@type":"PropertyValueSpecification","valueRequired":true,"valueName":"search_term_string"}}],"inLanguage":"es-AR"},{"@type":["Person","Organization"],"@id":"https:\/\/apuntesdesanluis.com\/#\/schema\/person\/b55151d52296fcce64d1a72538a70b90","name":"apuntesdesanluis.com","image":{"@type":"ImageObject","inLanguage":"es-AR","@id":"https:\/\/apuntesdesanluis.com\/#\/schema\/person\/image\/","url":"https:\/\/apuntesdesanluis.com\/wp-content\/uploads\/2023\/07\/cropped-apuntesdesanluis.png","contentUrl":"https:\/\/apuntesdesanluis.com\/wp-content\/uploads\/2023\/07\/cropped-apuntesdesanluis.png","width":450,"height":112,"caption":"apuntesdesanluis.com"},"logo":{"@id":"https:\/\/apuntesdesanluis.com\/#\/schema\/person\/image\/"},"sameAs":["https:\/\/apuntesdesanluis.com"],"url":"https:\/\/apuntesdesanluis.com\/index.php\/author\/apuntesdesanluis-com\/"}]}},"featured_image_urls":{"full":["https:\/\/apuntesdesanluis.com\/wp-content\/uploads\/2024\/08\/teresa-nigra.png",700,407,false],"thumbnail":["https:\/\/apuntesdesanluis.com\/wp-content\/uploads\/2024\/08\/teresa-nigra-150x150.png",150,150,true],"medium":["https:\/\/apuntesdesanluis.com\/wp-content\/uploads\/2024\/08\/teresa-nigra-300x174.png",300,174,true],"medium_large":["https:\/\/apuntesdesanluis.com\/wp-content\/uploads\/2024\/08\/teresa-nigra.png",640,372,false],"large":["https:\/\/apuntesdesanluis.com\/wp-content\/uploads\/2024\/08\/teresa-nigra.png",640,372,false],"1536x1536":["https:\/\/apuntesdesanluis.com\/wp-content\/uploads\/2024\/08\/teresa-nigra.png",700,407,false],"2048x2048":["https:\/\/apuntesdesanluis.com\/wp-content\/uploads\/2024\/08\/teresa-nigra.png",700,407,false],"newsever-slider-full":["https:\/\/apuntesdesanluis.com\/wp-content\/uploads\/2024\/08\/teresa-nigra.png",700,407,false],"newsever-featured":["https:\/\/apuntesdesanluis.com\/wp-content\/uploads\/2024\/08\/teresa-nigra.png",700,407,false],"newsever-medium":["https:\/\/apuntesdesanluis.com\/wp-content\/uploads\/2024\/08\/teresa-nigra.png",700,407,false]},"author_info":{"display_name":"apuntesdesanluis.com","author_link":"https:\/\/apuntesdesanluis.com\/index.php\/author\/apuntesdesanluis-com\/"},"category_info":"<a href=\"https:\/\/apuntesdesanluis.com\/index.php\/category\/ciudad-provincia\/\" rel=\"category tag\">Ciudad\/Provincia<\/a>","tag_info":"Ciudad\/Provincia","comment_count":"0","_links":{"self":[{"href":"https:\/\/apuntesdesanluis.com\/index.php\/wp-json\/wp\/v2\/posts\/20828","targetHints":{"allow":["GET"]}}],"collection":[{"href":"https:\/\/apuntesdesanluis.com\/index.php\/wp-json\/wp\/v2\/posts"}],"about":[{"href":"https:\/\/apuntesdesanluis.com\/index.php\/wp-json\/wp\/v2\/types\/post"}],"author":[{"embeddable":true,"href":"https:\/\/apuntesdesanluis.com\/index.php\/wp-json\/wp\/v2\/users\/1"}],"replies":[{"embeddable":true,"href":"https:\/\/apuntesdesanluis.com\/index.php\/wp-json\/wp\/v2\/comments?post=20828"}],"version-history":[{"count":3,"href":"https:\/\/apuntesdesanluis.com\/index.php\/wp-json\/wp\/v2\/posts\/20828\/revisions"}],"predecessor-version":[{"id":20832,"href":"https:\/\/apuntesdesanluis.com\/index.php\/wp-json\/wp\/v2\/posts\/20828\/revisions\/20832"}],"wp:featuredmedia":[{"embeddable":true,"href":"https:\/\/apuntesdesanluis.com\/index.php\/wp-json\/wp\/v2\/media\/20829"}],"wp:attachment":[{"href":"https:\/\/apuntesdesanluis.com\/index.php\/wp-json\/wp\/v2\/media?parent=20828"}],"wp:term":[{"taxonomy":"category","embeddable":true,"href":"https:\/\/apuntesdesanluis.com\/index.php\/wp-json\/wp\/v2\/categories?post=20828"},{"taxonomy":"post_tag","embeddable":true,"href":"https:\/\/apuntesdesanluis.com\/index.php\/wp-json\/wp\/v2\/tags?post=20828"}],"curies":[{"name":"wp","href":"https:\/\/api.w.org\/{rel}","templated":true}]}}