{"id":20837,"date":"2024-08-14T18:50:36","date_gmt":"2024-08-14T21:50:36","guid":{"rendered":"https:\/\/apuntesdesanluis.com\/?p=20837"},"modified":"2024-08-14T18:59:04","modified_gmt":"2024-08-14T21:59:04","slug":"el-proyecto-que-elevo-el-poder-judicial-para-alcanzar-su-plena-autonomia","status":"publish","type":"post","link":"https:\/\/apuntesdesanluis.com\/index.php\/2024\/08\/14\/el-proyecto-que-elevo-el-poder-judicial-para-alcanzar-su-plena-autonomia\/","title":{"rendered":"EL PROYECTO QUE ELEV\u00d3 EL PODER JUDICIAL PARA ALCANZAR SU PLENA AUTONOM\u00cdA"},"content":{"rendered":"<h3>Entre sus considerandos,\u00a0el Alto Cuerpo Judicial consider\u00f3 que &#8220;<strong>existen limitantes normativas, presupuestarias y funcionales que obstruyen la efectiva vigencia de la independencia del Poder Judicial que garantiza, en forma expresa, la Constituci\u00f3n de la Provincia<\/strong>&#8220;. Tras definir como &#8220;insuficientes los recursos presupuestados&#8221; para 2024, exhibe una tabla de los ingresos que percibe el personal que se desempe\u00f1a en la justicia, donde consta que <strong>casi el 50% se encuentra en niveles inferiores al costo de la canasta b\u00e1sica ($873.169)<\/strong>.<\/h3>\n<h3>Compara tambi\u00e9n la remuneraci\u00f3n establecida en San Luis para un juez de C\u00e1mara con 20 a\u00f1os de antig\u00fcedad (apenas poco m\u00e1s de $2.000.000), lo cual ubica a la provincia muy por debajo de la media nacional ($4.488.370); apenas por encima de Santiago del Estero y La Rioja.<\/h3>\n<h3>A los fines de hacer efectivo el fortalecimiento de la autonom\u00eda financiera, que es el fundamento de toda reforma y modernizaci\u00f3n del Poder Judicial, el art\u00edculo 1\u00b0 del proyecto propuesto incorpora como financiamiento del servicio de justicia \u201cEl CINCO POR CIENTO (5%) de la totalidad de Fondos de Coparticipaci\u00f3n Federal que perciba la Provincia de San Luis. La Ley de Presupuesto Anual incrementar\u00e1 dicho porcentaje si las necesidades funcionales del Poder Judicial de la Provincia as\u00ed lo exigen\u201d.<\/h3>\n<h3>As\u00ed lo dio a conocer el <strong>Superior Tribunal de Justicia<\/strong> en su sitio web, en referencia a la propuesta presentada d\u00edas atr\u00e1s al ante el Vicegobernador, Dr. <strong>Ricardo Endeiza<\/strong>, en el que se expone una cruda radiograf\u00eda del estado actual del Poder Judicial en cuanto al presupuesto del que dispone.<\/h3>\n<h3>Se trata del <strong>Proyecto de Ley de Fortalecimiento de la Autonom\u00eda financiera, econ\u00f3mica y funcional del Poder Judicial de la Provincia de San Luis<\/strong>, de conformidad a lo establecido por los Art\u00edculos 192, 198, 218 y concordantes de la Constituci\u00f3n de la Provincia y Arts. 5, 31 y concordantes de la Constituci\u00f3n Nacional.<\/h3>\n<h3>Asimismo, con el objeto de transparentar las asignaciones de recursos, el articulo 2\u00b0 dispone que \u201cLa Tesorer\u00eda General de la Provincia transferir\u00e1 autom\u00e1ticamente, en forma diaria, a una cuenta espec\u00edfica del Poder Judicial, el monto de los fondos de Coparticipaci\u00f3n Federal\u2026\u201d.<\/h3>\n<h3><strong>FUNDAMENTOS DEL PROYECTO\u00a0<\/strong><\/h3>\n<h3>En los apartados del presente proyecto, el Alto Cuerpo Judicial consider\u00f3 que existen limitantes normativas, presupuestarias y funcionales que obstruyen la efectiva vigencia de la independencia del Poder Judicial que garantiza, en forma expresa, la Constituci\u00f3n de la Provincia:<\/h3>\n<h3 style=\"text-align: center;\"><strong>\u201cEl Poder Judicial tiene todo el imperio necesario para mantener su inviolabilidad funcional e independencia de los otros Poderes del Estado\u201d Art 198 C.P.\u00a0\u00a0\u00a0\u00a0\u00a0\u00a0\u00a0\u00a0<\/strong><\/h3>\n<h3 style=\"text-align: center;\"><strong>\u201cLa ley puede organizar un sistema de percepci\u00f3n de grav\u00e1menes por el propio Poder Judicial, tendiente a acordarle plena autonom\u00eda financiera, econ\u00f3mica y funcional\u201d Art 218 C.P.<\/strong><\/h3>\n<h3>Asimismo, tampoco se cumple con la previsi\u00f3n del Art. 192 del referido texto constitucional que prescribe en forma expresa que\u2026<\/h3>\n<h3 style=\"text-align: center;\"><strong>\u201cLos magistrados judiciales gozan de una retribuci\u00f3n mensual y, no puede ser disminuida salvo los descuentos previsionales y de car\u00e1cter general, mientras permanecen en sus funciones\u2026 y, en ning\u00fan caso, un miembro del Superior Tribunal de Justicia, cobra una retribuci\u00f3n inferior a la que perciba el funcionario mejor remunerado del Estado Provincial, salvo el titular del Poder Ejecutivo\u201d.<\/strong><\/h3>\n<h3>Que si bien el Art.1\u00b0 la Ley IV-0088-2004 dispone que el Poder Judicial de la Provincia de San Luis funcionar\u00e1 con plena autonom\u00eda econ\u00f3mica, financiera y funcional, no obstante, lo cierto es que, seg\u00fan el Presupuesto del Poder Judicial aprobado para el ejercicio 2024, los recursos dispuestos representan solo un 21% del total de los Recursos Presupuestados, correspondiendo el 79% restante a Aportes del Tesoro Provincial, situaci\u00f3n que afecta gravemente la plena autonom\u00eda financiera, econ\u00f3mica y funcional del Poder Judicial.<\/h3>\n<h3><img fetchpriority=\"high\" decoding=\"async\" class=\"wp-image-20838 aligncenter\" src=\"https:\/\/apuntesdesanluis.com\/wp-content\/uploads\/2024\/08\/presupuesto-judicial-1-300x189.png\" alt=\"\" width=\"587\" height=\"370\" srcset=\"https:\/\/apuntesdesanluis.com\/wp-content\/uploads\/2024\/08\/presupuesto-judicial-1-300x189.png 300w, https:\/\/apuntesdesanluis.com\/wp-content\/uploads\/2024\/08\/presupuesto-judicial-1.png 686w\" sizes=\"(max-width: 587px) 100vw, 587px\" \/><\/h3>\n<h3>La Ejecuci\u00f3n Presupuestaria de Recursos del Poder Judicial, a julio de 2024, se compone de un 33,74% por recursos dispuestos por el art. 5 de la Ley N\u00b0IV-0088-2004 y un 66,26% por Aportes del Tesoro Provincial, en consecuencia, corresponde se\u00f1alar que los Aportes del Tesoro se mantienen constantes en la ejecuci\u00f3n Presupuestaria, mientras que los Recursos del art. 5 son variables, permitiendo este excedente variable cubrir los gastos de funcionamientos del Poder Judicial.<\/h3>\n<h3><img decoding=\"async\" class=\"wp-image-20839 aligncenter\" src=\"https:\/\/apuntesdesanluis.com\/wp-content\/uploads\/2024\/08\/presupuesto-judicial-2-300x187.png\" alt=\"\" width=\"589\" height=\"367\" srcset=\"https:\/\/apuntesdesanluis.com\/wp-content\/uploads\/2024\/08\/presupuesto-judicial-2-300x187.png 300w, https:\/\/apuntesdesanluis.com\/wp-content\/uploads\/2024\/08\/presupuesto-judicial-2.png 662w\" sizes=\"(max-width: 589px) 100vw, 589px\" \/><\/h3>\n<h3>Al respecto, amplios sectores del arco pol\u00edtico y entidades intermedias y profesionales se han expresado p\u00fablicamente en favor de la autonom\u00eda financiera del Poder Judicial.<\/h3>\n<h3>La relaci\u00f3n entre la restricci\u00f3n de recursos financieros con la ineficiencia operativa estructural que se endilga a la Justicia es directa, a saber: designaciones de agentes, adecuaciones en el sistema edilicio, innovaci\u00f3n en el sistema inform\u00e1tico, fortalecimiento de oficinas de gesti\u00f3n unificada y dem\u00e1s reformas administrativas que requieren de un adecuado financiamiento.<\/h3>\n<h3>Con este escenario, resulta imposible la implementaci\u00f3n de una pol\u00edtica salarial por parte del Superior Tribunal de Justicia que responda a la idoneidad, responsabilidad y profesionalismo que se le exige a magistrados, funcionarios y personal judicial.<\/h3>\n<p><img decoding=\"async\" class=\"wp-image-20840 aligncenter\" src=\"https:\/\/apuntesdesanluis.com\/wp-content\/uploads\/2024\/08\/remuneraciones-300x203.png\" alt=\"\" width=\"627\" height=\"424\" srcset=\"https:\/\/apuntesdesanluis.com\/wp-content\/uploads\/2024\/08\/remuneraciones-300x203.png 300w, https:\/\/apuntesdesanluis.com\/wp-content\/uploads\/2024\/08\/remuneraciones.png 744w\" sizes=\"(max-width: 627px) 100vw, 627px\" \/><\/p>\n<h3>De hecho, las remuneraciones del Poder Judicial de San Luis se sit\u00faan por debajo de la media nacional como se acredita con el informe del Instituto de Investigaci\u00f3n Judicial de la Federaci\u00f3n Argentina de la Magistratura y Funci\u00f3n Judicial.<\/h3>\n<p><img loading=\"lazy\" decoding=\"async\" class=\"wp-image-20841 aligncenter\" src=\"https:\/\/apuntesdesanluis.com\/wp-content\/uploads\/2024\/08\/remuneraciones-media-nacional-250x300.png\" alt=\"\" width=\"636\" height=\"763\" srcset=\"https:\/\/apuntesdesanluis.com\/wp-content\/uploads\/2024\/08\/remuneraciones-media-nacional-250x300.png 250w, https:\/\/apuntesdesanluis.com\/wp-content\/uploads\/2024\/08\/remuneraciones-media-nacional.png 731w\" sizes=\"(max-width: 636px) 100vw, 636px\" \/><\/p>\n<h3>En tal sentido, recobran plena actualidad las palabras del convencional constituyente Jos\u00e9 Benjam\u00edn Gorostiaga en la Convenci\u00f3n Constituyente de 1853, quien con certeza afirm\u00f3: \u201c\u2026no hay poder sin recursos, ni Estado sin Tesoro.\u201d<\/h3>\n<h3>Esta regla b\u00e1sica de finanzas p\u00fablicas referida a la pol\u00edtica y al ejercicio del poder, en la Argentina contempor\u00e1nea, resulta de plena actualidad con referencia al Poder Judicial de la Provincia, se puede decir que no hay Justicia, ni Poder Judicial independiente sin recursos suficientes ni facultad plena para disponer de ellos.<\/h3>\n<h3>En s\u00edntesis, la disponibilidad de recursos financieros favorece la optimizaci\u00f3n de los recursos humanos, su profesionalismo, la eficiencia de las funciones judiciales y administrativas, de infraestructura y de sistemas inform\u00e1ticos que conforman el Poder Judicial de la Provincia, concluye la s\u00edntesis publicada por el STJ.<\/h3>\n<p>&nbsp;<\/p>\n<h3><strong>VER: <a href=\"https:\/\/apuntesdesanluis.com\/wp-content\/uploads\/2024\/08\/PROYECTO-DE-LEY-AUTONOMIA-DEL-PODER-JUDICIAL-2.pdf\" target=\"_blank\" rel=\"noopener\"><span style=\"color: #3366ff;\">PROYECTO COMPLETO<\/span><\/a><\/strong><\/h3>\n<p>&nbsp;<\/p>\n<p>&nbsp;<\/p>\n<p>&nbsp;<\/p>\n<p>&nbsp;<\/p>\n","protected":false},"excerpt":{"rendered":"<p>Entre sus considerandos,\u00a0el Alto Cuerpo Judicial consider\u00f3 que &#8220;existen limitantes normativas, presupuestarias y funcionales que&#8230;<\/p>\n","protected":false},"author":1,"featured_media":20730,"comment_status":"closed","ping_status":"closed","sticky":false,"template":"","format":"standard","meta":{"footnotes":""},"categories":[6],"tags":[],"class_list":["post-20837","post","type-post","status-publish","format-standard","has-post-thumbnail","hentry","category-ciudad-provincia"],"yoast_head":"<!-- This site is optimized with the Yoast SEO plugin v26.1.1 - https:\/\/yoast.com\/wordpress\/plugins\/seo\/ -->\n<title>EL PROYECTO QUE ELEV\u00d3 EL PODER JUDICIAL PARA ALCANZAR SU PLENA AUTONOM\u00cdA - Apuntes de San Luis<\/title>\n<meta name=\"robots\" content=\"index, follow, max-snippet:-1, max-image-preview:large, max-video-preview:-1\" \/>\n<link rel=\"canonical\" href=\"https:\/\/apuntesdesanluis.com\/index.php\/2024\/08\/14\/el-proyecto-que-elevo-el-poder-judicial-para-alcanzar-su-plena-autonomia\/\" \/>\n<meta property=\"og:locale\" content=\"es_ES\" \/>\n<meta property=\"og:type\" content=\"article\" \/>\n<meta property=\"og:title\" content=\"EL PROYECTO QUE ELEV\u00d3 EL PODER JUDICIAL PARA ALCANZAR SU PLENA AUTONOM\u00cdA - Apuntes de San Luis\" \/>\n<meta property=\"og:description\" content=\"Entre sus considerandos,\u00a0el Alto Cuerpo Judicial consider\u00f3 que &#8220;existen limitantes normativas, presupuestarias y funcionales que...\" \/>\n<meta property=\"og:url\" content=\"https:\/\/apuntesdesanluis.com\/index.php\/2024\/08\/14\/el-proyecto-que-elevo-el-poder-judicial-para-alcanzar-su-plena-autonomia\/\" \/>\n<meta property=\"og:site_name\" content=\"Apuntes de San Luis\" \/>\n<meta property=\"article:published_time\" content=\"2024-08-14T21:50:36+00:00\" \/>\n<meta property=\"article:modified_time\" content=\"2024-08-14T21:59:04+00:00\" \/>\n<meta property=\"og:image\" content=\"https:\/\/apuntesdesanluis.com\/wp-content\/uploads\/2024\/08\/superior-tribunal.png\" \/>\n\t<meta property=\"og:image:width\" content=\"694\" \/>\n\t<meta property=\"og:image:height\" content=\"427\" \/>\n\t<meta property=\"og:image:type\" content=\"image\/png\" \/>\n<meta name=\"author\" content=\"apuntesdesanluis.com\" \/>\n<meta name=\"twitter:card\" content=\"summary_large_image\" \/>\n<meta name=\"twitter:label1\" content=\"Escrito por\" \/>\n\t<meta name=\"twitter:data1\" content=\"apuntesdesanluis.com\" \/>\n\t<meta name=\"twitter:label2\" content=\"Tiempo de lectura\" \/>\n\t<meta name=\"twitter:data2\" content=\"6 minutos\" \/>\n<script type=\"application\/ld+json\" class=\"yoast-schema-graph\">{\"@context\":\"https:\/\/schema.org\",\"@graph\":[{\"@type\":\"Article\",\"@id\":\"https:\/\/apuntesdesanluis.com\/index.php\/2024\/08\/14\/el-proyecto-que-elevo-el-poder-judicial-para-alcanzar-su-plena-autonomia\/#article\",\"isPartOf\":{\"@id\":\"https:\/\/apuntesdesanluis.com\/index.php\/2024\/08\/14\/el-proyecto-que-elevo-el-poder-judicial-para-alcanzar-su-plena-autonomia\/\"},\"author\":{\"name\":\"apuntesdesanluis.com\",\"@id\":\"https:\/\/apuntesdesanluis.com\/#\/schema\/person\/b55151d52296fcce64d1a72538a70b90\"},\"headline\":\"EL PROYECTO QUE ELEV\u00d3 EL PODER JUDICIAL PARA ALCANZAR SU PLENA AUTONOM\u00cdA\",\"datePublished\":\"2024-08-14T21:50:36+00:00\",\"dateModified\":\"2024-08-14T21:59:04+00:00\",\"mainEntityOfPage\":{\"@id\":\"https:\/\/apuntesdesanluis.com\/index.php\/2024\/08\/14\/el-proyecto-que-elevo-el-poder-judicial-para-alcanzar-su-plena-autonomia\/\"},\"wordCount\":1023,\"publisher\":{\"@id\":\"https:\/\/apuntesdesanluis.com\/#\/schema\/person\/b55151d52296fcce64d1a72538a70b90\"},\"image\":{\"@id\":\"https:\/\/apuntesdesanluis.com\/index.php\/2024\/08\/14\/el-proyecto-que-elevo-el-poder-judicial-para-alcanzar-su-plena-autonomia\/#primaryimage\"},\"thumbnailUrl\":\"https:\/\/apuntesdesanluis.com\/wp-content\/uploads\/2024\/08\/superior-tribunal.png\",\"articleSection\":[\"Ciudad\/Provincia\"],\"inLanguage\":\"es-AR\"},{\"@type\":\"WebPage\",\"@id\":\"https:\/\/apuntesdesanluis.com\/index.php\/2024\/08\/14\/el-proyecto-que-elevo-el-poder-judicial-para-alcanzar-su-plena-autonomia\/\",\"url\":\"https:\/\/apuntesdesanluis.com\/index.php\/2024\/08\/14\/el-proyecto-que-elevo-el-poder-judicial-para-alcanzar-su-plena-autonomia\/\",\"name\":\"EL PROYECTO QUE ELEV\u00d3 EL PODER JUDICIAL PARA ALCANZAR SU PLENA AUTONOM\u00cdA - Apuntes de San Luis\",\"isPartOf\":{\"@id\":\"https:\/\/apuntesdesanluis.com\/#website\"},\"primaryImageOfPage\":{\"@id\":\"https:\/\/apuntesdesanluis.com\/index.php\/2024\/08\/14\/el-proyecto-que-elevo-el-poder-judicial-para-alcanzar-su-plena-autonomia\/#primaryimage\"},\"image\":{\"@id\":\"https:\/\/apuntesdesanluis.com\/index.php\/2024\/08\/14\/el-proyecto-que-elevo-el-poder-judicial-para-alcanzar-su-plena-autonomia\/#primaryimage\"},\"thumbnailUrl\":\"https:\/\/apuntesdesanluis.com\/wp-content\/uploads\/2024\/08\/superior-tribunal.png\",\"datePublished\":\"2024-08-14T21:50:36+00:00\",\"dateModified\":\"2024-08-14T21:59:04+00:00\",\"breadcrumb\":{\"@id\":\"https:\/\/apuntesdesanluis.com\/index.php\/2024\/08\/14\/el-proyecto-que-elevo-el-poder-judicial-para-alcanzar-su-plena-autonomia\/#breadcrumb\"},\"inLanguage\":\"es-AR\",\"potentialAction\":[{\"@type\":\"ReadAction\",\"target\":[\"https:\/\/apuntesdesanluis.com\/index.php\/2024\/08\/14\/el-proyecto-que-elevo-el-poder-judicial-para-alcanzar-su-plena-autonomia\/\"]}]},{\"@type\":\"ImageObject\",\"inLanguage\":\"es-AR\",\"@id\":\"https:\/\/apuntesdesanluis.com\/index.php\/2024\/08\/14\/el-proyecto-que-elevo-el-poder-judicial-para-alcanzar-su-plena-autonomia\/#primaryimage\",\"url\":\"https:\/\/apuntesdesanluis.com\/wp-content\/uploads\/2024\/08\/superior-tribunal.png\",\"contentUrl\":\"https:\/\/apuntesdesanluis.com\/wp-content\/uploads\/2024\/08\/superior-tribunal.png\",\"width\":694,\"height\":427},{\"@type\":\"BreadcrumbList\",\"@id\":\"https:\/\/apuntesdesanluis.com\/index.php\/2024\/08\/14\/el-proyecto-que-elevo-el-poder-judicial-para-alcanzar-su-plena-autonomia\/#breadcrumb\",\"itemListElement\":[{\"@type\":\"ListItem\",\"position\":1,\"name\":\"Inicio\",\"item\":\"https:\/\/apuntesdesanluis.com\/\"},{\"@type\":\"ListItem\",\"position\":2,\"name\":\"EL PROYECTO QUE ELEV\u00d3 EL PODER JUDICIAL PARA ALCANZAR SU PLENA AUTONOM\u00cdA\"}]},{\"@type\":\"WebSite\",\"@id\":\"https:\/\/apuntesdesanluis.com\/#website\",\"url\":\"https:\/\/apuntesdesanluis.com\/\",\"name\":\"Apuntes de San Luis\",\"description\":\"\",\"publisher\":{\"@id\":\"https:\/\/apuntesdesanluis.com\/#\/schema\/person\/b55151d52296fcce64d1a72538a70b90\"},\"potentialAction\":[{\"@type\":\"SearchAction\",\"target\":{\"@type\":\"EntryPoint\",\"urlTemplate\":\"https:\/\/apuntesdesanluis.com\/?s={search_term_string}\"},\"query-input\":{\"@type\":\"PropertyValueSpecification\",\"valueRequired\":true,\"valueName\":\"search_term_string\"}}],\"inLanguage\":\"es-AR\"},{\"@type\":[\"Person\",\"Organization\"],\"@id\":\"https:\/\/apuntesdesanluis.com\/#\/schema\/person\/b55151d52296fcce64d1a72538a70b90\",\"name\":\"apuntesdesanluis.com\",\"image\":{\"@type\":\"ImageObject\",\"inLanguage\":\"es-AR\",\"@id\":\"https:\/\/apuntesdesanluis.com\/#\/schema\/person\/image\/\",\"url\":\"https:\/\/apuntesdesanluis.com\/wp-content\/uploads\/2023\/07\/cropped-apuntesdesanluis.png\",\"contentUrl\":\"https:\/\/apuntesdesanluis.com\/wp-content\/uploads\/2023\/07\/cropped-apuntesdesanluis.png\",\"width\":450,\"height\":112,\"caption\":\"apuntesdesanluis.com\"},\"logo\":{\"@id\":\"https:\/\/apuntesdesanluis.com\/#\/schema\/person\/image\/\"},\"sameAs\":[\"https:\/\/apuntesdesanluis.com\"],\"url\":\"https:\/\/apuntesdesanluis.com\/index.php\/author\/apuntesdesanluis-com\/\"}]}<\/script>\n<!-- \/ Yoast SEO plugin. -->","yoast_head_json":{"title":"EL PROYECTO QUE ELEV\u00d3 EL PODER JUDICIAL PARA ALCANZAR SU PLENA AUTONOM\u00cdA - Apuntes de San Luis","robots":{"index":"index","follow":"follow","max-snippet":"max-snippet:-1","max-image-preview":"max-image-preview:large","max-video-preview":"max-video-preview:-1"},"canonical":"https:\/\/apuntesdesanluis.com\/index.php\/2024\/08\/14\/el-proyecto-que-elevo-el-poder-judicial-para-alcanzar-su-plena-autonomia\/","og_locale":"es_ES","og_type":"article","og_title":"EL PROYECTO QUE ELEV\u00d3 EL PODER JUDICIAL PARA ALCANZAR SU PLENA AUTONOM\u00cdA - Apuntes de San Luis","og_description":"Entre sus considerandos,\u00a0el Alto Cuerpo Judicial consider\u00f3 que &#8220;existen limitantes normativas, presupuestarias y funcionales que...","og_url":"https:\/\/apuntesdesanluis.com\/index.php\/2024\/08\/14\/el-proyecto-que-elevo-el-poder-judicial-para-alcanzar-su-plena-autonomia\/","og_site_name":"Apuntes de San Luis","article_published_time":"2024-08-14T21:50:36+00:00","article_modified_time":"2024-08-14T21:59:04+00:00","og_image":[{"width":694,"height":427,"url":"https:\/\/apuntesdesanluis.com\/wp-content\/uploads\/2024\/08\/superior-tribunal.png","type":"image\/png"}],"author":"apuntesdesanluis.com","twitter_card":"summary_large_image","twitter_misc":{"Escrito por":"apuntesdesanluis.com","Tiempo de lectura":"6 minutos"},"schema":{"@context":"https:\/\/schema.org","@graph":[{"@type":"Article","@id":"https:\/\/apuntesdesanluis.com\/index.php\/2024\/08\/14\/el-proyecto-que-elevo-el-poder-judicial-para-alcanzar-su-plena-autonomia\/#article","isPartOf":{"@id":"https:\/\/apuntesdesanluis.com\/index.php\/2024\/08\/14\/el-proyecto-que-elevo-el-poder-judicial-para-alcanzar-su-plena-autonomia\/"},"author":{"name":"apuntesdesanluis.com","@id":"https:\/\/apuntesdesanluis.com\/#\/schema\/person\/b55151d52296fcce64d1a72538a70b90"},"headline":"EL PROYECTO QUE ELEV\u00d3 EL PODER JUDICIAL PARA ALCANZAR SU PLENA AUTONOM\u00cdA","datePublished":"2024-08-14T21:50:36+00:00","dateModified":"2024-08-14T21:59:04+00:00","mainEntityOfPage":{"@id":"https:\/\/apuntesdesanluis.com\/index.php\/2024\/08\/14\/el-proyecto-que-elevo-el-poder-judicial-para-alcanzar-su-plena-autonomia\/"},"wordCount":1023,"publisher":{"@id":"https:\/\/apuntesdesanluis.com\/#\/schema\/person\/b55151d52296fcce64d1a72538a70b90"},"image":{"@id":"https:\/\/apuntesdesanluis.com\/index.php\/2024\/08\/14\/el-proyecto-que-elevo-el-poder-judicial-para-alcanzar-su-plena-autonomia\/#primaryimage"},"thumbnailUrl":"https:\/\/apuntesdesanluis.com\/wp-content\/uploads\/2024\/08\/superior-tribunal.png","articleSection":["Ciudad\/Provincia"],"inLanguage":"es-AR"},{"@type":"WebPage","@id":"https:\/\/apuntesdesanluis.com\/index.php\/2024\/08\/14\/el-proyecto-que-elevo-el-poder-judicial-para-alcanzar-su-plena-autonomia\/","url":"https:\/\/apuntesdesanluis.com\/index.php\/2024\/08\/14\/el-proyecto-que-elevo-el-poder-judicial-para-alcanzar-su-plena-autonomia\/","name":"EL PROYECTO QUE ELEV\u00d3 EL PODER JUDICIAL PARA ALCANZAR SU PLENA AUTONOM\u00cdA - Apuntes de San Luis","isPartOf":{"@id":"https:\/\/apuntesdesanluis.com\/#website"},"primaryImageOfPage":{"@id":"https:\/\/apuntesdesanluis.com\/index.php\/2024\/08\/14\/el-proyecto-que-elevo-el-poder-judicial-para-alcanzar-su-plena-autonomia\/#primaryimage"},"image":{"@id":"https:\/\/apuntesdesanluis.com\/index.php\/2024\/08\/14\/el-proyecto-que-elevo-el-poder-judicial-para-alcanzar-su-plena-autonomia\/#primaryimage"},"thumbnailUrl":"https:\/\/apuntesdesanluis.com\/wp-content\/uploads\/2024\/08\/superior-tribunal.png","datePublished":"2024-08-14T21:50:36+00:00","dateModified":"2024-08-14T21:59:04+00:00","breadcrumb":{"@id":"https:\/\/apuntesdesanluis.com\/index.php\/2024\/08\/14\/el-proyecto-que-elevo-el-poder-judicial-para-alcanzar-su-plena-autonomia\/#breadcrumb"},"inLanguage":"es-AR","potentialAction":[{"@type":"ReadAction","target":["https:\/\/apuntesdesanluis.com\/index.php\/2024\/08\/14\/el-proyecto-que-elevo-el-poder-judicial-para-alcanzar-su-plena-autonomia\/"]}]},{"@type":"ImageObject","inLanguage":"es-AR","@id":"https:\/\/apuntesdesanluis.com\/index.php\/2024\/08\/14\/el-proyecto-que-elevo-el-poder-judicial-para-alcanzar-su-plena-autonomia\/#primaryimage","url":"https:\/\/apuntesdesanluis.com\/wp-content\/uploads\/2024\/08\/superior-tribunal.png","contentUrl":"https:\/\/apuntesdesanluis.com\/wp-content\/uploads\/2024\/08\/superior-tribunal.png","width":694,"height":427},{"@type":"BreadcrumbList","@id":"https:\/\/apuntesdesanluis.com\/index.php\/2024\/08\/14\/el-proyecto-que-elevo-el-poder-judicial-para-alcanzar-su-plena-autonomia\/#breadcrumb","itemListElement":[{"@type":"ListItem","position":1,"name":"Inicio","item":"https:\/\/apuntesdesanluis.com\/"},{"@type":"ListItem","position":2,"name":"EL PROYECTO QUE ELEV\u00d3 EL PODER JUDICIAL PARA ALCANZAR SU PLENA AUTONOM\u00cdA"}]},{"@type":"WebSite","@id":"https:\/\/apuntesdesanluis.com\/#website","url":"https:\/\/apuntesdesanluis.com\/","name":"Apuntes de San Luis","description":"","publisher":{"@id":"https:\/\/apuntesdesanluis.com\/#\/schema\/person\/b55151d52296fcce64d1a72538a70b90"},"potentialAction":[{"@type":"SearchAction","target":{"@type":"EntryPoint","urlTemplate":"https:\/\/apuntesdesanluis.com\/?s={search_term_string}"},"query-input":{"@type":"PropertyValueSpecification","valueRequired":true,"valueName":"search_term_string"}}],"inLanguage":"es-AR"},{"@type":["Person","Organization"],"@id":"https:\/\/apuntesdesanluis.com\/#\/schema\/person\/b55151d52296fcce64d1a72538a70b90","name":"apuntesdesanluis.com","image":{"@type":"ImageObject","inLanguage":"es-AR","@id":"https:\/\/apuntesdesanluis.com\/#\/schema\/person\/image\/","url":"https:\/\/apuntesdesanluis.com\/wp-content\/uploads\/2023\/07\/cropped-apuntesdesanluis.png","contentUrl":"https:\/\/apuntesdesanluis.com\/wp-content\/uploads\/2023\/07\/cropped-apuntesdesanluis.png","width":450,"height":112,"caption":"apuntesdesanluis.com"},"logo":{"@id":"https:\/\/apuntesdesanluis.com\/#\/schema\/person\/image\/"},"sameAs":["https:\/\/apuntesdesanluis.com"],"url":"https:\/\/apuntesdesanluis.com\/index.php\/author\/apuntesdesanluis-com\/"}]}},"featured_image_urls":{"full":["https:\/\/apuntesdesanluis.com\/wp-content\/uploads\/2024\/08\/superior-tribunal.png",694,427,false],"thumbnail":["https:\/\/apuntesdesanluis.com\/wp-content\/uploads\/2024\/08\/superior-tribunal-150x150.png",150,150,true],"medium":["https:\/\/apuntesdesanluis.com\/wp-content\/uploads\/2024\/08\/superior-tribunal-300x185.png",300,185,true],"medium_large":["https:\/\/apuntesdesanluis.com\/wp-content\/uploads\/2024\/08\/superior-tribunal.png",640,394,false],"large":["https:\/\/apuntesdesanluis.com\/wp-content\/uploads\/2024\/08\/superior-tribunal.png",640,394,false],"1536x1536":["https:\/\/apuntesdesanluis.com\/wp-content\/uploads\/2024\/08\/superior-tribunal.png",694,427,false],"2048x2048":["https:\/\/apuntesdesanluis.com\/wp-content\/uploads\/2024\/08\/superior-tribunal.png",694,427,false],"newsever-slider-full":["https:\/\/apuntesdesanluis.com\/wp-content\/uploads\/2024\/08\/superior-tribunal.png",694,427,false],"newsever-featured":["https:\/\/apuntesdesanluis.com\/wp-content\/uploads\/2024\/08\/superior-tribunal.png",694,427,false],"newsever-medium":["https:\/\/apuntesdesanluis.com\/wp-content\/uploads\/2024\/08\/superior-tribunal.png",694,427,false]},"author_info":{"display_name":"apuntesdesanluis.com","author_link":"https:\/\/apuntesdesanluis.com\/index.php\/author\/apuntesdesanluis-com\/"},"category_info":"<a href=\"https:\/\/apuntesdesanluis.com\/index.php\/category\/ciudad-provincia\/\" rel=\"category tag\">Ciudad\/Provincia<\/a>","tag_info":"Ciudad\/Provincia","comment_count":"0","_links":{"self":[{"href":"https:\/\/apuntesdesanluis.com\/index.php\/wp-json\/wp\/v2\/posts\/20837","targetHints":{"allow":["GET"]}}],"collection":[{"href":"https:\/\/apuntesdesanluis.com\/index.php\/wp-json\/wp\/v2\/posts"}],"about":[{"href":"https:\/\/apuntesdesanluis.com\/index.php\/wp-json\/wp\/v2\/types\/post"}],"author":[{"embeddable":true,"href":"https:\/\/apuntesdesanluis.com\/index.php\/wp-json\/wp\/v2\/users\/1"}],"replies":[{"embeddable":true,"href":"https:\/\/apuntesdesanluis.com\/index.php\/wp-json\/wp\/v2\/comments?post=20837"}],"version-history":[{"count":5,"href":"https:\/\/apuntesdesanluis.com\/index.php\/wp-json\/wp\/v2\/posts\/20837\/revisions"}],"predecessor-version":[{"id":20847,"href":"https:\/\/apuntesdesanluis.com\/index.php\/wp-json\/wp\/v2\/posts\/20837\/revisions\/20847"}],"wp:featuredmedia":[{"embeddable":true,"href":"https:\/\/apuntesdesanluis.com\/index.php\/wp-json\/wp\/v2\/media\/20730"}],"wp:attachment":[{"href":"https:\/\/apuntesdesanluis.com\/index.php\/wp-json\/wp\/v2\/media?parent=20837"}],"wp:term":[{"taxonomy":"category","embeddable":true,"href":"https:\/\/apuntesdesanluis.com\/index.php\/wp-json\/wp\/v2\/categories?post=20837"},{"taxonomy":"post_tag","embeddable":true,"href":"https:\/\/apuntesdesanluis.com\/index.php\/wp-json\/wp\/v2\/tags?post=20837"}],"curies":[{"name":"wp","href":"https:\/\/api.w.org\/{rel}","templated":true}]}}