{"id":20865,"date":"2024-08-14T17:06:25","date_gmt":"2024-08-14T20:06:25","guid":{"rendered":"https:\/\/apuntesdesanluis.com\/?p=20865"},"modified":"2024-08-14T21:22:51","modified_gmt":"2024-08-15T00:22:51","slug":"adelanto-se-levanto-la-toma-del-rectorado-de-san-luis","status":"publish","type":"post","link":"https:\/\/apuntesdesanluis.com\/index.php\/2024\/08\/14\/adelanto-se-levanto-la-toma-del-rectorado-de-san-luis\/","title":{"rendered":"ADELANTO: SE LEVANT\u00d3 LA TOMA DEL RECTORADO DE SAN LUIS"},"content":{"rendered":"<h3>Luego de la tensi\u00f3n generada a partir del pasado lunes, cuando la Asamblea Interclaustros resolvi\u00f3 la toma del Rectorado de la Universidad Nacional deSan Luis, en el marco del paro general declarado por el Frente Gremial Universitario, este mi\u00e9rcoles se vot\u00f3 el levantamiento de la medida.<\/h3>\n<h3>Aunque a\u00fan no hubo comunicaci\u00f3n oficial por parte de la Universidad y tampoco de la Asamblea Interclaustro, tres fuentes oficiales confirmaron a<strong> Apuntes de San Luis<\/strong> el fin de la medida.<\/h3>\n<h3>La ocupaci\u00f3n dispuesta el lunes oblig\u00f3 a las autoridades de la UNSL a suspender las actividades administrativas en dicho edificio, en cuanto al sector nodocente, para el martes 13 de agosto.<\/h3>\n<h3>\u2060Tambi\u00e9n se dispuso aplazar la sesi\u00f3n del Consejo Superior que estaba citada para el martes 13 de agosto en el Sal\u00f3n de los Escudos y suspender todo otro tipo de actividad administrativa y acad\u00e9mica en dicho edificio a ra\u00edz de no poder ingresar al mismo.<\/h3>\n<h3>Por otra parte, el martes por la ma\u00f1ana el rector de la UNSL V\u00edctor Mori\u00f1igo, brind\u00f3 una conferencia de prensa, en la cual abog\u00f3 por \u201csostener el concepto de comunidad, respetando al que piensa distinto\u201d.<\/h3>\n<h3>Adelant\u00f3 adem\u00e1s que no se tomar\u00eda ninguna medida desde la Universidad que genere conflicto. \u00abNo vamos a enfrentar a universitarios con universitarios (\u2026) El motor por ahora es el reclamo salarial y yo quiero decir con may\u00fasculas que es totalmente justo\u00bb.<\/h3>\n<h3>Este mi\u00e9rcoles al mediod\u00eda se vot\u00f3 en la Asamblea Interclaustro por la continuidad o el levantamiento de la protesta, venciendo esta \u00faltima alternativa.<\/h3>\n<h3>Por lo que trascendi\u00f3, voceros de la asamblea ya comunicaron la medida a las autoridades y tras un festival musical que se est\u00e1 desarrollando, cerca de las 20:30 se desocupar\u00eda y har\u00eda entrega formal del edificio.<\/h3>\n<h3><\/h3>\n<h3><span style=\"color: #3366ff;\">NOTICIA RELACIONADA:<\/span><\/h3>\n<p><a href=\"https:\/\/apuntesdesanluis.com\/index.php\/2024\/08\/13\/morinigo-ante-la-toma-de-rectorado-no-vamos-a-enfrentar-a-universitarios-con-universitarios\/\" target=\"_blank\" rel=\"noopener\"><img fetchpriority=\"high\" decoding=\"async\" class=\"alignnone wp-image-20867\" src=\"https:\/\/apuntesdesanluis.com\/wp-content\/uploads\/2024\/08\/POSTEO-1-300x236.png\" alt=\"\" width=\"506\" height=\"398\" srcset=\"https:\/\/apuntesdesanluis.com\/wp-content\/uploads\/2024\/08\/POSTEO-1-300x236.png 300w, https:\/\/apuntesdesanluis.com\/wp-content\/uploads\/2024\/08\/POSTEO-1.png 642w\" sizes=\"(max-width: 506px) 100vw, 506px\" \/><\/a><\/p>\n<p>&nbsp;<\/p>\n<p>&nbsp;<\/p>\n<p>&nbsp;<\/p>\n<p>&nbsp;<\/p>\n","protected":false},"excerpt":{"rendered":"<p>Luego de la tensi\u00f3n generada a partir del pasado lunes, cuando la Asamblea Interclaustros resolvi\u00f3&#8230;<\/p>\n","protected":false},"author":1,"featured_media":20866,"comment_status":"closed","ping_status":"closed","sticky":false,"template":"","format":"standard","meta":{"footnotes":""},"categories":[6],"tags":[],"class_list":["post-20865","post","type-post","status-publish","format-standard","has-post-thumbnail","hentry","category-ciudad-provincia"],"yoast_head":"<!-- This site is optimized with the Yoast SEO plugin v26.1.1 - https:\/\/yoast.com\/wordpress\/plugins\/seo\/ -->\n<title>ADELANTO: SE LEVANT\u00d3 LA TOMA DEL RECTORADO DE SAN LUIS - Apuntes de San Luis<\/title>\n<meta name=\"robots\" content=\"index, follow, max-snippet:-1, max-image-preview:large, max-video-preview:-1\" \/>\n<link rel=\"canonical\" href=\"https:\/\/apuntesdesanluis.com\/index.php\/2024\/08\/14\/adelanto-se-levanto-la-toma-del-rectorado-de-san-luis\/\" \/>\n<meta property=\"og:locale\" content=\"es_ES\" \/>\n<meta property=\"og:type\" content=\"article\" \/>\n<meta property=\"og:title\" content=\"ADELANTO: SE LEVANT\u00d3 LA TOMA DEL RECTORADO DE SAN LUIS - Apuntes de San Luis\" \/>\n<meta property=\"og:description\" content=\"Luego de la tensi\u00f3n generada a partir del pasado lunes, cuando la Asamblea Interclaustros resolvi\u00f3...\" \/>\n<meta property=\"og:url\" content=\"https:\/\/apuntesdesanluis.com\/index.php\/2024\/08\/14\/adelanto-se-levanto-la-toma-del-rectorado-de-san-luis\/\" \/>\n<meta property=\"og:site_name\" content=\"Apuntes de San Luis\" \/>\n<meta property=\"article:published_time\" content=\"2024-08-14T20:06:25+00:00\" \/>\n<meta property=\"article:modified_time\" content=\"2024-08-15T00:22:51+00:00\" \/>\n<meta property=\"og:image\" content=\"https:\/\/apuntesdesanluis.com\/wp-content\/uploads\/2024\/08\/rectorado-de-san-luis.png\" \/>\n\t<meta property=\"og:image:width\" content=\"700\" \/>\n\t<meta property=\"og:image:height\" content=\"461\" \/>\n\t<meta property=\"og:image:type\" content=\"image\/png\" \/>\n<meta name=\"author\" content=\"apuntesdesanluis.com\" \/>\n<meta name=\"twitter:card\" content=\"summary_large_image\" \/>\n<meta name=\"twitter:label1\" content=\"Escrito por\" \/>\n\t<meta name=\"twitter:data1\" content=\"apuntesdesanluis.com\" \/>\n\t<meta name=\"twitter:label2\" content=\"Tiempo de lectura\" \/>\n\t<meta name=\"twitter:data2\" content=\"2 minutos\" \/>\n<script type=\"application\/ld+json\" class=\"yoast-schema-graph\">{\"@context\":\"https:\/\/schema.org\",\"@graph\":[{\"@type\":\"Article\",\"@id\":\"https:\/\/apuntesdesanluis.com\/index.php\/2024\/08\/14\/adelanto-se-levanto-la-toma-del-rectorado-de-san-luis\/#article\",\"isPartOf\":{\"@id\":\"https:\/\/apuntesdesanluis.com\/index.php\/2024\/08\/14\/adelanto-se-levanto-la-toma-del-rectorado-de-san-luis\/\"},\"author\":{\"name\":\"apuntesdesanluis.com\",\"@id\":\"https:\/\/apuntesdesanluis.com\/#\/schema\/person\/b55151d52296fcce64d1a72538a70b90\"},\"headline\":\"ADELANTO: SE LEVANT\u00d3 LA TOMA DEL RECTORADO DE SAN LUIS\",\"datePublished\":\"2024-08-14T20:06:25+00:00\",\"dateModified\":\"2024-08-15T00:22:51+00:00\",\"mainEntityOfPage\":{\"@id\":\"https:\/\/apuntesdesanluis.com\/index.php\/2024\/08\/14\/adelanto-se-levanto-la-toma-del-rectorado-de-san-luis\/\"},\"wordCount\":320,\"publisher\":{\"@id\":\"https:\/\/apuntesdesanluis.com\/#\/schema\/person\/b55151d52296fcce64d1a72538a70b90\"},\"image\":{\"@id\":\"https:\/\/apuntesdesanluis.com\/index.php\/2024\/08\/14\/adelanto-se-levanto-la-toma-del-rectorado-de-san-luis\/#primaryimage\"},\"thumbnailUrl\":\"https:\/\/apuntesdesanluis.com\/wp-content\/uploads\/2024\/08\/rectorado-de-san-luis.png\",\"articleSection\":[\"Ciudad\/Provincia\"],\"inLanguage\":\"es-AR\"},{\"@type\":\"WebPage\",\"@id\":\"https:\/\/apuntesdesanluis.com\/index.php\/2024\/08\/14\/adelanto-se-levanto-la-toma-del-rectorado-de-san-luis\/\",\"url\":\"https:\/\/apuntesdesanluis.com\/index.php\/2024\/08\/14\/adelanto-se-levanto-la-toma-del-rectorado-de-san-luis\/\",\"name\":\"ADELANTO: SE LEVANT\u00d3 LA TOMA DEL RECTORADO DE SAN LUIS - Apuntes de San Luis\",\"isPartOf\":{\"@id\":\"https:\/\/apuntesdesanluis.com\/#website\"},\"primaryImageOfPage\":{\"@id\":\"https:\/\/apuntesdesanluis.com\/index.php\/2024\/08\/14\/adelanto-se-levanto-la-toma-del-rectorado-de-san-luis\/#primaryimage\"},\"image\":{\"@id\":\"https:\/\/apuntesdesanluis.com\/index.php\/2024\/08\/14\/adelanto-se-levanto-la-toma-del-rectorado-de-san-luis\/#primaryimage\"},\"thumbnailUrl\":\"https:\/\/apuntesdesanluis.com\/wp-content\/uploads\/2024\/08\/rectorado-de-san-luis.png\",\"datePublished\":\"2024-08-14T20:06:25+00:00\",\"dateModified\":\"2024-08-15T00:22:51+00:00\",\"breadcrumb\":{\"@id\":\"https:\/\/apuntesdesanluis.com\/index.php\/2024\/08\/14\/adelanto-se-levanto-la-toma-del-rectorado-de-san-luis\/#breadcrumb\"},\"inLanguage\":\"es-AR\",\"potentialAction\":[{\"@type\":\"ReadAction\",\"target\":[\"https:\/\/apuntesdesanluis.com\/index.php\/2024\/08\/14\/adelanto-se-levanto-la-toma-del-rectorado-de-san-luis\/\"]}]},{\"@type\":\"ImageObject\",\"inLanguage\":\"es-AR\",\"@id\":\"https:\/\/apuntesdesanluis.com\/index.php\/2024\/08\/14\/adelanto-se-levanto-la-toma-del-rectorado-de-san-luis\/#primaryimage\",\"url\":\"https:\/\/apuntesdesanluis.com\/wp-content\/uploads\/2024\/08\/rectorado-de-san-luis.png\",\"contentUrl\":\"https:\/\/apuntesdesanluis.com\/wp-content\/uploads\/2024\/08\/rectorado-de-san-luis.png\",\"width\":700,\"height\":461},{\"@type\":\"BreadcrumbList\",\"@id\":\"https:\/\/apuntesdesanluis.com\/index.php\/2024\/08\/14\/adelanto-se-levanto-la-toma-del-rectorado-de-san-luis\/#breadcrumb\",\"itemListElement\":[{\"@type\":\"ListItem\",\"position\":1,\"name\":\"Inicio\",\"item\":\"https:\/\/apuntesdesanluis.com\/\"},{\"@type\":\"ListItem\",\"position\":2,\"name\":\"ADELANTO: SE LEVANT\u00d3 LA TOMA DEL RECTORADO DE SAN LUIS\"}]},{\"@type\":\"WebSite\",\"@id\":\"https:\/\/apuntesdesanluis.com\/#website\",\"url\":\"https:\/\/apuntesdesanluis.com\/\",\"name\":\"Apuntes de San Luis\",\"description\":\"\",\"publisher\":{\"@id\":\"https:\/\/apuntesdesanluis.com\/#\/schema\/person\/b55151d52296fcce64d1a72538a70b90\"},\"potentialAction\":[{\"@type\":\"SearchAction\",\"target\":{\"@type\":\"EntryPoint\",\"urlTemplate\":\"https:\/\/apuntesdesanluis.com\/?s={search_term_string}\"},\"query-input\":{\"@type\":\"PropertyValueSpecification\",\"valueRequired\":true,\"valueName\":\"search_term_string\"}}],\"inLanguage\":\"es-AR\"},{\"@type\":[\"Person\",\"Organization\"],\"@id\":\"https:\/\/apuntesdesanluis.com\/#\/schema\/person\/b55151d52296fcce64d1a72538a70b90\",\"name\":\"apuntesdesanluis.com\",\"image\":{\"@type\":\"ImageObject\",\"inLanguage\":\"es-AR\",\"@id\":\"https:\/\/apuntesdesanluis.com\/#\/schema\/person\/image\/\",\"url\":\"https:\/\/apuntesdesanluis.com\/wp-content\/uploads\/2023\/07\/cropped-apuntesdesanluis.png\",\"contentUrl\":\"https:\/\/apuntesdesanluis.com\/wp-content\/uploads\/2023\/07\/cropped-apuntesdesanluis.png\",\"width\":450,\"height\":112,\"caption\":\"apuntesdesanluis.com\"},\"logo\":{\"@id\":\"https:\/\/apuntesdesanluis.com\/#\/schema\/person\/image\/\"},\"sameAs\":[\"https:\/\/apuntesdesanluis.com\"],\"url\":\"https:\/\/apuntesdesanluis.com\/index.php\/author\/apuntesdesanluis-com\/\"}]}<\/script>\n<!-- \/ Yoast SEO plugin. -->","yoast_head_json":{"title":"ADELANTO: SE LEVANT\u00d3 LA TOMA DEL RECTORADO DE SAN LUIS - Apuntes de San Luis","robots":{"index":"index","follow":"follow","max-snippet":"max-snippet:-1","max-image-preview":"max-image-preview:large","max-video-preview":"max-video-preview:-1"},"canonical":"https:\/\/apuntesdesanluis.com\/index.php\/2024\/08\/14\/adelanto-se-levanto-la-toma-del-rectorado-de-san-luis\/","og_locale":"es_ES","og_type":"article","og_title":"ADELANTO: SE LEVANT\u00d3 LA TOMA DEL RECTORADO DE SAN LUIS - Apuntes de San Luis","og_description":"Luego de la tensi\u00f3n generada a partir del pasado lunes, cuando la Asamblea Interclaustros resolvi\u00f3...","og_url":"https:\/\/apuntesdesanluis.com\/index.php\/2024\/08\/14\/adelanto-se-levanto-la-toma-del-rectorado-de-san-luis\/","og_site_name":"Apuntes de San Luis","article_published_time":"2024-08-14T20:06:25+00:00","article_modified_time":"2024-08-15T00:22:51+00:00","og_image":[{"width":700,"height":461,"url":"https:\/\/apuntesdesanluis.com\/wp-content\/uploads\/2024\/08\/rectorado-de-san-luis.png","type":"image\/png"}],"author":"apuntesdesanluis.com","twitter_card":"summary_large_image","twitter_misc":{"Escrito por":"apuntesdesanluis.com","Tiempo de lectura":"2 minutos"},"schema":{"@context":"https:\/\/schema.org","@graph":[{"@type":"Article","@id":"https:\/\/apuntesdesanluis.com\/index.php\/2024\/08\/14\/adelanto-se-levanto-la-toma-del-rectorado-de-san-luis\/#article","isPartOf":{"@id":"https:\/\/apuntesdesanluis.com\/index.php\/2024\/08\/14\/adelanto-se-levanto-la-toma-del-rectorado-de-san-luis\/"},"author":{"name":"apuntesdesanluis.com","@id":"https:\/\/apuntesdesanluis.com\/#\/schema\/person\/b55151d52296fcce64d1a72538a70b90"},"headline":"ADELANTO: SE LEVANT\u00d3 LA TOMA DEL RECTORADO DE SAN LUIS","datePublished":"2024-08-14T20:06:25+00:00","dateModified":"2024-08-15T00:22:51+00:00","mainEntityOfPage":{"@id":"https:\/\/apuntesdesanluis.com\/index.php\/2024\/08\/14\/adelanto-se-levanto-la-toma-del-rectorado-de-san-luis\/"},"wordCount":320,"publisher":{"@id":"https:\/\/apuntesdesanluis.com\/#\/schema\/person\/b55151d52296fcce64d1a72538a70b90"},"image":{"@id":"https:\/\/apuntesdesanluis.com\/index.php\/2024\/08\/14\/adelanto-se-levanto-la-toma-del-rectorado-de-san-luis\/#primaryimage"},"thumbnailUrl":"https:\/\/apuntesdesanluis.com\/wp-content\/uploads\/2024\/08\/rectorado-de-san-luis.png","articleSection":["Ciudad\/Provincia"],"inLanguage":"es-AR"},{"@type":"WebPage","@id":"https:\/\/apuntesdesanluis.com\/index.php\/2024\/08\/14\/adelanto-se-levanto-la-toma-del-rectorado-de-san-luis\/","url":"https:\/\/apuntesdesanluis.com\/index.php\/2024\/08\/14\/adelanto-se-levanto-la-toma-del-rectorado-de-san-luis\/","name":"ADELANTO: SE LEVANT\u00d3 LA TOMA DEL RECTORADO DE SAN LUIS - Apuntes de San Luis","isPartOf":{"@id":"https:\/\/apuntesdesanluis.com\/#website"},"primaryImageOfPage":{"@id":"https:\/\/apuntesdesanluis.com\/index.php\/2024\/08\/14\/adelanto-se-levanto-la-toma-del-rectorado-de-san-luis\/#primaryimage"},"image":{"@id":"https:\/\/apuntesdesanluis.com\/index.php\/2024\/08\/14\/adelanto-se-levanto-la-toma-del-rectorado-de-san-luis\/#primaryimage"},"thumbnailUrl":"https:\/\/apuntesdesanluis.com\/wp-content\/uploads\/2024\/08\/rectorado-de-san-luis.png","datePublished":"2024-08-14T20:06:25+00:00","dateModified":"2024-08-15T00:22:51+00:00","breadcrumb":{"@id":"https:\/\/apuntesdesanluis.com\/index.php\/2024\/08\/14\/adelanto-se-levanto-la-toma-del-rectorado-de-san-luis\/#breadcrumb"},"inLanguage":"es-AR","potentialAction":[{"@type":"ReadAction","target":["https:\/\/apuntesdesanluis.com\/index.php\/2024\/08\/14\/adelanto-se-levanto-la-toma-del-rectorado-de-san-luis\/"]}]},{"@type":"ImageObject","inLanguage":"es-AR","@id":"https:\/\/apuntesdesanluis.com\/index.php\/2024\/08\/14\/adelanto-se-levanto-la-toma-del-rectorado-de-san-luis\/#primaryimage","url":"https:\/\/apuntesdesanluis.com\/wp-content\/uploads\/2024\/08\/rectorado-de-san-luis.png","contentUrl":"https:\/\/apuntesdesanluis.com\/wp-content\/uploads\/2024\/08\/rectorado-de-san-luis.png","width":700,"height":461},{"@type":"BreadcrumbList","@id":"https:\/\/apuntesdesanluis.com\/index.php\/2024\/08\/14\/adelanto-se-levanto-la-toma-del-rectorado-de-san-luis\/#breadcrumb","itemListElement":[{"@type":"ListItem","position":1,"name":"Inicio","item":"https:\/\/apuntesdesanluis.com\/"},{"@type":"ListItem","position":2,"name":"ADELANTO: SE LEVANT\u00d3 LA TOMA DEL RECTORADO DE SAN LUIS"}]},{"@type":"WebSite","@id":"https:\/\/apuntesdesanluis.com\/#website","url":"https:\/\/apuntesdesanluis.com\/","name":"Apuntes de San Luis","description":"","publisher":{"@id":"https:\/\/apuntesdesanluis.com\/#\/schema\/person\/b55151d52296fcce64d1a72538a70b90"},"potentialAction":[{"@type":"SearchAction","target":{"@type":"EntryPoint","urlTemplate":"https:\/\/apuntesdesanluis.com\/?s={search_term_string}"},"query-input":{"@type":"PropertyValueSpecification","valueRequired":true,"valueName":"search_term_string"}}],"inLanguage":"es-AR"},{"@type":["Person","Organization"],"@id":"https:\/\/apuntesdesanluis.com\/#\/schema\/person\/b55151d52296fcce64d1a72538a70b90","name":"apuntesdesanluis.com","image":{"@type":"ImageObject","inLanguage":"es-AR","@id":"https:\/\/apuntesdesanluis.com\/#\/schema\/person\/image\/","url":"https:\/\/apuntesdesanluis.com\/wp-content\/uploads\/2023\/07\/cropped-apuntesdesanluis.png","contentUrl":"https:\/\/apuntesdesanluis.com\/wp-content\/uploads\/2023\/07\/cropped-apuntesdesanluis.png","width":450,"height":112,"caption":"apuntesdesanluis.com"},"logo":{"@id":"https:\/\/apuntesdesanluis.com\/#\/schema\/person\/image\/"},"sameAs":["https:\/\/apuntesdesanluis.com"],"url":"https:\/\/apuntesdesanluis.com\/index.php\/author\/apuntesdesanluis-com\/"}]}},"featured_image_urls":{"full":["https:\/\/apuntesdesanluis.com\/wp-content\/uploads\/2024\/08\/rectorado-de-san-luis.png",700,461,false],"thumbnail":["https:\/\/apuntesdesanluis.com\/wp-content\/uploads\/2024\/08\/rectorado-de-san-luis-150x150.png",150,150,true],"medium":["https:\/\/apuntesdesanluis.com\/wp-content\/uploads\/2024\/08\/rectorado-de-san-luis-300x198.png",300,198,true],"medium_large":["https:\/\/apuntesdesanluis.com\/wp-content\/uploads\/2024\/08\/rectorado-de-san-luis.png",640,421,false],"large":["https:\/\/apuntesdesanluis.com\/wp-content\/uploads\/2024\/08\/rectorado-de-san-luis.png",640,421,false],"1536x1536":["https:\/\/apuntesdesanluis.com\/wp-content\/uploads\/2024\/08\/rectorado-de-san-luis.png",700,461,false],"2048x2048":["https:\/\/apuntesdesanluis.com\/wp-content\/uploads\/2024\/08\/rectorado-de-san-luis.png",700,461,false],"newsever-slider-full":["https:\/\/apuntesdesanluis.com\/wp-content\/uploads\/2024\/08\/rectorado-de-san-luis.png",700,461,false],"newsever-featured":["https:\/\/apuntesdesanluis.com\/wp-content\/uploads\/2024\/08\/rectorado-de-san-luis.png",700,461,false],"newsever-medium":["https:\/\/apuntesdesanluis.com\/wp-content\/uploads\/2024\/08\/rectorado-de-san-luis.png",700,461,false]},"author_info":{"display_name":"apuntesdesanluis.com","author_link":"https:\/\/apuntesdesanluis.com\/index.php\/author\/apuntesdesanluis-com\/"},"category_info":"<a href=\"https:\/\/apuntesdesanluis.com\/index.php\/category\/ciudad-provincia\/\" rel=\"category tag\">Ciudad\/Provincia<\/a>","tag_info":"Ciudad\/Provincia","comment_count":"0","_links":{"self":[{"href":"https:\/\/apuntesdesanluis.com\/index.php\/wp-json\/wp\/v2\/posts\/20865","targetHints":{"allow":["GET"]}}],"collection":[{"href":"https:\/\/apuntesdesanluis.com\/index.php\/wp-json\/wp\/v2\/posts"}],"about":[{"href":"https:\/\/apuntesdesanluis.com\/index.php\/wp-json\/wp\/v2\/types\/post"}],"author":[{"embeddable":true,"href":"https:\/\/apuntesdesanluis.com\/index.php\/wp-json\/wp\/v2\/users\/1"}],"replies":[{"embeddable":true,"href":"https:\/\/apuntesdesanluis.com\/index.php\/wp-json\/wp\/v2\/comments?post=20865"}],"version-history":[{"count":3,"href":"https:\/\/apuntesdesanluis.com\/index.php\/wp-json\/wp\/v2\/posts\/20865\/revisions"}],"predecessor-version":[{"id":20895,"href":"https:\/\/apuntesdesanluis.com\/index.php\/wp-json\/wp\/v2\/posts\/20865\/revisions\/20895"}],"wp:featuredmedia":[{"embeddable":true,"href":"https:\/\/apuntesdesanluis.com\/index.php\/wp-json\/wp\/v2\/media\/20866"}],"wp:attachment":[{"href":"https:\/\/apuntesdesanluis.com\/index.php\/wp-json\/wp\/v2\/media?parent=20865"}],"wp:term":[{"taxonomy":"category","embeddable":true,"href":"https:\/\/apuntesdesanluis.com\/index.php\/wp-json\/wp\/v2\/categories?post=20865"},{"taxonomy":"post_tag","embeddable":true,"href":"https:\/\/apuntesdesanluis.com\/index.php\/wp-json\/wp\/v2\/tags?post=20865"}],"curies":[{"name":"wp","href":"https:\/\/api.w.org\/{rel}","templated":true}]}}