{"id":20873,"date":"2024-08-14T20:37:24","date_gmt":"2024-08-14T23:37:24","guid":{"rendered":"https:\/\/apuntesdesanluis.com\/?p=20873"},"modified":"2024-08-14T20:37:24","modified_gmt":"2024-08-14T23:37:24","slug":"la-diputada-libertaria-lilia-lemoine-revelo-en-plena-sesion-que-fue-victima-de-violacion-hace-18-anos","status":"publish","type":"post","link":"https:\/\/apuntesdesanluis.com\/index.php\/2024\/08\/14\/la-diputada-libertaria-lilia-lemoine-revelo-en-plena-sesion-que-fue-victima-de-violacion-hace-18-anos\/","title":{"rendered":"LA DIPUTADA LIBERTARIA LILIA LEMOINE REVEL\u00d3 EN PLENA SESI\u00d3N QUE FUE V\u00cdCTIMA DE VIOLACI\u00d3N HACE 18 A\u00d1OS"},"content":{"rendered":"<h3>La diputada de La Libertad Avanza <strong>Lilia Lemoine<\/strong> revel\u00f3 durante la sesi\u00f3n en la que se debat\u00eda un proyecto para ampliar el Registro de Datos Gen\u00e9ticos que fue v\u00edctima de violaci\u00f3n hace 18 a\u00f1os y que todav\u00eda guarda una botella de agua que podr\u00eda servir de evidencia.<\/h3>\n<h3>Pocos minutos antes de la votaci\u00f3n del proyecto, que recibi\u00f3 la media sanci\u00f3n, Lemoine pidi\u00f3 la palabra y cont\u00f3 su dura historia personal. \u201cLes pido disculpas porque me va a temblar la voz, porque los veo re\u00edrse ante una persona que fue violada hace 18 a\u00f1os y guard\u00f3 una prueba gen\u00e9tica\u201d, dijo.<\/h3>\n<h3>\u201cEn el a\u00f1o 2006 fui v\u00edctima de violaci\u00f3n, golpes y secuestro. Mi violador segu\u00eda libre y volvi\u00f3 varias veces a mi casa. Yo no lo conoc\u00eda, estaba loco. La polic\u00eda lamentablemente nunca lo encontr\u00f3\u201d, detall\u00f3.<\/h3>\n<h3>La diputada cont\u00f3 que fue justamente en 2006 que conoci\u00f3 a las Madres del Dolor, una de las organizaciones que impuls\u00f3 el proyecto que habilita a la Justicia a tomar muestras gen\u00e9ticas de las personas imputadas por cualquier delito. Si bien el registro ya existe, hasta el momento solo pueden incluirse muestras de personas condenadas por delitos contra la integridad sexual.<\/h3>\n<h3>Lemoine asegur\u00f3 que decidi\u00f3 hacer la denuncia para \u201cdejar de ser v\u00edctima\u201d y para que \u201ctodas las mujeres violadas sepan que vale la pena luchar\u201d.<\/h3>\n<p><iframe title=\"Diputada Lemoine, Lilia - LLA - Sesi\u00f3n Especial 14-08-2024 - PL\" width=\"640\" height=\"360\" src=\"https:\/\/www.youtube.com\/embed\/_LveKYAW0V4?feature=oembed\" frameborder=\"0\" allow=\"accelerometer; autoplay; clipboard-write; encrypted-media; gyroscope; picture-in-picture; web-share\" referrerpolicy=\"strict-origin-when-cross-origin\" allowfullscreen><\/iframe><\/p>\n<h3>Tambi\u00e9n sorprendi\u00f3 por apuntar contra los medios por el tratamiento que le dieron al tema y contra un conductor en particular. \u201cA m\u00ed, teniendo 26 a\u00f1os, los medios llegaron a burlarse de m\u00ed, en particular un conductor de apellido Pettinato (Roberto), porque en el programa del querid\u00edsimo Mauro Viale nos dio lugar en su programa, mi madre hizo un comentario desafortunado\u201d, relat\u00f3.<\/h3>\n<h3>Por otro lado, asegur\u00f3 que hace 18 a\u00f1os guarda como prueba gen\u00e9tica una botella de agua que el violador us\u00f3 para tomar. \u201cYo no s\u00e9 si sirve o no sirve, pero cada vez que el registro no se implementaba, yo lloraba y me preguntaba por qu\u00e9 esta burocracia de mierda se pone del lado de los violadores\u201d, dijo.<\/h3>\n<h3>\u201cTenemos derecho a que la Justicia y la pol\u00edtica nos protejan, por eso es importante que el registro est\u00e9 en manos de las fuerzas de seguridad. El registro tiene que servir para prevenir, porque son reincidentes\u201d, agreg\u00f3.<\/h3>\n<h3>La diputada tambi\u00e9n apunt\u00f3 contra la eficacia de algunas pol\u00edticas de g\u00e9nero: \u201cLos cantos, los hashtags, los bancos de colores pueden generar conciencia, pero no atrapan a los criminales. Y a un violador, aunque le hagas hacer un curso de la Ley Micaela, va a seguir violando. El \u00fanico medio para prevenir que un violador, que nunca se cura, es que tengan miedo de delinquir, hay que subir el costo de delinquir, necesitamos que los violadores y los asesinos vayan presos. Necesitamos que ellos vayan presos y nosotras podamos caminar tranquilas por la calle\u201d.<\/h3>\n<h3>La ampliaci\u00f3n del Registro de Datos Gen\u00e9ticos, medida impulsada por Patricia Bullrich, finalmente obtuvo media sanci\u00f3n con 146 votos a favor, en 87 contra y 7 abstenciones. La izquierda se opuso a la medida y hubo apoyo de los bloques dialoguistas.<\/h3>\n<p>&nbsp;<\/p>\n<p>&nbsp;<\/p>\n<p>&nbsp;<\/p>\n<p>&nbsp;<\/p>\n<p>&nbsp;<\/p>\n<p>&nbsp;<\/p>\n","protected":false},"excerpt":{"rendered":"<p>La diputada de La Libertad Avanza Lilia Lemoine revel\u00f3 durante la sesi\u00f3n en la que&#8230;<\/p>\n","protected":false},"author":1,"featured_media":20874,"comment_status":"closed","ping_status":"closed","sticky":false,"template":"","format":"standard","meta":{"footnotes":""},"categories":[5],"tags":[],"class_list":["post-20873","post","type-post","status-publish","format-standard","has-post-thumbnail","hentry","category-nacionales-internacionales"],"yoast_head":"<!-- This site is optimized with the Yoast SEO plugin v26.1.1 - https:\/\/yoast.com\/wordpress\/plugins\/seo\/ -->\n<title>LA DIPUTADA LIBERTARIA LILIA LEMOINE REVEL\u00d3 EN PLENA SESI\u00d3N QUE FUE V\u00cdCTIMA DE VIOLACI\u00d3N HACE 18 A\u00d1OS - Apuntes de San Luis<\/title>\n<meta name=\"robots\" content=\"index, follow, max-snippet:-1, max-image-preview:large, max-video-preview:-1\" \/>\n<link rel=\"canonical\" href=\"https:\/\/apuntesdesanluis.com\/index.php\/2024\/08\/14\/la-diputada-libertaria-lilia-lemoine-revelo-en-plena-sesion-que-fue-victima-de-violacion-hace-18-anos\/\" \/>\n<meta property=\"og:locale\" content=\"es_ES\" \/>\n<meta property=\"og:type\" content=\"article\" \/>\n<meta property=\"og:title\" content=\"LA DIPUTADA LIBERTARIA LILIA LEMOINE REVEL\u00d3 EN PLENA SESI\u00d3N QUE FUE V\u00cdCTIMA DE VIOLACI\u00d3N HACE 18 A\u00d1OS - Apuntes de San Luis\" \/>\n<meta property=\"og:description\" content=\"La diputada de La Libertad Avanza Lilia Lemoine revel\u00f3 durante la sesi\u00f3n en la que...\" \/>\n<meta property=\"og:url\" content=\"https:\/\/apuntesdesanluis.com\/index.php\/2024\/08\/14\/la-diputada-libertaria-lilia-lemoine-revelo-en-plena-sesion-que-fue-victima-de-violacion-hace-18-anos\/\" \/>\n<meta property=\"og:site_name\" content=\"Apuntes de San Luis\" \/>\n<meta property=\"article:published_time\" content=\"2024-08-14T23:37:24+00:00\" \/>\n<meta property=\"og:image\" content=\"https:\/\/apuntesdesanluis.com\/wp-content\/uploads\/2024\/08\/LILIA-LEMOINE.png\" \/>\n\t<meta property=\"og:image:width\" content=\"735\" \/>\n\t<meta property=\"og:image:height\" content=\"437\" \/>\n\t<meta property=\"og:image:type\" content=\"image\/png\" \/>\n<meta name=\"author\" content=\"apuntesdesanluis.com\" \/>\n<meta name=\"twitter:card\" content=\"summary_large_image\" \/>\n<meta name=\"twitter:label1\" content=\"Escrito por\" \/>\n\t<meta name=\"twitter:data1\" content=\"apuntesdesanluis.com\" \/>\n\t<meta name=\"twitter:label2\" content=\"Tiempo de lectura\" \/>\n\t<meta name=\"twitter:data2\" content=\"3 minutos\" \/>\n<script type=\"application\/ld+json\" class=\"yoast-schema-graph\">{\"@context\":\"https:\/\/schema.org\",\"@graph\":[{\"@type\":\"Article\",\"@id\":\"https:\/\/apuntesdesanluis.com\/index.php\/2024\/08\/14\/la-diputada-libertaria-lilia-lemoine-revelo-en-plena-sesion-que-fue-victima-de-violacion-hace-18-anos\/#article\",\"isPartOf\":{\"@id\":\"https:\/\/apuntesdesanluis.com\/index.php\/2024\/08\/14\/la-diputada-libertaria-lilia-lemoine-revelo-en-plena-sesion-que-fue-victima-de-violacion-hace-18-anos\/\"},\"author\":{\"name\":\"apuntesdesanluis.com\",\"@id\":\"https:\/\/apuntesdesanluis.com\/#\/schema\/person\/b55151d52296fcce64d1a72538a70b90\"},\"headline\":\"LA DIPUTADA LIBERTARIA LILIA LEMOINE REVEL\u00d3 EN PLENA SESI\u00d3N QUE FUE V\u00cdCTIMA DE VIOLACI\u00d3N HACE 18 A\u00d1OS\",\"datePublished\":\"2024-08-14T23:37:24+00:00\",\"mainEntityOfPage\":{\"@id\":\"https:\/\/apuntesdesanluis.com\/index.php\/2024\/08\/14\/la-diputada-libertaria-lilia-lemoine-revelo-en-plena-sesion-que-fue-victima-de-violacion-hace-18-anos\/\"},\"wordCount\":572,\"publisher\":{\"@id\":\"https:\/\/apuntesdesanluis.com\/#\/schema\/person\/b55151d52296fcce64d1a72538a70b90\"},\"image\":{\"@id\":\"https:\/\/apuntesdesanluis.com\/index.php\/2024\/08\/14\/la-diputada-libertaria-lilia-lemoine-revelo-en-plena-sesion-que-fue-victima-de-violacion-hace-18-anos\/#primaryimage\"},\"thumbnailUrl\":\"https:\/\/apuntesdesanluis.com\/wp-content\/uploads\/2024\/08\/LILIA-LEMOINE.png\",\"articleSection\":[\"Nacionales\/Internacionales\"],\"inLanguage\":\"es-AR\"},{\"@type\":\"WebPage\",\"@id\":\"https:\/\/apuntesdesanluis.com\/index.php\/2024\/08\/14\/la-diputada-libertaria-lilia-lemoine-revelo-en-plena-sesion-que-fue-victima-de-violacion-hace-18-anos\/\",\"url\":\"https:\/\/apuntesdesanluis.com\/index.php\/2024\/08\/14\/la-diputada-libertaria-lilia-lemoine-revelo-en-plena-sesion-que-fue-victima-de-violacion-hace-18-anos\/\",\"name\":\"LA DIPUTADA LIBERTARIA LILIA LEMOINE REVEL\u00d3 EN PLENA SESI\u00d3N QUE FUE V\u00cdCTIMA DE VIOLACI\u00d3N HACE 18 A\u00d1OS - Apuntes de San Luis\",\"isPartOf\":{\"@id\":\"https:\/\/apuntesdesanluis.com\/#website\"},\"primaryImageOfPage\":{\"@id\":\"https:\/\/apuntesdesanluis.com\/index.php\/2024\/08\/14\/la-diputada-libertaria-lilia-lemoine-revelo-en-plena-sesion-que-fue-victima-de-violacion-hace-18-anos\/#primaryimage\"},\"image\":{\"@id\":\"https:\/\/apuntesdesanluis.com\/index.php\/2024\/08\/14\/la-diputada-libertaria-lilia-lemoine-revelo-en-plena-sesion-que-fue-victima-de-violacion-hace-18-anos\/#primaryimage\"},\"thumbnailUrl\":\"https:\/\/apuntesdesanluis.com\/wp-content\/uploads\/2024\/08\/LILIA-LEMOINE.png\",\"datePublished\":\"2024-08-14T23:37:24+00:00\",\"breadcrumb\":{\"@id\":\"https:\/\/apuntesdesanluis.com\/index.php\/2024\/08\/14\/la-diputada-libertaria-lilia-lemoine-revelo-en-plena-sesion-que-fue-victima-de-violacion-hace-18-anos\/#breadcrumb\"},\"inLanguage\":\"es-AR\",\"potentialAction\":[{\"@type\":\"ReadAction\",\"target\":[\"https:\/\/apuntesdesanluis.com\/index.php\/2024\/08\/14\/la-diputada-libertaria-lilia-lemoine-revelo-en-plena-sesion-que-fue-victima-de-violacion-hace-18-anos\/\"]}]},{\"@type\":\"ImageObject\",\"inLanguage\":\"es-AR\",\"@id\":\"https:\/\/apuntesdesanluis.com\/index.php\/2024\/08\/14\/la-diputada-libertaria-lilia-lemoine-revelo-en-plena-sesion-que-fue-victima-de-violacion-hace-18-anos\/#primaryimage\",\"url\":\"https:\/\/apuntesdesanluis.com\/wp-content\/uploads\/2024\/08\/LILIA-LEMOINE.png\",\"contentUrl\":\"https:\/\/apuntesdesanluis.com\/wp-content\/uploads\/2024\/08\/LILIA-LEMOINE.png\",\"width\":735,\"height\":437},{\"@type\":\"BreadcrumbList\",\"@id\":\"https:\/\/apuntesdesanluis.com\/index.php\/2024\/08\/14\/la-diputada-libertaria-lilia-lemoine-revelo-en-plena-sesion-que-fue-victima-de-violacion-hace-18-anos\/#breadcrumb\",\"itemListElement\":[{\"@type\":\"ListItem\",\"position\":1,\"name\":\"Inicio\",\"item\":\"https:\/\/apuntesdesanluis.com\/\"},{\"@type\":\"ListItem\",\"position\":2,\"name\":\"LA DIPUTADA LIBERTARIA LILIA LEMOINE REVEL\u00d3 EN PLENA SESI\u00d3N QUE FUE V\u00cdCTIMA DE VIOLACI\u00d3N HACE 18 A\u00d1OS\"}]},{\"@type\":\"WebSite\",\"@id\":\"https:\/\/apuntesdesanluis.com\/#website\",\"url\":\"https:\/\/apuntesdesanluis.com\/\",\"name\":\"Apuntes de San Luis\",\"description\":\"\",\"publisher\":{\"@id\":\"https:\/\/apuntesdesanluis.com\/#\/schema\/person\/b55151d52296fcce64d1a72538a70b90\"},\"potentialAction\":[{\"@type\":\"SearchAction\",\"target\":{\"@type\":\"EntryPoint\",\"urlTemplate\":\"https:\/\/apuntesdesanluis.com\/?s={search_term_string}\"},\"query-input\":{\"@type\":\"PropertyValueSpecification\",\"valueRequired\":true,\"valueName\":\"search_term_string\"}}],\"inLanguage\":\"es-AR\"},{\"@type\":[\"Person\",\"Organization\"],\"@id\":\"https:\/\/apuntesdesanluis.com\/#\/schema\/person\/b55151d52296fcce64d1a72538a70b90\",\"name\":\"apuntesdesanluis.com\",\"image\":{\"@type\":\"ImageObject\",\"inLanguage\":\"es-AR\",\"@id\":\"https:\/\/apuntesdesanluis.com\/#\/schema\/person\/image\/\",\"url\":\"https:\/\/apuntesdesanluis.com\/wp-content\/uploads\/2023\/07\/cropped-apuntesdesanluis.png\",\"contentUrl\":\"https:\/\/apuntesdesanluis.com\/wp-content\/uploads\/2023\/07\/cropped-apuntesdesanluis.png\",\"width\":450,\"height\":112,\"caption\":\"apuntesdesanluis.com\"},\"logo\":{\"@id\":\"https:\/\/apuntesdesanluis.com\/#\/schema\/person\/image\/\"},\"sameAs\":[\"https:\/\/apuntesdesanluis.com\"],\"url\":\"https:\/\/apuntesdesanluis.com\/index.php\/author\/apuntesdesanluis-com\/\"}]}<\/script>\n<!-- \/ Yoast SEO plugin. -->","yoast_head_json":{"title":"LA DIPUTADA LIBERTARIA LILIA LEMOINE REVEL\u00d3 EN PLENA SESI\u00d3N QUE FUE V\u00cdCTIMA DE VIOLACI\u00d3N HACE 18 A\u00d1OS - Apuntes de San Luis","robots":{"index":"index","follow":"follow","max-snippet":"max-snippet:-1","max-image-preview":"max-image-preview:large","max-video-preview":"max-video-preview:-1"},"canonical":"https:\/\/apuntesdesanluis.com\/index.php\/2024\/08\/14\/la-diputada-libertaria-lilia-lemoine-revelo-en-plena-sesion-que-fue-victima-de-violacion-hace-18-anos\/","og_locale":"es_ES","og_type":"article","og_title":"LA DIPUTADA LIBERTARIA LILIA LEMOINE REVEL\u00d3 EN PLENA SESI\u00d3N QUE FUE V\u00cdCTIMA DE VIOLACI\u00d3N HACE 18 A\u00d1OS - Apuntes de San Luis","og_description":"La diputada de La Libertad Avanza Lilia Lemoine revel\u00f3 durante la sesi\u00f3n en la que...","og_url":"https:\/\/apuntesdesanluis.com\/index.php\/2024\/08\/14\/la-diputada-libertaria-lilia-lemoine-revelo-en-plena-sesion-que-fue-victima-de-violacion-hace-18-anos\/","og_site_name":"Apuntes de San Luis","article_published_time":"2024-08-14T23:37:24+00:00","og_image":[{"width":735,"height":437,"url":"https:\/\/apuntesdesanluis.com\/wp-content\/uploads\/2024\/08\/LILIA-LEMOINE.png","type":"image\/png"}],"author":"apuntesdesanluis.com","twitter_card":"summary_large_image","twitter_misc":{"Escrito por":"apuntesdesanluis.com","Tiempo de lectura":"3 minutos"},"schema":{"@context":"https:\/\/schema.org","@graph":[{"@type":"Article","@id":"https:\/\/apuntesdesanluis.com\/index.php\/2024\/08\/14\/la-diputada-libertaria-lilia-lemoine-revelo-en-plena-sesion-que-fue-victima-de-violacion-hace-18-anos\/#article","isPartOf":{"@id":"https:\/\/apuntesdesanluis.com\/index.php\/2024\/08\/14\/la-diputada-libertaria-lilia-lemoine-revelo-en-plena-sesion-que-fue-victima-de-violacion-hace-18-anos\/"},"author":{"name":"apuntesdesanluis.com","@id":"https:\/\/apuntesdesanluis.com\/#\/schema\/person\/b55151d52296fcce64d1a72538a70b90"},"headline":"LA DIPUTADA LIBERTARIA LILIA LEMOINE REVEL\u00d3 EN PLENA SESI\u00d3N QUE FUE V\u00cdCTIMA DE VIOLACI\u00d3N HACE 18 A\u00d1OS","datePublished":"2024-08-14T23:37:24+00:00","mainEntityOfPage":{"@id":"https:\/\/apuntesdesanluis.com\/index.php\/2024\/08\/14\/la-diputada-libertaria-lilia-lemoine-revelo-en-plena-sesion-que-fue-victima-de-violacion-hace-18-anos\/"},"wordCount":572,"publisher":{"@id":"https:\/\/apuntesdesanluis.com\/#\/schema\/person\/b55151d52296fcce64d1a72538a70b90"},"image":{"@id":"https:\/\/apuntesdesanluis.com\/index.php\/2024\/08\/14\/la-diputada-libertaria-lilia-lemoine-revelo-en-plena-sesion-que-fue-victima-de-violacion-hace-18-anos\/#primaryimage"},"thumbnailUrl":"https:\/\/apuntesdesanluis.com\/wp-content\/uploads\/2024\/08\/LILIA-LEMOINE.png","articleSection":["Nacionales\/Internacionales"],"inLanguage":"es-AR"},{"@type":"WebPage","@id":"https:\/\/apuntesdesanluis.com\/index.php\/2024\/08\/14\/la-diputada-libertaria-lilia-lemoine-revelo-en-plena-sesion-que-fue-victima-de-violacion-hace-18-anos\/","url":"https:\/\/apuntesdesanluis.com\/index.php\/2024\/08\/14\/la-diputada-libertaria-lilia-lemoine-revelo-en-plena-sesion-que-fue-victima-de-violacion-hace-18-anos\/","name":"LA DIPUTADA LIBERTARIA LILIA LEMOINE REVEL\u00d3 EN PLENA SESI\u00d3N QUE FUE V\u00cdCTIMA DE VIOLACI\u00d3N HACE 18 A\u00d1OS - Apuntes de San Luis","isPartOf":{"@id":"https:\/\/apuntesdesanluis.com\/#website"},"primaryImageOfPage":{"@id":"https:\/\/apuntesdesanluis.com\/index.php\/2024\/08\/14\/la-diputada-libertaria-lilia-lemoine-revelo-en-plena-sesion-que-fue-victima-de-violacion-hace-18-anos\/#primaryimage"},"image":{"@id":"https:\/\/apuntesdesanluis.com\/index.php\/2024\/08\/14\/la-diputada-libertaria-lilia-lemoine-revelo-en-plena-sesion-que-fue-victima-de-violacion-hace-18-anos\/#primaryimage"},"thumbnailUrl":"https:\/\/apuntesdesanluis.com\/wp-content\/uploads\/2024\/08\/LILIA-LEMOINE.png","datePublished":"2024-08-14T23:37:24+00:00","breadcrumb":{"@id":"https:\/\/apuntesdesanluis.com\/index.php\/2024\/08\/14\/la-diputada-libertaria-lilia-lemoine-revelo-en-plena-sesion-que-fue-victima-de-violacion-hace-18-anos\/#breadcrumb"},"inLanguage":"es-AR","potentialAction":[{"@type":"ReadAction","target":["https:\/\/apuntesdesanluis.com\/index.php\/2024\/08\/14\/la-diputada-libertaria-lilia-lemoine-revelo-en-plena-sesion-que-fue-victima-de-violacion-hace-18-anos\/"]}]},{"@type":"ImageObject","inLanguage":"es-AR","@id":"https:\/\/apuntesdesanluis.com\/index.php\/2024\/08\/14\/la-diputada-libertaria-lilia-lemoine-revelo-en-plena-sesion-que-fue-victima-de-violacion-hace-18-anos\/#primaryimage","url":"https:\/\/apuntesdesanluis.com\/wp-content\/uploads\/2024\/08\/LILIA-LEMOINE.png","contentUrl":"https:\/\/apuntesdesanluis.com\/wp-content\/uploads\/2024\/08\/LILIA-LEMOINE.png","width":735,"height":437},{"@type":"BreadcrumbList","@id":"https:\/\/apuntesdesanluis.com\/index.php\/2024\/08\/14\/la-diputada-libertaria-lilia-lemoine-revelo-en-plena-sesion-que-fue-victima-de-violacion-hace-18-anos\/#breadcrumb","itemListElement":[{"@type":"ListItem","position":1,"name":"Inicio","item":"https:\/\/apuntesdesanluis.com\/"},{"@type":"ListItem","position":2,"name":"LA DIPUTADA LIBERTARIA LILIA LEMOINE REVEL\u00d3 EN PLENA SESI\u00d3N QUE FUE V\u00cdCTIMA DE VIOLACI\u00d3N HACE 18 A\u00d1OS"}]},{"@type":"WebSite","@id":"https:\/\/apuntesdesanluis.com\/#website","url":"https:\/\/apuntesdesanluis.com\/","name":"Apuntes de San Luis","description":"","publisher":{"@id":"https:\/\/apuntesdesanluis.com\/#\/schema\/person\/b55151d52296fcce64d1a72538a70b90"},"potentialAction":[{"@type":"SearchAction","target":{"@type":"EntryPoint","urlTemplate":"https:\/\/apuntesdesanluis.com\/?s={search_term_string}"},"query-input":{"@type":"PropertyValueSpecification","valueRequired":true,"valueName":"search_term_string"}}],"inLanguage":"es-AR"},{"@type":["Person","Organization"],"@id":"https:\/\/apuntesdesanluis.com\/#\/schema\/person\/b55151d52296fcce64d1a72538a70b90","name":"apuntesdesanluis.com","image":{"@type":"ImageObject","inLanguage":"es-AR","@id":"https:\/\/apuntesdesanluis.com\/#\/schema\/person\/image\/","url":"https:\/\/apuntesdesanluis.com\/wp-content\/uploads\/2023\/07\/cropped-apuntesdesanluis.png","contentUrl":"https:\/\/apuntesdesanluis.com\/wp-content\/uploads\/2023\/07\/cropped-apuntesdesanluis.png","width":450,"height":112,"caption":"apuntesdesanluis.com"},"logo":{"@id":"https:\/\/apuntesdesanluis.com\/#\/schema\/person\/image\/"},"sameAs":["https:\/\/apuntesdesanluis.com"],"url":"https:\/\/apuntesdesanluis.com\/index.php\/author\/apuntesdesanluis-com\/"}]}},"featured_image_urls":{"full":["https:\/\/apuntesdesanluis.com\/wp-content\/uploads\/2024\/08\/LILIA-LEMOINE.png",735,437,false],"thumbnail":["https:\/\/apuntesdesanluis.com\/wp-content\/uploads\/2024\/08\/LILIA-LEMOINE-150x150.png",150,150,true],"medium":["https:\/\/apuntesdesanluis.com\/wp-content\/uploads\/2024\/08\/LILIA-LEMOINE-300x178.png",300,178,true],"medium_large":["https:\/\/apuntesdesanluis.com\/wp-content\/uploads\/2024\/08\/LILIA-LEMOINE.png",640,381,false],"large":["https:\/\/apuntesdesanluis.com\/wp-content\/uploads\/2024\/08\/LILIA-LEMOINE.png",640,381,false],"1536x1536":["https:\/\/apuntesdesanluis.com\/wp-content\/uploads\/2024\/08\/LILIA-LEMOINE.png",735,437,false],"2048x2048":["https:\/\/apuntesdesanluis.com\/wp-content\/uploads\/2024\/08\/LILIA-LEMOINE.png",735,437,false],"newsever-slider-full":["https:\/\/apuntesdesanluis.com\/wp-content\/uploads\/2024\/08\/LILIA-LEMOINE.png",735,437,false],"newsever-featured":["https:\/\/apuntesdesanluis.com\/wp-content\/uploads\/2024\/08\/LILIA-LEMOINE.png",735,437,false],"newsever-medium":["https:\/\/apuntesdesanluis.com\/wp-content\/uploads\/2024\/08\/LILIA-LEMOINE-720x437.png",720,437,true]},"author_info":{"display_name":"apuntesdesanluis.com","author_link":"https:\/\/apuntesdesanluis.com\/index.php\/author\/apuntesdesanluis-com\/"},"category_info":"<a href=\"https:\/\/apuntesdesanluis.com\/index.php\/category\/nacionales-internacionales\/\" rel=\"category tag\">Nacionales\/Internacionales<\/a>","tag_info":"Nacionales\/Internacionales","comment_count":"0","_links":{"self":[{"href":"https:\/\/apuntesdesanluis.com\/index.php\/wp-json\/wp\/v2\/posts\/20873","targetHints":{"allow":["GET"]}}],"collection":[{"href":"https:\/\/apuntesdesanluis.com\/index.php\/wp-json\/wp\/v2\/posts"}],"about":[{"href":"https:\/\/apuntesdesanluis.com\/index.php\/wp-json\/wp\/v2\/types\/post"}],"author":[{"embeddable":true,"href":"https:\/\/apuntesdesanluis.com\/index.php\/wp-json\/wp\/v2\/users\/1"}],"replies":[{"embeddable":true,"href":"https:\/\/apuntesdesanluis.com\/index.php\/wp-json\/wp\/v2\/comments?post=20873"}],"version-history":[{"count":1,"href":"https:\/\/apuntesdesanluis.com\/index.php\/wp-json\/wp\/v2\/posts\/20873\/revisions"}],"predecessor-version":[{"id":20875,"href":"https:\/\/apuntesdesanluis.com\/index.php\/wp-json\/wp\/v2\/posts\/20873\/revisions\/20875"}],"wp:featuredmedia":[{"embeddable":true,"href":"https:\/\/apuntesdesanluis.com\/index.php\/wp-json\/wp\/v2\/media\/20874"}],"wp:attachment":[{"href":"https:\/\/apuntesdesanluis.com\/index.php\/wp-json\/wp\/v2\/media?parent=20873"}],"wp:term":[{"taxonomy":"category","embeddable":true,"href":"https:\/\/apuntesdesanluis.com\/index.php\/wp-json\/wp\/v2\/categories?post=20873"},{"taxonomy":"post_tag","embeddable":true,"href":"https:\/\/apuntesdesanluis.com\/index.php\/wp-json\/wp\/v2\/tags?post=20873"}],"curies":[{"name":"wp","href":"https:\/\/api.w.org\/{rel}","templated":true}]}}