{"id":20879,"date":"2024-08-14T20:46:31","date_gmt":"2024-08-14T23:46:31","guid":{"rendered":"https:\/\/apuntesdesanluis.com\/?p=20879"},"modified":"2024-08-14T20:46:31","modified_gmt":"2024-08-14T23:46:31","slug":"importante-adorni-y-karina-milei-presentaron-a-thor-un-perro-que-estara-en-la-casa-rosada","status":"publish","type":"post","link":"https:\/\/apuntesdesanluis.com\/index.php\/2024\/08\/14\/importante-adorni-y-karina-milei-presentaron-a-thor-un-perro-que-estara-en-la-casa-rosada\/","title":{"rendered":"IMPORTANTE: ADORNI Y KARINA MILEI PRESENTARON A THOR, UN PERRO QUE ESTAR\u00c1 EN LA CASA ROSADA"},"content":{"rendered":"<h3>&#8220;Tenemos nuevo integrante del equipo en Casa Rosada&#8221;, sostuvo el vocero alusi\u00f3n al can de raza Boyero de Berna.<\/h3>\n<h3>El vocero presidencial <strong>Manuel Adorni<\/strong> y la secretaria General de la Presidencia, <strong>Karina Milei<\/strong>, presentaron hoy a Thor, un perro que, al parecer, habitar\u00e1 en la Casa Rosada.<\/h3>\n<h3>&#8220;\u00a1Bienvenido Thor!&#8221;, escribi\u00f3 Adorni en su cuenta de X, junto a una foto de \u00e9l y la hermana del presidente Javier Milei posando junto a la mascota en la sede gubernamental de Balcarce 50.<\/h3>\n<h3>Si bien no se dieron mayores detalles, todo indica que el perro, de raza Boyero de Berna, pasar\u00e1 sus jornadas en alg\u00fan sector de la Casa de Gobierno.<\/h3>\n<h3>Horas antes, Adorni hab\u00eda publicado un tuit alusivo pero con misterio: &#8220;Tenemos nuevo integrante del equipo en Casa Rosada&#8221;, escribi\u00f3 hasta que horas despu\u00e9s devel\u00f3 de quien se trataba.<\/h3>\n<p>&nbsp;<\/p>\n<p>&nbsp;<\/p>\n<p>&nbsp;<\/p>\n<p>&nbsp;<\/p>\n","protected":false},"excerpt":{"rendered":"<p>&#8220;Tenemos nuevo integrante del equipo en Casa Rosada&#8221;, sostuvo el vocero alusi\u00f3n al can de&#8230;<\/p>\n","protected":false},"author":1,"featured_media":20880,"comment_status":"closed","ping_status":"closed","sticky":false,"template":"","format":"standard","meta":{"footnotes":""},"categories":[5],"tags":[],"class_list":["post-20879","post","type-post","status-publish","format-standard","has-post-thumbnail","hentry","category-nacionales-internacionales"],"yoast_head":"<!-- This site is optimized with the Yoast SEO plugin v26.1.1 - https:\/\/yoast.com\/wordpress\/plugins\/seo\/ -->\n<title>IMPORTANTE: ADORNI Y KARINA MILEI PRESENTARON A THOR, UN PERRO QUE ESTAR\u00c1 EN LA CASA ROSADA - Apuntes de San Luis<\/title>\n<meta name=\"robots\" content=\"index, follow, max-snippet:-1, max-image-preview:large, max-video-preview:-1\" \/>\n<link rel=\"canonical\" href=\"https:\/\/apuntesdesanluis.com\/index.php\/2024\/08\/14\/importante-adorni-y-karina-milei-presentaron-a-thor-un-perro-que-estara-en-la-casa-rosada\/\" \/>\n<meta property=\"og:locale\" content=\"es_ES\" \/>\n<meta property=\"og:type\" content=\"article\" \/>\n<meta property=\"og:title\" content=\"IMPORTANTE: ADORNI Y KARINA MILEI PRESENTARON A THOR, UN PERRO QUE ESTAR\u00c1 EN LA CASA ROSADA - Apuntes de San Luis\" \/>\n<meta property=\"og:description\" content=\"&#8220;Tenemos nuevo integrante del equipo en Casa Rosada&#8221;, sostuvo el vocero alusi\u00f3n al can de...\" \/>\n<meta property=\"og:url\" content=\"https:\/\/apuntesdesanluis.com\/index.php\/2024\/08\/14\/importante-adorni-y-karina-milei-presentaron-a-thor-un-perro-que-estara-en-la-casa-rosada\/\" \/>\n<meta property=\"og:site_name\" content=\"Apuntes de San Luis\" \/>\n<meta property=\"article:published_time\" content=\"2024-08-14T23:46:31+00:00\" \/>\n<meta property=\"og:image\" content=\"https:\/\/apuntesdesanluis.com\/wp-content\/uploads\/2024\/08\/KARINA-Y-ADORNI.png\" \/>\n\t<meta property=\"og:image:width\" content=\"746\" \/>\n\t<meta property=\"og:image:height\" content=\"508\" \/>\n\t<meta property=\"og:image:type\" content=\"image\/png\" \/>\n<meta name=\"author\" content=\"apuntesdesanluis.com\" \/>\n<meta name=\"twitter:card\" content=\"summary_large_image\" \/>\n<meta name=\"twitter:label1\" content=\"Escrito por\" \/>\n\t<meta name=\"twitter:data1\" content=\"apuntesdesanluis.com\" \/>\n\t<meta name=\"twitter:label2\" content=\"Tiempo de lectura\" \/>\n\t<meta name=\"twitter:data2\" content=\"1 minuto\" \/>\n<script type=\"application\/ld+json\" class=\"yoast-schema-graph\">{\"@context\":\"https:\/\/schema.org\",\"@graph\":[{\"@type\":\"Article\",\"@id\":\"https:\/\/apuntesdesanluis.com\/index.php\/2024\/08\/14\/importante-adorni-y-karina-milei-presentaron-a-thor-un-perro-que-estara-en-la-casa-rosada\/#article\",\"isPartOf\":{\"@id\":\"https:\/\/apuntesdesanluis.com\/index.php\/2024\/08\/14\/importante-adorni-y-karina-milei-presentaron-a-thor-un-perro-que-estara-en-la-casa-rosada\/\"},\"author\":{\"name\":\"apuntesdesanluis.com\",\"@id\":\"https:\/\/apuntesdesanluis.com\/#\/schema\/person\/b55151d52296fcce64d1a72538a70b90\"},\"headline\":\"IMPORTANTE: ADORNI Y KARINA MILEI PRESENTARON A THOR, UN PERRO QUE ESTAR\u00c1 EN LA CASA ROSADA\",\"datePublished\":\"2024-08-14T23:46:31+00:00\",\"mainEntityOfPage\":{\"@id\":\"https:\/\/apuntesdesanluis.com\/index.php\/2024\/08\/14\/importante-adorni-y-karina-milei-presentaron-a-thor-un-perro-que-estara-en-la-casa-rosada\/\"},\"wordCount\":161,\"publisher\":{\"@id\":\"https:\/\/apuntesdesanluis.com\/#\/schema\/person\/b55151d52296fcce64d1a72538a70b90\"},\"image\":{\"@id\":\"https:\/\/apuntesdesanluis.com\/index.php\/2024\/08\/14\/importante-adorni-y-karina-milei-presentaron-a-thor-un-perro-que-estara-en-la-casa-rosada\/#primaryimage\"},\"thumbnailUrl\":\"https:\/\/apuntesdesanluis.com\/wp-content\/uploads\/2024\/08\/KARINA-Y-ADORNI.png\",\"articleSection\":[\"Nacionales\/Internacionales\"],\"inLanguage\":\"es-AR\"},{\"@type\":\"WebPage\",\"@id\":\"https:\/\/apuntesdesanluis.com\/index.php\/2024\/08\/14\/importante-adorni-y-karina-milei-presentaron-a-thor-un-perro-que-estara-en-la-casa-rosada\/\",\"url\":\"https:\/\/apuntesdesanluis.com\/index.php\/2024\/08\/14\/importante-adorni-y-karina-milei-presentaron-a-thor-un-perro-que-estara-en-la-casa-rosada\/\",\"name\":\"IMPORTANTE: ADORNI Y KARINA MILEI PRESENTARON A THOR, UN PERRO QUE ESTAR\u00c1 EN LA CASA ROSADA - Apuntes de San Luis\",\"isPartOf\":{\"@id\":\"https:\/\/apuntesdesanluis.com\/#website\"},\"primaryImageOfPage\":{\"@id\":\"https:\/\/apuntesdesanluis.com\/index.php\/2024\/08\/14\/importante-adorni-y-karina-milei-presentaron-a-thor-un-perro-que-estara-en-la-casa-rosada\/#primaryimage\"},\"image\":{\"@id\":\"https:\/\/apuntesdesanluis.com\/index.php\/2024\/08\/14\/importante-adorni-y-karina-milei-presentaron-a-thor-un-perro-que-estara-en-la-casa-rosada\/#primaryimage\"},\"thumbnailUrl\":\"https:\/\/apuntesdesanluis.com\/wp-content\/uploads\/2024\/08\/KARINA-Y-ADORNI.png\",\"datePublished\":\"2024-08-14T23:46:31+00:00\",\"breadcrumb\":{\"@id\":\"https:\/\/apuntesdesanluis.com\/index.php\/2024\/08\/14\/importante-adorni-y-karina-milei-presentaron-a-thor-un-perro-que-estara-en-la-casa-rosada\/#breadcrumb\"},\"inLanguage\":\"es-AR\",\"potentialAction\":[{\"@type\":\"ReadAction\",\"target\":[\"https:\/\/apuntesdesanluis.com\/index.php\/2024\/08\/14\/importante-adorni-y-karina-milei-presentaron-a-thor-un-perro-que-estara-en-la-casa-rosada\/\"]}]},{\"@type\":\"ImageObject\",\"inLanguage\":\"es-AR\",\"@id\":\"https:\/\/apuntesdesanluis.com\/index.php\/2024\/08\/14\/importante-adorni-y-karina-milei-presentaron-a-thor-un-perro-que-estara-en-la-casa-rosada\/#primaryimage\",\"url\":\"https:\/\/apuntesdesanluis.com\/wp-content\/uploads\/2024\/08\/KARINA-Y-ADORNI.png\",\"contentUrl\":\"https:\/\/apuntesdesanluis.com\/wp-content\/uploads\/2024\/08\/KARINA-Y-ADORNI.png\",\"width\":746,\"height\":508},{\"@type\":\"BreadcrumbList\",\"@id\":\"https:\/\/apuntesdesanluis.com\/index.php\/2024\/08\/14\/importante-adorni-y-karina-milei-presentaron-a-thor-un-perro-que-estara-en-la-casa-rosada\/#breadcrumb\",\"itemListElement\":[{\"@type\":\"ListItem\",\"position\":1,\"name\":\"Inicio\",\"item\":\"https:\/\/apuntesdesanluis.com\/\"},{\"@type\":\"ListItem\",\"position\":2,\"name\":\"IMPORTANTE: ADORNI Y KARINA MILEI PRESENTARON A THOR, UN PERRO QUE ESTAR\u00c1 EN LA CASA ROSADA\"}]},{\"@type\":\"WebSite\",\"@id\":\"https:\/\/apuntesdesanluis.com\/#website\",\"url\":\"https:\/\/apuntesdesanluis.com\/\",\"name\":\"Apuntes de San Luis\",\"description\":\"\",\"publisher\":{\"@id\":\"https:\/\/apuntesdesanluis.com\/#\/schema\/person\/b55151d52296fcce64d1a72538a70b90\"},\"potentialAction\":[{\"@type\":\"SearchAction\",\"target\":{\"@type\":\"EntryPoint\",\"urlTemplate\":\"https:\/\/apuntesdesanluis.com\/?s={search_term_string}\"},\"query-input\":{\"@type\":\"PropertyValueSpecification\",\"valueRequired\":true,\"valueName\":\"search_term_string\"}}],\"inLanguage\":\"es-AR\"},{\"@type\":[\"Person\",\"Organization\"],\"@id\":\"https:\/\/apuntesdesanluis.com\/#\/schema\/person\/b55151d52296fcce64d1a72538a70b90\",\"name\":\"apuntesdesanluis.com\",\"image\":{\"@type\":\"ImageObject\",\"inLanguage\":\"es-AR\",\"@id\":\"https:\/\/apuntesdesanluis.com\/#\/schema\/person\/image\/\",\"url\":\"https:\/\/apuntesdesanluis.com\/wp-content\/uploads\/2023\/07\/cropped-apuntesdesanluis.png\",\"contentUrl\":\"https:\/\/apuntesdesanluis.com\/wp-content\/uploads\/2023\/07\/cropped-apuntesdesanluis.png\",\"width\":450,\"height\":112,\"caption\":\"apuntesdesanluis.com\"},\"logo\":{\"@id\":\"https:\/\/apuntesdesanluis.com\/#\/schema\/person\/image\/\"},\"sameAs\":[\"https:\/\/apuntesdesanluis.com\"],\"url\":\"https:\/\/apuntesdesanluis.com\/index.php\/author\/apuntesdesanluis-com\/\"}]}<\/script>\n<!-- \/ Yoast SEO plugin. -->","yoast_head_json":{"title":"IMPORTANTE: ADORNI Y KARINA MILEI PRESENTARON A THOR, UN PERRO QUE ESTAR\u00c1 EN LA CASA ROSADA - Apuntes de San Luis","robots":{"index":"index","follow":"follow","max-snippet":"max-snippet:-1","max-image-preview":"max-image-preview:large","max-video-preview":"max-video-preview:-1"},"canonical":"https:\/\/apuntesdesanluis.com\/index.php\/2024\/08\/14\/importante-adorni-y-karina-milei-presentaron-a-thor-un-perro-que-estara-en-la-casa-rosada\/","og_locale":"es_ES","og_type":"article","og_title":"IMPORTANTE: ADORNI Y KARINA MILEI PRESENTARON A THOR, UN PERRO QUE ESTAR\u00c1 EN LA CASA ROSADA - Apuntes de San Luis","og_description":"&#8220;Tenemos nuevo integrante del equipo en Casa Rosada&#8221;, sostuvo el vocero alusi\u00f3n al can de...","og_url":"https:\/\/apuntesdesanluis.com\/index.php\/2024\/08\/14\/importante-adorni-y-karina-milei-presentaron-a-thor-un-perro-que-estara-en-la-casa-rosada\/","og_site_name":"Apuntes de San Luis","article_published_time":"2024-08-14T23:46:31+00:00","og_image":[{"width":746,"height":508,"url":"https:\/\/apuntesdesanluis.com\/wp-content\/uploads\/2024\/08\/KARINA-Y-ADORNI.png","type":"image\/png"}],"author":"apuntesdesanluis.com","twitter_card":"summary_large_image","twitter_misc":{"Escrito por":"apuntesdesanluis.com","Tiempo de lectura":"1 minuto"},"schema":{"@context":"https:\/\/schema.org","@graph":[{"@type":"Article","@id":"https:\/\/apuntesdesanluis.com\/index.php\/2024\/08\/14\/importante-adorni-y-karina-milei-presentaron-a-thor-un-perro-que-estara-en-la-casa-rosada\/#article","isPartOf":{"@id":"https:\/\/apuntesdesanluis.com\/index.php\/2024\/08\/14\/importante-adorni-y-karina-milei-presentaron-a-thor-un-perro-que-estara-en-la-casa-rosada\/"},"author":{"name":"apuntesdesanluis.com","@id":"https:\/\/apuntesdesanluis.com\/#\/schema\/person\/b55151d52296fcce64d1a72538a70b90"},"headline":"IMPORTANTE: ADORNI Y KARINA MILEI PRESENTARON A THOR, UN PERRO QUE ESTAR\u00c1 EN LA CASA ROSADA","datePublished":"2024-08-14T23:46:31+00:00","mainEntityOfPage":{"@id":"https:\/\/apuntesdesanluis.com\/index.php\/2024\/08\/14\/importante-adorni-y-karina-milei-presentaron-a-thor-un-perro-que-estara-en-la-casa-rosada\/"},"wordCount":161,"publisher":{"@id":"https:\/\/apuntesdesanluis.com\/#\/schema\/person\/b55151d52296fcce64d1a72538a70b90"},"image":{"@id":"https:\/\/apuntesdesanluis.com\/index.php\/2024\/08\/14\/importante-adorni-y-karina-milei-presentaron-a-thor-un-perro-que-estara-en-la-casa-rosada\/#primaryimage"},"thumbnailUrl":"https:\/\/apuntesdesanluis.com\/wp-content\/uploads\/2024\/08\/KARINA-Y-ADORNI.png","articleSection":["Nacionales\/Internacionales"],"inLanguage":"es-AR"},{"@type":"WebPage","@id":"https:\/\/apuntesdesanluis.com\/index.php\/2024\/08\/14\/importante-adorni-y-karina-milei-presentaron-a-thor-un-perro-que-estara-en-la-casa-rosada\/","url":"https:\/\/apuntesdesanluis.com\/index.php\/2024\/08\/14\/importante-adorni-y-karina-milei-presentaron-a-thor-un-perro-que-estara-en-la-casa-rosada\/","name":"IMPORTANTE: ADORNI Y KARINA MILEI PRESENTARON A THOR, UN PERRO QUE ESTAR\u00c1 EN LA CASA ROSADA - Apuntes de San Luis","isPartOf":{"@id":"https:\/\/apuntesdesanluis.com\/#website"},"primaryImageOfPage":{"@id":"https:\/\/apuntesdesanluis.com\/index.php\/2024\/08\/14\/importante-adorni-y-karina-milei-presentaron-a-thor-un-perro-que-estara-en-la-casa-rosada\/#primaryimage"},"image":{"@id":"https:\/\/apuntesdesanluis.com\/index.php\/2024\/08\/14\/importante-adorni-y-karina-milei-presentaron-a-thor-un-perro-que-estara-en-la-casa-rosada\/#primaryimage"},"thumbnailUrl":"https:\/\/apuntesdesanluis.com\/wp-content\/uploads\/2024\/08\/KARINA-Y-ADORNI.png","datePublished":"2024-08-14T23:46:31+00:00","breadcrumb":{"@id":"https:\/\/apuntesdesanluis.com\/index.php\/2024\/08\/14\/importante-adorni-y-karina-milei-presentaron-a-thor-un-perro-que-estara-en-la-casa-rosada\/#breadcrumb"},"inLanguage":"es-AR","potentialAction":[{"@type":"ReadAction","target":["https:\/\/apuntesdesanluis.com\/index.php\/2024\/08\/14\/importante-adorni-y-karina-milei-presentaron-a-thor-un-perro-que-estara-en-la-casa-rosada\/"]}]},{"@type":"ImageObject","inLanguage":"es-AR","@id":"https:\/\/apuntesdesanluis.com\/index.php\/2024\/08\/14\/importante-adorni-y-karina-milei-presentaron-a-thor-un-perro-que-estara-en-la-casa-rosada\/#primaryimage","url":"https:\/\/apuntesdesanluis.com\/wp-content\/uploads\/2024\/08\/KARINA-Y-ADORNI.png","contentUrl":"https:\/\/apuntesdesanluis.com\/wp-content\/uploads\/2024\/08\/KARINA-Y-ADORNI.png","width":746,"height":508},{"@type":"BreadcrumbList","@id":"https:\/\/apuntesdesanluis.com\/index.php\/2024\/08\/14\/importante-adorni-y-karina-milei-presentaron-a-thor-un-perro-que-estara-en-la-casa-rosada\/#breadcrumb","itemListElement":[{"@type":"ListItem","position":1,"name":"Inicio","item":"https:\/\/apuntesdesanluis.com\/"},{"@type":"ListItem","position":2,"name":"IMPORTANTE: ADORNI Y KARINA MILEI PRESENTARON A THOR, UN PERRO QUE ESTAR\u00c1 EN LA CASA ROSADA"}]},{"@type":"WebSite","@id":"https:\/\/apuntesdesanluis.com\/#website","url":"https:\/\/apuntesdesanluis.com\/","name":"Apuntes de San Luis","description":"","publisher":{"@id":"https:\/\/apuntesdesanluis.com\/#\/schema\/person\/b55151d52296fcce64d1a72538a70b90"},"potentialAction":[{"@type":"SearchAction","target":{"@type":"EntryPoint","urlTemplate":"https:\/\/apuntesdesanluis.com\/?s={search_term_string}"},"query-input":{"@type":"PropertyValueSpecification","valueRequired":true,"valueName":"search_term_string"}}],"inLanguage":"es-AR"},{"@type":["Person","Organization"],"@id":"https:\/\/apuntesdesanluis.com\/#\/schema\/person\/b55151d52296fcce64d1a72538a70b90","name":"apuntesdesanluis.com","image":{"@type":"ImageObject","inLanguage":"es-AR","@id":"https:\/\/apuntesdesanluis.com\/#\/schema\/person\/image\/","url":"https:\/\/apuntesdesanluis.com\/wp-content\/uploads\/2023\/07\/cropped-apuntesdesanluis.png","contentUrl":"https:\/\/apuntesdesanluis.com\/wp-content\/uploads\/2023\/07\/cropped-apuntesdesanluis.png","width":450,"height":112,"caption":"apuntesdesanluis.com"},"logo":{"@id":"https:\/\/apuntesdesanluis.com\/#\/schema\/person\/image\/"},"sameAs":["https:\/\/apuntesdesanluis.com"],"url":"https:\/\/apuntesdesanluis.com\/index.php\/author\/apuntesdesanluis-com\/"}]}},"featured_image_urls":{"full":["https:\/\/apuntesdesanluis.com\/wp-content\/uploads\/2024\/08\/KARINA-Y-ADORNI.png",746,508,false],"thumbnail":["https:\/\/apuntesdesanluis.com\/wp-content\/uploads\/2024\/08\/KARINA-Y-ADORNI-150x150.png",150,150,true],"medium":["https:\/\/apuntesdesanluis.com\/wp-content\/uploads\/2024\/08\/KARINA-Y-ADORNI-300x204.png",300,204,true],"medium_large":["https:\/\/apuntesdesanluis.com\/wp-content\/uploads\/2024\/08\/KARINA-Y-ADORNI.png",640,436,false],"large":["https:\/\/apuntesdesanluis.com\/wp-content\/uploads\/2024\/08\/KARINA-Y-ADORNI.png",640,436,false],"1536x1536":["https:\/\/apuntesdesanluis.com\/wp-content\/uploads\/2024\/08\/KARINA-Y-ADORNI.png",746,508,false],"2048x2048":["https:\/\/apuntesdesanluis.com\/wp-content\/uploads\/2024\/08\/KARINA-Y-ADORNI.png",746,508,false],"newsever-slider-full":["https:\/\/apuntesdesanluis.com\/wp-content\/uploads\/2024\/08\/KARINA-Y-ADORNI.png",746,508,false],"newsever-featured":["https:\/\/apuntesdesanluis.com\/wp-content\/uploads\/2024\/08\/KARINA-Y-ADORNI.png",746,508,false],"newsever-medium":["https:\/\/apuntesdesanluis.com\/wp-content\/uploads\/2024\/08\/KARINA-Y-ADORNI-720x475.png",720,475,true]},"author_info":{"display_name":"apuntesdesanluis.com","author_link":"https:\/\/apuntesdesanluis.com\/index.php\/author\/apuntesdesanluis-com\/"},"category_info":"<a href=\"https:\/\/apuntesdesanluis.com\/index.php\/category\/nacionales-internacionales\/\" rel=\"category tag\">Nacionales\/Internacionales<\/a>","tag_info":"Nacionales\/Internacionales","comment_count":"0","_links":{"self":[{"href":"https:\/\/apuntesdesanluis.com\/index.php\/wp-json\/wp\/v2\/posts\/20879","targetHints":{"allow":["GET"]}}],"collection":[{"href":"https:\/\/apuntesdesanluis.com\/index.php\/wp-json\/wp\/v2\/posts"}],"about":[{"href":"https:\/\/apuntesdesanluis.com\/index.php\/wp-json\/wp\/v2\/types\/post"}],"author":[{"embeddable":true,"href":"https:\/\/apuntesdesanluis.com\/index.php\/wp-json\/wp\/v2\/users\/1"}],"replies":[{"embeddable":true,"href":"https:\/\/apuntesdesanluis.com\/index.php\/wp-json\/wp\/v2\/comments?post=20879"}],"version-history":[{"count":1,"href":"https:\/\/apuntesdesanluis.com\/index.php\/wp-json\/wp\/v2\/posts\/20879\/revisions"}],"predecessor-version":[{"id":20881,"href":"https:\/\/apuntesdesanluis.com\/index.php\/wp-json\/wp\/v2\/posts\/20879\/revisions\/20881"}],"wp:featuredmedia":[{"embeddable":true,"href":"https:\/\/apuntesdesanluis.com\/index.php\/wp-json\/wp\/v2\/media\/20880"}],"wp:attachment":[{"href":"https:\/\/apuntesdesanluis.com\/index.php\/wp-json\/wp\/v2\/media?parent=20879"}],"wp:term":[{"taxonomy":"category","embeddable":true,"href":"https:\/\/apuntesdesanluis.com\/index.php\/wp-json\/wp\/v2\/categories?post=20879"},{"taxonomy":"post_tag","embeddable":true,"href":"https:\/\/apuntesdesanluis.com\/index.php\/wp-json\/wp\/v2\/tags?post=20879"}],"curies":[{"name":"wp","href":"https:\/\/api.w.org\/{rel}","templated":true}]}}