{"id":20885,"date":"2024-08-14T21:01:32","date_gmt":"2024-08-15T00:01:32","guid":{"rendered":"https:\/\/apuntesdesanluis.com\/?p=20885"},"modified":"2024-08-14T21:01:32","modified_gmt":"2024-08-15T00:01:32","slug":"imputaron-a-alberto-fernandez-por-lesiones-graves-y-amenazas-a-fabiola-yanez","status":"publish","type":"post","link":"https:\/\/apuntesdesanluis.com\/index.php\/2024\/08\/14\/imputaron-a-alberto-fernandez-por-lesiones-graves-y-amenazas-a-fabiola-yanez\/","title":{"rendered":"IMPUTARON A ALBERTO FERN\u00c1NDEZ POR LESIONES GRAVES Y AMENAZAS A FABIOLA Y\u00c1\u00d1EZ"},"content":{"rendered":"<h3>La acusaci\u00f3n fue realizada por el fiscal Ramiro Gonz\u00e1lez. Adem\u00e1s cit\u00f3 a declarar al m\u00e9dico Federico Saavedra y a su exsecretaria, Mar\u00eda Cantero. Tambi\u00e9n pidi\u00f3 las c\u00e1maras de seguridad de la quinta de Olivos. Por otra parte, el ex presidente, como se le demandaba, renunci\u00f3 a la presidencia del PJ.<\/h3>\n<h3>El fiscal federal Ramiro Gonz\u00e1lez imput\u00f3 formalmente este mi\u00e9rcoles al expresidente <strong>Alberto Fern\u00e1ndez<\/strong> en el marco de la denuncia que realiz\u00f3 <strong>Fabiola Ya\u00f1ez<\/strong> por violencia de g\u00e9nero. En esa l\u00ednea, acus\u00f3 al exmandatario por los delitos de \u201clesiones graves, doblemente agravadas\u201d y por \u201damenazas coactivas\u201d.<\/h3>\n<h3>Sumado a esto, pidi\u00f3 realizar una bater\u00eda de alrededor 30 medidas de pruebas, entre las que se encuentran tomar testimonios del exm\u00e9dico presidencial Federico Saavedra, de la exsecretaria Mar\u00eda Cantero, del exintendente de la Quinta de Olivos, Daniel Rodr\u00edguez, de la amiga de la exprimera dama que estuvo en la fiesta de Olivos, Sof\u00eda Pacci; la madre de Fabiola, Miriam Ya\u00f1ez Verdugo y la periodista Alicia Barrios. En esa l\u00ednea, la denunciante indic\u00f3 que todos ellos sab\u00edan de distintas formas sobre las agresiones que estaba sufriendo.<\/h3>\n<p><img fetchpriority=\"high\" decoding=\"async\" class=\"wp-image-20596 aligncenter\" src=\"https:\/\/apuntesdesanluis.com\/wp-content\/uploads\/2024\/08\/fabiola-golpeada-300x156.png\" alt=\"\" width=\"687\" height=\"357\" srcset=\"https:\/\/apuntesdesanluis.com\/wp-content\/uploads\/2024\/08\/fabiola-golpeada-300x156.png 300w, https:\/\/apuntesdesanluis.com\/wp-content\/uploads\/2024\/08\/fabiola-golpeada.png 700w\" sizes=\"(max-width: 687px) 100vw, 687px\" \/><\/p>\n<h3>Adem\u00e1s, el fiscal solicit\u00f3 en su escrito los videos de los \u00faltimos dos a\u00f1os de las c\u00e1maras de seguridad de la quinta de Olivos, tanto del chalet principal como de la casa de hu\u00e9spedes, donde se mud\u00f3 Ya\u00f1ez el \u00faltimo a\u00f1o de gobierno, tras la separaci\u00f3n de hecho con Fern\u00e1ndez. Tambi\u00e9n pidi\u00f3 que se preserven los registros de video de los \u00faltimos cuatro a\u00f1os.<\/h3>\n<h3>Otra de las medidas fue requerir al Sanatorio Otamendi, la Fundaci\u00f3n SANAR y a la Cl\u00ednica Fertilis que provea la &#8220;historia cl\u00ednica de Ya\u00f1ez correspondiente a los a\u00f1os 2016 y 2017&#8221;, adem\u00e1s de solicitar al Instituto de Neurolog\u00eda Cognitiva (INECO), de Facundo Manes, que facilite la historia cl\u00ednica de la exprimera dama correspondiente a esos a\u00f1os. A su vez, le pidi\u00f3 a esa instituci\u00f3n que &#8220;informe qu\u00e9 profesionales atendieron a la nombrada durante los referidos a\u00f1os, debi\u00e9ndose consignar todos sus datos de contacto&#8221;.<\/h3>\n<h3>El fiscal federal Ramiro Gonz\u00e1lez describi\u00f3 en total media docena de episodios de hostigamiento de Alberto Fern\u00e1ndez hacia Fabiola Ya\u00f1ez, siendo que tres son de violencia f\u00edsica.<\/h3>\n<h3>En tanto, sobre la residencia presidencial, solicit\u00f3 al juez federal Juli\u00e1n Ercolini \u201cuna inspecci\u00f3n judicial de la quinta de Olivos, sus adyacencias y anexos\u201d. Tambi\u00e9n se deber\u00e1n remitir los &#8220;registros de ingreso, puntualmente, del m\u00e9dico Federico Saavedra, director de la Unidad M\u00e9dica Presidencial y de cualquier otro galeno de esas unidades entre el a\u00f1o 2021 y 2023&#8221;.<\/h3>\n<h3>Por otra parte, Gonz\u00e1lez le solicit\u00f3 a la Direcci\u00f3n General de Acompa\u00f1amiento, Orientaci\u00f3n y Protecci\u00f3n a las V\u00edctimas (DOVIC), el organismo de asistencia a v\u00edctimas de delitos que ya acompa\u00f1a a Ya\u00f1ez, que \u201crealice un informe del estado integral de la v\u00edctima\u201d. A eso se le suma un pedido a Ercolini para que requiera las llamadas entrantes y salientes de una serie de tel\u00e9fonos celulares<\/h3>\n<h3>En su escrito, el fiscal federal describi\u00f3 los episodios de hostigamiento que comenzaron en 2013 y que continuaron y se agravaron durante el \u00faltimo a\u00f1o del mandato del expresidente. Al respecto, describi\u00f3 en total media docena de episodios, tres de violencia f\u00edsica.<\/h3>\n<h3><strong>RENUNCIA <\/strong><\/h3>\n<h3>Finalmente, Alberto Fern\u00e1ndez present\u00f3 este mi\u00e9rcoles por la tarde su renuncia como presidente del Partido Justicialista en medio del esc\u00e1ndalo derivado de la denuncia por violencia de g\u00e9nero que present\u00f3 contra \u00e9l su ex pareja Fabiola Ya\u00f1ez, y por la que fue imputado esta tarde por la Justicia federal por lesiones graves y amenazas coactivas.<\/h3>\n<p><img decoding=\"async\" class=\"wp-image-20887 aligncenter\" src=\"https:\/\/apuntesdesanluis.com\/wp-content\/uploads\/2024\/08\/FERNANDEZ-ALBERTO-300x199.png\" alt=\"\" width=\"699\" height=\"464\" srcset=\"https:\/\/apuntesdesanluis.com\/wp-content\/uploads\/2024\/08\/FERNANDEZ-ALBERTO-300x199.png 300w, https:\/\/apuntesdesanluis.com\/wp-content\/uploads\/2024\/08\/FERNANDEZ-ALBERTO.png 752w\" sizes=\"(max-width: 699px) 100vw, 699px\" \/><\/p>\n<h3>\u00a0\u201cEn el marco de la denuncia por presunta violencia de g\u00e9nero a partir de la cual estoy siendo investigado en la Justicia Federal, vengo a elevar mi renuncia indeclinable al cargo de presidente del Partido Justicialista orden nacional con el que oportunamente me honrara\u201d, inicia el texto enviado por el ex jefe de Estado a Gildo Insfr\u00e1n, el gobernador de Formosa y apoderado del espacio pol\u00edtico.<\/h3>\n<h3>En los \u00faltimos d\u00edas, una vez que Ya\u00f1ez avanz\u00f3 en la Justicia con su denuncia por violencia f\u00edsica y psicol\u00f3gica contra su ex pareja, en el entorno de Fern\u00e1ndez empezaron a conversar con \u00e9l la posibilidad de que de un paso al costado en la presidencia del PJ, vapuleado por la mayor\u00eda de los dirigentes partidarios.<\/h3>\n<h3>Quien hasta este mi\u00e9rcoles fue el l\u00edder del PJ nacional consider\u00f3 en su escrito que tiene \u201cel deber y la necesidad\u201d de tomar esa decisi\u00f3n \u201ccon el \u00fanico prop\u00f3sito de no involucrar al partido\u201d en los hechos que, asegura, se le endilgan \u201cfalsamente\u201d.<\/h3>\n<h3>\u201cDeseo que ninguna esquirla del linchamiento medi\u00e1tico al que estoy siendo sometido pueda lastimar a este partido en el que militan hombres y mujeres que tanto hicimos por la igualdad de g\u00e9neros y respeto a las diversidades\u201d, resalt\u00f3.<\/h3>\n<h3>La renuncia contin\u00faa: \u201cLos hechos que se me imputan son falsos\u201d. \u201cA\u00fan aguardo que la Justicia act\u00fae como tal, deje de lanzar irregularmente datos a trav\u00e9s de los medios de comunicaci\u00f3n y me permita ejercer el derecho leg\u00edtimo a la defensa\u201d, agreg\u00f3.<\/h3>\n<h3>\u201cCon mi alma lastimada por tanto escarnio y siendo v\u00edctima de una cruel operaci\u00f3n que tambi\u00e9n lastima a mis hijos, saludo a cada compa\u00f1ero y compa\u00f1era con mi compromiso de siempre\u201d, concluy\u00f3 Fern\u00e1ndez, con el agregado de su firma, su despedida del liderazgo del PJ.<\/h3>\n<p>&nbsp;<\/p>\n<p>&nbsp;<\/p>\n<p>&nbsp;<\/p>\n<p>&nbsp;<\/p>\n<p>&nbsp;<\/p>\n<p>&nbsp;<\/p>\n<p>&nbsp;<\/p>\n<p>&nbsp;<\/p>\n<p>&nbsp;<\/p>\n<p>&nbsp;<\/p>\n","protected":false},"excerpt":{"rendered":"<p>La acusaci\u00f3n fue realizada por el fiscal Ramiro Gonz\u00e1lez. Adem\u00e1s cit\u00f3 a declarar al m\u00e9dico&#8230;<\/p>\n","protected":false},"author":1,"featured_media":20886,"comment_status":"closed","ping_status":"closed","sticky":false,"template":"","format":"standard","meta":{"footnotes":""},"categories":[5],"tags":[],"class_list":["post-20885","post","type-post","status-publish","format-standard","has-post-thumbnail","hentry","category-nacionales-internacionales"],"yoast_head":"<!-- This site is optimized with the Yoast SEO plugin v26.1.1 - https:\/\/yoast.com\/wordpress\/plugins\/seo\/ -->\n<title>IMPUTARON A ALBERTO FERN\u00c1NDEZ POR LESIONES GRAVES Y AMENAZAS A FABIOLA Y\u00c1\u00d1EZ - Apuntes de San Luis<\/title>\n<meta name=\"robots\" content=\"index, follow, max-snippet:-1, max-image-preview:large, max-video-preview:-1\" \/>\n<link rel=\"canonical\" href=\"https:\/\/apuntesdesanluis.com\/index.php\/2024\/08\/14\/imputaron-a-alberto-fernandez-por-lesiones-graves-y-amenazas-a-fabiola-yanez\/\" \/>\n<meta property=\"og:locale\" content=\"es_ES\" \/>\n<meta property=\"og:type\" content=\"article\" \/>\n<meta property=\"og:title\" content=\"IMPUTARON A ALBERTO FERN\u00c1NDEZ POR LESIONES GRAVES Y AMENAZAS A FABIOLA Y\u00c1\u00d1EZ - Apuntes de San Luis\" \/>\n<meta property=\"og:description\" content=\"La acusaci\u00f3n fue realizada por el fiscal Ramiro Gonz\u00e1lez. Adem\u00e1s cit\u00f3 a declarar al m\u00e9dico...\" \/>\n<meta property=\"og:url\" content=\"https:\/\/apuntesdesanluis.com\/index.php\/2024\/08\/14\/imputaron-a-alberto-fernandez-por-lesiones-graves-y-amenazas-a-fabiola-yanez\/\" \/>\n<meta property=\"og:site_name\" content=\"Apuntes de San Luis\" \/>\n<meta property=\"article:published_time\" content=\"2024-08-15T00:01:32+00:00\" \/>\n<meta property=\"og:image\" content=\"https:\/\/apuntesdesanluis.com\/wp-content\/uploads\/2024\/08\/fernandez.png\" \/>\n\t<meta property=\"og:image:width\" content=\"700\" \/>\n\t<meta property=\"og:image:height\" content=\"444\" \/>\n\t<meta property=\"og:image:type\" content=\"image\/png\" \/>\n<meta name=\"author\" content=\"apuntesdesanluis.com\" \/>\n<meta name=\"twitter:card\" content=\"summary_large_image\" \/>\n<meta name=\"twitter:label1\" content=\"Escrito por\" \/>\n\t<meta name=\"twitter:data1\" content=\"apuntesdesanluis.com\" \/>\n\t<meta name=\"twitter:label2\" content=\"Tiempo de lectura\" \/>\n\t<meta name=\"twitter:data2\" content=\"5 minutos\" \/>\n<script type=\"application\/ld+json\" class=\"yoast-schema-graph\">{\"@context\":\"https:\/\/schema.org\",\"@graph\":[{\"@type\":\"Article\",\"@id\":\"https:\/\/apuntesdesanluis.com\/index.php\/2024\/08\/14\/imputaron-a-alberto-fernandez-por-lesiones-graves-y-amenazas-a-fabiola-yanez\/#article\",\"isPartOf\":{\"@id\":\"https:\/\/apuntesdesanluis.com\/index.php\/2024\/08\/14\/imputaron-a-alberto-fernandez-por-lesiones-graves-y-amenazas-a-fabiola-yanez\/\"},\"author\":{\"name\":\"apuntesdesanluis.com\",\"@id\":\"https:\/\/apuntesdesanluis.com\/#\/schema\/person\/b55151d52296fcce64d1a72538a70b90\"},\"headline\":\"IMPUTARON A ALBERTO FERN\u00c1NDEZ POR LESIONES GRAVES Y AMENAZAS A FABIOLA Y\u00c1\u00d1EZ\",\"datePublished\":\"2024-08-15T00:01:32+00:00\",\"mainEntityOfPage\":{\"@id\":\"https:\/\/apuntesdesanluis.com\/index.php\/2024\/08\/14\/imputaron-a-alberto-fernandez-por-lesiones-graves-y-amenazas-a-fabiola-yanez\/\"},\"wordCount\":982,\"publisher\":{\"@id\":\"https:\/\/apuntesdesanluis.com\/#\/schema\/person\/b55151d52296fcce64d1a72538a70b90\"},\"image\":{\"@id\":\"https:\/\/apuntesdesanluis.com\/index.php\/2024\/08\/14\/imputaron-a-alberto-fernandez-por-lesiones-graves-y-amenazas-a-fabiola-yanez\/#primaryimage\"},\"thumbnailUrl\":\"https:\/\/apuntesdesanluis.com\/wp-content\/uploads\/2024\/08\/fernandez.png\",\"articleSection\":[\"Nacionales\/Internacionales\"],\"inLanguage\":\"es-AR\"},{\"@type\":\"WebPage\",\"@id\":\"https:\/\/apuntesdesanluis.com\/index.php\/2024\/08\/14\/imputaron-a-alberto-fernandez-por-lesiones-graves-y-amenazas-a-fabiola-yanez\/\",\"url\":\"https:\/\/apuntesdesanluis.com\/index.php\/2024\/08\/14\/imputaron-a-alberto-fernandez-por-lesiones-graves-y-amenazas-a-fabiola-yanez\/\",\"name\":\"IMPUTARON A ALBERTO FERN\u00c1NDEZ POR LESIONES GRAVES Y AMENAZAS A FABIOLA Y\u00c1\u00d1EZ - Apuntes de San Luis\",\"isPartOf\":{\"@id\":\"https:\/\/apuntesdesanluis.com\/#website\"},\"primaryImageOfPage\":{\"@id\":\"https:\/\/apuntesdesanluis.com\/index.php\/2024\/08\/14\/imputaron-a-alberto-fernandez-por-lesiones-graves-y-amenazas-a-fabiola-yanez\/#primaryimage\"},\"image\":{\"@id\":\"https:\/\/apuntesdesanluis.com\/index.php\/2024\/08\/14\/imputaron-a-alberto-fernandez-por-lesiones-graves-y-amenazas-a-fabiola-yanez\/#primaryimage\"},\"thumbnailUrl\":\"https:\/\/apuntesdesanluis.com\/wp-content\/uploads\/2024\/08\/fernandez.png\",\"datePublished\":\"2024-08-15T00:01:32+00:00\",\"breadcrumb\":{\"@id\":\"https:\/\/apuntesdesanluis.com\/index.php\/2024\/08\/14\/imputaron-a-alberto-fernandez-por-lesiones-graves-y-amenazas-a-fabiola-yanez\/#breadcrumb\"},\"inLanguage\":\"es-AR\",\"potentialAction\":[{\"@type\":\"ReadAction\",\"target\":[\"https:\/\/apuntesdesanluis.com\/index.php\/2024\/08\/14\/imputaron-a-alberto-fernandez-por-lesiones-graves-y-amenazas-a-fabiola-yanez\/\"]}]},{\"@type\":\"ImageObject\",\"inLanguage\":\"es-AR\",\"@id\":\"https:\/\/apuntesdesanluis.com\/index.php\/2024\/08\/14\/imputaron-a-alberto-fernandez-por-lesiones-graves-y-amenazas-a-fabiola-yanez\/#primaryimage\",\"url\":\"https:\/\/apuntesdesanluis.com\/wp-content\/uploads\/2024\/08\/fernandez.png\",\"contentUrl\":\"https:\/\/apuntesdesanluis.com\/wp-content\/uploads\/2024\/08\/fernandez.png\",\"width\":700,\"height\":444},{\"@type\":\"BreadcrumbList\",\"@id\":\"https:\/\/apuntesdesanluis.com\/index.php\/2024\/08\/14\/imputaron-a-alberto-fernandez-por-lesiones-graves-y-amenazas-a-fabiola-yanez\/#breadcrumb\",\"itemListElement\":[{\"@type\":\"ListItem\",\"position\":1,\"name\":\"Inicio\",\"item\":\"https:\/\/apuntesdesanluis.com\/\"},{\"@type\":\"ListItem\",\"position\":2,\"name\":\"IMPUTARON A ALBERTO FERN\u00c1NDEZ POR LESIONES GRAVES Y AMENAZAS A FABIOLA Y\u00c1\u00d1EZ\"}]},{\"@type\":\"WebSite\",\"@id\":\"https:\/\/apuntesdesanluis.com\/#website\",\"url\":\"https:\/\/apuntesdesanluis.com\/\",\"name\":\"Apuntes de San Luis\",\"description\":\"\",\"publisher\":{\"@id\":\"https:\/\/apuntesdesanluis.com\/#\/schema\/person\/b55151d52296fcce64d1a72538a70b90\"},\"potentialAction\":[{\"@type\":\"SearchAction\",\"target\":{\"@type\":\"EntryPoint\",\"urlTemplate\":\"https:\/\/apuntesdesanluis.com\/?s={search_term_string}\"},\"query-input\":{\"@type\":\"PropertyValueSpecification\",\"valueRequired\":true,\"valueName\":\"search_term_string\"}}],\"inLanguage\":\"es-AR\"},{\"@type\":[\"Person\",\"Organization\"],\"@id\":\"https:\/\/apuntesdesanluis.com\/#\/schema\/person\/b55151d52296fcce64d1a72538a70b90\",\"name\":\"apuntesdesanluis.com\",\"image\":{\"@type\":\"ImageObject\",\"inLanguage\":\"es-AR\",\"@id\":\"https:\/\/apuntesdesanluis.com\/#\/schema\/person\/image\/\",\"url\":\"https:\/\/apuntesdesanluis.com\/wp-content\/uploads\/2023\/07\/cropped-apuntesdesanluis.png\",\"contentUrl\":\"https:\/\/apuntesdesanluis.com\/wp-content\/uploads\/2023\/07\/cropped-apuntesdesanluis.png\",\"width\":450,\"height\":112,\"caption\":\"apuntesdesanluis.com\"},\"logo\":{\"@id\":\"https:\/\/apuntesdesanluis.com\/#\/schema\/person\/image\/\"},\"sameAs\":[\"https:\/\/apuntesdesanluis.com\"],\"url\":\"https:\/\/apuntesdesanluis.com\/index.php\/author\/apuntesdesanluis-com\/\"}]}<\/script>\n<!-- \/ Yoast SEO plugin. -->","yoast_head_json":{"title":"IMPUTARON A ALBERTO FERN\u00c1NDEZ POR LESIONES GRAVES Y AMENAZAS A FABIOLA Y\u00c1\u00d1EZ - Apuntes de San Luis","robots":{"index":"index","follow":"follow","max-snippet":"max-snippet:-1","max-image-preview":"max-image-preview:large","max-video-preview":"max-video-preview:-1"},"canonical":"https:\/\/apuntesdesanluis.com\/index.php\/2024\/08\/14\/imputaron-a-alberto-fernandez-por-lesiones-graves-y-amenazas-a-fabiola-yanez\/","og_locale":"es_ES","og_type":"article","og_title":"IMPUTARON A ALBERTO FERN\u00c1NDEZ POR LESIONES GRAVES Y AMENAZAS A FABIOLA Y\u00c1\u00d1EZ - Apuntes de San Luis","og_description":"La acusaci\u00f3n fue realizada por el fiscal Ramiro Gonz\u00e1lez. Adem\u00e1s cit\u00f3 a declarar al m\u00e9dico...","og_url":"https:\/\/apuntesdesanluis.com\/index.php\/2024\/08\/14\/imputaron-a-alberto-fernandez-por-lesiones-graves-y-amenazas-a-fabiola-yanez\/","og_site_name":"Apuntes de San Luis","article_published_time":"2024-08-15T00:01:32+00:00","og_image":[{"width":700,"height":444,"url":"https:\/\/apuntesdesanluis.com\/wp-content\/uploads\/2024\/08\/fernandez.png","type":"image\/png"}],"author":"apuntesdesanluis.com","twitter_card":"summary_large_image","twitter_misc":{"Escrito por":"apuntesdesanluis.com","Tiempo de lectura":"5 minutos"},"schema":{"@context":"https:\/\/schema.org","@graph":[{"@type":"Article","@id":"https:\/\/apuntesdesanluis.com\/index.php\/2024\/08\/14\/imputaron-a-alberto-fernandez-por-lesiones-graves-y-amenazas-a-fabiola-yanez\/#article","isPartOf":{"@id":"https:\/\/apuntesdesanluis.com\/index.php\/2024\/08\/14\/imputaron-a-alberto-fernandez-por-lesiones-graves-y-amenazas-a-fabiola-yanez\/"},"author":{"name":"apuntesdesanluis.com","@id":"https:\/\/apuntesdesanluis.com\/#\/schema\/person\/b55151d52296fcce64d1a72538a70b90"},"headline":"IMPUTARON A ALBERTO FERN\u00c1NDEZ POR LESIONES GRAVES Y AMENAZAS A FABIOLA Y\u00c1\u00d1EZ","datePublished":"2024-08-15T00:01:32+00:00","mainEntityOfPage":{"@id":"https:\/\/apuntesdesanluis.com\/index.php\/2024\/08\/14\/imputaron-a-alberto-fernandez-por-lesiones-graves-y-amenazas-a-fabiola-yanez\/"},"wordCount":982,"publisher":{"@id":"https:\/\/apuntesdesanluis.com\/#\/schema\/person\/b55151d52296fcce64d1a72538a70b90"},"image":{"@id":"https:\/\/apuntesdesanluis.com\/index.php\/2024\/08\/14\/imputaron-a-alberto-fernandez-por-lesiones-graves-y-amenazas-a-fabiola-yanez\/#primaryimage"},"thumbnailUrl":"https:\/\/apuntesdesanluis.com\/wp-content\/uploads\/2024\/08\/fernandez.png","articleSection":["Nacionales\/Internacionales"],"inLanguage":"es-AR"},{"@type":"WebPage","@id":"https:\/\/apuntesdesanluis.com\/index.php\/2024\/08\/14\/imputaron-a-alberto-fernandez-por-lesiones-graves-y-amenazas-a-fabiola-yanez\/","url":"https:\/\/apuntesdesanluis.com\/index.php\/2024\/08\/14\/imputaron-a-alberto-fernandez-por-lesiones-graves-y-amenazas-a-fabiola-yanez\/","name":"IMPUTARON A ALBERTO FERN\u00c1NDEZ POR LESIONES GRAVES Y AMENAZAS A FABIOLA Y\u00c1\u00d1EZ - Apuntes de San Luis","isPartOf":{"@id":"https:\/\/apuntesdesanluis.com\/#website"},"primaryImageOfPage":{"@id":"https:\/\/apuntesdesanluis.com\/index.php\/2024\/08\/14\/imputaron-a-alberto-fernandez-por-lesiones-graves-y-amenazas-a-fabiola-yanez\/#primaryimage"},"image":{"@id":"https:\/\/apuntesdesanluis.com\/index.php\/2024\/08\/14\/imputaron-a-alberto-fernandez-por-lesiones-graves-y-amenazas-a-fabiola-yanez\/#primaryimage"},"thumbnailUrl":"https:\/\/apuntesdesanluis.com\/wp-content\/uploads\/2024\/08\/fernandez.png","datePublished":"2024-08-15T00:01:32+00:00","breadcrumb":{"@id":"https:\/\/apuntesdesanluis.com\/index.php\/2024\/08\/14\/imputaron-a-alberto-fernandez-por-lesiones-graves-y-amenazas-a-fabiola-yanez\/#breadcrumb"},"inLanguage":"es-AR","potentialAction":[{"@type":"ReadAction","target":["https:\/\/apuntesdesanluis.com\/index.php\/2024\/08\/14\/imputaron-a-alberto-fernandez-por-lesiones-graves-y-amenazas-a-fabiola-yanez\/"]}]},{"@type":"ImageObject","inLanguage":"es-AR","@id":"https:\/\/apuntesdesanluis.com\/index.php\/2024\/08\/14\/imputaron-a-alberto-fernandez-por-lesiones-graves-y-amenazas-a-fabiola-yanez\/#primaryimage","url":"https:\/\/apuntesdesanluis.com\/wp-content\/uploads\/2024\/08\/fernandez.png","contentUrl":"https:\/\/apuntesdesanluis.com\/wp-content\/uploads\/2024\/08\/fernandez.png","width":700,"height":444},{"@type":"BreadcrumbList","@id":"https:\/\/apuntesdesanluis.com\/index.php\/2024\/08\/14\/imputaron-a-alberto-fernandez-por-lesiones-graves-y-amenazas-a-fabiola-yanez\/#breadcrumb","itemListElement":[{"@type":"ListItem","position":1,"name":"Inicio","item":"https:\/\/apuntesdesanluis.com\/"},{"@type":"ListItem","position":2,"name":"IMPUTARON A ALBERTO FERN\u00c1NDEZ POR LESIONES GRAVES Y AMENAZAS A FABIOLA Y\u00c1\u00d1EZ"}]},{"@type":"WebSite","@id":"https:\/\/apuntesdesanluis.com\/#website","url":"https:\/\/apuntesdesanluis.com\/","name":"Apuntes de San Luis","description":"","publisher":{"@id":"https:\/\/apuntesdesanluis.com\/#\/schema\/person\/b55151d52296fcce64d1a72538a70b90"},"potentialAction":[{"@type":"SearchAction","target":{"@type":"EntryPoint","urlTemplate":"https:\/\/apuntesdesanluis.com\/?s={search_term_string}"},"query-input":{"@type":"PropertyValueSpecification","valueRequired":true,"valueName":"search_term_string"}}],"inLanguage":"es-AR"},{"@type":["Person","Organization"],"@id":"https:\/\/apuntesdesanluis.com\/#\/schema\/person\/b55151d52296fcce64d1a72538a70b90","name":"apuntesdesanluis.com","image":{"@type":"ImageObject","inLanguage":"es-AR","@id":"https:\/\/apuntesdesanluis.com\/#\/schema\/person\/image\/","url":"https:\/\/apuntesdesanluis.com\/wp-content\/uploads\/2023\/07\/cropped-apuntesdesanluis.png","contentUrl":"https:\/\/apuntesdesanluis.com\/wp-content\/uploads\/2023\/07\/cropped-apuntesdesanluis.png","width":450,"height":112,"caption":"apuntesdesanluis.com"},"logo":{"@id":"https:\/\/apuntesdesanluis.com\/#\/schema\/person\/image\/"},"sameAs":["https:\/\/apuntesdesanluis.com"],"url":"https:\/\/apuntesdesanluis.com\/index.php\/author\/apuntesdesanluis-com\/"}]}},"featured_image_urls":{"full":["https:\/\/apuntesdesanluis.com\/wp-content\/uploads\/2024\/08\/fernandez.png",700,444,false],"thumbnail":["https:\/\/apuntesdesanluis.com\/wp-content\/uploads\/2024\/08\/fernandez-150x150.png",150,150,true],"medium":["https:\/\/apuntesdesanluis.com\/wp-content\/uploads\/2024\/08\/fernandez-300x190.png",300,190,true],"medium_large":["https:\/\/apuntesdesanluis.com\/wp-content\/uploads\/2024\/08\/fernandez.png",640,406,false],"large":["https:\/\/apuntesdesanluis.com\/wp-content\/uploads\/2024\/08\/fernandez.png",640,406,false],"1536x1536":["https:\/\/apuntesdesanluis.com\/wp-content\/uploads\/2024\/08\/fernandez.png",700,444,false],"2048x2048":["https:\/\/apuntesdesanluis.com\/wp-content\/uploads\/2024\/08\/fernandez.png",700,444,false],"newsever-slider-full":["https:\/\/apuntesdesanluis.com\/wp-content\/uploads\/2024\/08\/fernandez.png",700,444,false],"newsever-featured":["https:\/\/apuntesdesanluis.com\/wp-content\/uploads\/2024\/08\/fernandez.png",700,444,false],"newsever-medium":["https:\/\/apuntesdesanluis.com\/wp-content\/uploads\/2024\/08\/fernandez.png",700,444,false]},"author_info":{"display_name":"apuntesdesanluis.com","author_link":"https:\/\/apuntesdesanluis.com\/index.php\/author\/apuntesdesanluis-com\/"},"category_info":"<a href=\"https:\/\/apuntesdesanluis.com\/index.php\/category\/nacionales-internacionales\/\" rel=\"category tag\">Nacionales\/Internacionales<\/a>","tag_info":"Nacionales\/Internacionales","comment_count":"0","_links":{"self":[{"href":"https:\/\/apuntesdesanluis.com\/index.php\/wp-json\/wp\/v2\/posts\/20885","targetHints":{"allow":["GET"]}}],"collection":[{"href":"https:\/\/apuntesdesanluis.com\/index.php\/wp-json\/wp\/v2\/posts"}],"about":[{"href":"https:\/\/apuntesdesanluis.com\/index.php\/wp-json\/wp\/v2\/types\/post"}],"author":[{"embeddable":true,"href":"https:\/\/apuntesdesanluis.com\/index.php\/wp-json\/wp\/v2\/users\/1"}],"replies":[{"embeddable":true,"href":"https:\/\/apuntesdesanluis.com\/index.php\/wp-json\/wp\/v2\/comments?post=20885"}],"version-history":[{"count":1,"href":"https:\/\/apuntesdesanluis.com\/index.php\/wp-json\/wp\/v2\/posts\/20885\/revisions"}],"predecessor-version":[{"id":20888,"href":"https:\/\/apuntesdesanluis.com\/index.php\/wp-json\/wp\/v2\/posts\/20885\/revisions\/20888"}],"wp:featuredmedia":[{"embeddable":true,"href":"https:\/\/apuntesdesanluis.com\/index.php\/wp-json\/wp\/v2\/media\/20886"}],"wp:attachment":[{"href":"https:\/\/apuntesdesanluis.com\/index.php\/wp-json\/wp\/v2\/media?parent=20885"}],"wp:term":[{"taxonomy":"category","embeddable":true,"href":"https:\/\/apuntesdesanluis.com\/index.php\/wp-json\/wp\/v2\/categories?post=20885"},{"taxonomy":"post_tag","embeddable":true,"href":"https:\/\/apuntesdesanluis.com\/index.php\/wp-json\/wp\/v2\/tags?post=20885"}],"curies":[{"name":"wp","href":"https:\/\/api.w.org\/{rel}","templated":true}]}}