{"id":20889,"date":"2024-08-14T21:09:10","date_gmt":"2024-08-15T00:09:10","guid":{"rendered":"https:\/\/apuntesdesanluis.com\/?p=20889"},"modified":"2024-08-14T21:10:49","modified_gmt":"2024-08-15T00:10:49","slug":"ayelen-mazzina-se-presento-en-la-justicia-para-desmentir-a-fabiola-yanez","status":"publish","type":"post","link":"https:\/\/apuntesdesanluis.com\/index.php\/2024\/08\/14\/ayelen-mazzina-se-presento-en-la-justicia-para-desmentir-a-fabiola-yanez\/","title":{"rendered":"AYEL\u00c9N MAZZINA SE PRESENT\u00d3 EN LA JUSTICIA PARA DESMENTIR A FABIOLA YA\u00d1EZ"},"content":{"rendered":"<h3><strong>Ayel\u00e9n Mazzina<\/strong>, ex ministra de Mujeres, G\u00e9nero y Diversidad durante la gesti\u00f3n de <strong>Alberto Fern\u00e1ndez<\/strong>, se present\u00f3 en la Justicia luego de quedar imputada en la causa por violencia de g\u00e9nero que Fabiola Ya\u00f1ez inici\u00f3 contra Alberto Fern\u00e1ndez.<\/h3>\n<h3>La ex ministra, en un escrito que acerc\u00f3 a la fiscal\u00eda de Ramiro Gonz\u00e1lez, desminti\u00f3 los dichos de la ex primera dama y dio detalles de sus encuentros para sostener sus dichos.<\/h3>\n<p><img fetchpriority=\"high\" decoding=\"async\" class=\"wp-image-6419 aligncenter\" src=\"https:\/\/apuntesdesanluis.com\/wp-content\/uploads\/2023\/11\/AYELEN-Y-ALBERTO-300x198.png\" alt=\"\" width=\"712\" height=\"470\" srcset=\"https:\/\/apuntesdesanluis.com\/wp-content\/uploads\/2023\/11\/AYELEN-Y-ALBERTO-300x198.png 300w, https:\/\/apuntesdesanluis.com\/wp-content\/uploads\/2023\/11\/AYELEN-Y-ALBERTO.png 600w\" sizes=\"(max-width: 712px) 100vw, 712px\" \/><\/p>\n<h3>Seg\u00fan explic\u00f3, el primer contacto con Ya\u00f1ez fue \u201cel 22 de abril de 2023, durante un almuerzo en la Quinta de Olivos, en el que tambi\u00e9n estuvo presente el ex presidente Fern\u00e1ndez\u201d. Y agreg\u00f3: \u201cDesde ese momento, la comunicaci\u00f3n entre Ya\u00f1ez y yo se desarroll\u00f3 exclusivamente a trav\u00e9s de la aplicaci\u00f3n WhatsApp, donde ella sol\u00eda proponerme participar en algunas actividades en conjunto\u201d.<\/h3>\n<h3>Tambi\u00e9n se refiri\u00f3 al viaje a Brasil, en el cual la ex primera dama dijo que le cont\u00f3 a Mazzina sobre las agresiones del ex mandatario. La ex funcionaria ratifica ese vuelo, pero explica que en ning\u00fan momento Ya\u00f1ez le habl\u00f3 de violencia de g\u00e9nero.<\/h3>\n<h3>\u00a0\u201cEl 25 de julio de 2023, volvimos a vernos en persona durante un viaje a Brasil con motivo del Primer Encuentro de Integraci\u00f3n de Mujeres Latinoamericanas, evento al que ambas fuimos invitadas por el Gobierno de Brasil. En ese viaje, viajamos en el mismo vuelo Ya\u00f1ez, Mariela (la custodia de ella), Jimena (encargada de ceremonial) y una tercera persona cuyo nombre no recuerdo. Mi Director de Relaciones Institucionales viaj\u00f3 en otro vuelo, y nos encontramos con \u00e9l directamente en Brasil. Nuestra llegada fue sobre la hora, por lo que nos dirigimos inmediatamente a los paneles en los que deb\u00edamos disertar\u201d, comenz\u00f3.<\/h3>\n<p><img decoding=\"async\" class=\"wp-image-20892 aligncenter\" src=\"https:\/\/apuntesdesanluis.com\/wp-content\/uploads\/2024\/08\/ayelen-y-fabiola-300x196.png\" alt=\"\" width=\"747\" height=\"488\" srcset=\"https:\/\/apuntesdesanluis.com\/wp-content\/uploads\/2024\/08\/ayelen-y-fabiola-300x196.png 300w, https:\/\/apuntesdesanluis.com\/wp-content\/uploads\/2024\/08\/ayelen-y-fabiola.png 649w\" sizes=\"(max-width: 747px) 100vw, 747px\" \/><\/p>\n<h3>Y continu\u00f3: \u201cAl concluir el evento, cenamos junto con la comitiva brasile\u00f1a en el hotel donde est\u00e1bamos hospedadas, en una cena que incluy\u00f3 a m\u00e1s de seis personas. Durante el intervalo entre los paneles y la cena, me retir\u00e9 a mi habitaci\u00f3n para cambiarme de ropa. En ese momento, recib\u00ed un mensaje de Ya\u00f1ez a trav\u00e9s de WhatsApp pregunt\u00e1ndome d\u00f3nde me encontraba y sugiriendo que me dirigiera a su habitaci\u00f3n para coordinar qu\u00e9 har\u00edamos despu\u00e9s de la cena\u201d.<\/h3>\n<h3>Posteriormente, Mazzina dijo que fue a la habitaci\u00f3n de Ya\u00f1ez y que ingres\u00f3 junto a la custodia: \u201cDurante esa conversaci\u00f3n, mencion\u00f3 que era su primer viaje sin la compa\u00f1\u00eda del ex Presidente y expres\u00f3 su deseo de ir a un bar. Tambi\u00e9n me pregunt\u00f3 sobre la conveniencia de usar una gorra para evitar ser reconocida y sobre qu\u00e9 tipo de ropa ser\u00eda apropiada para la salida. Finalizada la charla, baj\u00e9 al sal\u00f3n donde se desarrollar\u00eda la cena, y esper\u00e9 su llegada\u201d.<\/h3>\n<h3>En este punto, la ex ministra desmiente todos los dichos de Ya\u00f1ez: \u201cEs importante aclarar que en ning\u00fan momento salimos del hotel para sentarnos en un banco, ni me mostr\u00f3 ning\u00fan video o fotograf\u00eda como ha afirmado. Despu\u00e9s de la cena, nos dirigimos en auto al bar con las mismas personas de la comitiva. All\u00ed, compartimos una mesa con la custodia de Ya\u00f1ez (aclaro que nunca estuvo ausente la custodia), mi Director de Relaciones Institucionales, y tres personas m\u00e1s que formaban parte de la comitiva de Ya\u00f1ez. Permanecimos en el lugar aproximadamente una hora o una hora y media. Hacia la 01:30 o 01:45 horas, regresamos al hotel, y nos sentamos en las mesas del patio interno del hotel con su custodia y mi Director, conversando otro rato m\u00e1s. Luego, cada una se retir\u00f3 a su respectiva habitaci\u00f3n. Al d\u00eda siguiente, partimos de regreso a Buenos Aires al mediod\u00eda en el avi\u00f3n oficial, acompa\u00f1adas de la comitiva de la denunciante\u201d.<\/h3>\n<h3>El otro encuentro que menciona Mazzina es una cena informal en 2023, pero tambi\u00e9n niega que all\u00ed la ex pareja de Fern\u00e1ndez le haya dicho algo alusivo a la violencia que denunci\u00f3: \u201cDespu\u00e9s de este viaje, no mantuve comunicaci\u00f3n por WhatsApp con Ya\u00f1ez hasta diciembre de 2023, cuando intercambiamos mensajes de saludo por el nuevo a\u00f1o. Sin embargo, en ese per\u00edodo coincidimos en una cena informal a la que ella asisti\u00f3 junto con el ex presidente. En esa cena tampoco hubo ning\u00fan intercambio del tipo que menciona la denunciante. Y jam\u00e1s estuvimos solas\u201d.<\/h3>\n<h3>Asimismo, cuenta que este a\u00f1o, el 4 de agosto, le escribi\u00f3 por Telegram para ponerse a disposici\u00f3n luego de que se conociera la denuncia: \u201cAl d\u00eda siguiente, me respondi\u00f3 afirmando que en m\u00faltiples ocasiones me hab\u00eda solicitado ayuda y que me hab\u00eda llevado a Brasil para informarme sobre su situaci\u00f3n. A\u00f1adi\u00f3 que si yo, siendo mujer, no la hab\u00eda apoyado, \u00bfqu\u00e9 quedaba para el resto de las mujeres?\u201d.<\/h3>\n<h3>Sin embargo, Mazzina insiste en su postura: \u201cMi respuesta fue clara: en ning\u00fan momento Ya\u00f1ez me inform\u00f3 sobre alguna situaci\u00f3n de violencia de g\u00e9nero. En una conversaci\u00f3n casual en el bar que incluy\u00f3 intimidades de terceros, ella mencion\u00f3 que ten\u00eda algo que contarme, pero nunca lo hizo. Es fundamental destacar que el contexto de la charla era completamente informal y no reflejaba la urgencia o la gravedad de una situaci\u00f3n de violencia de g\u00e9nero. Adem\u00e1s, en ese momento, hab\u00eda cuatro personas m\u00e1s presentes que pueden corroborar lo que acabo de exponer\u201d.<\/h3>\n<h3>En el final de su presentaci\u00f3n, la ex funcionaria hace referencia a la entrevista que la ex primera dama le brind\u00f3 a Infobae: \u201cEn cuanto a los mensajes mencionados por Ya\u00f1ez en su entrevista con Infobae, sobre una supuesta invitaci\u00f3n a mi despacho en el Ministerio, quiero aclarar que estos fueron enviados antes del viaje a Brasil y se dieron en el marco de un intercambio relacionado con actividades institucionales. Para mayor transparencia, he dejado constancia ante escribano p\u00fablico de una copia de todos los chats correspondientes, para certificar lo acontecido. Aclaro que ese es el \u00fanico usuario de WhatsApp y Telegram que us\u00e9 durante toda mi gesti\u00f3n oficial\u201d.<\/h3>\n<p>&nbsp;<\/p>\n<p>&nbsp;<\/p>\n<p>&nbsp;<\/p>\n","protected":false},"excerpt":{"rendered":"<p>Ayel\u00e9n Mazzina, ex ministra de Mujeres, G\u00e9nero y Diversidad durante la gesti\u00f3n de Alberto Fern\u00e1ndez,&#8230;<\/p>\n","protected":false},"author":1,"featured_media":20890,"comment_status":"closed","ping_status":"closed","sticky":false,"template":"","format":"standard","meta":{"footnotes":""},"categories":[5],"tags":[],"class_list":["post-20889","post","type-post","status-publish","format-standard","has-post-thumbnail","hentry","category-nacionales-internacionales"],"yoast_head":"<!-- This site is optimized with the Yoast SEO plugin v26.1.1 - https:\/\/yoast.com\/wordpress\/plugins\/seo\/ -->\n<title>AYEL\u00c9N MAZZINA SE PRESENT\u00d3 EN LA JUSTICIA PARA DESMENTIR A FABIOLA YA\u00d1EZ - Apuntes de San Luis<\/title>\n<meta name=\"robots\" content=\"index, follow, max-snippet:-1, max-image-preview:large, max-video-preview:-1\" \/>\n<link rel=\"canonical\" href=\"https:\/\/apuntesdesanluis.com\/index.php\/2024\/08\/14\/ayelen-mazzina-se-presento-en-la-justicia-para-desmentir-a-fabiola-yanez\/\" \/>\n<meta property=\"og:locale\" content=\"es_ES\" \/>\n<meta property=\"og:type\" content=\"article\" \/>\n<meta property=\"og:title\" content=\"AYEL\u00c9N MAZZINA SE PRESENT\u00d3 EN LA JUSTICIA PARA DESMENTIR A FABIOLA YA\u00d1EZ - Apuntes de San Luis\" \/>\n<meta property=\"og:description\" content=\"Ayel\u00e9n Mazzina, ex ministra de Mujeres, G\u00e9nero y Diversidad durante la gesti\u00f3n de Alberto Fern\u00e1ndez,...\" \/>\n<meta property=\"og:url\" content=\"https:\/\/apuntesdesanluis.com\/index.php\/2024\/08\/14\/ayelen-mazzina-se-presento-en-la-justicia-para-desmentir-a-fabiola-yanez\/\" \/>\n<meta property=\"og:site_name\" content=\"Apuntes de San Luis\" \/>\n<meta property=\"article:published_time\" content=\"2024-08-15T00:09:10+00:00\" \/>\n<meta property=\"article:modified_time\" content=\"2024-08-15T00:10:49+00:00\" \/>\n<meta property=\"og:image\" content=\"https:\/\/apuntesdesanluis.com\/wp-content\/uploads\/2024\/08\/fabiola-y-ayelen.png\" \/>\n\t<meta property=\"og:image:width\" content=\"656\" \/>\n\t<meta property=\"og:image:height\" content=\"411\" \/>\n\t<meta property=\"og:image:type\" content=\"image\/png\" \/>\n<meta name=\"author\" content=\"apuntesdesanluis.com\" \/>\n<meta name=\"twitter:card\" content=\"summary_large_image\" \/>\n<meta name=\"twitter:label1\" content=\"Escrito por\" \/>\n\t<meta name=\"twitter:data1\" content=\"apuntesdesanluis.com\" \/>\n\t<meta name=\"twitter:label2\" content=\"Tiempo de lectura\" \/>\n\t<meta name=\"twitter:data2\" content=\"5 minutos\" \/>\n<script type=\"application\/ld+json\" class=\"yoast-schema-graph\">{\"@context\":\"https:\/\/schema.org\",\"@graph\":[{\"@type\":\"Article\",\"@id\":\"https:\/\/apuntesdesanluis.com\/index.php\/2024\/08\/14\/ayelen-mazzina-se-presento-en-la-justicia-para-desmentir-a-fabiola-yanez\/#article\",\"isPartOf\":{\"@id\":\"https:\/\/apuntesdesanluis.com\/index.php\/2024\/08\/14\/ayelen-mazzina-se-presento-en-la-justicia-para-desmentir-a-fabiola-yanez\/\"},\"author\":{\"name\":\"apuntesdesanluis.com\",\"@id\":\"https:\/\/apuntesdesanluis.com\/#\/schema\/person\/b55151d52296fcce64d1a72538a70b90\"},\"headline\":\"AYEL\u00c9N MAZZINA SE PRESENT\u00d3 EN LA JUSTICIA PARA DESMENTIR A FABIOLA YA\u00d1EZ\",\"datePublished\":\"2024-08-15T00:09:10+00:00\",\"dateModified\":\"2024-08-15T00:10:49+00:00\",\"mainEntityOfPage\":{\"@id\":\"https:\/\/apuntesdesanluis.com\/index.php\/2024\/08\/14\/ayelen-mazzina-se-presento-en-la-justicia-para-desmentir-a-fabiola-yanez\/\"},\"wordCount\":1058,\"publisher\":{\"@id\":\"https:\/\/apuntesdesanluis.com\/#\/schema\/person\/b55151d52296fcce64d1a72538a70b90\"},\"image\":{\"@id\":\"https:\/\/apuntesdesanluis.com\/index.php\/2024\/08\/14\/ayelen-mazzina-se-presento-en-la-justicia-para-desmentir-a-fabiola-yanez\/#primaryimage\"},\"thumbnailUrl\":\"https:\/\/apuntesdesanluis.com\/wp-content\/uploads\/2024\/08\/fabiola-y-ayelen.png\",\"articleSection\":[\"Nacionales\/Internacionales\"],\"inLanguage\":\"es-AR\"},{\"@type\":\"WebPage\",\"@id\":\"https:\/\/apuntesdesanluis.com\/index.php\/2024\/08\/14\/ayelen-mazzina-se-presento-en-la-justicia-para-desmentir-a-fabiola-yanez\/\",\"url\":\"https:\/\/apuntesdesanluis.com\/index.php\/2024\/08\/14\/ayelen-mazzina-se-presento-en-la-justicia-para-desmentir-a-fabiola-yanez\/\",\"name\":\"AYEL\u00c9N MAZZINA SE PRESENT\u00d3 EN LA JUSTICIA PARA DESMENTIR A FABIOLA YA\u00d1EZ - Apuntes de San Luis\",\"isPartOf\":{\"@id\":\"https:\/\/apuntesdesanluis.com\/#website\"},\"primaryImageOfPage\":{\"@id\":\"https:\/\/apuntesdesanluis.com\/index.php\/2024\/08\/14\/ayelen-mazzina-se-presento-en-la-justicia-para-desmentir-a-fabiola-yanez\/#primaryimage\"},\"image\":{\"@id\":\"https:\/\/apuntesdesanluis.com\/index.php\/2024\/08\/14\/ayelen-mazzina-se-presento-en-la-justicia-para-desmentir-a-fabiola-yanez\/#primaryimage\"},\"thumbnailUrl\":\"https:\/\/apuntesdesanluis.com\/wp-content\/uploads\/2024\/08\/fabiola-y-ayelen.png\",\"datePublished\":\"2024-08-15T00:09:10+00:00\",\"dateModified\":\"2024-08-15T00:10:49+00:00\",\"breadcrumb\":{\"@id\":\"https:\/\/apuntesdesanluis.com\/index.php\/2024\/08\/14\/ayelen-mazzina-se-presento-en-la-justicia-para-desmentir-a-fabiola-yanez\/#breadcrumb\"},\"inLanguage\":\"es-AR\",\"potentialAction\":[{\"@type\":\"ReadAction\",\"target\":[\"https:\/\/apuntesdesanluis.com\/index.php\/2024\/08\/14\/ayelen-mazzina-se-presento-en-la-justicia-para-desmentir-a-fabiola-yanez\/\"]}]},{\"@type\":\"ImageObject\",\"inLanguage\":\"es-AR\",\"@id\":\"https:\/\/apuntesdesanluis.com\/index.php\/2024\/08\/14\/ayelen-mazzina-se-presento-en-la-justicia-para-desmentir-a-fabiola-yanez\/#primaryimage\",\"url\":\"https:\/\/apuntesdesanluis.com\/wp-content\/uploads\/2024\/08\/fabiola-y-ayelen.png\",\"contentUrl\":\"https:\/\/apuntesdesanluis.com\/wp-content\/uploads\/2024\/08\/fabiola-y-ayelen.png\",\"width\":656,\"height\":411},{\"@type\":\"BreadcrumbList\",\"@id\":\"https:\/\/apuntesdesanluis.com\/index.php\/2024\/08\/14\/ayelen-mazzina-se-presento-en-la-justicia-para-desmentir-a-fabiola-yanez\/#breadcrumb\",\"itemListElement\":[{\"@type\":\"ListItem\",\"position\":1,\"name\":\"Inicio\",\"item\":\"https:\/\/apuntesdesanluis.com\/\"},{\"@type\":\"ListItem\",\"position\":2,\"name\":\"AYEL\u00c9N MAZZINA SE PRESENT\u00d3 EN LA JUSTICIA PARA DESMENTIR A FABIOLA YA\u00d1EZ\"}]},{\"@type\":\"WebSite\",\"@id\":\"https:\/\/apuntesdesanluis.com\/#website\",\"url\":\"https:\/\/apuntesdesanluis.com\/\",\"name\":\"Apuntes de San Luis\",\"description\":\"\",\"publisher\":{\"@id\":\"https:\/\/apuntesdesanluis.com\/#\/schema\/person\/b55151d52296fcce64d1a72538a70b90\"},\"potentialAction\":[{\"@type\":\"SearchAction\",\"target\":{\"@type\":\"EntryPoint\",\"urlTemplate\":\"https:\/\/apuntesdesanluis.com\/?s={search_term_string}\"},\"query-input\":{\"@type\":\"PropertyValueSpecification\",\"valueRequired\":true,\"valueName\":\"search_term_string\"}}],\"inLanguage\":\"es-AR\"},{\"@type\":[\"Person\",\"Organization\"],\"@id\":\"https:\/\/apuntesdesanluis.com\/#\/schema\/person\/b55151d52296fcce64d1a72538a70b90\",\"name\":\"apuntesdesanluis.com\",\"image\":{\"@type\":\"ImageObject\",\"inLanguage\":\"es-AR\",\"@id\":\"https:\/\/apuntesdesanluis.com\/#\/schema\/person\/image\/\",\"url\":\"https:\/\/apuntesdesanluis.com\/wp-content\/uploads\/2023\/07\/cropped-apuntesdesanluis.png\",\"contentUrl\":\"https:\/\/apuntesdesanluis.com\/wp-content\/uploads\/2023\/07\/cropped-apuntesdesanluis.png\",\"width\":450,\"height\":112,\"caption\":\"apuntesdesanluis.com\"},\"logo\":{\"@id\":\"https:\/\/apuntesdesanluis.com\/#\/schema\/person\/image\/\"},\"sameAs\":[\"https:\/\/apuntesdesanluis.com\"],\"url\":\"https:\/\/apuntesdesanluis.com\/index.php\/author\/apuntesdesanluis-com\/\"}]}<\/script>\n<!-- \/ Yoast SEO plugin. -->","yoast_head_json":{"title":"AYEL\u00c9N MAZZINA SE PRESENT\u00d3 EN LA JUSTICIA PARA DESMENTIR A FABIOLA YA\u00d1EZ - Apuntes de San Luis","robots":{"index":"index","follow":"follow","max-snippet":"max-snippet:-1","max-image-preview":"max-image-preview:large","max-video-preview":"max-video-preview:-1"},"canonical":"https:\/\/apuntesdesanluis.com\/index.php\/2024\/08\/14\/ayelen-mazzina-se-presento-en-la-justicia-para-desmentir-a-fabiola-yanez\/","og_locale":"es_ES","og_type":"article","og_title":"AYEL\u00c9N MAZZINA SE PRESENT\u00d3 EN LA JUSTICIA PARA DESMENTIR A FABIOLA YA\u00d1EZ - Apuntes de San Luis","og_description":"Ayel\u00e9n Mazzina, ex ministra de Mujeres, G\u00e9nero y Diversidad durante la gesti\u00f3n de Alberto Fern\u00e1ndez,...","og_url":"https:\/\/apuntesdesanluis.com\/index.php\/2024\/08\/14\/ayelen-mazzina-se-presento-en-la-justicia-para-desmentir-a-fabiola-yanez\/","og_site_name":"Apuntes de San Luis","article_published_time":"2024-08-15T00:09:10+00:00","article_modified_time":"2024-08-15T00:10:49+00:00","og_image":[{"width":656,"height":411,"url":"https:\/\/apuntesdesanluis.com\/wp-content\/uploads\/2024\/08\/fabiola-y-ayelen.png","type":"image\/png"}],"author":"apuntesdesanluis.com","twitter_card":"summary_large_image","twitter_misc":{"Escrito por":"apuntesdesanluis.com","Tiempo de lectura":"5 minutos"},"schema":{"@context":"https:\/\/schema.org","@graph":[{"@type":"Article","@id":"https:\/\/apuntesdesanluis.com\/index.php\/2024\/08\/14\/ayelen-mazzina-se-presento-en-la-justicia-para-desmentir-a-fabiola-yanez\/#article","isPartOf":{"@id":"https:\/\/apuntesdesanluis.com\/index.php\/2024\/08\/14\/ayelen-mazzina-se-presento-en-la-justicia-para-desmentir-a-fabiola-yanez\/"},"author":{"name":"apuntesdesanluis.com","@id":"https:\/\/apuntesdesanluis.com\/#\/schema\/person\/b55151d52296fcce64d1a72538a70b90"},"headline":"AYEL\u00c9N MAZZINA SE PRESENT\u00d3 EN LA JUSTICIA PARA DESMENTIR A FABIOLA YA\u00d1EZ","datePublished":"2024-08-15T00:09:10+00:00","dateModified":"2024-08-15T00:10:49+00:00","mainEntityOfPage":{"@id":"https:\/\/apuntesdesanluis.com\/index.php\/2024\/08\/14\/ayelen-mazzina-se-presento-en-la-justicia-para-desmentir-a-fabiola-yanez\/"},"wordCount":1058,"publisher":{"@id":"https:\/\/apuntesdesanluis.com\/#\/schema\/person\/b55151d52296fcce64d1a72538a70b90"},"image":{"@id":"https:\/\/apuntesdesanluis.com\/index.php\/2024\/08\/14\/ayelen-mazzina-se-presento-en-la-justicia-para-desmentir-a-fabiola-yanez\/#primaryimage"},"thumbnailUrl":"https:\/\/apuntesdesanluis.com\/wp-content\/uploads\/2024\/08\/fabiola-y-ayelen.png","articleSection":["Nacionales\/Internacionales"],"inLanguage":"es-AR"},{"@type":"WebPage","@id":"https:\/\/apuntesdesanluis.com\/index.php\/2024\/08\/14\/ayelen-mazzina-se-presento-en-la-justicia-para-desmentir-a-fabiola-yanez\/","url":"https:\/\/apuntesdesanluis.com\/index.php\/2024\/08\/14\/ayelen-mazzina-se-presento-en-la-justicia-para-desmentir-a-fabiola-yanez\/","name":"AYEL\u00c9N MAZZINA SE PRESENT\u00d3 EN LA JUSTICIA PARA DESMENTIR A FABIOLA YA\u00d1EZ - Apuntes de San Luis","isPartOf":{"@id":"https:\/\/apuntesdesanluis.com\/#website"},"primaryImageOfPage":{"@id":"https:\/\/apuntesdesanluis.com\/index.php\/2024\/08\/14\/ayelen-mazzina-se-presento-en-la-justicia-para-desmentir-a-fabiola-yanez\/#primaryimage"},"image":{"@id":"https:\/\/apuntesdesanluis.com\/index.php\/2024\/08\/14\/ayelen-mazzina-se-presento-en-la-justicia-para-desmentir-a-fabiola-yanez\/#primaryimage"},"thumbnailUrl":"https:\/\/apuntesdesanluis.com\/wp-content\/uploads\/2024\/08\/fabiola-y-ayelen.png","datePublished":"2024-08-15T00:09:10+00:00","dateModified":"2024-08-15T00:10:49+00:00","breadcrumb":{"@id":"https:\/\/apuntesdesanluis.com\/index.php\/2024\/08\/14\/ayelen-mazzina-se-presento-en-la-justicia-para-desmentir-a-fabiola-yanez\/#breadcrumb"},"inLanguage":"es-AR","potentialAction":[{"@type":"ReadAction","target":["https:\/\/apuntesdesanluis.com\/index.php\/2024\/08\/14\/ayelen-mazzina-se-presento-en-la-justicia-para-desmentir-a-fabiola-yanez\/"]}]},{"@type":"ImageObject","inLanguage":"es-AR","@id":"https:\/\/apuntesdesanluis.com\/index.php\/2024\/08\/14\/ayelen-mazzina-se-presento-en-la-justicia-para-desmentir-a-fabiola-yanez\/#primaryimage","url":"https:\/\/apuntesdesanluis.com\/wp-content\/uploads\/2024\/08\/fabiola-y-ayelen.png","contentUrl":"https:\/\/apuntesdesanluis.com\/wp-content\/uploads\/2024\/08\/fabiola-y-ayelen.png","width":656,"height":411},{"@type":"BreadcrumbList","@id":"https:\/\/apuntesdesanluis.com\/index.php\/2024\/08\/14\/ayelen-mazzina-se-presento-en-la-justicia-para-desmentir-a-fabiola-yanez\/#breadcrumb","itemListElement":[{"@type":"ListItem","position":1,"name":"Inicio","item":"https:\/\/apuntesdesanluis.com\/"},{"@type":"ListItem","position":2,"name":"AYEL\u00c9N MAZZINA SE PRESENT\u00d3 EN LA JUSTICIA PARA DESMENTIR A FABIOLA YA\u00d1EZ"}]},{"@type":"WebSite","@id":"https:\/\/apuntesdesanluis.com\/#website","url":"https:\/\/apuntesdesanluis.com\/","name":"Apuntes de San Luis","description":"","publisher":{"@id":"https:\/\/apuntesdesanluis.com\/#\/schema\/person\/b55151d52296fcce64d1a72538a70b90"},"potentialAction":[{"@type":"SearchAction","target":{"@type":"EntryPoint","urlTemplate":"https:\/\/apuntesdesanluis.com\/?s={search_term_string}"},"query-input":{"@type":"PropertyValueSpecification","valueRequired":true,"valueName":"search_term_string"}}],"inLanguage":"es-AR"},{"@type":["Person","Organization"],"@id":"https:\/\/apuntesdesanluis.com\/#\/schema\/person\/b55151d52296fcce64d1a72538a70b90","name":"apuntesdesanluis.com","image":{"@type":"ImageObject","inLanguage":"es-AR","@id":"https:\/\/apuntesdesanluis.com\/#\/schema\/person\/image\/","url":"https:\/\/apuntesdesanluis.com\/wp-content\/uploads\/2023\/07\/cropped-apuntesdesanluis.png","contentUrl":"https:\/\/apuntesdesanluis.com\/wp-content\/uploads\/2023\/07\/cropped-apuntesdesanluis.png","width":450,"height":112,"caption":"apuntesdesanluis.com"},"logo":{"@id":"https:\/\/apuntesdesanluis.com\/#\/schema\/person\/image\/"},"sameAs":["https:\/\/apuntesdesanluis.com"],"url":"https:\/\/apuntesdesanluis.com\/index.php\/author\/apuntesdesanluis-com\/"}]}},"featured_image_urls":{"full":["https:\/\/apuntesdesanluis.com\/wp-content\/uploads\/2024\/08\/fabiola-y-ayelen.png",656,411,false],"thumbnail":["https:\/\/apuntesdesanluis.com\/wp-content\/uploads\/2024\/08\/fabiola-y-ayelen-150x150.png",150,150,true],"medium":["https:\/\/apuntesdesanluis.com\/wp-content\/uploads\/2024\/08\/fabiola-y-ayelen-300x188.png",300,188,true],"medium_large":["https:\/\/apuntesdesanluis.com\/wp-content\/uploads\/2024\/08\/fabiola-y-ayelen.png",640,401,false],"large":["https:\/\/apuntesdesanluis.com\/wp-content\/uploads\/2024\/08\/fabiola-y-ayelen.png",640,401,false],"1536x1536":["https:\/\/apuntesdesanluis.com\/wp-content\/uploads\/2024\/08\/fabiola-y-ayelen.png",656,411,false],"2048x2048":["https:\/\/apuntesdesanluis.com\/wp-content\/uploads\/2024\/08\/fabiola-y-ayelen.png",656,411,false],"newsever-slider-full":["https:\/\/apuntesdesanluis.com\/wp-content\/uploads\/2024\/08\/fabiola-y-ayelen.png",656,411,false],"newsever-featured":["https:\/\/apuntesdesanluis.com\/wp-content\/uploads\/2024\/08\/fabiola-y-ayelen.png",656,411,false],"newsever-medium":["https:\/\/apuntesdesanluis.com\/wp-content\/uploads\/2024\/08\/fabiola-y-ayelen.png",656,411,false]},"author_info":{"display_name":"apuntesdesanluis.com","author_link":"https:\/\/apuntesdesanluis.com\/index.php\/author\/apuntesdesanluis-com\/"},"category_info":"<a href=\"https:\/\/apuntesdesanluis.com\/index.php\/category\/nacionales-internacionales\/\" rel=\"category tag\">Nacionales\/Internacionales<\/a>","tag_info":"Nacionales\/Internacionales","comment_count":"0","_links":{"self":[{"href":"https:\/\/apuntesdesanluis.com\/index.php\/wp-json\/wp\/v2\/posts\/20889","targetHints":{"allow":["GET"]}}],"collection":[{"href":"https:\/\/apuntesdesanluis.com\/index.php\/wp-json\/wp\/v2\/posts"}],"about":[{"href":"https:\/\/apuntesdesanluis.com\/index.php\/wp-json\/wp\/v2\/types\/post"}],"author":[{"embeddable":true,"href":"https:\/\/apuntesdesanluis.com\/index.php\/wp-json\/wp\/v2\/users\/1"}],"replies":[{"embeddable":true,"href":"https:\/\/apuntesdesanluis.com\/index.php\/wp-json\/wp\/v2\/comments?post=20889"}],"version-history":[{"count":2,"href":"https:\/\/apuntesdesanluis.com\/index.php\/wp-json\/wp\/v2\/posts\/20889\/revisions"}],"predecessor-version":[{"id":20893,"href":"https:\/\/apuntesdesanluis.com\/index.php\/wp-json\/wp\/v2\/posts\/20889\/revisions\/20893"}],"wp:featuredmedia":[{"embeddable":true,"href":"https:\/\/apuntesdesanluis.com\/index.php\/wp-json\/wp\/v2\/media\/20890"}],"wp:attachment":[{"href":"https:\/\/apuntesdesanluis.com\/index.php\/wp-json\/wp\/v2\/media?parent=20889"}],"wp:term":[{"taxonomy":"category","embeddable":true,"href":"https:\/\/apuntesdesanluis.com\/index.php\/wp-json\/wp\/v2\/categories?post=20889"},{"taxonomy":"post_tag","embeddable":true,"href":"https:\/\/apuntesdesanluis.com\/index.php\/wp-json\/wp\/v2\/tags?post=20889"}],"curies":[{"name":"wp","href":"https:\/\/api.w.org\/{rel}","templated":true}]}}