{"id":20900,"date":"2024-08-15T00:25:28","date_gmt":"2024-08-15T03:25:28","guid":{"rendered":"https:\/\/apuntesdesanluis.com\/?p=20900"},"modified":"2024-08-15T00:25:28","modified_gmt":"2024-08-15T03:25:28","slug":"insolito-el-oficialismo-en-diputados-que-tiene-mayoria-dejo-sin-quorum-la-sesion","status":"publish","type":"post","link":"https:\/\/apuntesdesanluis.com\/index.php\/2024\/08\/15\/insolito-el-oficialismo-en-diputados-que-tiene-mayoria-dejo-sin-quorum-la-sesion\/","title":{"rendered":"INS\u00d3LITO: EL OFICIALISMO EN DIPUTADOS, QUE TIENE MAYOR\u00cdA, DEJ\u00d3 SIN QU\u00d3RUM LA SESI\u00d3N"},"content":{"rendered":"<h3>Una situaci\u00f3n verdaderamente ins\u00f3lita se vivi\u00f3 este mi\u00e9rcoles en la <strong>C\u00e1mara de Diputados<\/strong> de la provincia, donde el oficialismo y sus aliados, que han logrado conformar una mayor\u00eda especial, optaron por regalarle el lucimiento a la oposici\u00f3n, que apenas cuenta con 17 legisladores.<\/h3>\n<h3>La extra\u00f1a jornada legislativa se vio atravesada, adem\u00e1s, por la noticia del pedido de renuncia a la ministra de Salud <strong>Claudia Spagnuolo<\/strong>, y su reemplazo por <strong>Teresa Nigra<\/strong>, quien asume este jueves a las 18:00 h., lo cual si bien se rumoreaba desde hace semanas, tom\u00f3 por sorpresa a los legisladores de todas las bancadas.<\/h3>\n<h3>Las versiones sobre las causas de lo ocurrido var\u00edan, naturalmente, seg\u00fan las fuentes que se consultan. Desde el oficialismo alegan que la oposici\u00f3n justicialista rompi\u00f3 un acuerdo previo, de no dar tratamiento sobre tablas al expediente con la media sanci\u00f3n del Senado, que aprob\u00f3 modificar la Ley de Carrera Sanitaria para establecer el desbloqueo de t\u00edtulo.<\/h3>\n<h3>\u201cHab\u00edamos acordado esperar hasta la pr\u00f3xima semana, para convocar a los gremios, escuchar sus planteos y de acuerdo a esas rondas luego tomar decisiones. Pero nos enteramos antes de bajar al recinto que la oposici\u00f3n lo iba a plantear sobre tablas, para enfrentarnos con APTS y ATE y quedar como que ellos defienden esos intereses y nosotros nos oponemos\u201d, desliz\u00f3 una fuente de Avanzar.<\/h3>\n<h3>Desde el PJ en tanto, interpretan que el oficialismo \u201cno se anim\u00f3 a dar el debate de cara a la sociedad. A pesar que ten\u00edan los votos para aprobarlo, sab\u00edan que se expon\u00edan\u00a0 a perder en el debate, porque no tienen argumentos para sostener el desbloqueo\u201d, se\u00f1alaron.<\/h3>\n<p><img fetchpriority=\"high\" decoding=\"async\" class=\"wp-image-20902 aligncenter\" src=\"https:\/\/apuntesdesanluis.com\/wp-content\/uploads\/2024\/08\/BLOQUE-DEL-PJ-300x159.png\" alt=\"\" width=\"691\" height=\"366\" srcset=\"https:\/\/apuntesdesanluis.com\/wp-content\/uploads\/2024\/08\/BLOQUE-DEL-PJ-300x159.png 300w, https:\/\/apuntesdesanluis.com\/wp-content\/uploads\/2024\/08\/BLOQUE-DEL-PJ-768x407.png 768w, https:\/\/apuntesdesanluis.com\/wp-content\/uploads\/2024\/08\/BLOQUE-DEL-PJ.png 781w\" sizes=\"(max-width: 691px) 100vw, 691px\" \/><\/p>\n<h3>Otras fuentes consultadas por <strong>Apuntes de San Luis<\/strong> indicaron que la sesi\u00f3n expuso la \u201cfragilidad\u201d de la mayor\u00eda que ostenta el oficialismo, la cual se asienta sobremanera en los partidos o bloques aliados. \u201cMuchos legisladores no est\u00e1n de acuerdo con el proyecto y prefirieron no venir o directamente avisaron que si bajaban estaban dispuestos a abstenerse o votar en contra, lo cual expon\u00eda al gobierno a una derrota estrepitosa\u201d.<\/h3>\n<h3>Sea como fuere, est\u00e1 claro que una vez m\u00e1s la bancada oficialista mostr\u00f3 carencia de coordinaci\u00f3n y estrategia, lo cual provoc\u00f3 este papel\u00f3n de provocar la ca\u00edda de la sesi\u00f3n, a pesar de contar con mayor\u00eda.<\/h3>\n<h3><strong>APTS<\/strong><\/h3>\n<h3>La Secretaria General de la Asociaci\u00f3n de Profesionales y T\u00e9cnicos de la Salud (APTS), Miriam Porter, expres\u00f3 que \u201clo que ha sostenido la salud en San Luis es el bloqueo. Eso ha permitido que muchos profesionales y t\u00e9cnicos de otras jurisdicciones hayan elegido la provincia.\u00a0 Si hay desbloqueo muchos van a pensar en volver a sus lugares de origen\u201d, afirm\u00f3.<\/h3>\n<h3>Enfatiz\u00f3 que \u201cesto deber\u00eda haber tenido un debate real y verdadero con los efectores de la salud p\u00fablica, porque no se trata solo de un r\u00e9gimen laboral, est\u00e1 en juego todo el sistema de salud de la provincia\u201d.<\/h3>\n<h3>Sostuvo finalmente que con este proyecto \u201cel Ejecutivo apunta directamente al desmantelamiento de la salud p\u00fablica y en especial en el interior\u201d.<\/h3>\n<p>&nbsp;<\/p>\n<p>&nbsp;<\/p>\n<p>&nbsp;<\/p>\n<p>&nbsp;<\/p>\n","protected":false},"excerpt":{"rendered":"<p>Una situaci\u00f3n verdaderamente ins\u00f3lita se vivi\u00f3 este mi\u00e9rcoles en la C\u00e1mara de Diputados de la&#8230;<\/p>\n","protected":false},"author":1,"featured_media":20901,"comment_status":"closed","ping_status":"closed","sticky":false,"template":"","format":"standard","meta":{"footnotes":""},"categories":[6],"tags":[],"class_list":["post-20900","post","type-post","status-publish","format-standard","has-post-thumbnail","hentry","category-ciudad-provincia"],"yoast_head":"<!-- This site is optimized with the Yoast SEO plugin v26.1.1 - https:\/\/yoast.com\/wordpress\/plugins\/seo\/ -->\n<title>INS\u00d3LITO: EL OFICIALISMO EN DIPUTADOS, QUE TIENE MAYOR\u00cdA, DEJ\u00d3 SIN QU\u00d3RUM LA SESI\u00d3N - Apuntes de San Luis<\/title>\n<meta name=\"robots\" content=\"index, follow, max-snippet:-1, max-image-preview:large, max-video-preview:-1\" \/>\n<link rel=\"canonical\" href=\"https:\/\/apuntesdesanluis.com\/index.php\/2024\/08\/15\/insolito-el-oficialismo-en-diputados-que-tiene-mayoria-dejo-sin-quorum-la-sesion\/\" \/>\n<meta property=\"og:locale\" content=\"es_ES\" \/>\n<meta property=\"og:type\" content=\"article\" \/>\n<meta property=\"og:title\" content=\"INS\u00d3LITO: EL OFICIALISMO EN DIPUTADOS, QUE TIENE MAYOR\u00cdA, DEJ\u00d3 SIN QU\u00d3RUM LA SESI\u00d3N - Apuntes de San Luis\" \/>\n<meta property=\"og:description\" content=\"Una situaci\u00f3n verdaderamente ins\u00f3lita se vivi\u00f3 este mi\u00e9rcoles en la C\u00e1mara de Diputados de la...\" \/>\n<meta property=\"og:url\" content=\"https:\/\/apuntesdesanluis.com\/index.php\/2024\/08\/15\/insolito-el-oficialismo-en-diputados-que-tiene-mayoria-dejo-sin-quorum-la-sesion\/\" \/>\n<meta property=\"og:site_name\" content=\"Apuntes de San Luis\" \/>\n<meta property=\"article:published_time\" content=\"2024-08-15T03:25:28+00:00\" \/>\n<meta property=\"og:image\" content=\"https:\/\/apuntesdesanluis.com\/wp-content\/uploads\/2024\/08\/CAMARA-DE-DIPUTADOS-SIN-QUORUM.png\" \/>\n\t<meta property=\"og:image:width\" content=\"666\" \/>\n\t<meta property=\"og:image:height\" content=\"340\" \/>\n\t<meta property=\"og:image:type\" content=\"image\/png\" \/>\n<meta name=\"author\" content=\"apuntesdesanluis.com\" \/>\n<meta name=\"twitter:card\" content=\"summary_large_image\" \/>\n<meta name=\"twitter:label1\" content=\"Escrito por\" \/>\n\t<meta name=\"twitter:data1\" content=\"apuntesdesanluis.com\" \/>\n\t<meta name=\"twitter:label2\" content=\"Tiempo de lectura\" \/>\n\t<meta name=\"twitter:data2\" content=\"3 minutos\" \/>\n<script type=\"application\/ld+json\" class=\"yoast-schema-graph\">{\"@context\":\"https:\/\/schema.org\",\"@graph\":[{\"@type\":\"Article\",\"@id\":\"https:\/\/apuntesdesanluis.com\/index.php\/2024\/08\/15\/insolito-el-oficialismo-en-diputados-que-tiene-mayoria-dejo-sin-quorum-la-sesion\/#article\",\"isPartOf\":{\"@id\":\"https:\/\/apuntesdesanluis.com\/index.php\/2024\/08\/15\/insolito-el-oficialismo-en-diputados-que-tiene-mayoria-dejo-sin-quorum-la-sesion\/\"},\"author\":{\"name\":\"apuntesdesanluis.com\",\"@id\":\"https:\/\/apuntesdesanluis.com\/#\/schema\/person\/b55151d52296fcce64d1a72538a70b90\"},\"headline\":\"INS\u00d3LITO: EL OFICIALISMO EN DIPUTADOS, QUE TIENE MAYOR\u00cdA, DEJ\u00d3 SIN QU\u00d3RUM LA SESI\u00d3N\",\"datePublished\":\"2024-08-15T03:25:28+00:00\",\"mainEntityOfPage\":{\"@id\":\"https:\/\/apuntesdesanluis.com\/index.php\/2024\/08\/15\/insolito-el-oficialismo-en-diputados-que-tiene-mayoria-dejo-sin-quorum-la-sesion\/\"},\"wordCount\":547,\"publisher\":{\"@id\":\"https:\/\/apuntesdesanluis.com\/#\/schema\/person\/b55151d52296fcce64d1a72538a70b90\"},\"image\":{\"@id\":\"https:\/\/apuntesdesanluis.com\/index.php\/2024\/08\/15\/insolito-el-oficialismo-en-diputados-que-tiene-mayoria-dejo-sin-quorum-la-sesion\/#primaryimage\"},\"thumbnailUrl\":\"https:\/\/apuntesdesanluis.com\/wp-content\/uploads\/2024\/08\/CAMARA-DE-DIPUTADOS-SIN-QUORUM.png\",\"articleSection\":[\"Ciudad\/Provincia\"],\"inLanguage\":\"es-AR\"},{\"@type\":\"WebPage\",\"@id\":\"https:\/\/apuntesdesanluis.com\/index.php\/2024\/08\/15\/insolito-el-oficialismo-en-diputados-que-tiene-mayoria-dejo-sin-quorum-la-sesion\/\",\"url\":\"https:\/\/apuntesdesanluis.com\/index.php\/2024\/08\/15\/insolito-el-oficialismo-en-diputados-que-tiene-mayoria-dejo-sin-quorum-la-sesion\/\",\"name\":\"INS\u00d3LITO: EL OFICIALISMO EN DIPUTADOS, QUE TIENE MAYOR\u00cdA, DEJ\u00d3 SIN QU\u00d3RUM LA SESI\u00d3N - Apuntes de San Luis\",\"isPartOf\":{\"@id\":\"https:\/\/apuntesdesanluis.com\/#website\"},\"primaryImageOfPage\":{\"@id\":\"https:\/\/apuntesdesanluis.com\/index.php\/2024\/08\/15\/insolito-el-oficialismo-en-diputados-que-tiene-mayoria-dejo-sin-quorum-la-sesion\/#primaryimage\"},\"image\":{\"@id\":\"https:\/\/apuntesdesanluis.com\/index.php\/2024\/08\/15\/insolito-el-oficialismo-en-diputados-que-tiene-mayoria-dejo-sin-quorum-la-sesion\/#primaryimage\"},\"thumbnailUrl\":\"https:\/\/apuntesdesanluis.com\/wp-content\/uploads\/2024\/08\/CAMARA-DE-DIPUTADOS-SIN-QUORUM.png\",\"datePublished\":\"2024-08-15T03:25:28+00:00\",\"breadcrumb\":{\"@id\":\"https:\/\/apuntesdesanluis.com\/index.php\/2024\/08\/15\/insolito-el-oficialismo-en-diputados-que-tiene-mayoria-dejo-sin-quorum-la-sesion\/#breadcrumb\"},\"inLanguage\":\"es-AR\",\"potentialAction\":[{\"@type\":\"ReadAction\",\"target\":[\"https:\/\/apuntesdesanluis.com\/index.php\/2024\/08\/15\/insolito-el-oficialismo-en-diputados-que-tiene-mayoria-dejo-sin-quorum-la-sesion\/\"]}]},{\"@type\":\"ImageObject\",\"inLanguage\":\"es-AR\",\"@id\":\"https:\/\/apuntesdesanluis.com\/index.php\/2024\/08\/15\/insolito-el-oficialismo-en-diputados-que-tiene-mayoria-dejo-sin-quorum-la-sesion\/#primaryimage\",\"url\":\"https:\/\/apuntesdesanluis.com\/wp-content\/uploads\/2024\/08\/CAMARA-DE-DIPUTADOS-SIN-QUORUM.png\",\"contentUrl\":\"https:\/\/apuntesdesanluis.com\/wp-content\/uploads\/2024\/08\/CAMARA-DE-DIPUTADOS-SIN-QUORUM.png\",\"width\":666,\"height\":340},{\"@type\":\"BreadcrumbList\",\"@id\":\"https:\/\/apuntesdesanluis.com\/index.php\/2024\/08\/15\/insolito-el-oficialismo-en-diputados-que-tiene-mayoria-dejo-sin-quorum-la-sesion\/#breadcrumb\",\"itemListElement\":[{\"@type\":\"ListItem\",\"position\":1,\"name\":\"Inicio\",\"item\":\"https:\/\/apuntesdesanluis.com\/\"},{\"@type\":\"ListItem\",\"position\":2,\"name\":\"INS\u00d3LITO: EL OFICIALISMO EN DIPUTADOS, QUE TIENE MAYOR\u00cdA, DEJ\u00d3 SIN QU\u00d3RUM LA SESI\u00d3N\"}]},{\"@type\":\"WebSite\",\"@id\":\"https:\/\/apuntesdesanluis.com\/#website\",\"url\":\"https:\/\/apuntesdesanluis.com\/\",\"name\":\"Apuntes de San Luis\",\"description\":\"\",\"publisher\":{\"@id\":\"https:\/\/apuntesdesanluis.com\/#\/schema\/person\/b55151d52296fcce64d1a72538a70b90\"},\"potentialAction\":[{\"@type\":\"SearchAction\",\"target\":{\"@type\":\"EntryPoint\",\"urlTemplate\":\"https:\/\/apuntesdesanluis.com\/?s={search_term_string}\"},\"query-input\":{\"@type\":\"PropertyValueSpecification\",\"valueRequired\":true,\"valueName\":\"search_term_string\"}}],\"inLanguage\":\"es-AR\"},{\"@type\":[\"Person\",\"Organization\"],\"@id\":\"https:\/\/apuntesdesanluis.com\/#\/schema\/person\/b55151d52296fcce64d1a72538a70b90\",\"name\":\"apuntesdesanluis.com\",\"image\":{\"@type\":\"ImageObject\",\"inLanguage\":\"es-AR\",\"@id\":\"https:\/\/apuntesdesanluis.com\/#\/schema\/person\/image\/\",\"url\":\"https:\/\/apuntesdesanluis.com\/wp-content\/uploads\/2023\/07\/cropped-apuntesdesanluis.png\",\"contentUrl\":\"https:\/\/apuntesdesanluis.com\/wp-content\/uploads\/2023\/07\/cropped-apuntesdesanluis.png\",\"width\":450,\"height\":112,\"caption\":\"apuntesdesanluis.com\"},\"logo\":{\"@id\":\"https:\/\/apuntesdesanluis.com\/#\/schema\/person\/image\/\"},\"sameAs\":[\"https:\/\/apuntesdesanluis.com\"],\"url\":\"https:\/\/apuntesdesanluis.com\/index.php\/author\/apuntesdesanluis-com\/\"}]}<\/script>\n<!-- \/ Yoast SEO plugin. -->","yoast_head_json":{"title":"INS\u00d3LITO: EL OFICIALISMO EN DIPUTADOS, QUE TIENE MAYOR\u00cdA, DEJ\u00d3 SIN QU\u00d3RUM LA SESI\u00d3N - Apuntes de San Luis","robots":{"index":"index","follow":"follow","max-snippet":"max-snippet:-1","max-image-preview":"max-image-preview:large","max-video-preview":"max-video-preview:-1"},"canonical":"https:\/\/apuntesdesanluis.com\/index.php\/2024\/08\/15\/insolito-el-oficialismo-en-diputados-que-tiene-mayoria-dejo-sin-quorum-la-sesion\/","og_locale":"es_ES","og_type":"article","og_title":"INS\u00d3LITO: EL OFICIALISMO EN DIPUTADOS, QUE TIENE MAYOR\u00cdA, DEJ\u00d3 SIN QU\u00d3RUM LA SESI\u00d3N - Apuntes de San Luis","og_description":"Una situaci\u00f3n verdaderamente ins\u00f3lita se vivi\u00f3 este mi\u00e9rcoles en la C\u00e1mara de Diputados de la...","og_url":"https:\/\/apuntesdesanluis.com\/index.php\/2024\/08\/15\/insolito-el-oficialismo-en-diputados-que-tiene-mayoria-dejo-sin-quorum-la-sesion\/","og_site_name":"Apuntes de San Luis","article_published_time":"2024-08-15T03:25:28+00:00","og_image":[{"width":666,"height":340,"url":"https:\/\/apuntesdesanluis.com\/wp-content\/uploads\/2024\/08\/CAMARA-DE-DIPUTADOS-SIN-QUORUM.png","type":"image\/png"}],"author":"apuntesdesanluis.com","twitter_card":"summary_large_image","twitter_misc":{"Escrito por":"apuntesdesanluis.com","Tiempo de lectura":"3 minutos"},"schema":{"@context":"https:\/\/schema.org","@graph":[{"@type":"Article","@id":"https:\/\/apuntesdesanluis.com\/index.php\/2024\/08\/15\/insolito-el-oficialismo-en-diputados-que-tiene-mayoria-dejo-sin-quorum-la-sesion\/#article","isPartOf":{"@id":"https:\/\/apuntesdesanluis.com\/index.php\/2024\/08\/15\/insolito-el-oficialismo-en-diputados-que-tiene-mayoria-dejo-sin-quorum-la-sesion\/"},"author":{"name":"apuntesdesanluis.com","@id":"https:\/\/apuntesdesanluis.com\/#\/schema\/person\/b55151d52296fcce64d1a72538a70b90"},"headline":"INS\u00d3LITO: EL OFICIALISMO EN DIPUTADOS, QUE TIENE MAYOR\u00cdA, DEJ\u00d3 SIN QU\u00d3RUM LA SESI\u00d3N","datePublished":"2024-08-15T03:25:28+00:00","mainEntityOfPage":{"@id":"https:\/\/apuntesdesanluis.com\/index.php\/2024\/08\/15\/insolito-el-oficialismo-en-diputados-que-tiene-mayoria-dejo-sin-quorum-la-sesion\/"},"wordCount":547,"publisher":{"@id":"https:\/\/apuntesdesanluis.com\/#\/schema\/person\/b55151d52296fcce64d1a72538a70b90"},"image":{"@id":"https:\/\/apuntesdesanluis.com\/index.php\/2024\/08\/15\/insolito-el-oficialismo-en-diputados-que-tiene-mayoria-dejo-sin-quorum-la-sesion\/#primaryimage"},"thumbnailUrl":"https:\/\/apuntesdesanluis.com\/wp-content\/uploads\/2024\/08\/CAMARA-DE-DIPUTADOS-SIN-QUORUM.png","articleSection":["Ciudad\/Provincia"],"inLanguage":"es-AR"},{"@type":"WebPage","@id":"https:\/\/apuntesdesanluis.com\/index.php\/2024\/08\/15\/insolito-el-oficialismo-en-diputados-que-tiene-mayoria-dejo-sin-quorum-la-sesion\/","url":"https:\/\/apuntesdesanluis.com\/index.php\/2024\/08\/15\/insolito-el-oficialismo-en-diputados-que-tiene-mayoria-dejo-sin-quorum-la-sesion\/","name":"INS\u00d3LITO: EL OFICIALISMO EN DIPUTADOS, QUE TIENE MAYOR\u00cdA, DEJ\u00d3 SIN QU\u00d3RUM LA SESI\u00d3N - Apuntes de San Luis","isPartOf":{"@id":"https:\/\/apuntesdesanluis.com\/#website"},"primaryImageOfPage":{"@id":"https:\/\/apuntesdesanluis.com\/index.php\/2024\/08\/15\/insolito-el-oficialismo-en-diputados-que-tiene-mayoria-dejo-sin-quorum-la-sesion\/#primaryimage"},"image":{"@id":"https:\/\/apuntesdesanluis.com\/index.php\/2024\/08\/15\/insolito-el-oficialismo-en-diputados-que-tiene-mayoria-dejo-sin-quorum-la-sesion\/#primaryimage"},"thumbnailUrl":"https:\/\/apuntesdesanluis.com\/wp-content\/uploads\/2024\/08\/CAMARA-DE-DIPUTADOS-SIN-QUORUM.png","datePublished":"2024-08-15T03:25:28+00:00","breadcrumb":{"@id":"https:\/\/apuntesdesanluis.com\/index.php\/2024\/08\/15\/insolito-el-oficialismo-en-diputados-que-tiene-mayoria-dejo-sin-quorum-la-sesion\/#breadcrumb"},"inLanguage":"es-AR","potentialAction":[{"@type":"ReadAction","target":["https:\/\/apuntesdesanluis.com\/index.php\/2024\/08\/15\/insolito-el-oficialismo-en-diputados-que-tiene-mayoria-dejo-sin-quorum-la-sesion\/"]}]},{"@type":"ImageObject","inLanguage":"es-AR","@id":"https:\/\/apuntesdesanluis.com\/index.php\/2024\/08\/15\/insolito-el-oficialismo-en-diputados-que-tiene-mayoria-dejo-sin-quorum-la-sesion\/#primaryimage","url":"https:\/\/apuntesdesanluis.com\/wp-content\/uploads\/2024\/08\/CAMARA-DE-DIPUTADOS-SIN-QUORUM.png","contentUrl":"https:\/\/apuntesdesanluis.com\/wp-content\/uploads\/2024\/08\/CAMARA-DE-DIPUTADOS-SIN-QUORUM.png","width":666,"height":340},{"@type":"BreadcrumbList","@id":"https:\/\/apuntesdesanluis.com\/index.php\/2024\/08\/15\/insolito-el-oficialismo-en-diputados-que-tiene-mayoria-dejo-sin-quorum-la-sesion\/#breadcrumb","itemListElement":[{"@type":"ListItem","position":1,"name":"Inicio","item":"https:\/\/apuntesdesanluis.com\/"},{"@type":"ListItem","position":2,"name":"INS\u00d3LITO: EL OFICIALISMO EN DIPUTADOS, QUE TIENE MAYOR\u00cdA, DEJ\u00d3 SIN QU\u00d3RUM LA SESI\u00d3N"}]},{"@type":"WebSite","@id":"https:\/\/apuntesdesanluis.com\/#website","url":"https:\/\/apuntesdesanluis.com\/","name":"Apuntes de San Luis","description":"","publisher":{"@id":"https:\/\/apuntesdesanluis.com\/#\/schema\/person\/b55151d52296fcce64d1a72538a70b90"},"potentialAction":[{"@type":"SearchAction","target":{"@type":"EntryPoint","urlTemplate":"https:\/\/apuntesdesanluis.com\/?s={search_term_string}"},"query-input":{"@type":"PropertyValueSpecification","valueRequired":true,"valueName":"search_term_string"}}],"inLanguage":"es-AR"},{"@type":["Person","Organization"],"@id":"https:\/\/apuntesdesanluis.com\/#\/schema\/person\/b55151d52296fcce64d1a72538a70b90","name":"apuntesdesanluis.com","image":{"@type":"ImageObject","inLanguage":"es-AR","@id":"https:\/\/apuntesdesanluis.com\/#\/schema\/person\/image\/","url":"https:\/\/apuntesdesanluis.com\/wp-content\/uploads\/2023\/07\/cropped-apuntesdesanluis.png","contentUrl":"https:\/\/apuntesdesanluis.com\/wp-content\/uploads\/2023\/07\/cropped-apuntesdesanluis.png","width":450,"height":112,"caption":"apuntesdesanluis.com"},"logo":{"@id":"https:\/\/apuntesdesanluis.com\/#\/schema\/person\/image\/"},"sameAs":["https:\/\/apuntesdesanluis.com"],"url":"https:\/\/apuntesdesanluis.com\/index.php\/author\/apuntesdesanluis-com\/"}]}},"featured_image_urls":{"full":["https:\/\/apuntesdesanluis.com\/wp-content\/uploads\/2024\/08\/CAMARA-DE-DIPUTADOS-SIN-QUORUM.png",666,340,false],"thumbnail":["https:\/\/apuntesdesanluis.com\/wp-content\/uploads\/2024\/08\/CAMARA-DE-DIPUTADOS-SIN-QUORUM-150x150.png",150,150,true],"medium":["https:\/\/apuntesdesanluis.com\/wp-content\/uploads\/2024\/08\/CAMARA-DE-DIPUTADOS-SIN-QUORUM-300x153.png",300,153,true],"medium_large":["https:\/\/apuntesdesanluis.com\/wp-content\/uploads\/2024\/08\/CAMARA-DE-DIPUTADOS-SIN-QUORUM.png",640,327,false],"large":["https:\/\/apuntesdesanluis.com\/wp-content\/uploads\/2024\/08\/CAMARA-DE-DIPUTADOS-SIN-QUORUM.png",640,327,false],"1536x1536":["https:\/\/apuntesdesanluis.com\/wp-content\/uploads\/2024\/08\/CAMARA-DE-DIPUTADOS-SIN-QUORUM.png",666,340,false],"2048x2048":["https:\/\/apuntesdesanluis.com\/wp-content\/uploads\/2024\/08\/CAMARA-DE-DIPUTADOS-SIN-QUORUM.png",666,340,false],"newsever-slider-full":["https:\/\/apuntesdesanluis.com\/wp-content\/uploads\/2024\/08\/CAMARA-DE-DIPUTADOS-SIN-QUORUM.png",666,340,false],"newsever-featured":["https:\/\/apuntesdesanluis.com\/wp-content\/uploads\/2024\/08\/CAMARA-DE-DIPUTADOS-SIN-QUORUM.png",666,340,false],"newsever-medium":["https:\/\/apuntesdesanluis.com\/wp-content\/uploads\/2024\/08\/CAMARA-DE-DIPUTADOS-SIN-QUORUM.png",666,340,false]},"author_info":{"display_name":"apuntesdesanluis.com","author_link":"https:\/\/apuntesdesanluis.com\/index.php\/author\/apuntesdesanluis-com\/"},"category_info":"<a href=\"https:\/\/apuntesdesanluis.com\/index.php\/category\/ciudad-provincia\/\" rel=\"category tag\">Ciudad\/Provincia<\/a>","tag_info":"Ciudad\/Provincia","comment_count":"0","_links":{"self":[{"href":"https:\/\/apuntesdesanluis.com\/index.php\/wp-json\/wp\/v2\/posts\/20900","targetHints":{"allow":["GET"]}}],"collection":[{"href":"https:\/\/apuntesdesanluis.com\/index.php\/wp-json\/wp\/v2\/posts"}],"about":[{"href":"https:\/\/apuntesdesanluis.com\/index.php\/wp-json\/wp\/v2\/types\/post"}],"author":[{"embeddable":true,"href":"https:\/\/apuntesdesanluis.com\/index.php\/wp-json\/wp\/v2\/users\/1"}],"replies":[{"embeddable":true,"href":"https:\/\/apuntesdesanluis.com\/index.php\/wp-json\/wp\/v2\/comments?post=20900"}],"version-history":[{"count":1,"href":"https:\/\/apuntesdesanluis.com\/index.php\/wp-json\/wp\/v2\/posts\/20900\/revisions"}],"predecessor-version":[{"id":20904,"href":"https:\/\/apuntesdesanluis.com\/index.php\/wp-json\/wp\/v2\/posts\/20900\/revisions\/20904"}],"wp:featuredmedia":[{"embeddable":true,"href":"https:\/\/apuntesdesanluis.com\/index.php\/wp-json\/wp\/v2\/media\/20901"}],"wp:attachment":[{"href":"https:\/\/apuntesdesanluis.com\/index.php\/wp-json\/wp\/v2\/media?parent=20900"}],"wp:term":[{"taxonomy":"category","embeddable":true,"href":"https:\/\/apuntesdesanluis.com\/index.php\/wp-json\/wp\/v2\/categories?post=20900"},{"taxonomy":"post_tag","embeddable":true,"href":"https:\/\/apuntesdesanluis.com\/index.php\/wp-json\/wp\/v2\/tags?post=20900"}],"curies":[{"name":"wp","href":"https:\/\/api.w.org\/{rel}","templated":true}]}}