{"id":20906,"date":"2024-08-15T13:23:18","date_gmt":"2024-08-15T16:23:18","guid":{"rendered":"https:\/\/apuntesdesanluis.com\/?p=20906"},"modified":"2024-08-15T13:23:18","modified_gmt":"2024-08-15T16:23:18","slug":"la-provincia-va-a-adherir-a-la-ley-que-fomenta-la-generacion-de-energias-renovables","status":"publish","type":"post","link":"https:\/\/apuntesdesanluis.com\/index.php\/2024\/08\/15\/la-provincia-va-a-adherir-a-la-ley-que-fomenta-la-generacion-de-energias-renovables\/","title":{"rendered":"LA PROVINCIA VA A ADHERIR A LA LEY QUE FOMENTA LA GENERACI\u00d3N DE ENERG\u00cdAS RENOVABLES"},"content":{"rendered":"<h3>El Poder Ejecutivo remiti\u00f3 a la Legislatura provincial, con ingreso por la C\u00e1mara de Diputados, un proyecto de Ley en el que pide la adhesi\u00f3n de San Luis a la Ley Nacional N\u00b0 27.424, denominada \u2018R\u00e9gimen de Fomento a la Generaci\u00f3n Distribuida de Energ\u00eda Renovable Integrada a la Red El\u00e9ctrica P\u00fablica\u2019.<\/h3>\n<h3>La transici\u00f3n hacia las energ\u00edas verdes ya est\u00e1 en marcha y San Luis no quiere quedarse afuera. Por eso envi\u00f3 a la Legislatura un proyecto de ley para adherir a una norma nacional que fomenta la generaci\u00f3n de energ\u00eda renovable integrada a la red el\u00e9ctrica p\u00fablica. En los considerandos, asegura que \u201cel mundo est\u00e1 transitando el camino hacia un nuevo paradigma global de crecimiento sostenible y que este nuevo escenario plantea grandes desaf\u00edos, especialmente en materia de transici\u00f3n energ\u00e9tica, existiendo un inter\u00e9s y compromiso sin precedentes en abandonar la cl\u00e1sica matriz de producci\u00f3n energ\u00e9tica sustentada en los combustibles f\u00f3siles hacia protocolos de generaci\u00f3n que sean amigables con el ambiente\u201d.<\/h3>\n<h3>La Provincia ya hab\u00eda adherido a la Ley Nacional N\u00ba 26.190, que declara de inter\u00e9s nacional la generaci\u00f3n de energ\u00eda el\u00e9ctrica en base a fuentes renovables con destino a la prestaci\u00f3n del servicio p\u00fablico, la investigaci\u00f3n para el desarrollo tecnol\u00f3gico y fabricaci\u00f3n de equipos, estableciendo una meta a alcanzar del 8% de la producci\u00f3n de energ\u00eda a partir de fuentes renovables en un plazo de 10 a\u00f1os desde su promulgaci\u00f3n.<\/h3>\n<h3>Tambi\u00e9n San Luis tiene un Plan Estrat\u00e9gico de Energ\u00eda 2012\/2025, que fija como objetivo garantizar la disponibilidad energ\u00e9tica presente y futura de la Provincia bajo un criterio de productividad aceptable para todos los actores sociales, procurando el uso eficiente, el fortalecimiento de la infraestructura provincial y diversificando la matriz energ\u00e9tica en pos del desarrollo sustentable y la autarqu\u00eda provincial.<\/h3>\n<h3>Otro antecedente es una ley provincial de 2014 que aprueba la Ley de Promoci\u00f3n y Desarrollo de las Energ\u00edas Renovables, que fija como meta aumentar la participaci\u00f3n de las energ\u00edas renovables en la matriz energ\u00e9tica provincial, las inversiones del sector p\u00fablico y\/o privado en emprendimientos de generaci\u00f3n de energ\u00eda a partir de fuentes renovables y destaca el principio de generaci\u00f3n distribuida como un paso muy importante hacia la auto sustentabilidad energ\u00e9tica.<\/h3>\n<h3>Este es un paso m\u00e1s hacia la mitigaci\u00f3n del proceso de cambio clim\u00e1tico, que exige de acciones concretas dirigidas a fomentar la investigaci\u00f3n y desarrollo de nuevas tecnolog\u00edas, el fomento de la producci\u00f3n de biocombustibles, la generaci\u00f3n de hidr\u00f3geno verde y sistemas de captura y almacenamiento de carbono.<\/h3>\n<p>&nbsp;<\/p>\n<p>&nbsp;<\/p>\n<p>&nbsp;<\/p>\n","protected":false},"excerpt":{"rendered":"<p>El Poder Ejecutivo remiti\u00f3 a la Legislatura provincial, con ingreso por la C\u00e1mara de Diputados,&#8230;<\/p>\n","protected":false},"author":1,"featured_media":20907,"comment_status":"closed","ping_status":"closed","sticky":false,"template":"","format":"standard","meta":{"footnotes":""},"categories":[6],"tags":[],"class_list":["post-20906","post","type-post","status-publish","format-standard","has-post-thumbnail","hentry","category-ciudad-provincia"],"yoast_head":"<!-- This site is optimized with the Yoast SEO plugin v26.1.1 - https:\/\/yoast.com\/wordpress\/plugins\/seo\/ -->\n<title>LA PROVINCIA VA A ADHERIR A LA LEY QUE FOMENTA LA GENERACI\u00d3N DE ENERG\u00cdAS RENOVABLES - Apuntes de San Luis<\/title>\n<meta name=\"robots\" content=\"index, follow, max-snippet:-1, max-image-preview:large, max-video-preview:-1\" \/>\n<link rel=\"canonical\" href=\"https:\/\/apuntesdesanluis.com\/index.php\/2024\/08\/15\/la-provincia-va-a-adherir-a-la-ley-que-fomenta-la-generacion-de-energias-renovables\/\" \/>\n<meta property=\"og:locale\" content=\"es_ES\" \/>\n<meta property=\"og:type\" content=\"article\" \/>\n<meta property=\"og:title\" content=\"LA PROVINCIA VA A ADHERIR A LA LEY QUE FOMENTA LA GENERACI\u00d3N DE ENERG\u00cdAS RENOVABLES - Apuntes de San Luis\" \/>\n<meta property=\"og:description\" content=\"El Poder Ejecutivo remiti\u00f3 a la Legislatura provincial, con ingreso por la C\u00e1mara de Diputados,...\" \/>\n<meta property=\"og:url\" content=\"https:\/\/apuntesdesanluis.com\/index.php\/2024\/08\/15\/la-provincia-va-a-adherir-a-la-ley-que-fomenta-la-generacion-de-energias-renovables\/\" \/>\n<meta property=\"og:site_name\" content=\"Apuntes de San Luis\" \/>\n<meta property=\"article:published_time\" content=\"2024-08-15T16:23:18+00:00\" \/>\n<meta property=\"og:image\" content=\"https:\/\/apuntesdesanluis.com\/wp-content\/uploads\/2024\/08\/energia-renovable.png\" \/>\n\t<meta property=\"og:image:width\" content=\"492\" \/>\n\t<meta property=\"og:image:height\" content=\"310\" \/>\n\t<meta property=\"og:image:type\" content=\"image\/png\" \/>\n<meta name=\"author\" content=\"apuntesdesanluis.com\" \/>\n<meta name=\"twitter:card\" content=\"summary_large_image\" \/>\n<meta name=\"twitter:label1\" content=\"Escrito por\" \/>\n\t<meta name=\"twitter:data1\" content=\"apuntesdesanluis.com\" \/>\n\t<meta name=\"twitter:label2\" content=\"Tiempo de lectura\" \/>\n\t<meta name=\"twitter:data2\" content=\"3 minutos\" \/>\n<script type=\"application\/ld+json\" class=\"yoast-schema-graph\">{\"@context\":\"https:\/\/schema.org\",\"@graph\":[{\"@type\":\"Article\",\"@id\":\"https:\/\/apuntesdesanluis.com\/index.php\/2024\/08\/15\/la-provincia-va-a-adherir-a-la-ley-que-fomenta-la-generacion-de-energias-renovables\/#article\",\"isPartOf\":{\"@id\":\"https:\/\/apuntesdesanluis.com\/index.php\/2024\/08\/15\/la-provincia-va-a-adherir-a-la-ley-que-fomenta-la-generacion-de-energias-renovables\/\"},\"author\":{\"name\":\"apuntesdesanluis.com\",\"@id\":\"https:\/\/apuntesdesanluis.com\/#\/schema\/person\/b55151d52296fcce64d1a72538a70b90\"},\"headline\":\"LA PROVINCIA VA A ADHERIR A LA LEY QUE FOMENTA LA GENERACI\u00d3N DE ENERG\u00cdAS RENOVABLES\",\"datePublished\":\"2024-08-15T16:23:18+00:00\",\"mainEntityOfPage\":{\"@id\":\"https:\/\/apuntesdesanluis.com\/index.php\/2024\/08\/15\/la-provincia-va-a-adherir-a-la-ley-que-fomenta-la-generacion-de-energias-renovables\/\"},\"wordCount\":483,\"publisher\":{\"@id\":\"https:\/\/apuntesdesanluis.com\/#\/schema\/person\/b55151d52296fcce64d1a72538a70b90\"},\"image\":{\"@id\":\"https:\/\/apuntesdesanluis.com\/index.php\/2024\/08\/15\/la-provincia-va-a-adherir-a-la-ley-que-fomenta-la-generacion-de-energias-renovables\/#primaryimage\"},\"thumbnailUrl\":\"https:\/\/apuntesdesanluis.com\/wp-content\/uploads\/2024\/08\/energia-renovable.png\",\"articleSection\":[\"Ciudad\/Provincia\"],\"inLanguage\":\"es-AR\"},{\"@type\":\"WebPage\",\"@id\":\"https:\/\/apuntesdesanluis.com\/index.php\/2024\/08\/15\/la-provincia-va-a-adherir-a-la-ley-que-fomenta-la-generacion-de-energias-renovables\/\",\"url\":\"https:\/\/apuntesdesanluis.com\/index.php\/2024\/08\/15\/la-provincia-va-a-adherir-a-la-ley-que-fomenta-la-generacion-de-energias-renovables\/\",\"name\":\"LA PROVINCIA VA A ADHERIR A LA LEY QUE FOMENTA LA GENERACI\u00d3N DE ENERG\u00cdAS RENOVABLES - Apuntes de San Luis\",\"isPartOf\":{\"@id\":\"https:\/\/apuntesdesanluis.com\/#website\"},\"primaryImageOfPage\":{\"@id\":\"https:\/\/apuntesdesanluis.com\/index.php\/2024\/08\/15\/la-provincia-va-a-adherir-a-la-ley-que-fomenta-la-generacion-de-energias-renovables\/#primaryimage\"},\"image\":{\"@id\":\"https:\/\/apuntesdesanluis.com\/index.php\/2024\/08\/15\/la-provincia-va-a-adherir-a-la-ley-que-fomenta-la-generacion-de-energias-renovables\/#primaryimage\"},\"thumbnailUrl\":\"https:\/\/apuntesdesanluis.com\/wp-content\/uploads\/2024\/08\/energia-renovable.png\",\"datePublished\":\"2024-08-15T16:23:18+00:00\",\"breadcrumb\":{\"@id\":\"https:\/\/apuntesdesanluis.com\/index.php\/2024\/08\/15\/la-provincia-va-a-adherir-a-la-ley-que-fomenta-la-generacion-de-energias-renovables\/#breadcrumb\"},\"inLanguage\":\"es-AR\",\"potentialAction\":[{\"@type\":\"ReadAction\",\"target\":[\"https:\/\/apuntesdesanluis.com\/index.php\/2024\/08\/15\/la-provincia-va-a-adherir-a-la-ley-que-fomenta-la-generacion-de-energias-renovables\/\"]}]},{\"@type\":\"ImageObject\",\"inLanguage\":\"es-AR\",\"@id\":\"https:\/\/apuntesdesanluis.com\/index.php\/2024\/08\/15\/la-provincia-va-a-adherir-a-la-ley-que-fomenta-la-generacion-de-energias-renovables\/#primaryimage\",\"url\":\"https:\/\/apuntesdesanluis.com\/wp-content\/uploads\/2024\/08\/energia-renovable.png\",\"contentUrl\":\"https:\/\/apuntesdesanluis.com\/wp-content\/uploads\/2024\/08\/energia-renovable.png\",\"width\":492,\"height\":310},{\"@type\":\"BreadcrumbList\",\"@id\":\"https:\/\/apuntesdesanluis.com\/index.php\/2024\/08\/15\/la-provincia-va-a-adherir-a-la-ley-que-fomenta-la-generacion-de-energias-renovables\/#breadcrumb\",\"itemListElement\":[{\"@type\":\"ListItem\",\"position\":1,\"name\":\"Inicio\",\"item\":\"https:\/\/apuntesdesanluis.com\/\"},{\"@type\":\"ListItem\",\"position\":2,\"name\":\"LA PROVINCIA VA A ADHERIR A LA LEY QUE FOMENTA LA GENERACI\u00d3N DE ENERG\u00cdAS RENOVABLES\"}]},{\"@type\":\"WebSite\",\"@id\":\"https:\/\/apuntesdesanluis.com\/#website\",\"url\":\"https:\/\/apuntesdesanluis.com\/\",\"name\":\"Apuntes de San Luis\",\"description\":\"\",\"publisher\":{\"@id\":\"https:\/\/apuntesdesanluis.com\/#\/schema\/person\/b55151d52296fcce64d1a72538a70b90\"},\"potentialAction\":[{\"@type\":\"SearchAction\",\"target\":{\"@type\":\"EntryPoint\",\"urlTemplate\":\"https:\/\/apuntesdesanluis.com\/?s={search_term_string}\"},\"query-input\":{\"@type\":\"PropertyValueSpecification\",\"valueRequired\":true,\"valueName\":\"search_term_string\"}}],\"inLanguage\":\"es-AR\"},{\"@type\":[\"Person\",\"Organization\"],\"@id\":\"https:\/\/apuntesdesanluis.com\/#\/schema\/person\/b55151d52296fcce64d1a72538a70b90\",\"name\":\"apuntesdesanluis.com\",\"image\":{\"@type\":\"ImageObject\",\"inLanguage\":\"es-AR\",\"@id\":\"https:\/\/apuntesdesanluis.com\/#\/schema\/person\/image\/\",\"url\":\"https:\/\/apuntesdesanluis.com\/wp-content\/uploads\/2023\/07\/cropped-apuntesdesanluis.png\",\"contentUrl\":\"https:\/\/apuntesdesanluis.com\/wp-content\/uploads\/2023\/07\/cropped-apuntesdesanluis.png\",\"width\":450,\"height\":112,\"caption\":\"apuntesdesanluis.com\"},\"logo\":{\"@id\":\"https:\/\/apuntesdesanluis.com\/#\/schema\/person\/image\/\"},\"sameAs\":[\"https:\/\/apuntesdesanluis.com\"],\"url\":\"https:\/\/apuntesdesanluis.com\/index.php\/author\/apuntesdesanluis-com\/\"}]}<\/script>\n<!-- \/ Yoast SEO plugin. -->","yoast_head_json":{"title":"LA PROVINCIA VA A ADHERIR A LA LEY QUE FOMENTA LA GENERACI\u00d3N DE ENERG\u00cdAS RENOVABLES - Apuntes de San Luis","robots":{"index":"index","follow":"follow","max-snippet":"max-snippet:-1","max-image-preview":"max-image-preview:large","max-video-preview":"max-video-preview:-1"},"canonical":"https:\/\/apuntesdesanluis.com\/index.php\/2024\/08\/15\/la-provincia-va-a-adherir-a-la-ley-que-fomenta-la-generacion-de-energias-renovables\/","og_locale":"es_ES","og_type":"article","og_title":"LA PROVINCIA VA A ADHERIR A LA LEY QUE FOMENTA LA GENERACI\u00d3N DE ENERG\u00cdAS RENOVABLES - Apuntes de San Luis","og_description":"El Poder Ejecutivo remiti\u00f3 a la Legislatura provincial, con ingreso por la C\u00e1mara de Diputados,...","og_url":"https:\/\/apuntesdesanluis.com\/index.php\/2024\/08\/15\/la-provincia-va-a-adherir-a-la-ley-que-fomenta-la-generacion-de-energias-renovables\/","og_site_name":"Apuntes de San Luis","article_published_time":"2024-08-15T16:23:18+00:00","og_image":[{"width":492,"height":310,"url":"https:\/\/apuntesdesanluis.com\/wp-content\/uploads\/2024\/08\/energia-renovable.png","type":"image\/png"}],"author":"apuntesdesanluis.com","twitter_card":"summary_large_image","twitter_misc":{"Escrito por":"apuntesdesanluis.com","Tiempo de lectura":"3 minutos"},"schema":{"@context":"https:\/\/schema.org","@graph":[{"@type":"Article","@id":"https:\/\/apuntesdesanluis.com\/index.php\/2024\/08\/15\/la-provincia-va-a-adherir-a-la-ley-que-fomenta-la-generacion-de-energias-renovables\/#article","isPartOf":{"@id":"https:\/\/apuntesdesanluis.com\/index.php\/2024\/08\/15\/la-provincia-va-a-adherir-a-la-ley-que-fomenta-la-generacion-de-energias-renovables\/"},"author":{"name":"apuntesdesanluis.com","@id":"https:\/\/apuntesdesanluis.com\/#\/schema\/person\/b55151d52296fcce64d1a72538a70b90"},"headline":"LA PROVINCIA VA A ADHERIR A LA LEY QUE FOMENTA LA GENERACI\u00d3N DE ENERG\u00cdAS RENOVABLES","datePublished":"2024-08-15T16:23:18+00:00","mainEntityOfPage":{"@id":"https:\/\/apuntesdesanluis.com\/index.php\/2024\/08\/15\/la-provincia-va-a-adherir-a-la-ley-que-fomenta-la-generacion-de-energias-renovables\/"},"wordCount":483,"publisher":{"@id":"https:\/\/apuntesdesanluis.com\/#\/schema\/person\/b55151d52296fcce64d1a72538a70b90"},"image":{"@id":"https:\/\/apuntesdesanluis.com\/index.php\/2024\/08\/15\/la-provincia-va-a-adherir-a-la-ley-que-fomenta-la-generacion-de-energias-renovables\/#primaryimage"},"thumbnailUrl":"https:\/\/apuntesdesanluis.com\/wp-content\/uploads\/2024\/08\/energia-renovable.png","articleSection":["Ciudad\/Provincia"],"inLanguage":"es-AR"},{"@type":"WebPage","@id":"https:\/\/apuntesdesanluis.com\/index.php\/2024\/08\/15\/la-provincia-va-a-adherir-a-la-ley-que-fomenta-la-generacion-de-energias-renovables\/","url":"https:\/\/apuntesdesanluis.com\/index.php\/2024\/08\/15\/la-provincia-va-a-adherir-a-la-ley-que-fomenta-la-generacion-de-energias-renovables\/","name":"LA PROVINCIA VA A ADHERIR A LA LEY QUE FOMENTA LA GENERACI\u00d3N DE ENERG\u00cdAS RENOVABLES - Apuntes de San Luis","isPartOf":{"@id":"https:\/\/apuntesdesanluis.com\/#website"},"primaryImageOfPage":{"@id":"https:\/\/apuntesdesanluis.com\/index.php\/2024\/08\/15\/la-provincia-va-a-adherir-a-la-ley-que-fomenta-la-generacion-de-energias-renovables\/#primaryimage"},"image":{"@id":"https:\/\/apuntesdesanluis.com\/index.php\/2024\/08\/15\/la-provincia-va-a-adherir-a-la-ley-que-fomenta-la-generacion-de-energias-renovables\/#primaryimage"},"thumbnailUrl":"https:\/\/apuntesdesanluis.com\/wp-content\/uploads\/2024\/08\/energia-renovable.png","datePublished":"2024-08-15T16:23:18+00:00","breadcrumb":{"@id":"https:\/\/apuntesdesanluis.com\/index.php\/2024\/08\/15\/la-provincia-va-a-adherir-a-la-ley-que-fomenta-la-generacion-de-energias-renovables\/#breadcrumb"},"inLanguage":"es-AR","potentialAction":[{"@type":"ReadAction","target":["https:\/\/apuntesdesanluis.com\/index.php\/2024\/08\/15\/la-provincia-va-a-adherir-a-la-ley-que-fomenta-la-generacion-de-energias-renovables\/"]}]},{"@type":"ImageObject","inLanguage":"es-AR","@id":"https:\/\/apuntesdesanluis.com\/index.php\/2024\/08\/15\/la-provincia-va-a-adherir-a-la-ley-que-fomenta-la-generacion-de-energias-renovables\/#primaryimage","url":"https:\/\/apuntesdesanluis.com\/wp-content\/uploads\/2024\/08\/energia-renovable.png","contentUrl":"https:\/\/apuntesdesanluis.com\/wp-content\/uploads\/2024\/08\/energia-renovable.png","width":492,"height":310},{"@type":"BreadcrumbList","@id":"https:\/\/apuntesdesanluis.com\/index.php\/2024\/08\/15\/la-provincia-va-a-adherir-a-la-ley-que-fomenta-la-generacion-de-energias-renovables\/#breadcrumb","itemListElement":[{"@type":"ListItem","position":1,"name":"Inicio","item":"https:\/\/apuntesdesanluis.com\/"},{"@type":"ListItem","position":2,"name":"LA PROVINCIA VA A ADHERIR A LA LEY QUE FOMENTA LA GENERACI\u00d3N DE ENERG\u00cdAS RENOVABLES"}]},{"@type":"WebSite","@id":"https:\/\/apuntesdesanluis.com\/#website","url":"https:\/\/apuntesdesanluis.com\/","name":"Apuntes de San Luis","description":"","publisher":{"@id":"https:\/\/apuntesdesanluis.com\/#\/schema\/person\/b55151d52296fcce64d1a72538a70b90"},"potentialAction":[{"@type":"SearchAction","target":{"@type":"EntryPoint","urlTemplate":"https:\/\/apuntesdesanluis.com\/?s={search_term_string}"},"query-input":{"@type":"PropertyValueSpecification","valueRequired":true,"valueName":"search_term_string"}}],"inLanguage":"es-AR"},{"@type":["Person","Organization"],"@id":"https:\/\/apuntesdesanluis.com\/#\/schema\/person\/b55151d52296fcce64d1a72538a70b90","name":"apuntesdesanluis.com","image":{"@type":"ImageObject","inLanguage":"es-AR","@id":"https:\/\/apuntesdesanluis.com\/#\/schema\/person\/image\/","url":"https:\/\/apuntesdesanluis.com\/wp-content\/uploads\/2023\/07\/cropped-apuntesdesanluis.png","contentUrl":"https:\/\/apuntesdesanluis.com\/wp-content\/uploads\/2023\/07\/cropped-apuntesdesanluis.png","width":450,"height":112,"caption":"apuntesdesanluis.com"},"logo":{"@id":"https:\/\/apuntesdesanluis.com\/#\/schema\/person\/image\/"},"sameAs":["https:\/\/apuntesdesanluis.com"],"url":"https:\/\/apuntesdesanluis.com\/index.php\/author\/apuntesdesanluis-com\/"}]}},"featured_image_urls":{"full":["https:\/\/apuntesdesanluis.com\/wp-content\/uploads\/2024\/08\/energia-renovable.png",492,310,false],"thumbnail":["https:\/\/apuntesdesanluis.com\/wp-content\/uploads\/2024\/08\/energia-renovable-150x150.png",150,150,true],"medium":["https:\/\/apuntesdesanluis.com\/wp-content\/uploads\/2024\/08\/energia-renovable-300x189.png",300,189,true],"medium_large":["https:\/\/apuntesdesanluis.com\/wp-content\/uploads\/2024\/08\/energia-renovable.png",492,310,false],"large":["https:\/\/apuntesdesanluis.com\/wp-content\/uploads\/2024\/08\/energia-renovable.png",492,310,false],"1536x1536":["https:\/\/apuntesdesanluis.com\/wp-content\/uploads\/2024\/08\/energia-renovable.png",492,310,false],"2048x2048":["https:\/\/apuntesdesanluis.com\/wp-content\/uploads\/2024\/08\/energia-renovable.png",492,310,false],"newsever-slider-full":["https:\/\/apuntesdesanluis.com\/wp-content\/uploads\/2024\/08\/energia-renovable.png",492,310,false],"newsever-featured":["https:\/\/apuntesdesanluis.com\/wp-content\/uploads\/2024\/08\/energia-renovable.png",492,310,false],"newsever-medium":["https:\/\/apuntesdesanluis.com\/wp-content\/uploads\/2024\/08\/energia-renovable.png",492,310,false]},"author_info":{"display_name":"apuntesdesanluis.com","author_link":"https:\/\/apuntesdesanluis.com\/index.php\/author\/apuntesdesanluis-com\/"},"category_info":"<a href=\"https:\/\/apuntesdesanluis.com\/index.php\/category\/ciudad-provincia\/\" rel=\"category tag\">Ciudad\/Provincia<\/a>","tag_info":"Ciudad\/Provincia","comment_count":"0","_links":{"self":[{"href":"https:\/\/apuntesdesanluis.com\/index.php\/wp-json\/wp\/v2\/posts\/20906","targetHints":{"allow":["GET"]}}],"collection":[{"href":"https:\/\/apuntesdesanluis.com\/index.php\/wp-json\/wp\/v2\/posts"}],"about":[{"href":"https:\/\/apuntesdesanluis.com\/index.php\/wp-json\/wp\/v2\/types\/post"}],"author":[{"embeddable":true,"href":"https:\/\/apuntesdesanluis.com\/index.php\/wp-json\/wp\/v2\/users\/1"}],"replies":[{"embeddable":true,"href":"https:\/\/apuntesdesanluis.com\/index.php\/wp-json\/wp\/v2\/comments?post=20906"}],"version-history":[{"count":1,"href":"https:\/\/apuntesdesanluis.com\/index.php\/wp-json\/wp\/v2\/posts\/20906\/revisions"}],"predecessor-version":[{"id":20908,"href":"https:\/\/apuntesdesanluis.com\/index.php\/wp-json\/wp\/v2\/posts\/20906\/revisions\/20908"}],"wp:featuredmedia":[{"embeddable":true,"href":"https:\/\/apuntesdesanluis.com\/index.php\/wp-json\/wp\/v2\/media\/20907"}],"wp:attachment":[{"href":"https:\/\/apuntesdesanluis.com\/index.php\/wp-json\/wp\/v2\/media?parent=20906"}],"wp:term":[{"taxonomy":"category","embeddable":true,"href":"https:\/\/apuntesdesanluis.com\/index.php\/wp-json\/wp\/v2\/categories?post=20906"},{"taxonomy":"post_tag","embeddable":true,"href":"https:\/\/apuntesdesanluis.com\/index.php\/wp-json\/wp\/v2\/tags?post=20906"}],"curies":[{"name":"wp","href":"https:\/\/api.w.org\/{rel}","templated":true}]}}