{"id":20909,"date":"2024-08-15T13:30:22","date_gmt":"2024-08-15T16:30:22","guid":{"rendered":"https:\/\/apuntesdesanluis.com\/?p=20909"},"modified":"2024-08-15T13:30:22","modified_gmt":"2024-08-15T16:30:22","slug":"el-registro-civil-ya-esta-operativo-en-el-complejo-urbanistico-la-ribera","status":"publish","type":"post","link":"https:\/\/apuntesdesanluis.com\/index.php\/2024\/08\/15\/el-registro-civil-ya-esta-operativo-en-el-complejo-urbanistico-la-ribera\/","title":{"rendered":"EL REGISTRO CIVIL YA EST\u00c1 OPERATIVO EN EL COMPLEJO URBAN\u00cdSTICO LA RIBERA"},"content":{"rendered":"<h3>El Gobernador recorri\u00f3 la sede donde se realizan los tr\u00e1mites identificatorios que fue recientemente habilitada. Bajo la premisa de la descentralizaci\u00f3n, la oficina permite que m\u00e1s de 18 mil vecinos hagan estas diligencias cerca de sus domicilios. El beneficio alcanza a familias del barrio Uni\u00f3n y parajes aleda\u00f1os.<\/h3>\n<h3>Durante su visita de los jueves a Villa Mercedes, el gobernador <strong>Claudio Poggi<\/strong> hizo escala durante la ma\u00f1ana en el complejo urban\u00edstico La Ribera, puntualmente en el casco comercial, para interiorizarse sobre la sede del Registro de Estado Civil de las Personas recientemente habilitada.<\/h3>\n<p><img fetchpriority=\"high\" decoding=\"async\" class=\"wp-image-20911 aligncenter\" src=\"https:\/\/apuntesdesanluis.com\/wp-content\/uploads\/2024\/08\/poggi-en-la-ribera-300x183.png\" alt=\"\" width=\"511\" height=\"312\" srcset=\"https:\/\/apuntesdesanluis.com\/wp-content\/uploads\/2024\/08\/poggi-en-la-ribera-300x183.png 300w, https:\/\/apuntesdesanluis.com\/wp-content\/uploads\/2024\/08\/poggi-en-la-ribera.png 700w\" sizes=\"(max-width: 511px) 100vw, 511px\" \/><\/p>\n<h3>Se trata de una repartici\u00f3n anexada al ya existente Centro de Documentaci\u00f3n R\u00e1pida (CDR), perteneciente a la intendencia de Villa Mercedes, una muestra m\u00e1s del trabajo en conjunto entre los estados Provincial y Municipal al servicio de la comunidad.<\/h3>\n<h3>Ubicado junto a un conocido supermercado, y a metros de la comisar\u00eda, de la escuela \u2018Maestro Escultor Vicente Lucero\u2019 y a un espacio destinado al deporte y a la recreaci\u00f3n, en la delegaci\u00f3n pueden realizarse tr\u00e1mites como actualizaci\u00f3n de DNI de 5, 8 y 14 a\u00f1os, cambio de domicilio, reposici\u00f3n de DNI en casos de extrav\u00edo y pasaportes.<\/h3>\n<h3>Esta extensi\u00f3n del organismo descentraliza las oficinas ubicadas en el centro de Villa Mercedes, permitiendo que m\u00e1s de 18 mil vecinos realicen estas diligencias m\u00e1s cerca de sus domicilios. Este beneficio tambi\u00e9n alcanza a las familias afincadas en el barrio Uni\u00f3n y parajes aleda\u00f1os.<\/h3>\n<h3>Durante su visita, Poggi estuvo acompa\u00f1ado por el director y el subdirector del Registro de Estado Civil de las Personas, <strong>Guillermo Valdeven\u00edtez<\/strong> y <strong>Lucas Gieco<\/strong>, respectivamente, como as\u00ed tambi\u00e9n el senador <strong>Adolfo Castro Luna<\/strong> y del intendente, <strong>Maximiliano Frontera<\/strong>.<\/h3>\n<p><img decoding=\"async\" class=\"wp-image-20912 aligncenter\" src=\"https:\/\/apuntesdesanluis.com\/wp-content\/uploads\/2024\/08\/frontera-300x195.png\" alt=\"\" width=\"495\" height=\"322\" srcset=\"https:\/\/apuntesdesanluis.com\/wp-content\/uploads\/2024\/08\/frontera-300x195.png 300w, https:\/\/apuntesdesanluis.com\/wp-content\/uploads\/2024\/08\/frontera.png 493w\" sizes=\"(max-width: 495px) 100vw, 495px\" \/><\/p>\n<h3>\u201cEsta es una forma de acercar el Registro Civil a los vecinos y que no se tengan que trasladar hacia el centro. La Ribera tiene m\u00e1s de 25 mil habitantes. Aqu\u00ed se atender\u00e1 de 9:00 a 15:00. Los tr\u00e1mites pueden hacer ac\u00e1 son todos los referidos al DNI, la actualizaci\u00f3n de los menores de 5 a 8 a\u00f1os, tambi\u00e9n la de los 14 a\u00f1os. Los cambios de domicilio, alguna reposici\u00f3n por extrav\u00edo\u201d, detall\u00f3 el Director del Registro.<\/h3>\n<h3><\/h3>\n<h3>El intendente Frontera agradeci\u00f3 a Poggi la visita de este jueves, como es habitual, y la tarea conjunta. \u201cEstamos trabajando en equipo con el Gobernador, uniendo esfuerzos. No hay esperar que la necesidad llegue al escritorio, sino que ir a buscarla y resolverla. Voy a reiterar lo que dijo el Director del Registro, que lo importante es que estemos unidos, siempre con la finalidad es solucionar los problemas de la gente. El Estado sirve para esto, para tender la mano, sobre todo a los que m\u00e1s lo necesitan\u201d, consider\u00f3 Frontera.<\/h3>\n<p>&nbsp;<\/p>\n<p>&nbsp;<\/p>\n<p>&nbsp;<\/p>\n","protected":false},"excerpt":{"rendered":"<p>El Gobernador recorri\u00f3 la sede donde se realizan los tr\u00e1mites identificatorios que fue recientemente habilitada&#8230;.<\/p>\n","protected":false},"author":1,"featured_media":20910,"comment_status":"closed","ping_status":"closed","sticky":false,"template":"","format":"standard","meta":{"footnotes":""},"categories":[6],"tags":[],"class_list":["post-20909","post","type-post","status-publish","format-standard","has-post-thumbnail","hentry","category-ciudad-provincia"],"yoast_head":"<!-- This site is optimized with the Yoast SEO plugin v26.1.1 - https:\/\/yoast.com\/wordpress\/plugins\/seo\/ -->\n<title>EL REGISTRO CIVIL YA EST\u00c1 OPERATIVO EN EL COMPLEJO URBAN\u00cdSTICO LA RIBERA - Apuntes de San Luis<\/title>\n<meta name=\"robots\" content=\"index, follow, max-snippet:-1, max-image-preview:large, max-video-preview:-1\" \/>\n<link rel=\"canonical\" href=\"https:\/\/apuntesdesanluis.com\/index.php\/2024\/08\/15\/el-registro-civil-ya-esta-operativo-en-el-complejo-urbanistico-la-ribera\/\" \/>\n<meta property=\"og:locale\" content=\"es_ES\" \/>\n<meta property=\"og:type\" content=\"article\" \/>\n<meta property=\"og:title\" content=\"EL REGISTRO CIVIL YA EST\u00c1 OPERATIVO EN EL COMPLEJO URBAN\u00cdSTICO LA RIBERA - Apuntes de San Luis\" \/>\n<meta property=\"og:description\" content=\"El Gobernador recorri\u00f3 la sede donde se realizan los tr\u00e1mites identificatorios que fue recientemente habilitada....\" \/>\n<meta property=\"og:url\" content=\"https:\/\/apuntesdesanluis.com\/index.php\/2024\/08\/15\/el-registro-civil-ya-esta-operativo-en-el-complejo-urbanistico-la-ribera\/\" \/>\n<meta property=\"og:site_name\" content=\"Apuntes de San Luis\" \/>\n<meta property=\"article:published_time\" content=\"2024-08-15T16:30:22+00:00\" \/>\n<meta property=\"og:image\" content=\"https:\/\/apuntesdesanluis.com\/wp-content\/uploads\/2024\/08\/poggi-grupal.png\" \/>\n\t<meta property=\"og:image:width\" content=\"700\" \/>\n\t<meta property=\"og:image:height\" content=\"384\" \/>\n\t<meta property=\"og:image:type\" content=\"image\/png\" \/>\n<meta name=\"author\" content=\"apuntesdesanluis.com\" \/>\n<meta name=\"twitter:card\" content=\"summary_large_image\" \/>\n<meta name=\"twitter:label1\" content=\"Escrito por\" \/>\n\t<meta name=\"twitter:data1\" content=\"apuntesdesanluis.com\" \/>\n\t<meta name=\"twitter:label2\" content=\"Tiempo de lectura\" \/>\n\t<meta name=\"twitter:data2\" content=\"3 minutos\" \/>\n<script type=\"application\/ld+json\" class=\"yoast-schema-graph\">{\"@context\":\"https:\/\/schema.org\",\"@graph\":[{\"@type\":\"Article\",\"@id\":\"https:\/\/apuntesdesanluis.com\/index.php\/2024\/08\/15\/el-registro-civil-ya-esta-operativo-en-el-complejo-urbanistico-la-ribera\/#article\",\"isPartOf\":{\"@id\":\"https:\/\/apuntesdesanluis.com\/index.php\/2024\/08\/15\/el-registro-civil-ya-esta-operativo-en-el-complejo-urbanistico-la-ribera\/\"},\"author\":{\"name\":\"apuntesdesanluis.com\",\"@id\":\"https:\/\/apuntesdesanluis.com\/#\/schema\/person\/b55151d52296fcce64d1a72538a70b90\"},\"headline\":\"EL REGISTRO CIVIL YA EST\u00c1 OPERATIVO EN EL COMPLEJO URBAN\u00cdSTICO LA RIBERA\",\"datePublished\":\"2024-08-15T16:30:22+00:00\",\"mainEntityOfPage\":{\"@id\":\"https:\/\/apuntesdesanluis.com\/index.php\/2024\/08\/15\/el-registro-civil-ya-esta-operativo-en-el-complejo-urbanistico-la-ribera\/\"},\"wordCount\":481,\"publisher\":{\"@id\":\"https:\/\/apuntesdesanluis.com\/#\/schema\/person\/b55151d52296fcce64d1a72538a70b90\"},\"image\":{\"@id\":\"https:\/\/apuntesdesanluis.com\/index.php\/2024\/08\/15\/el-registro-civil-ya-esta-operativo-en-el-complejo-urbanistico-la-ribera\/#primaryimage\"},\"thumbnailUrl\":\"https:\/\/apuntesdesanluis.com\/wp-content\/uploads\/2024\/08\/poggi-grupal.png\",\"articleSection\":[\"Ciudad\/Provincia\"],\"inLanguage\":\"es-AR\"},{\"@type\":\"WebPage\",\"@id\":\"https:\/\/apuntesdesanluis.com\/index.php\/2024\/08\/15\/el-registro-civil-ya-esta-operativo-en-el-complejo-urbanistico-la-ribera\/\",\"url\":\"https:\/\/apuntesdesanluis.com\/index.php\/2024\/08\/15\/el-registro-civil-ya-esta-operativo-en-el-complejo-urbanistico-la-ribera\/\",\"name\":\"EL REGISTRO CIVIL YA EST\u00c1 OPERATIVO EN EL COMPLEJO URBAN\u00cdSTICO LA RIBERA - Apuntes de San Luis\",\"isPartOf\":{\"@id\":\"https:\/\/apuntesdesanluis.com\/#website\"},\"primaryImageOfPage\":{\"@id\":\"https:\/\/apuntesdesanluis.com\/index.php\/2024\/08\/15\/el-registro-civil-ya-esta-operativo-en-el-complejo-urbanistico-la-ribera\/#primaryimage\"},\"image\":{\"@id\":\"https:\/\/apuntesdesanluis.com\/index.php\/2024\/08\/15\/el-registro-civil-ya-esta-operativo-en-el-complejo-urbanistico-la-ribera\/#primaryimage\"},\"thumbnailUrl\":\"https:\/\/apuntesdesanluis.com\/wp-content\/uploads\/2024\/08\/poggi-grupal.png\",\"datePublished\":\"2024-08-15T16:30:22+00:00\",\"breadcrumb\":{\"@id\":\"https:\/\/apuntesdesanluis.com\/index.php\/2024\/08\/15\/el-registro-civil-ya-esta-operativo-en-el-complejo-urbanistico-la-ribera\/#breadcrumb\"},\"inLanguage\":\"es-AR\",\"potentialAction\":[{\"@type\":\"ReadAction\",\"target\":[\"https:\/\/apuntesdesanluis.com\/index.php\/2024\/08\/15\/el-registro-civil-ya-esta-operativo-en-el-complejo-urbanistico-la-ribera\/\"]}]},{\"@type\":\"ImageObject\",\"inLanguage\":\"es-AR\",\"@id\":\"https:\/\/apuntesdesanluis.com\/index.php\/2024\/08\/15\/el-registro-civil-ya-esta-operativo-en-el-complejo-urbanistico-la-ribera\/#primaryimage\",\"url\":\"https:\/\/apuntesdesanluis.com\/wp-content\/uploads\/2024\/08\/poggi-grupal.png\",\"contentUrl\":\"https:\/\/apuntesdesanluis.com\/wp-content\/uploads\/2024\/08\/poggi-grupal.png\",\"width\":700,\"height\":384},{\"@type\":\"BreadcrumbList\",\"@id\":\"https:\/\/apuntesdesanluis.com\/index.php\/2024\/08\/15\/el-registro-civil-ya-esta-operativo-en-el-complejo-urbanistico-la-ribera\/#breadcrumb\",\"itemListElement\":[{\"@type\":\"ListItem\",\"position\":1,\"name\":\"Inicio\",\"item\":\"https:\/\/apuntesdesanluis.com\/\"},{\"@type\":\"ListItem\",\"position\":2,\"name\":\"EL REGISTRO CIVIL YA EST\u00c1 OPERATIVO EN EL COMPLEJO URBAN\u00cdSTICO LA RIBERA\"}]},{\"@type\":\"WebSite\",\"@id\":\"https:\/\/apuntesdesanluis.com\/#website\",\"url\":\"https:\/\/apuntesdesanluis.com\/\",\"name\":\"Apuntes de San Luis\",\"description\":\"\",\"publisher\":{\"@id\":\"https:\/\/apuntesdesanluis.com\/#\/schema\/person\/b55151d52296fcce64d1a72538a70b90\"},\"potentialAction\":[{\"@type\":\"SearchAction\",\"target\":{\"@type\":\"EntryPoint\",\"urlTemplate\":\"https:\/\/apuntesdesanluis.com\/?s={search_term_string}\"},\"query-input\":{\"@type\":\"PropertyValueSpecification\",\"valueRequired\":true,\"valueName\":\"search_term_string\"}}],\"inLanguage\":\"es-AR\"},{\"@type\":[\"Person\",\"Organization\"],\"@id\":\"https:\/\/apuntesdesanluis.com\/#\/schema\/person\/b55151d52296fcce64d1a72538a70b90\",\"name\":\"apuntesdesanluis.com\",\"image\":{\"@type\":\"ImageObject\",\"inLanguage\":\"es-AR\",\"@id\":\"https:\/\/apuntesdesanluis.com\/#\/schema\/person\/image\/\",\"url\":\"https:\/\/apuntesdesanluis.com\/wp-content\/uploads\/2023\/07\/cropped-apuntesdesanluis.png\",\"contentUrl\":\"https:\/\/apuntesdesanluis.com\/wp-content\/uploads\/2023\/07\/cropped-apuntesdesanluis.png\",\"width\":450,\"height\":112,\"caption\":\"apuntesdesanluis.com\"},\"logo\":{\"@id\":\"https:\/\/apuntesdesanluis.com\/#\/schema\/person\/image\/\"},\"sameAs\":[\"https:\/\/apuntesdesanluis.com\"],\"url\":\"https:\/\/apuntesdesanluis.com\/index.php\/author\/apuntesdesanluis-com\/\"}]}<\/script>\n<!-- \/ Yoast SEO plugin. -->","yoast_head_json":{"title":"EL REGISTRO CIVIL YA EST\u00c1 OPERATIVO EN EL COMPLEJO URBAN\u00cdSTICO LA RIBERA - Apuntes de San Luis","robots":{"index":"index","follow":"follow","max-snippet":"max-snippet:-1","max-image-preview":"max-image-preview:large","max-video-preview":"max-video-preview:-1"},"canonical":"https:\/\/apuntesdesanluis.com\/index.php\/2024\/08\/15\/el-registro-civil-ya-esta-operativo-en-el-complejo-urbanistico-la-ribera\/","og_locale":"es_ES","og_type":"article","og_title":"EL REGISTRO CIVIL YA EST\u00c1 OPERATIVO EN EL COMPLEJO URBAN\u00cdSTICO LA RIBERA - Apuntes de San Luis","og_description":"El Gobernador recorri\u00f3 la sede donde se realizan los tr\u00e1mites identificatorios que fue recientemente habilitada....","og_url":"https:\/\/apuntesdesanluis.com\/index.php\/2024\/08\/15\/el-registro-civil-ya-esta-operativo-en-el-complejo-urbanistico-la-ribera\/","og_site_name":"Apuntes de San Luis","article_published_time":"2024-08-15T16:30:22+00:00","og_image":[{"width":700,"height":384,"url":"https:\/\/apuntesdesanluis.com\/wp-content\/uploads\/2024\/08\/poggi-grupal.png","type":"image\/png"}],"author":"apuntesdesanluis.com","twitter_card":"summary_large_image","twitter_misc":{"Escrito por":"apuntesdesanluis.com","Tiempo de lectura":"3 minutos"},"schema":{"@context":"https:\/\/schema.org","@graph":[{"@type":"Article","@id":"https:\/\/apuntesdesanluis.com\/index.php\/2024\/08\/15\/el-registro-civil-ya-esta-operativo-en-el-complejo-urbanistico-la-ribera\/#article","isPartOf":{"@id":"https:\/\/apuntesdesanluis.com\/index.php\/2024\/08\/15\/el-registro-civil-ya-esta-operativo-en-el-complejo-urbanistico-la-ribera\/"},"author":{"name":"apuntesdesanluis.com","@id":"https:\/\/apuntesdesanluis.com\/#\/schema\/person\/b55151d52296fcce64d1a72538a70b90"},"headline":"EL REGISTRO CIVIL YA EST\u00c1 OPERATIVO EN EL COMPLEJO URBAN\u00cdSTICO LA RIBERA","datePublished":"2024-08-15T16:30:22+00:00","mainEntityOfPage":{"@id":"https:\/\/apuntesdesanluis.com\/index.php\/2024\/08\/15\/el-registro-civil-ya-esta-operativo-en-el-complejo-urbanistico-la-ribera\/"},"wordCount":481,"publisher":{"@id":"https:\/\/apuntesdesanluis.com\/#\/schema\/person\/b55151d52296fcce64d1a72538a70b90"},"image":{"@id":"https:\/\/apuntesdesanluis.com\/index.php\/2024\/08\/15\/el-registro-civil-ya-esta-operativo-en-el-complejo-urbanistico-la-ribera\/#primaryimage"},"thumbnailUrl":"https:\/\/apuntesdesanluis.com\/wp-content\/uploads\/2024\/08\/poggi-grupal.png","articleSection":["Ciudad\/Provincia"],"inLanguage":"es-AR"},{"@type":"WebPage","@id":"https:\/\/apuntesdesanluis.com\/index.php\/2024\/08\/15\/el-registro-civil-ya-esta-operativo-en-el-complejo-urbanistico-la-ribera\/","url":"https:\/\/apuntesdesanluis.com\/index.php\/2024\/08\/15\/el-registro-civil-ya-esta-operativo-en-el-complejo-urbanistico-la-ribera\/","name":"EL REGISTRO CIVIL YA EST\u00c1 OPERATIVO EN EL COMPLEJO URBAN\u00cdSTICO LA RIBERA - Apuntes de San Luis","isPartOf":{"@id":"https:\/\/apuntesdesanluis.com\/#website"},"primaryImageOfPage":{"@id":"https:\/\/apuntesdesanluis.com\/index.php\/2024\/08\/15\/el-registro-civil-ya-esta-operativo-en-el-complejo-urbanistico-la-ribera\/#primaryimage"},"image":{"@id":"https:\/\/apuntesdesanluis.com\/index.php\/2024\/08\/15\/el-registro-civil-ya-esta-operativo-en-el-complejo-urbanistico-la-ribera\/#primaryimage"},"thumbnailUrl":"https:\/\/apuntesdesanluis.com\/wp-content\/uploads\/2024\/08\/poggi-grupal.png","datePublished":"2024-08-15T16:30:22+00:00","breadcrumb":{"@id":"https:\/\/apuntesdesanluis.com\/index.php\/2024\/08\/15\/el-registro-civil-ya-esta-operativo-en-el-complejo-urbanistico-la-ribera\/#breadcrumb"},"inLanguage":"es-AR","potentialAction":[{"@type":"ReadAction","target":["https:\/\/apuntesdesanluis.com\/index.php\/2024\/08\/15\/el-registro-civil-ya-esta-operativo-en-el-complejo-urbanistico-la-ribera\/"]}]},{"@type":"ImageObject","inLanguage":"es-AR","@id":"https:\/\/apuntesdesanluis.com\/index.php\/2024\/08\/15\/el-registro-civil-ya-esta-operativo-en-el-complejo-urbanistico-la-ribera\/#primaryimage","url":"https:\/\/apuntesdesanluis.com\/wp-content\/uploads\/2024\/08\/poggi-grupal.png","contentUrl":"https:\/\/apuntesdesanluis.com\/wp-content\/uploads\/2024\/08\/poggi-grupal.png","width":700,"height":384},{"@type":"BreadcrumbList","@id":"https:\/\/apuntesdesanluis.com\/index.php\/2024\/08\/15\/el-registro-civil-ya-esta-operativo-en-el-complejo-urbanistico-la-ribera\/#breadcrumb","itemListElement":[{"@type":"ListItem","position":1,"name":"Inicio","item":"https:\/\/apuntesdesanluis.com\/"},{"@type":"ListItem","position":2,"name":"EL REGISTRO CIVIL YA EST\u00c1 OPERATIVO EN EL COMPLEJO URBAN\u00cdSTICO LA RIBERA"}]},{"@type":"WebSite","@id":"https:\/\/apuntesdesanluis.com\/#website","url":"https:\/\/apuntesdesanluis.com\/","name":"Apuntes de San Luis","description":"","publisher":{"@id":"https:\/\/apuntesdesanluis.com\/#\/schema\/person\/b55151d52296fcce64d1a72538a70b90"},"potentialAction":[{"@type":"SearchAction","target":{"@type":"EntryPoint","urlTemplate":"https:\/\/apuntesdesanluis.com\/?s={search_term_string}"},"query-input":{"@type":"PropertyValueSpecification","valueRequired":true,"valueName":"search_term_string"}}],"inLanguage":"es-AR"},{"@type":["Person","Organization"],"@id":"https:\/\/apuntesdesanluis.com\/#\/schema\/person\/b55151d52296fcce64d1a72538a70b90","name":"apuntesdesanluis.com","image":{"@type":"ImageObject","inLanguage":"es-AR","@id":"https:\/\/apuntesdesanluis.com\/#\/schema\/person\/image\/","url":"https:\/\/apuntesdesanluis.com\/wp-content\/uploads\/2023\/07\/cropped-apuntesdesanluis.png","contentUrl":"https:\/\/apuntesdesanluis.com\/wp-content\/uploads\/2023\/07\/cropped-apuntesdesanluis.png","width":450,"height":112,"caption":"apuntesdesanluis.com"},"logo":{"@id":"https:\/\/apuntesdesanluis.com\/#\/schema\/person\/image\/"},"sameAs":["https:\/\/apuntesdesanluis.com"],"url":"https:\/\/apuntesdesanluis.com\/index.php\/author\/apuntesdesanluis-com\/"}]}},"featured_image_urls":{"full":["https:\/\/apuntesdesanluis.com\/wp-content\/uploads\/2024\/08\/poggi-grupal.png",700,384,false],"thumbnail":["https:\/\/apuntesdesanluis.com\/wp-content\/uploads\/2024\/08\/poggi-grupal-150x150.png",150,150,true],"medium":["https:\/\/apuntesdesanluis.com\/wp-content\/uploads\/2024\/08\/poggi-grupal-300x165.png",300,165,true],"medium_large":["https:\/\/apuntesdesanluis.com\/wp-content\/uploads\/2024\/08\/poggi-grupal.png",640,351,false],"large":["https:\/\/apuntesdesanluis.com\/wp-content\/uploads\/2024\/08\/poggi-grupal.png",640,351,false],"1536x1536":["https:\/\/apuntesdesanluis.com\/wp-content\/uploads\/2024\/08\/poggi-grupal.png",700,384,false],"2048x2048":["https:\/\/apuntesdesanluis.com\/wp-content\/uploads\/2024\/08\/poggi-grupal.png",700,384,false],"newsever-slider-full":["https:\/\/apuntesdesanluis.com\/wp-content\/uploads\/2024\/08\/poggi-grupal.png",700,384,false],"newsever-featured":["https:\/\/apuntesdesanluis.com\/wp-content\/uploads\/2024\/08\/poggi-grupal.png",700,384,false],"newsever-medium":["https:\/\/apuntesdesanluis.com\/wp-content\/uploads\/2024\/08\/poggi-grupal.png",700,384,false]},"author_info":{"display_name":"apuntesdesanluis.com","author_link":"https:\/\/apuntesdesanluis.com\/index.php\/author\/apuntesdesanluis-com\/"},"category_info":"<a href=\"https:\/\/apuntesdesanluis.com\/index.php\/category\/ciudad-provincia\/\" rel=\"category tag\">Ciudad\/Provincia<\/a>","tag_info":"Ciudad\/Provincia","comment_count":"0","_links":{"self":[{"href":"https:\/\/apuntesdesanluis.com\/index.php\/wp-json\/wp\/v2\/posts\/20909","targetHints":{"allow":["GET"]}}],"collection":[{"href":"https:\/\/apuntesdesanluis.com\/index.php\/wp-json\/wp\/v2\/posts"}],"about":[{"href":"https:\/\/apuntesdesanluis.com\/index.php\/wp-json\/wp\/v2\/types\/post"}],"author":[{"embeddable":true,"href":"https:\/\/apuntesdesanluis.com\/index.php\/wp-json\/wp\/v2\/users\/1"}],"replies":[{"embeddable":true,"href":"https:\/\/apuntesdesanluis.com\/index.php\/wp-json\/wp\/v2\/comments?post=20909"}],"version-history":[{"count":1,"href":"https:\/\/apuntesdesanluis.com\/index.php\/wp-json\/wp\/v2\/posts\/20909\/revisions"}],"predecessor-version":[{"id":20913,"href":"https:\/\/apuntesdesanluis.com\/index.php\/wp-json\/wp\/v2\/posts\/20909\/revisions\/20913"}],"wp:featuredmedia":[{"embeddable":true,"href":"https:\/\/apuntesdesanluis.com\/index.php\/wp-json\/wp\/v2\/media\/20910"}],"wp:attachment":[{"href":"https:\/\/apuntesdesanluis.com\/index.php\/wp-json\/wp\/v2\/media?parent=20909"}],"wp:term":[{"taxonomy":"category","embeddable":true,"href":"https:\/\/apuntesdesanluis.com\/index.php\/wp-json\/wp\/v2\/categories?post=20909"},{"taxonomy":"post_tag","embeddable":true,"href":"https:\/\/apuntesdesanluis.com\/index.php\/wp-json\/wp\/v2\/tags?post=20909"}],"curies":[{"name":"wp","href":"https:\/\/api.w.org\/{rel}","templated":true}]}}