{"id":20950,"date":"2024-08-15T22:21:16","date_gmt":"2024-08-16T01:21:16","guid":{"rendered":"https:\/\/apuntesdesanluis.com\/?p=20950"},"modified":"2024-08-15T22:21:16","modified_gmt":"2024-08-16T01:21:16","slug":"se-pondra-en-valor-el-puente-monsenor-miranda-icono-de-villa-mercedes","status":"publish","type":"post","link":"https:\/\/apuntesdesanluis.com\/index.php\/2024\/08\/15\/se-pondra-en-valor-el-puente-monsenor-miranda-icono-de-villa-mercedes\/","title":{"rendered":"SE PONDR\u00c1 EN VALOR EL PUENTE MONSE\u00d1OR MIRANDA, \u00cdCONO DE VILLA MERCEDES"},"content":{"rendered":"<h3>Despu\u00e9s de a\u00f1os de abandono y olvido, el <strong>puente Monse\u00f1or Miranda<\/strong>, que atraviesa el r\u00edo Quinto y conecta a la ciudad con el populoso barrio La Ribera, va a recuperar su antiguo esplendor.<\/h3>\n<h3>Pocos a\u00f1os atr\u00e1s, visitar el puente Monse\u00f1or Miranda era una parada obligada en Villa Mercedes. Pero en la gesti\u00f3n anterior fue perdiendo ese esplendor que ten\u00eda cuando lo inaugur\u00f3 el gobernador <strong>Claudio Poggi<\/strong>.<\/h3>\n<h3>Por eso este jueves el Primer Mandatario provincial recorri\u00f3 la zona acompa\u00f1ado por la arquitecta villamercedina Valeria Lange, que ser\u00e1 la encargada del proyecto que volver\u00e1 a poner en valor esta joya que es todo un s\u00edmbolo de uni\u00f3n.<\/h3>\n<p>&nbsp;<\/p>\n<p><iframe title=\"Claudio Poggi hace resumen de la jornada en Villa Mercedes\" width=\"640\" height=\"360\" src=\"https:\/\/www.youtube.com\/embed\/7E_q_xbTtT0?feature=oembed\" frameborder=\"0\" allow=\"accelerometer; autoplay; clipboard-write; encrypted-media; gyroscope; picture-in-picture; web-share\" referrerpolicy=\"strict-origin-when-cross-origin\" allowfullscreen><\/iframe><\/p>\n<p>&nbsp;<\/p>\n<p>&nbsp;<\/p>\n<p>&nbsp;<\/p>\n","protected":false},"excerpt":{"rendered":"<p>Despu\u00e9s de a\u00f1os de abandono y olvido, el puente Monse\u00f1or Miranda, que atraviesa el r\u00edo&#8230;<\/p>\n","protected":false},"author":1,"featured_media":20951,"comment_status":"closed","ping_status":"closed","sticky":false,"template":"","format":"standard","meta":{"footnotes":""},"categories":[6],"tags":[],"class_list":["post-20950","post","type-post","status-publish","format-standard","has-post-thumbnail","hentry","category-ciudad-provincia"],"yoast_head":"<!-- This site is optimized with the Yoast SEO plugin v26.1.1 - https:\/\/yoast.com\/wordpress\/plugins\/seo\/ -->\n<title>SE PONDR\u00c1 EN VALOR EL PUENTE MONSE\u00d1OR MIRANDA, \u00cdCONO DE VILLA MERCEDES - Apuntes de San Luis<\/title>\n<meta name=\"robots\" content=\"index, follow, max-snippet:-1, max-image-preview:large, max-video-preview:-1\" \/>\n<link rel=\"canonical\" href=\"https:\/\/apuntesdesanluis.com\/index.php\/2024\/08\/15\/se-pondra-en-valor-el-puente-monsenor-miranda-icono-de-villa-mercedes\/\" \/>\n<meta property=\"og:locale\" content=\"es_ES\" \/>\n<meta property=\"og:type\" content=\"article\" \/>\n<meta property=\"og:title\" content=\"SE PONDR\u00c1 EN VALOR EL PUENTE MONSE\u00d1OR MIRANDA, \u00cdCONO DE VILLA MERCEDES - Apuntes de San Luis\" \/>\n<meta property=\"og:description\" content=\"Despu\u00e9s de a\u00f1os de abandono y olvido, el puente Monse\u00f1or Miranda, que atraviesa el r\u00edo...\" \/>\n<meta property=\"og:url\" content=\"https:\/\/apuntesdesanluis.com\/index.php\/2024\/08\/15\/se-pondra-en-valor-el-puente-monsenor-miranda-icono-de-villa-mercedes\/\" \/>\n<meta property=\"og:site_name\" content=\"Apuntes de San Luis\" \/>\n<meta property=\"article:published_time\" content=\"2024-08-16T01:21:16+00:00\" \/>\n<meta property=\"og:image\" content=\"https:\/\/apuntesdesanluis.com\/wp-content\/uploads\/2024\/08\/POGGI-EN-EL-PUENTE-MIRANDA.png\" \/>\n\t<meta property=\"og:image:width\" content=\"700\" \/>\n\t<meta property=\"og:image:height\" content=\"433\" \/>\n\t<meta property=\"og:image:type\" content=\"image\/png\" \/>\n<meta name=\"author\" content=\"apuntesdesanluis.com\" \/>\n<meta name=\"twitter:card\" content=\"summary_large_image\" \/>\n<meta name=\"twitter:label1\" content=\"Escrito por\" \/>\n\t<meta name=\"twitter:data1\" content=\"apuntesdesanluis.com\" \/>\n\t<meta name=\"twitter:label2\" content=\"Tiempo de lectura\" \/>\n\t<meta name=\"twitter:data2\" content=\"1 minuto\" \/>\n<script type=\"application\/ld+json\" class=\"yoast-schema-graph\">{\"@context\":\"https:\/\/schema.org\",\"@graph\":[{\"@type\":\"Article\",\"@id\":\"https:\/\/apuntesdesanluis.com\/index.php\/2024\/08\/15\/se-pondra-en-valor-el-puente-monsenor-miranda-icono-de-villa-mercedes\/#article\",\"isPartOf\":{\"@id\":\"https:\/\/apuntesdesanluis.com\/index.php\/2024\/08\/15\/se-pondra-en-valor-el-puente-monsenor-miranda-icono-de-villa-mercedes\/\"},\"author\":{\"name\":\"apuntesdesanluis.com\",\"@id\":\"https:\/\/apuntesdesanluis.com\/#\/schema\/person\/b55151d52296fcce64d1a72538a70b90\"},\"headline\":\"SE PONDR\u00c1 EN VALOR EL PUENTE MONSE\u00d1OR MIRANDA, \u00cdCONO DE VILLA MERCEDES\",\"datePublished\":\"2024-08-16T01:21:16+00:00\",\"mainEntityOfPage\":{\"@id\":\"https:\/\/apuntesdesanluis.com\/index.php\/2024\/08\/15\/se-pondra-en-valor-el-puente-monsenor-miranda-icono-de-villa-mercedes\/\"},\"wordCount\":140,\"publisher\":{\"@id\":\"https:\/\/apuntesdesanluis.com\/#\/schema\/person\/b55151d52296fcce64d1a72538a70b90\"},\"image\":{\"@id\":\"https:\/\/apuntesdesanluis.com\/index.php\/2024\/08\/15\/se-pondra-en-valor-el-puente-monsenor-miranda-icono-de-villa-mercedes\/#primaryimage\"},\"thumbnailUrl\":\"https:\/\/apuntesdesanluis.com\/wp-content\/uploads\/2024\/08\/POGGI-EN-EL-PUENTE-MIRANDA.png\",\"articleSection\":[\"Ciudad\/Provincia\"],\"inLanguage\":\"es-AR\"},{\"@type\":\"WebPage\",\"@id\":\"https:\/\/apuntesdesanluis.com\/index.php\/2024\/08\/15\/se-pondra-en-valor-el-puente-monsenor-miranda-icono-de-villa-mercedes\/\",\"url\":\"https:\/\/apuntesdesanluis.com\/index.php\/2024\/08\/15\/se-pondra-en-valor-el-puente-monsenor-miranda-icono-de-villa-mercedes\/\",\"name\":\"SE PONDR\u00c1 EN VALOR EL PUENTE MONSE\u00d1OR MIRANDA, \u00cdCONO DE VILLA MERCEDES - Apuntes de San Luis\",\"isPartOf\":{\"@id\":\"https:\/\/apuntesdesanluis.com\/#website\"},\"primaryImageOfPage\":{\"@id\":\"https:\/\/apuntesdesanluis.com\/index.php\/2024\/08\/15\/se-pondra-en-valor-el-puente-monsenor-miranda-icono-de-villa-mercedes\/#primaryimage\"},\"image\":{\"@id\":\"https:\/\/apuntesdesanluis.com\/index.php\/2024\/08\/15\/se-pondra-en-valor-el-puente-monsenor-miranda-icono-de-villa-mercedes\/#primaryimage\"},\"thumbnailUrl\":\"https:\/\/apuntesdesanluis.com\/wp-content\/uploads\/2024\/08\/POGGI-EN-EL-PUENTE-MIRANDA.png\",\"datePublished\":\"2024-08-16T01:21:16+00:00\",\"breadcrumb\":{\"@id\":\"https:\/\/apuntesdesanluis.com\/index.php\/2024\/08\/15\/se-pondra-en-valor-el-puente-monsenor-miranda-icono-de-villa-mercedes\/#breadcrumb\"},\"inLanguage\":\"es-AR\",\"potentialAction\":[{\"@type\":\"ReadAction\",\"target\":[\"https:\/\/apuntesdesanluis.com\/index.php\/2024\/08\/15\/se-pondra-en-valor-el-puente-monsenor-miranda-icono-de-villa-mercedes\/\"]}]},{\"@type\":\"ImageObject\",\"inLanguage\":\"es-AR\",\"@id\":\"https:\/\/apuntesdesanluis.com\/index.php\/2024\/08\/15\/se-pondra-en-valor-el-puente-monsenor-miranda-icono-de-villa-mercedes\/#primaryimage\",\"url\":\"https:\/\/apuntesdesanluis.com\/wp-content\/uploads\/2024\/08\/POGGI-EN-EL-PUENTE-MIRANDA.png\",\"contentUrl\":\"https:\/\/apuntesdesanluis.com\/wp-content\/uploads\/2024\/08\/POGGI-EN-EL-PUENTE-MIRANDA.png\",\"width\":700,\"height\":433},{\"@type\":\"BreadcrumbList\",\"@id\":\"https:\/\/apuntesdesanluis.com\/index.php\/2024\/08\/15\/se-pondra-en-valor-el-puente-monsenor-miranda-icono-de-villa-mercedes\/#breadcrumb\",\"itemListElement\":[{\"@type\":\"ListItem\",\"position\":1,\"name\":\"Inicio\",\"item\":\"https:\/\/apuntesdesanluis.com\/\"},{\"@type\":\"ListItem\",\"position\":2,\"name\":\"SE PONDR\u00c1 EN VALOR EL PUENTE MONSE\u00d1OR MIRANDA, \u00cdCONO DE VILLA MERCEDES\"}]},{\"@type\":\"WebSite\",\"@id\":\"https:\/\/apuntesdesanluis.com\/#website\",\"url\":\"https:\/\/apuntesdesanluis.com\/\",\"name\":\"Apuntes de San Luis\",\"description\":\"\",\"publisher\":{\"@id\":\"https:\/\/apuntesdesanluis.com\/#\/schema\/person\/b55151d52296fcce64d1a72538a70b90\"},\"potentialAction\":[{\"@type\":\"SearchAction\",\"target\":{\"@type\":\"EntryPoint\",\"urlTemplate\":\"https:\/\/apuntesdesanluis.com\/?s={search_term_string}\"},\"query-input\":{\"@type\":\"PropertyValueSpecification\",\"valueRequired\":true,\"valueName\":\"search_term_string\"}}],\"inLanguage\":\"es-AR\"},{\"@type\":[\"Person\",\"Organization\"],\"@id\":\"https:\/\/apuntesdesanluis.com\/#\/schema\/person\/b55151d52296fcce64d1a72538a70b90\",\"name\":\"apuntesdesanluis.com\",\"image\":{\"@type\":\"ImageObject\",\"inLanguage\":\"es-AR\",\"@id\":\"https:\/\/apuntesdesanluis.com\/#\/schema\/person\/image\/\",\"url\":\"https:\/\/apuntesdesanluis.com\/wp-content\/uploads\/2023\/07\/cropped-apuntesdesanluis.png\",\"contentUrl\":\"https:\/\/apuntesdesanluis.com\/wp-content\/uploads\/2023\/07\/cropped-apuntesdesanluis.png\",\"width\":450,\"height\":112,\"caption\":\"apuntesdesanluis.com\"},\"logo\":{\"@id\":\"https:\/\/apuntesdesanluis.com\/#\/schema\/person\/image\/\"},\"sameAs\":[\"https:\/\/apuntesdesanluis.com\"],\"url\":\"https:\/\/apuntesdesanluis.com\/index.php\/author\/apuntesdesanluis-com\/\"}]}<\/script>\n<!-- \/ Yoast SEO plugin. -->","yoast_head_json":{"title":"SE PONDR\u00c1 EN VALOR EL PUENTE MONSE\u00d1OR MIRANDA, \u00cdCONO DE VILLA MERCEDES - Apuntes de San Luis","robots":{"index":"index","follow":"follow","max-snippet":"max-snippet:-1","max-image-preview":"max-image-preview:large","max-video-preview":"max-video-preview:-1"},"canonical":"https:\/\/apuntesdesanluis.com\/index.php\/2024\/08\/15\/se-pondra-en-valor-el-puente-monsenor-miranda-icono-de-villa-mercedes\/","og_locale":"es_ES","og_type":"article","og_title":"SE PONDR\u00c1 EN VALOR EL PUENTE MONSE\u00d1OR MIRANDA, \u00cdCONO DE VILLA MERCEDES - Apuntes de San Luis","og_description":"Despu\u00e9s de a\u00f1os de abandono y olvido, el puente Monse\u00f1or Miranda, que atraviesa el r\u00edo...","og_url":"https:\/\/apuntesdesanluis.com\/index.php\/2024\/08\/15\/se-pondra-en-valor-el-puente-monsenor-miranda-icono-de-villa-mercedes\/","og_site_name":"Apuntes de San Luis","article_published_time":"2024-08-16T01:21:16+00:00","og_image":[{"width":700,"height":433,"url":"https:\/\/apuntesdesanluis.com\/wp-content\/uploads\/2024\/08\/POGGI-EN-EL-PUENTE-MIRANDA.png","type":"image\/png"}],"author":"apuntesdesanluis.com","twitter_card":"summary_large_image","twitter_misc":{"Escrito por":"apuntesdesanluis.com","Tiempo de lectura":"1 minuto"},"schema":{"@context":"https:\/\/schema.org","@graph":[{"@type":"Article","@id":"https:\/\/apuntesdesanluis.com\/index.php\/2024\/08\/15\/se-pondra-en-valor-el-puente-monsenor-miranda-icono-de-villa-mercedes\/#article","isPartOf":{"@id":"https:\/\/apuntesdesanluis.com\/index.php\/2024\/08\/15\/se-pondra-en-valor-el-puente-monsenor-miranda-icono-de-villa-mercedes\/"},"author":{"name":"apuntesdesanluis.com","@id":"https:\/\/apuntesdesanluis.com\/#\/schema\/person\/b55151d52296fcce64d1a72538a70b90"},"headline":"SE PONDR\u00c1 EN VALOR EL PUENTE MONSE\u00d1OR MIRANDA, \u00cdCONO DE VILLA MERCEDES","datePublished":"2024-08-16T01:21:16+00:00","mainEntityOfPage":{"@id":"https:\/\/apuntesdesanluis.com\/index.php\/2024\/08\/15\/se-pondra-en-valor-el-puente-monsenor-miranda-icono-de-villa-mercedes\/"},"wordCount":140,"publisher":{"@id":"https:\/\/apuntesdesanluis.com\/#\/schema\/person\/b55151d52296fcce64d1a72538a70b90"},"image":{"@id":"https:\/\/apuntesdesanluis.com\/index.php\/2024\/08\/15\/se-pondra-en-valor-el-puente-monsenor-miranda-icono-de-villa-mercedes\/#primaryimage"},"thumbnailUrl":"https:\/\/apuntesdesanluis.com\/wp-content\/uploads\/2024\/08\/POGGI-EN-EL-PUENTE-MIRANDA.png","articleSection":["Ciudad\/Provincia"],"inLanguage":"es-AR"},{"@type":"WebPage","@id":"https:\/\/apuntesdesanluis.com\/index.php\/2024\/08\/15\/se-pondra-en-valor-el-puente-monsenor-miranda-icono-de-villa-mercedes\/","url":"https:\/\/apuntesdesanluis.com\/index.php\/2024\/08\/15\/se-pondra-en-valor-el-puente-monsenor-miranda-icono-de-villa-mercedes\/","name":"SE PONDR\u00c1 EN VALOR EL PUENTE MONSE\u00d1OR MIRANDA, \u00cdCONO DE VILLA MERCEDES - Apuntes de San Luis","isPartOf":{"@id":"https:\/\/apuntesdesanluis.com\/#website"},"primaryImageOfPage":{"@id":"https:\/\/apuntesdesanluis.com\/index.php\/2024\/08\/15\/se-pondra-en-valor-el-puente-monsenor-miranda-icono-de-villa-mercedes\/#primaryimage"},"image":{"@id":"https:\/\/apuntesdesanluis.com\/index.php\/2024\/08\/15\/se-pondra-en-valor-el-puente-monsenor-miranda-icono-de-villa-mercedes\/#primaryimage"},"thumbnailUrl":"https:\/\/apuntesdesanluis.com\/wp-content\/uploads\/2024\/08\/POGGI-EN-EL-PUENTE-MIRANDA.png","datePublished":"2024-08-16T01:21:16+00:00","breadcrumb":{"@id":"https:\/\/apuntesdesanluis.com\/index.php\/2024\/08\/15\/se-pondra-en-valor-el-puente-monsenor-miranda-icono-de-villa-mercedes\/#breadcrumb"},"inLanguage":"es-AR","potentialAction":[{"@type":"ReadAction","target":["https:\/\/apuntesdesanluis.com\/index.php\/2024\/08\/15\/se-pondra-en-valor-el-puente-monsenor-miranda-icono-de-villa-mercedes\/"]}]},{"@type":"ImageObject","inLanguage":"es-AR","@id":"https:\/\/apuntesdesanluis.com\/index.php\/2024\/08\/15\/se-pondra-en-valor-el-puente-monsenor-miranda-icono-de-villa-mercedes\/#primaryimage","url":"https:\/\/apuntesdesanluis.com\/wp-content\/uploads\/2024\/08\/POGGI-EN-EL-PUENTE-MIRANDA.png","contentUrl":"https:\/\/apuntesdesanluis.com\/wp-content\/uploads\/2024\/08\/POGGI-EN-EL-PUENTE-MIRANDA.png","width":700,"height":433},{"@type":"BreadcrumbList","@id":"https:\/\/apuntesdesanluis.com\/index.php\/2024\/08\/15\/se-pondra-en-valor-el-puente-monsenor-miranda-icono-de-villa-mercedes\/#breadcrumb","itemListElement":[{"@type":"ListItem","position":1,"name":"Inicio","item":"https:\/\/apuntesdesanluis.com\/"},{"@type":"ListItem","position":2,"name":"SE PONDR\u00c1 EN VALOR EL PUENTE MONSE\u00d1OR MIRANDA, \u00cdCONO DE VILLA MERCEDES"}]},{"@type":"WebSite","@id":"https:\/\/apuntesdesanluis.com\/#website","url":"https:\/\/apuntesdesanluis.com\/","name":"Apuntes de San Luis","description":"","publisher":{"@id":"https:\/\/apuntesdesanluis.com\/#\/schema\/person\/b55151d52296fcce64d1a72538a70b90"},"potentialAction":[{"@type":"SearchAction","target":{"@type":"EntryPoint","urlTemplate":"https:\/\/apuntesdesanluis.com\/?s={search_term_string}"},"query-input":{"@type":"PropertyValueSpecification","valueRequired":true,"valueName":"search_term_string"}}],"inLanguage":"es-AR"},{"@type":["Person","Organization"],"@id":"https:\/\/apuntesdesanluis.com\/#\/schema\/person\/b55151d52296fcce64d1a72538a70b90","name":"apuntesdesanluis.com","image":{"@type":"ImageObject","inLanguage":"es-AR","@id":"https:\/\/apuntesdesanluis.com\/#\/schema\/person\/image\/","url":"https:\/\/apuntesdesanluis.com\/wp-content\/uploads\/2023\/07\/cropped-apuntesdesanluis.png","contentUrl":"https:\/\/apuntesdesanluis.com\/wp-content\/uploads\/2023\/07\/cropped-apuntesdesanluis.png","width":450,"height":112,"caption":"apuntesdesanluis.com"},"logo":{"@id":"https:\/\/apuntesdesanluis.com\/#\/schema\/person\/image\/"},"sameAs":["https:\/\/apuntesdesanluis.com"],"url":"https:\/\/apuntesdesanluis.com\/index.php\/author\/apuntesdesanluis-com\/"}]}},"featured_image_urls":{"full":["https:\/\/apuntesdesanluis.com\/wp-content\/uploads\/2024\/08\/POGGI-EN-EL-PUENTE-MIRANDA.png",700,433,false],"thumbnail":["https:\/\/apuntesdesanluis.com\/wp-content\/uploads\/2024\/08\/POGGI-EN-EL-PUENTE-MIRANDA-150x150.png",150,150,true],"medium":["https:\/\/apuntesdesanluis.com\/wp-content\/uploads\/2024\/08\/POGGI-EN-EL-PUENTE-MIRANDA-300x186.png",300,186,true],"medium_large":["https:\/\/apuntesdesanluis.com\/wp-content\/uploads\/2024\/08\/POGGI-EN-EL-PUENTE-MIRANDA.png",640,396,false],"large":["https:\/\/apuntesdesanluis.com\/wp-content\/uploads\/2024\/08\/POGGI-EN-EL-PUENTE-MIRANDA.png",640,396,false],"1536x1536":["https:\/\/apuntesdesanluis.com\/wp-content\/uploads\/2024\/08\/POGGI-EN-EL-PUENTE-MIRANDA.png",700,433,false],"2048x2048":["https:\/\/apuntesdesanluis.com\/wp-content\/uploads\/2024\/08\/POGGI-EN-EL-PUENTE-MIRANDA.png",700,433,false],"newsever-slider-full":["https:\/\/apuntesdesanluis.com\/wp-content\/uploads\/2024\/08\/POGGI-EN-EL-PUENTE-MIRANDA.png",700,433,false],"newsever-featured":["https:\/\/apuntesdesanluis.com\/wp-content\/uploads\/2024\/08\/POGGI-EN-EL-PUENTE-MIRANDA.png",700,433,false],"newsever-medium":["https:\/\/apuntesdesanluis.com\/wp-content\/uploads\/2024\/08\/POGGI-EN-EL-PUENTE-MIRANDA.png",700,433,false]},"author_info":{"display_name":"apuntesdesanluis.com","author_link":"https:\/\/apuntesdesanluis.com\/index.php\/author\/apuntesdesanluis-com\/"},"category_info":"<a href=\"https:\/\/apuntesdesanluis.com\/index.php\/category\/ciudad-provincia\/\" rel=\"category tag\">Ciudad\/Provincia<\/a>","tag_info":"Ciudad\/Provincia","comment_count":"0","_links":{"self":[{"href":"https:\/\/apuntesdesanluis.com\/index.php\/wp-json\/wp\/v2\/posts\/20950","targetHints":{"allow":["GET"]}}],"collection":[{"href":"https:\/\/apuntesdesanluis.com\/index.php\/wp-json\/wp\/v2\/posts"}],"about":[{"href":"https:\/\/apuntesdesanluis.com\/index.php\/wp-json\/wp\/v2\/types\/post"}],"author":[{"embeddable":true,"href":"https:\/\/apuntesdesanluis.com\/index.php\/wp-json\/wp\/v2\/users\/1"}],"replies":[{"embeddable":true,"href":"https:\/\/apuntesdesanluis.com\/index.php\/wp-json\/wp\/v2\/comments?post=20950"}],"version-history":[{"count":1,"href":"https:\/\/apuntesdesanluis.com\/index.php\/wp-json\/wp\/v2\/posts\/20950\/revisions"}],"predecessor-version":[{"id":20952,"href":"https:\/\/apuntesdesanluis.com\/index.php\/wp-json\/wp\/v2\/posts\/20950\/revisions\/20952"}],"wp:featuredmedia":[{"embeddable":true,"href":"https:\/\/apuntesdesanluis.com\/index.php\/wp-json\/wp\/v2\/media\/20951"}],"wp:attachment":[{"href":"https:\/\/apuntesdesanluis.com\/index.php\/wp-json\/wp\/v2\/media?parent=20950"}],"wp:term":[{"taxonomy":"category","embeddable":true,"href":"https:\/\/apuntesdesanluis.com\/index.php\/wp-json\/wp\/v2\/categories?post=20950"},{"taxonomy":"post_tag","embeddable":true,"href":"https:\/\/apuntesdesanluis.com\/index.php\/wp-json\/wp\/v2\/tags?post=20950"}],"curies":[{"name":"wp","href":"https:\/\/api.w.org\/{rel}","templated":true}]}}