{"id":20953,"date":"2024-08-15T23:31:16","date_gmt":"2024-08-16T02:31:16","guid":{"rendered":"https:\/\/apuntesdesanluis.com\/?p=20953"},"modified":"2024-08-15T23:31:16","modified_gmt":"2024-08-16T02:31:16","slug":"teresa-nigra-juro-como-nueva-ministra-de-salud-de-la-provincia","status":"publish","type":"post","link":"https:\/\/apuntesdesanluis.com\/index.php\/2024\/08\/15\/teresa-nigra-juro-como-nueva-ministra-de-salud-de-la-provincia\/","title":{"rendered":"TERESA NIGRA JUR\u00d3 COMO NUEVA MINISTRA DE SALUD DE LA PROVINCIA"},"content":{"rendered":"<h3>Pasadas las 18:00 de este jueves, el gobernador <strong>Claudio Poggi<\/strong> le tom\u00f3 juramento a <strong>Teresa Nigra<\/strong> quien asumi\u00f3 como nueva ministra de Salud, en reemplazo de <strong>Claudia Spagnuolo<\/strong>, que tendr\u00e1 un importante rol en el \u00e1rea de atenci\u00f3n primaria de la salud y en la lucha contra el dengue.<\/h3>\n<h3>La ceremonia se realiz\u00f3 en el Sal\u00f3n Blanco de Casa de Gobierno con la participaci\u00f3n de autoridades del gabinete provincial, legisladores provinciales, representantes de diversos sectores sociales, amigos y familiares.<\/h3>\n<h3>La funci\u00f3n que desempe\u00f1ar\u00e1 Nigra no le es desconocida, pues posee una amplia experiencia en la gesti\u00f3n de la salud p\u00fablica. Estuvo al frente de Laboratorios Puntanos, viene de conducir la obra social del Estado y fue ministra de Salud en el anterior mandato de Poggi. Adem\u00e1s tuvo otras responsabilidades dentro del Estado como ministra de Econom\u00eda y subsecretaria de la Funci\u00f3n P\u00fablica.<\/h3>\n<h3><img fetchpriority=\"high\" decoding=\"async\" class=\"wp-image-20955 aligncenter\" src=\"https:\/\/apuntesdesanluis.com\/wp-content\/uploads\/2024\/08\/nigra-con-el-gober-y-el-vice-300x193.png\" alt=\"\" width=\"685\" height=\"441\" srcset=\"https:\/\/apuntesdesanluis.com\/wp-content\/uploads\/2024\/08\/nigra-con-el-gober-y-el-vice-300x193.png 300w, https:\/\/apuntesdesanluis.com\/wp-content\/uploads\/2024\/08\/nigra-con-el-gober-y-el-vice.png 600w\" sizes=\"(max-width: 685px) 100vw, 685px\" \/><\/h3>\n<h3>\u201cEstamos en este cambio que ha hecho el Gobernador, todos conocemos c\u00f3mo se encontr\u00f3 la administraci\u00f3n al inicio de la gesti\u00f3n, hace ocho meses atr\u00e1s. El ministerio de Salud no era ajeno a esa circunstancia dif\u00edcil que viv\u00eda la provincia. Ya se expuso estos temas sobradamente para darle transparencia de cu\u00e1l era la situaci\u00f3n en que est\u00e1bamos inmersos\u201d, comenz\u00f3 diciendo Teresa Nigra al tiempo que agradeci\u00f3 a la ministra saliente, Claudia Spagnuolo \u201cque tom\u00f3 el ministerio de Salud, con hospitales cerrados, el hospital Villa Mercedes, particularmente en muy malas condiciones que, por suerte, con el trabajo que se ha hecho hasta ahora, est\u00e1 empezando a funcionar\u201d.<\/h3>\n<h3>La ministra Nigra inst\u00f3 a seguir el camino para llevar al pueblo de San Luis y a todos los ciudadanos una mejor salud p\u00fablica, siempre en interacci\u00f3n con el sector privado y prestando servicios de calidad para el bienestar de los ciudadanos\u201d.<\/h3>\n<h3>El gobernador Poggi coment\u00f3: \u201cCuando le propuse a Teresita hace unas horas asumir este desaf\u00edo, me dijo, \u2018me encantan los desaf\u00edos\u2019. Los que la conocen, saben c\u00f3mo contesta, c\u00f3mo act\u00faa y c\u00f3mo encara\u201d, dijo el jefe de Estado sanluise\u00f1o, destacando las virtudes de la nueva integrante del Gabinete provincial \u201cque es de car\u00e1cter contra los poderosos y los aprovechados, y es sensible con los humildes\u201d.<\/h3>\n<h3>El gobernador Poggi cont\u00f3 que la exministra Spagnuolo \u201cnos va a ir ayudando a partir de su experiencia en dos temas fundamentales. Primero, ayudar a fortalecer a partir de su experiencia en el territorio y su capacidad de trabajo, la atenci\u00f3n primaria de la salud, fundamentalmente en San Luis y Villa Mercedes, en todo lo que son los centros de salud barriales y los hospitales de los barrios. La salud tiene que estar en el barrio, al lado del vecino\u201d.<\/h3>\n<h3><img decoding=\"async\" class=\"wp-image-20956 aligncenter\" src=\"https:\/\/apuntesdesanluis.com\/wp-content\/uploads\/2024\/08\/poggi-y-nigra-300x203.png\" alt=\"\" width=\"662\" height=\"448\" srcset=\"https:\/\/apuntesdesanluis.com\/wp-content\/uploads\/2024\/08\/poggi-y-nigra-300x203.png 300w, https:\/\/apuntesdesanluis.com\/wp-content\/uploads\/2024\/08\/poggi-y-nigra.png 600w\" sizes=\"(max-width: 662px) 100vw, 662px\" \/><\/h3>\n<h3>Y la otra, nos va a ayudar a conducir dentro del ministerio de Salud, el Plan de Prevenci\u00f3n y Lucha contra el Dengue. Por lo que dicen los especialistas, el dengue vino para quedarse. Y, en consecuencia, hay que prepararse y anticiparse, prevenir y luchar todos los a\u00f1os\u201d, enfatiz\u00f3.<\/h3>\n<h3>El titular del Ejecutivo provincial ponder\u00f3 el trabajo hecho por Nigra en DOSEP: \u201cEstaba un poco desordenada la obra social, como todo el Gobierno. La orden\u00f3, los pagos comenzaron a salir en tiempo y forma, cuando empezamos a recomponer un poco la situaci\u00f3n financiera, se dio previsibilidad a los prestadores. Defendi\u00f3, ten\u00eda la responsabilidad de defender los aportes de los empleados, porque DOSEP se alimenta con los aportes de los empleados p\u00fablicos. Y asegurar, a su vez, que tuvieran servicios, prestaciones, acordes\u201d.<\/h3>\n<h3>Poggi calific\u00f3 la conducta de la actual ministra de Salud como de \u201cintachable\u201d y detall\u00f3 que \u201csiempre que ocup\u00f3 funciones estuvo cerca del manejo de fondos y es de una honestidad intachable\u201d.<\/h3>\n<p>&nbsp;<\/p>\n<p>&nbsp;<\/p>\n<p>&nbsp;<\/p>\n<p>&nbsp;<\/p>\n<p>&nbsp;<\/p>\n<p>&nbsp;<\/p>\n<p>&nbsp;<\/p>\n","protected":false},"excerpt":{"rendered":"<p>Pasadas las 18:00 de este jueves, el gobernador Claudio Poggi le tom\u00f3 juramento a Teresa&#8230;<\/p>\n","protected":false},"author":1,"featured_media":20954,"comment_status":"closed","ping_status":"closed","sticky":false,"template":"","format":"standard","meta":{"footnotes":""},"categories":[6],"tags":[],"class_list":["post-20953","post","type-post","status-publish","format-standard","has-post-thumbnail","hentry","category-ciudad-provincia"],"yoast_head":"<!-- This site is optimized with the Yoast SEO plugin v26.1.1 - https:\/\/yoast.com\/wordpress\/plugins\/seo\/ -->\n<title>TERESA NIGRA JUR\u00d3 COMO NUEVA MINISTRA DE SALUD DE LA PROVINCIA - Apuntes de San Luis<\/title>\n<meta name=\"robots\" content=\"index, follow, max-snippet:-1, max-image-preview:large, max-video-preview:-1\" \/>\n<link rel=\"canonical\" href=\"https:\/\/apuntesdesanluis.com\/index.php\/2024\/08\/15\/teresa-nigra-juro-como-nueva-ministra-de-salud-de-la-provincia\/\" \/>\n<meta property=\"og:locale\" content=\"es_ES\" \/>\n<meta property=\"og:type\" content=\"article\" \/>\n<meta property=\"og:title\" content=\"TERESA NIGRA JUR\u00d3 COMO NUEVA MINISTRA DE SALUD DE LA PROVINCIA - Apuntes de San Luis\" \/>\n<meta property=\"og:description\" content=\"Pasadas las 18:00 de este jueves, el gobernador Claudio Poggi le tom\u00f3 juramento a Teresa...\" \/>\n<meta property=\"og:url\" content=\"https:\/\/apuntesdesanluis.com\/index.php\/2024\/08\/15\/teresa-nigra-juro-como-nueva-ministra-de-salud-de-la-provincia\/\" \/>\n<meta property=\"og:site_name\" content=\"Apuntes de San Luis\" \/>\n<meta property=\"article:published_time\" content=\"2024-08-16T02:31:16+00:00\" \/>\n<meta property=\"og:image\" content=\"https:\/\/apuntesdesanluis.com\/wp-content\/uploads\/2024\/08\/jura-de-teresa-nigra.png\" \/>\n\t<meta property=\"og:image:width\" content=\"600\" \/>\n\t<meta property=\"og:image:height\" content=\"401\" \/>\n\t<meta property=\"og:image:type\" content=\"image\/png\" \/>\n<meta name=\"author\" content=\"apuntesdesanluis.com\" \/>\n<meta name=\"twitter:card\" content=\"summary_large_image\" \/>\n<meta name=\"twitter:label1\" content=\"Escrito por\" \/>\n\t<meta name=\"twitter:data1\" content=\"apuntesdesanluis.com\" \/>\n\t<meta name=\"twitter:label2\" content=\"Tiempo de lectura\" \/>\n\t<meta name=\"twitter:data2\" content=\"4 minutos\" \/>\n<script type=\"application\/ld+json\" class=\"yoast-schema-graph\">{\"@context\":\"https:\/\/schema.org\",\"@graph\":[{\"@type\":\"Article\",\"@id\":\"https:\/\/apuntesdesanluis.com\/index.php\/2024\/08\/15\/teresa-nigra-juro-como-nueva-ministra-de-salud-de-la-provincia\/#article\",\"isPartOf\":{\"@id\":\"https:\/\/apuntesdesanluis.com\/index.php\/2024\/08\/15\/teresa-nigra-juro-como-nueva-ministra-de-salud-de-la-provincia\/\"},\"author\":{\"name\":\"apuntesdesanluis.com\",\"@id\":\"https:\/\/apuntesdesanluis.com\/#\/schema\/person\/b55151d52296fcce64d1a72538a70b90\"},\"headline\":\"TERESA NIGRA JUR\u00d3 COMO NUEVA MINISTRA DE SALUD DE LA PROVINCIA\",\"datePublished\":\"2024-08-16T02:31:16+00:00\",\"mainEntityOfPage\":{\"@id\":\"https:\/\/apuntesdesanluis.com\/index.php\/2024\/08\/15\/teresa-nigra-juro-como-nueva-ministra-de-salud-de-la-provincia\/\"},\"wordCount\":651,\"publisher\":{\"@id\":\"https:\/\/apuntesdesanluis.com\/#\/schema\/person\/b55151d52296fcce64d1a72538a70b90\"},\"image\":{\"@id\":\"https:\/\/apuntesdesanluis.com\/index.php\/2024\/08\/15\/teresa-nigra-juro-como-nueva-ministra-de-salud-de-la-provincia\/#primaryimage\"},\"thumbnailUrl\":\"https:\/\/apuntesdesanluis.com\/wp-content\/uploads\/2024\/08\/jura-de-teresa-nigra.png\",\"articleSection\":[\"Ciudad\/Provincia\"],\"inLanguage\":\"es-AR\"},{\"@type\":\"WebPage\",\"@id\":\"https:\/\/apuntesdesanluis.com\/index.php\/2024\/08\/15\/teresa-nigra-juro-como-nueva-ministra-de-salud-de-la-provincia\/\",\"url\":\"https:\/\/apuntesdesanluis.com\/index.php\/2024\/08\/15\/teresa-nigra-juro-como-nueva-ministra-de-salud-de-la-provincia\/\",\"name\":\"TERESA NIGRA JUR\u00d3 COMO NUEVA MINISTRA DE SALUD DE LA PROVINCIA - Apuntes de San Luis\",\"isPartOf\":{\"@id\":\"https:\/\/apuntesdesanluis.com\/#website\"},\"primaryImageOfPage\":{\"@id\":\"https:\/\/apuntesdesanluis.com\/index.php\/2024\/08\/15\/teresa-nigra-juro-como-nueva-ministra-de-salud-de-la-provincia\/#primaryimage\"},\"image\":{\"@id\":\"https:\/\/apuntesdesanluis.com\/index.php\/2024\/08\/15\/teresa-nigra-juro-como-nueva-ministra-de-salud-de-la-provincia\/#primaryimage\"},\"thumbnailUrl\":\"https:\/\/apuntesdesanluis.com\/wp-content\/uploads\/2024\/08\/jura-de-teresa-nigra.png\",\"datePublished\":\"2024-08-16T02:31:16+00:00\",\"breadcrumb\":{\"@id\":\"https:\/\/apuntesdesanluis.com\/index.php\/2024\/08\/15\/teresa-nigra-juro-como-nueva-ministra-de-salud-de-la-provincia\/#breadcrumb\"},\"inLanguage\":\"es-AR\",\"potentialAction\":[{\"@type\":\"ReadAction\",\"target\":[\"https:\/\/apuntesdesanluis.com\/index.php\/2024\/08\/15\/teresa-nigra-juro-como-nueva-ministra-de-salud-de-la-provincia\/\"]}]},{\"@type\":\"ImageObject\",\"inLanguage\":\"es-AR\",\"@id\":\"https:\/\/apuntesdesanluis.com\/index.php\/2024\/08\/15\/teresa-nigra-juro-como-nueva-ministra-de-salud-de-la-provincia\/#primaryimage\",\"url\":\"https:\/\/apuntesdesanluis.com\/wp-content\/uploads\/2024\/08\/jura-de-teresa-nigra.png\",\"contentUrl\":\"https:\/\/apuntesdesanluis.com\/wp-content\/uploads\/2024\/08\/jura-de-teresa-nigra.png\",\"width\":600,\"height\":401},{\"@type\":\"BreadcrumbList\",\"@id\":\"https:\/\/apuntesdesanluis.com\/index.php\/2024\/08\/15\/teresa-nigra-juro-como-nueva-ministra-de-salud-de-la-provincia\/#breadcrumb\",\"itemListElement\":[{\"@type\":\"ListItem\",\"position\":1,\"name\":\"Inicio\",\"item\":\"https:\/\/apuntesdesanluis.com\/\"},{\"@type\":\"ListItem\",\"position\":2,\"name\":\"TERESA NIGRA JUR\u00d3 COMO NUEVA MINISTRA DE SALUD DE LA PROVINCIA\"}]},{\"@type\":\"WebSite\",\"@id\":\"https:\/\/apuntesdesanluis.com\/#website\",\"url\":\"https:\/\/apuntesdesanluis.com\/\",\"name\":\"Apuntes de San Luis\",\"description\":\"\",\"publisher\":{\"@id\":\"https:\/\/apuntesdesanluis.com\/#\/schema\/person\/b55151d52296fcce64d1a72538a70b90\"},\"potentialAction\":[{\"@type\":\"SearchAction\",\"target\":{\"@type\":\"EntryPoint\",\"urlTemplate\":\"https:\/\/apuntesdesanluis.com\/?s={search_term_string}\"},\"query-input\":{\"@type\":\"PropertyValueSpecification\",\"valueRequired\":true,\"valueName\":\"search_term_string\"}}],\"inLanguage\":\"es-AR\"},{\"@type\":[\"Person\",\"Organization\"],\"@id\":\"https:\/\/apuntesdesanluis.com\/#\/schema\/person\/b55151d52296fcce64d1a72538a70b90\",\"name\":\"apuntesdesanluis.com\",\"image\":{\"@type\":\"ImageObject\",\"inLanguage\":\"es-AR\",\"@id\":\"https:\/\/apuntesdesanluis.com\/#\/schema\/person\/image\/\",\"url\":\"https:\/\/apuntesdesanluis.com\/wp-content\/uploads\/2023\/07\/cropped-apuntesdesanluis.png\",\"contentUrl\":\"https:\/\/apuntesdesanluis.com\/wp-content\/uploads\/2023\/07\/cropped-apuntesdesanluis.png\",\"width\":450,\"height\":112,\"caption\":\"apuntesdesanluis.com\"},\"logo\":{\"@id\":\"https:\/\/apuntesdesanluis.com\/#\/schema\/person\/image\/\"},\"sameAs\":[\"https:\/\/apuntesdesanluis.com\"],\"url\":\"https:\/\/apuntesdesanluis.com\/index.php\/author\/apuntesdesanluis-com\/\"}]}<\/script>\n<!-- \/ Yoast SEO plugin. -->","yoast_head_json":{"title":"TERESA NIGRA JUR\u00d3 COMO NUEVA MINISTRA DE SALUD DE LA PROVINCIA - Apuntes de San Luis","robots":{"index":"index","follow":"follow","max-snippet":"max-snippet:-1","max-image-preview":"max-image-preview:large","max-video-preview":"max-video-preview:-1"},"canonical":"https:\/\/apuntesdesanluis.com\/index.php\/2024\/08\/15\/teresa-nigra-juro-como-nueva-ministra-de-salud-de-la-provincia\/","og_locale":"es_ES","og_type":"article","og_title":"TERESA NIGRA JUR\u00d3 COMO NUEVA MINISTRA DE SALUD DE LA PROVINCIA - Apuntes de San Luis","og_description":"Pasadas las 18:00 de este jueves, el gobernador Claudio Poggi le tom\u00f3 juramento a Teresa...","og_url":"https:\/\/apuntesdesanluis.com\/index.php\/2024\/08\/15\/teresa-nigra-juro-como-nueva-ministra-de-salud-de-la-provincia\/","og_site_name":"Apuntes de San Luis","article_published_time":"2024-08-16T02:31:16+00:00","og_image":[{"width":600,"height":401,"url":"https:\/\/apuntesdesanluis.com\/wp-content\/uploads\/2024\/08\/jura-de-teresa-nigra.png","type":"image\/png"}],"author":"apuntesdesanluis.com","twitter_card":"summary_large_image","twitter_misc":{"Escrito por":"apuntesdesanluis.com","Tiempo de lectura":"4 minutos"},"schema":{"@context":"https:\/\/schema.org","@graph":[{"@type":"Article","@id":"https:\/\/apuntesdesanluis.com\/index.php\/2024\/08\/15\/teresa-nigra-juro-como-nueva-ministra-de-salud-de-la-provincia\/#article","isPartOf":{"@id":"https:\/\/apuntesdesanluis.com\/index.php\/2024\/08\/15\/teresa-nigra-juro-como-nueva-ministra-de-salud-de-la-provincia\/"},"author":{"name":"apuntesdesanluis.com","@id":"https:\/\/apuntesdesanluis.com\/#\/schema\/person\/b55151d52296fcce64d1a72538a70b90"},"headline":"TERESA NIGRA JUR\u00d3 COMO NUEVA MINISTRA DE SALUD DE LA PROVINCIA","datePublished":"2024-08-16T02:31:16+00:00","mainEntityOfPage":{"@id":"https:\/\/apuntesdesanluis.com\/index.php\/2024\/08\/15\/teresa-nigra-juro-como-nueva-ministra-de-salud-de-la-provincia\/"},"wordCount":651,"publisher":{"@id":"https:\/\/apuntesdesanluis.com\/#\/schema\/person\/b55151d52296fcce64d1a72538a70b90"},"image":{"@id":"https:\/\/apuntesdesanluis.com\/index.php\/2024\/08\/15\/teresa-nigra-juro-como-nueva-ministra-de-salud-de-la-provincia\/#primaryimage"},"thumbnailUrl":"https:\/\/apuntesdesanluis.com\/wp-content\/uploads\/2024\/08\/jura-de-teresa-nigra.png","articleSection":["Ciudad\/Provincia"],"inLanguage":"es-AR"},{"@type":"WebPage","@id":"https:\/\/apuntesdesanluis.com\/index.php\/2024\/08\/15\/teresa-nigra-juro-como-nueva-ministra-de-salud-de-la-provincia\/","url":"https:\/\/apuntesdesanluis.com\/index.php\/2024\/08\/15\/teresa-nigra-juro-como-nueva-ministra-de-salud-de-la-provincia\/","name":"TERESA NIGRA JUR\u00d3 COMO NUEVA MINISTRA DE SALUD DE LA PROVINCIA - Apuntes de San Luis","isPartOf":{"@id":"https:\/\/apuntesdesanluis.com\/#website"},"primaryImageOfPage":{"@id":"https:\/\/apuntesdesanluis.com\/index.php\/2024\/08\/15\/teresa-nigra-juro-como-nueva-ministra-de-salud-de-la-provincia\/#primaryimage"},"image":{"@id":"https:\/\/apuntesdesanluis.com\/index.php\/2024\/08\/15\/teresa-nigra-juro-como-nueva-ministra-de-salud-de-la-provincia\/#primaryimage"},"thumbnailUrl":"https:\/\/apuntesdesanluis.com\/wp-content\/uploads\/2024\/08\/jura-de-teresa-nigra.png","datePublished":"2024-08-16T02:31:16+00:00","breadcrumb":{"@id":"https:\/\/apuntesdesanluis.com\/index.php\/2024\/08\/15\/teresa-nigra-juro-como-nueva-ministra-de-salud-de-la-provincia\/#breadcrumb"},"inLanguage":"es-AR","potentialAction":[{"@type":"ReadAction","target":["https:\/\/apuntesdesanluis.com\/index.php\/2024\/08\/15\/teresa-nigra-juro-como-nueva-ministra-de-salud-de-la-provincia\/"]}]},{"@type":"ImageObject","inLanguage":"es-AR","@id":"https:\/\/apuntesdesanluis.com\/index.php\/2024\/08\/15\/teresa-nigra-juro-como-nueva-ministra-de-salud-de-la-provincia\/#primaryimage","url":"https:\/\/apuntesdesanluis.com\/wp-content\/uploads\/2024\/08\/jura-de-teresa-nigra.png","contentUrl":"https:\/\/apuntesdesanluis.com\/wp-content\/uploads\/2024\/08\/jura-de-teresa-nigra.png","width":600,"height":401},{"@type":"BreadcrumbList","@id":"https:\/\/apuntesdesanluis.com\/index.php\/2024\/08\/15\/teresa-nigra-juro-como-nueva-ministra-de-salud-de-la-provincia\/#breadcrumb","itemListElement":[{"@type":"ListItem","position":1,"name":"Inicio","item":"https:\/\/apuntesdesanluis.com\/"},{"@type":"ListItem","position":2,"name":"TERESA NIGRA JUR\u00d3 COMO NUEVA MINISTRA DE SALUD DE LA PROVINCIA"}]},{"@type":"WebSite","@id":"https:\/\/apuntesdesanluis.com\/#website","url":"https:\/\/apuntesdesanluis.com\/","name":"Apuntes de San Luis","description":"","publisher":{"@id":"https:\/\/apuntesdesanluis.com\/#\/schema\/person\/b55151d52296fcce64d1a72538a70b90"},"potentialAction":[{"@type":"SearchAction","target":{"@type":"EntryPoint","urlTemplate":"https:\/\/apuntesdesanluis.com\/?s={search_term_string}"},"query-input":{"@type":"PropertyValueSpecification","valueRequired":true,"valueName":"search_term_string"}}],"inLanguage":"es-AR"},{"@type":["Person","Organization"],"@id":"https:\/\/apuntesdesanluis.com\/#\/schema\/person\/b55151d52296fcce64d1a72538a70b90","name":"apuntesdesanluis.com","image":{"@type":"ImageObject","inLanguage":"es-AR","@id":"https:\/\/apuntesdesanluis.com\/#\/schema\/person\/image\/","url":"https:\/\/apuntesdesanluis.com\/wp-content\/uploads\/2023\/07\/cropped-apuntesdesanluis.png","contentUrl":"https:\/\/apuntesdesanluis.com\/wp-content\/uploads\/2023\/07\/cropped-apuntesdesanluis.png","width":450,"height":112,"caption":"apuntesdesanluis.com"},"logo":{"@id":"https:\/\/apuntesdesanluis.com\/#\/schema\/person\/image\/"},"sameAs":["https:\/\/apuntesdesanluis.com"],"url":"https:\/\/apuntesdesanluis.com\/index.php\/author\/apuntesdesanluis-com\/"}]}},"featured_image_urls":{"full":["https:\/\/apuntesdesanluis.com\/wp-content\/uploads\/2024\/08\/jura-de-teresa-nigra.png",600,401,false],"thumbnail":["https:\/\/apuntesdesanluis.com\/wp-content\/uploads\/2024\/08\/jura-de-teresa-nigra-150x150.png",150,150,true],"medium":["https:\/\/apuntesdesanluis.com\/wp-content\/uploads\/2024\/08\/jura-de-teresa-nigra-300x201.png",300,201,true],"medium_large":["https:\/\/apuntesdesanluis.com\/wp-content\/uploads\/2024\/08\/jura-de-teresa-nigra.png",600,401,false],"large":["https:\/\/apuntesdesanluis.com\/wp-content\/uploads\/2024\/08\/jura-de-teresa-nigra.png",600,401,false],"1536x1536":["https:\/\/apuntesdesanluis.com\/wp-content\/uploads\/2024\/08\/jura-de-teresa-nigra.png",600,401,false],"2048x2048":["https:\/\/apuntesdesanluis.com\/wp-content\/uploads\/2024\/08\/jura-de-teresa-nigra.png",600,401,false],"newsever-slider-full":["https:\/\/apuntesdesanluis.com\/wp-content\/uploads\/2024\/08\/jura-de-teresa-nigra.png",600,401,false],"newsever-featured":["https:\/\/apuntesdesanluis.com\/wp-content\/uploads\/2024\/08\/jura-de-teresa-nigra.png",600,401,false],"newsever-medium":["https:\/\/apuntesdesanluis.com\/wp-content\/uploads\/2024\/08\/jura-de-teresa-nigra.png",600,401,false]},"author_info":{"display_name":"apuntesdesanluis.com","author_link":"https:\/\/apuntesdesanluis.com\/index.php\/author\/apuntesdesanluis-com\/"},"category_info":"<a href=\"https:\/\/apuntesdesanluis.com\/index.php\/category\/ciudad-provincia\/\" rel=\"category tag\">Ciudad\/Provincia<\/a>","tag_info":"Ciudad\/Provincia","comment_count":"0","_links":{"self":[{"href":"https:\/\/apuntesdesanluis.com\/index.php\/wp-json\/wp\/v2\/posts\/20953","targetHints":{"allow":["GET"]}}],"collection":[{"href":"https:\/\/apuntesdesanluis.com\/index.php\/wp-json\/wp\/v2\/posts"}],"about":[{"href":"https:\/\/apuntesdesanluis.com\/index.php\/wp-json\/wp\/v2\/types\/post"}],"author":[{"embeddable":true,"href":"https:\/\/apuntesdesanluis.com\/index.php\/wp-json\/wp\/v2\/users\/1"}],"replies":[{"embeddable":true,"href":"https:\/\/apuntesdesanluis.com\/index.php\/wp-json\/wp\/v2\/comments?post=20953"}],"version-history":[{"count":1,"href":"https:\/\/apuntesdesanluis.com\/index.php\/wp-json\/wp\/v2\/posts\/20953\/revisions"}],"predecessor-version":[{"id":20957,"href":"https:\/\/apuntesdesanluis.com\/index.php\/wp-json\/wp\/v2\/posts\/20953\/revisions\/20957"}],"wp:featuredmedia":[{"embeddable":true,"href":"https:\/\/apuntesdesanluis.com\/index.php\/wp-json\/wp\/v2\/media\/20954"}],"wp:attachment":[{"href":"https:\/\/apuntesdesanluis.com\/index.php\/wp-json\/wp\/v2\/media?parent=20953"}],"wp:term":[{"taxonomy":"category","embeddable":true,"href":"https:\/\/apuntesdesanluis.com\/index.php\/wp-json\/wp\/v2\/categories?post=20953"},{"taxonomy":"post_tag","embeddable":true,"href":"https:\/\/apuntesdesanluis.com\/index.php\/wp-json\/wp\/v2\/tags?post=20953"}],"curies":[{"name":"wp","href":"https:\/\/api.w.org\/{rel}","templated":true}]}}