{"id":20958,"date":"2024-08-15T23:40:21","date_gmt":"2024-08-16T02:40:21","guid":{"rendered":"https:\/\/apuntesdesanluis.com\/?p=20958"},"modified":"2024-08-15T23:40:21","modified_gmt":"2024-08-16T02:40:21","slug":"se-realiza-este-viernes-la-expo-carreras-de-la-unvime","status":"publish","type":"post","link":"https:\/\/apuntesdesanluis.com\/index.php\/2024\/08\/15\/se-realiza-este-viernes-la-expo-carreras-de-la-unvime\/","title":{"rendered":"SE REALIZA ESTE VIERNES LA EXPO CARRERAS DE LA UNVIME"},"content":{"rendered":"<h3>Esta importante jornada de puertas abiertas se desarrollar\u00e1 entre las 10:00 y las 16:00 h, en la extensi\u00f3n \u00e1ulica ubicada en Juan Llerena y Garc\u00eda Lorca, Barrio Los Poetas.<\/h3>\n<h3>La organizaci\u00f3n est\u00e1 a cargo de las Secretar\u00eda General y Acad\u00e9mica y de Posgrado, junto con el \u00e1rea de Promoci\u00f3n de Carreras, que resolvieron llevar adelante esta Expo Carreras a partir de una iniciativa de Rectorado.<\/h3>\n<h3>Se ha invitado a participar a los dos \u00faltimos a\u00f1os de las escuelas secundarias de toda la provincia, para que los estudiantes puedan no s\u00f3lo conocer las carreras que se dictan sino tambi\u00e9n tomar contacto con docentes, estudiantes, personal NoDocente y graduados, que los asesorar\u00e1n sobre el tr\u00e1mite de la preinscripci\u00f3n online.<\/h3>\n<h3>Precisamente la Oficina Alumnos tendr\u00e1 su propio stand, donde se explicar\u00e1 a los j\u00f3venes las caracter\u00edsticas del Curso de Apoyo al Ingresante.<\/h3>\n<h3><img fetchpriority=\"high\" decoding=\"async\" class=\"wp-image-20960 aligncenter\" src=\"https:\/\/apuntesdesanluis.com\/wp-content\/uploads\/2024\/08\/expocarreras-300x219.png\" alt=\"\" width=\"659\" height=\"481\" srcset=\"https:\/\/apuntesdesanluis.com\/wp-content\/uploads\/2024\/08\/expocarreras-300x219.png 300w, https:\/\/apuntesdesanluis.com\/wp-content\/uploads\/2024\/08\/expocarreras.png 640w\" sizes=\"(max-width: 659px) 100vw, 659px\" \/><\/h3>\n<h3>Se ha previsto la colocaci\u00f3n de stands de cada escuela y tambi\u00e9n de distintas secretar\u00edas, a trav\u00e9s de los cuales se evacuar\u00e1n consultas y dudas.<\/h3>\n<h3>Adem\u00e1s, tambi\u00e9n sumar\u00e1n su aporte los centros de estudiantes y los clubes estudiantiles, mostrando sus actividades y acciones.<\/h3>\n<h3>La Secretar\u00eda de Asuntos Estudiantiles y Bienestar Universitario presentar\u00e1 su propio stand, pero tambi\u00e9n propondr\u00e1 juegos did\u00e1cticos y deportivos, en tanto que la Unidad de Gesti\u00f3n de Riesgos tiene previsto disponer actividades de capacitaci\u00f3n en distintas tem\u00e1ticas. Desde UGR invitan, adem\u00e1s, a que los asistentes lleven sus pilas en desuso.<\/h3>\n<h3><img decoding=\"async\" class=\"wp-image-20961 aligncenter\" src=\"https:\/\/apuntesdesanluis.com\/wp-content\/uploads\/2024\/08\/alumnos-unvime-300x176.png\" alt=\"\" width=\"631\" height=\"370\" srcset=\"https:\/\/apuntesdesanluis.com\/wp-content\/uploads\/2024\/08\/alumnos-unvime-300x176.png 300w, https:\/\/apuntesdesanluis.com\/wp-content\/uploads\/2024\/08\/alumnos-unvime.png 531w\" sizes=\"(max-width: 631px) 100vw, 631px\" \/><\/h3>\n<h3>Por otro lado, la Secretar\u00eda de Comunicaci\u00f3n Estrat\u00e9gica instalar\u00e1 un estudio m\u00f3vil de Radio UNViMe, que cubrir\u00e1 la jornada durante las seis horas y transmitir\u00e1 el desarrollo de la misma por el canal oficial de Youtube.<\/h3>\n<p>&nbsp;<\/p>\n<p>&nbsp;<\/p>\n<p>&nbsp;<\/p>\n<p>&nbsp;<\/p>\n","protected":false},"excerpt":{"rendered":"<p>Esta importante jornada de puertas abiertas se desarrollar\u00e1 entre las 10:00 y las 16:00 h,&#8230;<\/p>\n","protected":false},"author":1,"featured_media":20959,"comment_status":"closed","ping_status":"closed","sticky":false,"template":"","format":"standard","meta":{"footnotes":""},"categories":[6],"tags":[],"class_list":["post-20958","post","type-post","status-publish","format-standard","has-post-thumbnail","hentry","category-ciudad-provincia"],"yoast_head":"<!-- This site is optimized with the Yoast SEO plugin v26.1.1 - https:\/\/yoast.com\/wordpress\/plugins\/seo\/ -->\n<title>SE REALIZA ESTE VIERNES LA EXPO CARRERAS DE LA UNVIME - Apuntes de San Luis<\/title>\n<meta name=\"robots\" content=\"index, follow, max-snippet:-1, max-image-preview:large, max-video-preview:-1\" \/>\n<link rel=\"canonical\" href=\"https:\/\/apuntesdesanluis.com\/index.php\/2024\/08\/15\/se-realiza-este-viernes-la-expo-carreras-de-la-unvime\/\" \/>\n<meta property=\"og:locale\" content=\"es_ES\" \/>\n<meta property=\"og:type\" content=\"article\" \/>\n<meta property=\"og:title\" content=\"SE REALIZA ESTE VIERNES LA EXPO CARRERAS DE LA UNVIME - Apuntes de San Luis\" \/>\n<meta property=\"og:description\" content=\"Esta importante jornada de puertas abiertas se desarrollar\u00e1 entre las 10:00 y las 16:00 h,...\" \/>\n<meta property=\"og:url\" content=\"https:\/\/apuntesdesanluis.com\/index.php\/2024\/08\/15\/se-realiza-este-viernes-la-expo-carreras-de-la-unvime\/\" \/>\n<meta property=\"og:site_name\" content=\"Apuntes de San Luis\" \/>\n<meta property=\"article:published_time\" content=\"2024-08-16T02:40:21+00:00\" \/>\n<meta property=\"og:image\" content=\"https:\/\/apuntesdesanluis.com\/wp-content\/uploads\/2024\/08\/unvime-los-poetas.png\" \/>\n\t<meta property=\"og:image:width\" content=\"599\" \/>\n\t<meta property=\"og:image:height\" content=\"361\" \/>\n\t<meta property=\"og:image:type\" content=\"image\/png\" \/>\n<meta name=\"author\" content=\"apuntesdesanluis.com\" \/>\n<meta name=\"twitter:card\" content=\"summary_large_image\" \/>\n<meta name=\"twitter:label1\" content=\"Escrito por\" \/>\n\t<meta name=\"twitter:data1\" content=\"apuntesdesanluis.com\" \/>\n\t<meta name=\"twitter:label2\" content=\"Tiempo de lectura\" \/>\n\t<meta name=\"twitter:data2\" content=\"2 minutos\" \/>\n<script type=\"application\/ld+json\" class=\"yoast-schema-graph\">{\"@context\":\"https:\/\/schema.org\",\"@graph\":[{\"@type\":\"Article\",\"@id\":\"https:\/\/apuntesdesanluis.com\/index.php\/2024\/08\/15\/se-realiza-este-viernes-la-expo-carreras-de-la-unvime\/#article\",\"isPartOf\":{\"@id\":\"https:\/\/apuntesdesanluis.com\/index.php\/2024\/08\/15\/se-realiza-este-viernes-la-expo-carreras-de-la-unvime\/\"},\"author\":{\"name\":\"apuntesdesanluis.com\",\"@id\":\"https:\/\/apuntesdesanluis.com\/#\/schema\/person\/b55151d52296fcce64d1a72538a70b90\"},\"headline\":\"SE REALIZA ESTE VIERNES LA EXPO CARRERAS DE LA UNVIME\",\"datePublished\":\"2024-08-16T02:40:21+00:00\",\"mainEntityOfPage\":{\"@id\":\"https:\/\/apuntesdesanluis.com\/index.php\/2024\/08\/15\/se-realiza-este-viernes-la-expo-carreras-de-la-unvime\/\"},\"wordCount\":313,\"publisher\":{\"@id\":\"https:\/\/apuntesdesanluis.com\/#\/schema\/person\/b55151d52296fcce64d1a72538a70b90\"},\"image\":{\"@id\":\"https:\/\/apuntesdesanluis.com\/index.php\/2024\/08\/15\/se-realiza-este-viernes-la-expo-carreras-de-la-unvime\/#primaryimage\"},\"thumbnailUrl\":\"https:\/\/apuntesdesanluis.com\/wp-content\/uploads\/2024\/08\/unvime-los-poetas.png\",\"articleSection\":[\"Ciudad\/Provincia\"],\"inLanguage\":\"es-AR\"},{\"@type\":\"WebPage\",\"@id\":\"https:\/\/apuntesdesanluis.com\/index.php\/2024\/08\/15\/se-realiza-este-viernes-la-expo-carreras-de-la-unvime\/\",\"url\":\"https:\/\/apuntesdesanluis.com\/index.php\/2024\/08\/15\/se-realiza-este-viernes-la-expo-carreras-de-la-unvime\/\",\"name\":\"SE REALIZA ESTE VIERNES LA EXPO CARRERAS DE LA UNVIME - Apuntes de San Luis\",\"isPartOf\":{\"@id\":\"https:\/\/apuntesdesanluis.com\/#website\"},\"primaryImageOfPage\":{\"@id\":\"https:\/\/apuntesdesanluis.com\/index.php\/2024\/08\/15\/se-realiza-este-viernes-la-expo-carreras-de-la-unvime\/#primaryimage\"},\"image\":{\"@id\":\"https:\/\/apuntesdesanluis.com\/index.php\/2024\/08\/15\/se-realiza-este-viernes-la-expo-carreras-de-la-unvime\/#primaryimage\"},\"thumbnailUrl\":\"https:\/\/apuntesdesanluis.com\/wp-content\/uploads\/2024\/08\/unvime-los-poetas.png\",\"datePublished\":\"2024-08-16T02:40:21+00:00\",\"breadcrumb\":{\"@id\":\"https:\/\/apuntesdesanluis.com\/index.php\/2024\/08\/15\/se-realiza-este-viernes-la-expo-carreras-de-la-unvime\/#breadcrumb\"},\"inLanguage\":\"es-AR\",\"potentialAction\":[{\"@type\":\"ReadAction\",\"target\":[\"https:\/\/apuntesdesanluis.com\/index.php\/2024\/08\/15\/se-realiza-este-viernes-la-expo-carreras-de-la-unvime\/\"]}]},{\"@type\":\"ImageObject\",\"inLanguage\":\"es-AR\",\"@id\":\"https:\/\/apuntesdesanluis.com\/index.php\/2024\/08\/15\/se-realiza-este-viernes-la-expo-carreras-de-la-unvime\/#primaryimage\",\"url\":\"https:\/\/apuntesdesanluis.com\/wp-content\/uploads\/2024\/08\/unvime-los-poetas.png\",\"contentUrl\":\"https:\/\/apuntesdesanluis.com\/wp-content\/uploads\/2024\/08\/unvime-los-poetas.png\",\"width\":599,\"height\":361},{\"@type\":\"BreadcrumbList\",\"@id\":\"https:\/\/apuntesdesanluis.com\/index.php\/2024\/08\/15\/se-realiza-este-viernes-la-expo-carreras-de-la-unvime\/#breadcrumb\",\"itemListElement\":[{\"@type\":\"ListItem\",\"position\":1,\"name\":\"Inicio\",\"item\":\"https:\/\/apuntesdesanluis.com\/\"},{\"@type\":\"ListItem\",\"position\":2,\"name\":\"SE REALIZA ESTE VIERNES LA EXPO CARRERAS DE LA UNVIME\"}]},{\"@type\":\"WebSite\",\"@id\":\"https:\/\/apuntesdesanluis.com\/#website\",\"url\":\"https:\/\/apuntesdesanluis.com\/\",\"name\":\"Apuntes de San Luis\",\"description\":\"\",\"publisher\":{\"@id\":\"https:\/\/apuntesdesanluis.com\/#\/schema\/person\/b55151d52296fcce64d1a72538a70b90\"},\"potentialAction\":[{\"@type\":\"SearchAction\",\"target\":{\"@type\":\"EntryPoint\",\"urlTemplate\":\"https:\/\/apuntesdesanluis.com\/?s={search_term_string}\"},\"query-input\":{\"@type\":\"PropertyValueSpecification\",\"valueRequired\":true,\"valueName\":\"search_term_string\"}}],\"inLanguage\":\"es-AR\"},{\"@type\":[\"Person\",\"Organization\"],\"@id\":\"https:\/\/apuntesdesanluis.com\/#\/schema\/person\/b55151d52296fcce64d1a72538a70b90\",\"name\":\"apuntesdesanluis.com\",\"image\":{\"@type\":\"ImageObject\",\"inLanguage\":\"es-AR\",\"@id\":\"https:\/\/apuntesdesanluis.com\/#\/schema\/person\/image\/\",\"url\":\"https:\/\/apuntesdesanluis.com\/wp-content\/uploads\/2023\/07\/cropped-apuntesdesanluis.png\",\"contentUrl\":\"https:\/\/apuntesdesanluis.com\/wp-content\/uploads\/2023\/07\/cropped-apuntesdesanluis.png\",\"width\":450,\"height\":112,\"caption\":\"apuntesdesanluis.com\"},\"logo\":{\"@id\":\"https:\/\/apuntesdesanluis.com\/#\/schema\/person\/image\/\"},\"sameAs\":[\"https:\/\/apuntesdesanluis.com\"],\"url\":\"https:\/\/apuntesdesanluis.com\/index.php\/author\/apuntesdesanluis-com\/\"}]}<\/script>\n<!-- \/ Yoast SEO plugin. -->","yoast_head_json":{"title":"SE REALIZA ESTE VIERNES LA EXPO CARRERAS DE LA UNVIME - Apuntes de San Luis","robots":{"index":"index","follow":"follow","max-snippet":"max-snippet:-1","max-image-preview":"max-image-preview:large","max-video-preview":"max-video-preview:-1"},"canonical":"https:\/\/apuntesdesanluis.com\/index.php\/2024\/08\/15\/se-realiza-este-viernes-la-expo-carreras-de-la-unvime\/","og_locale":"es_ES","og_type":"article","og_title":"SE REALIZA ESTE VIERNES LA EXPO CARRERAS DE LA UNVIME - Apuntes de San Luis","og_description":"Esta importante jornada de puertas abiertas se desarrollar\u00e1 entre las 10:00 y las 16:00 h,...","og_url":"https:\/\/apuntesdesanluis.com\/index.php\/2024\/08\/15\/se-realiza-este-viernes-la-expo-carreras-de-la-unvime\/","og_site_name":"Apuntes de San Luis","article_published_time":"2024-08-16T02:40:21+00:00","og_image":[{"width":599,"height":361,"url":"https:\/\/apuntesdesanluis.com\/wp-content\/uploads\/2024\/08\/unvime-los-poetas.png","type":"image\/png"}],"author":"apuntesdesanluis.com","twitter_card":"summary_large_image","twitter_misc":{"Escrito por":"apuntesdesanluis.com","Tiempo de lectura":"2 minutos"},"schema":{"@context":"https:\/\/schema.org","@graph":[{"@type":"Article","@id":"https:\/\/apuntesdesanluis.com\/index.php\/2024\/08\/15\/se-realiza-este-viernes-la-expo-carreras-de-la-unvime\/#article","isPartOf":{"@id":"https:\/\/apuntesdesanluis.com\/index.php\/2024\/08\/15\/se-realiza-este-viernes-la-expo-carreras-de-la-unvime\/"},"author":{"name":"apuntesdesanluis.com","@id":"https:\/\/apuntesdesanluis.com\/#\/schema\/person\/b55151d52296fcce64d1a72538a70b90"},"headline":"SE REALIZA ESTE VIERNES LA EXPO CARRERAS DE LA UNVIME","datePublished":"2024-08-16T02:40:21+00:00","mainEntityOfPage":{"@id":"https:\/\/apuntesdesanluis.com\/index.php\/2024\/08\/15\/se-realiza-este-viernes-la-expo-carreras-de-la-unvime\/"},"wordCount":313,"publisher":{"@id":"https:\/\/apuntesdesanluis.com\/#\/schema\/person\/b55151d52296fcce64d1a72538a70b90"},"image":{"@id":"https:\/\/apuntesdesanluis.com\/index.php\/2024\/08\/15\/se-realiza-este-viernes-la-expo-carreras-de-la-unvime\/#primaryimage"},"thumbnailUrl":"https:\/\/apuntesdesanluis.com\/wp-content\/uploads\/2024\/08\/unvime-los-poetas.png","articleSection":["Ciudad\/Provincia"],"inLanguage":"es-AR"},{"@type":"WebPage","@id":"https:\/\/apuntesdesanluis.com\/index.php\/2024\/08\/15\/se-realiza-este-viernes-la-expo-carreras-de-la-unvime\/","url":"https:\/\/apuntesdesanluis.com\/index.php\/2024\/08\/15\/se-realiza-este-viernes-la-expo-carreras-de-la-unvime\/","name":"SE REALIZA ESTE VIERNES LA EXPO CARRERAS DE LA UNVIME - Apuntes de San Luis","isPartOf":{"@id":"https:\/\/apuntesdesanluis.com\/#website"},"primaryImageOfPage":{"@id":"https:\/\/apuntesdesanluis.com\/index.php\/2024\/08\/15\/se-realiza-este-viernes-la-expo-carreras-de-la-unvime\/#primaryimage"},"image":{"@id":"https:\/\/apuntesdesanluis.com\/index.php\/2024\/08\/15\/se-realiza-este-viernes-la-expo-carreras-de-la-unvime\/#primaryimage"},"thumbnailUrl":"https:\/\/apuntesdesanluis.com\/wp-content\/uploads\/2024\/08\/unvime-los-poetas.png","datePublished":"2024-08-16T02:40:21+00:00","breadcrumb":{"@id":"https:\/\/apuntesdesanluis.com\/index.php\/2024\/08\/15\/se-realiza-este-viernes-la-expo-carreras-de-la-unvime\/#breadcrumb"},"inLanguage":"es-AR","potentialAction":[{"@type":"ReadAction","target":["https:\/\/apuntesdesanluis.com\/index.php\/2024\/08\/15\/se-realiza-este-viernes-la-expo-carreras-de-la-unvime\/"]}]},{"@type":"ImageObject","inLanguage":"es-AR","@id":"https:\/\/apuntesdesanluis.com\/index.php\/2024\/08\/15\/se-realiza-este-viernes-la-expo-carreras-de-la-unvime\/#primaryimage","url":"https:\/\/apuntesdesanluis.com\/wp-content\/uploads\/2024\/08\/unvime-los-poetas.png","contentUrl":"https:\/\/apuntesdesanluis.com\/wp-content\/uploads\/2024\/08\/unvime-los-poetas.png","width":599,"height":361},{"@type":"BreadcrumbList","@id":"https:\/\/apuntesdesanluis.com\/index.php\/2024\/08\/15\/se-realiza-este-viernes-la-expo-carreras-de-la-unvime\/#breadcrumb","itemListElement":[{"@type":"ListItem","position":1,"name":"Inicio","item":"https:\/\/apuntesdesanluis.com\/"},{"@type":"ListItem","position":2,"name":"SE REALIZA ESTE VIERNES LA EXPO CARRERAS DE LA UNVIME"}]},{"@type":"WebSite","@id":"https:\/\/apuntesdesanluis.com\/#website","url":"https:\/\/apuntesdesanluis.com\/","name":"Apuntes de San Luis","description":"","publisher":{"@id":"https:\/\/apuntesdesanluis.com\/#\/schema\/person\/b55151d52296fcce64d1a72538a70b90"},"potentialAction":[{"@type":"SearchAction","target":{"@type":"EntryPoint","urlTemplate":"https:\/\/apuntesdesanluis.com\/?s={search_term_string}"},"query-input":{"@type":"PropertyValueSpecification","valueRequired":true,"valueName":"search_term_string"}}],"inLanguage":"es-AR"},{"@type":["Person","Organization"],"@id":"https:\/\/apuntesdesanluis.com\/#\/schema\/person\/b55151d52296fcce64d1a72538a70b90","name":"apuntesdesanluis.com","image":{"@type":"ImageObject","inLanguage":"es-AR","@id":"https:\/\/apuntesdesanluis.com\/#\/schema\/person\/image\/","url":"https:\/\/apuntesdesanluis.com\/wp-content\/uploads\/2023\/07\/cropped-apuntesdesanluis.png","contentUrl":"https:\/\/apuntesdesanluis.com\/wp-content\/uploads\/2023\/07\/cropped-apuntesdesanluis.png","width":450,"height":112,"caption":"apuntesdesanluis.com"},"logo":{"@id":"https:\/\/apuntesdesanluis.com\/#\/schema\/person\/image\/"},"sameAs":["https:\/\/apuntesdesanluis.com"],"url":"https:\/\/apuntesdesanluis.com\/index.php\/author\/apuntesdesanluis-com\/"}]}},"featured_image_urls":{"full":["https:\/\/apuntesdesanluis.com\/wp-content\/uploads\/2024\/08\/unvime-los-poetas.png",599,361,false],"thumbnail":["https:\/\/apuntesdesanluis.com\/wp-content\/uploads\/2024\/08\/unvime-los-poetas-150x150.png",150,150,true],"medium":["https:\/\/apuntesdesanluis.com\/wp-content\/uploads\/2024\/08\/unvime-los-poetas-300x181.png",300,181,true],"medium_large":["https:\/\/apuntesdesanluis.com\/wp-content\/uploads\/2024\/08\/unvime-los-poetas.png",599,361,false],"large":["https:\/\/apuntesdesanluis.com\/wp-content\/uploads\/2024\/08\/unvime-los-poetas.png",599,361,false],"1536x1536":["https:\/\/apuntesdesanluis.com\/wp-content\/uploads\/2024\/08\/unvime-los-poetas.png",599,361,false],"2048x2048":["https:\/\/apuntesdesanluis.com\/wp-content\/uploads\/2024\/08\/unvime-los-poetas.png",599,361,false],"newsever-slider-full":["https:\/\/apuntesdesanluis.com\/wp-content\/uploads\/2024\/08\/unvime-los-poetas.png",599,361,false],"newsever-featured":["https:\/\/apuntesdesanluis.com\/wp-content\/uploads\/2024\/08\/unvime-los-poetas.png",599,361,false],"newsever-medium":["https:\/\/apuntesdesanluis.com\/wp-content\/uploads\/2024\/08\/unvime-los-poetas.png",599,361,false]},"author_info":{"display_name":"apuntesdesanluis.com","author_link":"https:\/\/apuntesdesanluis.com\/index.php\/author\/apuntesdesanluis-com\/"},"category_info":"<a href=\"https:\/\/apuntesdesanluis.com\/index.php\/category\/ciudad-provincia\/\" rel=\"category tag\">Ciudad\/Provincia<\/a>","tag_info":"Ciudad\/Provincia","comment_count":"0","_links":{"self":[{"href":"https:\/\/apuntesdesanluis.com\/index.php\/wp-json\/wp\/v2\/posts\/20958","targetHints":{"allow":["GET"]}}],"collection":[{"href":"https:\/\/apuntesdesanluis.com\/index.php\/wp-json\/wp\/v2\/posts"}],"about":[{"href":"https:\/\/apuntesdesanluis.com\/index.php\/wp-json\/wp\/v2\/types\/post"}],"author":[{"embeddable":true,"href":"https:\/\/apuntesdesanluis.com\/index.php\/wp-json\/wp\/v2\/users\/1"}],"replies":[{"embeddable":true,"href":"https:\/\/apuntesdesanluis.com\/index.php\/wp-json\/wp\/v2\/comments?post=20958"}],"version-history":[{"count":1,"href":"https:\/\/apuntesdesanluis.com\/index.php\/wp-json\/wp\/v2\/posts\/20958\/revisions"}],"predecessor-version":[{"id":20962,"href":"https:\/\/apuntesdesanluis.com\/index.php\/wp-json\/wp\/v2\/posts\/20958\/revisions\/20962"}],"wp:featuredmedia":[{"embeddable":true,"href":"https:\/\/apuntesdesanluis.com\/index.php\/wp-json\/wp\/v2\/media\/20959"}],"wp:attachment":[{"href":"https:\/\/apuntesdesanluis.com\/index.php\/wp-json\/wp\/v2\/media?parent=20958"}],"wp:term":[{"taxonomy":"category","embeddable":true,"href":"https:\/\/apuntesdesanluis.com\/index.php\/wp-json\/wp\/v2\/categories?post=20958"},{"taxonomy":"post_tag","embeddable":true,"href":"https:\/\/apuntesdesanluis.com\/index.php\/wp-json\/wp\/v2\/tags?post=20958"}],"curies":[{"name":"wp","href":"https:\/\/api.w.org\/{rel}","templated":true}]}}