{"id":20963,"date":"2024-08-16T01:18:00","date_gmt":"2024-08-16T04:18:00","guid":{"rendered":"https:\/\/apuntesdesanluis.com\/?p=20963"},"modified":"2024-08-16T01:18:00","modified_gmt":"2024-08-16T04:18:00","slug":"en-7-meses-hemos-logrado-una-visibilidad-de-la-discapacidad-impresionante","status":"publish","type":"post","link":"https:\/\/apuntesdesanluis.com\/index.php\/2024\/08\/16\/en-7-meses-hemos-logrado-una-visibilidad-de-la-discapacidad-impresionante\/","title":{"rendered":"\u201cEN 7 MESES HEMOS LOGRADO UNA VISIBILIDAD DE LA DISCAPACIDAD IMPRESIONANTE\u201d"},"content":{"rendered":"<h3>As\u00ed lo asegur\u00f3, y no hay dudas que as\u00ed es, el kinesi\u00f3logo\u00a0<strong>Luis Giraudo<\/strong>, quien desde diciembre pasado acept\u00f3 el ofrecimiento del gobernador <strong>Claudio Poggi<\/strong> y se sum\u00f3 al gabinete provincial.<\/h3>\n<h3>Sigue hablando y actuando como siempre; sin filtros. Admite que es \u201cmuy distinto\u201d lo privado (de donde proviene y sigue trabajando) que la esfera de lo p\u00fablico. \u201cLa burocracia me mata\u201d, reconoce este &#8220;hiperkin\u00e9tico&#8221; profesional, quien por primera vez ocupa un cargo ejecutivo: <strong>Secretario de Personas con Discapacidad<\/strong>, cuya sede central est\u00e1 en Villa Mercedes, m\u00e1s precisamente en instalaciones ubicadas en el Complejo La Pedrera y una oficina en Balcarce y Urquiza.<\/h3>\n<h3>Destaca al respecto que \u201cSan Luis es la \u00fanica provincia del pa\u00eds que tiene una Secretar\u00eda de Personas con Discapacidad con rango ministerial, lo cual significa que este tema es tomado como pol\u00edtica de Estado, tal como se comprometi\u00f3 Claudio Poggi el a\u00f1o pasado, mucho antes que comenzara la campa\u00f1a\u201d.<\/h3>\n<h3>A pesar de tener sede en su ciudad, Giraudo ya ha recorrido no menos de 60 localidades en toda la provincia, con el objetivo de llegar a los parajes m\u00e1s rec\u00f3nditos para conocer la realidad de cada lugar. \u201cHe ido a lugares muy chiquitos, donde hay gente que no tiene ni siquiera documento de identidad. Entonces mucho menos posee un Certificado \u00danico de Discapacidad (CUD). Por eso el objetivo es hacer un amplio relevamiento de todas las necesidades que existen, para dar respuestas a cada una de ellas\u201d.<\/h3>\n<p><img fetchpriority=\"high\" decoding=\"async\" class=\"wp-image-15754 aligncenter\" src=\"https:\/\/apuntesdesanluis.com\/wp-content\/uploads\/2024\/05\/dejame-un-titulo-1-300x193.png\" alt=\"\" width=\"494\" height=\"318\" srcset=\"https:\/\/apuntesdesanluis.com\/wp-content\/uploads\/2024\/05\/dejame-un-titulo-1-300x193.png 300w, https:\/\/apuntesdesanluis.com\/wp-content\/uploads\/2024\/05\/dejame-un-titulo-1.png 673w\" sizes=\"(max-width: 494px) 100vw, 494px\" \/><\/p>\n<h3>En este sentido, indica que una de sus prioridades es hacer cumplir la ley de cupo laboral, que es obligatoria para el Estado y voluntaria para el sector privado. Destaca al respecto lo conseguido en el municipio de Fraga, que incorpor\u00f3 a tres personas discapacitadas, y los avances registrados en otras intendencias.<\/h3>\n<h3>Otra meta en la que se encuentra embarcado es la conformaci\u00f3n del <strong>Consejo Provincial de Discapacidad<\/strong>, que va a permitir crear un espacio de intercambio con todos los municipios de San Luis y poder unificar legislaciones en esta materia, entre otras funciones.<\/h3>\n<h3>En referencia a las actividades que desarrolla el personal a su cargo, Giraudo menciona el acompa\u00f1amiento y el asesoramiento, para que la persona con discapacidad reconozca sus derechos y los beneficios que tiene a trav\u00e9s del CUD. \u201cTambi\u00e9n desterrar los nichos de corrupci\u00f3n que existen, como cuando un prestador, un fisiatra por ejemplo, factura 10 sesiones pero s\u00f3lo cumple con 6. Ese profesional no solo le est\u00e1 robando al Estado, sino que adem\u00e1s le impide a otro discapacitado acceder a una pensi\u00f3n. Corrupci\u00f3n existe en todos lados, no solo en la pol\u00edtica\u201d, sostiene.<\/h3>\n<h3>Como t\u00edtulo deja una especie de balance de gesti\u00f3n: \u201cEn siete meses hemos logrado visibilizar la discapacidad de una manera impresionante, y seguimos laburando\u201d.<\/h3>\n<p>&nbsp;<\/p>\n<p><iframe title=\"LUIS GIRAUDO. Secretario de Personas con Discapacidad\" width=\"640\" height=\"360\" src=\"https:\/\/www.youtube.com\/embed\/Ol0YbO9BbUE?feature=oembed\" frameborder=\"0\" allow=\"accelerometer; autoplay; clipboard-write; encrypted-media; gyroscope; picture-in-picture; web-share\" referrerpolicy=\"strict-origin-when-cross-origin\" allowfullscreen><\/iframe><\/p>\n<p>&nbsp;<\/p>\n<p>&nbsp;<\/p>\n<p>&nbsp;<\/p>\n","protected":false},"excerpt":{"rendered":"<p>As\u00ed lo asegur\u00f3, y no hay dudas que as\u00ed es, el kinesi\u00f3logo\u00a0Luis Giraudo, quien desde&#8230;<\/p>\n","protected":false},"author":1,"featured_media":20964,"comment_status":"closed","ping_status":"closed","sticky":false,"template":"","format":"standard","meta":{"footnotes":""},"categories":[9],"tags":[],"class_list":["post-20963","post","type-post","status-publish","format-standard","has-post-thumbnail","hentry","category-opinion"],"yoast_head":"<!-- This site is optimized with the Yoast SEO plugin v26.1.1 - https:\/\/yoast.com\/wordpress\/plugins\/seo\/ -->\n<title>\u201cEN 7 MESES HEMOS LOGRADO UNA VISIBILIDAD DE LA DISCAPACIDAD IMPRESIONANTE\u201d - Apuntes de San Luis<\/title>\n<meta name=\"robots\" content=\"index, follow, max-snippet:-1, max-image-preview:large, max-video-preview:-1\" \/>\n<link rel=\"canonical\" href=\"https:\/\/apuntesdesanluis.com\/index.php\/2024\/08\/16\/en-7-meses-hemos-logrado-una-visibilidad-de-la-discapacidad-impresionante\/\" \/>\n<meta property=\"og:locale\" content=\"es_ES\" \/>\n<meta property=\"og:type\" content=\"article\" \/>\n<meta property=\"og:title\" content=\"\u201cEN 7 MESES HEMOS LOGRADO UNA VISIBILIDAD DE LA DISCAPACIDAD IMPRESIONANTE\u201d - Apuntes de San Luis\" \/>\n<meta property=\"og:description\" content=\"As\u00ed lo asegur\u00f3, y no hay dudas que as\u00ed es, el kinesi\u00f3logo\u00a0Luis Giraudo, quien desde...\" \/>\n<meta property=\"og:url\" content=\"https:\/\/apuntesdesanluis.com\/index.php\/2024\/08\/16\/en-7-meses-hemos-logrado-una-visibilidad-de-la-discapacidad-impresionante\/\" \/>\n<meta property=\"og:site_name\" content=\"Apuntes de San Luis\" \/>\n<meta property=\"article:published_time\" content=\"2024-08-16T04:18:00+00:00\" \/>\n<meta property=\"og:image\" content=\"https:\/\/apuntesdesanluis.com\/wp-content\/uploads\/2024\/08\/luis-giraudo-1.png\" \/>\n\t<meta property=\"og:image:width\" content=\"693\" \/>\n\t<meta property=\"og:image:height\" content=\"398\" \/>\n\t<meta property=\"og:image:type\" content=\"image\/png\" \/>\n<meta name=\"author\" content=\"apuntesdesanluis.com\" \/>\n<meta name=\"twitter:card\" content=\"summary_large_image\" \/>\n<meta name=\"twitter:label1\" content=\"Escrito por\" \/>\n\t<meta name=\"twitter:data1\" content=\"apuntesdesanluis.com\" \/>\n\t<meta name=\"twitter:label2\" content=\"Tiempo de lectura\" \/>\n\t<meta name=\"twitter:data2\" content=\"3 minutos\" \/>\n<script type=\"application\/ld+json\" class=\"yoast-schema-graph\">{\"@context\":\"https:\/\/schema.org\",\"@graph\":[{\"@type\":\"Article\",\"@id\":\"https:\/\/apuntesdesanluis.com\/index.php\/2024\/08\/16\/en-7-meses-hemos-logrado-una-visibilidad-de-la-discapacidad-impresionante\/#article\",\"isPartOf\":{\"@id\":\"https:\/\/apuntesdesanluis.com\/index.php\/2024\/08\/16\/en-7-meses-hemos-logrado-una-visibilidad-de-la-discapacidad-impresionante\/\"},\"author\":{\"name\":\"apuntesdesanluis.com\",\"@id\":\"https:\/\/apuntesdesanluis.com\/#\/schema\/person\/b55151d52296fcce64d1a72538a70b90\"},\"headline\":\"\u201cEN 7 MESES HEMOS LOGRADO UNA VISIBILIDAD DE LA DISCAPACIDAD IMPRESIONANTE\u201d\",\"datePublished\":\"2024-08-16T04:18:00+00:00\",\"mainEntityOfPage\":{\"@id\":\"https:\/\/apuntesdesanluis.com\/index.php\/2024\/08\/16\/en-7-meses-hemos-logrado-una-visibilidad-de-la-discapacidad-impresionante\/\"},\"wordCount\":495,\"publisher\":{\"@id\":\"https:\/\/apuntesdesanluis.com\/#\/schema\/person\/b55151d52296fcce64d1a72538a70b90\"},\"image\":{\"@id\":\"https:\/\/apuntesdesanluis.com\/index.php\/2024\/08\/16\/en-7-meses-hemos-logrado-una-visibilidad-de-la-discapacidad-impresionante\/#primaryimage\"},\"thumbnailUrl\":\"https:\/\/apuntesdesanluis.com\/wp-content\/uploads\/2024\/08\/luis-giraudo-1.png\",\"articleSection\":[\"Opini\u00f3n\"],\"inLanguage\":\"es-AR\"},{\"@type\":\"WebPage\",\"@id\":\"https:\/\/apuntesdesanluis.com\/index.php\/2024\/08\/16\/en-7-meses-hemos-logrado-una-visibilidad-de-la-discapacidad-impresionante\/\",\"url\":\"https:\/\/apuntesdesanluis.com\/index.php\/2024\/08\/16\/en-7-meses-hemos-logrado-una-visibilidad-de-la-discapacidad-impresionante\/\",\"name\":\"\u201cEN 7 MESES HEMOS LOGRADO UNA VISIBILIDAD DE LA DISCAPACIDAD IMPRESIONANTE\u201d - Apuntes de San Luis\",\"isPartOf\":{\"@id\":\"https:\/\/apuntesdesanluis.com\/#website\"},\"primaryImageOfPage\":{\"@id\":\"https:\/\/apuntesdesanluis.com\/index.php\/2024\/08\/16\/en-7-meses-hemos-logrado-una-visibilidad-de-la-discapacidad-impresionante\/#primaryimage\"},\"image\":{\"@id\":\"https:\/\/apuntesdesanluis.com\/index.php\/2024\/08\/16\/en-7-meses-hemos-logrado-una-visibilidad-de-la-discapacidad-impresionante\/#primaryimage\"},\"thumbnailUrl\":\"https:\/\/apuntesdesanluis.com\/wp-content\/uploads\/2024\/08\/luis-giraudo-1.png\",\"datePublished\":\"2024-08-16T04:18:00+00:00\",\"breadcrumb\":{\"@id\":\"https:\/\/apuntesdesanluis.com\/index.php\/2024\/08\/16\/en-7-meses-hemos-logrado-una-visibilidad-de-la-discapacidad-impresionante\/#breadcrumb\"},\"inLanguage\":\"es-AR\",\"potentialAction\":[{\"@type\":\"ReadAction\",\"target\":[\"https:\/\/apuntesdesanluis.com\/index.php\/2024\/08\/16\/en-7-meses-hemos-logrado-una-visibilidad-de-la-discapacidad-impresionante\/\"]}]},{\"@type\":\"ImageObject\",\"inLanguage\":\"es-AR\",\"@id\":\"https:\/\/apuntesdesanluis.com\/index.php\/2024\/08\/16\/en-7-meses-hemos-logrado-una-visibilidad-de-la-discapacidad-impresionante\/#primaryimage\",\"url\":\"https:\/\/apuntesdesanluis.com\/wp-content\/uploads\/2024\/08\/luis-giraudo-1.png\",\"contentUrl\":\"https:\/\/apuntesdesanluis.com\/wp-content\/uploads\/2024\/08\/luis-giraudo-1.png\",\"width\":693,\"height\":398},{\"@type\":\"BreadcrumbList\",\"@id\":\"https:\/\/apuntesdesanluis.com\/index.php\/2024\/08\/16\/en-7-meses-hemos-logrado-una-visibilidad-de-la-discapacidad-impresionante\/#breadcrumb\",\"itemListElement\":[{\"@type\":\"ListItem\",\"position\":1,\"name\":\"Inicio\",\"item\":\"https:\/\/apuntesdesanluis.com\/\"},{\"@type\":\"ListItem\",\"position\":2,\"name\":\"\u201cEN 7 MESES HEMOS LOGRADO UNA VISIBILIDAD DE LA DISCAPACIDAD IMPRESIONANTE\u201d\"}]},{\"@type\":\"WebSite\",\"@id\":\"https:\/\/apuntesdesanluis.com\/#website\",\"url\":\"https:\/\/apuntesdesanluis.com\/\",\"name\":\"Apuntes de San Luis\",\"description\":\"\",\"publisher\":{\"@id\":\"https:\/\/apuntesdesanluis.com\/#\/schema\/person\/b55151d52296fcce64d1a72538a70b90\"},\"potentialAction\":[{\"@type\":\"SearchAction\",\"target\":{\"@type\":\"EntryPoint\",\"urlTemplate\":\"https:\/\/apuntesdesanluis.com\/?s={search_term_string}\"},\"query-input\":{\"@type\":\"PropertyValueSpecification\",\"valueRequired\":true,\"valueName\":\"search_term_string\"}}],\"inLanguage\":\"es-AR\"},{\"@type\":[\"Person\",\"Organization\"],\"@id\":\"https:\/\/apuntesdesanluis.com\/#\/schema\/person\/b55151d52296fcce64d1a72538a70b90\",\"name\":\"apuntesdesanluis.com\",\"image\":{\"@type\":\"ImageObject\",\"inLanguage\":\"es-AR\",\"@id\":\"https:\/\/apuntesdesanluis.com\/#\/schema\/person\/image\/\",\"url\":\"https:\/\/apuntesdesanluis.com\/wp-content\/uploads\/2023\/07\/cropped-apuntesdesanluis.png\",\"contentUrl\":\"https:\/\/apuntesdesanluis.com\/wp-content\/uploads\/2023\/07\/cropped-apuntesdesanluis.png\",\"width\":450,\"height\":112,\"caption\":\"apuntesdesanluis.com\"},\"logo\":{\"@id\":\"https:\/\/apuntesdesanluis.com\/#\/schema\/person\/image\/\"},\"sameAs\":[\"https:\/\/apuntesdesanluis.com\"],\"url\":\"https:\/\/apuntesdesanluis.com\/index.php\/author\/apuntesdesanluis-com\/\"}]}<\/script>\n<!-- \/ Yoast SEO plugin. -->","yoast_head_json":{"title":"\u201cEN 7 MESES HEMOS LOGRADO UNA VISIBILIDAD DE LA DISCAPACIDAD IMPRESIONANTE\u201d - Apuntes de San Luis","robots":{"index":"index","follow":"follow","max-snippet":"max-snippet:-1","max-image-preview":"max-image-preview:large","max-video-preview":"max-video-preview:-1"},"canonical":"https:\/\/apuntesdesanluis.com\/index.php\/2024\/08\/16\/en-7-meses-hemos-logrado-una-visibilidad-de-la-discapacidad-impresionante\/","og_locale":"es_ES","og_type":"article","og_title":"\u201cEN 7 MESES HEMOS LOGRADO UNA VISIBILIDAD DE LA DISCAPACIDAD IMPRESIONANTE\u201d - Apuntes de San Luis","og_description":"As\u00ed lo asegur\u00f3, y no hay dudas que as\u00ed es, el kinesi\u00f3logo\u00a0Luis Giraudo, quien desde...","og_url":"https:\/\/apuntesdesanluis.com\/index.php\/2024\/08\/16\/en-7-meses-hemos-logrado-una-visibilidad-de-la-discapacidad-impresionante\/","og_site_name":"Apuntes de San Luis","article_published_time":"2024-08-16T04:18:00+00:00","og_image":[{"width":693,"height":398,"url":"https:\/\/apuntesdesanluis.com\/wp-content\/uploads\/2024\/08\/luis-giraudo-1.png","type":"image\/png"}],"author":"apuntesdesanluis.com","twitter_card":"summary_large_image","twitter_misc":{"Escrito por":"apuntesdesanluis.com","Tiempo de lectura":"3 minutos"},"schema":{"@context":"https:\/\/schema.org","@graph":[{"@type":"Article","@id":"https:\/\/apuntesdesanluis.com\/index.php\/2024\/08\/16\/en-7-meses-hemos-logrado-una-visibilidad-de-la-discapacidad-impresionante\/#article","isPartOf":{"@id":"https:\/\/apuntesdesanluis.com\/index.php\/2024\/08\/16\/en-7-meses-hemos-logrado-una-visibilidad-de-la-discapacidad-impresionante\/"},"author":{"name":"apuntesdesanluis.com","@id":"https:\/\/apuntesdesanluis.com\/#\/schema\/person\/b55151d52296fcce64d1a72538a70b90"},"headline":"\u201cEN 7 MESES HEMOS LOGRADO UNA VISIBILIDAD DE LA DISCAPACIDAD IMPRESIONANTE\u201d","datePublished":"2024-08-16T04:18:00+00:00","mainEntityOfPage":{"@id":"https:\/\/apuntesdesanluis.com\/index.php\/2024\/08\/16\/en-7-meses-hemos-logrado-una-visibilidad-de-la-discapacidad-impresionante\/"},"wordCount":495,"publisher":{"@id":"https:\/\/apuntesdesanluis.com\/#\/schema\/person\/b55151d52296fcce64d1a72538a70b90"},"image":{"@id":"https:\/\/apuntesdesanluis.com\/index.php\/2024\/08\/16\/en-7-meses-hemos-logrado-una-visibilidad-de-la-discapacidad-impresionante\/#primaryimage"},"thumbnailUrl":"https:\/\/apuntesdesanluis.com\/wp-content\/uploads\/2024\/08\/luis-giraudo-1.png","articleSection":["Opini\u00f3n"],"inLanguage":"es-AR"},{"@type":"WebPage","@id":"https:\/\/apuntesdesanluis.com\/index.php\/2024\/08\/16\/en-7-meses-hemos-logrado-una-visibilidad-de-la-discapacidad-impresionante\/","url":"https:\/\/apuntesdesanluis.com\/index.php\/2024\/08\/16\/en-7-meses-hemos-logrado-una-visibilidad-de-la-discapacidad-impresionante\/","name":"\u201cEN 7 MESES HEMOS LOGRADO UNA VISIBILIDAD DE LA DISCAPACIDAD IMPRESIONANTE\u201d - Apuntes de San Luis","isPartOf":{"@id":"https:\/\/apuntesdesanluis.com\/#website"},"primaryImageOfPage":{"@id":"https:\/\/apuntesdesanluis.com\/index.php\/2024\/08\/16\/en-7-meses-hemos-logrado-una-visibilidad-de-la-discapacidad-impresionante\/#primaryimage"},"image":{"@id":"https:\/\/apuntesdesanluis.com\/index.php\/2024\/08\/16\/en-7-meses-hemos-logrado-una-visibilidad-de-la-discapacidad-impresionante\/#primaryimage"},"thumbnailUrl":"https:\/\/apuntesdesanluis.com\/wp-content\/uploads\/2024\/08\/luis-giraudo-1.png","datePublished":"2024-08-16T04:18:00+00:00","breadcrumb":{"@id":"https:\/\/apuntesdesanluis.com\/index.php\/2024\/08\/16\/en-7-meses-hemos-logrado-una-visibilidad-de-la-discapacidad-impresionante\/#breadcrumb"},"inLanguage":"es-AR","potentialAction":[{"@type":"ReadAction","target":["https:\/\/apuntesdesanluis.com\/index.php\/2024\/08\/16\/en-7-meses-hemos-logrado-una-visibilidad-de-la-discapacidad-impresionante\/"]}]},{"@type":"ImageObject","inLanguage":"es-AR","@id":"https:\/\/apuntesdesanluis.com\/index.php\/2024\/08\/16\/en-7-meses-hemos-logrado-una-visibilidad-de-la-discapacidad-impresionante\/#primaryimage","url":"https:\/\/apuntesdesanluis.com\/wp-content\/uploads\/2024\/08\/luis-giraudo-1.png","contentUrl":"https:\/\/apuntesdesanluis.com\/wp-content\/uploads\/2024\/08\/luis-giraudo-1.png","width":693,"height":398},{"@type":"BreadcrumbList","@id":"https:\/\/apuntesdesanluis.com\/index.php\/2024\/08\/16\/en-7-meses-hemos-logrado-una-visibilidad-de-la-discapacidad-impresionante\/#breadcrumb","itemListElement":[{"@type":"ListItem","position":1,"name":"Inicio","item":"https:\/\/apuntesdesanluis.com\/"},{"@type":"ListItem","position":2,"name":"\u201cEN 7 MESES HEMOS LOGRADO UNA VISIBILIDAD DE LA DISCAPACIDAD IMPRESIONANTE\u201d"}]},{"@type":"WebSite","@id":"https:\/\/apuntesdesanluis.com\/#website","url":"https:\/\/apuntesdesanluis.com\/","name":"Apuntes de San Luis","description":"","publisher":{"@id":"https:\/\/apuntesdesanluis.com\/#\/schema\/person\/b55151d52296fcce64d1a72538a70b90"},"potentialAction":[{"@type":"SearchAction","target":{"@type":"EntryPoint","urlTemplate":"https:\/\/apuntesdesanluis.com\/?s={search_term_string}"},"query-input":{"@type":"PropertyValueSpecification","valueRequired":true,"valueName":"search_term_string"}}],"inLanguage":"es-AR"},{"@type":["Person","Organization"],"@id":"https:\/\/apuntesdesanluis.com\/#\/schema\/person\/b55151d52296fcce64d1a72538a70b90","name":"apuntesdesanluis.com","image":{"@type":"ImageObject","inLanguage":"es-AR","@id":"https:\/\/apuntesdesanluis.com\/#\/schema\/person\/image\/","url":"https:\/\/apuntesdesanluis.com\/wp-content\/uploads\/2023\/07\/cropped-apuntesdesanluis.png","contentUrl":"https:\/\/apuntesdesanluis.com\/wp-content\/uploads\/2023\/07\/cropped-apuntesdesanluis.png","width":450,"height":112,"caption":"apuntesdesanluis.com"},"logo":{"@id":"https:\/\/apuntesdesanluis.com\/#\/schema\/person\/image\/"},"sameAs":["https:\/\/apuntesdesanluis.com"],"url":"https:\/\/apuntesdesanluis.com\/index.php\/author\/apuntesdesanluis-com\/"}]}},"featured_image_urls":{"full":["https:\/\/apuntesdesanluis.com\/wp-content\/uploads\/2024\/08\/luis-giraudo-1.png",693,398,false],"thumbnail":["https:\/\/apuntesdesanluis.com\/wp-content\/uploads\/2024\/08\/luis-giraudo-1-150x150.png",150,150,true],"medium":["https:\/\/apuntesdesanluis.com\/wp-content\/uploads\/2024\/08\/luis-giraudo-1-300x172.png",300,172,true],"medium_large":["https:\/\/apuntesdesanluis.com\/wp-content\/uploads\/2024\/08\/luis-giraudo-1.png",640,368,false],"large":["https:\/\/apuntesdesanluis.com\/wp-content\/uploads\/2024\/08\/luis-giraudo-1.png",640,368,false],"1536x1536":["https:\/\/apuntesdesanluis.com\/wp-content\/uploads\/2024\/08\/luis-giraudo-1.png",693,398,false],"2048x2048":["https:\/\/apuntesdesanluis.com\/wp-content\/uploads\/2024\/08\/luis-giraudo-1.png",693,398,false],"newsever-slider-full":["https:\/\/apuntesdesanluis.com\/wp-content\/uploads\/2024\/08\/luis-giraudo-1.png",693,398,false],"newsever-featured":["https:\/\/apuntesdesanluis.com\/wp-content\/uploads\/2024\/08\/luis-giraudo-1.png",693,398,false],"newsever-medium":["https:\/\/apuntesdesanluis.com\/wp-content\/uploads\/2024\/08\/luis-giraudo-1.png",693,398,false]},"author_info":{"display_name":"apuntesdesanluis.com","author_link":"https:\/\/apuntesdesanluis.com\/index.php\/author\/apuntesdesanluis-com\/"},"category_info":"<a href=\"https:\/\/apuntesdesanluis.com\/index.php\/category\/opinion\/\" rel=\"category tag\">Opini\u00f3n<\/a>","tag_info":"Opini\u00f3n","comment_count":"0","_links":{"self":[{"href":"https:\/\/apuntesdesanluis.com\/index.php\/wp-json\/wp\/v2\/posts\/20963","targetHints":{"allow":["GET"]}}],"collection":[{"href":"https:\/\/apuntesdesanluis.com\/index.php\/wp-json\/wp\/v2\/posts"}],"about":[{"href":"https:\/\/apuntesdesanluis.com\/index.php\/wp-json\/wp\/v2\/types\/post"}],"author":[{"embeddable":true,"href":"https:\/\/apuntesdesanluis.com\/index.php\/wp-json\/wp\/v2\/users\/1"}],"replies":[{"embeddable":true,"href":"https:\/\/apuntesdesanluis.com\/index.php\/wp-json\/wp\/v2\/comments?post=20963"}],"version-history":[{"count":1,"href":"https:\/\/apuntesdesanluis.com\/index.php\/wp-json\/wp\/v2\/posts\/20963\/revisions"}],"predecessor-version":[{"id":20965,"href":"https:\/\/apuntesdesanluis.com\/index.php\/wp-json\/wp\/v2\/posts\/20963\/revisions\/20965"}],"wp:featuredmedia":[{"embeddable":true,"href":"https:\/\/apuntesdesanluis.com\/index.php\/wp-json\/wp\/v2\/media\/20964"}],"wp:attachment":[{"href":"https:\/\/apuntesdesanluis.com\/index.php\/wp-json\/wp\/v2\/media?parent=20963"}],"wp:term":[{"taxonomy":"category","embeddable":true,"href":"https:\/\/apuntesdesanluis.com\/index.php\/wp-json\/wp\/v2\/categories?post=20963"},{"taxonomy":"post_tag","embeddable":true,"href":"https:\/\/apuntesdesanluis.com\/index.php\/wp-json\/wp\/v2\/tags?post=20963"}],"curies":[{"name":"wp","href":"https:\/\/api.w.org\/{rel}","templated":true}]}}