{"id":20967,"date":"2024-08-18T18:10:33","date_gmt":"2024-08-18T21:10:33","guid":{"rendered":"https:\/\/apuntesdesanluis.com\/?p=20967"},"modified":"2024-08-18T20:23:14","modified_gmt":"2024-08-18T23:23:14","slug":"el-sindicato-de-la-carne-construira-un-gran-salon-de-usos-multiples","status":"publish","type":"post","link":"https:\/\/apuntesdesanluis.com\/index.php\/2024\/08\/18\/el-sindicato-de-la-carne-construira-un-gran-salon-de-usos-multiples\/","title":{"rendered":"EL SINDICATO DE LA CARNE CONSTRUIR\u00c1 UN GRAN SAL\u00d3N DE USOS M\u00daLTIPLES"},"content":{"rendered":"<h3>Si hay miseria, o a pesar de la misma, que no se note. \u00c9se parece ser el slogan del <strong>Sindicato de Obreros y Empleados de la Carne<\/strong>, que acaba de anunciar la construcci\u00f3n de un Sal\u00f3n de Usos M\u00faltiples de 700 m2 cubiertos.<\/h3>\n<h3>As\u00ed lo confirm\u00f3 el Secretario General <strong>Marcelo Periale<\/strong>, quien precis\u00f3 que la obra se erigir\u00e1 en el predio que posee la instituci\u00f3n, el complejo recreativo \u201cJulio Mediavilla\u201d.<\/h3>\n<p><img fetchpriority=\"high\" decoding=\"async\" class=\"wp-image-20968 aligncenter\" src=\"https:\/\/apuntesdesanluis.com\/wp-content\/uploads\/2024\/08\/marcelo-periale-carne-300x186.png\" alt=\"\" width=\"626\" height=\"388\" srcset=\"https:\/\/apuntesdesanluis.com\/wp-content\/uploads\/2024\/08\/marcelo-periale-carne-300x186.png 300w, https:\/\/apuntesdesanluis.com\/wp-content\/uploads\/2024\/08\/marcelo-periale-carne-768x475.png 768w, https:\/\/apuntesdesanluis.com\/wp-content\/uploads\/2024\/08\/marcelo-periale-carne.png 785w\" sizes=\"(max-width: 626px) 100vw, 626px\" \/><\/p>\n<h3>\u201cCon nuestra Comisi\u00f3n Directiva venimos trabajando desde hace mucho tiempo con el objetivo de contar con un SUM que pudiera ser utilizado para la pr\u00e1ctica de distintas disciplinas deportivas, como tambi\u00e9n celebrar eventos familiares y sociales. Por eso gracias a una administraci\u00f3n muy cuidadosa de los recursos y los fondos que venimos ahorrando , pudimos tomar la decisi\u00f3n de ejecutar esta hermosa obra\u201d, se\u00f1al\u00f3 el dirigente.<\/h3>\n<h3>A la dirigencia que representa a los trabajadores de la carne no les atemoriza el actual cuadro recesivo. \u201cPor supuesto que nos preocupa la situaci\u00f3n general, no somos irresponsables. Pero le ponemos el pecho a las balas. Mientras algunos est\u00e1n parados, nosotros estamos en movimiento. Esto no es un gasto, sino una inversi\u00f3n que enriquece nuestro patrimonio y est\u00e1 destinado a nuestros compa\u00f1eros trabajadores, que lo necesitan y merecen\u201d, enfatiza.<\/h3>\n<p><img decoding=\"async\" class=\"wp-image-20969 aligncenter\" src=\"https:\/\/apuntesdesanluis.com\/wp-content\/uploads\/2024\/08\/sindicato-carne-noche-300x166.png\" alt=\"\" width=\"634\" height=\"351\" srcset=\"https:\/\/apuntesdesanluis.com\/wp-content\/uploads\/2024\/08\/sindicato-carne-noche-300x166.png 300w, https:\/\/apuntesdesanluis.com\/wp-content\/uploads\/2024\/08\/sindicato-carne-noche.png 676w\" sizes=\"(max-width: 634px) 100vw, 634px\" \/><\/p>\n<h3>En cuanto a la inversi\u00f3n, precisa que \u201cla obra tiene un costo de aproximadamente 70 millones de pesos, en su primera etapa. Es un n\u00famero importante, sin dudas, y al principio nos dio un poco de miedo. Pero lo vamos a hacer porque es una necesidad y una manera de devolverle a los afiliados su apoyo permanente, concretando en obras el resultado de su aporte\u201d.<\/h3>\n<p><img decoding=\"async\" class=\"wp-image-20970 aligncenter\" src=\"https:\/\/apuntesdesanluis.com\/wp-content\/uploads\/2024\/08\/sindicato-de-la-carne-salon-300x169.jpg\" alt=\"\" width=\"634\" height=\"357\" srcset=\"https:\/\/apuntesdesanluis.com\/wp-content\/uploads\/2024\/08\/sindicato-de-la-carne-salon-300x169.jpg 300w, https:\/\/apuntesdesanluis.com\/wp-content\/uploads\/2024\/08\/sindicato-de-la-carne-salon.jpg 600w\" sizes=\"(max-width: 634px) 100vw, 634px\" \/><\/p>\n<h3>Mientras muestra algunas im\u00e1genes de c\u00f3mo se ver\u00e1 el futuro SUM, Periale a\u00f1ade: \u201cLa verdad es que sentimos un gran orgullo y una felicidad inmensa. El sal\u00f3n tendr\u00e1 una superficie de 700 metros cuadrados cubiertos, con capacidad para m\u00e1s de 500 personas, y estar\u00e1 disponible para beneficio de nuestros afiliados y sus familias\u201d.<\/h3>\n<p><img loading=\"lazy\" decoding=\"async\" class=\"wp-image-20971 aligncenter\" src=\"https:\/\/apuntesdesanluis.com\/wp-content\/uploads\/2024\/08\/sindicato-carne-saLON-300x149.jpg\" alt=\"\" width=\"634\" height=\"315\" srcset=\"https:\/\/apuntesdesanluis.com\/wp-content\/uploads\/2024\/08\/sindicato-carne-saLON-300x149.jpg 300w, https:\/\/apuntesdesanluis.com\/wp-content\/uploads\/2024\/08\/sindicato-carne-saLON.jpg 575w\" sizes=\"(max-width: 634px) 100vw, 634px\" \/><\/p>\n<h3>Con respecto a los plazos de obra, Marcelo Periale adelanta que la construcci\u00f3n comienza la pr\u00f3xima semana, el martes 20, y es de aproximadamente 10 meses. \u201cSo\u00f1amos que el 10 de junio del 2025, que es nuestro d\u00eda, podamos celebrarlo en el SUM de nuestro predio, con una gran cena-baile, como siempre. Ese es el objetivo que nos hemos fijado\u201d, concluy\u00f3.<\/h3>\n<p>&nbsp;<\/p>\n<p>&nbsp;<\/p>\n<p>&nbsp;<\/p>\n<p>&nbsp;<\/p>\n<p>&nbsp;<\/p>\n<p>&nbsp;<\/p>\n","protected":false},"excerpt":{"rendered":"<p>Si hay miseria, o a pesar de la misma, que no se note. \u00c9se parece&#8230;<\/p>\n","protected":false},"author":1,"featured_media":20973,"comment_status":"closed","ping_status":"closed","sticky":false,"template":"","format":"standard","meta":{"footnotes":""},"categories":[6],"tags":[],"class_list":["post-20967","post","type-post","status-publish","format-standard","has-post-thumbnail","hentry","category-ciudad-provincia"],"yoast_head":"<!-- This site is optimized with the Yoast SEO plugin v26.1.1 - https:\/\/yoast.com\/wordpress\/plugins\/seo\/ -->\n<title>EL SINDICATO DE LA CARNE CONSTRUIR\u00c1 UN GRAN SAL\u00d3N DE USOS M\u00daLTIPLES - Apuntes de San Luis<\/title>\n<meta name=\"robots\" content=\"index, follow, max-snippet:-1, max-image-preview:large, max-video-preview:-1\" \/>\n<link rel=\"canonical\" href=\"https:\/\/apuntesdesanluis.com\/index.php\/2024\/08\/18\/el-sindicato-de-la-carne-construira-un-gran-salon-de-usos-multiples\/\" \/>\n<meta property=\"og:locale\" content=\"es_ES\" \/>\n<meta property=\"og:type\" content=\"article\" \/>\n<meta property=\"og:title\" content=\"EL SINDICATO DE LA CARNE CONSTRUIR\u00c1 UN GRAN SAL\u00d3N DE USOS M\u00daLTIPLES - Apuntes de San Luis\" \/>\n<meta property=\"og:description\" content=\"Si hay miseria, o a pesar de la misma, que no se note. \u00c9se parece...\" \/>\n<meta property=\"og:url\" content=\"https:\/\/apuntesdesanluis.com\/index.php\/2024\/08\/18\/el-sindicato-de-la-carne-construira-un-gran-salon-de-usos-multiples\/\" \/>\n<meta property=\"og:site_name\" content=\"Apuntes de San Luis\" \/>\n<meta property=\"article:published_time\" content=\"2024-08-18T21:10:33+00:00\" \/>\n<meta property=\"article:modified_time\" content=\"2024-08-18T23:23:14+00:00\" \/>\n<meta property=\"og:image\" content=\"https:\/\/apuntesdesanluis.com\/wp-content\/uploads\/2024\/08\/sindicato.png\" \/>\n\t<meta property=\"og:image:width\" content=\"581\" \/>\n\t<meta property=\"og:image:height\" content=\"324\" \/>\n\t<meta property=\"og:image:type\" content=\"image\/png\" \/>\n<meta name=\"author\" content=\"apuntesdesanluis.com\" \/>\n<meta name=\"twitter:card\" content=\"summary_large_image\" \/>\n<meta name=\"twitter:label1\" content=\"Escrito por\" \/>\n\t<meta name=\"twitter:data1\" content=\"apuntesdesanluis.com\" \/>\n\t<meta name=\"twitter:label2\" content=\"Tiempo de lectura\" \/>\n\t<meta name=\"twitter:data2\" content=\"3 minutos\" \/>\n<script type=\"application\/ld+json\" class=\"yoast-schema-graph\">{\"@context\":\"https:\/\/schema.org\",\"@graph\":[{\"@type\":\"Article\",\"@id\":\"https:\/\/apuntesdesanluis.com\/index.php\/2024\/08\/18\/el-sindicato-de-la-carne-construira-un-gran-salon-de-usos-multiples\/#article\",\"isPartOf\":{\"@id\":\"https:\/\/apuntesdesanluis.com\/index.php\/2024\/08\/18\/el-sindicato-de-la-carne-construira-un-gran-salon-de-usos-multiples\/\"},\"author\":{\"name\":\"apuntesdesanluis.com\",\"@id\":\"https:\/\/apuntesdesanluis.com\/#\/schema\/person\/b55151d52296fcce64d1a72538a70b90\"},\"headline\":\"EL SINDICATO DE LA CARNE CONSTRUIR\u00c1 UN GRAN SAL\u00d3N DE USOS M\u00daLTIPLES\",\"datePublished\":\"2024-08-18T21:10:33+00:00\",\"dateModified\":\"2024-08-18T23:23:14+00:00\",\"mainEntityOfPage\":{\"@id\":\"https:\/\/apuntesdesanluis.com\/index.php\/2024\/08\/18\/el-sindicato-de-la-carne-construira-un-gran-salon-de-usos-multiples\/\"},\"wordCount\":421,\"publisher\":{\"@id\":\"https:\/\/apuntesdesanluis.com\/#\/schema\/person\/b55151d52296fcce64d1a72538a70b90\"},\"image\":{\"@id\":\"https:\/\/apuntesdesanluis.com\/index.php\/2024\/08\/18\/el-sindicato-de-la-carne-construira-un-gran-salon-de-usos-multiples\/#primaryimage\"},\"thumbnailUrl\":\"https:\/\/apuntesdesanluis.com\/wp-content\/uploads\/2024\/08\/sindicato.png\",\"articleSection\":[\"Ciudad\/Provincia\"],\"inLanguage\":\"es-AR\"},{\"@type\":\"WebPage\",\"@id\":\"https:\/\/apuntesdesanluis.com\/index.php\/2024\/08\/18\/el-sindicato-de-la-carne-construira-un-gran-salon-de-usos-multiples\/\",\"url\":\"https:\/\/apuntesdesanluis.com\/index.php\/2024\/08\/18\/el-sindicato-de-la-carne-construira-un-gran-salon-de-usos-multiples\/\",\"name\":\"EL SINDICATO DE LA CARNE CONSTRUIR\u00c1 UN GRAN SAL\u00d3N DE USOS M\u00daLTIPLES - Apuntes de San Luis\",\"isPartOf\":{\"@id\":\"https:\/\/apuntesdesanluis.com\/#website\"},\"primaryImageOfPage\":{\"@id\":\"https:\/\/apuntesdesanluis.com\/index.php\/2024\/08\/18\/el-sindicato-de-la-carne-construira-un-gran-salon-de-usos-multiples\/#primaryimage\"},\"image\":{\"@id\":\"https:\/\/apuntesdesanluis.com\/index.php\/2024\/08\/18\/el-sindicato-de-la-carne-construira-un-gran-salon-de-usos-multiples\/#primaryimage\"},\"thumbnailUrl\":\"https:\/\/apuntesdesanluis.com\/wp-content\/uploads\/2024\/08\/sindicato.png\",\"datePublished\":\"2024-08-18T21:10:33+00:00\",\"dateModified\":\"2024-08-18T23:23:14+00:00\",\"breadcrumb\":{\"@id\":\"https:\/\/apuntesdesanluis.com\/index.php\/2024\/08\/18\/el-sindicato-de-la-carne-construira-un-gran-salon-de-usos-multiples\/#breadcrumb\"},\"inLanguage\":\"es-AR\",\"potentialAction\":[{\"@type\":\"ReadAction\",\"target\":[\"https:\/\/apuntesdesanluis.com\/index.php\/2024\/08\/18\/el-sindicato-de-la-carne-construira-un-gran-salon-de-usos-multiples\/\"]}]},{\"@type\":\"ImageObject\",\"inLanguage\":\"es-AR\",\"@id\":\"https:\/\/apuntesdesanluis.com\/index.php\/2024\/08\/18\/el-sindicato-de-la-carne-construira-un-gran-salon-de-usos-multiples\/#primaryimage\",\"url\":\"https:\/\/apuntesdesanluis.com\/wp-content\/uploads\/2024\/08\/sindicato.png\",\"contentUrl\":\"https:\/\/apuntesdesanluis.com\/wp-content\/uploads\/2024\/08\/sindicato.png\",\"width\":581,\"height\":324},{\"@type\":\"BreadcrumbList\",\"@id\":\"https:\/\/apuntesdesanluis.com\/index.php\/2024\/08\/18\/el-sindicato-de-la-carne-construira-un-gran-salon-de-usos-multiples\/#breadcrumb\",\"itemListElement\":[{\"@type\":\"ListItem\",\"position\":1,\"name\":\"Inicio\",\"item\":\"https:\/\/apuntesdesanluis.com\/\"},{\"@type\":\"ListItem\",\"position\":2,\"name\":\"EL SINDICATO DE LA CARNE CONSTRUIR\u00c1 UN GRAN SAL\u00d3N DE USOS M\u00daLTIPLES\"}]},{\"@type\":\"WebSite\",\"@id\":\"https:\/\/apuntesdesanluis.com\/#website\",\"url\":\"https:\/\/apuntesdesanluis.com\/\",\"name\":\"Apuntes de San Luis\",\"description\":\"\",\"publisher\":{\"@id\":\"https:\/\/apuntesdesanluis.com\/#\/schema\/person\/b55151d52296fcce64d1a72538a70b90\"},\"potentialAction\":[{\"@type\":\"SearchAction\",\"target\":{\"@type\":\"EntryPoint\",\"urlTemplate\":\"https:\/\/apuntesdesanluis.com\/?s={search_term_string}\"},\"query-input\":{\"@type\":\"PropertyValueSpecification\",\"valueRequired\":true,\"valueName\":\"search_term_string\"}}],\"inLanguage\":\"es-AR\"},{\"@type\":[\"Person\",\"Organization\"],\"@id\":\"https:\/\/apuntesdesanluis.com\/#\/schema\/person\/b55151d52296fcce64d1a72538a70b90\",\"name\":\"apuntesdesanluis.com\",\"image\":{\"@type\":\"ImageObject\",\"inLanguage\":\"es-AR\",\"@id\":\"https:\/\/apuntesdesanluis.com\/#\/schema\/person\/image\/\",\"url\":\"https:\/\/apuntesdesanluis.com\/wp-content\/uploads\/2023\/07\/cropped-apuntesdesanluis.png\",\"contentUrl\":\"https:\/\/apuntesdesanluis.com\/wp-content\/uploads\/2023\/07\/cropped-apuntesdesanluis.png\",\"width\":450,\"height\":112,\"caption\":\"apuntesdesanluis.com\"},\"logo\":{\"@id\":\"https:\/\/apuntesdesanluis.com\/#\/schema\/person\/image\/\"},\"sameAs\":[\"https:\/\/apuntesdesanluis.com\"],\"url\":\"https:\/\/apuntesdesanluis.com\/index.php\/author\/apuntesdesanluis-com\/\"}]}<\/script>\n<!-- \/ Yoast SEO plugin. -->","yoast_head_json":{"title":"EL SINDICATO DE LA CARNE CONSTRUIR\u00c1 UN GRAN SAL\u00d3N DE USOS M\u00daLTIPLES - Apuntes de San Luis","robots":{"index":"index","follow":"follow","max-snippet":"max-snippet:-1","max-image-preview":"max-image-preview:large","max-video-preview":"max-video-preview:-1"},"canonical":"https:\/\/apuntesdesanluis.com\/index.php\/2024\/08\/18\/el-sindicato-de-la-carne-construira-un-gran-salon-de-usos-multiples\/","og_locale":"es_ES","og_type":"article","og_title":"EL SINDICATO DE LA CARNE CONSTRUIR\u00c1 UN GRAN SAL\u00d3N DE USOS M\u00daLTIPLES - Apuntes de San Luis","og_description":"Si hay miseria, o a pesar de la misma, que no se note. \u00c9se parece...","og_url":"https:\/\/apuntesdesanluis.com\/index.php\/2024\/08\/18\/el-sindicato-de-la-carne-construira-un-gran-salon-de-usos-multiples\/","og_site_name":"Apuntes de San Luis","article_published_time":"2024-08-18T21:10:33+00:00","article_modified_time":"2024-08-18T23:23:14+00:00","og_image":[{"width":581,"height":324,"url":"https:\/\/apuntesdesanluis.com\/wp-content\/uploads\/2024\/08\/sindicato.png","type":"image\/png"}],"author":"apuntesdesanluis.com","twitter_card":"summary_large_image","twitter_misc":{"Escrito por":"apuntesdesanluis.com","Tiempo de lectura":"3 minutos"},"schema":{"@context":"https:\/\/schema.org","@graph":[{"@type":"Article","@id":"https:\/\/apuntesdesanluis.com\/index.php\/2024\/08\/18\/el-sindicato-de-la-carne-construira-un-gran-salon-de-usos-multiples\/#article","isPartOf":{"@id":"https:\/\/apuntesdesanluis.com\/index.php\/2024\/08\/18\/el-sindicato-de-la-carne-construira-un-gran-salon-de-usos-multiples\/"},"author":{"name":"apuntesdesanluis.com","@id":"https:\/\/apuntesdesanluis.com\/#\/schema\/person\/b55151d52296fcce64d1a72538a70b90"},"headline":"EL SINDICATO DE LA CARNE CONSTRUIR\u00c1 UN GRAN SAL\u00d3N DE USOS M\u00daLTIPLES","datePublished":"2024-08-18T21:10:33+00:00","dateModified":"2024-08-18T23:23:14+00:00","mainEntityOfPage":{"@id":"https:\/\/apuntesdesanluis.com\/index.php\/2024\/08\/18\/el-sindicato-de-la-carne-construira-un-gran-salon-de-usos-multiples\/"},"wordCount":421,"publisher":{"@id":"https:\/\/apuntesdesanluis.com\/#\/schema\/person\/b55151d52296fcce64d1a72538a70b90"},"image":{"@id":"https:\/\/apuntesdesanluis.com\/index.php\/2024\/08\/18\/el-sindicato-de-la-carne-construira-un-gran-salon-de-usos-multiples\/#primaryimage"},"thumbnailUrl":"https:\/\/apuntesdesanluis.com\/wp-content\/uploads\/2024\/08\/sindicato.png","articleSection":["Ciudad\/Provincia"],"inLanguage":"es-AR"},{"@type":"WebPage","@id":"https:\/\/apuntesdesanluis.com\/index.php\/2024\/08\/18\/el-sindicato-de-la-carne-construira-un-gran-salon-de-usos-multiples\/","url":"https:\/\/apuntesdesanluis.com\/index.php\/2024\/08\/18\/el-sindicato-de-la-carne-construira-un-gran-salon-de-usos-multiples\/","name":"EL SINDICATO DE LA CARNE CONSTRUIR\u00c1 UN GRAN SAL\u00d3N DE USOS M\u00daLTIPLES - Apuntes de San Luis","isPartOf":{"@id":"https:\/\/apuntesdesanluis.com\/#website"},"primaryImageOfPage":{"@id":"https:\/\/apuntesdesanluis.com\/index.php\/2024\/08\/18\/el-sindicato-de-la-carne-construira-un-gran-salon-de-usos-multiples\/#primaryimage"},"image":{"@id":"https:\/\/apuntesdesanluis.com\/index.php\/2024\/08\/18\/el-sindicato-de-la-carne-construira-un-gran-salon-de-usos-multiples\/#primaryimage"},"thumbnailUrl":"https:\/\/apuntesdesanluis.com\/wp-content\/uploads\/2024\/08\/sindicato.png","datePublished":"2024-08-18T21:10:33+00:00","dateModified":"2024-08-18T23:23:14+00:00","breadcrumb":{"@id":"https:\/\/apuntesdesanluis.com\/index.php\/2024\/08\/18\/el-sindicato-de-la-carne-construira-un-gran-salon-de-usos-multiples\/#breadcrumb"},"inLanguage":"es-AR","potentialAction":[{"@type":"ReadAction","target":["https:\/\/apuntesdesanluis.com\/index.php\/2024\/08\/18\/el-sindicato-de-la-carne-construira-un-gran-salon-de-usos-multiples\/"]}]},{"@type":"ImageObject","inLanguage":"es-AR","@id":"https:\/\/apuntesdesanluis.com\/index.php\/2024\/08\/18\/el-sindicato-de-la-carne-construira-un-gran-salon-de-usos-multiples\/#primaryimage","url":"https:\/\/apuntesdesanluis.com\/wp-content\/uploads\/2024\/08\/sindicato.png","contentUrl":"https:\/\/apuntesdesanluis.com\/wp-content\/uploads\/2024\/08\/sindicato.png","width":581,"height":324},{"@type":"BreadcrumbList","@id":"https:\/\/apuntesdesanluis.com\/index.php\/2024\/08\/18\/el-sindicato-de-la-carne-construira-un-gran-salon-de-usos-multiples\/#breadcrumb","itemListElement":[{"@type":"ListItem","position":1,"name":"Inicio","item":"https:\/\/apuntesdesanluis.com\/"},{"@type":"ListItem","position":2,"name":"EL SINDICATO DE LA CARNE CONSTRUIR\u00c1 UN GRAN SAL\u00d3N DE USOS M\u00daLTIPLES"}]},{"@type":"WebSite","@id":"https:\/\/apuntesdesanluis.com\/#website","url":"https:\/\/apuntesdesanluis.com\/","name":"Apuntes de San Luis","description":"","publisher":{"@id":"https:\/\/apuntesdesanluis.com\/#\/schema\/person\/b55151d52296fcce64d1a72538a70b90"},"potentialAction":[{"@type":"SearchAction","target":{"@type":"EntryPoint","urlTemplate":"https:\/\/apuntesdesanluis.com\/?s={search_term_string}"},"query-input":{"@type":"PropertyValueSpecification","valueRequired":true,"valueName":"search_term_string"}}],"inLanguage":"es-AR"},{"@type":["Person","Organization"],"@id":"https:\/\/apuntesdesanluis.com\/#\/schema\/person\/b55151d52296fcce64d1a72538a70b90","name":"apuntesdesanluis.com","image":{"@type":"ImageObject","inLanguage":"es-AR","@id":"https:\/\/apuntesdesanluis.com\/#\/schema\/person\/image\/","url":"https:\/\/apuntesdesanluis.com\/wp-content\/uploads\/2023\/07\/cropped-apuntesdesanluis.png","contentUrl":"https:\/\/apuntesdesanluis.com\/wp-content\/uploads\/2023\/07\/cropped-apuntesdesanluis.png","width":450,"height":112,"caption":"apuntesdesanluis.com"},"logo":{"@id":"https:\/\/apuntesdesanluis.com\/#\/schema\/person\/image\/"},"sameAs":["https:\/\/apuntesdesanluis.com"],"url":"https:\/\/apuntesdesanluis.com\/index.php\/author\/apuntesdesanluis-com\/"}]}},"featured_image_urls":{"full":["https:\/\/apuntesdesanluis.com\/wp-content\/uploads\/2024\/08\/sindicato.png",581,324,false],"thumbnail":["https:\/\/apuntesdesanluis.com\/wp-content\/uploads\/2024\/08\/sindicato-150x150.png",150,150,true],"medium":["https:\/\/apuntesdesanluis.com\/wp-content\/uploads\/2024\/08\/sindicato-300x167.png",300,167,true],"medium_large":["https:\/\/apuntesdesanluis.com\/wp-content\/uploads\/2024\/08\/sindicato.png",581,324,false],"large":["https:\/\/apuntesdesanluis.com\/wp-content\/uploads\/2024\/08\/sindicato.png",581,324,false],"1536x1536":["https:\/\/apuntesdesanluis.com\/wp-content\/uploads\/2024\/08\/sindicato.png",581,324,false],"2048x2048":["https:\/\/apuntesdesanluis.com\/wp-content\/uploads\/2024\/08\/sindicato.png",581,324,false],"newsever-slider-full":["https:\/\/apuntesdesanluis.com\/wp-content\/uploads\/2024\/08\/sindicato.png",581,324,false],"newsever-featured":["https:\/\/apuntesdesanluis.com\/wp-content\/uploads\/2024\/08\/sindicato.png",581,324,false],"newsever-medium":["https:\/\/apuntesdesanluis.com\/wp-content\/uploads\/2024\/08\/sindicato.png",581,324,false]},"author_info":{"display_name":"apuntesdesanluis.com","author_link":"https:\/\/apuntesdesanluis.com\/index.php\/author\/apuntesdesanluis-com\/"},"category_info":"<a href=\"https:\/\/apuntesdesanluis.com\/index.php\/category\/ciudad-provincia\/\" rel=\"category tag\">Ciudad\/Provincia<\/a>","tag_info":"Ciudad\/Provincia","comment_count":"0","_links":{"self":[{"href":"https:\/\/apuntesdesanluis.com\/index.php\/wp-json\/wp\/v2\/posts\/20967","targetHints":{"allow":["GET"]}}],"collection":[{"href":"https:\/\/apuntesdesanluis.com\/index.php\/wp-json\/wp\/v2\/posts"}],"about":[{"href":"https:\/\/apuntesdesanluis.com\/index.php\/wp-json\/wp\/v2\/types\/post"}],"author":[{"embeddable":true,"href":"https:\/\/apuntesdesanluis.com\/index.php\/wp-json\/wp\/v2\/users\/1"}],"replies":[{"embeddable":true,"href":"https:\/\/apuntesdesanluis.com\/index.php\/wp-json\/wp\/v2\/comments?post=20967"}],"version-history":[{"count":3,"href":"https:\/\/apuntesdesanluis.com\/index.php\/wp-json\/wp\/v2\/posts\/20967\/revisions"}],"predecessor-version":[{"id":20975,"href":"https:\/\/apuntesdesanluis.com\/index.php\/wp-json\/wp\/v2\/posts\/20967\/revisions\/20975"}],"wp:featuredmedia":[{"embeddable":true,"href":"https:\/\/apuntesdesanluis.com\/index.php\/wp-json\/wp\/v2\/media\/20973"}],"wp:attachment":[{"href":"https:\/\/apuntesdesanluis.com\/index.php\/wp-json\/wp\/v2\/media?parent=20967"}],"wp:term":[{"taxonomy":"category","embeddable":true,"href":"https:\/\/apuntesdesanluis.com\/index.php\/wp-json\/wp\/v2\/categories?post=20967"},{"taxonomy":"post_tag","embeddable":true,"href":"https:\/\/apuntesdesanluis.com\/index.php\/wp-json\/wp\/v2\/tags?post=20967"}],"curies":[{"name":"wp","href":"https:\/\/api.w.org\/{rel}","templated":true}]}}