{"id":210,"date":"2023-07-17T17:23:36","date_gmt":"2023-07-17T20:23:36","guid":{"rendered":"https:\/\/apuntesdesanluis.com\/?p=210"},"modified":"2023-07-18T17:30:38","modified_gmt":"2023-07-18T20:30:38","slug":"oportunidad-para-quienes-deben-terminar-sus-estudios-primarios-o-secundarios","status":"publish","type":"post","link":"https:\/\/apuntesdesanluis.com\/index.php\/2023\/07\/17\/oportunidad-para-quienes-deben-terminar-sus-estudios-primarios-o-secundarios\/","title":{"rendered":"OPORTUNIDAD PARA QUIENES DEBEN TERMINAR SUS ESTUDIOS PRIMARIOS O SECUNDARIOS"},"content":{"rendered":"<h3>Hasta el mi\u00e9rcoles 19 permanecen abiertas las inscripciones para las Escuelas P\u00fablicas Digitales de Adultos, a trav\u00e9s de la La Universidad de la Punta (ULP).<\/h3>\n<h3>La jefa de Programa Escuelas P\u00fablicas Digitales, Manuela Ferreyra, coment\u00f3 que \u201clos requisitos para inscribirse son la copia del DNI del alumno (frente y dorso), y el anal\u00edtico incompleto de la escuela de procedencia o constancia de finalizaci\u00f3n de nivel primario\u201d.<\/h3>\n<h3>Ferreyra explic\u00f3 adem\u00e1s que hasta el 19 de julio estar\u00e1n abierta las inscripciones a trav\u00e9s de <a href=\"https:\/\/inscripcionepd.ulp.edu.ar\/\">https:\/\/inscripcionepd.ulp.edu.ar\/<\/a> . All\u00ed, los estudiantes podr\u00e1n elegir el nivel a cursar y la sede. Por dudas y consultas se pueden acercar por las sedes o mandar un mail a <a href=\"mailto:epdadultos@ulp.edu.ar\">epdadultos@ulp.edu.ar<\/a><\/h3>\n","protected":false},"excerpt":{"rendered":"<p>Hasta el mi\u00e9rcoles 19 permanecen abiertas las inscripciones para las Escuelas P\u00fablicas Digitales de Adultos,&#8230;<\/p>\n","protected":false},"author":1,"featured_media":211,"comment_status":"closed","ping_status":"closed","sticky":false,"template":"","format":"standard","meta":{"footnotes":""},"categories":[6],"tags":[],"class_list":["post-210","post","type-post","status-publish","format-standard","has-post-thumbnail","hentry","category-ciudad-provincia"],"yoast_head":"<!-- This site is optimized with the Yoast SEO plugin v26.1.1 - https:\/\/yoast.com\/wordpress\/plugins\/seo\/ -->\n<title>OPORTUNIDAD PARA QUIENES DEBEN TERMINAR SUS ESTUDIOS PRIMARIOS O SECUNDARIOS - Apuntes de San Luis<\/title>\n<meta name=\"robots\" content=\"index, follow, max-snippet:-1, max-image-preview:large, max-video-preview:-1\" \/>\n<link rel=\"canonical\" href=\"https:\/\/apuntesdesanluis.com\/index.php\/2023\/07\/17\/oportunidad-para-quienes-deben-terminar-sus-estudios-primarios-o-secundarios\/\" \/>\n<meta property=\"og:locale\" content=\"es_ES\" \/>\n<meta property=\"og:type\" content=\"article\" \/>\n<meta property=\"og:title\" content=\"OPORTUNIDAD PARA QUIENES DEBEN TERMINAR SUS ESTUDIOS PRIMARIOS O SECUNDARIOS - Apuntes de San Luis\" \/>\n<meta property=\"og:description\" content=\"Hasta el mi\u00e9rcoles 19 permanecen abiertas las inscripciones para las Escuelas P\u00fablicas Digitales de Adultos,...\" \/>\n<meta property=\"og:url\" content=\"https:\/\/apuntesdesanluis.com\/index.php\/2023\/07\/17\/oportunidad-para-quienes-deben-terminar-sus-estudios-primarios-o-secundarios\/\" \/>\n<meta property=\"og:site_name\" content=\"Apuntes de San Luis\" \/>\n<meta property=\"article:published_time\" content=\"2023-07-17T20:23:36+00:00\" \/>\n<meta property=\"article:modified_time\" content=\"2023-07-18T20:30:38+00:00\" \/>\n<meta property=\"og:image\" content=\"https:\/\/apuntesdesanluis.com\/wp-content\/uploads\/2023\/07\/escuela-digital.png\" \/>\n\t<meta property=\"og:image:width\" content=\"600\" \/>\n\t<meta property=\"og:image:height\" content=\"389\" \/>\n\t<meta property=\"og:image:type\" content=\"image\/png\" \/>\n<meta name=\"author\" content=\"apuntesdesanluis.com\" \/>\n<meta name=\"twitter:card\" content=\"summary_large_image\" \/>\n<meta name=\"twitter:label1\" content=\"Escrito por\" \/>\n\t<meta name=\"twitter:data1\" content=\"apuntesdesanluis.com\" \/>\n\t<meta name=\"twitter:label2\" content=\"Tiempo de lectura\" \/>\n\t<meta name=\"twitter:data2\" content=\"1 minuto\" \/>\n<script type=\"application\/ld+json\" class=\"yoast-schema-graph\">{\"@context\":\"https:\/\/schema.org\",\"@graph\":[{\"@type\":\"Article\",\"@id\":\"https:\/\/apuntesdesanluis.com\/index.php\/2023\/07\/17\/oportunidad-para-quienes-deben-terminar-sus-estudios-primarios-o-secundarios\/#article\",\"isPartOf\":{\"@id\":\"https:\/\/apuntesdesanluis.com\/index.php\/2023\/07\/17\/oportunidad-para-quienes-deben-terminar-sus-estudios-primarios-o-secundarios\/\"},\"author\":{\"name\":\"apuntesdesanluis.com\",\"@id\":\"https:\/\/apuntesdesanluis.com\/#\/schema\/person\/b55151d52296fcce64d1a72538a70b90\"},\"headline\":\"OPORTUNIDAD PARA QUIENES DEBEN TERMINAR SUS ESTUDIOS PRIMARIOS O SECUNDARIOS\",\"datePublished\":\"2023-07-17T20:23:36+00:00\",\"dateModified\":\"2023-07-18T20:30:38+00:00\",\"mainEntityOfPage\":{\"@id\":\"https:\/\/apuntesdesanluis.com\/index.php\/2023\/07\/17\/oportunidad-para-quienes-deben-terminar-sus-estudios-primarios-o-secundarios\/\"},\"wordCount\":136,\"publisher\":{\"@id\":\"https:\/\/apuntesdesanluis.com\/#\/schema\/person\/b55151d52296fcce64d1a72538a70b90\"},\"image\":{\"@id\":\"https:\/\/apuntesdesanluis.com\/index.php\/2023\/07\/17\/oportunidad-para-quienes-deben-terminar-sus-estudios-primarios-o-secundarios\/#primaryimage\"},\"thumbnailUrl\":\"https:\/\/apuntesdesanluis.com\/wp-content\/uploads\/2023\/07\/escuela-digital.png\",\"articleSection\":[\"Ciudad\/Provincia\"],\"inLanguage\":\"es-AR\"},{\"@type\":\"WebPage\",\"@id\":\"https:\/\/apuntesdesanluis.com\/index.php\/2023\/07\/17\/oportunidad-para-quienes-deben-terminar-sus-estudios-primarios-o-secundarios\/\",\"url\":\"https:\/\/apuntesdesanluis.com\/index.php\/2023\/07\/17\/oportunidad-para-quienes-deben-terminar-sus-estudios-primarios-o-secundarios\/\",\"name\":\"OPORTUNIDAD PARA QUIENES DEBEN TERMINAR SUS ESTUDIOS PRIMARIOS O SECUNDARIOS - Apuntes de San Luis\",\"isPartOf\":{\"@id\":\"https:\/\/apuntesdesanluis.com\/#website\"},\"primaryImageOfPage\":{\"@id\":\"https:\/\/apuntesdesanluis.com\/index.php\/2023\/07\/17\/oportunidad-para-quienes-deben-terminar-sus-estudios-primarios-o-secundarios\/#primaryimage\"},\"image\":{\"@id\":\"https:\/\/apuntesdesanluis.com\/index.php\/2023\/07\/17\/oportunidad-para-quienes-deben-terminar-sus-estudios-primarios-o-secundarios\/#primaryimage\"},\"thumbnailUrl\":\"https:\/\/apuntesdesanluis.com\/wp-content\/uploads\/2023\/07\/escuela-digital.png\",\"datePublished\":\"2023-07-17T20:23:36+00:00\",\"dateModified\":\"2023-07-18T20:30:38+00:00\",\"breadcrumb\":{\"@id\":\"https:\/\/apuntesdesanluis.com\/index.php\/2023\/07\/17\/oportunidad-para-quienes-deben-terminar-sus-estudios-primarios-o-secundarios\/#breadcrumb\"},\"inLanguage\":\"es-AR\",\"potentialAction\":[{\"@type\":\"ReadAction\",\"target\":[\"https:\/\/apuntesdesanluis.com\/index.php\/2023\/07\/17\/oportunidad-para-quienes-deben-terminar-sus-estudios-primarios-o-secundarios\/\"]}]},{\"@type\":\"ImageObject\",\"inLanguage\":\"es-AR\",\"@id\":\"https:\/\/apuntesdesanluis.com\/index.php\/2023\/07\/17\/oportunidad-para-quienes-deben-terminar-sus-estudios-primarios-o-secundarios\/#primaryimage\",\"url\":\"https:\/\/apuntesdesanluis.com\/wp-content\/uploads\/2023\/07\/escuela-digital.png\",\"contentUrl\":\"https:\/\/apuntesdesanluis.com\/wp-content\/uploads\/2023\/07\/escuela-digital.png\",\"width\":600,\"height\":389},{\"@type\":\"BreadcrumbList\",\"@id\":\"https:\/\/apuntesdesanluis.com\/index.php\/2023\/07\/17\/oportunidad-para-quienes-deben-terminar-sus-estudios-primarios-o-secundarios\/#breadcrumb\",\"itemListElement\":[{\"@type\":\"ListItem\",\"position\":1,\"name\":\"Inicio\",\"item\":\"https:\/\/apuntesdesanluis.com\/\"},{\"@type\":\"ListItem\",\"position\":2,\"name\":\"OPORTUNIDAD PARA QUIENES DEBEN TERMINAR SUS ESTUDIOS PRIMARIOS O SECUNDARIOS\"}]},{\"@type\":\"WebSite\",\"@id\":\"https:\/\/apuntesdesanluis.com\/#website\",\"url\":\"https:\/\/apuntesdesanluis.com\/\",\"name\":\"Apuntes de San Luis\",\"description\":\"\",\"publisher\":{\"@id\":\"https:\/\/apuntesdesanluis.com\/#\/schema\/person\/b55151d52296fcce64d1a72538a70b90\"},\"potentialAction\":[{\"@type\":\"SearchAction\",\"target\":{\"@type\":\"EntryPoint\",\"urlTemplate\":\"https:\/\/apuntesdesanluis.com\/?s={search_term_string}\"},\"query-input\":{\"@type\":\"PropertyValueSpecification\",\"valueRequired\":true,\"valueName\":\"search_term_string\"}}],\"inLanguage\":\"es-AR\"},{\"@type\":[\"Person\",\"Organization\"],\"@id\":\"https:\/\/apuntesdesanluis.com\/#\/schema\/person\/b55151d52296fcce64d1a72538a70b90\",\"name\":\"apuntesdesanluis.com\",\"image\":{\"@type\":\"ImageObject\",\"inLanguage\":\"es-AR\",\"@id\":\"https:\/\/apuntesdesanluis.com\/#\/schema\/person\/image\/\",\"url\":\"https:\/\/apuntesdesanluis.com\/wp-content\/uploads\/2023\/07\/cropped-apuntesdesanluis.png\",\"contentUrl\":\"https:\/\/apuntesdesanluis.com\/wp-content\/uploads\/2023\/07\/cropped-apuntesdesanluis.png\",\"width\":450,\"height\":112,\"caption\":\"apuntesdesanluis.com\"},\"logo\":{\"@id\":\"https:\/\/apuntesdesanluis.com\/#\/schema\/person\/image\/\"},\"sameAs\":[\"https:\/\/apuntesdesanluis.com\"],\"url\":\"https:\/\/apuntesdesanluis.com\/index.php\/author\/apuntesdesanluis-com\/\"}]}<\/script>\n<!-- \/ Yoast SEO plugin. -->","yoast_head_json":{"title":"OPORTUNIDAD PARA QUIENES DEBEN TERMINAR SUS ESTUDIOS PRIMARIOS O SECUNDARIOS - Apuntes de San Luis","robots":{"index":"index","follow":"follow","max-snippet":"max-snippet:-1","max-image-preview":"max-image-preview:large","max-video-preview":"max-video-preview:-1"},"canonical":"https:\/\/apuntesdesanluis.com\/index.php\/2023\/07\/17\/oportunidad-para-quienes-deben-terminar-sus-estudios-primarios-o-secundarios\/","og_locale":"es_ES","og_type":"article","og_title":"OPORTUNIDAD PARA QUIENES DEBEN TERMINAR SUS ESTUDIOS PRIMARIOS O SECUNDARIOS - Apuntes de San Luis","og_description":"Hasta el mi\u00e9rcoles 19 permanecen abiertas las inscripciones para las Escuelas P\u00fablicas Digitales de Adultos,...","og_url":"https:\/\/apuntesdesanluis.com\/index.php\/2023\/07\/17\/oportunidad-para-quienes-deben-terminar-sus-estudios-primarios-o-secundarios\/","og_site_name":"Apuntes de San Luis","article_published_time":"2023-07-17T20:23:36+00:00","article_modified_time":"2023-07-18T20:30:38+00:00","og_image":[{"width":600,"height":389,"url":"https:\/\/apuntesdesanluis.com\/wp-content\/uploads\/2023\/07\/escuela-digital.png","type":"image\/png"}],"author":"apuntesdesanluis.com","twitter_card":"summary_large_image","twitter_misc":{"Escrito por":"apuntesdesanluis.com","Tiempo de lectura":"1 minuto"},"schema":{"@context":"https:\/\/schema.org","@graph":[{"@type":"Article","@id":"https:\/\/apuntesdesanluis.com\/index.php\/2023\/07\/17\/oportunidad-para-quienes-deben-terminar-sus-estudios-primarios-o-secundarios\/#article","isPartOf":{"@id":"https:\/\/apuntesdesanluis.com\/index.php\/2023\/07\/17\/oportunidad-para-quienes-deben-terminar-sus-estudios-primarios-o-secundarios\/"},"author":{"name":"apuntesdesanluis.com","@id":"https:\/\/apuntesdesanluis.com\/#\/schema\/person\/b55151d52296fcce64d1a72538a70b90"},"headline":"OPORTUNIDAD PARA QUIENES DEBEN TERMINAR SUS ESTUDIOS PRIMARIOS O SECUNDARIOS","datePublished":"2023-07-17T20:23:36+00:00","dateModified":"2023-07-18T20:30:38+00:00","mainEntityOfPage":{"@id":"https:\/\/apuntesdesanluis.com\/index.php\/2023\/07\/17\/oportunidad-para-quienes-deben-terminar-sus-estudios-primarios-o-secundarios\/"},"wordCount":136,"publisher":{"@id":"https:\/\/apuntesdesanluis.com\/#\/schema\/person\/b55151d52296fcce64d1a72538a70b90"},"image":{"@id":"https:\/\/apuntesdesanluis.com\/index.php\/2023\/07\/17\/oportunidad-para-quienes-deben-terminar-sus-estudios-primarios-o-secundarios\/#primaryimage"},"thumbnailUrl":"https:\/\/apuntesdesanluis.com\/wp-content\/uploads\/2023\/07\/escuela-digital.png","articleSection":["Ciudad\/Provincia"],"inLanguage":"es-AR"},{"@type":"WebPage","@id":"https:\/\/apuntesdesanluis.com\/index.php\/2023\/07\/17\/oportunidad-para-quienes-deben-terminar-sus-estudios-primarios-o-secundarios\/","url":"https:\/\/apuntesdesanluis.com\/index.php\/2023\/07\/17\/oportunidad-para-quienes-deben-terminar-sus-estudios-primarios-o-secundarios\/","name":"OPORTUNIDAD PARA QUIENES DEBEN TERMINAR SUS ESTUDIOS PRIMARIOS O SECUNDARIOS - Apuntes de San Luis","isPartOf":{"@id":"https:\/\/apuntesdesanluis.com\/#website"},"primaryImageOfPage":{"@id":"https:\/\/apuntesdesanluis.com\/index.php\/2023\/07\/17\/oportunidad-para-quienes-deben-terminar-sus-estudios-primarios-o-secundarios\/#primaryimage"},"image":{"@id":"https:\/\/apuntesdesanluis.com\/index.php\/2023\/07\/17\/oportunidad-para-quienes-deben-terminar-sus-estudios-primarios-o-secundarios\/#primaryimage"},"thumbnailUrl":"https:\/\/apuntesdesanluis.com\/wp-content\/uploads\/2023\/07\/escuela-digital.png","datePublished":"2023-07-17T20:23:36+00:00","dateModified":"2023-07-18T20:30:38+00:00","breadcrumb":{"@id":"https:\/\/apuntesdesanluis.com\/index.php\/2023\/07\/17\/oportunidad-para-quienes-deben-terminar-sus-estudios-primarios-o-secundarios\/#breadcrumb"},"inLanguage":"es-AR","potentialAction":[{"@type":"ReadAction","target":["https:\/\/apuntesdesanluis.com\/index.php\/2023\/07\/17\/oportunidad-para-quienes-deben-terminar-sus-estudios-primarios-o-secundarios\/"]}]},{"@type":"ImageObject","inLanguage":"es-AR","@id":"https:\/\/apuntesdesanluis.com\/index.php\/2023\/07\/17\/oportunidad-para-quienes-deben-terminar-sus-estudios-primarios-o-secundarios\/#primaryimage","url":"https:\/\/apuntesdesanluis.com\/wp-content\/uploads\/2023\/07\/escuela-digital.png","contentUrl":"https:\/\/apuntesdesanluis.com\/wp-content\/uploads\/2023\/07\/escuela-digital.png","width":600,"height":389},{"@type":"BreadcrumbList","@id":"https:\/\/apuntesdesanluis.com\/index.php\/2023\/07\/17\/oportunidad-para-quienes-deben-terminar-sus-estudios-primarios-o-secundarios\/#breadcrumb","itemListElement":[{"@type":"ListItem","position":1,"name":"Inicio","item":"https:\/\/apuntesdesanluis.com\/"},{"@type":"ListItem","position":2,"name":"OPORTUNIDAD PARA QUIENES DEBEN TERMINAR SUS ESTUDIOS PRIMARIOS O SECUNDARIOS"}]},{"@type":"WebSite","@id":"https:\/\/apuntesdesanluis.com\/#website","url":"https:\/\/apuntesdesanluis.com\/","name":"Apuntes de San Luis","description":"","publisher":{"@id":"https:\/\/apuntesdesanluis.com\/#\/schema\/person\/b55151d52296fcce64d1a72538a70b90"},"potentialAction":[{"@type":"SearchAction","target":{"@type":"EntryPoint","urlTemplate":"https:\/\/apuntesdesanluis.com\/?s={search_term_string}"},"query-input":{"@type":"PropertyValueSpecification","valueRequired":true,"valueName":"search_term_string"}}],"inLanguage":"es-AR"},{"@type":["Person","Organization"],"@id":"https:\/\/apuntesdesanluis.com\/#\/schema\/person\/b55151d52296fcce64d1a72538a70b90","name":"apuntesdesanluis.com","image":{"@type":"ImageObject","inLanguage":"es-AR","@id":"https:\/\/apuntesdesanluis.com\/#\/schema\/person\/image\/","url":"https:\/\/apuntesdesanluis.com\/wp-content\/uploads\/2023\/07\/cropped-apuntesdesanluis.png","contentUrl":"https:\/\/apuntesdesanluis.com\/wp-content\/uploads\/2023\/07\/cropped-apuntesdesanluis.png","width":450,"height":112,"caption":"apuntesdesanluis.com"},"logo":{"@id":"https:\/\/apuntesdesanluis.com\/#\/schema\/person\/image\/"},"sameAs":["https:\/\/apuntesdesanluis.com"],"url":"https:\/\/apuntesdesanluis.com\/index.php\/author\/apuntesdesanluis-com\/"}]}},"featured_image_urls":{"full":["https:\/\/apuntesdesanluis.com\/wp-content\/uploads\/2023\/07\/escuela-digital.png",600,389,false],"thumbnail":["https:\/\/apuntesdesanluis.com\/wp-content\/uploads\/2023\/07\/escuela-digital-150x150.png",150,150,true],"medium":["https:\/\/apuntesdesanluis.com\/wp-content\/uploads\/2023\/07\/escuela-digital-300x195.png",300,195,true],"medium_large":["https:\/\/apuntesdesanluis.com\/wp-content\/uploads\/2023\/07\/escuela-digital.png",600,389,false],"large":["https:\/\/apuntesdesanluis.com\/wp-content\/uploads\/2023\/07\/escuela-digital.png",600,389,false],"1536x1536":["https:\/\/apuntesdesanluis.com\/wp-content\/uploads\/2023\/07\/escuela-digital.png",600,389,false],"2048x2048":["https:\/\/apuntesdesanluis.com\/wp-content\/uploads\/2023\/07\/escuela-digital.png",600,389,false],"newsever-slider-full":["https:\/\/apuntesdesanluis.com\/wp-content\/uploads\/2023\/07\/escuela-digital.png",600,389,false],"newsever-featured":["https:\/\/apuntesdesanluis.com\/wp-content\/uploads\/2023\/07\/escuela-digital.png",600,389,false],"newsever-medium":["https:\/\/apuntesdesanluis.com\/wp-content\/uploads\/2023\/07\/escuela-digital.png",600,389,false]},"author_info":{"display_name":"apuntesdesanluis.com","author_link":"https:\/\/apuntesdesanluis.com\/index.php\/author\/apuntesdesanluis-com\/"},"category_info":"<a href=\"https:\/\/apuntesdesanluis.com\/index.php\/category\/ciudad-provincia\/\" rel=\"category tag\">Ciudad\/Provincia<\/a>","tag_info":"Ciudad\/Provincia","comment_count":"0","_links":{"self":[{"href":"https:\/\/apuntesdesanluis.com\/index.php\/wp-json\/wp\/v2\/posts\/210","targetHints":{"allow":["GET"]}}],"collection":[{"href":"https:\/\/apuntesdesanluis.com\/index.php\/wp-json\/wp\/v2\/posts"}],"about":[{"href":"https:\/\/apuntesdesanluis.com\/index.php\/wp-json\/wp\/v2\/types\/post"}],"author":[{"embeddable":true,"href":"https:\/\/apuntesdesanluis.com\/index.php\/wp-json\/wp\/v2\/users\/1"}],"replies":[{"embeddable":true,"href":"https:\/\/apuntesdesanluis.com\/index.php\/wp-json\/wp\/v2\/comments?post=210"}],"version-history":[{"count":2,"href":"https:\/\/apuntesdesanluis.com\/index.php\/wp-json\/wp\/v2\/posts\/210\/revisions"}],"predecessor-version":[{"id":213,"href":"https:\/\/apuntesdesanluis.com\/index.php\/wp-json\/wp\/v2\/posts\/210\/revisions\/213"}],"wp:featuredmedia":[{"embeddable":true,"href":"https:\/\/apuntesdesanluis.com\/index.php\/wp-json\/wp\/v2\/media\/211"}],"wp:attachment":[{"href":"https:\/\/apuntesdesanluis.com\/index.php\/wp-json\/wp\/v2\/media?parent=210"}],"wp:term":[{"taxonomy":"category","embeddable":true,"href":"https:\/\/apuntesdesanluis.com\/index.php\/wp-json\/wp\/v2\/categories?post=210"},{"taxonomy":"post_tag","embeddable":true,"href":"https:\/\/apuntesdesanluis.com\/index.php\/wp-json\/wp\/v2\/tags?post=210"}],"curies":[{"name":"wp","href":"https:\/\/api.w.org\/{rel}","templated":true}]}}