{"id":21037,"date":"2024-08-18T21:58:04","date_gmt":"2024-08-19T00:58:04","guid":{"rendered":"https:\/\/apuntesdesanluis.com\/?p=21037"},"modified":"2024-08-18T21:58:04","modified_gmt":"2024-08-19T00:58:04","slug":"comienza-una-semana-con-declaraciones-clave-para-la-causa-por-violencia-de-genero-contra-alberto-fernandez","status":"publish","type":"post","link":"https:\/\/apuntesdesanluis.com\/index.php\/2024\/08\/18\/comienza-una-semana-con-declaraciones-clave-para-la-causa-por-violencia-de-genero-contra-alberto-fernandez\/","title":{"rendered":"COMIENZA UNA SEMANA CON DECLARACIONES CLAVE PARA LA CAUSA POR VIOLENCIA DE G\u00c9NERO CONTRA ALBERTO FERN\u00c1NDEZ"},"content":{"rendered":"<h3>El pr\u00f3ximo jueves declarar\u00e1 como testigo la ex secretaria del ex presidente, Mar\u00eda Cantero, quien recibi\u00f3 los mensajes de Fabiola Ya\u00f1ez donde se relataban los golpes. Tambi\u00e9n lo har\u00e1 el ex intendente de la Quinta de Olivos. Se trata de dos personas muy cercanas a la ex pareja<\/h3>\n<h3>La causa que investiga la presunta comisi\u00f3n del delito de violencia de g\u00e9nero por parte del ex presidente Alberto \u00c1ngel Fern\u00e1ndez contra su ex pareja Fabiola Ya\u00f1ez, tendr\u00e1 esta semana que comienza una instancia clave el pr\u00f3ximo jueves con la declaraci\u00f3n testimonial de Mar\u00eda Cantero, secretaria del Primer Mandatario y quien recibi\u00f3 en su tel\u00e9fono celular los mensajes y las fotos que demostrar\u00edan los golpes y las intimidaciones.<\/h3>\n<h3>Despu\u00e9s de la declaraci\u00f3n de Ya\u00f1ez ante el fiscal Gonz\u00e1lez, junto a la encargada de Direcci\u00f3n General de Acompa\u00f1amiento, de Orientaci\u00f3n y Protecci\u00f3n a las V\u00edctimas (DOVIC), Malena Derdoy, y la titular de la Unidad Especializada en Violencia contra las Mujeres (UFEM), Mariela Labozetta, y tras la imputaci\u00f3n del Ministerio P\u00fablico contra Fern\u00e1ndez por el supuesto delito de lesiones graves doblemente agravadas por el v\u00ednculo y por darse en un contexto de g\u00e9nero y amenazas coactivas en perjuicio de su ex pareja y ex primera dama por nueve hechos, la declaraci\u00f3n de Cantero podr\u00eda ser clave para el futuro judicial del ex presidente.<\/h3>\n<p><img fetchpriority=\"high\" decoding=\"async\" class=\"wp-image-20748 aligncenter\" src=\"https:\/\/apuntesdesanluis.com\/wp-content\/uploads\/2024\/08\/fabiola-y-fernandez-300x184.png\" alt=\"\" width=\"638\" height=\"391\" srcset=\"https:\/\/apuntesdesanluis.com\/wp-content\/uploads\/2024\/08\/fabiola-y-fernandez-300x184.png 300w, https:\/\/apuntesdesanluis.com\/wp-content\/uploads\/2024\/08\/fabiola-y-fernandez-768x471.png 768w, https:\/\/apuntesdesanluis.com\/wp-content\/uploads\/2024\/08\/fabiola-y-fernandez.png 865w\" sizes=\"(max-width: 638px) 100vw, 638px\" \/><\/p>\n<h3>A pesar de un v\u00ednculo de muchos a\u00f1os con el ex presidente, Cantero era confidente de Fabiola. La ex primera dama acud\u00eda a ella para tener di\u00e1logo con su pareja, que no la recib\u00eda en su oficina de la Casa Rosada, y le mandaba mensajes en los que relataba escenas de violencia o fotos de las consecuencias de los golpes. Complicada en la causa de los seguros, Cantero est\u00e1 citada como testigo en la causa de violencia de g\u00e9nero y tiene la obligaci\u00f3n de decir la verdad.<\/h3>\n<h3>Cantero declarar\u00e1 cerca del mediod\u00eda. Antes, a las 10.30, est\u00e1 citada tambi\u00e9n como testigo la periodista Alicia Barrios, mencionada por Ya\u00f1ez en su declaraci\u00f3n testimonial. \u201cEs una excelente mujer, que sab\u00eda lo que yo estaba viviendo, muy cercana al Papa Francisco y ella dijo que a Olivos entraban periodistas, y sal\u00edan primeras damas, para volver a ser periodistas fuera de Olivos, en una nota period\u00edstica, es decir que es claro que se sab\u00eda lo que yo padec\u00eda y muy pocos se animaban a hablar\u201d, declar\u00f3 la ex pareja de Alberto Fern\u00e1ndez.<\/h3>\n<h3>\u201cA Fabiola la conozco, es una mujer muy inteligente, se la ha ninguneado mucho. Lo que not\u00e9 cuando fui a Olivos, que fue una reuni\u00f3n muy larga durante toda la tarde, primero es que ella ten\u00eda una inteligencia muy superior. Pero a veces hay que reconocer que la inteligencia mental no tiene nada que ver con la inteligencia emocional. Ella ha pasado momentos terribles, muy duros, que son comunes -en general- a las mujeres que se enamoran, que aman demasiado\u201d, relat\u00f3 Barrios en di\u00e1logo con LN+. Sobre los supuestos maltratos que sufr\u00eda Ya\u00f1ez, aclar\u00f3 que nunca vio violencia: \u201cNo hac\u00eda falta porque se notaba. Te das cuenta en el destrato\u201d.<\/h3>\n<h3>Para el 26 de agosto pr\u00f3ximo a las 10 est\u00e1 previsto que declare Daniel Rodr\u00edguez, el intendente de la Quinta de Olivos durante el gobierno de Alberto Fern\u00e1ndez. Su testimonio tambi\u00e9n se aguarda con expectativa porque es una de las personas de m\u00e1xima confianza de Alberto Fern\u00e1ndez. Se cree que si hubo alguien que vio lo que pasaba era Rodr\u00edguez. Es que adem\u00e1s el hombre era el \u00fanico que ten\u00eda acceso total al primer piso del chalet principal de Olivos, donde resid\u00eda la pareja. Adem\u00e1s, controlaba a todo el personal: de mozos a m\u00e9dicos, de limpieza a seguridad.<\/h3>\n<h3>Adem\u00e1s, se envi\u00f3 un exhorto a Madrid para tomarle declaraci\u00f3n a la madre de Ya\u00f1ez, Miriam Verdugo. El fiscal fijar\u00e1 en los primeros d\u00edas de la semana pr\u00f3xima la fecha de las otras dos declaraciones pendientes: Federico Saavedra, ex jefe de la Unidad M\u00e9dica Presidencial; y Sof\u00eda Pacchi, amiga de Fabiola y una de las que estuvo en la fiesta de Olivos.<\/h3>\n<h3>\u201cHab\u00edamos discutido antes, mucho, como ya era habitual y como cierre de la discusi\u00f3n me peg\u00f3 desde su lado de la cama un terrible golpe de pu\u00f1o. Grit\u00e9 y le dije, \u201cque me hiciste\u201d. Pero nada, se dio vuelta y con ese golpe termino la discusi\u00f3n. Ese d\u00eda yo ten\u00eda que viajar a Misiones, era un compromiso oficial, como Primera Dama, as\u00ed que viaje igual, al principio solo se ve\u00eda colorado, pero me quede 3 o 4 d\u00edas y el ojo comenz\u00f3 a cambiar cada vez a un color m\u00e1s fuerte. Volv\u00ed y me quede en Olivos. Estando all\u00ed, junto con Alberto, lo llamamos al Dr. Saavedra, Jefe de la Unidad M\u00e9dica Presidencial, me dio globulitos de \u00e1rnica, y me dijo que se iba a ir con el tiempo. Y estuve as\u00ed pase\u00e1ndome por d\u00edas dentro de la casa, en Olivos, obligada a no salir para que no se viera el golpe\u201d, escribi\u00f3 Ya\u00f1ez en la primera presentaci\u00f3n. Al declarar por Zoom, Fabiola agreg\u00f3 que el m\u00e9dico no le preguntaba c\u00f3mo hab\u00edan sucedido los hechos. \u201cNo quer\u00eda saber\u201d, desliz\u00f3.<\/h3>\n<h3><img decoding=\"async\" class=\"wp-image-21038 aligncenter\" src=\"https:\/\/apuntesdesanluis.com\/wp-content\/uploads\/2024\/08\/maria-jose-cantero-300x207.png\" alt=\"\" width=\"649\" height=\"448\" srcset=\"https:\/\/apuntesdesanluis.com\/wp-content\/uploads\/2024\/08\/maria-jose-cantero-300x207.png 300w, https:\/\/apuntesdesanluis.com\/wp-content\/uploads\/2024\/08\/maria-jose-cantero.png 526w\" sizes=\"(max-width: 649px) 100vw, 649px\" \/><\/h3>\n<h4 style=\"text-align: center;\"><em>Mar\u00eda Cantero declarar\u00e1 este jueves ante el fiscal Ramiro Gonz\u00e1lez.<\/em><\/h4>\n<h3>Pacchi habr\u00eda sido abordada por Alberto Fern\u00e1ndez para tener relaciones sexuales y, cuando Fabiola se lo recrimin\u00f3 a su pareja, Fern\u00e1ndez la habr\u00eda zamarreado y tomado del cuello. La entonces amiga de la primera dama -de la que luego se distanci\u00f3- habr\u00eda sido testigo.<\/h3>\n<h3>Tambi\u00e9n pidi\u00f3 informes a la secretar\u00eda General de la Presidencia de la Naci\u00f3n, a cargo de Karina Milei: quiere detalles de todos los viajes realizados por Fabiola Ya\u00f1ez a Misiones en 2021, ya que la ex primera dama dijo que viaj\u00f3 a esa provincia luego de haber sido golpeada por el ex presidente.<\/h3>\n<h3>Por lo pronto, el juez Juli\u00e1n Ercolini orden\u00f3 conocer las llamadas entrantes y salientes que se realizaron el ex presidente Alberto Fern\u00e1ndez y la ex primera dama Fabiola Ya\u00f1ez, desde el inicio del 2016 hasta fines del a\u00f1o pasado. El magistrado adem\u00e1s rechaz\u00f3 hacer una inspecci\u00f3n judicial a la quinta de Olivos.<\/h3>\n<p>&nbsp;<\/p>\n<p>&nbsp;<\/p>\n<p>&nbsp;<\/p>\n","protected":false},"excerpt":{"rendered":"<p>El pr\u00f3ximo jueves declarar\u00e1 como testigo la ex secretaria del ex presidente, Mar\u00eda Cantero, quien&#8230;<\/p>\n","protected":false},"author":1,"featured_media":21039,"comment_status":"closed","ping_status":"closed","sticky":false,"template":"","format":"standard","meta":{"footnotes":""},"categories":[5],"tags":[],"class_list":["post-21037","post","type-post","status-publish","format-standard","has-post-thumbnail","hentry","category-nacionales-internacionales"],"yoast_head":"<!-- This site is optimized with the Yoast SEO plugin v26.1.1 - https:\/\/yoast.com\/wordpress\/plugins\/seo\/ -->\n<title>COMIENZA UNA SEMANA CON DECLARACIONES CLAVE PARA LA CAUSA POR VIOLENCIA DE G\u00c9NERO CONTRA ALBERTO FERN\u00c1NDEZ - Apuntes de San Luis<\/title>\n<meta name=\"robots\" content=\"index, follow, max-snippet:-1, max-image-preview:large, max-video-preview:-1\" \/>\n<link rel=\"canonical\" href=\"https:\/\/apuntesdesanluis.com\/index.php\/2024\/08\/18\/comienza-una-semana-con-declaraciones-clave-para-la-causa-por-violencia-de-genero-contra-alberto-fernandez\/\" \/>\n<meta property=\"og:locale\" content=\"es_ES\" \/>\n<meta property=\"og:type\" content=\"article\" \/>\n<meta property=\"og:title\" content=\"COMIENZA UNA SEMANA CON DECLARACIONES CLAVE PARA LA CAUSA POR VIOLENCIA DE G\u00c9NERO CONTRA ALBERTO FERN\u00c1NDEZ - Apuntes de San Luis\" \/>\n<meta property=\"og:description\" content=\"El pr\u00f3ximo jueves declarar\u00e1 como testigo la ex secretaria del ex presidente, Mar\u00eda Cantero, quien...\" \/>\n<meta property=\"og:url\" content=\"https:\/\/apuntesdesanluis.com\/index.php\/2024\/08\/18\/comienza-una-semana-con-declaraciones-clave-para-la-causa-por-violencia-de-genero-contra-alberto-fernandez\/\" \/>\n<meta property=\"og:site_name\" content=\"Apuntes de San Luis\" \/>\n<meta property=\"article:published_time\" content=\"2024-08-19T00:58:04+00:00\" \/>\n<meta property=\"og:image\" content=\"https:\/\/apuntesdesanluis.com\/wp-content\/uploads\/2024\/08\/alberto-fernandez-1.png\" \/>\n\t<meta property=\"og:image:width\" content=\"769\" \/>\n\t<meta property=\"og:image:height\" content=\"504\" \/>\n\t<meta property=\"og:image:type\" content=\"image\/png\" \/>\n<meta name=\"author\" content=\"apuntesdesanluis.com\" \/>\n<meta name=\"twitter:card\" content=\"summary_large_image\" \/>\n<meta name=\"twitter:label1\" content=\"Escrito por\" \/>\n\t<meta name=\"twitter:data1\" content=\"apuntesdesanluis.com\" \/>\n\t<meta name=\"twitter:label2\" content=\"Tiempo de lectura\" \/>\n\t<meta name=\"twitter:data2\" content=\"6 minutos\" \/>\n<script type=\"application\/ld+json\" class=\"yoast-schema-graph\">{\"@context\":\"https:\/\/schema.org\",\"@graph\":[{\"@type\":\"Article\",\"@id\":\"https:\/\/apuntesdesanluis.com\/index.php\/2024\/08\/18\/comienza-una-semana-con-declaraciones-clave-para-la-causa-por-violencia-de-genero-contra-alberto-fernandez\/#article\",\"isPartOf\":{\"@id\":\"https:\/\/apuntesdesanluis.com\/index.php\/2024\/08\/18\/comienza-una-semana-con-declaraciones-clave-para-la-causa-por-violencia-de-genero-contra-alberto-fernandez\/\"},\"author\":{\"name\":\"apuntesdesanluis.com\",\"@id\":\"https:\/\/apuntesdesanluis.com\/#\/schema\/person\/b55151d52296fcce64d1a72538a70b90\"},\"headline\":\"COMIENZA UNA SEMANA CON DECLARACIONES CLAVE PARA LA CAUSA POR VIOLENCIA DE G\u00c9NERO CONTRA ALBERTO FERN\u00c1NDEZ\",\"datePublished\":\"2024-08-19T00:58:04+00:00\",\"mainEntityOfPage\":{\"@id\":\"https:\/\/apuntesdesanluis.com\/index.php\/2024\/08\/18\/comienza-una-semana-con-declaraciones-clave-para-la-causa-por-violencia-de-genero-contra-alberto-fernandez\/\"},\"wordCount\":1126,\"publisher\":{\"@id\":\"https:\/\/apuntesdesanluis.com\/#\/schema\/person\/b55151d52296fcce64d1a72538a70b90\"},\"image\":{\"@id\":\"https:\/\/apuntesdesanluis.com\/index.php\/2024\/08\/18\/comienza-una-semana-con-declaraciones-clave-para-la-causa-por-violencia-de-genero-contra-alberto-fernandez\/#primaryimage\"},\"thumbnailUrl\":\"https:\/\/apuntesdesanluis.com\/wp-content\/uploads\/2024\/08\/alberto-fernandez-1.png\",\"articleSection\":[\"Nacionales\/Internacionales\"],\"inLanguage\":\"es-AR\"},{\"@type\":\"WebPage\",\"@id\":\"https:\/\/apuntesdesanluis.com\/index.php\/2024\/08\/18\/comienza-una-semana-con-declaraciones-clave-para-la-causa-por-violencia-de-genero-contra-alberto-fernandez\/\",\"url\":\"https:\/\/apuntesdesanluis.com\/index.php\/2024\/08\/18\/comienza-una-semana-con-declaraciones-clave-para-la-causa-por-violencia-de-genero-contra-alberto-fernandez\/\",\"name\":\"COMIENZA UNA SEMANA CON DECLARACIONES CLAVE PARA LA CAUSA POR VIOLENCIA DE G\u00c9NERO CONTRA ALBERTO FERN\u00c1NDEZ - Apuntes de San Luis\",\"isPartOf\":{\"@id\":\"https:\/\/apuntesdesanluis.com\/#website\"},\"primaryImageOfPage\":{\"@id\":\"https:\/\/apuntesdesanluis.com\/index.php\/2024\/08\/18\/comienza-una-semana-con-declaraciones-clave-para-la-causa-por-violencia-de-genero-contra-alberto-fernandez\/#primaryimage\"},\"image\":{\"@id\":\"https:\/\/apuntesdesanluis.com\/index.php\/2024\/08\/18\/comienza-una-semana-con-declaraciones-clave-para-la-causa-por-violencia-de-genero-contra-alberto-fernandez\/#primaryimage\"},\"thumbnailUrl\":\"https:\/\/apuntesdesanluis.com\/wp-content\/uploads\/2024\/08\/alberto-fernandez-1.png\",\"datePublished\":\"2024-08-19T00:58:04+00:00\",\"breadcrumb\":{\"@id\":\"https:\/\/apuntesdesanluis.com\/index.php\/2024\/08\/18\/comienza-una-semana-con-declaraciones-clave-para-la-causa-por-violencia-de-genero-contra-alberto-fernandez\/#breadcrumb\"},\"inLanguage\":\"es-AR\",\"potentialAction\":[{\"@type\":\"ReadAction\",\"target\":[\"https:\/\/apuntesdesanluis.com\/index.php\/2024\/08\/18\/comienza-una-semana-con-declaraciones-clave-para-la-causa-por-violencia-de-genero-contra-alberto-fernandez\/\"]}]},{\"@type\":\"ImageObject\",\"inLanguage\":\"es-AR\",\"@id\":\"https:\/\/apuntesdesanluis.com\/index.php\/2024\/08\/18\/comienza-una-semana-con-declaraciones-clave-para-la-causa-por-violencia-de-genero-contra-alberto-fernandez\/#primaryimage\",\"url\":\"https:\/\/apuntesdesanluis.com\/wp-content\/uploads\/2024\/08\/alberto-fernandez-1.png\",\"contentUrl\":\"https:\/\/apuntesdesanluis.com\/wp-content\/uploads\/2024\/08\/alberto-fernandez-1.png\",\"width\":769,\"height\":504},{\"@type\":\"BreadcrumbList\",\"@id\":\"https:\/\/apuntesdesanluis.com\/index.php\/2024\/08\/18\/comienza-una-semana-con-declaraciones-clave-para-la-causa-por-violencia-de-genero-contra-alberto-fernandez\/#breadcrumb\",\"itemListElement\":[{\"@type\":\"ListItem\",\"position\":1,\"name\":\"Inicio\",\"item\":\"https:\/\/apuntesdesanluis.com\/\"},{\"@type\":\"ListItem\",\"position\":2,\"name\":\"COMIENZA UNA SEMANA CON DECLARACIONES CLAVE PARA LA CAUSA POR VIOLENCIA DE G\u00c9NERO CONTRA ALBERTO FERN\u00c1NDEZ\"}]},{\"@type\":\"WebSite\",\"@id\":\"https:\/\/apuntesdesanluis.com\/#website\",\"url\":\"https:\/\/apuntesdesanluis.com\/\",\"name\":\"Apuntes de San Luis\",\"description\":\"\",\"publisher\":{\"@id\":\"https:\/\/apuntesdesanluis.com\/#\/schema\/person\/b55151d52296fcce64d1a72538a70b90\"},\"potentialAction\":[{\"@type\":\"SearchAction\",\"target\":{\"@type\":\"EntryPoint\",\"urlTemplate\":\"https:\/\/apuntesdesanluis.com\/?s={search_term_string}\"},\"query-input\":{\"@type\":\"PropertyValueSpecification\",\"valueRequired\":true,\"valueName\":\"search_term_string\"}}],\"inLanguage\":\"es-AR\"},{\"@type\":[\"Person\",\"Organization\"],\"@id\":\"https:\/\/apuntesdesanluis.com\/#\/schema\/person\/b55151d52296fcce64d1a72538a70b90\",\"name\":\"apuntesdesanluis.com\",\"image\":{\"@type\":\"ImageObject\",\"inLanguage\":\"es-AR\",\"@id\":\"https:\/\/apuntesdesanluis.com\/#\/schema\/person\/image\/\",\"url\":\"https:\/\/apuntesdesanluis.com\/wp-content\/uploads\/2023\/07\/cropped-apuntesdesanluis.png\",\"contentUrl\":\"https:\/\/apuntesdesanluis.com\/wp-content\/uploads\/2023\/07\/cropped-apuntesdesanluis.png\",\"width\":450,\"height\":112,\"caption\":\"apuntesdesanluis.com\"},\"logo\":{\"@id\":\"https:\/\/apuntesdesanluis.com\/#\/schema\/person\/image\/\"},\"sameAs\":[\"https:\/\/apuntesdesanluis.com\"],\"url\":\"https:\/\/apuntesdesanluis.com\/index.php\/author\/apuntesdesanluis-com\/\"}]}<\/script>\n<!-- \/ Yoast SEO plugin. -->","yoast_head_json":{"title":"COMIENZA UNA SEMANA CON DECLARACIONES CLAVE PARA LA CAUSA POR VIOLENCIA DE G\u00c9NERO CONTRA ALBERTO FERN\u00c1NDEZ - Apuntes de San Luis","robots":{"index":"index","follow":"follow","max-snippet":"max-snippet:-1","max-image-preview":"max-image-preview:large","max-video-preview":"max-video-preview:-1"},"canonical":"https:\/\/apuntesdesanluis.com\/index.php\/2024\/08\/18\/comienza-una-semana-con-declaraciones-clave-para-la-causa-por-violencia-de-genero-contra-alberto-fernandez\/","og_locale":"es_ES","og_type":"article","og_title":"COMIENZA UNA SEMANA CON DECLARACIONES CLAVE PARA LA CAUSA POR VIOLENCIA DE G\u00c9NERO CONTRA ALBERTO FERN\u00c1NDEZ - Apuntes de San Luis","og_description":"El pr\u00f3ximo jueves declarar\u00e1 como testigo la ex secretaria del ex presidente, Mar\u00eda Cantero, quien...","og_url":"https:\/\/apuntesdesanluis.com\/index.php\/2024\/08\/18\/comienza-una-semana-con-declaraciones-clave-para-la-causa-por-violencia-de-genero-contra-alberto-fernandez\/","og_site_name":"Apuntes de San Luis","article_published_time":"2024-08-19T00:58:04+00:00","og_image":[{"width":769,"height":504,"url":"https:\/\/apuntesdesanluis.com\/wp-content\/uploads\/2024\/08\/alberto-fernandez-1.png","type":"image\/png"}],"author":"apuntesdesanluis.com","twitter_card":"summary_large_image","twitter_misc":{"Escrito por":"apuntesdesanluis.com","Tiempo de lectura":"6 minutos"},"schema":{"@context":"https:\/\/schema.org","@graph":[{"@type":"Article","@id":"https:\/\/apuntesdesanluis.com\/index.php\/2024\/08\/18\/comienza-una-semana-con-declaraciones-clave-para-la-causa-por-violencia-de-genero-contra-alberto-fernandez\/#article","isPartOf":{"@id":"https:\/\/apuntesdesanluis.com\/index.php\/2024\/08\/18\/comienza-una-semana-con-declaraciones-clave-para-la-causa-por-violencia-de-genero-contra-alberto-fernandez\/"},"author":{"name":"apuntesdesanluis.com","@id":"https:\/\/apuntesdesanluis.com\/#\/schema\/person\/b55151d52296fcce64d1a72538a70b90"},"headline":"COMIENZA UNA SEMANA CON DECLARACIONES CLAVE PARA LA CAUSA POR VIOLENCIA DE G\u00c9NERO CONTRA ALBERTO FERN\u00c1NDEZ","datePublished":"2024-08-19T00:58:04+00:00","mainEntityOfPage":{"@id":"https:\/\/apuntesdesanluis.com\/index.php\/2024\/08\/18\/comienza-una-semana-con-declaraciones-clave-para-la-causa-por-violencia-de-genero-contra-alberto-fernandez\/"},"wordCount":1126,"publisher":{"@id":"https:\/\/apuntesdesanluis.com\/#\/schema\/person\/b55151d52296fcce64d1a72538a70b90"},"image":{"@id":"https:\/\/apuntesdesanluis.com\/index.php\/2024\/08\/18\/comienza-una-semana-con-declaraciones-clave-para-la-causa-por-violencia-de-genero-contra-alberto-fernandez\/#primaryimage"},"thumbnailUrl":"https:\/\/apuntesdesanluis.com\/wp-content\/uploads\/2024\/08\/alberto-fernandez-1.png","articleSection":["Nacionales\/Internacionales"],"inLanguage":"es-AR"},{"@type":"WebPage","@id":"https:\/\/apuntesdesanluis.com\/index.php\/2024\/08\/18\/comienza-una-semana-con-declaraciones-clave-para-la-causa-por-violencia-de-genero-contra-alberto-fernandez\/","url":"https:\/\/apuntesdesanluis.com\/index.php\/2024\/08\/18\/comienza-una-semana-con-declaraciones-clave-para-la-causa-por-violencia-de-genero-contra-alberto-fernandez\/","name":"COMIENZA UNA SEMANA CON DECLARACIONES CLAVE PARA LA CAUSA POR VIOLENCIA DE G\u00c9NERO CONTRA ALBERTO FERN\u00c1NDEZ - Apuntes de San Luis","isPartOf":{"@id":"https:\/\/apuntesdesanluis.com\/#website"},"primaryImageOfPage":{"@id":"https:\/\/apuntesdesanluis.com\/index.php\/2024\/08\/18\/comienza-una-semana-con-declaraciones-clave-para-la-causa-por-violencia-de-genero-contra-alberto-fernandez\/#primaryimage"},"image":{"@id":"https:\/\/apuntesdesanluis.com\/index.php\/2024\/08\/18\/comienza-una-semana-con-declaraciones-clave-para-la-causa-por-violencia-de-genero-contra-alberto-fernandez\/#primaryimage"},"thumbnailUrl":"https:\/\/apuntesdesanluis.com\/wp-content\/uploads\/2024\/08\/alberto-fernandez-1.png","datePublished":"2024-08-19T00:58:04+00:00","breadcrumb":{"@id":"https:\/\/apuntesdesanluis.com\/index.php\/2024\/08\/18\/comienza-una-semana-con-declaraciones-clave-para-la-causa-por-violencia-de-genero-contra-alberto-fernandez\/#breadcrumb"},"inLanguage":"es-AR","potentialAction":[{"@type":"ReadAction","target":["https:\/\/apuntesdesanluis.com\/index.php\/2024\/08\/18\/comienza-una-semana-con-declaraciones-clave-para-la-causa-por-violencia-de-genero-contra-alberto-fernandez\/"]}]},{"@type":"ImageObject","inLanguage":"es-AR","@id":"https:\/\/apuntesdesanluis.com\/index.php\/2024\/08\/18\/comienza-una-semana-con-declaraciones-clave-para-la-causa-por-violencia-de-genero-contra-alberto-fernandez\/#primaryimage","url":"https:\/\/apuntesdesanluis.com\/wp-content\/uploads\/2024\/08\/alberto-fernandez-1.png","contentUrl":"https:\/\/apuntesdesanluis.com\/wp-content\/uploads\/2024\/08\/alberto-fernandez-1.png","width":769,"height":504},{"@type":"BreadcrumbList","@id":"https:\/\/apuntesdesanluis.com\/index.php\/2024\/08\/18\/comienza-una-semana-con-declaraciones-clave-para-la-causa-por-violencia-de-genero-contra-alberto-fernandez\/#breadcrumb","itemListElement":[{"@type":"ListItem","position":1,"name":"Inicio","item":"https:\/\/apuntesdesanluis.com\/"},{"@type":"ListItem","position":2,"name":"COMIENZA UNA SEMANA CON DECLARACIONES CLAVE PARA LA CAUSA POR VIOLENCIA DE G\u00c9NERO CONTRA ALBERTO FERN\u00c1NDEZ"}]},{"@type":"WebSite","@id":"https:\/\/apuntesdesanluis.com\/#website","url":"https:\/\/apuntesdesanluis.com\/","name":"Apuntes de San Luis","description":"","publisher":{"@id":"https:\/\/apuntesdesanluis.com\/#\/schema\/person\/b55151d52296fcce64d1a72538a70b90"},"potentialAction":[{"@type":"SearchAction","target":{"@type":"EntryPoint","urlTemplate":"https:\/\/apuntesdesanluis.com\/?s={search_term_string}"},"query-input":{"@type":"PropertyValueSpecification","valueRequired":true,"valueName":"search_term_string"}}],"inLanguage":"es-AR"},{"@type":["Person","Organization"],"@id":"https:\/\/apuntesdesanluis.com\/#\/schema\/person\/b55151d52296fcce64d1a72538a70b90","name":"apuntesdesanluis.com","image":{"@type":"ImageObject","inLanguage":"es-AR","@id":"https:\/\/apuntesdesanluis.com\/#\/schema\/person\/image\/","url":"https:\/\/apuntesdesanluis.com\/wp-content\/uploads\/2023\/07\/cropped-apuntesdesanluis.png","contentUrl":"https:\/\/apuntesdesanluis.com\/wp-content\/uploads\/2023\/07\/cropped-apuntesdesanluis.png","width":450,"height":112,"caption":"apuntesdesanluis.com"},"logo":{"@id":"https:\/\/apuntesdesanluis.com\/#\/schema\/person\/image\/"},"sameAs":["https:\/\/apuntesdesanluis.com"],"url":"https:\/\/apuntesdesanluis.com\/index.php\/author\/apuntesdesanluis-com\/"}]}},"featured_image_urls":{"full":["https:\/\/apuntesdesanluis.com\/wp-content\/uploads\/2024\/08\/alberto-fernandez-1.png",769,504,false],"thumbnail":["https:\/\/apuntesdesanluis.com\/wp-content\/uploads\/2024\/08\/alberto-fernandez-1-150x150.png",150,150,true],"medium":["https:\/\/apuntesdesanluis.com\/wp-content\/uploads\/2024\/08\/alberto-fernandez-1-300x197.png",300,197,true],"medium_large":["https:\/\/apuntesdesanluis.com\/wp-content\/uploads\/2024\/08\/alberto-fernandez-1.png",640,419,false],"large":["https:\/\/apuntesdesanluis.com\/wp-content\/uploads\/2024\/08\/alberto-fernandez-1.png",640,419,false],"1536x1536":["https:\/\/apuntesdesanluis.com\/wp-content\/uploads\/2024\/08\/alberto-fernandez-1.png",769,504,false],"2048x2048":["https:\/\/apuntesdesanluis.com\/wp-content\/uploads\/2024\/08\/alberto-fernandez-1.png",769,504,false],"newsever-slider-full":["https:\/\/apuntesdesanluis.com\/wp-content\/uploads\/2024\/08\/alberto-fernandez-1.png",769,504,false],"newsever-featured":["https:\/\/apuntesdesanluis.com\/wp-content\/uploads\/2024\/08\/alberto-fernandez-1.png",769,504,false],"newsever-medium":["https:\/\/apuntesdesanluis.com\/wp-content\/uploads\/2024\/08\/alberto-fernandez-1-720x475.png",720,475,true]},"author_info":{"display_name":"apuntesdesanluis.com","author_link":"https:\/\/apuntesdesanluis.com\/index.php\/author\/apuntesdesanluis-com\/"},"category_info":"<a href=\"https:\/\/apuntesdesanluis.com\/index.php\/category\/nacionales-internacionales\/\" rel=\"category tag\">Nacionales\/Internacionales<\/a>","tag_info":"Nacionales\/Internacionales","comment_count":"0","_links":{"self":[{"href":"https:\/\/apuntesdesanluis.com\/index.php\/wp-json\/wp\/v2\/posts\/21037","targetHints":{"allow":["GET"]}}],"collection":[{"href":"https:\/\/apuntesdesanluis.com\/index.php\/wp-json\/wp\/v2\/posts"}],"about":[{"href":"https:\/\/apuntesdesanluis.com\/index.php\/wp-json\/wp\/v2\/types\/post"}],"author":[{"embeddable":true,"href":"https:\/\/apuntesdesanluis.com\/index.php\/wp-json\/wp\/v2\/users\/1"}],"replies":[{"embeddable":true,"href":"https:\/\/apuntesdesanluis.com\/index.php\/wp-json\/wp\/v2\/comments?post=21037"}],"version-history":[{"count":1,"href":"https:\/\/apuntesdesanluis.com\/index.php\/wp-json\/wp\/v2\/posts\/21037\/revisions"}],"predecessor-version":[{"id":21040,"href":"https:\/\/apuntesdesanluis.com\/index.php\/wp-json\/wp\/v2\/posts\/21037\/revisions\/21040"}],"wp:featuredmedia":[{"embeddable":true,"href":"https:\/\/apuntesdesanluis.com\/index.php\/wp-json\/wp\/v2\/media\/21039"}],"wp:attachment":[{"href":"https:\/\/apuntesdesanluis.com\/index.php\/wp-json\/wp\/v2\/media?parent=21037"}],"wp:term":[{"taxonomy":"category","embeddable":true,"href":"https:\/\/apuntesdesanluis.com\/index.php\/wp-json\/wp\/v2\/categories?post=21037"},{"taxonomy":"post_tag","embeddable":true,"href":"https:\/\/apuntesdesanluis.com\/index.php\/wp-json\/wp\/v2\/tags?post=21037"}],"curies":[{"name":"wp","href":"https:\/\/api.w.org\/{rel}","templated":true}]}}