{"id":21046,"date":"2024-08-18T18:23:33","date_gmt":"2024-08-18T21:23:33","guid":{"rendered":"https:\/\/apuntesdesanluis.com\/?p=21046"},"modified":"2024-08-18T23:25:54","modified_gmt":"2024-08-19T02:25:54","slug":"atencion-gente-a-abrigarse-que-vuelve-el-frio-esta-semana","status":"publish","type":"post","link":"https:\/\/apuntesdesanluis.com\/index.php\/2024\/08\/18\/atencion-gente-a-abrigarse-que-vuelve-el-frio-esta-semana\/","title":{"rendered":"ATENCI\u00d3N GENTE: A ABRIGARSE QUE VUELVE EL FRIO ESTA SEMANA"},"content":{"rendered":"<h3>La Red de Estaciones Meteorol\u00f3gicas inform\u00f3 este domingo que se espera en la provincia desde la tarde de hoy, el ingreso de viento persistente del sector sur con r\u00e1fagas fuertes que provocar\u00e1 un marcado y progresivo descenso en las temperaturas a partir del lunes 19, aumento de la nubosidad con precipitaciones aisladas y tiempo fr\u00edo hasta el jueves 22, principalmente.<\/h3>\n<h3>Pron\u00f3stico extendido:<\/h3>\n<h3><strong>LUNES 19<\/strong><\/h3>\n<h3>Jornada de mal tiempo, ventosa y algo inestable, contin\u00faa el descenso de las temperaturas m\u00e1ximas. El cielo estar\u00e1 mayormente nublado. En promedio, se esperan m\u00ednimas de 3\u00b0C y m\u00e1ximas de 14\u00b0C. El viento iniciar\u00e1 del sector sureste y hacia la noche ir\u00e1 rotando al este con algunas r\u00e1fagas.<\/h3>\n<h3><strong>MARTES 20<\/strong><\/h3>\n<h3>Jornada inestable, fr\u00eda que mantiene el descenso en las temperaturas y algo ventosa. El cielo estar\u00e1 mayormente nublado. En promedio, se esperan m\u00ednimas de 0\u00b0C y m\u00e1ximas de 11\u00b0C. El viento ser\u00e1 del sureste con r\u00e1fagas.<\/h3>\n<h3><strong>MI\u00c9RCOLES 21<\/strong><\/h3>\n<h3>Jornada donde contin\u00faan la inestabilidad y las bajas temperaturas. El cielo estar\u00e1 de parcialmente nublado a nublado. En promedio, se esperan m\u00ednimas de -1\u00b0C, m\u00e1ximas de 10\u00b0C. El viento ser\u00e1 predominante del sector sur con algunas r\u00e1fagas.<\/h3>\n<p>&nbsp;<\/p>\n<p>&nbsp;<\/p>\n<p>&nbsp;<\/p>\n","protected":false},"excerpt":{"rendered":"<p>La Red de Estaciones Meteorol\u00f3gicas inform\u00f3 este domingo que se espera en la provincia desde&#8230;<\/p>\n","protected":false},"author":1,"featured_media":21047,"comment_status":"closed","ping_status":"closed","sticky":false,"template":"","format":"standard","meta":{"footnotes":""},"categories":[6],"tags":[],"class_list":["post-21046","post","type-post","status-publish","format-standard","has-post-thumbnail","hentry","category-ciudad-provincia"],"yoast_head":"<!-- This site is optimized with the Yoast SEO plugin v26.1.1 - https:\/\/yoast.com\/wordpress\/plugins\/seo\/ -->\n<title>ATENCI\u00d3N GENTE: A ABRIGARSE QUE VUELVE EL FRIO ESTA SEMANA - Apuntes de San Luis<\/title>\n<meta name=\"robots\" content=\"index, follow, max-snippet:-1, max-image-preview:large, max-video-preview:-1\" \/>\n<link rel=\"canonical\" href=\"https:\/\/apuntesdesanluis.com\/index.php\/2024\/08\/18\/atencion-gente-a-abrigarse-que-vuelve-el-frio-esta-semana\/\" \/>\n<meta property=\"og:locale\" content=\"es_ES\" \/>\n<meta property=\"og:type\" content=\"article\" \/>\n<meta property=\"og:title\" content=\"ATENCI\u00d3N GENTE: A ABRIGARSE QUE VUELVE EL FRIO ESTA SEMANA - Apuntes de San Luis\" \/>\n<meta property=\"og:description\" content=\"La Red de Estaciones Meteorol\u00f3gicas inform\u00f3 este domingo que se espera en la provincia desde...\" \/>\n<meta property=\"og:url\" content=\"https:\/\/apuntesdesanluis.com\/index.php\/2024\/08\/18\/atencion-gente-a-abrigarse-que-vuelve-el-frio-esta-semana\/\" \/>\n<meta property=\"og:site_name\" content=\"Apuntes de San Luis\" \/>\n<meta property=\"article:published_time\" content=\"2024-08-18T21:23:33+00:00\" \/>\n<meta property=\"article:modified_time\" content=\"2024-08-19T02:25:54+00:00\" \/>\n<meta property=\"og:image\" content=\"https:\/\/apuntesdesanluis.com\/wp-content\/uploads\/2024\/08\/FRIO.png\" \/>\n\t<meta property=\"og:image:width\" content=\"507\" \/>\n\t<meta property=\"og:image:height\" content=\"339\" \/>\n\t<meta property=\"og:image:type\" content=\"image\/png\" \/>\n<meta name=\"author\" content=\"apuntesdesanluis.com\" \/>\n<meta name=\"twitter:card\" content=\"summary_large_image\" \/>\n<meta name=\"twitter:label1\" content=\"Escrito por\" \/>\n\t<meta name=\"twitter:data1\" content=\"apuntesdesanluis.com\" \/>\n\t<meta name=\"twitter:label2\" content=\"Tiempo de lectura\" \/>\n\t<meta name=\"twitter:data2\" content=\"2 minutos\" \/>\n<script type=\"application\/ld+json\" class=\"yoast-schema-graph\">{\"@context\":\"https:\/\/schema.org\",\"@graph\":[{\"@type\":\"Article\",\"@id\":\"https:\/\/apuntesdesanluis.com\/index.php\/2024\/08\/18\/atencion-gente-a-abrigarse-que-vuelve-el-frio-esta-semana\/#article\",\"isPartOf\":{\"@id\":\"https:\/\/apuntesdesanluis.com\/index.php\/2024\/08\/18\/atencion-gente-a-abrigarse-que-vuelve-el-frio-esta-semana\/\"},\"author\":{\"name\":\"apuntesdesanluis.com\",\"@id\":\"https:\/\/apuntesdesanluis.com\/#\/schema\/person\/b55151d52296fcce64d1a72538a70b90\"},\"headline\":\"ATENCI\u00d3N GENTE: A ABRIGARSE QUE VUELVE EL FRIO ESTA SEMANA\",\"datePublished\":\"2024-08-18T21:23:33+00:00\",\"dateModified\":\"2024-08-19T02:25:54+00:00\",\"mainEntityOfPage\":{\"@id\":\"https:\/\/apuntesdesanluis.com\/index.php\/2024\/08\/18\/atencion-gente-a-abrigarse-que-vuelve-el-frio-esta-semana\/\"},\"wordCount\":217,\"publisher\":{\"@id\":\"https:\/\/apuntesdesanluis.com\/#\/schema\/person\/b55151d52296fcce64d1a72538a70b90\"},\"image\":{\"@id\":\"https:\/\/apuntesdesanluis.com\/index.php\/2024\/08\/18\/atencion-gente-a-abrigarse-que-vuelve-el-frio-esta-semana\/#primaryimage\"},\"thumbnailUrl\":\"https:\/\/apuntesdesanluis.com\/wp-content\/uploads\/2024\/08\/FRIO.png\",\"articleSection\":[\"Ciudad\/Provincia\"],\"inLanguage\":\"es-AR\"},{\"@type\":\"WebPage\",\"@id\":\"https:\/\/apuntesdesanluis.com\/index.php\/2024\/08\/18\/atencion-gente-a-abrigarse-que-vuelve-el-frio-esta-semana\/\",\"url\":\"https:\/\/apuntesdesanluis.com\/index.php\/2024\/08\/18\/atencion-gente-a-abrigarse-que-vuelve-el-frio-esta-semana\/\",\"name\":\"ATENCI\u00d3N GENTE: A ABRIGARSE QUE VUELVE EL FRIO ESTA SEMANA - Apuntes de San Luis\",\"isPartOf\":{\"@id\":\"https:\/\/apuntesdesanluis.com\/#website\"},\"primaryImageOfPage\":{\"@id\":\"https:\/\/apuntesdesanluis.com\/index.php\/2024\/08\/18\/atencion-gente-a-abrigarse-que-vuelve-el-frio-esta-semana\/#primaryimage\"},\"image\":{\"@id\":\"https:\/\/apuntesdesanluis.com\/index.php\/2024\/08\/18\/atencion-gente-a-abrigarse-que-vuelve-el-frio-esta-semana\/#primaryimage\"},\"thumbnailUrl\":\"https:\/\/apuntesdesanluis.com\/wp-content\/uploads\/2024\/08\/FRIO.png\",\"datePublished\":\"2024-08-18T21:23:33+00:00\",\"dateModified\":\"2024-08-19T02:25:54+00:00\",\"breadcrumb\":{\"@id\":\"https:\/\/apuntesdesanluis.com\/index.php\/2024\/08\/18\/atencion-gente-a-abrigarse-que-vuelve-el-frio-esta-semana\/#breadcrumb\"},\"inLanguage\":\"es-AR\",\"potentialAction\":[{\"@type\":\"ReadAction\",\"target\":[\"https:\/\/apuntesdesanluis.com\/index.php\/2024\/08\/18\/atencion-gente-a-abrigarse-que-vuelve-el-frio-esta-semana\/\"]}]},{\"@type\":\"ImageObject\",\"inLanguage\":\"es-AR\",\"@id\":\"https:\/\/apuntesdesanluis.com\/index.php\/2024\/08\/18\/atencion-gente-a-abrigarse-que-vuelve-el-frio-esta-semana\/#primaryimage\",\"url\":\"https:\/\/apuntesdesanluis.com\/wp-content\/uploads\/2024\/08\/FRIO.png\",\"contentUrl\":\"https:\/\/apuntesdesanluis.com\/wp-content\/uploads\/2024\/08\/FRIO.png\",\"width\":507,\"height\":339},{\"@type\":\"BreadcrumbList\",\"@id\":\"https:\/\/apuntesdesanluis.com\/index.php\/2024\/08\/18\/atencion-gente-a-abrigarse-que-vuelve-el-frio-esta-semana\/#breadcrumb\",\"itemListElement\":[{\"@type\":\"ListItem\",\"position\":1,\"name\":\"Inicio\",\"item\":\"https:\/\/apuntesdesanluis.com\/\"},{\"@type\":\"ListItem\",\"position\":2,\"name\":\"ATENCI\u00d3N GENTE: A ABRIGARSE QUE VUELVE EL FRIO ESTA SEMANA\"}]},{\"@type\":\"WebSite\",\"@id\":\"https:\/\/apuntesdesanluis.com\/#website\",\"url\":\"https:\/\/apuntesdesanluis.com\/\",\"name\":\"Apuntes de San Luis\",\"description\":\"\",\"publisher\":{\"@id\":\"https:\/\/apuntesdesanluis.com\/#\/schema\/person\/b55151d52296fcce64d1a72538a70b90\"},\"potentialAction\":[{\"@type\":\"SearchAction\",\"target\":{\"@type\":\"EntryPoint\",\"urlTemplate\":\"https:\/\/apuntesdesanluis.com\/?s={search_term_string}\"},\"query-input\":{\"@type\":\"PropertyValueSpecification\",\"valueRequired\":true,\"valueName\":\"search_term_string\"}}],\"inLanguage\":\"es-AR\"},{\"@type\":[\"Person\",\"Organization\"],\"@id\":\"https:\/\/apuntesdesanluis.com\/#\/schema\/person\/b55151d52296fcce64d1a72538a70b90\",\"name\":\"apuntesdesanluis.com\",\"image\":{\"@type\":\"ImageObject\",\"inLanguage\":\"es-AR\",\"@id\":\"https:\/\/apuntesdesanluis.com\/#\/schema\/person\/image\/\",\"url\":\"https:\/\/apuntesdesanluis.com\/wp-content\/uploads\/2023\/07\/cropped-apuntesdesanluis.png\",\"contentUrl\":\"https:\/\/apuntesdesanluis.com\/wp-content\/uploads\/2023\/07\/cropped-apuntesdesanluis.png\",\"width\":450,\"height\":112,\"caption\":\"apuntesdesanluis.com\"},\"logo\":{\"@id\":\"https:\/\/apuntesdesanluis.com\/#\/schema\/person\/image\/\"},\"sameAs\":[\"https:\/\/apuntesdesanluis.com\"],\"url\":\"https:\/\/apuntesdesanluis.com\/index.php\/author\/apuntesdesanluis-com\/\"}]}<\/script>\n<!-- \/ Yoast SEO plugin. -->","yoast_head_json":{"title":"ATENCI\u00d3N GENTE: A ABRIGARSE QUE VUELVE EL FRIO ESTA SEMANA - Apuntes de San Luis","robots":{"index":"index","follow":"follow","max-snippet":"max-snippet:-1","max-image-preview":"max-image-preview:large","max-video-preview":"max-video-preview:-1"},"canonical":"https:\/\/apuntesdesanluis.com\/index.php\/2024\/08\/18\/atencion-gente-a-abrigarse-que-vuelve-el-frio-esta-semana\/","og_locale":"es_ES","og_type":"article","og_title":"ATENCI\u00d3N GENTE: A ABRIGARSE QUE VUELVE EL FRIO ESTA SEMANA - Apuntes de San Luis","og_description":"La Red de Estaciones Meteorol\u00f3gicas inform\u00f3 este domingo que se espera en la provincia desde...","og_url":"https:\/\/apuntesdesanluis.com\/index.php\/2024\/08\/18\/atencion-gente-a-abrigarse-que-vuelve-el-frio-esta-semana\/","og_site_name":"Apuntes de San Luis","article_published_time":"2024-08-18T21:23:33+00:00","article_modified_time":"2024-08-19T02:25:54+00:00","og_image":[{"width":507,"height":339,"url":"https:\/\/apuntesdesanluis.com\/wp-content\/uploads\/2024\/08\/FRIO.png","type":"image\/png"}],"author":"apuntesdesanluis.com","twitter_card":"summary_large_image","twitter_misc":{"Escrito por":"apuntesdesanluis.com","Tiempo de lectura":"2 minutos"},"schema":{"@context":"https:\/\/schema.org","@graph":[{"@type":"Article","@id":"https:\/\/apuntesdesanluis.com\/index.php\/2024\/08\/18\/atencion-gente-a-abrigarse-que-vuelve-el-frio-esta-semana\/#article","isPartOf":{"@id":"https:\/\/apuntesdesanluis.com\/index.php\/2024\/08\/18\/atencion-gente-a-abrigarse-que-vuelve-el-frio-esta-semana\/"},"author":{"name":"apuntesdesanluis.com","@id":"https:\/\/apuntesdesanluis.com\/#\/schema\/person\/b55151d52296fcce64d1a72538a70b90"},"headline":"ATENCI\u00d3N GENTE: A ABRIGARSE QUE VUELVE EL FRIO ESTA SEMANA","datePublished":"2024-08-18T21:23:33+00:00","dateModified":"2024-08-19T02:25:54+00:00","mainEntityOfPage":{"@id":"https:\/\/apuntesdesanluis.com\/index.php\/2024\/08\/18\/atencion-gente-a-abrigarse-que-vuelve-el-frio-esta-semana\/"},"wordCount":217,"publisher":{"@id":"https:\/\/apuntesdesanluis.com\/#\/schema\/person\/b55151d52296fcce64d1a72538a70b90"},"image":{"@id":"https:\/\/apuntesdesanluis.com\/index.php\/2024\/08\/18\/atencion-gente-a-abrigarse-que-vuelve-el-frio-esta-semana\/#primaryimage"},"thumbnailUrl":"https:\/\/apuntesdesanluis.com\/wp-content\/uploads\/2024\/08\/FRIO.png","articleSection":["Ciudad\/Provincia"],"inLanguage":"es-AR"},{"@type":"WebPage","@id":"https:\/\/apuntesdesanluis.com\/index.php\/2024\/08\/18\/atencion-gente-a-abrigarse-que-vuelve-el-frio-esta-semana\/","url":"https:\/\/apuntesdesanluis.com\/index.php\/2024\/08\/18\/atencion-gente-a-abrigarse-que-vuelve-el-frio-esta-semana\/","name":"ATENCI\u00d3N GENTE: A ABRIGARSE QUE VUELVE EL FRIO ESTA SEMANA - Apuntes de San Luis","isPartOf":{"@id":"https:\/\/apuntesdesanluis.com\/#website"},"primaryImageOfPage":{"@id":"https:\/\/apuntesdesanluis.com\/index.php\/2024\/08\/18\/atencion-gente-a-abrigarse-que-vuelve-el-frio-esta-semana\/#primaryimage"},"image":{"@id":"https:\/\/apuntesdesanluis.com\/index.php\/2024\/08\/18\/atencion-gente-a-abrigarse-que-vuelve-el-frio-esta-semana\/#primaryimage"},"thumbnailUrl":"https:\/\/apuntesdesanluis.com\/wp-content\/uploads\/2024\/08\/FRIO.png","datePublished":"2024-08-18T21:23:33+00:00","dateModified":"2024-08-19T02:25:54+00:00","breadcrumb":{"@id":"https:\/\/apuntesdesanluis.com\/index.php\/2024\/08\/18\/atencion-gente-a-abrigarse-que-vuelve-el-frio-esta-semana\/#breadcrumb"},"inLanguage":"es-AR","potentialAction":[{"@type":"ReadAction","target":["https:\/\/apuntesdesanluis.com\/index.php\/2024\/08\/18\/atencion-gente-a-abrigarse-que-vuelve-el-frio-esta-semana\/"]}]},{"@type":"ImageObject","inLanguage":"es-AR","@id":"https:\/\/apuntesdesanluis.com\/index.php\/2024\/08\/18\/atencion-gente-a-abrigarse-que-vuelve-el-frio-esta-semana\/#primaryimage","url":"https:\/\/apuntesdesanluis.com\/wp-content\/uploads\/2024\/08\/FRIO.png","contentUrl":"https:\/\/apuntesdesanluis.com\/wp-content\/uploads\/2024\/08\/FRIO.png","width":507,"height":339},{"@type":"BreadcrumbList","@id":"https:\/\/apuntesdesanluis.com\/index.php\/2024\/08\/18\/atencion-gente-a-abrigarse-que-vuelve-el-frio-esta-semana\/#breadcrumb","itemListElement":[{"@type":"ListItem","position":1,"name":"Inicio","item":"https:\/\/apuntesdesanluis.com\/"},{"@type":"ListItem","position":2,"name":"ATENCI\u00d3N GENTE: A ABRIGARSE QUE VUELVE EL FRIO ESTA SEMANA"}]},{"@type":"WebSite","@id":"https:\/\/apuntesdesanluis.com\/#website","url":"https:\/\/apuntesdesanluis.com\/","name":"Apuntes de San Luis","description":"","publisher":{"@id":"https:\/\/apuntesdesanluis.com\/#\/schema\/person\/b55151d52296fcce64d1a72538a70b90"},"potentialAction":[{"@type":"SearchAction","target":{"@type":"EntryPoint","urlTemplate":"https:\/\/apuntesdesanluis.com\/?s={search_term_string}"},"query-input":{"@type":"PropertyValueSpecification","valueRequired":true,"valueName":"search_term_string"}}],"inLanguage":"es-AR"},{"@type":["Person","Organization"],"@id":"https:\/\/apuntesdesanluis.com\/#\/schema\/person\/b55151d52296fcce64d1a72538a70b90","name":"apuntesdesanluis.com","image":{"@type":"ImageObject","inLanguage":"es-AR","@id":"https:\/\/apuntesdesanluis.com\/#\/schema\/person\/image\/","url":"https:\/\/apuntesdesanluis.com\/wp-content\/uploads\/2023\/07\/cropped-apuntesdesanluis.png","contentUrl":"https:\/\/apuntesdesanluis.com\/wp-content\/uploads\/2023\/07\/cropped-apuntesdesanluis.png","width":450,"height":112,"caption":"apuntesdesanluis.com"},"logo":{"@id":"https:\/\/apuntesdesanluis.com\/#\/schema\/person\/image\/"},"sameAs":["https:\/\/apuntesdesanluis.com"],"url":"https:\/\/apuntesdesanluis.com\/index.php\/author\/apuntesdesanluis-com\/"}]}},"featured_image_urls":{"full":["https:\/\/apuntesdesanluis.com\/wp-content\/uploads\/2024\/08\/FRIO.png",507,339,false],"thumbnail":["https:\/\/apuntesdesanluis.com\/wp-content\/uploads\/2024\/08\/FRIO-150x150.png",150,150,true],"medium":["https:\/\/apuntesdesanluis.com\/wp-content\/uploads\/2024\/08\/FRIO-300x201.png",300,201,true],"medium_large":["https:\/\/apuntesdesanluis.com\/wp-content\/uploads\/2024\/08\/FRIO.png",507,339,false],"large":["https:\/\/apuntesdesanluis.com\/wp-content\/uploads\/2024\/08\/FRIO.png",507,339,false],"1536x1536":["https:\/\/apuntesdesanluis.com\/wp-content\/uploads\/2024\/08\/FRIO.png",507,339,false],"2048x2048":["https:\/\/apuntesdesanluis.com\/wp-content\/uploads\/2024\/08\/FRIO.png",507,339,false],"newsever-slider-full":["https:\/\/apuntesdesanluis.com\/wp-content\/uploads\/2024\/08\/FRIO.png",507,339,false],"newsever-featured":["https:\/\/apuntesdesanluis.com\/wp-content\/uploads\/2024\/08\/FRIO.png",507,339,false],"newsever-medium":["https:\/\/apuntesdesanluis.com\/wp-content\/uploads\/2024\/08\/FRIO.png",507,339,false]},"author_info":{"display_name":"apuntesdesanluis.com","author_link":"https:\/\/apuntesdesanluis.com\/index.php\/author\/apuntesdesanluis-com\/"},"category_info":"<a href=\"https:\/\/apuntesdesanluis.com\/index.php\/category\/ciudad-provincia\/\" rel=\"category tag\">Ciudad\/Provincia<\/a>","tag_info":"Ciudad\/Provincia","comment_count":"0","_links":{"self":[{"href":"https:\/\/apuntesdesanluis.com\/index.php\/wp-json\/wp\/v2\/posts\/21046","targetHints":{"allow":["GET"]}}],"collection":[{"href":"https:\/\/apuntesdesanluis.com\/index.php\/wp-json\/wp\/v2\/posts"}],"about":[{"href":"https:\/\/apuntesdesanluis.com\/index.php\/wp-json\/wp\/v2\/types\/post"}],"author":[{"embeddable":true,"href":"https:\/\/apuntesdesanluis.com\/index.php\/wp-json\/wp\/v2\/users\/1"}],"replies":[{"embeddable":true,"href":"https:\/\/apuntesdesanluis.com\/index.php\/wp-json\/wp\/v2\/comments?post=21046"}],"version-history":[{"count":1,"href":"https:\/\/apuntesdesanluis.com\/index.php\/wp-json\/wp\/v2\/posts\/21046\/revisions"}],"predecessor-version":[{"id":21048,"href":"https:\/\/apuntesdesanluis.com\/index.php\/wp-json\/wp\/v2\/posts\/21046\/revisions\/21048"}],"wp:featuredmedia":[{"embeddable":true,"href":"https:\/\/apuntesdesanluis.com\/index.php\/wp-json\/wp\/v2\/media\/21047"}],"wp:attachment":[{"href":"https:\/\/apuntesdesanluis.com\/index.php\/wp-json\/wp\/v2\/media?parent=21046"}],"wp:term":[{"taxonomy":"category","embeddable":true,"href":"https:\/\/apuntesdesanluis.com\/index.php\/wp-json\/wp\/v2\/categories?post=21046"},{"taxonomy":"post_tag","embeddable":true,"href":"https:\/\/apuntesdesanluis.com\/index.php\/wp-json\/wp\/v2\/tags?post=21046"}],"curies":[{"name":"wp","href":"https:\/\/api.w.org\/{rel}","templated":true}]}}