{"id":2105,"date":"2023-08-26T12:33:45","date_gmt":"2023-08-26T15:33:45","guid":{"rendered":"https:\/\/apuntesdesanluis.com\/?p=2105"},"modified":"2023-08-26T12:36:25","modified_gmt":"2023-08-26T15:36:25","slug":"cardarelli-del-sijupu-claramente-es-un-porcentaje-insuficiente","status":"publish","type":"post","link":"https:\/\/apuntesdesanluis.com\/index.php\/2023\/08\/26\/cardarelli-del-sijupu-claramente-es-un-porcentaje-insuficiente\/","title":{"rendered":"CARDARELLI, DEL SIJUPU: \u201cCLARAMENTE EL PORCENTAJE DE AUMENTO ES INSUFICIENTE\u201d"},"content":{"rendered":"<h3>Tras el aumento salarial del 10% que anunci\u00f3 el jueves el gobernador Alberto Rodr\u00edguez Sa\u00e1, el gremio de los judiciales tambi\u00e9n expres\u00f3 su disconformidad.<\/h3>\n<h3>El Secretario General del Sindicato Judiciales Puntanos (SIJUPU), <strong>Luciano Cardarelli<\/strong>, record\u00f3 que su sector hab\u00eda reclamado por nota la aplicaci\u00f3n de la cl\u00e1usula gatillo y \u201ccomo prioridad de manera urgente un 20% de incremento salarial con el sueldo de agosto\u201d, calculado sobre los haberes de julio. (<em>Ver nota aparte<\/em>).<\/h3>\n<h3>\u201cEsto lo hemos planteado en distintas oportunidades, la \u00faltima vez en diciembre pasado se lo dijimos al ministro de Hacienda Eloy Horcajo. Siempre los incrementos se calculan sobre el b\u00e1sico del mes en que se dispuso el aumento, a principios de a\u00f1o, entonces cuando se aplica en realidad el aumento que nos llega es la mitad\u201d.<\/h3>\n<h3>Aclar\u00f3 que el anuncio de un aumento salarial del 10% lo consideran \u201cclaramente insuficiente, teniendo en cuenta que julio cerr\u00f3 con un aumento acumulado de m\u00e1s del 60%, y hab\u00edamos obtenido en la provincia un 45% de incremento. A eso hay que considerar la devaluaci\u00f3n de agosto del 22% y la inflaci\u00f3n de ese mes\u201d.<\/h3>\n<h3>\u201cEst\u00e1 claro que con este aumento los salarios han quedado totalmente desfasados, por lo que en septiembre deberemos sentarnos nuevamente a negociar para tratar de lograr una recomposici\u00f3n, pero insistiremos que los incremento salariales de este segundo semestre se calculen sobre el sueldo\u00a0de\u00a0julio\u201d, concluy\u00f3.<\/h3>\n<p><img fetchpriority=\"high\" decoding=\"async\" class=\"wp-image-2106 aligncenter\" src=\"https:\/\/apuntesdesanluis.com\/wp-content\/uploads\/2023\/08\/nota-1-198x300.png\" alt=\"\" width=\"574\" height=\"870\" srcset=\"https:\/\/apuntesdesanluis.com\/wp-content\/uploads\/2023\/08\/nota-1-198x300.png 198w, https:\/\/apuntesdesanluis.com\/wp-content\/uploads\/2023\/08\/nota-1.png 486w\" sizes=\"(max-width: 574px) 100vw, 574px\" \/><\/p>\n<p><img decoding=\"async\" class=\"wp-image-2107 aligncenter\" src=\"https:\/\/apuntesdesanluis.com\/wp-content\/uploads\/2023\/08\/nota-2-248x300.png\" alt=\"\" width=\"570\" height=\"690\" srcset=\"https:\/\/apuntesdesanluis.com\/wp-content\/uploads\/2023\/08\/nota-2-248x300.png 248w, https:\/\/apuntesdesanluis.com\/wp-content\/uploads\/2023\/08\/nota-2.png 473w\" sizes=\"(max-width: 570px) 100vw, 570px\" \/><\/p>\n","protected":false},"excerpt":{"rendered":"<p>Tras el aumento salarial del 10% que anunci\u00f3 el jueves el gobernador Alberto Rodr\u00edguez Sa\u00e1,&#8230;<\/p>\n","protected":false},"author":1,"featured_media":2108,"comment_status":"closed","ping_status":"closed","sticky":false,"template":"","format":"standard","meta":{"footnotes":""},"categories":[6],"tags":[],"class_list":["post-2105","post","type-post","status-publish","format-standard","has-post-thumbnail","hentry","category-ciudad-provincia"],"yoast_head":"<!-- This site is optimized with the Yoast SEO plugin v26.1.1 - https:\/\/yoast.com\/wordpress\/plugins\/seo\/ -->\n<title>CARDARELLI, DEL SIJUPU: \u201cCLARAMENTE EL PORCENTAJE DE AUMENTO ES INSUFICIENTE\u201d - Apuntes de San Luis<\/title>\n<meta name=\"robots\" content=\"index, follow, max-snippet:-1, max-image-preview:large, max-video-preview:-1\" \/>\n<link rel=\"canonical\" href=\"https:\/\/apuntesdesanluis.com\/index.php\/2023\/08\/26\/cardarelli-del-sijupu-claramente-es-un-porcentaje-insuficiente\/\" \/>\n<meta property=\"og:locale\" content=\"es_ES\" \/>\n<meta property=\"og:type\" content=\"article\" \/>\n<meta property=\"og:title\" content=\"CARDARELLI, DEL SIJUPU: \u201cCLARAMENTE EL PORCENTAJE DE AUMENTO ES INSUFICIENTE\u201d - Apuntes de San Luis\" \/>\n<meta property=\"og:description\" content=\"Tras el aumento salarial del 10% que anunci\u00f3 el jueves el gobernador Alberto Rodr\u00edguez Sa\u00e1,...\" \/>\n<meta property=\"og:url\" content=\"https:\/\/apuntesdesanluis.com\/index.php\/2023\/08\/26\/cardarelli-del-sijupu-claramente-es-un-porcentaje-insuficiente\/\" \/>\n<meta property=\"og:site_name\" content=\"Apuntes de San Luis\" \/>\n<meta property=\"article:published_time\" content=\"2023-08-26T15:33:45+00:00\" \/>\n<meta property=\"article:modified_time\" content=\"2023-08-26T15:36:25+00:00\" \/>\n<meta property=\"og:image\" content=\"https:\/\/apuntesdesanluis.com\/wp-content\/uploads\/2023\/08\/cardarelli.png\" \/>\n\t<meta property=\"og:image:width\" content=\"600\" \/>\n\t<meta property=\"og:image:height\" content=\"389\" \/>\n\t<meta property=\"og:image:type\" content=\"image\/png\" \/>\n<meta name=\"author\" content=\"apuntesdesanluis.com\" \/>\n<meta name=\"twitter:card\" content=\"summary_large_image\" \/>\n<meta name=\"twitter:label1\" content=\"Escrito por\" \/>\n\t<meta name=\"twitter:data1\" content=\"apuntesdesanluis.com\" \/>\n\t<meta name=\"twitter:label2\" content=\"Tiempo de lectura\" \/>\n\t<meta name=\"twitter:data2\" content=\"2 minutos\" \/>\n<script type=\"application\/ld+json\" class=\"yoast-schema-graph\">{\"@context\":\"https:\/\/schema.org\",\"@graph\":[{\"@type\":\"Article\",\"@id\":\"https:\/\/apuntesdesanluis.com\/index.php\/2023\/08\/26\/cardarelli-del-sijupu-claramente-es-un-porcentaje-insuficiente\/#article\",\"isPartOf\":{\"@id\":\"https:\/\/apuntesdesanluis.com\/index.php\/2023\/08\/26\/cardarelli-del-sijupu-claramente-es-un-porcentaje-insuficiente\/\"},\"author\":{\"name\":\"apuntesdesanluis.com\",\"@id\":\"https:\/\/apuntesdesanluis.com\/#\/schema\/person\/b55151d52296fcce64d1a72538a70b90\"},\"headline\":\"CARDARELLI, DEL SIJUPU: \u201cCLARAMENTE EL PORCENTAJE DE AUMENTO ES INSUFICIENTE\u201d\",\"datePublished\":\"2023-08-26T15:33:45+00:00\",\"dateModified\":\"2023-08-26T15:36:25+00:00\",\"mainEntityOfPage\":{\"@id\":\"https:\/\/apuntesdesanluis.com\/index.php\/2023\/08\/26\/cardarelli-del-sijupu-claramente-es-un-porcentaje-insuficiente\/\"},\"wordCount\":246,\"publisher\":{\"@id\":\"https:\/\/apuntesdesanluis.com\/#\/schema\/person\/b55151d52296fcce64d1a72538a70b90\"},\"image\":{\"@id\":\"https:\/\/apuntesdesanluis.com\/index.php\/2023\/08\/26\/cardarelli-del-sijupu-claramente-es-un-porcentaje-insuficiente\/#primaryimage\"},\"thumbnailUrl\":\"https:\/\/apuntesdesanluis.com\/wp-content\/uploads\/2023\/08\/cardarelli.png\",\"articleSection\":[\"Ciudad\/Provincia\"],\"inLanguage\":\"es-AR\"},{\"@type\":\"WebPage\",\"@id\":\"https:\/\/apuntesdesanluis.com\/index.php\/2023\/08\/26\/cardarelli-del-sijupu-claramente-es-un-porcentaje-insuficiente\/\",\"url\":\"https:\/\/apuntesdesanluis.com\/index.php\/2023\/08\/26\/cardarelli-del-sijupu-claramente-es-un-porcentaje-insuficiente\/\",\"name\":\"CARDARELLI, DEL SIJUPU: \u201cCLARAMENTE EL PORCENTAJE DE AUMENTO ES INSUFICIENTE\u201d - Apuntes de San Luis\",\"isPartOf\":{\"@id\":\"https:\/\/apuntesdesanluis.com\/#website\"},\"primaryImageOfPage\":{\"@id\":\"https:\/\/apuntesdesanluis.com\/index.php\/2023\/08\/26\/cardarelli-del-sijupu-claramente-es-un-porcentaje-insuficiente\/#primaryimage\"},\"image\":{\"@id\":\"https:\/\/apuntesdesanluis.com\/index.php\/2023\/08\/26\/cardarelli-del-sijupu-claramente-es-un-porcentaje-insuficiente\/#primaryimage\"},\"thumbnailUrl\":\"https:\/\/apuntesdesanluis.com\/wp-content\/uploads\/2023\/08\/cardarelli.png\",\"datePublished\":\"2023-08-26T15:33:45+00:00\",\"dateModified\":\"2023-08-26T15:36:25+00:00\",\"breadcrumb\":{\"@id\":\"https:\/\/apuntesdesanluis.com\/index.php\/2023\/08\/26\/cardarelli-del-sijupu-claramente-es-un-porcentaje-insuficiente\/#breadcrumb\"},\"inLanguage\":\"es-AR\",\"potentialAction\":[{\"@type\":\"ReadAction\",\"target\":[\"https:\/\/apuntesdesanluis.com\/index.php\/2023\/08\/26\/cardarelli-del-sijupu-claramente-es-un-porcentaje-insuficiente\/\"]}]},{\"@type\":\"ImageObject\",\"inLanguage\":\"es-AR\",\"@id\":\"https:\/\/apuntesdesanluis.com\/index.php\/2023\/08\/26\/cardarelli-del-sijupu-claramente-es-un-porcentaje-insuficiente\/#primaryimage\",\"url\":\"https:\/\/apuntesdesanluis.com\/wp-content\/uploads\/2023\/08\/cardarelli.png\",\"contentUrl\":\"https:\/\/apuntesdesanluis.com\/wp-content\/uploads\/2023\/08\/cardarelli.png\",\"width\":600,\"height\":389},{\"@type\":\"BreadcrumbList\",\"@id\":\"https:\/\/apuntesdesanluis.com\/index.php\/2023\/08\/26\/cardarelli-del-sijupu-claramente-es-un-porcentaje-insuficiente\/#breadcrumb\",\"itemListElement\":[{\"@type\":\"ListItem\",\"position\":1,\"name\":\"Inicio\",\"item\":\"https:\/\/apuntesdesanluis.com\/\"},{\"@type\":\"ListItem\",\"position\":2,\"name\":\"CARDARELLI, DEL SIJUPU: \u201cCLARAMENTE EL PORCENTAJE DE AUMENTO ES INSUFICIENTE\u201d\"}]},{\"@type\":\"WebSite\",\"@id\":\"https:\/\/apuntesdesanluis.com\/#website\",\"url\":\"https:\/\/apuntesdesanluis.com\/\",\"name\":\"Apuntes de San Luis\",\"description\":\"\",\"publisher\":{\"@id\":\"https:\/\/apuntesdesanluis.com\/#\/schema\/person\/b55151d52296fcce64d1a72538a70b90\"},\"potentialAction\":[{\"@type\":\"SearchAction\",\"target\":{\"@type\":\"EntryPoint\",\"urlTemplate\":\"https:\/\/apuntesdesanluis.com\/?s={search_term_string}\"},\"query-input\":{\"@type\":\"PropertyValueSpecification\",\"valueRequired\":true,\"valueName\":\"search_term_string\"}}],\"inLanguage\":\"es-AR\"},{\"@type\":[\"Person\",\"Organization\"],\"@id\":\"https:\/\/apuntesdesanluis.com\/#\/schema\/person\/b55151d52296fcce64d1a72538a70b90\",\"name\":\"apuntesdesanluis.com\",\"image\":{\"@type\":\"ImageObject\",\"inLanguage\":\"es-AR\",\"@id\":\"https:\/\/apuntesdesanluis.com\/#\/schema\/person\/image\/\",\"url\":\"https:\/\/apuntesdesanluis.com\/wp-content\/uploads\/2023\/07\/cropped-apuntesdesanluis.png\",\"contentUrl\":\"https:\/\/apuntesdesanluis.com\/wp-content\/uploads\/2023\/07\/cropped-apuntesdesanluis.png\",\"width\":450,\"height\":112,\"caption\":\"apuntesdesanluis.com\"},\"logo\":{\"@id\":\"https:\/\/apuntesdesanluis.com\/#\/schema\/person\/image\/\"},\"sameAs\":[\"https:\/\/apuntesdesanluis.com\"],\"url\":\"https:\/\/apuntesdesanluis.com\/index.php\/author\/apuntesdesanluis-com\/\"}]}<\/script>\n<!-- \/ Yoast SEO plugin. -->","yoast_head_json":{"title":"CARDARELLI, DEL SIJUPU: \u201cCLARAMENTE EL PORCENTAJE DE AUMENTO ES INSUFICIENTE\u201d - Apuntes de San Luis","robots":{"index":"index","follow":"follow","max-snippet":"max-snippet:-1","max-image-preview":"max-image-preview:large","max-video-preview":"max-video-preview:-1"},"canonical":"https:\/\/apuntesdesanluis.com\/index.php\/2023\/08\/26\/cardarelli-del-sijupu-claramente-es-un-porcentaje-insuficiente\/","og_locale":"es_ES","og_type":"article","og_title":"CARDARELLI, DEL SIJUPU: \u201cCLARAMENTE EL PORCENTAJE DE AUMENTO ES INSUFICIENTE\u201d - Apuntes de San Luis","og_description":"Tras el aumento salarial del 10% que anunci\u00f3 el jueves el gobernador Alberto Rodr\u00edguez Sa\u00e1,...","og_url":"https:\/\/apuntesdesanluis.com\/index.php\/2023\/08\/26\/cardarelli-del-sijupu-claramente-es-un-porcentaje-insuficiente\/","og_site_name":"Apuntes de San Luis","article_published_time":"2023-08-26T15:33:45+00:00","article_modified_time":"2023-08-26T15:36:25+00:00","og_image":[{"width":600,"height":389,"url":"https:\/\/apuntesdesanluis.com\/wp-content\/uploads\/2023\/08\/cardarelli.png","type":"image\/png"}],"author":"apuntesdesanluis.com","twitter_card":"summary_large_image","twitter_misc":{"Escrito por":"apuntesdesanluis.com","Tiempo de lectura":"2 minutos"},"schema":{"@context":"https:\/\/schema.org","@graph":[{"@type":"Article","@id":"https:\/\/apuntesdesanluis.com\/index.php\/2023\/08\/26\/cardarelli-del-sijupu-claramente-es-un-porcentaje-insuficiente\/#article","isPartOf":{"@id":"https:\/\/apuntesdesanluis.com\/index.php\/2023\/08\/26\/cardarelli-del-sijupu-claramente-es-un-porcentaje-insuficiente\/"},"author":{"name":"apuntesdesanluis.com","@id":"https:\/\/apuntesdesanluis.com\/#\/schema\/person\/b55151d52296fcce64d1a72538a70b90"},"headline":"CARDARELLI, DEL SIJUPU: \u201cCLARAMENTE EL PORCENTAJE DE AUMENTO ES INSUFICIENTE\u201d","datePublished":"2023-08-26T15:33:45+00:00","dateModified":"2023-08-26T15:36:25+00:00","mainEntityOfPage":{"@id":"https:\/\/apuntesdesanluis.com\/index.php\/2023\/08\/26\/cardarelli-del-sijupu-claramente-es-un-porcentaje-insuficiente\/"},"wordCount":246,"publisher":{"@id":"https:\/\/apuntesdesanluis.com\/#\/schema\/person\/b55151d52296fcce64d1a72538a70b90"},"image":{"@id":"https:\/\/apuntesdesanluis.com\/index.php\/2023\/08\/26\/cardarelli-del-sijupu-claramente-es-un-porcentaje-insuficiente\/#primaryimage"},"thumbnailUrl":"https:\/\/apuntesdesanluis.com\/wp-content\/uploads\/2023\/08\/cardarelli.png","articleSection":["Ciudad\/Provincia"],"inLanguage":"es-AR"},{"@type":"WebPage","@id":"https:\/\/apuntesdesanluis.com\/index.php\/2023\/08\/26\/cardarelli-del-sijupu-claramente-es-un-porcentaje-insuficiente\/","url":"https:\/\/apuntesdesanluis.com\/index.php\/2023\/08\/26\/cardarelli-del-sijupu-claramente-es-un-porcentaje-insuficiente\/","name":"CARDARELLI, DEL SIJUPU: \u201cCLARAMENTE EL PORCENTAJE DE AUMENTO ES INSUFICIENTE\u201d - Apuntes de San Luis","isPartOf":{"@id":"https:\/\/apuntesdesanluis.com\/#website"},"primaryImageOfPage":{"@id":"https:\/\/apuntesdesanluis.com\/index.php\/2023\/08\/26\/cardarelli-del-sijupu-claramente-es-un-porcentaje-insuficiente\/#primaryimage"},"image":{"@id":"https:\/\/apuntesdesanluis.com\/index.php\/2023\/08\/26\/cardarelli-del-sijupu-claramente-es-un-porcentaje-insuficiente\/#primaryimage"},"thumbnailUrl":"https:\/\/apuntesdesanluis.com\/wp-content\/uploads\/2023\/08\/cardarelli.png","datePublished":"2023-08-26T15:33:45+00:00","dateModified":"2023-08-26T15:36:25+00:00","breadcrumb":{"@id":"https:\/\/apuntesdesanluis.com\/index.php\/2023\/08\/26\/cardarelli-del-sijupu-claramente-es-un-porcentaje-insuficiente\/#breadcrumb"},"inLanguage":"es-AR","potentialAction":[{"@type":"ReadAction","target":["https:\/\/apuntesdesanluis.com\/index.php\/2023\/08\/26\/cardarelli-del-sijupu-claramente-es-un-porcentaje-insuficiente\/"]}]},{"@type":"ImageObject","inLanguage":"es-AR","@id":"https:\/\/apuntesdesanluis.com\/index.php\/2023\/08\/26\/cardarelli-del-sijupu-claramente-es-un-porcentaje-insuficiente\/#primaryimage","url":"https:\/\/apuntesdesanluis.com\/wp-content\/uploads\/2023\/08\/cardarelli.png","contentUrl":"https:\/\/apuntesdesanluis.com\/wp-content\/uploads\/2023\/08\/cardarelli.png","width":600,"height":389},{"@type":"BreadcrumbList","@id":"https:\/\/apuntesdesanluis.com\/index.php\/2023\/08\/26\/cardarelli-del-sijupu-claramente-es-un-porcentaje-insuficiente\/#breadcrumb","itemListElement":[{"@type":"ListItem","position":1,"name":"Inicio","item":"https:\/\/apuntesdesanluis.com\/"},{"@type":"ListItem","position":2,"name":"CARDARELLI, DEL SIJUPU: \u201cCLARAMENTE EL PORCENTAJE DE AUMENTO ES INSUFICIENTE\u201d"}]},{"@type":"WebSite","@id":"https:\/\/apuntesdesanluis.com\/#website","url":"https:\/\/apuntesdesanluis.com\/","name":"Apuntes de San Luis","description":"","publisher":{"@id":"https:\/\/apuntesdesanluis.com\/#\/schema\/person\/b55151d52296fcce64d1a72538a70b90"},"potentialAction":[{"@type":"SearchAction","target":{"@type":"EntryPoint","urlTemplate":"https:\/\/apuntesdesanluis.com\/?s={search_term_string}"},"query-input":{"@type":"PropertyValueSpecification","valueRequired":true,"valueName":"search_term_string"}}],"inLanguage":"es-AR"},{"@type":["Person","Organization"],"@id":"https:\/\/apuntesdesanluis.com\/#\/schema\/person\/b55151d52296fcce64d1a72538a70b90","name":"apuntesdesanluis.com","image":{"@type":"ImageObject","inLanguage":"es-AR","@id":"https:\/\/apuntesdesanluis.com\/#\/schema\/person\/image\/","url":"https:\/\/apuntesdesanluis.com\/wp-content\/uploads\/2023\/07\/cropped-apuntesdesanluis.png","contentUrl":"https:\/\/apuntesdesanluis.com\/wp-content\/uploads\/2023\/07\/cropped-apuntesdesanluis.png","width":450,"height":112,"caption":"apuntesdesanluis.com"},"logo":{"@id":"https:\/\/apuntesdesanluis.com\/#\/schema\/person\/image\/"},"sameAs":["https:\/\/apuntesdesanluis.com"],"url":"https:\/\/apuntesdesanluis.com\/index.php\/author\/apuntesdesanluis-com\/"}]}},"featured_image_urls":{"full":["https:\/\/apuntesdesanluis.com\/wp-content\/uploads\/2023\/08\/cardarelli.png",600,389,false],"thumbnail":["https:\/\/apuntesdesanluis.com\/wp-content\/uploads\/2023\/08\/cardarelli-150x150.png",150,150,true],"medium":["https:\/\/apuntesdesanluis.com\/wp-content\/uploads\/2023\/08\/cardarelli-300x195.png",300,195,true],"medium_large":["https:\/\/apuntesdesanluis.com\/wp-content\/uploads\/2023\/08\/cardarelli.png",600,389,false],"large":["https:\/\/apuntesdesanluis.com\/wp-content\/uploads\/2023\/08\/cardarelli.png",600,389,false],"1536x1536":["https:\/\/apuntesdesanluis.com\/wp-content\/uploads\/2023\/08\/cardarelli.png",600,389,false],"2048x2048":["https:\/\/apuntesdesanluis.com\/wp-content\/uploads\/2023\/08\/cardarelli.png",600,389,false],"newsever-slider-full":["https:\/\/apuntesdesanluis.com\/wp-content\/uploads\/2023\/08\/cardarelli.png",600,389,false],"newsever-featured":["https:\/\/apuntesdesanluis.com\/wp-content\/uploads\/2023\/08\/cardarelli.png",600,389,false],"newsever-medium":["https:\/\/apuntesdesanluis.com\/wp-content\/uploads\/2023\/08\/cardarelli.png",600,389,false]},"author_info":{"display_name":"apuntesdesanluis.com","author_link":"https:\/\/apuntesdesanluis.com\/index.php\/author\/apuntesdesanluis-com\/"},"category_info":"<a href=\"https:\/\/apuntesdesanluis.com\/index.php\/category\/ciudad-provincia\/\" rel=\"category tag\">Ciudad\/Provincia<\/a>","tag_info":"Ciudad\/Provincia","comment_count":"0","_links":{"self":[{"href":"https:\/\/apuntesdesanluis.com\/index.php\/wp-json\/wp\/v2\/posts\/2105","targetHints":{"allow":["GET"]}}],"collection":[{"href":"https:\/\/apuntesdesanluis.com\/index.php\/wp-json\/wp\/v2\/posts"}],"about":[{"href":"https:\/\/apuntesdesanluis.com\/index.php\/wp-json\/wp\/v2\/types\/post"}],"author":[{"embeddable":true,"href":"https:\/\/apuntesdesanluis.com\/index.php\/wp-json\/wp\/v2\/users\/1"}],"replies":[{"embeddable":true,"href":"https:\/\/apuntesdesanluis.com\/index.php\/wp-json\/wp\/v2\/comments?post=2105"}],"version-history":[{"count":5,"href":"https:\/\/apuntesdesanluis.com\/index.php\/wp-json\/wp\/v2\/posts\/2105\/revisions"}],"predecessor-version":[{"id":2113,"href":"https:\/\/apuntesdesanluis.com\/index.php\/wp-json\/wp\/v2\/posts\/2105\/revisions\/2113"}],"wp:featuredmedia":[{"embeddable":true,"href":"https:\/\/apuntesdesanluis.com\/index.php\/wp-json\/wp\/v2\/media\/2108"}],"wp:attachment":[{"href":"https:\/\/apuntesdesanluis.com\/index.php\/wp-json\/wp\/v2\/media?parent=2105"}],"wp:term":[{"taxonomy":"category","embeddable":true,"href":"https:\/\/apuntesdesanluis.com\/index.php\/wp-json\/wp\/v2\/categories?post=2105"},{"taxonomy":"post_tag","embeddable":true,"href":"https:\/\/apuntesdesanluis.com\/index.php\/wp-json\/wp\/v2\/tags?post=2105"}],"curies":[{"name":"wp","href":"https:\/\/api.w.org\/{rel}","templated":true}]}}