{"id":21061,"date":"2024-08-19T19:39:28","date_gmt":"2024-08-19T22:39:28","guid":{"rendered":"https:\/\/apuntesdesanluis.com\/?p=21061"},"modified":"2024-08-19T19:39:28","modified_gmt":"2024-08-19T22:39:28","slug":"confirman-sentencia-por-mala-praxis-en-procedimiento-de-dialisis","status":"publish","type":"post","link":"https:\/\/apuntesdesanluis.com\/index.php\/2024\/08\/19\/confirman-sentencia-por-mala-praxis-en-procedimiento-de-dialisis\/","title":{"rendered":"CONFIRMAN SENTENCIA POR MALA PRAXIS EN PROCEDIMIENTO DE DI\u00c1LISIS"},"content":{"rendered":"<h3>La primera instancia hizo lugar al reclamo y conden\u00f3 a la empresa de salud a abonar, en concepto de reparaci\u00f3n integral una suma de dinero por ocasionar lesiones padecidas en virtud de la mala praxis.<\/h3>\n<h3>La causa inici\u00f3 con la demanda de un ciudadano por los da\u00f1os ocasionados por mala praxis m\u00e9dica originada a ra\u00edz de una deficiente atenci\u00f3n en un centro de salud donde realizan di\u00e1lisis.<\/h3>\n<h3>El paciente padece de una insuficiencia renal cr\u00f3nica y tiene un trasplante de ri\u00f1\u00f3n, hace muchos a\u00f1os que se realiza constantes tratamientos entre ellos hemodi\u00e1lisis. En la oportunidad en que se encontraba realizando la di\u00e1lisis de rutina y debido a una deficiente colocaci\u00f3n del instrumental correspondiente, se desconect\u00f3 la gu\u00eda del cat\u00e9ter y le ocasion\u00f3 una p\u00e9rdida hem\u00e1tica lo que gener\u00f3 un shock hipovol\u00e9mico y una hipotensi\u00f3n extrema.<\/h3>\n<h3>Luego, en otra sesi\u00f3n de di\u00e1lisis, el paciente esgrimi\u00f3 que le colocaron filtros de mala calidad y que para contrarrestar los resultados le inyectaron una dosis alta de anticoagulante con el fin de evitar que por el espesor de la sangre se obstruyeran dichos filtros, esta maniobra le provoc\u00f3 secuelas irreversibles.<\/h3>\n<h3>La Dra. Cynthia Alcaraz D\u00edaz \u2013Juez del Juzgado Civil, Comercial y Ambiental N\u00ba 3 de la Segunda Circunscripci\u00f3n Judicial- hizo lugar parcialmente al reclamo del hombre y conden\u00f3 al centro de salud y a la compa\u00f1\u00eda de seguros a abonarle una suma de dinero en concepto de reparaci\u00f3n integral por los da\u00f1os ocasionados. Al valorar la prueba y emitir su resoluci\u00f3n, la magistrada tuvo en cuenta, entre m\u00faltiples consideraciones, el incumplimiento de deberes de asistencia y seguridad, consecuencias en la salud del demandante, limitaciones al momento del desarrollo de actividades f\u00edsicas o de recreaci\u00f3n, impacto para el acceso laboral registrado, la intromisi\u00f3n de la lesi\u00f3n en la vida en sociedad etc.<\/h3>\n<p><img fetchpriority=\"high\" decoding=\"async\" class=\"wp-image-21063 aligncenter\" src=\"https:\/\/apuntesdesanluis.com\/wp-content\/uploads\/2024\/08\/FALLO-MARTILLO-300x169.png\" alt=\"\" width=\"486\" height=\"274\" srcset=\"https:\/\/apuntesdesanluis.com\/wp-content\/uploads\/2024\/08\/FALLO-MARTILLO-300x169.png 300w, https:\/\/apuntesdesanluis.com\/wp-content\/uploads\/2024\/08\/FALLO-MARTILLO.png 685w\" sizes=\"(max-width: 486px) 100vw, 486px\" \/><\/p>\n<h3>Al momento del c\u00e1lculo del monto de indemnizaci\u00f3n, la magistrada sostuvo: \u201cFijar una reparaci\u00f3n razonable constituye una cuesti\u00f3n de hecho y es facultad privativa de los jueces, para ello deber\u00e1 mensurarse adecuada y prudentemente los diversos factores que tienen incidencia directa e indirecta en el resultado indemnizatorio, procurando no se desvirt\u00fae el sentido y objeto buscado por la indemnizaci\u00f3n y teniendo en cuenta factores como: la remuneraci\u00f3n percibida por el afectado, tiempo que le resta para acceder al beneficio de la jubilaci\u00f3n y\/o resto de vida \u00fatil, da\u00f1o sufrido, car\u00e1cter de la lesi\u00f3n si es parcial, total, temporal o permanente, su porcentaje respecto de la total obrera, grupo familiar, posibilidad de reingreso al mercado laboral dado su estado actual certificado por los peritos, etc\u201d.<\/h3>\n<h3>En relaci\u00f3n a la aseguradora, y en atenci\u00f3n a la franquicia, resolvi\u00f3 que la misma deb\u00eda responder hasta el l\u00edmite de la cobertura.<\/h3>\n<h3>Asimismo, el hombre apel\u00f3 dicha resoluci\u00f3n porque consider\u00f3 que no se tuvo en cuenta el grado de incapacidad y que se adopt\u00f3 uno inferior en la resoluci\u00f3n. Adem\u00e1s consider\u00f3 escaso el monto de la indemnizaci\u00f3n.<\/h3>\n<h3>Por otro lado, la aseguradora tambi\u00e9n apel\u00f3, manifestando que no hay aporte ni sustento cient\u00edfico para justificar la condena. La Sala Civil de la C\u00e1mara de Apelaciones en lo Civil, Comercial, Ambiental, Familia, Ni\u00f1ez, Adolescencia, Violencia y Laboral de la Segunda Circunscripci\u00f3n Judicial resolvi\u00f3 revocar la sentencia de primera instancia y rechazar la acci\u00f3n entablada en contra de la instituci\u00f3n de salud y la aseguradora.<\/h3>\n<h3>En consecuencia, la parte actora (hombre) interpuso un recurso de queja y un recurso de inconstitucionalidad que fue tratado por el Superior Tribunal de Justicia quien resolvi\u00f3 revocar la sentencia de la Sala Civil y confirmar la de primera instancia dictada por la Dra. Cynthia Alcaraz D\u00edaz.<\/h3>\n<h3>Entre varias consideraciones, el Tribunal tuvo en cuenta que en este caso\u00a0 qued\u00f3 acreditada la falta de la debida diligencia por parte de la cl\u00ednica demandada y que ello surge de los propios hechos relatados, de la pericia m\u00e9dica acompa\u00f1ada, de certificados m\u00e9dicos, etc. \u201cEl m\u00e9dico tiene la obligaci\u00f3n de actuar con prudencia y pleno conocimiento de las cosas. Debe procurar el restablecimiento de la salud del paciente aplicando la m\u00e1xima diligencia posible. Su compromiso consiste en atender al paciente con prudencia proporcion\u00e1ndole los cuidados conducentes al logro de su recuperaci\u00f3n (\u2026) en el caso de autos la impericia se encuentra acreditada y su consecuencia son los hechos denunciados\u201d.<\/h3>\n<h3>El tribunal \u2013 integrado por los Dres. Eduardo Allende, Andrea Carolina Monte Riso, Jorge Levingston y Jos\u00e9 Guillermo L\u2019Huillier- , consider\u00f3 que la pericia acompa\u00f1ada resulta un medio probatorio con entidad suficiente para acreditar eficientemente el da\u00f1o reclamado.<\/h3>\n<h3>\u201cLa obligaci\u00f3n que liga al establecimiento asistencial con el paciente, que utiliz\u00f3 tanto a su personal m\u00e9dico como a las instalaciones necesarias para su atenci\u00f3n y tratamiento, es de naturaleza contractual. Es as\u00ed que el deber de reparar surge de la obligaci\u00f3n t\u00e1cita de seguridad que le incumbe y que funciona en car\u00e1cter accesorio del deber principal de prestar asistencia con los medios y personal adecuado. De ah\u00ed que la demostraci\u00f3n de negligencia u omisi\u00f3n en el servicio m\u00e9dico o en el tratamiento pondr\u00e1 de manifiesto la transgresi\u00f3n de la prestaci\u00f3n debida.\u201d, manifiesta la resoluci\u00f3n.<\/h3>\n<h3>Finalmente, el Superior Tribunal de Justicia hizo lugar al recurso extraordinario de inconstitucionalidad por arbitrariedad de sentencia interpuesto y revoc\u00f3 la sentencia dictada por Sala Civil de la Excma. C\u00e1mara de Apelaciones en lo Civil, Comercial, Ambiental, Familia, Ni\u00f1ez, Adolescencia, Violencia y Laboral de la Segunda Circunscripci\u00f3n Judicial.<\/h3>\n<h3>Asimismo, hizo lugar a la demanda presentada por el actor y conden\u00f3 a la empresa de salud y a la aseguradora a abonarle una suma de dinero, en concepto de indemnizaci\u00f3n de da\u00f1os y perjuicios, actualizable conforme la Tasa Activa Cartera General del Banco de la Naci\u00f3n Argentina desde la fecha de consolidaci\u00f3n del da\u00f1o y hasta su efectivo pago.<\/h3>\n<p>&nbsp;<\/p>\n<p>&nbsp;<\/p>\n<p>&nbsp;<\/p>\n<p>&nbsp;<\/p>\n<p>&nbsp;<\/p>\n<p>&nbsp;<\/p>\n","protected":false},"excerpt":{"rendered":"<p>La primera instancia hizo lugar al reclamo y conden\u00f3 a la empresa de salud a&#8230;<\/p>\n","protected":false},"author":1,"featured_media":21062,"comment_status":"closed","ping_status":"closed","sticky":false,"template":"","format":"standard","meta":{"footnotes":""},"categories":[6],"tags":[],"class_list":["post-21061","post","type-post","status-publish","format-standard","has-post-thumbnail","hentry","category-ciudad-provincia"],"yoast_head":"<!-- This site is optimized with the Yoast SEO plugin v26.1.1 - https:\/\/yoast.com\/wordpress\/plugins\/seo\/ -->\n<title>CONFIRMAN SENTENCIA POR MALA PRAXIS EN PROCEDIMIENTO DE DI\u00c1LISIS - Apuntes de San Luis<\/title>\n<meta name=\"robots\" content=\"index, follow, max-snippet:-1, max-image-preview:large, max-video-preview:-1\" \/>\n<link rel=\"canonical\" href=\"https:\/\/apuntesdesanluis.com\/index.php\/2024\/08\/19\/confirman-sentencia-por-mala-praxis-en-procedimiento-de-dialisis\/\" \/>\n<meta property=\"og:locale\" content=\"es_ES\" \/>\n<meta property=\"og:type\" content=\"article\" \/>\n<meta property=\"og:title\" content=\"CONFIRMAN SENTENCIA POR MALA PRAXIS EN PROCEDIMIENTO DE DI\u00c1LISIS - Apuntes de San Luis\" \/>\n<meta property=\"og:description\" content=\"La primera instancia hizo lugar al reclamo y conden\u00f3 a la empresa de salud a...\" \/>\n<meta property=\"og:url\" content=\"https:\/\/apuntesdesanluis.com\/index.php\/2024\/08\/19\/confirman-sentencia-por-mala-praxis-en-procedimiento-de-dialisis\/\" \/>\n<meta property=\"og:site_name\" content=\"Apuntes de San Luis\" \/>\n<meta property=\"article:published_time\" content=\"2024-08-19T22:39:28+00:00\" \/>\n<meta property=\"og:image\" content=\"https:\/\/apuntesdesanluis.com\/wp-content\/uploads\/2024\/08\/DIALISIS.png\" \/>\n\t<meta property=\"og:image:width\" content=\"700\" \/>\n\t<meta property=\"og:image:height\" content=\"452\" \/>\n\t<meta property=\"og:image:type\" content=\"image\/png\" \/>\n<meta name=\"author\" content=\"apuntesdesanluis.com\" \/>\n<meta name=\"twitter:card\" content=\"summary_large_image\" \/>\n<meta name=\"twitter:label1\" content=\"Escrito por\" \/>\n\t<meta name=\"twitter:data1\" content=\"apuntesdesanluis.com\" \/>\n\t<meta name=\"twitter:label2\" content=\"Tiempo de lectura\" \/>\n\t<meta name=\"twitter:data2\" content=\"5 minutos\" \/>\n<script type=\"application\/ld+json\" class=\"yoast-schema-graph\">{\"@context\":\"https:\/\/schema.org\",\"@graph\":[{\"@type\":\"Article\",\"@id\":\"https:\/\/apuntesdesanluis.com\/index.php\/2024\/08\/19\/confirman-sentencia-por-mala-praxis-en-procedimiento-de-dialisis\/#article\",\"isPartOf\":{\"@id\":\"https:\/\/apuntesdesanluis.com\/index.php\/2024\/08\/19\/confirman-sentencia-por-mala-praxis-en-procedimiento-de-dialisis\/\"},\"author\":{\"name\":\"apuntesdesanluis.com\",\"@id\":\"https:\/\/apuntesdesanluis.com\/#\/schema\/person\/b55151d52296fcce64d1a72538a70b90\"},\"headline\":\"CONFIRMAN SENTENCIA POR MALA PRAXIS EN PROCEDIMIENTO DE DI\u00c1LISIS\",\"datePublished\":\"2024-08-19T22:39:28+00:00\",\"mainEntityOfPage\":{\"@id\":\"https:\/\/apuntesdesanluis.com\/index.php\/2024\/08\/19\/confirman-sentencia-por-mala-praxis-en-procedimiento-de-dialisis\/\"},\"wordCount\":1044,\"publisher\":{\"@id\":\"https:\/\/apuntesdesanluis.com\/#\/schema\/person\/b55151d52296fcce64d1a72538a70b90\"},\"image\":{\"@id\":\"https:\/\/apuntesdesanluis.com\/index.php\/2024\/08\/19\/confirman-sentencia-por-mala-praxis-en-procedimiento-de-dialisis\/#primaryimage\"},\"thumbnailUrl\":\"https:\/\/apuntesdesanluis.com\/wp-content\/uploads\/2024\/08\/DIALISIS.png\",\"articleSection\":[\"Ciudad\/Provincia\"],\"inLanguage\":\"es-AR\"},{\"@type\":\"WebPage\",\"@id\":\"https:\/\/apuntesdesanluis.com\/index.php\/2024\/08\/19\/confirman-sentencia-por-mala-praxis-en-procedimiento-de-dialisis\/\",\"url\":\"https:\/\/apuntesdesanluis.com\/index.php\/2024\/08\/19\/confirman-sentencia-por-mala-praxis-en-procedimiento-de-dialisis\/\",\"name\":\"CONFIRMAN SENTENCIA POR MALA PRAXIS EN PROCEDIMIENTO DE DI\u00c1LISIS - Apuntes de San Luis\",\"isPartOf\":{\"@id\":\"https:\/\/apuntesdesanluis.com\/#website\"},\"primaryImageOfPage\":{\"@id\":\"https:\/\/apuntesdesanluis.com\/index.php\/2024\/08\/19\/confirman-sentencia-por-mala-praxis-en-procedimiento-de-dialisis\/#primaryimage\"},\"image\":{\"@id\":\"https:\/\/apuntesdesanluis.com\/index.php\/2024\/08\/19\/confirman-sentencia-por-mala-praxis-en-procedimiento-de-dialisis\/#primaryimage\"},\"thumbnailUrl\":\"https:\/\/apuntesdesanluis.com\/wp-content\/uploads\/2024\/08\/DIALISIS.png\",\"datePublished\":\"2024-08-19T22:39:28+00:00\",\"breadcrumb\":{\"@id\":\"https:\/\/apuntesdesanluis.com\/index.php\/2024\/08\/19\/confirman-sentencia-por-mala-praxis-en-procedimiento-de-dialisis\/#breadcrumb\"},\"inLanguage\":\"es-AR\",\"potentialAction\":[{\"@type\":\"ReadAction\",\"target\":[\"https:\/\/apuntesdesanluis.com\/index.php\/2024\/08\/19\/confirman-sentencia-por-mala-praxis-en-procedimiento-de-dialisis\/\"]}]},{\"@type\":\"ImageObject\",\"inLanguage\":\"es-AR\",\"@id\":\"https:\/\/apuntesdesanluis.com\/index.php\/2024\/08\/19\/confirman-sentencia-por-mala-praxis-en-procedimiento-de-dialisis\/#primaryimage\",\"url\":\"https:\/\/apuntesdesanluis.com\/wp-content\/uploads\/2024\/08\/DIALISIS.png\",\"contentUrl\":\"https:\/\/apuntesdesanluis.com\/wp-content\/uploads\/2024\/08\/DIALISIS.png\",\"width\":700,\"height\":452},{\"@type\":\"BreadcrumbList\",\"@id\":\"https:\/\/apuntesdesanluis.com\/index.php\/2024\/08\/19\/confirman-sentencia-por-mala-praxis-en-procedimiento-de-dialisis\/#breadcrumb\",\"itemListElement\":[{\"@type\":\"ListItem\",\"position\":1,\"name\":\"Inicio\",\"item\":\"https:\/\/apuntesdesanluis.com\/\"},{\"@type\":\"ListItem\",\"position\":2,\"name\":\"CONFIRMAN SENTENCIA POR MALA PRAXIS EN PROCEDIMIENTO DE DI\u00c1LISIS\"}]},{\"@type\":\"WebSite\",\"@id\":\"https:\/\/apuntesdesanluis.com\/#website\",\"url\":\"https:\/\/apuntesdesanluis.com\/\",\"name\":\"Apuntes de San Luis\",\"description\":\"\",\"publisher\":{\"@id\":\"https:\/\/apuntesdesanluis.com\/#\/schema\/person\/b55151d52296fcce64d1a72538a70b90\"},\"potentialAction\":[{\"@type\":\"SearchAction\",\"target\":{\"@type\":\"EntryPoint\",\"urlTemplate\":\"https:\/\/apuntesdesanluis.com\/?s={search_term_string}\"},\"query-input\":{\"@type\":\"PropertyValueSpecification\",\"valueRequired\":true,\"valueName\":\"search_term_string\"}}],\"inLanguage\":\"es-AR\"},{\"@type\":[\"Person\",\"Organization\"],\"@id\":\"https:\/\/apuntesdesanluis.com\/#\/schema\/person\/b55151d52296fcce64d1a72538a70b90\",\"name\":\"apuntesdesanluis.com\",\"image\":{\"@type\":\"ImageObject\",\"inLanguage\":\"es-AR\",\"@id\":\"https:\/\/apuntesdesanluis.com\/#\/schema\/person\/image\/\",\"url\":\"https:\/\/apuntesdesanluis.com\/wp-content\/uploads\/2023\/07\/cropped-apuntesdesanluis.png\",\"contentUrl\":\"https:\/\/apuntesdesanluis.com\/wp-content\/uploads\/2023\/07\/cropped-apuntesdesanluis.png\",\"width\":450,\"height\":112,\"caption\":\"apuntesdesanluis.com\"},\"logo\":{\"@id\":\"https:\/\/apuntesdesanluis.com\/#\/schema\/person\/image\/\"},\"sameAs\":[\"https:\/\/apuntesdesanluis.com\"],\"url\":\"https:\/\/apuntesdesanluis.com\/index.php\/author\/apuntesdesanluis-com\/\"}]}<\/script>\n<!-- \/ Yoast SEO plugin. -->","yoast_head_json":{"title":"CONFIRMAN SENTENCIA POR MALA PRAXIS EN PROCEDIMIENTO DE DI\u00c1LISIS - Apuntes de San Luis","robots":{"index":"index","follow":"follow","max-snippet":"max-snippet:-1","max-image-preview":"max-image-preview:large","max-video-preview":"max-video-preview:-1"},"canonical":"https:\/\/apuntesdesanluis.com\/index.php\/2024\/08\/19\/confirman-sentencia-por-mala-praxis-en-procedimiento-de-dialisis\/","og_locale":"es_ES","og_type":"article","og_title":"CONFIRMAN SENTENCIA POR MALA PRAXIS EN PROCEDIMIENTO DE DI\u00c1LISIS - Apuntes de San Luis","og_description":"La primera instancia hizo lugar al reclamo y conden\u00f3 a la empresa de salud a...","og_url":"https:\/\/apuntesdesanluis.com\/index.php\/2024\/08\/19\/confirman-sentencia-por-mala-praxis-en-procedimiento-de-dialisis\/","og_site_name":"Apuntes de San Luis","article_published_time":"2024-08-19T22:39:28+00:00","og_image":[{"width":700,"height":452,"url":"https:\/\/apuntesdesanluis.com\/wp-content\/uploads\/2024\/08\/DIALISIS.png","type":"image\/png"}],"author":"apuntesdesanluis.com","twitter_card":"summary_large_image","twitter_misc":{"Escrito por":"apuntesdesanluis.com","Tiempo de lectura":"5 minutos"},"schema":{"@context":"https:\/\/schema.org","@graph":[{"@type":"Article","@id":"https:\/\/apuntesdesanluis.com\/index.php\/2024\/08\/19\/confirman-sentencia-por-mala-praxis-en-procedimiento-de-dialisis\/#article","isPartOf":{"@id":"https:\/\/apuntesdesanluis.com\/index.php\/2024\/08\/19\/confirman-sentencia-por-mala-praxis-en-procedimiento-de-dialisis\/"},"author":{"name":"apuntesdesanluis.com","@id":"https:\/\/apuntesdesanluis.com\/#\/schema\/person\/b55151d52296fcce64d1a72538a70b90"},"headline":"CONFIRMAN SENTENCIA POR MALA PRAXIS EN PROCEDIMIENTO DE DI\u00c1LISIS","datePublished":"2024-08-19T22:39:28+00:00","mainEntityOfPage":{"@id":"https:\/\/apuntesdesanluis.com\/index.php\/2024\/08\/19\/confirman-sentencia-por-mala-praxis-en-procedimiento-de-dialisis\/"},"wordCount":1044,"publisher":{"@id":"https:\/\/apuntesdesanluis.com\/#\/schema\/person\/b55151d52296fcce64d1a72538a70b90"},"image":{"@id":"https:\/\/apuntesdesanluis.com\/index.php\/2024\/08\/19\/confirman-sentencia-por-mala-praxis-en-procedimiento-de-dialisis\/#primaryimage"},"thumbnailUrl":"https:\/\/apuntesdesanluis.com\/wp-content\/uploads\/2024\/08\/DIALISIS.png","articleSection":["Ciudad\/Provincia"],"inLanguage":"es-AR"},{"@type":"WebPage","@id":"https:\/\/apuntesdesanluis.com\/index.php\/2024\/08\/19\/confirman-sentencia-por-mala-praxis-en-procedimiento-de-dialisis\/","url":"https:\/\/apuntesdesanluis.com\/index.php\/2024\/08\/19\/confirman-sentencia-por-mala-praxis-en-procedimiento-de-dialisis\/","name":"CONFIRMAN SENTENCIA POR MALA PRAXIS EN PROCEDIMIENTO DE DI\u00c1LISIS - Apuntes de San Luis","isPartOf":{"@id":"https:\/\/apuntesdesanluis.com\/#website"},"primaryImageOfPage":{"@id":"https:\/\/apuntesdesanluis.com\/index.php\/2024\/08\/19\/confirman-sentencia-por-mala-praxis-en-procedimiento-de-dialisis\/#primaryimage"},"image":{"@id":"https:\/\/apuntesdesanluis.com\/index.php\/2024\/08\/19\/confirman-sentencia-por-mala-praxis-en-procedimiento-de-dialisis\/#primaryimage"},"thumbnailUrl":"https:\/\/apuntesdesanluis.com\/wp-content\/uploads\/2024\/08\/DIALISIS.png","datePublished":"2024-08-19T22:39:28+00:00","breadcrumb":{"@id":"https:\/\/apuntesdesanluis.com\/index.php\/2024\/08\/19\/confirman-sentencia-por-mala-praxis-en-procedimiento-de-dialisis\/#breadcrumb"},"inLanguage":"es-AR","potentialAction":[{"@type":"ReadAction","target":["https:\/\/apuntesdesanluis.com\/index.php\/2024\/08\/19\/confirman-sentencia-por-mala-praxis-en-procedimiento-de-dialisis\/"]}]},{"@type":"ImageObject","inLanguage":"es-AR","@id":"https:\/\/apuntesdesanluis.com\/index.php\/2024\/08\/19\/confirman-sentencia-por-mala-praxis-en-procedimiento-de-dialisis\/#primaryimage","url":"https:\/\/apuntesdesanluis.com\/wp-content\/uploads\/2024\/08\/DIALISIS.png","contentUrl":"https:\/\/apuntesdesanluis.com\/wp-content\/uploads\/2024\/08\/DIALISIS.png","width":700,"height":452},{"@type":"BreadcrumbList","@id":"https:\/\/apuntesdesanluis.com\/index.php\/2024\/08\/19\/confirman-sentencia-por-mala-praxis-en-procedimiento-de-dialisis\/#breadcrumb","itemListElement":[{"@type":"ListItem","position":1,"name":"Inicio","item":"https:\/\/apuntesdesanluis.com\/"},{"@type":"ListItem","position":2,"name":"CONFIRMAN SENTENCIA POR MALA PRAXIS EN PROCEDIMIENTO DE DI\u00c1LISIS"}]},{"@type":"WebSite","@id":"https:\/\/apuntesdesanluis.com\/#website","url":"https:\/\/apuntesdesanluis.com\/","name":"Apuntes de San Luis","description":"","publisher":{"@id":"https:\/\/apuntesdesanluis.com\/#\/schema\/person\/b55151d52296fcce64d1a72538a70b90"},"potentialAction":[{"@type":"SearchAction","target":{"@type":"EntryPoint","urlTemplate":"https:\/\/apuntesdesanluis.com\/?s={search_term_string}"},"query-input":{"@type":"PropertyValueSpecification","valueRequired":true,"valueName":"search_term_string"}}],"inLanguage":"es-AR"},{"@type":["Person","Organization"],"@id":"https:\/\/apuntesdesanluis.com\/#\/schema\/person\/b55151d52296fcce64d1a72538a70b90","name":"apuntesdesanluis.com","image":{"@type":"ImageObject","inLanguage":"es-AR","@id":"https:\/\/apuntesdesanluis.com\/#\/schema\/person\/image\/","url":"https:\/\/apuntesdesanluis.com\/wp-content\/uploads\/2023\/07\/cropped-apuntesdesanluis.png","contentUrl":"https:\/\/apuntesdesanluis.com\/wp-content\/uploads\/2023\/07\/cropped-apuntesdesanluis.png","width":450,"height":112,"caption":"apuntesdesanluis.com"},"logo":{"@id":"https:\/\/apuntesdesanluis.com\/#\/schema\/person\/image\/"},"sameAs":["https:\/\/apuntesdesanluis.com"],"url":"https:\/\/apuntesdesanluis.com\/index.php\/author\/apuntesdesanluis-com\/"}]}},"featured_image_urls":{"full":["https:\/\/apuntesdesanluis.com\/wp-content\/uploads\/2024\/08\/DIALISIS.png",700,452,false],"thumbnail":["https:\/\/apuntesdesanluis.com\/wp-content\/uploads\/2024\/08\/DIALISIS-150x150.png",150,150,true],"medium":["https:\/\/apuntesdesanluis.com\/wp-content\/uploads\/2024\/08\/DIALISIS-300x194.png",300,194,true],"medium_large":["https:\/\/apuntesdesanluis.com\/wp-content\/uploads\/2024\/08\/DIALISIS.png",640,413,false],"large":["https:\/\/apuntesdesanluis.com\/wp-content\/uploads\/2024\/08\/DIALISIS.png",640,413,false],"1536x1536":["https:\/\/apuntesdesanluis.com\/wp-content\/uploads\/2024\/08\/DIALISIS.png",700,452,false],"2048x2048":["https:\/\/apuntesdesanluis.com\/wp-content\/uploads\/2024\/08\/DIALISIS.png",700,452,false],"newsever-slider-full":["https:\/\/apuntesdesanluis.com\/wp-content\/uploads\/2024\/08\/DIALISIS.png",700,452,false],"newsever-featured":["https:\/\/apuntesdesanluis.com\/wp-content\/uploads\/2024\/08\/DIALISIS.png",700,452,false],"newsever-medium":["https:\/\/apuntesdesanluis.com\/wp-content\/uploads\/2024\/08\/DIALISIS.png",700,452,false]},"author_info":{"display_name":"apuntesdesanluis.com","author_link":"https:\/\/apuntesdesanluis.com\/index.php\/author\/apuntesdesanluis-com\/"},"category_info":"<a href=\"https:\/\/apuntesdesanluis.com\/index.php\/category\/ciudad-provincia\/\" rel=\"category tag\">Ciudad\/Provincia<\/a>","tag_info":"Ciudad\/Provincia","comment_count":"0","_links":{"self":[{"href":"https:\/\/apuntesdesanluis.com\/index.php\/wp-json\/wp\/v2\/posts\/21061","targetHints":{"allow":["GET"]}}],"collection":[{"href":"https:\/\/apuntesdesanluis.com\/index.php\/wp-json\/wp\/v2\/posts"}],"about":[{"href":"https:\/\/apuntesdesanluis.com\/index.php\/wp-json\/wp\/v2\/types\/post"}],"author":[{"embeddable":true,"href":"https:\/\/apuntesdesanluis.com\/index.php\/wp-json\/wp\/v2\/users\/1"}],"replies":[{"embeddable":true,"href":"https:\/\/apuntesdesanluis.com\/index.php\/wp-json\/wp\/v2\/comments?post=21061"}],"version-history":[{"count":1,"href":"https:\/\/apuntesdesanluis.com\/index.php\/wp-json\/wp\/v2\/posts\/21061\/revisions"}],"predecessor-version":[{"id":21064,"href":"https:\/\/apuntesdesanluis.com\/index.php\/wp-json\/wp\/v2\/posts\/21061\/revisions\/21064"}],"wp:featuredmedia":[{"embeddable":true,"href":"https:\/\/apuntesdesanluis.com\/index.php\/wp-json\/wp\/v2\/media\/21062"}],"wp:attachment":[{"href":"https:\/\/apuntesdesanluis.com\/index.php\/wp-json\/wp\/v2\/media?parent=21061"}],"wp:term":[{"taxonomy":"category","embeddable":true,"href":"https:\/\/apuntesdesanluis.com\/index.php\/wp-json\/wp\/v2\/categories?post=21061"},{"taxonomy":"post_tag","embeddable":true,"href":"https:\/\/apuntesdesanluis.com\/index.php\/wp-json\/wp\/v2\/tags?post=21061"}],"curies":[{"name":"wp","href":"https:\/\/api.w.org\/{rel}","templated":true}]}}