{"id":21065,"date":"2024-08-19T19:47:26","date_gmt":"2024-08-19T22:47:26","guid":{"rendered":"https:\/\/apuntesdesanluis.com\/?p=21065"},"modified":"2024-08-19T19:47:26","modified_gmt":"2024-08-19T22:47:26","slug":"provincia-y-municipios-comenzaran-acciones-tempranas-para-prevenir-el-dengue","status":"publish","type":"post","link":"https:\/\/apuntesdesanluis.com\/index.php\/2024\/08\/19\/provincia-y-municipios-comenzaran-acciones-tempranas-para-prevenir-el-dengue\/","title":{"rendered":"PROVINCIA Y MUNICIPIOS COMENZAR\u00c1N ACCIONES TEMPRANAS PARA PREVENIR EL DENGUE"},"content":{"rendered":"<h3>En la primera etapa, la campa\u00f1a de concientizaci\u00f3n pondr\u00e1 el acento en el descacharrado y la limpieza de patios, jardines y espacios p\u00fablicos, tareas en las que tienen un rol central los vecinos y las intendencias. La segunda etapa incluir\u00e1 fumigaciones. Laboratorios Puntanos contin\u00faa la producci\u00f3n de repelente en base a citronela.<\/h3>\n<h3>El dengue fue, durante la \u00e9poca estival, una de las mayores preocupaciones de la ciudadan\u00eda en todo el pa\u00eds, por la gran cantidad de casos derivada de la proliferaci\u00f3n del Aedes aegypti, el mosquito transmisor. La prevenci\u00f3n es, seg\u00fan los especialistas, la medida m\u00e1s importante. Por ello, el Ejecutivo provincial convoc\u00f3 a los intendentes a una reuni\u00f3n de trabajo, para comenzar a implementar acciones preventivas de la enfermedad.<\/h3>\n<p><img fetchpriority=\"high\" decoding=\"async\" class=\"wp-image-21068 aligncenter\" src=\"https:\/\/apuntesdesanluis.com\/wp-content\/uploads\/2024\/08\/dengue-poggi-intendentes-300x180.png\" alt=\"\" width=\"547\" height=\"328\" srcset=\"https:\/\/apuntesdesanluis.com\/wp-content\/uploads\/2024\/08\/dengue-poggi-intendentes-300x180.png 300w, https:\/\/apuntesdesanluis.com\/wp-content\/uploads\/2024\/08\/dengue-poggi-intendentes.png 600w\" sizes=\"(max-width: 547px) 100vw, 547px\" \/><\/p>\n<h3>La reuni\u00f3n que se realiz\u00f3 este lunes en el Sal\u00f3n Blanco de Casa de Gobierno, fue encabezada por el gobernador <strong>Claudio Poggi<\/strong>. Estuvo acompa\u00f1ado por los ministros de Salud, <strong>Teresa Nigra<\/strong> y de Gobierno, <strong>Facundo Endeiza<\/strong>, junto a integrantes de sus respectivos equipos.<\/h3>\n<h3>Despu\u00e9s de la recepci\u00f3n de autoridades, la exministra de Salud, <strong>Claudia Spagnuolo<\/strong>, quien asumi\u00f3 ahora un rol central en la lucha contra el dengue, explic\u00f3 las l\u00edneas centrales de este plan.<\/h3>\n<p><img decoding=\"async\" class=\"wp-image-21066 aligncenter\" src=\"https:\/\/apuntesdesanluis.com\/wp-content\/uploads\/2024\/08\/dengue-spagnuolo-300x202.png\" alt=\"\" width=\"524\" height=\"353\" srcset=\"https:\/\/apuntesdesanluis.com\/wp-content\/uploads\/2024\/08\/dengue-spagnuolo-300x202.png 300w, https:\/\/apuntesdesanluis.com\/wp-content\/uploads\/2024\/08\/dengue-spagnuolo.png 700w\" sizes=\"(max-width: 524px) 100vw, 524px\" \/><\/p>\n<h3>El ministro Endeiza confirm\u00f3 que, a trav\u00e9s de Asuntos Municipales, invitaron a todos los jefes comunales a este encuentro para comenzar a trabajar con el plan de lucha integral. \u201cA pedido del Gobernador nos reunimos con todos ellos para conformar una mesa de trabajo para prevenir esta enfermedad que es end\u00e9mica, por lo cual hay que planificar los pasos a seguir para que, en la \u00e9poca en que puede presentarse, nos encuentre con todo organizado\u201d, dijo Nigra.<\/h3>\n<p><iframe title=\"Teresa Nigra, ministra de Salud\" width=\"640\" height=\"360\" src=\"https:\/\/www.youtube.com\/embed\/mAUq56r2BTM?feature=oembed\" frameborder=\"0\" allow=\"accelerometer; autoplay; clipboard-write; encrypted-media; gyroscope; picture-in-picture; web-share\" referrerpolicy=\"strict-origin-when-cross-origin\" allowfullscreen><\/iframe><\/p>\n<h3>La Ministra refiri\u00f3 que en esta primera etapa trabajar\u00e1n en la prevenci\u00f3n, acci\u00f3n en la que los municipios y los vecinos tienen un rol central, por el descacharrado y la limpieza de patios, jardines y espacios p\u00fablicos. \u201cEn este tiempo tenemos que trabajar sobre los huevos, las larvas de los mosquitos que pudiera haber\u201d, refiri\u00f3 Nigra, quien sum\u00f3 que esa acci\u00f3n va asociada a una campa\u00f1a de concientizaci\u00f3n por diversos medios de comunicaci\u00f3n que se pondr\u00e1 en marcha en breve.<\/h3>\n<h3>\u201cEn una segunda etapa, con el mosquito desarrollado, corresponder\u00e1 a los municipios trabajar con fumigaciones en espacios p\u00fablicos. Y a nivel intradomiciliario lo har\u00e1 el ministerio de Salud, a trav\u00e9s de sus brigadas de control de vector\u201d, detall\u00f3.<\/h3>\n<h3>Al respecto la vacuna nueva contra el dengue y su eventual adquisici\u00f3n, Nigra aclar\u00f3 que la Naci\u00f3n la recomienda para jurisdicciones \u201cen donde ha habido m\u00e1s de 4.200 casos cada 100 mil habitantes\u201d, situaci\u00f3n que no se ha dado en la provincia. \u201cComo hemos tenido algunas zonas de San Luis con muchos casos, estamos previendo si la conseguimos, lo cual no es tan sencillo, para vacunar a aquellas personas que ya han tenido la enfermedad y evitar que en un eventual pr\u00f3ximo contagio tengan un dengue grave\u201d, complet\u00f3.<\/h3>\n<h3>La Ministra inform\u00f3, adem\u00e1s, que Laboratorios Puntanos contin\u00faa con la producci\u00f3n de repelente con citronela. Tiene 20 mil frascos ya disponibles y pr\u00f3ximamente entregar\u00e1 60 mil. \u201cSu uso va a ser en momentos en los que el mosquito est\u00e9 desarrollado, que es cuando hay que evitar que pique\u201d, refiri\u00f3.<\/h3>\n<p>&nbsp;<\/p>\n<p>&nbsp;<\/p>\n<p>&nbsp;<\/p>\n<p>&nbsp;<\/p>\n<p>&nbsp;<\/p>\n<p>&nbsp;<\/p>\n<p>&nbsp;<\/p>\n","protected":false},"excerpt":{"rendered":"<p>En la primera etapa, la campa\u00f1a de concientizaci\u00f3n pondr\u00e1 el acento en el descacharrado y&#8230;<\/p>\n","protected":false},"author":1,"featured_media":21067,"comment_status":"closed","ping_status":"closed","sticky":false,"template":"","format":"standard","meta":{"footnotes":""},"categories":[6],"tags":[],"class_list":["post-21065","post","type-post","status-publish","format-standard","has-post-thumbnail","hentry","category-ciudad-provincia"],"yoast_head":"<!-- This site is optimized with the Yoast SEO plugin v26.1.1 - https:\/\/yoast.com\/wordpress\/plugins\/seo\/ -->\n<title>PROVINCIA Y MUNICIPIOS COMENZAR\u00c1N ACCIONES TEMPRANAS PARA PREVENIR EL DENGUE - Apuntes de San Luis<\/title>\n<meta name=\"robots\" content=\"index, follow, max-snippet:-1, max-image-preview:large, max-video-preview:-1\" \/>\n<link rel=\"canonical\" href=\"https:\/\/apuntesdesanluis.com\/index.php\/2024\/08\/19\/provincia-y-municipios-comenzaran-acciones-tempranas-para-prevenir-el-dengue\/\" \/>\n<meta property=\"og:locale\" content=\"es_ES\" \/>\n<meta property=\"og:type\" content=\"article\" \/>\n<meta property=\"og:title\" content=\"PROVINCIA Y MUNICIPIOS COMENZAR\u00c1N ACCIONES TEMPRANAS PARA PREVENIR EL DENGUE - Apuntes de San Luis\" \/>\n<meta property=\"og:description\" content=\"En la primera etapa, la campa\u00f1a de concientizaci\u00f3n pondr\u00e1 el acento en el descacharrado y...\" \/>\n<meta property=\"og:url\" content=\"https:\/\/apuntesdesanluis.com\/index.php\/2024\/08\/19\/provincia-y-municipios-comenzaran-acciones-tempranas-para-prevenir-el-dengue\/\" \/>\n<meta property=\"og:site_name\" content=\"Apuntes de San Luis\" \/>\n<meta property=\"article:published_time\" content=\"2024-08-19T22:47:26+00:00\" \/>\n<meta property=\"og:image\" content=\"https:\/\/apuntesdesanluis.com\/wp-content\/uploads\/2024\/08\/dengue-reunion-.png\" \/>\n\t<meta property=\"og:image:width\" content=\"700\" \/>\n\t<meta property=\"og:image:height\" content=\"405\" \/>\n\t<meta property=\"og:image:type\" content=\"image\/png\" \/>\n<meta name=\"author\" content=\"apuntesdesanluis.com\" \/>\n<meta name=\"twitter:card\" content=\"summary_large_image\" \/>\n<meta name=\"twitter:label1\" content=\"Escrito por\" \/>\n\t<meta name=\"twitter:data1\" content=\"apuntesdesanluis.com\" \/>\n\t<meta name=\"twitter:label2\" content=\"Tiempo de lectura\" \/>\n\t<meta name=\"twitter:data2\" content=\"4 minutos\" \/>\n<script type=\"application\/ld+json\" class=\"yoast-schema-graph\">{\"@context\":\"https:\/\/schema.org\",\"@graph\":[{\"@type\":\"Article\",\"@id\":\"https:\/\/apuntesdesanluis.com\/index.php\/2024\/08\/19\/provincia-y-municipios-comenzaran-acciones-tempranas-para-prevenir-el-dengue\/#article\",\"isPartOf\":{\"@id\":\"https:\/\/apuntesdesanluis.com\/index.php\/2024\/08\/19\/provincia-y-municipios-comenzaran-acciones-tempranas-para-prevenir-el-dengue\/\"},\"author\":{\"name\":\"apuntesdesanluis.com\",\"@id\":\"https:\/\/apuntesdesanluis.com\/#\/schema\/person\/b55151d52296fcce64d1a72538a70b90\"},\"headline\":\"PROVINCIA Y MUNICIPIOS COMENZAR\u00c1N ACCIONES TEMPRANAS PARA PREVENIR EL DENGUE\",\"datePublished\":\"2024-08-19T22:47:26+00:00\",\"mainEntityOfPage\":{\"@id\":\"https:\/\/apuntesdesanluis.com\/index.php\/2024\/08\/19\/provincia-y-municipios-comenzaran-acciones-tempranas-para-prevenir-el-dengue\/\"},\"wordCount\":587,\"publisher\":{\"@id\":\"https:\/\/apuntesdesanluis.com\/#\/schema\/person\/b55151d52296fcce64d1a72538a70b90\"},\"image\":{\"@id\":\"https:\/\/apuntesdesanluis.com\/index.php\/2024\/08\/19\/provincia-y-municipios-comenzaran-acciones-tempranas-para-prevenir-el-dengue\/#primaryimage\"},\"thumbnailUrl\":\"https:\/\/apuntesdesanluis.com\/wp-content\/uploads\/2024\/08\/dengue-reunion-.png\",\"articleSection\":[\"Ciudad\/Provincia\"],\"inLanguage\":\"es-AR\"},{\"@type\":\"WebPage\",\"@id\":\"https:\/\/apuntesdesanluis.com\/index.php\/2024\/08\/19\/provincia-y-municipios-comenzaran-acciones-tempranas-para-prevenir-el-dengue\/\",\"url\":\"https:\/\/apuntesdesanluis.com\/index.php\/2024\/08\/19\/provincia-y-municipios-comenzaran-acciones-tempranas-para-prevenir-el-dengue\/\",\"name\":\"PROVINCIA Y MUNICIPIOS COMENZAR\u00c1N ACCIONES TEMPRANAS PARA PREVENIR EL DENGUE - Apuntes de San Luis\",\"isPartOf\":{\"@id\":\"https:\/\/apuntesdesanluis.com\/#website\"},\"primaryImageOfPage\":{\"@id\":\"https:\/\/apuntesdesanluis.com\/index.php\/2024\/08\/19\/provincia-y-municipios-comenzaran-acciones-tempranas-para-prevenir-el-dengue\/#primaryimage\"},\"image\":{\"@id\":\"https:\/\/apuntesdesanluis.com\/index.php\/2024\/08\/19\/provincia-y-municipios-comenzaran-acciones-tempranas-para-prevenir-el-dengue\/#primaryimage\"},\"thumbnailUrl\":\"https:\/\/apuntesdesanluis.com\/wp-content\/uploads\/2024\/08\/dengue-reunion-.png\",\"datePublished\":\"2024-08-19T22:47:26+00:00\",\"breadcrumb\":{\"@id\":\"https:\/\/apuntesdesanluis.com\/index.php\/2024\/08\/19\/provincia-y-municipios-comenzaran-acciones-tempranas-para-prevenir-el-dengue\/#breadcrumb\"},\"inLanguage\":\"es-AR\",\"potentialAction\":[{\"@type\":\"ReadAction\",\"target\":[\"https:\/\/apuntesdesanluis.com\/index.php\/2024\/08\/19\/provincia-y-municipios-comenzaran-acciones-tempranas-para-prevenir-el-dengue\/\"]}]},{\"@type\":\"ImageObject\",\"inLanguage\":\"es-AR\",\"@id\":\"https:\/\/apuntesdesanluis.com\/index.php\/2024\/08\/19\/provincia-y-municipios-comenzaran-acciones-tempranas-para-prevenir-el-dengue\/#primaryimage\",\"url\":\"https:\/\/apuntesdesanluis.com\/wp-content\/uploads\/2024\/08\/dengue-reunion-.png\",\"contentUrl\":\"https:\/\/apuntesdesanluis.com\/wp-content\/uploads\/2024\/08\/dengue-reunion-.png\",\"width\":700,\"height\":405},{\"@type\":\"BreadcrumbList\",\"@id\":\"https:\/\/apuntesdesanluis.com\/index.php\/2024\/08\/19\/provincia-y-municipios-comenzaran-acciones-tempranas-para-prevenir-el-dengue\/#breadcrumb\",\"itemListElement\":[{\"@type\":\"ListItem\",\"position\":1,\"name\":\"Inicio\",\"item\":\"https:\/\/apuntesdesanluis.com\/\"},{\"@type\":\"ListItem\",\"position\":2,\"name\":\"PROVINCIA Y MUNICIPIOS COMENZAR\u00c1N ACCIONES TEMPRANAS PARA PREVENIR EL DENGUE\"}]},{\"@type\":\"WebSite\",\"@id\":\"https:\/\/apuntesdesanluis.com\/#website\",\"url\":\"https:\/\/apuntesdesanluis.com\/\",\"name\":\"Apuntes de San Luis\",\"description\":\"\",\"publisher\":{\"@id\":\"https:\/\/apuntesdesanluis.com\/#\/schema\/person\/b55151d52296fcce64d1a72538a70b90\"},\"potentialAction\":[{\"@type\":\"SearchAction\",\"target\":{\"@type\":\"EntryPoint\",\"urlTemplate\":\"https:\/\/apuntesdesanluis.com\/?s={search_term_string}\"},\"query-input\":{\"@type\":\"PropertyValueSpecification\",\"valueRequired\":true,\"valueName\":\"search_term_string\"}}],\"inLanguage\":\"es-AR\"},{\"@type\":[\"Person\",\"Organization\"],\"@id\":\"https:\/\/apuntesdesanluis.com\/#\/schema\/person\/b55151d52296fcce64d1a72538a70b90\",\"name\":\"apuntesdesanluis.com\",\"image\":{\"@type\":\"ImageObject\",\"inLanguage\":\"es-AR\",\"@id\":\"https:\/\/apuntesdesanluis.com\/#\/schema\/person\/image\/\",\"url\":\"https:\/\/apuntesdesanluis.com\/wp-content\/uploads\/2023\/07\/cropped-apuntesdesanluis.png\",\"contentUrl\":\"https:\/\/apuntesdesanluis.com\/wp-content\/uploads\/2023\/07\/cropped-apuntesdesanluis.png\",\"width\":450,\"height\":112,\"caption\":\"apuntesdesanluis.com\"},\"logo\":{\"@id\":\"https:\/\/apuntesdesanluis.com\/#\/schema\/person\/image\/\"},\"sameAs\":[\"https:\/\/apuntesdesanluis.com\"],\"url\":\"https:\/\/apuntesdesanluis.com\/index.php\/author\/apuntesdesanluis-com\/\"}]}<\/script>\n<!-- \/ Yoast SEO plugin. -->","yoast_head_json":{"title":"PROVINCIA Y MUNICIPIOS COMENZAR\u00c1N ACCIONES TEMPRANAS PARA PREVENIR EL DENGUE - Apuntes de San Luis","robots":{"index":"index","follow":"follow","max-snippet":"max-snippet:-1","max-image-preview":"max-image-preview:large","max-video-preview":"max-video-preview:-1"},"canonical":"https:\/\/apuntesdesanluis.com\/index.php\/2024\/08\/19\/provincia-y-municipios-comenzaran-acciones-tempranas-para-prevenir-el-dengue\/","og_locale":"es_ES","og_type":"article","og_title":"PROVINCIA Y MUNICIPIOS COMENZAR\u00c1N ACCIONES TEMPRANAS PARA PREVENIR EL DENGUE - Apuntes de San Luis","og_description":"En la primera etapa, la campa\u00f1a de concientizaci\u00f3n pondr\u00e1 el acento en el descacharrado y...","og_url":"https:\/\/apuntesdesanluis.com\/index.php\/2024\/08\/19\/provincia-y-municipios-comenzaran-acciones-tempranas-para-prevenir-el-dengue\/","og_site_name":"Apuntes de San Luis","article_published_time":"2024-08-19T22:47:26+00:00","og_image":[{"width":700,"height":405,"url":"https:\/\/apuntesdesanluis.com\/wp-content\/uploads\/2024\/08\/dengue-reunion-.png","type":"image\/png"}],"author":"apuntesdesanluis.com","twitter_card":"summary_large_image","twitter_misc":{"Escrito por":"apuntesdesanluis.com","Tiempo de lectura":"4 minutos"},"schema":{"@context":"https:\/\/schema.org","@graph":[{"@type":"Article","@id":"https:\/\/apuntesdesanluis.com\/index.php\/2024\/08\/19\/provincia-y-municipios-comenzaran-acciones-tempranas-para-prevenir-el-dengue\/#article","isPartOf":{"@id":"https:\/\/apuntesdesanluis.com\/index.php\/2024\/08\/19\/provincia-y-municipios-comenzaran-acciones-tempranas-para-prevenir-el-dengue\/"},"author":{"name":"apuntesdesanluis.com","@id":"https:\/\/apuntesdesanluis.com\/#\/schema\/person\/b55151d52296fcce64d1a72538a70b90"},"headline":"PROVINCIA Y MUNICIPIOS COMENZAR\u00c1N ACCIONES TEMPRANAS PARA PREVENIR EL DENGUE","datePublished":"2024-08-19T22:47:26+00:00","mainEntityOfPage":{"@id":"https:\/\/apuntesdesanluis.com\/index.php\/2024\/08\/19\/provincia-y-municipios-comenzaran-acciones-tempranas-para-prevenir-el-dengue\/"},"wordCount":587,"publisher":{"@id":"https:\/\/apuntesdesanluis.com\/#\/schema\/person\/b55151d52296fcce64d1a72538a70b90"},"image":{"@id":"https:\/\/apuntesdesanluis.com\/index.php\/2024\/08\/19\/provincia-y-municipios-comenzaran-acciones-tempranas-para-prevenir-el-dengue\/#primaryimage"},"thumbnailUrl":"https:\/\/apuntesdesanluis.com\/wp-content\/uploads\/2024\/08\/dengue-reunion-.png","articleSection":["Ciudad\/Provincia"],"inLanguage":"es-AR"},{"@type":"WebPage","@id":"https:\/\/apuntesdesanluis.com\/index.php\/2024\/08\/19\/provincia-y-municipios-comenzaran-acciones-tempranas-para-prevenir-el-dengue\/","url":"https:\/\/apuntesdesanluis.com\/index.php\/2024\/08\/19\/provincia-y-municipios-comenzaran-acciones-tempranas-para-prevenir-el-dengue\/","name":"PROVINCIA Y MUNICIPIOS COMENZAR\u00c1N ACCIONES TEMPRANAS PARA PREVENIR EL DENGUE - Apuntes de San Luis","isPartOf":{"@id":"https:\/\/apuntesdesanluis.com\/#website"},"primaryImageOfPage":{"@id":"https:\/\/apuntesdesanluis.com\/index.php\/2024\/08\/19\/provincia-y-municipios-comenzaran-acciones-tempranas-para-prevenir-el-dengue\/#primaryimage"},"image":{"@id":"https:\/\/apuntesdesanluis.com\/index.php\/2024\/08\/19\/provincia-y-municipios-comenzaran-acciones-tempranas-para-prevenir-el-dengue\/#primaryimage"},"thumbnailUrl":"https:\/\/apuntesdesanluis.com\/wp-content\/uploads\/2024\/08\/dengue-reunion-.png","datePublished":"2024-08-19T22:47:26+00:00","breadcrumb":{"@id":"https:\/\/apuntesdesanluis.com\/index.php\/2024\/08\/19\/provincia-y-municipios-comenzaran-acciones-tempranas-para-prevenir-el-dengue\/#breadcrumb"},"inLanguage":"es-AR","potentialAction":[{"@type":"ReadAction","target":["https:\/\/apuntesdesanluis.com\/index.php\/2024\/08\/19\/provincia-y-municipios-comenzaran-acciones-tempranas-para-prevenir-el-dengue\/"]}]},{"@type":"ImageObject","inLanguage":"es-AR","@id":"https:\/\/apuntesdesanluis.com\/index.php\/2024\/08\/19\/provincia-y-municipios-comenzaran-acciones-tempranas-para-prevenir-el-dengue\/#primaryimage","url":"https:\/\/apuntesdesanluis.com\/wp-content\/uploads\/2024\/08\/dengue-reunion-.png","contentUrl":"https:\/\/apuntesdesanluis.com\/wp-content\/uploads\/2024\/08\/dengue-reunion-.png","width":700,"height":405},{"@type":"BreadcrumbList","@id":"https:\/\/apuntesdesanluis.com\/index.php\/2024\/08\/19\/provincia-y-municipios-comenzaran-acciones-tempranas-para-prevenir-el-dengue\/#breadcrumb","itemListElement":[{"@type":"ListItem","position":1,"name":"Inicio","item":"https:\/\/apuntesdesanluis.com\/"},{"@type":"ListItem","position":2,"name":"PROVINCIA Y MUNICIPIOS COMENZAR\u00c1N ACCIONES TEMPRANAS PARA PREVENIR EL DENGUE"}]},{"@type":"WebSite","@id":"https:\/\/apuntesdesanluis.com\/#website","url":"https:\/\/apuntesdesanluis.com\/","name":"Apuntes de San Luis","description":"","publisher":{"@id":"https:\/\/apuntesdesanluis.com\/#\/schema\/person\/b55151d52296fcce64d1a72538a70b90"},"potentialAction":[{"@type":"SearchAction","target":{"@type":"EntryPoint","urlTemplate":"https:\/\/apuntesdesanluis.com\/?s={search_term_string}"},"query-input":{"@type":"PropertyValueSpecification","valueRequired":true,"valueName":"search_term_string"}}],"inLanguage":"es-AR"},{"@type":["Person","Organization"],"@id":"https:\/\/apuntesdesanluis.com\/#\/schema\/person\/b55151d52296fcce64d1a72538a70b90","name":"apuntesdesanluis.com","image":{"@type":"ImageObject","inLanguage":"es-AR","@id":"https:\/\/apuntesdesanluis.com\/#\/schema\/person\/image\/","url":"https:\/\/apuntesdesanluis.com\/wp-content\/uploads\/2023\/07\/cropped-apuntesdesanluis.png","contentUrl":"https:\/\/apuntesdesanluis.com\/wp-content\/uploads\/2023\/07\/cropped-apuntesdesanluis.png","width":450,"height":112,"caption":"apuntesdesanluis.com"},"logo":{"@id":"https:\/\/apuntesdesanluis.com\/#\/schema\/person\/image\/"},"sameAs":["https:\/\/apuntesdesanluis.com"],"url":"https:\/\/apuntesdesanluis.com\/index.php\/author\/apuntesdesanluis-com\/"}]}},"featured_image_urls":{"full":["https:\/\/apuntesdesanluis.com\/wp-content\/uploads\/2024\/08\/dengue-reunion-.png",700,405,false],"thumbnail":["https:\/\/apuntesdesanluis.com\/wp-content\/uploads\/2024\/08\/dengue-reunion--150x150.png",150,150,true],"medium":["https:\/\/apuntesdesanluis.com\/wp-content\/uploads\/2024\/08\/dengue-reunion--300x174.png",300,174,true],"medium_large":["https:\/\/apuntesdesanluis.com\/wp-content\/uploads\/2024\/08\/dengue-reunion-.png",640,370,false],"large":["https:\/\/apuntesdesanluis.com\/wp-content\/uploads\/2024\/08\/dengue-reunion-.png",640,370,false],"1536x1536":["https:\/\/apuntesdesanluis.com\/wp-content\/uploads\/2024\/08\/dengue-reunion-.png",700,405,false],"2048x2048":["https:\/\/apuntesdesanluis.com\/wp-content\/uploads\/2024\/08\/dengue-reunion-.png",700,405,false],"newsever-slider-full":["https:\/\/apuntesdesanluis.com\/wp-content\/uploads\/2024\/08\/dengue-reunion-.png",700,405,false],"newsever-featured":["https:\/\/apuntesdesanluis.com\/wp-content\/uploads\/2024\/08\/dengue-reunion-.png",700,405,false],"newsever-medium":["https:\/\/apuntesdesanluis.com\/wp-content\/uploads\/2024\/08\/dengue-reunion-.png",700,405,false]},"author_info":{"display_name":"apuntesdesanluis.com","author_link":"https:\/\/apuntesdesanluis.com\/index.php\/author\/apuntesdesanluis-com\/"},"category_info":"<a href=\"https:\/\/apuntesdesanluis.com\/index.php\/category\/ciudad-provincia\/\" rel=\"category tag\">Ciudad\/Provincia<\/a>","tag_info":"Ciudad\/Provincia","comment_count":"0","_links":{"self":[{"href":"https:\/\/apuntesdesanluis.com\/index.php\/wp-json\/wp\/v2\/posts\/21065","targetHints":{"allow":["GET"]}}],"collection":[{"href":"https:\/\/apuntesdesanluis.com\/index.php\/wp-json\/wp\/v2\/posts"}],"about":[{"href":"https:\/\/apuntesdesanluis.com\/index.php\/wp-json\/wp\/v2\/types\/post"}],"author":[{"embeddable":true,"href":"https:\/\/apuntesdesanluis.com\/index.php\/wp-json\/wp\/v2\/users\/1"}],"replies":[{"embeddable":true,"href":"https:\/\/apuntesdesanluis.com\/index.php\/wp-json\/wp\/v2\/comments?post=21065"}],"version-history":[{"count":1,"href":"https:\/\/apuntesdesanluis.com\/index.php\/wp-json\/wp\/v2\/posts\/21065\/revisions"}],"predecessor-version":[{"id":21069,"href":"https:\/\/apuntesdesanluis.com\/index.php\/wp-json\/wp\/v2\/posts\/21065\/revisions\/21069"}],"wp:featuredmedia":[{"embeddable":true,"href":"https:\/\/apuntesdesanluis.com\/index.php\/wp-json\/wp\/v2\/media\/21067"}],"wp:attachment":[{"href":"https:\/\/apuntesdesanluis.com\/index.php\/wp-json\/wp\/v2\/media?parent=21065"}],"wp:term":[{"taxonomy":"category","embeddable":true,"href":"https:\/\/apuntesdesanluis.com\/index.php\/wp-json\/wp\/v2\/categories?post=21065"},{"taxonomy":"post_tag","embeddable":true,"href":"https:\/\/apuntesdesanluis.com\/index.php\/wp-json\/wp\/v2\/tags?post=21065"}],"curies":[{"name":"wp","href":"https:\/\/api.w.org\/{rel}","templated":true}]}}