{"id":21075,"date":"2024-08-19T20:18:17","date_gmt":"2024-08-19T23:18:17","guid":{"rendered":"https:\/\/apuntesdesanluis.com\/?p=21075"},"modified":"2024-08-19T20:18:17","modified_gmt":"2024-08-19T23:18:17","slug":"diputados-retoma-la-discusion-sobre-la-baja-de-la-edad-de-imputabilidad","status":"publish","type":"post","link":"https:\/\/apuntesdesanluis.com\/index.php\/2024\/08\/19\/diputados-retoma-la-discusion-sobre-la-baja-de-la-edad-de-imputabilidad\/","title":{"rendered":"DIPUTADOS RETOMA LA DISCUSI\u00d3N SOBRE LA BAJA DE LA EDAD DE IMPUTABILIDAD"},"content":{"rendered":"<h3>La C\u00e1mara de Diputados retomar\u00e1 este martes el debate en torno a la creaci\u00f3n de un nuevo r\u00e9gimen penal juvenil que, entre otros puntos, plantea la baja de la edad de imputabilidad.<\/h3>\n<h3>En un plenario de las comisiones de Legislaci\u00f3n Penal, Familias, Justicia y Presupuesto, los autores de las distintas iniciativas expondr\u00e1n desde las 14 sobre los lineamientos centrales de las propuestas y tambi\u00e9n se desarrollar\u00e1 una nueva ronda con especialistas invitados.<\/h3>\n<h3>Participar\u00e1n de la reuni\u00f3n informativa el presidente del Consejo de Ni\u00f1os, Ni\u00f1as y Adolescentes, Germ\u00e1n Onco; la jueza de C\u00e1mara Tribunal Oral Federal Nro. 2 de C\u00f3rdoba, Mar\u00eda Noel Costa; la jueza de Control, Ni\u00f1ez y Adolescencia, Mar\u00eda Licia Tuli\u00e1n; el diputado nacional y neur\u00f3logo Facundo Manes; la abogada de la Asociaci\u00f3n Argentina de Juristas Cynthia Britez; y el ex secretario de Ni\u00f1ez, Adolescencia y Familia Gabriel Lerner.<\/h3>\n<h3>A fines de julio, el Poder Ejecutivo anunci\u00f3 un proyecto de ley que propone bajar la edad de imputabilidad a los 13 a\u00f1os y establece una pena m\u00e1xima de 20 a\u00f1os para adolescentes menores de 18 a\u00f1os.<\/h3>\n<h3>Adem\u00e1s de analizarse esta iniciativa del Gobierno, fueron convocados para defender sus propios proyectos los diputados Ricardo L\u00f3pez Murphy (Encuentro Federal), Agustina Propato (Uni\u00f3n por la Patria), Diego Santilli (PRO), Juan Manuel L\u00f3pez (Coalici\u00f3n C\u00edvica), Roxana Reyes y Fabio Quetglas (UCR).<\/h3>\n<h3>La propuesta del Poder Ejecutivo plantea un nuevo r\u00e9gimen penal juvenil para adolescentes de entre 13 y 18 a\u00f1os, \u201ccuando fueran imputados por un hecho tipificado como delito en el C\u00f3digo Penal o en las leyes penales especiales vigentes o que se dicten en el futuro\u201d.<\/h3>\n<h3>El abanico de sanciones abarca \u201cla amonestaci\u00f3n; prohibici\u00f3n de contacto o de aproximarse a la v\u00edctima, su familia u otras personas que el juez estime; prohibici\u00f3n de conducci\u00f3n de veh\u00edculos; prohibici\u00f3n de concurrir a determinados lugares, establecimientos o espect\u00e1culos, inclusive deportivos, musicales o culturales; prohibici\u00f3n de salir del pa\u00eds o del lugar en el cual reside o del \u00e1mbito territorial que el juez determine; prestaci\u00f3n de servicios a la comunidad; monitoreo electr\u00f3nico y penas privativas de libertad\u201d.<\/h3>\n<h3>En este \u00faltimo caso, la pena privativa de la libertad podr\u00e1 realizarse en el domicilio, en un instituto abierto, en un instituto especializado de detenci\u00f3n o en una secci\u00f3n separada de un establecimiento penitenciario adecuada para el tratamiento de adolescentes.<\/h3>\n<h3>\u201cLa decisi\u00f3n deber\u00e1 ser tomada por el tribunal o juez en una resoluci\u00f3n en el que se expongan los motivos que justifican la privaci\u00f3n de la libertad y deber\u00e1 indicarse el lugar de cumplimiento\u201d, se especifica.<\/h3>\n<h3>No estar\u00e1 admitida &#8220;la imposici\u00f3n de las penas privativas de la libertad de reclusi\u00f3n perpetua y de prisi\u00f3n perpetua\u201d, siendo el plazo m\u00e1ximo de las penas privativas de la libertad de 20 a\u00f1os.<\/h3>\n<h3>M\u00e1s all\u00e1 de la carga punitiva, en uno de los art\u00edculos de la iniciativa se sostiene que \u201cla finalidad del r\u00e9gimen de responsabilidad penal juvenil es fomentar en el adolescente imputado el sentido de la responsabilidad legal por sus actos y lograr su educaci\u00f3n, resocializaci\u00f3n e integraci\u00f3n social\u201d.<\/h3>\n<h3>Entre las medidas complementarias figuran \u201cel asesoramiento, orientaci\u00f3n o supervisi\u00f3n peri\u00f3dica de un equipo interdisciplinario; la asistencia a programas educativos, de formaci\u00f3n ciudadana, de capacitaci\u00f3n laboral, deportivos; y la participaci\u00f3n en un tratamiento m\u00e9dico o psicol\u00f3gico por el plazo que los profesionales de la salud estimen necesario\u201d.<\/h3>\n<h3>En los fundamentos del proyecto, se se\u00f1ala que \u201cactualmente, los delitos cometidos por adolescentes de menos de 16 a\u00f1os quedan impunes\u201d, lo cual &#8220;genera una situaci\u00f3n de injusticia, que perciben tanto las v\u00edctimas como la sociedad en general\u201d.<\/h3>\n<h3>Y se puntualiza que el piso de 16 a\u00f1os para ser punible dista de otros pa\u00edses de la regi\u00f3n como en Chile, Colombia y Per\u00fa, que es de 14 a\u00f1os; Guatemala, Nicaragua y Uruguay, a los 13 a\u00f1os; Brasil y M\u00e9xico, a los 12 a\u00f1os; y Granada y Trinidad y Tobago, a los 7 a\u00f1os.<\/h3>\n<h3>Los ministros de Justicia, Mariano Cuneo Libarona y de Seguridad, Patricia Bullrich, hab\u00edan anunciado el pasado 28 de junio que iba a mandar esta iniciativa ante el aumento de delitos cometidos por j\u00f3venes menores de 16 a\u00f1os que es la edad establecida en el actual r\u00e9gimen penal.<\/h3>\n<h3>El proyecto girado a la C\u00e1mara de Diputados fue firmado por el presidente Javier Milei, el jefe de Gabinete, Guillermo Francos, y los ministros Bullrich y Cuneo Libarona.<\/h3>\n<p>&nbsp;<\/p>\n<p>&nbsp;<\/p>\n<p>&nbsp;<\/p>\n<p>&nbsp;<\/p>\n<p>&nbsp;<\/p>\n<p>&nbsp;<\/p>\n","protected":false},"excerpt":{"rendered":"<p>La C\u00e1mara de Diputados retomar\u00e1 este martes el debate en torno a la creaci\u00f3n de&#8230;<\/p>\n","protected":false},"author":1,"featured_media":21076,"comment_status":"closed","ping_status":"closed","sticky":false,"template":"","format":"standard","meta":{"footnotes":""},"categories":[5],"tags":[],"class_list":["post-21075","post","type-post","status-publish","format-standard","has-post-thumbnail","hentry","category-nacionales-internacionales"],"yoast_head":"<!-- This site is optimized with the Yoast SEO plugin v26.1.1 - https:\/\/yoast.com\/wordpress\/plugins\/seo\/ -->\n<title>DIPUTADOS RETOMA LA DISCUSI\u00d3N SOBRE LA BAJA DE LA EDAD DE IMPUTABILIDAD - Apuntes de San Luis<\/title>\n<meta name=\"robots\" content=\"index, follow, max-snippet:-1, max-image-preview:large, max-video-preview:-1\" \/>\n<link rel=\"canonical\" href=\"https:\/\/apuntesdesanluis.com\/index.php\/2024\/08\/19\/diputados-retoma-la-discusion-sobre-la-baja-de-la-edad-de-imputabilidad\/\" \/>\n<meta property=\"og:locale\" content=\"es_ES\" \/>\n<meta property=\"og:type\" content=\"article\" \/>\n<meta property=\"og:title\" content=\"DIPUTADOS RETOMA LA DISCUSI\u00d3N SOBRE LA BAJA DE LA EDAD DE IMPUTABILIDAD - Apuntes de San Luis\" \/>\n<meta property=\"og:description\" content=\"La C\u00e1mara de Diputados retomar\u00e1 este martes el debate en torno a la creaci\u00f3n de...\" \/>\n<meta property=\"og:url\" content=\"https:\/\/apuntesdesanluis.com\/index.php\/2024\/08\/19\/diputados-retoma-la-discusion-sobre-la-baja-de-la-edad-de-imputabilidad\/\" \/>\n<meta property=\"og:site_name\" content=\"Apuntes de San Luis\" \/>\n<meta property=\"article:published_time\" content=\"2024-08-19T23:18:17+00:00\" \/>\n<meta property=\"og:image\" content=\"https:\/\/apuntesdesanluis.com\/wp-content\/uploads\/2024\/08\/diputados-en-plenario.png\" \/>\n\t<meta property=\"og:image:width\" content=\"682\" \/>\n\t<meta property=\"og:image:height\" content=\"461\" \/>\n\t<meta property=\"og:image:type\" content=\"image\/png\" \/>\n<meta name=\"author\" content=\"apuntesdesanluis.com\" \/>\n<meta name=\"twitter:card\" content=\"summary_large_image\" \/>\n<meta name=\"twitter:label1\" content=\"Escrito por\" \/>\n\t<meta name=\"twitter:data1\" content=\"apuntesdesanluis.com\" \/>\n\t<meta name=\"twitter:label2\" content=\"Tiempo de lectura\" \/>\n\t<meta name=\"twitter:data2\" content=\"4 minutos\" \/>\n<script type=\"application\/ld+json\" class=\"yoast-schema-graph\">{\"@context\":\"https:\/\/schema.org\",\"@graph\":[{\"@type\":\"Article\",\"@id\":\"https:\/\/apuntesdesanluis.com\/index.php\/2024\/08\/19\/diputados-retoma-la-discusion-sobre-la-baja-de-la-edad-de-imputabilidad\/#article\",\"isPartOf\":{\"@id\":\"https:\/\/apuntesdesanluis.com\/index.php\/2024\/08\/19\/diputados-retoma-la-discusion-sobre-la-baja-de-la-edad-de-imputabilidad\/\"},\"author\":{\"name\":\"apuntesdesanluis.com\",\"@id\":\"https:\/\/apuntesdesanluis.com\/#\/schema\/person\/b55151d52296fcce64d1a72538a70b90\"},\"headline\":\"DIPUTADOS RETOMA LA DISCUSI\u00d3N SOBRE LA BAJA DE LA EDAD DE IMPUTABILIDAD\",\"datePublished\":\"2024-08-19T23:18:17+00:00\",\"mainEntityOfPage\":{\"@id\":\"https:\/\/apuntesdesanluis.com\/index.php\/2024\/08\/19\/diputados-retoma-la-discusion-sobre-la-baja-de-la-edad-de-imputabilidad\/\"},\"wordCount\":802,\"publisher\":{\"@id\":\"https:\/\/apuntesdesanluis.com\/#\/schema\/person\/b55151d52296fcce64d1a72538a70b90\"},\"image\":{\"@id\":\"https:\/\/apuntesdesanluis.com\/index.php\/2024\/08\/19\/diputados-retoma-la-discusion-sobre-la-baja-de-la-edad-de-imputabilidad\/#primaryimage\"},\"thumbnailUrl\":\"https:\/\/apuntesdesanluis.com\/wp-content\/uploads\/2024\/08\/diputados-en-plenario.png\",\"articleSection\":[\"Nacionales\/Internacionales\"],\"inLanguage\":\"es-AR\"},{\"@type\":\"WebPage\",\"@id\":\"https:\/\/apuntesdesanluis.com\/index.php\/2024\/08\/19\/diputados-retoma-la-discusion-sobre-la-baja-de-la-edad-de-imputabilidad\/\",\"url\":\"https:\/\/apuntesdesanluis.com\/index.php\/2024\/08\/19\/diputados-retoma-la-discusion-sobre-la-baja-de-la-edad-de-imputabilidad\/\",\"name\":\"DIPUTADOS RETOMA LA DISCUSI\u00d3N SOBRE LA BAJA DE LA EDAD DE IMPUTABILIDAD - Apuntes de San Luis\",\"isPartOf\":{\"@id\":\"https:\/\/apuntesdesanluis.com\/#website\"},\"primaryImageOfPage\":{\"@id\":\"https:\/\/apuntesdesanluis.com\/index.php\/2024\/08\/19\/diputados-retoma-la-discusion-sobre-la-baja-de-la-edad-de-imputabilidad\/#primaryimage\"},\"image\":{\"@id\":\"https:\/\/apuntesdesanluis.com\/index.php\/2024\/08\/19\/diputados-retoma-la-discusion-sobre-la-baja-de-la-edad-de-imputabilidad\/#primaryimage\"},\"thumbnailUrl\":\"https:\/\/apuntesdesanluis.com\/wp-content\/uploads\/2024\/08\/diputados-en-plenario.png\",\"datePublished\":\"2024-08-19T23:18:17+00:00\",\"breadcrumb\":{\"@id\":\"https:\/\/apuntesdesanluis.com\/index.php\/2024\/08\/19\/diputados-retoma-la-discusion-sobre-la-baja-de-la-edad-de-imputabilidad\/#breadcrumb\"},\"inLanguage\":\"es-AR\",\"potentialAction\":[{\"@type\":\"ReadAction\",\"target\":[\"https:\/\/apuntesdesanluis.com\/index.php\/2024\/08\/19\/diputados-retoma-la-discusion-sobre-la-baja-de-la-edad-de-imputabilidad\/\"]}]},{\"@type\":\"ImageObject\",\"inLanguage\":\"es-AR\",\"@id\":\"https:\/\/apuntesdesanluis.com\/index.php\/2024\/08\/19\/diputados-retoma-la-discusion-sobre-la-baja-de-la-edad-de-imputabilidad\/#primaryimage\",\"url\":\"https:\/\/apuntesdesanluis.com\/wp-content\/uploads\/2024\/08\/diputados-en-plenario.png\",\"contentUrl\":\"https:\/\/apuntesdesanluis.com\/wp-content\/uploads\/2024\/08\/diputados-en-plenario.png\",\"width\":682,\"height\":461},{\"@type\":\"BreadcrumbList\",\"@id\":\"https:\/\/apuntesdesanluis.com\/index.php\/2024\/08\/19\/diputados-retoma-la-discusion-sobre-la-baja-de-la-edad-de-imputabilidad\/#breadcrumb\",\"itemListElement\":[{\"@type\":\"ListItem\",\"position\":1,\"name\":\"Inicio\",\"item\":\"https:\/\/apuntesdesanluis.com\/\"},{\"@type\":\"ListItem\",\"position\":2,\"name\":\"DIPUTADOS RETOMA LA DISCUSI\u00d3N SOBRE LA BAJA DE LA EDAD DE IMPUTABILIDAD\"}]},{\"@type\":\"WebSite\",\"@id\":\"https:\/\/apuntesdesanluis.com\/#website\",\"url\":\"https:\/\/apuntesdesanluis.com\/\",\"name\":\"Apuntes de San Luis\",\"description\":\"\",\"publisher\":{\"@id\":\"https:\/\/apuntesdesanluis.com\/#\/schema\/person\/b55151d52296fcce64d1a72538a70b90\"},\"potentialAction\":[{\"@type\":\"SearchAction\",\"target\":{\"@type\":\"EntryPoint\",\"urlTemplate\":\"https:\/\/apuntesdesanluis.com\/?s={search_term_string}\"},\"query-input\":{\"@type\":\"PropertyValueSpecification\",\"valueRequired\":true,\"valueName\":\"search_term_string\"}}],\"inLanguage\":\"es-AR\"},{\"@type\":[\"Person\",\"Organization\"],\"@id\":\"https:\/\/apuntesdesanluis.com\/#\/schema\/person\/b55151d52296fcce64d1a72538a70b90\",\"name\":\"apuntesdesanluis.com\",\"image\":{\"@type\":\"ImageObject\",\"inLanguage\":\"es-AR\",\"@id\":\"https:\/\/apuntesdesanluis.com\/#\/schema\/person\/image\/\",\"url\":\"https:\/\/apuntesdesanluis.com\/wp-content\/uploads\/2023\/07\/cropped-apuntesdesanluis.png\",\"contentUrl\":\"https:\/\/apuntesdesanluis.com\/wp-content\/uploads\/2023\/07\/cropped-apuntesdesanluis.png\",\"width\":450,\"height\":112,\"caption\":\"apuntesdesanluis.com\"},\"logo\":{\"@id\":\"https:\/\/apuntesdesanluis.com\/#\/schema\/person\/image\/\"},\"sameAs\":[\"https:\/\/apuntesdesanluis.com\"],\"url\":\"https:\/\/apuntesdesanluis.com\/index.php\/author\/apuntesdesanluis-com\/\"}]}<\/script>\n<!-- \/ Yoast SEO plugin. -->","yoast_head_json":{"title":"DIPUTADOS RETOMA LA DISCUSI\u00d3N SOBRE LA BAJA DE LA EDAD DE IMPUTABILIDAD - Apuntes de San Luis","robots":{"index":"index","follow":"follow","max-snippet":"max-snippet:-1","max-image-preview":"max-image-preview:large","max-video-preview":"max-video-preview:-1"},"canonical":"https:\/\/apuntesdesanluis.com\/index.php\/2024\/08\/19\/diputados-retoma-la-discusion-sobre-la-baja-de-la-edad-de-imputabilidad\/","og_locale":"es_ES","og_type":"article","og_title":"DIPUTADOS RETOMA LA DISCUSI\u00d3N SOBRE LA BAJA DE LA EDAD DE IMPUTABILIDAD - Apuntes de San Luis","og_description":"La C\u00e1mara de Diputados retomar\u00e1 este martes el debate en torno a la creaci\u00f3n de...","og_url":"https:\/\/apuntesdesanluis.com\/index.php\/2024\/08\/19\/diputados-retoma-la-discusion-sobre-la-baja-de-la-edad-de-imputabilidad\/","og_site_name":"Apuntes de San Luis","article_published_time":"2024-08-19T23:18:17+00:00","og_image":[{"width":682,"height":461,"url":"https:\/\/apuntesdesanluis.com\/wp-content\/uploads\/2024\/08\/diputados-en-plenario.png","type":"image\/png"}],"author":"apuntesdesanluis.com","twitter_card":"summary_large_image","twitter_misc":{"Escrito por":"apuntesdesanluis.com","Tiempo de lectura":"4 minutos"},"schema":{"@context":"https:\/\/schema.org","@graph":[{"@type":"Article","@id":"https:\/\/apuntesdesanluis.com\/index.php\/2024\/08\/19\/diputados-retoma-la-discusion-sobre-la-baja-de-la-edad-de-imputabilidad\/#article","isPartOf":{"@id":"https:\/\/apuntesdesanluis.com\/index.php\/2024\/08\/19\/diputados-retoma-la-discusion-sobre-la-baja-de-la-edad-de-imputabilidad\/"},"author":{"name":"apuntesdesanluis.com","@id":"https:\/\/apuntesdesanluis.com\/#\/schema\/person\/b55151d52296fcce64d1a72538a70b90"},"headline":"DIPUTADOS RETOMA LA DISCUSI\u00d3N SOBRE LA BAJA DE LA EDAD DE IMPUTABILIDAD","datePublished":"2024-08-19T23:18:17+00:00","mainEntityOfPage":{"@id":"https:\/\/apuntesdesanluis.com\/index.php\/2024\/08\/19\/diputados-retoma-la-discusion-sobre-la-baja-de-la-edad-de-imputabilidad\/"},"wordCount":802,"publisher":{"@id":"https:\/\/apuntesdesanluis.com\/#\/schema\/person\/b55151d52296fcce64d1a72538a70b90"},"image":{"@id":"https:\/\/apuntesdesanluis.com\/index.php\/2024\/08\/19\/diputados-retoma-la-discusion-sobre-la-baja-de-la-edad-de-imputabilidad\/#primaryimage"},"thumbnailUrl":"https:\/\/apuntesdesanluis.com\/wp-content\/uploads\/2024\/08\/diputados-en-plenario.png","articleSection":["Nacionales\/Internacionales"],"inLanguage":"es-AR"},{"@type":"WebPage","@id":"https:\/\/apuntesdesanluis.com\/index.php\/2024\/08\/19\/diputados-retoma-la-discusion-sobre-la-baja-de-la-edad-de-imputabilidad\/","url":"https:\/\/apuntesdesanluis.com\/index.php\/2024\/08\/19\/diputados-retoma-la-discusion-sobre-la-baja-de-la-edad-de-imputabilidad\/","name":"DIPUTADOS RETOMA LA DISCUSI\u00d3N SOBRE LA BAJA DE LA EDAD DE IMPUTABILIDAD - Apuntes de San Luis","isPartOf":{"@id":"https:\/\/apuntesdesanluis.com\/#website"},"primaryImageOfPage":{"@id":"https:\/\/apuntesdesanluis.com\/index.php\/2024\/08\/19\/diputados-retoma-la-discusion-sobre-la-baja-de-la-edad-de-imputabilidad\/#primaryimage"},"image":{"@id":"https:\/\/apuntesdesanluis.com\/index.php\/2024\/08\/19\/diputados-retoma-la-discusion-sobre-la-baja-de-la-edad-de-imputabilidad\/#primaryimage"},"thumbnailUrl":"https:\/\/apuntesdesanluis.com\/wp-content\/uploads\/2024\/08\/diputados-en-plenario.png","datePublished":"2024-08-19T23:18:17+00:00","breadcrumb":{"@id":"https:\/\/apuntesdesanluis.com\/index.php\/2024\/08\/19\/diputados-retoma-la-discusion-sobre-la-baja-de-la-edad-de-imputabilidad\/#breadcrumb"},"inLanguage":"es-AR","potentialAction":[{"@type":"ReadAction","target":["https:\/\/apuntesdesanluis.com\/index.php\/2024\/08\/19\/diputados-retoma-la-discusion-sobre-la-baja-de-la-edad-de-imputabilidad\/"]}]},{"@type":"ImageObject","inLanguage":"es-AR","@id":"https:\/\/apuntesdesanluis.com\/index.php\/2024\/08\/19\/diputados-retoma-la-discusion-sobre-la-baja-de-la-edad-de-imputabilidad\/#primaryimage","url":"https:\/\/apuntesdesanluis.com\/wp-content\/uploads\/2024\/08\/diputados-en-plenario.png","contentUrl":"https:\/\/apuntesdesanluis.com\/wp-content\/uploads\/2024\/08\/diputados-en-plenario.png","width":682,"height":461},{"@type":"BreadcrumbList","@id":"https:\/\/apuntesdesanluis.com\/index.php\/2024\/08\/19\/diputados-retoma-la-discusion-sobre-la-baja-de-la-edad-de-imputabilidad\/#breadcrumb","itemListElement":[{"@type":"ListItem","position":1,"name":"Inicio","item":"https:\/\/apuntesdesanluis.com\/"},{"@type":"ListItem","position":2,"name":"DIPUTADOS RETOMA LA DISCUSI\u00d3N SOBRE LA BAJA DE LA EDAD DE IMPUTABILIDAD"}]},{"@type":"WebSite","@id":"https:\/\/apuntesdesanluis.com\/#website","url":"https:\/\/apuntesdesanluis.com\/","name":"Apuntes de San Luis","description":"","publisher":{"@id":"https:\/\/apuntesdesanluis.com\/#\/schema\/person\/b55151d52296fcce64d1a72538a70b90"},"potentialAction":[{"@type":"SearchAction","target":{"@type":"EntryPoint","urlTemplate":"https:\/\/apuntesdesanluis.com\/?s={search_term_string}"},"query-input":{"@type":"PropertyValueSpecification","valueRequired":true,"valueName":"search_term_string"}}],"inLanguage":"es-AR"},{"@type":["Person","Organization"],"@id":"https:\/\/apuntesdesanluis.com\/#\/schema\/person\/b55151d52296fcce64d1a72538a70b90","name":"apuntesdesanluis.com","image":{"@type":"ImageObject","inLanguage":"es-AR","@id":"https:\/\/apuntesdesanluis.com\/#\/schema\/person\/image\/","url":"https:\/\/apuntesdesanluis.com\/wp-content\/uploads\/2023\/07\/cropped-apuntesdesanluis.png","contentUrl":"https:\/\/apuntesdesanluis.com\/wp-content\/uploads\/2023\/07\/cropped-apuntesdesanluis.png","width":450,"height":112,"caption":"apuntesdesanluis.com"},"logo":{"@id":"https:\/\/apuntesdesanluis.com\/#\/schema\/person\/image\/"},"sameAs":["https:\/\/apuntesdesanluis.com"],"url":"https:\/\/apuntesdesanluis.com\/index.php\/author\/apuntesdesanluis-com\/"}]}},"featured_image_urls":{"full":["https:\/\/apuntesdesanluis.com\/wp-content\/uploads\/2024\/08\/diputados-en-plenario.png",682,461,false],"thumbnail":["https:\/\/apuntesdesanluis.com\/wp-content\/uploads\/2024\/08\/diputados-en-plenario-150x150.png",150,150,true],"medium":["https:\/\/apuntesdesanluis.com\/wp-content\/uploads\/2024\/08\/diputados-en-plenario-300x203.png",300,203,true],"medium_large":["https:\/\/apuntesdesanluis.com\/wp-content\/uploads\/2024\/08\/diputados-en-plenario.png",640,433,false],"large":["https:\/\/apuntesdesanluis.com\/wp-content\/uploads\/2024\/08\/diputados-en-plenario.png",640,433,false],"1536x1536":["https:\/\/apuntesdesanluis.com\/wp-content\/uploads\/2024\/08\/diputados-en-plenario.png",682,461,false],"2048x2048":["https:\/\/apuntesdesanluis.com\/wp-content\/uploads\/2024\/08\/diputados-en-plenario.png",682,461,false],"newsever-slider-full":["https:\/\/apuntesdesanluis.com\/wp-content\/uploads\/2024\/08\/diputados-en-plenario.png",682,461,false],"newsever-featured":["https:\/\/apuntesdesanluis.com\/wp-content\/uploads\/2024\/08\/diputados-en-plenario.png",682,461,false],"newsever-medium":["https:\/\/apuntesdesanluis.com\/wp-content\/uploads\/2024\/08\/diputados-en-plenario.png",682,461,false]},"author_info":{"display_name":"apuntesdesanluis.com","author_link":"https:\/\/apuntesdesanluis.com\/index.php\/author\/apuntesdesanluis-com\/"},"category_info":"<a href=\"https:\/\/apuntesdesanluis.com\/index.php\/category\/nacionales-internacionales\/\" rel=\"category tag\">Nacionales\/Internacionales<\/a>","tag_info":"Nacionales\/Internacionales","comment_count":"0","_links":{"self":[{"href":"https:\/\/apuntesdesanluis.com\/index.php\/wp-json\/wp\/v2\/posts\/21075","targetHints":{"allow":["GET"]}}],"collection":[{"href":"https:\/\/apuntesdesanluis.com\/index.php\/wp-json\/wp\/v2\/posts"}],"about":[{"href":"https:\/\/apuntesdesanluis.com\/index.php\/wp-json\/wp\/v2\/types\/post"}],"author":[{"embeddable":true,"href":"https:\/\/apuntesdesanluis.com\/index.php\/wp-json\/wp\/v2\/users\/1"}],"replies":[{"embeddable":true,"href":"https:\/\/apuntesdesanluis.com\/index.php\/wp-json\/wp\/v2\/comments?post=21075"}],"version-history":[{"count":1,"href":"https:\/\/apuntesdesanluis.com\/index.php\/wp-json\/wp\/v2\/posts\/21075\/revisions"}],"predecessor-version":[{"id":21077,"href":"https:\/\/apuntesdesanluis.com\/index.php\/wp-json\/wp\/v2\/posts\/21075\/revisions\/21077"}],"wp:featuredmedia":[{"embeddable":true,"href":"https:\/\/apuntesdesanluis.com\/index.php\/wp-json\/wp\/v2\/media\/21076"}],"wp:attachment":[{"href":"https:\/\/apuntesdesanluis.com\/index.php\/wp-json\/wp\/v2\/media?parent=21075"}],"wp:term":[{"taxonomy":"category","embeddable":true,"href":"https:\/\/apuntesdesanluis.com\/index.php\/wp-json\/wp\/v2\/categories?post=21075"},{"taxonomy":"post_tag","embeddable":true,"href":"https:\/\/apuntesdesanluis.com\/index.php\/wp-json\/wp\/v2\/tags?post=21075"}],"curies":[{"name":"wp","href":"https:\/\/api.w.org\/{rel}","templated":true}]}}