{"id":21087,"date":"2024-08-19T21:21:49","date_gmt":"2024-08-20T00:21:49","guid":{"rendered":"https:\/\/apuntesdesanluis.com\/?p=21087"},"modified":"2024-08-19T21:22:12","modified_gmt":"2024-08-20T00:22:12","slug":"homicidio-de-escudero-el-imputado-confeso-y-recibiria-12-anos-de-prision","status":"publish","type":"post","link":"https:\/\/apuntesdesanluis.com\/index.php\/2024\/08\/19\/homicidio-de-escudero-el-imputado-confeso-y-recibiria-12-anos-de-prision\/","title":{"rendered":"HOMICIDIO DE ESCUDERO: EL ACUSADO CONFES\u00d3 Y RECIBIR\u00cdA 12 A\u00d1OS DE PRISI\u00d3N"},"content":{"rendered":"<h3>Las partes solicitaron concluir la causa mediante el procedimiento de juicio abreviado, en una audiencia que se desarroll\u00f3 hoy en la Sala de Juicios Orales N\u00ba 1, de la Segunda Circunscripci\u00f3n Judicial.<\/h3>\n<h3>Luciano Villegas acept\u00f3 hoy su responsabilidad como autor del delito de homicidio simple \u2013 en perjuicio de Luis Marcelo Escudero -;\u00a0 la imposici\u00f3n de una pena de 12 a\u00f1os de prisi\u00f3n \u2013 que deber\u00e1 cumplir en el Servicio Penitenciario Provincial \u2013 accesorias legales y costas procesales y la declaraci\u00f3n de reincidencia. As\u00ed lo manifest\u00f3 hoy en una audiencia que se desarroll\u00f3 ante el Tribunal integrado por las Dras. Sandra Ehrlich y Virna Eguinoa y por el Dr. Sebasti\u00e1n Cadelago Filippi.<\/h3>\n<h3>En primer lugar, el Dr. N\u00e9stor Lucero, Fiscal de Juicio, comunic\u00f3 los alcances del acuerdo arribado con la Defensa para concluir la causa mediante el procedimiento de juicio abreviado, conforme lo previsto en el Art. 234 del C\u00f3digo de Procedimiento Penal de la Provincia de San Luis.<\/h3>\n<h3>\u201cEste acuerdo conlleva una sensaci\u00f3n punitiva de 12 a\u00f1os de prisi\u00f3n, y declaraci\u00f3n de reincidencia\u201d, explic\u00f3 el Dr. Lucero. Mencion\u00f3 adem\u00e1s que, junto a \u00e9l, se hizo presente en la sala de juicios la mam\u00e1 de la v\u00edctima, a quien consider\u00f3 necesario anoticiar \u201cpor una cuesti\u00f3n de humanidad y respeto\u201d.<\/h3>\n<h3>Como agravantes mencion\u00f3 los antecedentes penales del acusado y no encontr\u00f3 atenuantes. Destac\u00f3 que, desde el criterio del Ministerio P\u00fablico Fiscal, existi\u00f3 pre ordenaci\u00f3n para matar.<\/h3>\n<h3>Asimismo, el Fiscal de Juicio realiz\u00f3 una descripci\u00f3n del hecho juzgado, el cual ocurri\u00f3 el 15 de noviembre del 2023, en un domicilio de la calle Tom\u00e1s Ferrari, de Villa Mercedes.<\/h3>\n<h3>Por su parte, el Dr. Pascual Celdr\u00e1n \u2013 Defensor de Villegas \u2013 entendi\u00f3 absolutamente procedente la conclusi\u00f3n de la causa mediante el procedimiento abreviado.<\/h3>\n<h3>A continuaci\u00f3n, el Tribunal cedi\u00f3 la palabra a Luciano Villegas quien acept\u00f3 su responsabilidad como autor del delito de homicidio simple y la imposici\u00f3n de una pena de 12 a\u00f1os de prisi\u00f3n. A su vez, tambi\u00e9n manifest\u00f3 su voluntad para realizar tratamiento psicol\u00f3gico y psiqui\u00e1trico en el Servicio Penitenciario, atento la problem\u00e1tica por consumo de estupefacientes comunicada por su abogado defensor.<\/h3>\n<h3>Luego de escuchar a las partes, el Tribunal declar\u00f3 la admisibilidad del juicio abreviado y comunic\u00f3 que dar\u00e1n a conocer la correspondiente sentencia en el plazo de ley.<\/h3>\n<h3><strong>EL HECHO<\/strong><\/h3>\n<h3>Seg\u00fan el relato realizado por el Fiscal de Instrucci\u00f3n \u2013 Dr. Maximiliano Bazla Cassina \u2013 durante la audiencia de formulaci\u00f3n de cargos, el hecho ocurri\u00f3 el pasado 15 de noviembre, entre las 20:15 y las 20:30 horas en un domicilio de la calle Tom\u00e1s Ferrari, del barrio Eva Per\u00f3n, de Villa Mercedes.<\/h3>\n<h3>El imputado se present\u00f3 en el domicilio de la calle Tom\u00e1s Ferrari, lugar donde se encontraba Escudero, ingres\u00f3 al interior de la vivienda y procedi\u00f3 a agredirlo. El imputado produjo un golpe, que provoc\u00f3 un inicial sangrado, lo que hizo que se desplazaran hacia afuera del inmueble. \u201cEstando en el patio delantero, con un arma blanca, procede a apu\u00f1alarlo en la parte superior del t\u00f3rax, para luego darse a la fuga\u201d, explic\u00f3 Bazla.<\/h3>\n<h3>El Fiscal detall\u00f3 que la pu\u00f1alada produjo un corte en la aorta, perfor\u00f3 pulm\u00f3n y coraz\u00f3n, lo que provoc\u00f3 un sangrado interno \u2013 shock hipovol\u00e9mico \u2013 que finalmente produjo la muerte de Escudero.<\/h3>\n<p>&nbsp;<\/p>\n<p>&nbsp;<\/p>\n<p>&nbsp;<\/p>\n<p>&nbsp;<\/p>\n<p>&nbsp;<\/p>\n<p>&nbsp;<\/p>\n","protected":false},"excerpt":{"rendered":"<p>Las partes solicitaron concluir la causa mediante el procedimiento de juicio abreviado, en una audiencia&#8230;<\/p>\n","protected":false},"author":1,"featured_media":21088,"comment_status":"closed","ping_status":"closed","sticky":false,"template":"","format":"standard","meta":{"footnotes":""},"categories":[6],"tags":[],"class_list":["post-21087","post","type-post","status-publish","format-standard","has-post-thumbnail","hentry","category-ciudad-provincia"],"yoast_head":"<!-- This site is optimized with the Yoast SEO plugin v26.1.1 - https:\/\/yoast.com\/wordpress\/plugins\/seo\/ -->\n<title>HOMICIDIO DE ESCUDERO: EL ACUSADO CONFES\u00d3 Y RECIBIR\u00cdA 12 A\u00d1OS DE PRISI\u00d3N - Apuntes de San Luis<\/title>\n<meta name=\"robots\" content=\"index, follow, max-snippet:-1, max-image-preview:large, max-video-preview:-1\" \/>\n<link rel=\"canonical\" href=\"https:\/\/apuntesdesanluis.com\/index.php\/2024\/08\/19\/homicidio-de-escudero-el-imputado-confeso-y-recibiria-12-anos-de-prision\/\" \/>\n<meta property=\"og:locale\" content=\"es_ES\" \/>\n<meta property=\"og:type\" content=\"article\" \/>\n<meta property=\"og:title\" content=\"HOMICIDIO DE ESCUDERO: EL ACUSADO CONFES\u00d3 Y RECIBIR\u00cdA 12 A\u00d1OS DE PRISI\u00d3N - Apuntes de San Luis\" \/>\n<meta property=\"og:description\" content=\"Las partes solicitaron concluir la causa mediante el procedimiento de juicio abreviado, en una audiencia...\" \/>\n<meta property=\"og:url\" content=\"https:\/\/apuntesdesanluis.com\/index.php\/2024\/08\/19\/homicidio-de-escudero-el-imputado-confeso-y-recibiria-12-anos-de-prision\/\" \/>\n<meta property=\"og:site_name\" content=\"Apuntes de San Luis\" \/>\n<meta property=\"article:published_time\" content=\"2024-08-20T00:21:49+00:00\" \/>\n<meta property=\"article:modified_time\" content=\"2024-08-20T00:22:12+00:00\" \/>\n<meta property=\"og:image\" content=\"https:\/\/apuntesdesanluis.com\/wp-content\/uploads\/2024\/08\/HOMICIDIO-DE-ESCUDERO.png\" \/>\n\t<meta property=\"og:image:width\" content=\"700\" \/>\n\t<meta property=\"og:image:height\" content=\"379\" \/>\n\t<meta property=\"og:image:type\" content=\"image\/png\" \/>\n<meta name=\"author\" content=\"apuntesdesanluis.com\" \/>\n<meta name=\"twitter:card\" content=\"summary_large_image\" \/>\n<meta name=\"twitter:label1\" content=\"Escrito por\" \/>\n\t<meta name=\"twitter:data1\" content=\"apuntesdesanluis.com\" \/>\n\t<meta name=\"twitter:label2\" content=\"Tiempo de lectura\" \/>\n\t<meta name=\"twitter:data2\" content=\"3 minutos\" \/>\n<script type=\"application\/ld+json\" class=\"yoast-schema-graph\">{\"@context\":\"https:\/\/schema.org\",\"@graph\":[{\"@type\":\"Article\",\"@id\":\"https:\/\/apuntesdesanluis.com\/index.php\/2024\/08\/19\/homicidio-de-escudero-el-imputado-confeso-y-recibiria-12-anos-de-prision\/#article\",\"isPartOf\":{\"@id\":\"https:\/\/apuntesdesanluis.com\/index.php\/2024\/08\/19\/homicidio-de-escudero-el-imputado-confeso-y-recibiria-12-anos-de-prision\/\"},\"author\":{\"name\":\"apuntesdesanluis.com\",\"@id\":\"https:\/\/apuntesdesanluis.com\/#\/schema\/person\/b55151d52296fcce64d1a72538a70b90\"},\"headline\":\"HOMICIDIO DE ESCUDERO: EL ACUSADO CONFES\u00d3 Y RECIBIR\u00cdA 12 A\u00d1OS DE PRISI\u00d3N\",\"datePublished\":\"2024-08-20T00:21:49+00:00\",\"dateModified\":\"2024-08-20T00:22:12+00:00\",\"mainEntityOfPage\":{\"@id\":\"https:\/\/apuntesdesanluis.com\/index.php\/2024\/08\/19\/homicidio-de-escudero-el-imputado-confeso-y-recibiria-12-anos-de-prision\/\"},\"wordCount\":582,\"publisher\":{\"@id\":\"https:\/\/apuntesdesanluis.com\/#\/schema\/person\/b55151d52296fcce64d1a72538a70b90\"},\"image\":{\"@id\":\"https:\/\/apuntesdesanluis.com\/index.php\/2024\/08\/19\/homicidio-de-escudero-el-imputado-confeso-y-recibiria-12-anos-de-prision\/#primaryimage\"},\"thumbnailUrl\":\"https:\/\/apuntesdesanluis.com\/wp-content\/uploads\/2024\/08\/HOMICIDIO-DE-ESCUDERO.png\",\"articleSection\":[\"Ciudad\/Provincia\"],\"inLanguage\":\"es-AR\"},{\"@type\":\"WebPage\",\"@id\":\"https:\/\/apuntesdesanluis.com\/index.php\/2024\/08\/19\/homicidio-de-escudero-el-imputado-confeso-y-recibiria-12-anos-de-prision\/\",\"url\":\"https:\/\/apuntesdesanluis.com\/index.php\/2024\/08\/19\/homicidio-de-escudero-el-imputado-confeso-y-recibiria-12-anos-de-prision\/\",\"name\":\"HOMICIDIO DE ESCUDERO: EL ACUSADO CONFES\u00d3 Y RECIBIR\u00cdA 12 A\u00d1OS DE PRISI\u00d3N - Apuntes de San Luis\",\"isPartOf\":{\"@id\":\"https:\/\/apuntesdesanluis.com\/#website\"},\"primaryImageOfPage\":{\"@id\":\"https:\/\/apuntesdesanluis.com\/index.php\/2024\/08\/19\/homicidio-de-escudero-el-imputado-confeso-y-recibiria-12-anos-de-prision\/#primaryimage\"},\"image\":{\"@id\":\"https:\/\/apuntesdesanluis.com\/index.php\/2024\/08\/19\/homicidio-de-escudero-el-imputado-confeso-y-recibiria-12-anos-de-prision\/#primaryimage\"},\"thumbnailUrl\":\"https:\/\/apuntesdesanluis.com\/wp-content\/uploads\/2024\/08\/HOMICIDIO-DE-ESCUDERO.png\",\"datePublished\":\"2024-08-20T00:21:49+00:00\",\"dateModified\":\"2024-08-20T00:22:12+00:00\",\"breadcrumb\":{\"@id\":\"https:\/\/apuntesdesanluis.com\/index.php\/2024\/08\/19\/homicidio-de-escudero-el-imputado-confeso-y-recibiria-12-anos-de-prision\/#breadcrumb\"},\"inLanguage\":\"es-AR\",\"potentialAction\":[{\"@type\":\"ReadAction\",\"target\":[\"https:\/\/apuntesdesanluis.com\/index.php\/2024\/08\/19\/homicidio-de-escudero-el-imputado-confeso-y-recibiria-12-anos-de-prision\/\"]}]},{\"@type\":\"ImageObject\",\"inLanguage\":\"es-AR\",\"@id\":\"https:\/\/apuntesdesanluis.com\/index.php\/2024\/08\/19\/homicidio-de-escudero-el-imputado-confeso-y-recibiria-12-anos-de-prision\/#primaryimage\",\"url\":\"https:\/\/apuntesdesanluis.com\/wp-content\/uploads\/2024\/08\/HOMICIDIO-DE-ESCUDERO.png\",\"contentUrl\":\"https:\/\/apuntesdesanluis.com\/wp-content\/uploads\/2024\/08\/HOMICIDIO-DE-ESCUDERO.png\",\"width\":700,\"height\":379},{\"@type\":\"BreadcrumbList\",\"@id\":\"https:\/\/apuntesdesanluis.com\/index.php\/2024\/08\/19\/homicidio-de-escudero-el-imputado-confeso-y-recibiria-12-anos-de-prision\/#breadcrumb\",\"itemListElement\":[{\"@type\":\"ListItem\",\"position\":1,\"name\":\"Inicio\",\"item\":\"https:\/\/apuntesdesanluis.com\/\"},{\"@type\":\"ListItem\",\"position\":2,\"name\":\"HOMICIDIO DE ESCUDERO: EL ACUSADO CONFES\u00d3 Y RECIBIR\u00cdA 12 A\u00d1OS DE PRISI\u00d3N\"}]},{\"@type\":\"WebSite\",\"@id\":\"https:\/\/apuntesdesanluis.com\/#website\",\"url\":\"https:\/\/apuntesdesanluis.com\/\",\"name\":\"Apuntes de San Luis\",\"description\":\"\",\"publisher\":{\"@id\":\"https:\/\/apuntesdesanluis.com\/#\/schema\/person\/b55151d52296fcce64d1a72538a70b90\"},\"potentialAction\":[{\"@type\":\"SearchAction\",\"target\":{\"@type\":\"EntryPoint\",\"urlTemplate\":\"https:\/\/apuntesdesanluis.com\/?s={search_term_string}\"},\"query-input\":{\"@type\":\"PropertyValueSpecification\",\"valueRequired\":true,\"valueName\":\"search_term_string\"}}],\"inLanguage\":\"es-AR\"},{\"@type\":[\"Person\",\"Organization\"],\"@id\":\"https:\/\/apuntesdesanluis.com\/#\/schema\/person\/b55151d52296fcce64d1a72538a70b90\",\"name\":\"apuntesdesanluis.com\",\"image\":{\"@type\":\"ImageObject\",\"inLanguage\":\"es-AR\",\"@id\":\"https:\/\/apuntesdesanluis.com\/#\/schema\/person\/image\/\",\"url\":\"https:\/\/apuntesdesanluis.com\/wp-content\/uploads\/2023\/07\/cropped-apuntesdesanluis.png\",\"contentUrl\":\"https:\/\/apuntesdesanluis.com\/wp-content\/uploads\/2023\/07\/cropped-apuntesdesanluis.png\",\"width\":450,\"height\":112,\"caption\":\"apuntesdesanluis.com\"},\"logo\":{\"@id\":\"https:\/\/apuntesdesanluis.com\/#\/schema\/person\/image\/\"},\"sameAs\":[\"https:\/\/apuntesdesanluis.com\"],\"url\":\"https:\/\/apuntesdesanluis.com\/index.php\/author\/apuntesdesanluis-com\/\"}]}<\/script>\n<!-- \/ Yoast SEO plugin. -->","yoast_head_json":{"title":"HOMICIDIO DE ESCUDERO: EL ACUSADO CONFES\u00d3 Y RECIBIR\u00cdA 12 A\u00d1OS DE PRISI\u00d3N - Apuntes de San Luis","robots":{"index":"index","follow":"follow","max-snippet":"max-snippet:-1","max-image-preview":"max-image-preview:large","max-video-preview":"max-video-preview:-1"},"canonical":"https:\/\/apuntesdesanluis.com\/index.php\/2024\/08\/19\/homicidio-de-escudero-el-imputado-confeso-y-recibiria-12-anos-de-prision\/","og_locale":"es_ES","og_type":"article","og_title":"HOMICIDIO DE ESCUDERO: EL ACUSADO CONFES\u00d3 Y RECIBIR\u00cdA 12 A\u00d1OS DE PRISI\u00d3N - Apuntes de San Luis","og_description":"Las partes solicitaron concluir la causa mediante el procedimiento de juicio abreviado, en una audiencia...","og_url":"https:\/\/apuntesdesanluis.com\/index.php\/2024\/08\/19\/homicidio-de-escudero-el-imputado-confeso-y-recibiria-12-anos-de-prision\/","og_site_name":"Apuntes de San Luis","article_published_time":"2024-08-20T00:21:49+00:00","article_modified_time":"2024-08-20T00:22:12+00:00","og_image":[{"width":700,"height":379,"url":"https:\/\/apuntesdesanluis.com\/wp-content\/uploads\/2024\/08\/HOMICIDIO-DE-ESCUDERO.png","type":"image\/png"}],"author":"apuntesdesanluis.com","twitter_card":"summary_large_image","twitter_misc":{"Escrito por":"apuntesdesanluis.com","Tiempo de lectura":"3 minutos"},"schema":{"@context":"https:\/\/schema.org","@graph":[{"@type":"Article","@id":"https:\/\/apuntesdesanluis.com\/index.php\/2024\/08\/19\/homicidio-de-escudero-el-imputado-confeso-y-recibiria-12-anos-de-prision\/#article","isPartOf":{"@id":"https:\/\/apuntesdesanluis.com\/index.php\/2024\/08\/19\/homicidio-de-escudero-el-imputado-confeso-y-recibiria-12-anos-de-prision\/"},"author":{"name":"apuntesdesanluis.com","@id":"https:\/\/apuntesdesanluis.com\/#\/schema\/person\/b55151d52296fcce64d1a72538a70b90"},"headline":"HOMICIDIO DE ESCUDERO: EL ACUSADO CONFES\u00d3 Y RECIBIR\u00cdA 12 A\u00d1OS DE PRISI\u00d3N","datePublished":"2024-08-20T00:21:49+00:00","dateModified":"2024-08-20T00:22:12+00:00","mainEntityOfPage":{"@id":"https:\/\/apuntesdesanluis.com\/index.php\/2024\/08\/19\/homicidio-de-escudero-el-imputado-confeso-y-recibiria-12-anos-de-prision\/"},"wordCount":582,"publisher":{"@id":"https:\/\/apuntesdesanluis.com\/#\/schema\/person\/b55151d52296fcce64d1a72538a70b90"},"image":{"@id":"https:\/\/apuntesdesanluis.com\/index.php\/2024\/08\/19\/homicidio-de-escudero-el-imputado-confeso-y-recibiria-12-anos-de-prision\/#primaryimage"},"thumbnailUrl":"https:\/\/apuntesdesanluis.com\/wp-content\/uploads\/2024\/08\/HOMICIDIO-DE-ESCUDERO.png","articleSection":["Ciudad\/Provincia"],"inLanguage":"es-AR"},{"@type":"WebPage","@id":"https:\/\/apuntesdesanluis.com\/index.php\/2024\/08\/19\/homicidio-de-escudero-el-imputado-confeso-y-recibiria-12-anos-de-prision\/","url":"https:\/\/apuntesdesanluis.com\/index.php\/2024\/08\/19\/homicidio-de-escudero-el-imputado-confeso-y-recibiria-12-anos-de-prision\/","name":"HOMICIDIO DE ESCUDERO: EL ACUSADO CONFES\u00d3 Y RECIBIR\u00cdA 12 A\u00d1OS DE PRISI\u00d3N - Apuntes de San Luis","isPartOf":{"@id":"https:\/\/apuntesdesanluis.com\/#website"},"primaryImageOfPage":{"@id":"https:\/\/apuntesdesanluis.com\/index.php\/2024\/08\/19\/homicidio-de-escudero-el-imputado-confeso-y-recibiria-12-anos-de-prision\/#primaryimage"},"image":{"@id":"https:\/\/apuntesdesanluis.com\/index.php\/2024\/08\/19\/homicidio-de-escudero-el-imputado-confeso-y-recibiria-12-anos-de-prision\/#primaryimage"},"thumbnailUrl":"https:\/\/apuntesdesanluis.com\/wp-content\/uploads\/2024\/08\/HOMICIDIO-DE-ESCUDERO.png","datePublished":"2024-08-20T00:21:49+00:00","dateModified":"2024-08-20T00:22:12+00:00","breadcrumb":{"@id":"https:\/\/apuntesdesanluis.com\/index.php\/2024\/08\/19\/homicidio-de-escudero-el-imputado-confeso-y-recibiria-12-anos-de-prision\/#breadcrumb"},"inLanguage":"es-AR","potentialAction":[{"@type":"ReadAction","target":["https:\/\/apuntesdesanluis.com\/index.php\/2024\/08\/19\/homicidio-de-escudero-el-imputado-confeso-y-recibiria-12-anos-de-prision\/"]}]},{"@type":"ImageObject","inLanguage":"es-AR","@id":"https:\/\/apuntesdesanluis.com\/index.php\/2024\/08\/19\/homicidio-de-escudero-el-imputado-confeso-y-recibiria-12-anos-de-prision\/#primaryimage","url":"https:\/\/apuntesdesanluis.com\/wp-content\/uploads\/2024\/08\/HOMICIDIO-DE-ESCUDERO.png","contentUrl":"https:\/\/apuntesdesanluis.com\/wp-content\/uploads\/2024\/08\/HOMICIDIO-DE-ESCUDERO.png","width":700,"height":379},{"@type":"BreadcrumbList","@id":"https:\/\/apuntesdesanluis.com\/index.php\/2024\/08\/19\/homicidio-de-escudero-el-imputado-confeso-y-recibiria-12-anos-de-prision\/#breadcrumb","itemListElement":[{"@type":"ListItem","position":1,"name":"Inicio","item":"https:\/\/apuntesdesanluis.com\/"},{"@type":"ListItem","position":2,"name":"HOMICIDIO DE ESCUDERO: EL ACUSADO CONFES\u00d3 Y RECIBIR\u00cdA 12 A\u00d1OS DE PRISI\u00d3N"}]},{"@type":"WebSite","@id":"https:\/\/apuntesdesanluis.com\/#website","url":"https:\/\/apuntesdesanluis.com\/","name":"Apuntes de San Luis","description":"","publisher":{"@id":"https:\/\/apuntesdesanluis.com\/#\/schema\/person\/b55151d52296fcce64d1a72538a70b90"},"potentialAction":[{"@type":"SearchAction","target":{"@type":"EntryPoint","urlTemplate":"https:\/\/apuntesdesanluis.com\/?s={search_term_string}"},"query-input":{"@type":"PropertyValueSpecification","valueRequired":true,"valueName":"search_term_string"}}],"inLanguage":"es-AR"},{"@type":["Person","Organization"],"@id":"https:\/\/apuntesdesanluis.com\/#\/schema\/person\/b55151d52296fcce64d1a72538a70b90","name":"apuntesdesanluis.com","image":{"@type":"ImageObject","inLanguage":"es-AR","@id":"https:\/\/apuntesdesanluis.com\/#\/schema\/person\/image\/","url":"https:\/\/apuntesdesanluis.com\/wp-content\/uploads\/2023\/07\/cropped-apuntesdesanluis.png","contentUrl":"https:\/\/apuntesdesanluis.com\/wp-content\/uploads\/2023\/07\/cropped-apuntesdesanluis.png","width":450,"height":112,"caption":"apuntesdesanluis.com"},"logo":{"@id":"https:\/\/apuntesdesanluis.com\/#\/schema\/person\/image\/"},"sameAs":["https:\/\/apuntesdesanluis.com"],"url":"https:\/\/apuntesdesanluis.com\/index.php\/author\/apuntesdesanluis-com\/"}]}},"featured_image_urls":{"full":["https:\/\/apuntesdesanluis.com\/wp-content\/uploads\/2024\/08\/HOMICIDIO-DE-ESCUDERO.png",700,379,false],"thumbnail":["https:\/\/apuntesdesanluis.com\/wp-content\/uploads\/2024\/08\/HOMICIDIO-DE-ESCUDERO-150x150.png",150,150,true],"medium":["https:\/\/apuntesdesanluis.com\/wp-content\/uploads\/2024\/08\/HOMICIDIO-DE-ESCUDERO-300x162.png",300,162,true],"medium_large":["https:\/\/apuntesdesanluis.com\/wp-content\/uploads\/2024\/08\/HOMICIDIO-DE-ESCUDERO.png",640,347,false],"large":["https:\/\/apuntesdesanluis.com\/wp-content\/uploads\/2024\/08\/HOMICIDIO-DE-ESCUDERO.png",640,347,false],"1536x1536":["https:\/\/apuntesdesanluis.com\/wp-content\/uploads\/2024\/08\/HOMICIDIO-DE-ESCUDERO.png",700,379,false],"2048x2048":["https:\/\/apuntesdesanluis.com\/wp-content\/uploads\/2024\/08\/HOMICIDIO-DE-ESCUDERO.png",700,379,false],"newsever-slider-full":["https:\/\/apuntesdesanluis.com\/wp-content\/uploads\/2024\/08\/HOMICIDIO-DE-ESCUDERO.png",700,379,false],"newsever-featured":["https:\/\/apuntesdesanluis.com\/wp-content\/uploads\/2024\/08\/HOMICIDIO-DE-ESCUDERO.png",700,379,false],"newsever-medium":["https:\/\/apuntesdesanluis.com\/wp-content\/uploads\/2024\/08\/HOMICIDIO-DE-ESCUDERO.png",700,379,false]},"author_info":{"display_name":"apuntesdesanluis.com","author_link":"https:\/\/apuntesdesanluis.com\/index.php\/author\/apuntesdesanluis-com\/"},"category_info":"<a href=\"https:\/\/apuntesdesanluis.com\/index.php\/category\/ciudad-provincia\/\" rel=\"category tag\">Ciudad\/Provincia<\/a>","tag_info":"Ciudad\/Provincia","comment_count":"0","_links":{"self":[{"href":"https:\/\/apuntesdesanluis.com\/index.php\/wp-json\/wp\/v2\/posts\/21087","targetHints":{"allow":["GET"]}}],"collection":[{"href":"https:\/\/apuntesdesanluis.com\/index.php\/wp-json\/wp\/v2\/posts"}],"about":[{"href":"https:\/\/apuntesdesanluis.com\/index.php\/wp-json\/wp\/v2\/types\/post"}],"author":[{"embeddable":true,"href":"https:\/\/apuntesdesanluis.com\/index.php\/wp-json\/wp\/v2\/users\/1"}],"replies":[{"embeddable":true,"href":"https:\/\/apuntesdesanluis.com\/index.php\/wp-json\/wp\/v2\/comments?post=21087"}],"version-history":[{"count":2,"href":"https:\/\/apuntesdesanluis.com\/index.php\/wp-json\/wp\/v2\/posts\/21087\/revisions"}],"predecessor-version":[{"id":21090,"href":"https:\/\/apuntesdesanluis.com\/index.php\/wp-json\/wp\/v2\/posts\/21087\/revisions\/21090"}],"wp:featuredmedia":[{"embeddable":true,"href":"https:\/\/apuntesdesanluis.com\/index.php\/wp-json\/wp\/v2\/media\/21088"}],"wp:attachment":[{"href":"https:\/\/apuntesdesanluis.com\/index.php\/wp-json\/wp\/v2\/media?parent=21087"}],"wp:term":[{"taxonomy":"category","embeddable":true,"href":"https:\/\/apuntesdesanluis.com\/index.php\/wp-json\/wp\/v2\/categories?post=21087"},{"taxonomy":"post_tag","embeddable":true,"href":"https:\/\/apuntesdesanluis.com\/index.php\/wp-json\/wp\/v2\/tags?post=21087"}],"curies":[{"name":"wp","href":"https:\/\/api.w.org\/{rel}","templated":true}]}}