{"id":21099,"date":"2024-08-20T12:07:46","date_gmt":"2024-08-20T15:07:46","guid":{"rendered":"https:\/\/apuntesdesanluis.com\/?p=21099"},"modified":"2024-08-20T12:07:46","modified_gmt":"2024-08-20T15:07:46","slug":"comenzo-el-paro-universitario-de-48-horas-por-reclamo-salarial","status":"publish","type":"post","link":"https:\/\/apuntesdesanluis.com\/index.php\/2024\/08\/20\/comenzo-el-paro-universitario-de-48-horas-por-reclamo-salarial\/","title":{"rendered":"COMENZ\u00d3 EL PARO UNIVERSITARIO DE 48 HORAS POR RECLAMO SALARIAL"},"content":{"rendered":"<h3>El paro universitario por 48 horas comenz\u00f3, por lo que este martes 20 y mi\u00e9rcoles 21 de agosto no habr\u00e1 clases debido a la falta de acuerdo salarial entre los sindicatos docentes y no docentes con el Gobierno Nacional.<\/h3>\n<h3>De acuerdo a lo manifestado por los sindicatos, el Ministerio de Capital Humano \u201cno convoc\u00f3 a continuar con el di\u00e1logo y la oferta realizada del 3% para agosto y del 2% para septiembre en materia de incremento salarial sigue en pie\u201d.<\/h3>\n<h3>Emiliano Cagnacci, Secretario General de ADUBA, expres\u00f3 en di\u00e1logo con la Agencia Noticias Argentinas que \u201chay una crisis del sistema universitario donde el presupuesto se va ahogando mes a mes, licuando el ingreso de los docentes, no docentes, investigadores y profesionales de la salud que trabajan y desarrollan su actividad en el \u00e1mbito universitario\u201d.<\/h3>\n<h3>A su vez, Daniel Ricci, secretario General de Fedun, destac\u00f3 que este martes el acatamiento es total en las 61 universidades p\u00fablicas de todo el pa\u00eds y esperan ese mismo n\u00famero para el mi\u00e9rcoles: \u201cEsta medida es con motivo de la p\u00e9rdida salarial de m\u00e1s del 50% que tenemos\u201d.<\/h3>\n<h3>Mientras se aguarda a la respuesta por parte del Gobierno, amenazan con un \u201cplan de lucha\u201d que incluir\u00e1 una marcha federal para septiembre si no hay acuerdo paritario.<\/h3>\n<h3>El pasado lunes 12 de agosto, jornada en el que deb\u00eda comenzar el segundo semestre, las puertas de las universidades p\u00fablicas del pa\u00eds no abrieron ante \u201cla indignante propuesta salarial del Gobierno\u201d.<\/h3>\n<h3>En este marco, explicaron que se llev\u00f3 a cabo una reuni\u00f3n paritaria entre los sindicatos docentes y no docentes de las universidades nacionales con el Gobierno, en la que estos \u00faltimos ofrecieron un aumento del 3% para agosto y de 2% para septiembre: \u201cEs decir que siguen realizando propuestas que se encuentran por debajo de los \u00edndices inflacionarios, m\u00e1s all\u00e1 del retraso acumulado que lleva este sector en todo 2024\u201d.<\/h3>\n<p>&nbsp;<\/p>\n<p>&nbsp;<\/p>\n<p>&nbsp;<\/p>\n<p>&nbsp;<\/p>\n<p>&nbsp;<\/p>\n<p>&nbsp;<\/p>\n","protected":false},"excerpt":{"rendered":"<p>El paro universitario por 48 horas comenz\u00f3, por lo que este martes 20 y mi\u00e9rcoles&#8230;<\/p>\n","protected":false},"author":1,"featured_media":21100,"comment_status":"closed","ping_status":"closed","sticky":false,"template":"","format":"standard","meta":{"footnotes":""},"categories":[5],"tags":[],"class_list":["post-21099","post","type-post","status-publish","format-standard","has-post-thumbnail","hentry","category-nacionales-internacionales"],"yoast_head":"<!-- This site is optimized with the Yoast SEO plugin v26.1.1 - https:\/\/yoast.com\/wordpress\/plugins\/seo\/ -->\n<title>COMENZ\u00d3 EL PARO UNIVERSITARIO DE 48 HORAS POR RECLAMO SALARIAL - Apuntes de San Luis<\/title>\n<meta name=\"robots\" content=\"index, follow, max-snippet:-1, max-image-preview:large, max-video-preview:-1\" \/>\n<link rel=\"canonical\" href=\"https:\/\/apuntesdesanluis.com\/index.php\/2024\/08\/20\/comenzo-el-paro-universitario-de-48-horas-por-reclamo-salarial\/\" \/>\n<meta property=\"og:locale\" content=\"es_ES\" \/>\n<meta property=\"og:type\" content=\"article\" \/>\n<meta property=\"og:title\" content=\"COMENZ\u00d3 EL PARO UNIVERSITARIO DE 48 HORAS POR RECLAMO SALARIAL - Apuntes de San Luis\" \/>\n<meta property=\"og:description\" content=\"El paro universitario por 48 horas comenz\u00f3, por lo que este martes 20 y mi\u00e9rcoles...\" \/>\n<meta property=\"og:url\" content=\"https:\/\/apuntesdesanluis.com\/index.php\/2024\/08\/20\/comenzo-el-paro-universitario-de-48-horas-por-reclamo-salarial\/\" \/>\n<meta property=\"og:site_name\" content=\"Apuntes de San Luis\" \/>\n<meta property=\"article:published_time\" content=\"2024-08-20T15:07:46+00:00\" \/>\n<meta property=\"og:image\" content=\"https:\/\/apuntesdesanluis.com\/wp-content\/uploads\/2024\/08\/paro-universitario.png\" \/>\n\t<meta property=\"og:image:width\" content=\"717\" \/>\n\t<meta property=\"og:image:height\" content=\"447\" \/>\n\t<meta property=\"og:image:type\" content=\"image\/png\" \/>\n<meta name=\"author\" content=\"apuntesdesanluis.com\" \/>\n<meta name=\"twitter:card\" content=\"summary_large_image\" \/>\n<meta name=\"twitter:label1\" content=\"Escrito por\" \/>\n\t<meta name=\"twitter:data1\" content=\"apuntesdesanluis.com\" \/>\n\t<meta name=\"twitter:label2\" content=\"Tiempo de lectura\" \/>\n\t<meta name=\"twitter:data2\" content=\"2 minutos\" \/>\n<script type=\"application\/ld+json\" class=\"yoast-schema-graph\">{\"@context\":\"https:\/\/schema.org\",\"@graph\":[{\"@type\":\"Article\",\"@id\":\"https:\/\/apuntesdesanluis.com\/index.php\/2024\/08\/20\/comenzo-el-paro-universitario-de-48-horas-por-reclamo-salarial\/#article\",\"isPartOf\":{\"@id\":\"https:\/\/apuntesdesanluis.com\/index.php\/2024\/08\/20\/comenzo-el-paro-universitario-de-48-horas-por-reclamo-salarial\/\"},\"author\":{\"name\":\"apuntesdesanluis.com\",\"@id\":\"https:\/\/apuntesdesanluis.com\/#\/schema\/person\/b55151d52296fcce64d1a72538a70b90\"},\"headline\":\"COMENZ\u00d3 EL PARO UNIVERSITARIO DE 48 HORAS POR RECLAMO SALARIAL\",\"datePublished\":\"2024-08-20T15:07:46+00:00\",\"mainEntityOfPage\":{\"@id\":\"https:\/\/apuntesdesanluis.com\/index.php\/2024\/08\/20\/comenzo-el-paro-universitario-de-48-horas-por-reclamo-salarial\/\"},\"wordCount\":331,\"publisher\":{\"@id\":\"https:\/\/apuntesdesanluis.com\/#\/schema\/person\/b55151d52296fcce64d1a72538a70b90\"},\"image\":{\"@id\":\"https:\/\/apuntesdesanluis.com\/index.php\/2024\/08\/20\/comenzo-el-paro-universitario-de-48-horas-por-reclamo-salarial\/#primaryimage\"},\"thumbnailUrl\":\"https:\/\/apuntesdesanluis.com\/wp-content\/uploads\/2024\/08\/paro-universitario.png\",\"articleSection\":[\"Nacionales\/Internacionales\"],\"inLanguage\":\"es-AR\"},{\"@type\":\"WebPage\",\"@id\":\"https:\/\/apuntesdesanluis.com\/index.php\/2024\/08\/20\/comenzo-el-paro-universitario-de-48-horas-por-reclamo-salarial\/\",\"url\":\"https:\/\/apuntesdesanluis.com\/index.php\/2024\/08\/20\/comenzo-el-paro-universitario-de-48-horas-por-reclamo-salarial\/\",\"name\":\"COMENZ\u00d3 EL PARO UNIVERSITARIO DE 48 HORAS POR RECLAMO SALARIAL - Apuntes de San Luis\",\"isPartOf\":{\"@id\":\"https:\/\/apuntesdesanluis.com\/#website\"},\"primaryImageOfPage\":{\"@id\":\"https:\/\/apuntesdesanluis.com\/index.php\/2024\/08\/20\/comenzo-el-paro-universitario-de-48-horas-por-reclamo-salarial\/#primaryimage\"},\"image\":{\"@id\":\"https:\/\/apuntesdesanluis.com\/index.php\/2024\/08\/20\/comenzo-el-paro-universitario-de-48-horas-por-reclamo-salarial\/#primaryimage\"},\"thumbnailUrl\":\"https:\/\/apuntesdesanluis.com\/wp-content\/uploads\/2024\/08\/paro-universitario.png\",\"datePublished\":\"2024-08-20T15:07:46+00:00\",\"breadcrumb\":{\"@id\":\"https:\/\/apuntesdesanluis.com\/index.php\/2024\/08\/20\/comenzo-el-paro-universitario-de-48-horas-por-reclamo-salarial\/#breadcrumb\"},\"inLanguage\":\"es-AR\",\"potentialAction\":[{\"@type\":\"ReadAction\",\"target\":[\"https:\/\/apuntesdesanluis.com\/index.php\/2024\/08\/20\/comenzo-el-paro-universitario-de-48-horas-por-reclamo-salarial\/\"]}]},{\"@type\":\"ImageObject\",\"inLanguage\":\"es-AR\",\"@id\":\"https:\/\/apuntesdesanluis.com\/index.php\/2024\/08\/20\/comenzo-el-paro-universitario-de-48-horas-por-reclamo-salarial\/#primaryimage\",\"url\":\"https:\/\/apuntesdesanluis.com\/wp-content\/uploads\/2024\/08\/paro-universitario.png\",\"contentUrl\":\"https:\/\/apuntesdesanluis.com\/wp-content\/uploads\/2024\/08\/paro-universitario.png\",\"width\":717,\"height\":447},{\"@type\":\"BreadcrumbList\",\"@id\":\"https:\/\/apuntesdesanluis.com\/index.php\/2024\/08\/20\/comenzo-el-paro-universitario-de-48-horas-por-reclamo-salarial\/#breadcrumb\",\"itemListElement\":[{\"@type\":\"ListItem\",\"position\":1,\"name\":\"Inicio\",\"item\":\"https:\/\/apuntesdesanluis.com\/\"},{\"@type\":\"ListItem\",\"position\":2,\"name\":\"COMENZ\u00d3 EL PARO UNIVERSITARIO DE 48 HORAS POR RECLAMO SALARIAL\"}]},{\"@type\":\"WebSite\",\"@id\":\"https:\/\/apuntesdesanluis.com\/#website\",\"url\":\"https:\/\/apuntesdesanluis.com\/\",\"name\":\"Apuntes de San Luis\",\"description\":\"\",\"publisher\":{\"@id\":\"https:\/\/apuntesdesanluis.com\/#\/schema\/person\/b55151d52296fcce64d1a72538a70b90\"},\"potentialAction\":[{\"@type\":\"SearchAction\",\"target\":{\"@type\":\"EntryPoint\",\"urlTemplate\":\"https:\/\/apuntesdesanluis.com\/?s={search_term_string}\"},\"query-input\":{\"@type\":\"PropertyValueSpecification\",\"valueRequired\":true,\"valueName\":\"search_term_string\"}}],\"inLanguage\":\"es-AR\"},{\"@type\":[\"Person\",\"Organization\"],\"@id\":\"https:\/\/apuntesdesanluis.com\/#\/schema\/person\/b55151d52296fcce64d1a72538a70b90\",\"name\":\"apuntesdesanluis.com\",\"image\":{\"@type\":\"ImageObject\",\"inLanguage\":\"es-AR\",\"@id\":\"https:\/\/apuntesdesanluis.com\/#\/schema\/person\/image\/\",\"url\":\"https:\/\/apuntesdesanluis.com\/wp-content\/uploads\/2023\/07\/cropped-apuntesdesanluis.png\",\"contentUrl\":\"https:\/\/apuntesdesanluis.com\/wp-content\/uploads\/2023\/07\/cropped-apuntesdesanluis.png\",\"width\":450,\"height\":112,\"caption\":\"apuntesdesanluis.com\"},\"logo\":{\"@id\":\"https:\/\/apuntesdesanluis.com\/#\/schema\/person\/image\/\"},\"sameAs\":[\"https:\/\/apuntesdesanluis.com\"],\"url\":\"https:\/\/apuntesdesanluis.com\/index.php\/author\/apuntesdesanluis-com\/\"}]}<\/script>\n<!-- \/ Yoast SEO plugin. -->","yoast_head_json":{"title":"COMENZ\u00d3 EL PARO UNIVERSITARIO DE 48 HORAS POR RECLAMO SALARIAL - Apuntes de San Luis","robots":{"index":"index","follow":"follow","max-snippet":"max-snippet:-1","max-image-preview":"max-image-preview:large","max-video-preview":"max-video-preview:-1"},"canonical":"https:\/\/apuntesdesanluis.com\/index.php\/2024\/08\/20\/comenzo-el-paro-universitario-de-48-horas-por-reclamo-salarial\/","og_locale":"es_ES","og_type":"article","og_title":"COMENZ\u00d3 EL PARO UNIVERSITARIO DE 48 HORAS POR RECLAMO SALARIAL - Apuntes de San Luis","og_description":"El paro universitario por 48 horas comenz\u00f3, por lo que este martes 20 y mi\u00e9rcoles...","og_url":"https:\/\/apuntesdesanluis.com\/index.php\/2024\/08\/20\/comenzo-el-paro-universitario-de-48-horas-por-reclamo-salarial\/","og_site_name":"Apuntes de San Luis","article_published_time":"2024-08-20T15:07:46+00:00","og_image":[{"width":717,"height":447,"url":"https:\/\/apuntesdesanluis.com\/wp-content\/uploads\/2024\/08\/paro-universitario.png","type":"image\/png"}],"author":"apuntesdesanluis.com","twitter_card":"summary_large_image","twitter_misc":{"Escrito por":"apuntesdesanluis.com","Tiempo de lectura":"2 minutos"},"schema":{"@context":"https:\/\/schema.org","@graph":[{"@type":"Article","@id":"https:\/\/apuntesdesanluis.com\/index.php\/2024\/08\/20\/comenzo-el-paro-universitario-de-48-horas-por-reclamo-salarial\/#article","isPartOf":{"@id":"https:\/\/apuntesdesanluis.com\/index.php\/2024\/08\/20\/comenzo-el-paro-universitario-de-48-horas-por-reclamo-salarial\/"},"author":{"name":"apuntesdesanluis.com","@id":"https:\/\/apuntesdesanluis.com\/#\/schema\/person\/b55151d52296fcce64d1a72538a70b90"},"headline":"COMENZ\u00d3 EL PARO UNIVERSITARIO DE 48 HORAS POR RECLAMO SALARIAL","datePublished":"2024-08-20T15:07:46+00:00","mainEntityOfPage":{"@id":"https:\/\/apuntesdesanluis.com\/index.php\/2024\/08\/20\/comenzo-el-paro-universitario-de-48-horas-por-reclamo-salarial\/"},"wordCount":331,"publisher":{"@id":"https:\/\/apuntesdesanluis.com\/#\/schema\/person\/b55151d52296fcce64d1a72538a70b90"},"image":{"@id":"https:\/\/apuntesdesanluis.com\/index.php\/2024\/08\/20\/comenzo-el-paro-universitario-de-48-horas-por-reclamo-salarial\/#primaryimage"},"thumbnailUrl":"https:\/\/apuntesdesanluis.com\/wp-content\/uploads\/2024\/08\/paro-universitario.png","articleSection":["Nacionales\/Internacionales"],"inLanguage":"es-AR"},{"@type":"WebPage","@id":"https:\/\/apuntesdesanluis.com\/index.php\/2024\/08\/20\/comenzo-el-paro-universitario-de-48-horas-por-reclamo-salarial\/","url":"https:\/\/apuntesdesanluis.com\/index.php\/2024\/08\/20\/comenzo-el-paro-universitario-de-48-horas-por-reclamo-salarial\/","name":"COMENZ\u00d3 EL PARO UNIVERSITARIO DE 48 HORAS POR RECLAMO SALARIAL - Apuntes de San Luis","isPartOf":{"@id":"https:\/\/apuntesdesanluis.com\/#website"},"primaryImageOfPage":{"@id":"https:\/\/apuntesdesanluis.com\/index.php\/2024\/08\/20\/comenzo-el-paro-universitario-de-48-horas-por-reclamo-salarial\/#primaryimage"},"image":{"@id":"https:\/\/apuntesdesanluis.com\/index.php\/2024\/08\/20\/comenzo-el-paro-universitario-de-48-horas-por-reclamo-salarial\/#primaryimage"},"thumbnailUrl":"https:\/\/apuntesdesanluis.com\/wp-content\/uploads\/2024\/08\/paro-universitario.png","datePublished":"2024-08-20T15:07:46+00:00","breadcrumb":{"@id":"https:\/\/apuntesdesanluis.com\/index.php\/2024\/08\/20\/comenzo-el-paro-universitario-de-48-horas-por-reclamo-salarial\/#breadcrumb"},"inLanguage":"es-AR","potentialAction":[{"@type":"ReadAction","target":["https:\/\/apuntesdesanluis.com\/index.php\/2024\/08\/20\/comenzo-el-paro-universitario-de-48-horas-por-reclamo-salarial\/"]}]},{"@type":"ImageObject","inLanguage":"es-AR","@id":"https:\/\/apuntesdesanluis.com\/index.php\/2024\/08\/20\/comenzo-el-paro-universitario-de-48-horas-por-reclamo-salarial\/#primaryimage","url":"https:\/\/apuntesdesanluis.com\/wp-content\/uploads\/2024\/08\/paro-universitario.png","contentUrl":"https:\/\/apuntesdesanluis.com\/wp-content\/uploads\/2024\/08\/paro-universitario.png","width":717,"height":447},{"@type":"BreadcrumbList","@id":"https:\/\/apuntesdesanluis.com\/index.php\/2024\/08\/20\/comenzo-el-paro-universitario-de-48-horas-por-reclamo-salarial\/#breadcrumb","itemListElement":[{"@type":"ListItem","position":1,"name":"Inicio","item":"https:\/\/apuntesdesanluis.com\/"},{"@type":"ListItem","position":2,"name":"COMENZ\u00d3 EL PARO UNIVERSITARIO DE 48 HORAS POR RECLAMO SALARIAL"}]},{"@type":"WebSite","@id":"https:\/\/apuntesdesanluis.com\/#website","url":"https:\/\/apuntesdesanluis.com\/","name":"Apuntes de San Luis","description":"","publisher":{"@id":"https:\/\/apuntesdesanluis.com\/#\/schema\/person\/b55151d52296fcce64d1a72538a70b90"},"potentialAction":[{"@type":"SearchAction","target":{"@type":"EntryPoint","urlTemplate":"https:\/\/apuntesdesanluis.com\/?s={search_term_string}"},"query-input":{"@type":"PropertyValueSpecification","valueRequired":true,"valueName":"search_term_string"}}],"inLanguage":"es-AR"},{"@type":["Person","Organization"],"@id":"https:\/\/apuntesdesanluis.com\/#\/schema\/person\/b55151d52296fcce64d1a72538a70b90","name":"apuntesdesanluis.com","image":{"@type":"ImageObject","inLanguage":"es-AR","@id":"https:\/\/apuntesdesanluis.com\/#\/schema\/person\/image\/","url":"https:\/\/apuntesdesanluis.com\/wp-content\/uploads\/2023\/07\/cropped-apuntesdesanluis.png","contentUrl":"https:\/\/apuntesdesanluis.com\/wp-content\/uploads\/2023\/07\/cropped-apuntesdesanluis.png","width":450,"height":112,"caption":"apuntesdesanluis.com"},"logo":{"@id":"https:\/\/apuntesdesanluis.com\/#\/schema\/person\/image\/"},"sameAs":["https:\/\/apuntesdesanluis.com"],"url":"https:\/\/apuntesdesanluis.com\/index.php\/author\/apuntesdesanluis-com\/"}]}},"featured_image_urls":{"full":["https:\/\/apuntesdesanluis.com\/wp-content\/uploads\/2024\/08\/paro-universitario.png",717,447,false],"thumbnail":["https:\/\/apuntesdesanluis.com\/wp-content\/uploads\/2024\/08\/paro-universitario-150x150.png",150,150,true],"medium":["https:\/\/apuntesdesanluis.com\/wp-content\/uploads\/2024\/08\/paro-universitario-300x187.png",300,187,true],"medium_large":["https:\/\/apuntesdesanluis.com\/wp-content\/uploads\/2024\/08\/paro-universitario.png",640,399,false],"large":["https:\/\/apuntesdesanluis.com\/wp-content\/uploads\/2024\/08\/paro-universitario.png",640,399,false],"1536x1536":["https:\/\/apuntesdesanluis.com\/wp-content\/uploads\/2024\/08\/paro-universitario.png",717,447,false],"2048x2048":["https:\/\/apuntesdesanluis.com\/wp-content\/uploads\/2024\/08\/paro-universitario.png",717,447,false],"newsever-slider-full":["https:\/\/apuntesdesanluis.com\/wp-content\/uploads\/2024\/08\/paro-universitario.png",717,447,false],"newsever-featured":["https:\/\/apuntesdesanluis.com\/wp-content\/uploads\/2024\/08\/paro-universitario.png",717,447,false],"newsever-medium":["https:\/\/apuntesdesanluis.com\/wp-content\/uploads\/2024\/08\/paro-universitario.png",717,447,false]},"author_info":{"display_name":"apuntesdesanluis.com","author_link":"https:\/\/apuntesdesanluis.com\/index.php\/author\/apuntesdesanluis-com\/"},"category_info":"<a href=\"https:\/\/apuntesdesanluis.com\/index.php\/category\/nacionales-internacionales\/\" rel=\"category tag\">Nacionales\/Internacionales<\/a>","tag_info":"Nacionales\/Internacionales","comment_count":"0","_links":{"self":[{"href":"https:\/\/apuntesdesanluis.com\/index.php\/wp-json\/wp\/v2\/posts\/21099","targetHints":{"allow":["GET"]}}],"collection":[{"href":"https:\/\/apuntesdesanluis.com\/index.php\/wp-json\/wp\/v2\/posts"}],"about":[{"href":"https:\/\/apuntesdesanluis.com\/index.php\/wp-json\/wp\/v2\/types\/post"}],"author":[{"embeddable":true,"href":"https:\/\/apuntesdesanluis.com\/index.php\/wp-json\/wp\/v2\/users\/1"}],"replies":[{"embeddable":true,"href":"https:\/\/apuntesdesanluis.com\/index.php\/wp-json\/wp\/v2\/comments?post=21099"}],"version-history":[{"count":1,"href":"https:\/\/apuntesdesanluis.com\/index.php\/wp-json\/wp\/v2\/posts\/21099\/revisions"}],"predecessor-version":[{"id":21101,"href":"https:\/\/apuntesdesanluis.com\/index.php\/wp-json\/wp\/v2\/posts\/21099\/revisions\/21101"}],"wp:featuredmedia":[{"embeddable":true,"href":"https:\/\/apuntesdesanluis.com\/index.php\/wp-json\/wp\/v2\/media\/21100"}],"wp:attachment":[{"href":"https:\/\/apuntesdesanluis.com\/index.php\/wp-json\/wp\/v2\/media?parent=21099"}],"wp:term":[{"taxonomy":"category","embeddable":true,"href":"https:\/\/apuntesdesanluis.com\/index.php\/wp-json\/wp\/v2\/categories?post=21099"},{"taxonomy":"post_tag","embeddable":true,"href":"https:\/\/apuntesdesanluis.com\/index.php\/wp-json\/wp\/v2\/tags?post=21099"}],"curies":[{"name":"wp","href":"https:\/\/api.w.org\/{rel}","templated":true}]}}