{"id":21104,"date":"2024-08-20T17:06:50","date_gmt":"2024-08-20T20:06:50","guid":{"rendered":"https:\/\/apuntesdesanluis.com\/?p=21104"},"modified":"2024-08-20T17:07:18","modified_gmt":"2024-08-20T20:07:18","slug":"villarruel-lapidaria-sobre-lijo-no-cuenta-con-los-pergaminos-para-ser-juez-de-la-corte","status":"publish","type":"post","link":"https:\/\/apuntesdesanluis.com\/index.php\/2024\/08\/20\/villarruel-lapidaria-sobre-lijo-no-cuenta-con-los-pergaminos-para-ser-juez-de-la-corte\/","title":{"rendered":"VILLARRUEL, LAPIDARIA SOBRE LIJO: &#8220;NO CUENTA CON LOS PERGAMINOS PARA SER JUEZ DE LA CORTE&#8221;"},"content":{"rendered":"<h3>La vicepresidenta y titular del Senado,<strong> Victoria Villarruel<\/strong>, afirm\u00f3 que el juez federal <strong>Ariel Lijo<\/strong> no tiene los &#8220;pergaminos necesarios&#8221; para integrar la Corte Suprema de Justicia y reafirm\u00f3 su malestar por su candidatura, que fue promovida por el presidente Javier Milei.<\/h3>\n<h3>&#8220;Mi opini\u00f3n sobre Lijo es p\u00fablica. No estoy de acuerdo con su candidatura&#8221;, lanz\u00f3 Villarruel en un almuerzo en el Colegio de Abogados de la ciudad de Buenos Aires.<\/h3>\n<h3>Para la vicepresidenta, Lijo &#8220;es un juez que su candidatura ha partido mucho a la sociedad, entre los que est\u00e1n a favor y en contra&#8221;.<\/h3>\n<p><img fetchpriority=\"high\" decoding=\"async\" class=\"wp-image-21106 aligncenter\" src=\"https:\/\/apuntesdesanluis.com\/wp-content\/uploads\/2024\/08\/juez-lijo-300x230.png\" alt=\"\" width=\"544\" height=\"417\" srcset=\"https:\/\/apuntesdesanluis.com\/wp-content\/uploads\/2024\/08\/juez-lijo-300x230.png 300w, https:\/\/apuntesdesanluis.com\/wp-content\/uploads\/2024\/08\/juez-lijo.png 591w\" sizes=\"(max-width: 544px) 100vw, 544px\" \/><\/p>\n<h3 style=\"text-align: center;\"><em>Juez Ariel Lijo.<\/em><\/h3>\n<h3>&#8220;Es un juez controversial que no contar\u00eda con los pergaminos necesarios para ser juez de la Corte Suprema de Justicia de la Naci\u00f3n&#8221;, resalt\u00f3.<\/h3>\n<h3>Otro de los argumentos que esgrimi\u00f3 Villarruel fue que Lijo ocupar\u00eda el asiento que dej\u00f3 Elena Highton: &#8220;Est\u00e1 reemplazando la banca de una mujer. Me hubiera gustado que ese lugar lo ocupar\u00e1 una mujer, y lo dice alguien que no es feminista sino que desde un lugar de justicia&#8221;.<\/h3>\n<h3>No es la primera vez que la abogada se pronuncia sobre Lijo. Lo hizo tambi\u00e9n en marzo pasado al sostener que no le &#8220;gustaba&#8221; el integrante de los juzgados federales de Comodoro Py.<\/h3>\n<h3>Ma\u00f1ana, desde la 10, Lijo defender\u00e1 su postulaci\u00f3n para integrar el m\u00e1ximo tribunal ante la Comisi\u00f3n de Acuerdos del Senado.<\/h3>\n<h3><strong>M\u00c1S CUESTIONAMIENTOS<\/strong><\/h3>\n<h3>Por su parte <strong>Carolina Losada<\/strong> adelant\u00f3 que va a\u00a0rechazar la postulaci\u00f3n del Poder Ejecutivo para que el juez Ariel Lijo forme parte de la Corte Suprema. \u201cHay cosas que tambi\u00e9n tenemos obligaci\u00f3n como medios de comunicaci\u00f3n que es explicarle a la gente las cosas que van a afectar su vida. El tema de Lijo, por ejemplo\u201d, plante\u00f3.<\/h3>\n<p><img decoding=\"async\" class=\"wp-image-21105 aligncenter\" src=\"https:\/\/apuntesdesanluis.com\/wp-content\/uploads\/2024\/08\/carolina-losada-300x196.png\" alt=\"\" width=\"542\" height=\"354\" srcset=\"https:\/\/apuntesdesanluis.com\/wp-content\/uploads\/2024\/08\/carolina-losada-300x196.png 300w, https:\/\/apuntesdesanluis.com\/wp-content\/uploads\/2024\/08\/carolina-losada.png 684w\" sizes=\"(max-width: 542px) 100vw, 542px\" \/><\/p>\n<h3>\u201cEl juez Lijo tiene 32 denuncias y es uno de los tres jueces m\u00e1s denunciados en Comodoro Py y se est\u00e1 proponiendo como integrante del m\u00e1ximo tribunal. Eso afecta la vida de cada uno de los argentinos. Y est\u00e1 bueno que le contemos a la gente c\u00f3mo afecta eso\u201d, insisti\u00f3 la senadora.<\/h3>\n<h3>Para Losada, la seguridad jur\u00eddica es central por lo que anticip\u00f3 que rechazar\u00e1 la propuesta de Lijo:\u00a0<strong>\u201cNo podemos traicionar el voto de los argentinos.\u00a0<\/strong>La gente vot\u00f3 transparencia y la transparencia incluye a la justicia porque es uno de los organismos fundamentales para que la transparencia exista\u201d.<\/h3>\n<h3>\u201cNo hay casta pol\u00edtica si no hay una casta judicial que la ampara. Entonces no votemos casta judicial que la ampara.\u00a0<strong>No votemos casta judicial. No le fallemos a la gente que quiere transparencia en la pol\u00edtica, en la justicia y en todo lo que afecta la vida de los argentinos\u201d,<\/strong>\u00a0concluy\u00f3.<\/h3>\n<p>&nbsp;<\/p>\n<p>&nbsp;<\/p>\n<p>&nbsp;<\/p>\n","protected":false},"excerpt":{"rendered":"<p>La vicepresidenta y titular del Senado, Victoria Villarruel, afirm\u00f3 que el juez federal Ariel Lijo&#8230;<\/p>\n","protected":false},"author":1,"featured_media":21108,"comment_status":"closed","ping_status":"closed","sticky":false,"template":"","format":"standard","meta":{"footnotes":""},"categories":[5],"tags":[],"class_list":["post-21104","post","type-post","status-publish","format-standard","has-post-thumbnail","hentry","category-nacionales-internacionales"],"yoast_head":"<!-- This site is optimized with the Yoast SEO plugin v26.1.1 - https:\/\/yoast.com\/wordpress\/plugins\/seo\/ -->\n<title>VILLARRUEL, LAPIDARIA SOBRE LIJO: &quot;NO CUENTA CON LOS PERGAMINOS PARA SER JUEZ DE LA CORTE&quot; - Apuntes de San Luis<\/title>\n<meta name=\"robots\" content=\"index, follow, max-snippet:-1, max-image-preview:large, max-video-preview:-1\" \/>\n<link rel=\"canonical\" href=\"https:\/\/apuntesdesanluis.com\/index.php\/2024\/08\/20\/villarruel-lapidaria-sobre-lijo-no-cuenta-con-los-pergaminos-para-ser-juez-de-la-corte\/\" \/>\n<meta property=\"og:locale\" content=\"es_ES\" \/>\n<meta property=\"og:type\" content=\"article\" \/>\n<meta property=\"og:title\" content=\"VILLARRUEL, LAPIDARIA SOBRE LIJO: &quot;NO CUENTA CON LOS PERGAMINOS PARA SER JUEZ DE LA CORTE&quot; - Apuntes de San Luis\" \/>\n<meta property=\"og:description\" content=\"La vicepresidenta y titular del Senado, Victoria Villarruel, afirm\u00f3 que el juez federal Ariel Lijo...\" \/>\n<meta property=\"og:url\" content=\"https:\/\/apuntesdesanluis.com\/index.php\/2024\/08\/20\/villarruel-lapidaria-sobre-lijo-no-cuenta-con-los-pergaminos-para-ser-juez-de-la-corte\/\" \/>\n<meta property=\"og:site_name\" content=\"Apuntes de San Luis\" \/>\n<meta property=\"article:published_time\" content=\"2024-08-20T20:06:50+00:00\" \/>\n<meta property=\"article:modified_time\" content=\"2024-08-20T20:07:18+00:00\" \/>\n<meta property=\"og:image\" content=\"https:\/\/apuntesdesanluis.com\/wp-content\/uploads\/2024\/08\/villarruel.png\" \/>\n\t<meta property=\"og:image:width\" content=\"753\" \/>\n\t<meta property=\"og:image:height\" content=\"484\" \/>\n\t<meta property=\"og:image:type\" content=\"image\/png\" \/>\n<meta name=\"author\" content=\"apuntesdesanluis.com\" \/>\n<meta name=\"twitter:card\" content=\"summary_large_image\" \/>\n<meta name=\"twitter:label1\" content=\"Escrito por\" \/>\n\t<meta name=\"twitter:data1\" content=\"apuntesdesanluis.com\" \/>\n\t<meta name=\"twitter:label2\" content=\"Tiempo de lectura\" \/>\n\t<meta name=\"twitter:data2\" content=\"3 minutos\" \/>\n<script type=\"application\/ld+json\" class=\"yoast-schema-graph\">{\"@context\":\"https:\/\/schema.org\",\"@graph\":[{\"@type\":\"Article\",\"@id\":\"https:\/\/apuntesdesanluis.com\/index.php\/2024\/08\/20\/villarruel-lapidaria-sobre-lijo-no-cuenta-con-los-pergaminos-para-ser-juez-de-la-corte\/#article\",\"isPartOf\":{\"@id\":\"https:\/\/apuntesdesanluis.com\/index.php\/2024\/08\/20\/villarruel-lapidaria-sobre-lijo-no-cuenta-con-los-pergaminos-para-ser-juez-de-la-corte\/\"},\"author\":{\"name\":\"apuntesdesanluis.com\",\"@id\":\"https:\/\/apuntesdesanluis.com\/#\/schema\/person\/b55151d52296fcce64d1a72538a70b90\"},\"headline\":\"VILLARRUEL, LAPIDARIA SOBRE LIJO: &#8220;NO CUENTA CON LOS PERGAMINOS PARA SER JUEZ DE LA CORTE&#8221;\",\"datePublished\":\"2024-08-20T20:06:50+00:00\",\"dateModified\":\"2024-08-20T20:07:18+00:00\",\"mainEntityOfPage\":{\"@id\":\"https:\/\/apuntesdesanluis.com\/index.php\/2024\/08\/20\/villarruel-lapidaria-sobre-lijo-no-cuenta-con-los-pergaminos-para-ser-juez-de-la-corte\/\"},\"wordCount\":475,\"publisher\":{\"@id\":\"https:\/\/apuntesdesanluis.com\/#\/schema\/person\/b55151d52296fcce64d1a72538a70b90\"},\"image\":{\"@id\":\"https:\/\/apuntesdesanluis.com\/index.php\/2024\/08\/20\/villarruel-lapidaria-sobre-lijo-no-cuenta-con-los-pergaminos-para-ser-juez-de-la-corte\/#primaryimage\"},\"thumbnailUrl\":\"https:\/\/apuntesdesanluis.com\/wp-content\/uploads\/2024\/08\/villarruel.png\",\"articleSection\":[\"Nacionales\/Internacionales\"],\"inLanguage\":\"es-AR\"},{\"@type\":\"WebPage\",\"@id\":\"https:\/\/apuntesdesanluis.com\/index.php\/2024\/08\/20\/villarruel-lapidaria-sobre-lijo-no-cuenta-con-los-pergaminos-para-ser-juez-de-la-corte\/\",\"url\":\"https:\/\/apuntesdesanluis.com\/index.php\/2024\/08\/20\/villarruel-lapidaria-sobre-lijo-no-cuenta-con-los-pergaminos-para-ser-juez-de-la-corte\/\",\"name\":\"VILLARRUEL, LAPIDARIA SOBRE LIJO: \\\"NO CUENTA CON LOS PERGAMINOS PARA SER JUEZ DE LA CORTE\\\" - Apuntes de San Luis\",\"isPartOf\":{\"@id\":\"https:\/\/apuntesdesanluis.com\/#website\"},\"primaryImageOfPage\":{\"@id\":\"https:\/\/apuntesdesanluis.com\/index.php\/2024\/08\/20\/villarruel-lapidaria-sobre-lijo-no-cuenta-con-los-pergaminos-para-ser-juez-de-la-corte\/#primaryimage\"},\"image\":{\"@id\":\"https:\/\/apuntesdesanluis.com\/index.php\/2024\/08\/20\/villarruel-lapidaria-sobre-lijo-no-cuenta-con-los-pergaminos-para-ser-juez-de-la-corte\/#primaryimage\"},\"thumbnailUrl\":\"https:\/\/apuntesdesanluis.com\/wp-content\/uploads\/2024\/08\/villarruel.png\",\"datePublished\":\"2024-08-20T20:06:50+00:00\",\"dateModified\":\"2024-08-20T20:07:18+00:00\",\"breadcrumb\":{\"@id\":\"https:\/\/apuntesdesanluis.com\/index.php\/2024\/08\/20\/villarruel-lapidaria-sobre-lijo-no-cuenta-con-los-pergaminos-para-ser-juez-de-la-corte\/#breadcrumb\"},\"inLanguage\":\"es-AR\",\"potentialAction\":[{\"@type\":\"ReadAction\",\"target\":[\"https:\/\/apuntesdesanluis.com\/index.php\/2024\/08\/20\/villarruel-lapidaria-sobre-lijo-no-cuenta-con-los-pergaminos-para-ser-juez-de-la-corte\/\"]}]},{\"@type\":\"ImageObject\",\"inLanguage\":\"es-AR\",\"@id\":\"https:\/\/apuntesdesanluis.com\/index.php\/2024\/08\/20\/villarruel-lapidaria-sobre-lijo-no-cuenta-con-los-pergaminos-para-ser-juez-de-la-corte\/#primaryimage\",\"url\":\"https:\/\/apuntesdesanluis.com\/wp-content\/uploads\/2024\/08\/villarruel.png\",\"contentUrl\":\"https:\/\/apuntesdesanluis.com\/wp-content\/uploads\/2024\/08\/villarruel.png\",\"width\":753,\"height\":484},{\"@type\":\"BreadcrumbList\",\"@id\":\"https:\/\/apuntesdesanluis.com\/index.php\/2024\/08\/20\/villarruel-lapidaria-sobre-lijo-no-cuenta-con-los-pergaminos-para-ser-juez-de-la-corte\/#breadcrumb\",\"itemListElement\":[{\"@type\":\"ListItem\",\"position\":1,\"name\":\"Inicio\",\"item\":\"https:\/\/apuntesdesanluis.com\/\"},{\"@type\":\"ListItem\",\"position\":2,\"name\":\"VILLARRUEL, LAPIDARIA SOBRE LIJO: &#8220;NO CUENTA CON LOS PERGAMINOS PARA SER JUEZ DE LA CORTE&#8221;\"}]},{\"@type\":\"WebSite\",\"@id\":\"https:\/\/apuntesdesanluis.com\/#website\",\"url\":\"https:\/\/apuntesdesanluis.com\/\",\"name\":\"Apuntes de San Luis\",\"description\":\"\",\"publisher\":{\"@id\":\"https:\/\/apuntesdesanluis.com\/#\/schema\/person\/b55151d52296fcce64d1a72538a70b90\"},\"potentialAction\":[{\"@type\":\"SearchAction\",\"target\":{\"@type\":\"EntryPoint\",\"urlTemplate\":\"https:\/\/apuntesdesanluis.com\/?s={search_term_string}\"},\"query-input\":{\"@type\":\"PropertyValueSpecification\",\"valueRequired\":true,\"valueName\":\"search_term_string\"}}],\"inLanguage\":\"es-AR\"},{\"@type\":[\"Person\",\"Organization\"],\"@id\":\"https:\/\/apuntesdesanluis.com\/#\/schema\/person\/b55151d52296fcce64d1a72538a70b90\",\"name\":\"apuntesdesanluis.com\",\"image\":{\"@type\":\"ImageObject\",\"inLanguage\":\"es-AR\",\"@id\":\"https:\/\/apuntesdesanluis.com\/#\/schema\/person\/image\/\",\"url\":\"https:\/\/apuntesdesanluis.com\/wp-content\/uploads\/2023\/07\/cropped-apuntesdesanluis.png\",\"contentUrl\":\"https:\/\/apuntesdesanluis.com\/wp-content\/uploads\/2023\/07\/cropped-apuntesdesanluis.png\",\"width\":450,\"height\":112,\"caption\":\"apuntesdesanluis.com\"},\"logo\":{\"@id\":\"https:\/\/apuntesdesanluis.com\/#\/schema\/person\/image\/\"},\"sameAs\":[\"https:\/\/apuntesdesanluis.com\"],\"url\":\"https:\/\/apuntesdesanluis.com\/index.php\/author\/apuntesdesanluis-com\/\"}]}<\/script>\n<!-- \/ Yoast SEO plugin. -->","yoast_head_json":{"title":"VILLARRUEL, LAPIDARIA SOBRE LIJO: \"NO CUENTA CON LOS PERGAMINOS PARA SER JUEZ DE LA CORTE\" - Apuntes de San Luis","robots":{"index":"index","follow":"follow","max-snippet":"max-snippet:-1","max-image-preview":"max-image-preview:large","max-video-preview":"max-video-preview:-1"},"canonical":"https:\/\/apuntesdesanluis.com\/index.php\/2024\/08\/20\/villarruel-lapidaria-sobre-lijo-no-cuenta-con-los-pergaminos-para-ser-juez-de-la-corte\/","og_locale":"es_ES","og_type":"article","og_title":"VILLARRUEL, LAPIDARIA SOBRE LIJO: \"NO CUENTA CON LOS PERGAMINOS PARA SER JUEZ DE LA CORTE\" - Apuntes de San Luis","og_description":"La vicepresidenta y titular del Senado, Victoria Villarruel, afirm\u00f3 que el juez federal Ariel Lijo...","og_url":"https:\/\/apuntesdesanluis.com\/index.php\/2024\/08\/20\/villarruel-lapidaria-sobre-lijo-no-cuenta-con-los-pergaminos-para-ser-juez-de-la-corte\/","og_site_name":"Apuntes de San Luis","article_published_time":"2024-08-20T20:06:50+00:00","article_modified_time":"2024-08-20T20:07:18+00:00","og_image":[{"width":753,"height":484,"url":"https:\/\/apuntesdesanluis.com\/wp-content\/uploads\/2024\/08\/villarruel.png","type":"image\/png"}],"author":"apuntesdesanluis.com","twitter_card":"summary_large_image","twitter_misc":{"Escrito por":"apuntesdesanluis.com","Tiempo de lectura":"3 minutos"},"schema":{"@context":"https:\/\/schema.org","@graph":[{"@type":"Article","@id":"https:\/\/apuntesdesanluis.com\/index.php\/2024\/08\/20\/villarruel-lapidaria-sobre-lijo-no-cuenta-con-los-pergaminos-para-ser-juez-de-la-corte\/#article","isPartOf":{"@id":"https:\/\/apuntesdesanluis.com\/index.php\/2024\/08\/20\/villarruel-lapidaria-sobre-lijo-no-cuenta-con-los-pergaminos-para-ser-juez-de-la-corte\/"},"author":{"name":"apuntesdesanluis.com","@id":"https:\/\/apuntesdesanluis.com\/#\/schema\/person\/b55151d52296fcce64d1a72538a70b90"},"headline":"VILLARRUEL, LAPIDARIA SOBRE LIJO: &#8220;NO CUENTA CON LOS PERGAMINOS PARA SER JUEZ DE LA CORTE&#8221;","datePublished":"2024-08-20T20:06:50+00:00","dateModified":"2024-08-20T20:07:18+00:00","mainEntityOfPage":{"@id":"https:\/\/apuntesdesanluis.com\/index.php\/2024\/08\/20\/villarruel-lapidaria-sobre-lijo-no-cuenta-con-los-pergaminos-para-ser-juez-de-la-corte\/"},"wordCount":475,"publisher":{"@id":"https:\/\/apuntesdesanluis.com\/#\/schema\/person\/b55151d52296fcce64d1a72538a70b90"},"image":{"@id":"https:\/\/apuntesdesanluis.com\/index.php\/2024\/08\/20\/villarruel-lapidaria-sobre-lijo-no-cuenta-con-los-pergaminos-para-ser-juez-de-la-corte\/#primaryimage"},"thumbnailUrl":"https:\/\/apuntesdesanluis.com\/wp-content\/uploads\/2024\/08\/villarruel.png","articleSection":["Nacionales\/Internacionales"],"inLanguage":"es-AR"},{"@type":"WebPage","@id":"https:\/\/apuntesdesanluis.com\/index.php\/2024\/08\/20\/villarruel-lapidaria-sobre-lijo-no-cuenta-con-los-pergaminos-para-ser-juez-de-la-corte\/","url":"https:\/\/apuntesdesanluis.com\/index.php\/2024\/08\/20\/villarruel-lapidaria-sobre-lijo-no-cuenta-con-los-pergaminos-para-ser-juez-de-la-corte\/","name":"VILLARRUEL, LAPIDARIA SOBRE LIJO: \"NO CUENTA CON LOS PERGAMINOS PARA SER JUEZ DE LA CORTE\" - Apuntes de San Luis","isPartOf":{"@id":"https:\/\/apuntesdesanluis.com\/#website"},"primaryImageOfPage":{"@id":"https:\/\/apuntesdesanluis.com\/index.php\/2024\/08\/20\/villarruel-lapidaria-sobre-lijo-no-cuenta-con-los-pergaminos-para-ser-juez-de-la-corte\/#primaryimage"},"image":{"@id":"https:\/\/apuntesdesanluis.com\/index.php\/2024\/08\/20\/villarruel-lapidaria-sobre-lijo-no-cuenta-con-los-pergaminos-para-ser-juez-de-la-corte\/#primaryimage"},"thumbnailUrl":"https:\/\/apuntesdesanluis.com\/wp-content\/uploads\/2024\/08\/villarruel.png","datePublished":"2024-08-20T20:06:50+00:00","dateModified":"2024-08-20T20:07:18+00:00","breadcrumb":{"@id":"https:\/\/apuntesdesanluis.com\/index.php\/2024\/08\/20\/villarruel-lapidaria-sobre-lijo-no-cuenta-con-los-pergaminos-para-ser-juez-de-la-corte\/#breadcrumb"},"inLanguage":"es-AR","potentialAction":[{"@type":"ReadAction","target":["https:\/\/apuntesdesanluis.com\/index.php\/2024\/08\/20\/villarruel-lapidaria-sobre-lijo-no-cuenta-con-los-pergaminos-para-ser-juez-de-la-corte\/"]}]},{"@type":"ImageObject","inLanguage":"es-AR","@id":"https:\/\/apuntesdesanluis.com\/index.php\/2024\/08\/20\/villarruel-lapidaria-sobre-lijo-no-cuenta-con-los-pergaminos-para-ser-juez-de-la-corte\/#primaryimage","url":"https:\/\/apuntesdesanluis.com\/wp-content\/uploads\/2024\/08\/villarruel.png","contentUrl":"https:\/\/apuntesdesanluis.com\/wp-content\/uploads\/2024\/08\/villarruel.png","width":753,"height":484},{"@type":"BreadcrumbList","@id":"https:\/\/apuntesdesanluis.com\/index.php\/2024\/08\/20\/villarruel-lapidaria-sobre-lijo-no-cuenta-con-los-pergaminos-para-ser-juez-de-la-corte\/#breadcrumb","itemListElement":[{"@type":"ListItem","position":1,"name":"Inicio","item":"https:\/\/apuntesdesanluis.com\/"},{"@type":"ListItem","position":2,"name":"VILLARRUEL, LAPIDARIA SOBRE LIJO: &#8220;NO CUENTA CON LOS PERGAMINOS PARA SER JUEZ DE LA CORTE&#8221;"}]},{"@type":"WebSite","@id":"https:\/\/apuntesdesanluis.com\/#website","url":"https:\/\/apuntesdesanluis.com\/","name":"Apuntes de San Luis","description":"","publisher":{"@id":"https:\/\/apuntesdesanluis.com\/#\/schema\/person\/b55151d52296fcce64d1a72538a70b90"},"potentialAction":[{"@type":"SearchAction","target":{"@type":"EntryPoint","urlTemplate":"https:\/\/apuntesdesanluis.com\/?s={search_term_string}"},"query-input":{"@type":"PropertyValueSpecification","valueRequired":true,"valueName":"search_term_string"}}],"inLanguage":"es-AR"},{"@type":["Person","Organization"],"@id":"https:\/\/apuntesdesanluis.com\/#\/schema\/person\/b55151d52296fcce64d1a72538a70b90","name":"apuntesdesanluis.com","image":{"@type":"ImageObject","inLanguage":"es-AR","@id":"https:\/\/apuntesdesanluis.com\/#\/schema\/person\/image\/","url":"https:\/\/apuntesdesanluis.com\/wp-content\/uploads\/2023\/07\/cropped-apuntesdesanluis.png","contentUrl":"https:\/\/apuntesdesanluis.com\/wp-content\/uploads\/2023\/07\/cropped-apuntesdesanluis.png","width":450,"height":112,"caption":"apuntesdesanluis.com"},"logo":{"@id":"https:\/\/apuntesdesanluis.com\/#\/schema\/person\/image\/"},"sameAs":["https:\/\/apuntesdesanluis.com"],"url":"https:\/\/apuntesdesanluis.com\/index.php\/author\/apuntesdesanluis-com\/"}]}},"featured_image_urls":{"full":["https:\/\/apuntesdesanluis.com\/wp-content\/uploads\/2024\/08\/villarruel.png",753,484,false],"thumbnail":["https:\/\/apuntesdesanluis.com\/wp-content\/uploads\/2024\/08\/villarruel-150x150.png",150,150,true],"medium":["https:\/\/apuntesdesanluis.com\/wp-content\/uploads\/2024\/08\/villarruel-300x193.png",300,193,true],"medium_large":["https:\/\/apuntesdesanluis.com\/wp-content\/uploads\/2024\/08\/villarruel.png",640,411,false],"large":["https:\/\/apuntesdesanluis.com\/wp-content\/uploads\/2024\/08\/villarruel.png",640,411,false],"1536x1536":["https:\/\/apuntesdesanluis.com\/wp-content\/uploads\/2024\/08\/villarruel.png",753,484,false],"2048x2048":["https:\/\/apuntesdesanluis.com\/wp-content\/uploads\/2024\/08\/villarruel.png",753,484,false],"newsever-slider-full":["https:\/\/apuntesdesanluis.com\/wp-content\/uploads\/2024\/08\/villarruel.png",753,484,false],"newsever-featured":["https:\/\/apuntesdesanluis.com\/wp-content\/uploads\/2024\/08\/villarruel.png",753,484,false],"newsever-medium":["https:\/\/apuntesdesanluis.com\/wp-content\/uploads\/2024\/08\/villarruel-720x475.png",720,475,true]},"author_info":{"display_name":"apuntesdesanluis.com","author_link":"https:\/\/apuntesdesanluis.com\/index.php\/author\/apuntesdesanluis-com\/"},"category_info":"<a href=\"https:\/\/apuntesdesanluis.com\/index.php\/category\/nacionales-internacionales\/\" rel=\"category tag\">Nacionales\/Internacionales<\/a>","tag_info":"Nacionales\/Internacionales","comment_count":"0","_links":{"self":[{"href":"https:\/\/apuntesdesanluis.com\/index.php\/wp-json\/wp\/v2\/posts\/21104","targetHints":{"allow":["GET"]}}],"collection":[{"href":"https:\/\/apuntesdesanluis.com\/index.php\/wp-json\/wp\/v2\/posts"}],"about":[{"href":"https:\/\/apuntesdesanluis.com\/index.php\/wp-json\/wp\/v2\/types\/post"}],"author":[{"embeddable":true,"href":"https:\/\/apuntesdesanluis.com\/index.php\/wp-json\/wp\/v2\/users\/1"}],"replies":[{"embeddable":true,"href":"https:\/\/apuntesdesanluis.com\/index.php\/wp-json\/wp\/v2\/comments?post=21104"}],"version-history":[{"count":1,"href":"https:\/\/apuntesdesanluis.com\/index.php\/wp-json\/wp\/v2\/posts\/21104\/revisions"}],"predecessor-version":[{"id":21107,"href":"https:\/\/apuntesdesanluis.com\/index.php\/wp-json\/wp\/v2\/posts\/21104\/revisions\/21107"}],"wp:featuredmedia":[{"embeddable":true,"href":"https:\/\/apuntesdesanluis.com\/index.php\/wp-json\/wp\/v2\/media\/21108"}],"wp:attachment":[{"href":"https:\/\/apuntesdesanluis.com\/index.php\/wp-json\/wp\/v2\/media?parent=21104"}],"wp:term":[{"taxonomy":"category","embeddable":true,"href":"https:\/\/apuntesdesanluis.com\/index.php\/wp-json\/wp\/v2\/categories?post=21104"},{"taxonomy":"post_tag","embeddable":true,"href":"https:\/\/apuntesdesanluis.com\/index.php\/wp-json\/wp\/v2\/tags?post=21104"}],"curies":[{"name":"wp","href":"https:\/\/api.w.org\/{rel}","templated":true}]}}