{"id":21109,"date":"2024-08-20T17:21:10","date_gmt":"2024-08-20T20:21:10","guid":{"rendered":"https:\/\/apuntesdesanluis.com\/?p=21109"},"modified":"2024-08-20T17:21:10","modified_gmt":"2024-08-20T20:21:10","slug":"alberto-fernandez-quiere-prohibir-la-difusion-de-sus-videos-y-que-se-eliminen-los-que-se-publicaron","status":"publish","type":"post","link":"https:\/\/apuntesdesanluis.com\/index.php\/2024\/08\/20\/alberto-fernandez-quiere-prohibir-la-difusion-de-sus-videos-y-que-se-eliminen-los-que-se-publicaron\/","title":{"rendered":"ALBERTO FERN\u00c1NDEZ QUIERE PROHIBIR LA DIFUSI\u00d3N DE SUS VIDEOS Y QUE SE ELIMINEN LOS QUE SE PUBLICARON"},"content":{"rendered":"<h3>El ex presidente <strong>Alberto Fern\u00e1ndez<\/strong> realiz\u00f3 un pedido formal para prohibir la difusi\u00f3n de sus fotos y videos en medios de comunicaci\u00f3n convencionales y digitales y que, adem\u00e1s se eliminen las im\u00e1genes que ya se publicaron.<\/h3>\n<h3>Seg\u00fan La Naci\u00f3n, la argumentaci\u00f3n que present\u00f3 el ex mandatario se basa en \u201cla protecci\u00f3n del derecho a la privacidad\u201d y en la \u201cintegridad de los derechos del ni\u00f1o\u201d dado que podr\u00eda afectar a sus hijos, tanto en el presente como en el futuro y, tambi\u00e9n viola su honor como individuo.<\/h3>\n<h3>Asimismo, manifest\u00f3 que los derechos que est\u00e1n en juego son \u201cveros\u00edmiles y casi evidentes\u201d y que la tutela judicial que deber\u00eda haber \u201ces esencial\u201d; paralelamente indic\u00f3 que si bien \u201cla libertad de expresi\u00f3n es una garant\u00eda\u201d, la Corte Suprema de Justicia sostiene que \u201ctodas las personas tienen derecho a la intimidad, inclusive las personas c\u00e9lebres\u201d y que \u201cla libertad de prensa no es un derecho absoluto\u201d.<\/h3>\n<h3>Esta medida cautelar se registr\u00f3 en el fuero Civil y Comercial Federal y, adem\u00e1s de los canales tradicionales de comunicaci\u00f3n, est\u00e1 dirigido a las empresas digitales: Google, Facebook, X y Yahoo.<\/h3>\n<p><img fetchpriority=\"high\" decoding=\"async\" class=\"wp-image-20596 aligncenter\" src=\"https:\/\/apuntesdesanluis.com\/wp-content\/uploads\/2024\/08\/fabiola-golpeada-300x156.png\" alt=\"\" width=\"621\" height=\"323\" srcset=\"https:\/\/apuntesdesanluis.com\/wp-content\/uploads\/2024\/08\/fabiola-golpeada-300x156.png 300w, https:\/\/apuntesdesanluis.com\/wp-content\/uploads\/2024\/08\/fabiola-golpeada.png 700w\" sizes=\"(max-width: 621px) 100vw, 621px\" \/><\/p>\n<h3>Adem\u00e1s, Fern\u00e1ndez se\u00f1al\u00f3 que se difunden y viralizan im\u00e1genes que se le adjudican pero que son \u201cfalsas\u201d, haciendo tambi\u00e9n referencia a la posible utilizaci\u00f3n de inteligencia artificial o edici\u00f3n para alterar el contenido.<\/h3>\n<h3>La demanda que impuls\u00f3 es una \u201cacci\u00f3n preventiva de da\u00f1os\u201d contra el Ente Regulador de las Telecomunicaciones (ENACOM) y las empresas anteriormente nombradas, por \u201cagredir, vulnerar, menoscabar y afectar su nombre, honor, imagen, intimidad y\/o integridad afectando directamente a sus hijos y familiares\u201d.<\/h3>\n<h3>\u201cSe vienen publicando y difundiendo fotos y videos que falazmente se me atribuyen por parte de diversos medios y figuras p\u00fablicas. Estas cuestiones que desde ya son falsas y maliciosas, solo buscan afectar la estabilidad familiar y salud psicof\u00edsica de mis hijos\u201d, escribi\u00f3 Fern\u00e1ndez en su demanda.<\/h3>\n<h3>Para finalizar, apunt\u00f3 contra los periodistas Laura Di Marco, Luis Majul y Jorge Rial, entre otros, por haber publicado declaraciones en sus cuentas personales de la red social X en las que indicaban la existencia de videos \u201ccon mujeres en situaciones inc\u00f3modas\u201d.<\/h3>\n<h3>\u201cEstas afirmaciones y la difusi\u00f3n de dichos videos pretenden generar un da\u00f1o a mi persona, a mis hijos, a nuestra privacidad y reputaci\u00f3n familiar\u201d, concluy\u00f3.<\/h3>\n<h3><strong>DEVOLUCI\u00d3N<\/strong><\/h3>\n<h3>El ex presidente Alberto Fern\u00e1ndez pidi\u00f3 esta ma\u00f1ana ante el juez federal Juli\u00e1n Ercolini la devoluci\u00f3n de los tel\u00e9fonos y los dem\u00e1s aparatos electr\u00f3nicos que le secuestraron de su domicilio el 9 de agosto pasado. La presentaci\u00f3n, a la que tuvo acceso Infobae, remarca que no incumpli\u00f3 la orden que le imped\u00eda contactarse con Fabiola Ya\u00f1ez y que por lo tanto fue \u201cabstracto el motivo del allanamiento\u201d.<\/h3>\n<h3>Todo comenz\u00f3 con un escrito de la defensa de Fabiola Ya\u00f1ez, revelado por este medio, donde se confirm\u00f3 que el \u00faltimo contacto telef\u00f3nico entre ambos se registr\u00f3 el martes 6 de agosto a las 17:09 (hora de Argentina). Dos horas despu\u00e9s, a las 19:47, el ex presidente se notific\u00f3 en su departamento de la orden firmada por el juez Ercolini, que esa misma tarde le hab\u00eda prohibido tomar contacto con la denunciante.<\/h3>\n<h3>\u201cConforme lo requerido en el punto V.10 de la resoluci\u00f3n de fecha 14\/08\/2024 dictada por el Fiscal General Ramiro Gonz\u00e1lez vengo a dar cumplimiento con el compromiso asumido en la audiencia celebrada el fecha 12\/08\/2024, haciendo saber que no he recibido mensajes desde el celular del Sr. Alberto Fern\u00e1ndez a partir del d\u00eda 6\/08\/24 luego de las 17:09 horas (10:09 PM de Espa\u00f1a)\u201d, dice la presentaci\u00f3n firmada por la abogada Vilma Carluccio, que trabaja junto a Mariana Gallego.<\/h3>\n<h3>La audiencia del 12 de agosto fue la declaraci\u00f3n de Ya\u00f1ez desde Madrid que dur\u00f3 casi cuatro horas. \u201cLe preguntamos por las llamadas y dijo que no recordaba la hora exacta, por eso ahora acompa\u00f1\u00f3 un escrito con el detalle de la hora\u201d, explic\u00f3 una fuente judicial.<\/h3>\n<h3>En realidad, hubo una instancia previa, el 7 de agosto, en una charla telef\u00f3nica que tuvo Ya\u00f1ez con el fiscal Carlos R\u00edvolo donde habl\u00f3 de \u201cmensajes intimidatorios\u201d que proven\u00edan del celular de Fern\u00e1ndez, pero no dio precisiones de fechas ni horarios. Tambi\u00e9n dio cuenta de terceros involucrados que tambi\u00e9n la habr\u00edan contactado.<\/h3>\n<h3>Dos d\u00edas despu\u00e9s, el viernes 9 de agosto, la Fiscal\u00eda expuso esos mensajes para pedir el allanamiento en Puerto Madero. \u201cEsta Fiscal\u00eda viene por medio del presente a solicitar a VS el allanamiento del domicilio del nombrado con el objeto de proceder al secuestro de los dispositivos electr\u00f3nicos que tenga en su poder, desde los cuales se estar\u00edan enviado esos mensajes\u201d, sostuvo R\u00edvolo ese d\u00eda. Y agreg\u00f3: \u201cTal como fuera informado recientemente por la se\u00f1ora Fabiola Ya\u00f1ez, los d\u00edas 6 y 7 de agosto, ella recibi\u00f3 mensajes directos de su presunto agresor, Alberto Fern\u00e1ndez, y comunicaciones de terceros a requerimiento de \u00e9l\u201d.<\/h3>\n<h3>Ese d\u00eda, la causa ya hab\u00eda cambiado de juzgado y de Fiscal\u00eda, pero R\u00edvolo reemplazaba a Ramiro Gonz\u00e1lez hasta la medianoche del viernes. \u201cEsto demuestra (los llamados) que, a pesar de las medidas que VS impuso y notific\u00f3 personalmente al denunciado para que \u00e9ste cesara en la perturbaci\u00f3n o intimidaci\u00f3n, tanto directa o indirecta, y por cualquier medio, hacia la v\u00edctima, el nombrado habr\u00eda persistido en su actitud, incumpliendo la manda judicial, toda vez que habr\u00eda continuado hostigando a la v\u00edctima a trav\u00e9s de mensajes enviados desde su tel\u00e9fono y\/o mensajes enviados por terceras personas en com\u00fan\u201d, dice ese documento.<\/h3>\n<h3>El allanamiento fue ordenado por Ercolini esa misma noche. Del departamento ubicado en Juana Manso 740, piso 12, la Polic\u00eda Federal se llev\u00f3 22 pendrives, dos tel\u00e9fonos, un iPad, y 2 memorias.<\/h3>\n<h3>Esos aparatos permanecen en la caja fuerte de la Fiscal\u00eda, pudo saber Infobae de fuentes judiciales. \u201cSi se comprueba que no incumpli\u00f3 la orden judicial, habr\u00eda que devolverle todo\u201d, explicaron desde Tribunales.<\/h3>\n<h3>Al margen del pedido para que le devuelvan los tel\u00e9fonos, la abogada de Fern\u00e1ndez, Silvina Carreira, present\u00f3 hoy una denuncia penal contra Ya\u00f1ez por los delitos de violaci\u00f3n de secreto y el acceso ileg\u00edtimo a la nube de Google, previstos en los art\u00edculos 153 y 153 bis del C\u00f3digo Penal. \u201cLa querellada Fabiola Ya\u00f1ez es la \u00fanica persona que ten\u00eda acceso a la informaci\u00f3n que se ha difundido. Dicha informaci\u00f3n est\u00e1 contenida en el tel\u00e9fono que era de mi propiedad, que le regal\u00e9 a mi hijo Francisco con aplicaciones que serv\u00edan para su esparcimiento, y que conten\u00eda mi galer\u00eda de fotos personal\u201d, dice esa presentaci\u00f3n.<\/h3>\n<p>&nbsp;<\/p>\n<p>&nbsp;<\/p>\n<p>&nbsp;<\/p>\n","protected":false},"excerpt":{"rendered":"<p>El ex presidente Alberto Fern\u00e1ndez realiz\u00f3 un pedido formal para prohibir la difusi\u00f3n de sus&#8230;<\/p>\n","protected":false},"author":1,"featured_media":21110,"comment_status":"closed","ping_status":"closed","sticky":false,"template":"","format":"standard","meta":{"footnotes":""},"categories":[5],"tags":[],"class_list":["post-21109","post","type-post","status-publish","format-standard","has-post-thumbnail","hentry","category-nacionales-internacionales"],"yoast_head":"<!-- This site is optimized with the Yoast SEO plugin v26.1.1 - https:\/\/yoast.com\/wordpress\/plugins\/seo\/ -->\n<title>ALBERTO FERN\u00c1NDEZ QUIERE PROHIBIR LA DIFUSI\u00d3N DE SUS VIDEOS Y QUE SE ELIMINEN LOS QUE SE PUBLICARON - Apuntes de San Luis<\/title>\n<meta name=\"robots\" content=\"index, follow, max-snippet:-1, max-image-preview:large, max-video-preview:-1\" \/>\n<link rel=\"canonical\" href=\"https:\/\/apuntesdesanluis.com\/index.php\/2024\/08\/20\/alberto-fernandez-quiere-prohibir-la-difusion-de-sus-videos-y-que-se-eliminen-los-que-se-publicaron\/\" \/>\n<meta property=\"og:locale\" content=\"es_ES\" \/>\n<meta property=\"og:type\" content=\"article\" \/>\n<meta property=\"og:title\" content=\"ALBERTO FERN\u00c1NDEZ QUIERE PROHIBIR LA DIFUSI\u00d3N DE SUS VIDEOS Y QUE SE ELIMINEN LOS QUE SE PUBLICARON - Apuntes de San Luis\" \/>\n<meta property=\"og:description\" content=\"El ex presidente Alberto Fern\u00e1ndez realiz\u00f3 un pedido formal para prohibir la difusi\u00f3n de sus...\" \/>\n<meta property=\"og:url\" content=\"https:\/\/apuntesdesanluis.com\/index.php\/2024\/08\/20\/alberto-fernandez-quiere-prohibir-la-difusion-de-sus-videos-y-que-se-eliminen-los-que-se-publicaron\/\" \/>\n<meta property=\"og:site_name\" content=\"Apuntes de San Luis\" \/>\n<meta property=\"article:published_time\" content=\"2024-08-20T20:21:10+00:00\" \/>\n<meta property=\"og:image\" content=\"https:\/\/apuntesdesanluis.com\/wp-content\/uploads\/2024\/08\/FERNANDEZ-1.png\" \/>\n\t<meta property=\"og:image:width\" content=\"823\" \/>\n\t<meta property=\"og:image:height\" content=\"512\" \/>\n\t<meta property=\"og:image:type\" content=\"image\/png\" \/>\n<meta name=\"author\" content=\"apuntesdesanluis.com\" \/>\n<meta name=\"twitter:card\" content=\"summary_large_image\" \/>\n<meta name=\"twitter:label1\" content=\"Escrito por\" \/>\n\t<meta name=\"twitter:data1\" content=\"apuntesdesanluis.com\" \/>\n\t<meta name=\"twitter:label2\" content=\"Tiempo de lectura\" \/>\n\t<meta name=\"twitter:data2\" content=\"6 minutos\" \/>\n<script type=\"application\/ld+json\" class=\"yoast-schema-graph\">{\"@context\":\"https:\/\/schema.org\",\"@graph\":[{\"@type\":\"Article\",\"@id\":\"https:\/\/apuntesdesanluis.com\/index.php\/2024\/08\/20\/alberto-fernandez-quiere-prohibir-la-difusion-de-sus-videos-y-que-se-eliminen-los-que-se-publicaron\/#article\",\"isPartOf\":{\"@id\":\"https:\/\/apuntesdesanluis.com\/index.php\/2024\/08\/20\/alberto-fernandez-quiere-prohibir-la-difusion-de-sus-videos-y-que-se-eliminen-los-que-se-publicaron\/\"},\"author\":{\"name\":\"apuntesdesanluis.com\",\"@id\":\"https:\/\/apuntesdesanluis.com\/#\/schema\/person\/b55151d52296fcce64d1a72538a70b90\"},\"headline\":\"ALBERTO FERN\u00c1NDEZ QUIERE PROHIBIR LA DIFUSI\u00d3N DE SUS VIDEOS Y QUE SE ELIMINEN LOS QUE SE PUBLICARON\",\"datePublished\":\"2024-08-20T20:21:10+00:00\",\"mainEntityOfPage\":{\"@id\":\"https:\/\/apuntesdesanluis.com\/index.php\/2024\/08\/20\/alberto-fernandez-quiere-prohibir-la-difusion-de-sus-videos-y-que-se-eliminen-los-que-se-publicaron\/\"},\"wordCount\":1179,\"publisher\":{\"@id\":\"https:\/\/apuntesdesanluis.com\/#\/schema\/person\/b55151d52296fcce64d1a72538a70b90\"},\"image\":{\"@id\":\"https:\/\/apuntesdesanluis.com\/index.php\/2024\/08\/20\/alberto-fernandez-quiere-prohibir-la-difusion-de-sus-videos-y-que-se-eliminen-los-que-se-publicaron\/#primaryimage\"},\"thumbnailUrl\":\"https:\/\/apuntesdesanluis.com\/wp-content\/uploads\/2024\/08\/FERNANDEZ-1.png\",\"articleSection\":[\"Nacionales\/Internacionales\"],\"inLanguage\":\"es-AR\"},{\"@type\":\"WebPage\",\"@id\":\"https:\/\/apuntesdesanluis.com\/index.php\/2024\/08\/20\/alberto-fernandez-quiere-prohibir-la-difusion-de-sus-videos-y-que-se-eliminen-los-que-se-publicaron\/\",\"url\":\"https:\/\/apuntesdesanluis.com\/index.php\/2024\/08\/20\/alberto-fernandez-quiere-prohibir-la-difusion-de-sus-videos-y-que-se-eliminen-los-que-se-publicaron\/\",\"name\":\"ALBERTO FERN\u00c1NDEZ QUIERE PROHIBIR LA DIFUSI\u00d3N DE SUS VIDEOS Y QUE SE ELIMINEN LOS QUE SE PUBLICARON - Apuntes de San Luis\",\"isPartOf\":{\"@id\":\"https:\/\/apuntesdesanluis.com\/#website\"},\"primaryImageOfPage\":{\"@id\":\"https:\/\/apuntesdesanluis.com\/index.php\/2024\/08\/20\/alberto-fernandez-quiere-prohibir-la-difusion-de-sus-videos-y-que-se-eliminen-los-que-se-publicaron\/#primaryimage\"},\"image\":{\"@id\":\"https:\/\/apuntesdesanluis.com\/index.php\/2024\/08\/20\/alberto-fernandez-quiere-prohibir-la-difusion-de-sus-videos-y-que-se-eliminen-los-que-se-publicaron\/#primaryimage\"},\"thumbnailUrl\":\"https:\/\/apuntesdesanluis.com\/wp-content\/uploads\/2024\/08\/FERNANDEZ-1.png\",\"datePublished\":\"2024-08-20T20:21:10+00:00\",\"breadcrumb\":{\"@id\":\"https:\/\/apuntesdesanluis.com\/index.php\/2024\/08\/20\/alberto-fernandez-quiere-prohibir-la-difusion-de-sus-videos-y-que-se-eliminen-los-que-se-publicaron\/#breadcrumb\"},\"inLanguage\":\"es-AR\",\"potentialAction\":[{\"@type\":\"ReadAction\",\"target\":[\"https:\/\/apuntesdesanluis.com\/index.php\/2024\/08\/20\/alberto-fernandez-quiere-prohibir-la-difusion-de-sus-videos-y-que-se-eliminen-los-que-se-publicaron\/\"]}]},{\"@type\":\"ImageObject\",\"inLanguage\":\"es-AR\",\"@id\":\"https:\/\/apuntesdesanluis.com\/index.php\/2024\/08\/20\/alberto-fernandez-quiere-prohibir-la-difusion-de-sus-videos-y-que-se-eliminen-los-que-se-publicaron\/#primaryimage\",\"url\":\"https:\/\/apuntesdesanluis.com\/wp-content\/uploads\/2024\/08\/FERNANDEZ-1.png\",\"contentUrl\":\"https:\/\/apuntesdesanluis.com\/wp-content\/uploads\/2024\/08\/FERNANDEZ-1.png\",\"width\":823,\"height\":512},{\"@type\":\"BreadcrumbList\",\"@id\":\"https:\/\/apuntesdesanluis.com\/index.php\/2024\/08\/20\/alberto-fernandez-quiere-prohibir-la-difusion-de-sus-videos-y-que-se-eliminen-los-que-se-publicaron\/#breadcrumb\",\"itemListElement\":[{\"@type\":\"ListItem\",\"position\":1,\"name\":\"Inicio\",\"item\":\"https:\/\/apuntesdesanluis.com\/\"},{\"@type\":\"ListItem\",\"position\":2,\"name\":\"ALBERTO FERN\u00c1NDEZ QUIERE PROHIBIR LA DIFUSI\u00d3N DE SUS VIDEOS Y QUE SE ELIMINEN LOS QUE SE PUBLICARON\"}]},{\"@type\":\"WebSite\",\"@id\":\"https:\/\/apuntesdesanluis.com\/#website\",\"url\":\"https:\/\/apuntesdesanluis.com\/\",\"name\":\"Apuntes de San Luis\",\"description\":\"\",\"publisher\":{\"@id\":\"https:\/\/apuntesdesanluis.com\/#\/schema\/person\/b55151d52296fcce64d1a72538a70b90\"},\"potentialAction\":[{\"@type\":\"SearchAction\",\"target\":{\"@type\":\"EntryPoint\",\"urlTemplate\":\"https:\/\/apuntesdesanluis.com\/?s={search_term_string}\"},\"query-input\":{\"@type\":\"PropertyValueSpecification\",\"valueRequired\":true,\"valueName\":\"search_term_string\"}}],\"inLanguage\":\"es-AR\"},{\"@type\":[\"Person\",\"Organization\"],\"@id\":\"https:\/\/apuntesdesanluis.com\/#\/schema\/person\/b55151d52296fcce64d1a72538a70b90\",\"name\":\"apuntesdesanluis.com\",\"image\":{\"@type\":\"ImageObject\",\"inLanguage\":\"es-AR\",\"@id\":\"https:\/\/apuntesdesanluis.com\/#\/schema\/person\/image\/\",\"url\":\"https:\/\/apuntesdesanluis.com\/wp-content\/uploads\/2023\/07\/cropped-apuntesdesanluis.png\",\"contentUrl\":\"https:\/\/apuntesdesanluis.com\/wp-content\/uploads\/2023\/07\/cropped-apuntesdesanluis.png\",\"width\":450,\"height\":112,\"caption\":\"apuntesdesanluis.com\"},\"logo\":{\"@id\":\"https:\/\/apuntesdesanluis.com\/#\/schema\/person\/image\/\"},\"sameAs\":[\"https:\/\/apuntesdesanluis.com\"],\"url\":\"https:\/\/apuntesdesanluis.com\/index.php\/author\/apuntesdesanluis-com\/\"}]}<\/script>\n<!-- \/ Yoast SEO plugin. -->","yoast_head_json":{"title":"ALBERTO FERN\u00c1NDEZ QUIERE PROHIBIR LA DIFUSI\u00d3N DE SUS VIDEOS Y QUE SE ELIMINEN LOS QUE SE PUBLICARON - Apuntes de San Luis","robots":{"index":"index","follow":"follow","max-snippet":"max-snippet:-1","max-image-preview":"max-image-preview:large","max-video-preview":"max-video-preview:-1"},"canonical":"https:\/\/apuntesdesanluis.com\/index.php\/2024\/08\/20\/alberto-fernandez-quiere-prohibir-la-difusion-de-sus-videos-y-que-se-eliminen-los-que-se-publicaron\/","og_locale":"es_ES","og_type":"article","og_title":"ALBERTO FERN\u00c1NDEZ QUIERE PROHIBIR LA DIFUSI\u00d3N DE SUS VIDEOS Y QUE SE ELIMINEN LOS QUE SE PUBLICARON - Apuntes de San Luis","og_description":"El ex presidente Alberto Fern\u00e1ndez realiz\u00f3 un pedido formal para prohibir la difusi\u00f3n de sus...","og_url":"https:\/\/apuntesdesanluis.com\/index.php\/2024\/08\/20\/alberto-fernandez-quiere-prohibir-la-difusion-de-sus-videos-y-que-se-eliminen-los-que-se-publicaron\/","og_site_name":"Apuntes de San Luis","article_published_time":"2024-08-20T20:21:10+00:00","og_image":[{"width":823,"height":512,"url":"https:\/\/apuntesdesanluis.com\/wp-content\/uploads\/2024\/08\/FERNANDEZ-1.png","type":"image\/png"}],"author":"apuntesdesanluis.com","twitter_card":"summary_large_image","twitter_misc":{"Escrito por":"apuntesdesanluis.com","Tiempo de lectura":"6 minutos"},"schema":{"@context":"https:\/\/schema.org","@graph":[{"@type":"Article","@id":"https:\/\/apuntesdesanluis.com\/index.php\/2024\/08\/20\/alberto-fernandez-quiere-prohibir-la-difusion-de-sus-videos-y-que-se-eliminen-los-que-se-publicaron\/#article","isPartOf":{"@id":"https:\/\/apuntesdesanluis.com\/index.php\/2024\/08\/20\/alberto-fernandez-quiere-prohibir-la-difusion-de-sus-videos-y-que-se-eliminen-los-que-se-publicaron\/"},"author":{"name":"apuntesdesanluis.com","@id":"https:\/\/apuntesdesanluis.com\/#\/schema\/person\/b55151d52296fcce64d1a72538a70b90"},"headline":"ALBERTO FERN\u00c1NDEZ QUIERE PROHIBIR LA DIFUSI\u00d3N DE SUS VIDEOS Y QUE SE ELIMINEN LOS QUE SE PUBLICARON","datePublished":"2024-08-20T20:21:10+00:00","mainEntityOfPage":{"@id":"https:\/\/apuntesdesanluis.com\/index.php\/2024\/08\/20\/alberto-fernandez-quiere-prohibir-la-difusion-de-sus-videos-y-que-se-eliminen-los-que-se-publicaron\/"},"wordCount":1179,"publisher":{"@id":"https:\/\/apuntesdesanluis.com\/#\/schema\/person\/b55151d52296fcce64d1a72538a70b90"},"image":{"@id":"https:\/\/apuntesdesanluis.com\/index.php\/2024\/08\/20\/alberto-fernandez-quiere-prohibir-la-difusion-de-sus-videos-y-que-se-eliminen-los-que-se-publicaron\/#primaryimage"},"thumbnailUrl":"https:\/\/apuntesdesanluis.com\/wp-content\/uploads\/2024\/08\/FERNANDEZ-1.png","articleSection":["Nacionales\/Internacionales"],"inLanguage":"es-AR"},{"@type":"WebPage","@id":"https:\/\/apuntesdesanluis.com\/index.php\/2024\/08\/20\/alberto-fernandez-quiere-prohibir-la-difusion-de-sus-videos-y-que-se-eliminen-los-que-se-publicaron\/","url":"https:\/\/apuntesdesanluis.com\/index.php\/2024\/08\/20\/alberto-fernandez-quiere-prohibir-la-difusion-de-sus-videos-y-que-se-eliminen-los-que-se-publicaron\/","name":"ALBERTO FERN\u00c1NDEZ QUIERE PROHIBIR LA DIFUSI\u00d3N DE SUS VIDEOS Y QUE SE ELIMINEN LOS QUE SE PUBLICARON - Apuntes de San Luis","isPartOf":{"@id":"https:\/\/apuntesdesanluis.com\/#website"},"primaryImageOfPage":{"@id":"https:\/\/apuntesdesanluis.com\/index.php\/2024\/08\/20\/alberto-fernandez-quiere-prohibir-la-difusion-de-sus-videos-y-que-se-eliminen-los-que-se-publicaron\/#primaryimage"},"image":{"@id":"https:\/\/apuntesdesanluis.com\/index.php\/2024\/08\/20\/alberto-fernandez-quiere-prohibir-la-difusion-de-sus-videos-y-que-se-eliminen-los-que-se-publicaron\/#primaryimage"},"thumbnailUrl":"https:\/\/apuntesdesanluis.com\/wp-content\/uploads\/2024\/08\/FERNANDEZ-1.png","datePublished":"2024-08-20T20:21:10+00:00","breadcrumb":{"@id":"https:\/\/apuntesdesanluis.com\/index.php\/2024\/08\/20\/alberto-fernandez-quiere-prohibir-la-difusion-de-sus-videos-y-que-se-eliminen-los-que-se-publicaron\/#breadcrumb"},"inLanguage":"es-AR","potentialAction":[{"@type":"ReadAction","target":["https:\/\/apuntesdesanluis.com\/index.php\/2024\/08\/20\/alberto-fernandez-quiere-prohibir-la-difusion-de-sus-videos-y-que-se-eliminen-los-que-se-publicaron\/"]}]},{"@type":"ImageObject","inLanguage":"es-AR","@id":"https:\/\/apuntesdesanluis.com\/index.php\/2024\/08\/20\/alberto-fernandez-quiere-prohibir-la-difusion-de-sus-videos-y-que-se-eliminen-los-que-se-publicaron\/#primaryimage","url":"https:\/\/apuntesdesanluis.com\/wp-content\/uploads\/2024\/08\/FERNANDEZ-1.png","contentUrl":"https:\/\/apuntesdesanluis.com\/wp-content\/uploads\/2024\/08\/FERNANDEZ-1.png","width":823,"height":512},{"@type":"BreadcrumbList","@id":"https:\/\/apuntesdesanluis.com\/index.php\/2024\/08\/20\/alberto-fernandez-quiere-prohibir-la-difusion-de-sus-videos-y-que-se-eliminen-los-que-se-publicaron\/#breadcrumb","itemListElement":[{"@type":"ListItem","position":1,"name":"Inicio","item":"https:\/\/apuntesdesanluis.com\/"},{"@type":"ListItem","position":2,"name":"ALBERTO FERN\u00c1NDEZ QUIERE PROHIBIR LA DIFUSI\u00d3N DE SUS VIDEOS Y QUE SE ELIMINEN LOS QUE SE PUBLICARON"}]},{"@type":"WebSite","@id":"https:\/\/apuntesdesanluis.com\/#website","url":"https:\/\/apuntesdesanluis.com\/","name":"Apuntes de San Luis","description":"","publisher":{"@id":"https:\/\/apuntesdesanluis.com\/#\/schema\/person\/b55151d52296fcce64d1a72538a70b90"},"potentialAction":[{"@type":"SearchAction","target":{"@type":"EntryPoint","urlTemplate":"https:\/\/apuntesdesanluis.com\/?s={search_term_string}"},"query-input":{"@type":"PropertyValueSpecification","valueRequired":true,"valueName":"search_term_string"}}],"inLanguage":"es-AR"},{"@type":["Person","Organization"],"@id":"https:\/\/apuntesdesanluis.com\/#\/schema\/person\/b55151d52296fcce64d1a72538a70b90","name":"apuntesdesanluis.com","image":{"@type":"ImageObject","inLanguage":"es-AR","@id":"https:\/\/apuntesdesanluis.com\/#\/schema\/person\/image\/","url":"https:\/\/apuntesdesanluis.com\/wp-content\/uploads\/2023\/07\/cropped-apuntesdesanluis.png","contentUrl":"https:\/\/apuntesdesanluis.com\/wp-content\/uploads\/2023\/07\/cropped-apuntesdesanluis.png","width":450,"height":112,"caption":"apuntesdesanluis.com"},"logo":{"@id":"https:\/\/apuntesdesanluis.com\/#\/schema\/person\/image\/"},"sameAs":["https:\/\/apuntesdesanluis.com"],"url":"https:\/\/apuntesdesanluis.com\/index.php\/author\/apuntesdesanluis-com\/"}]}},"featured_image_urls":{"full":["https:\/\/apuntesdesanluis.com\/wp-content\/uploads\/2024\/08\/FERNANDEZ-1.png",823,512,false],"thumbnail":["https:\/\/apuntesdesanluis.com\/wp-content\/uploads\/2024\/08\/FERNANDEZ-1-150x150.png",150,150,true],"medium":["https:\/\/apuntesdesanluis.com\/wp-content\/uploads\/2024\/08\/FERNANDEZ-1-300x187.png",300,187,true],"medium_large":["https:\/\/apuntesdesanluis.com\/wp-content\/uploads\/2024\/08\/FERNANDEZ-1-768x478.png",640,398,true],"large":["https:\/\/apuntesdesanluis.com\/wp-content\/uploads\/2024\/08\/FERNANDEZ-1.png",640,398,false],"1536x1536":["https:\/\/apuntesdesanluis.com\/wp-content\/uploads\/2024\/08\/FERNANDEZ-1.png",823,512,false],"2048x2048":["https:\/\/apuntesdesanluis.com\/wp-content\/uploads\/2024\/08\/FERNANDEZ-1.png",823,512,false],"newsever-slider-full":["https:\/\/apuntesdesanluis.com\/wp-content\/uploads\/2024\/08\/FERNANDEZ-1.png",823,512,false],"newsever-featured":["https:\/\/apuntesdesanluis.com\/wp-content\/uploads\/2024\/08\/FERNANDEZ-1.png",823,512,false],"newsever-medium":["https:\/\/apuntesdesanluis.com\/wp-content\/uploads\/2024\/08\/FERNANDEZ-1-720x475.png",720,475,true]},"author_info":{"display_name":"apuntesdesanluis.com","author_link":"https:\/\/apuntesdesanluis.com\/index.php\/author\/apuntesdesanluis-com\/"},"category_info":"<a href=\"https:\/\/apuntesdesanluis.com\/index.php\/category\/nacionales-internacionales\/\" rel=\"category tag\">Nacionales\/Internacionales<\/a>","tag_info":"Nacionales\/Internacionales","comment_count":"0","_links":{"self":[{"href":"https:\/\/apuntesdesanluis.com\/index.php\/wp-json\/wp\/v2\/posts\/21109","targetHints":{"allow":["GET"]}}],"collection":[{"href":"https:\/\/apuntesdesanluis.com\/index.php\/wp-json\/wp\/v2\/posts"}],"about":[{"href":"https:\/\/apuntesdesanluis.com\/index.php\/wp-json\/wp\/v2\/types\/post"}],"author":[{"embeddable":true,"href":"https:\/\/apuntesdesanluis.com\/index.php\/wp-json\/wp\/v2\/users\/1"}],"replies":[{"embeddable":true,"href":"https:\/\/apuntesdesanluis.com\/index.php\/wp-json\/wp\/v2\/comments?post=21109"}],"version-history":[{"count":1,"href":"https:\/\/apuntesdesanluis.com\/index.php\/wp-json\/wp\/v2\/posts\/21109\/revisions"}],"predecessor-version":[{"id":21111,"href":"https:\/\/apuntesdesanluis.com\/index.php\/wp-json\/wp\/v2\/posts\/21109\/revisions\/21111"}],"wp:featuredmedia":[{"embeddable":true,"href":"https:\/\/apuntesdesanluis.com\/index.php\/wp-json\/wp\/v2\/media\/21110"}],"wp:attachment":[{"href":"https:\/\/apuntesdesanluis.com\/index.php\/wp-json\/wp\/v2\/media?parent=21109"}],"wp:term":[{"taxonomy":"category","embeddable":true,"href":"https:\/\/apuntesdesanluis.com\/index.php\/wp-json\/wp\/v2\/categories?post=21109"},{"taxonomy":"post_tag","embeddable":true,"href":"https:\/\/apuntesdesanluis.com\/index.php\/wp-json\/wp\/v2\/tags?post=21109"}],"curies":[{"name":"wp","href":"https:\/\/api.w.org\/{rel}","templated":true}]}}