{"id":21115,"date":"2024-08-20T18:07:00","date_gmt":"2024-08-20T21:07:00","guid":{"rendered":"https:\/\/apuntesdesanluis.com\/?p=21115"},"modified":"2024-08-20T18:07:00","modified_gmt":"2024-08-20T21:07:00","slug":"maria-angelica-torrontegui-definitivamente-jubilada","status":"publish","type":"post","link":"https:\/\/apuntesdesanluis.com\/index.php\/2024\/08\/20\/maria-angelica-torrontegui-definitivamente-jubilada\/","title":{"rendered":"MAR\u00cdA ANG\u00c9LICA TORRONTEGUI: DEFINITIVAMENTE, JUBILADA"},"content":{"rendered":"<h3>La presidenta del Partido Justicialista, Distrito San Luis, <strong>Mar\u00eda Ang\u00e9lica Torrontegui<\/strong>, fue desplazada del cargo en el que se design\u00f3 en la C\u00e1mara Alta de la provincia, tras perder la reelecci\u00f3n como senadora, en las elecciones del a\u00f1o pasado.<\/h3>\n<h3>La legisladora estaba nombrada Prosecretaria Legislativa en el Senado desde diciembre pasado y nadie pod\u00eda explicarse c\u00f3mo permanec\u00eda en ese cargo luego de 8 meses, teniendo en cuenta que es una designaci\u00f3n pol\u00edtica que depende del propio cuerpo que conduce el vice gobernador <strong>Ricardo Endeiza<\/strong>, y que el oficialismo conform\u00f3 su propia mayor\u00eda.<\/h3>\n<h3>Finalmente, con los votos de los tres legisladores de Avanzar \u2013Olivero, Guardia y Castro Luna- sumado al apoyo de los amigos \u2013Diego Garc\u00eda y Juan Carlos Garc\u00eda- el Senado dispuso este martes remover del cargo a Torrontegui, mientras los cuatro senadores de la oposici\u00f3n optaron por retirarse disconformes con lo actuado.<\/h3>\n<p><img fetchpriority=\"high\" decoding=\"async\" class=\"wp-image-21117 aligncenter\" src=\"https:\/\/apuntesdesanluis.com\/wp-content\/uploads\/2024\/08\/endeiza-1-300x184.png\" alt=\"\" width=\"641\" height=\"393\" srcset=\"https:\/\/apuntesdesanluis.com\/wp-content\/uploads\/2024\/08\/endeiza-1-300x184.png 300w, https:\/\/apuntesdesanluis.com\/wp-content\/uploads\/2024\/08\/endeiza-1.png 700w\" sizes=\"(max-width: 641px) 100vw, 641px\" \/><\/p>\n<h3>Asimismo, en la misma sesi\u00f3n tambi\u00e9n fue eyectada de su cargo la Prosecretaria Administrativa <strong>Sof\u00eda Aguilera<\/strong>, la \u201clonka\u201d socia de <strong>Sergio Freixes<\/strong> en el negocio de \u201cadministrar\u201d las riquezas del territorio ranquel, cuesti\u00f3n que se denunci\u00f3 y actualmente investiga la justicia.<\/h3>\n<h3>Las nuevas autoridades del cuerpo que se designaron son las siguientes: <strong>Said Alum<\/strong>e, Secretario Legislativo, y <strong>Soledad Gibo\u00edn<\/strong>, Secretaria Administrativa. En tanto <strong>Yessica Roj<\/strong>o y <strong>Daniel Camilli<\/strong> fueron nombrados Prosecretarios Legislativo y Administrativo.<\/h3>\n<h3>En el caso de Torrontegui, el desplazamiento laboral del Senado la obligar\u00e1 a ejercer plenamente en la funci\u00f3n pasiva de la que goza como jubilada, y tal vez a dedicarse con mayor \u00e9nfasis a las tareas que le exige la preparaci\u00f3n de la elecci\u00f3n de autoridades del PJ, previstas para el pr\u00f3ximo 24 de noviembre. Aunque si no hay dos listas tal vez se apruebe por aclamaci\u00f3n la que encabece o bendiga el ex gobernador.<\/h3>\n<h3><strong>BECA AL M\u00c9RITO<\/strong><\/h3>\n<h3>Por otro lado, este martes se aprob\u00f3 por unanimidad el proyecto de Ley \u201cBeca al M\u00e9rito\u201d que envi\u00f3 el Ejecutivo a la Legislatura para otorgarles un beneficio econ\u00f3mico a los alumnos con los promedios m\u00e1s altos de los distintos centros educativos p\u00fablicos y privados de la provincia, con el fin de acompa\u00f1arlos en la continuidad de sus estudios universitarios, terciarios o de oficio.<\/h3>\n<p><img decoding=\"async\" class=\"wp-image-21118 aligncenter\" src=\"https:\/\/apuntesdesanluis.com\/wp-content\/uploads\/2024\/08\/senado-san-luis-300x168.png\" alt=\"\" width=\"682\" height=\"382\" srcset=\"https:\/\/apuntesdesanluis.com\/wp-content\/uploads\/2024\/08\/senado-san-luis-300x168.png 300w, https:\/\/apuntesdesanluis.com\/wp-content\/uploads\/2024\/08\/senado-san-luis.png 700w\" sizes=\"(max-width: 682px) 100vw, 682px\" \/><\/p>\n<h3>Tambi\u00e9n se declararon de Inter\u00e9s Legislativo las Fiestas Patronales 2024 que se realizar\u00e1n el 30 de agosto en Santa Rosa del Conlara, y las XII Jornadas de Historia de San Luis \u201cProfesor Hugo Arnaldo Fourcade\u201d, el pr\u00f3ximo 6 y 7 de septiembre en la Villa de Merlo. Ambos proyectos del senador por Jun\u00edn, <strong>Sergio Guardia<\/strong>.<\/h3>\n<p>&nbsp;<\/p>\n<p>&nbsp;<\/p>\n<p>&nbsp;<\/p>\n<h3><\/h3>\n<p>&nbsp;<\/p>\n<p>&nbsp;<\/p>\n<p>&nbsp;<\/p>\n<p>&nbsp;<\/p>\n<p>&nbsp;<\/p>\n<p>&nbsp;<\/p>\n<p>&nbsp;<\/p>\n","protected":false},"excerpt":{"rendered":"<p>La presidenta del Partido Justicialista, Distrito San Luis, Mar\u00eda Ang\u00e9lica Torrontegui, fue desplazada del cargo&#8230;<\/p>\n","protected":false},"author":1,"featured_media":21116,"comment_status":"closed","ping_status":"closed","sticky":false,"template":"","format":"standard","meta":{"footnotes":""},"categories":[6],"tags":[],"class_list":["post-21115","post","type-post","status-publish","format-standard","has-post-thumbnail","hentry","category-ciudad-provincia"],"yoast_head":"<!-- This site is optimized with the Yoast SEO plugin v26.1.1 - https:\/\/yoast.com\/wordpress\/plugins\/seo\/ -->\n<title>MAR\u00cdA ANG\u00c9LICA TORRONTEGUI: DEFINITIVAMENTE, JUBILADA - Apuntes de San Luis<\/title>\n<meta name=\"robots\" content=\"index, follow, max-snippet:-1, max-image-preview:large, max-video-preview:-1\" \/>\n<link rel=\"canonical\" href=\"https:\/\/apuntesdesanluis.com\/index.php\/2024\/08\/20\/maria-angelica-torrontegui-definitivamente-jubilada\/\" \/>\n<meta property=\"og:locale\" content=\"es_ES\" \/>\n<meta property=\"og:type\" content=\"article\" \/>\n<meta property=\"og:title\" content=\"MAR\u00cdA ANG\u00c9LICA TORRONTEGUI: DEFINITIVAMENTE, JUBILADA - Apuntes de San Luis\" \/>\n<meta property=\"og:description\" content=\"La presidenta del Partido Justicialista, Distrito San Luis, Mar\u00eda Ang\u00e9lica Torrontegui, fue desplazada del cargo...\" \/>\n<meta property=\"og:url\" content=\"https:\/\/apuntesdesanluis.com\/index.php\/2024\/08\/20\/maria-angelica-torrontegui-definitivamente-jubilada\/\" \/>\n<meta property=\"og:site_name\" content=\"Apuntes de San Luis\" \/>\n<meta property=\"article:published_time\" content=\"2024-08-20T21:07:00+00:00\" \/>\n<meta property=\"og:image\" content=\"https:\/\/apuntesdesanluis.com\/wp-content\/uploads\/2024\/08\/torrontegui.png\" \/>\n\t<meta property=\"og:image:width\" content=\"700\" \/>\n\t<meta property=\"og:image:height\" content=\"478\" \/>\n\t<meta property=\"og:image:type\" content=\"image\/png\" \/>\n<meta name=\"author\" content=\"apuntesdesanluis.com\" \/>\n<meta name=\"twitter:card\" content=\"summary_large_image\" \/>\n<meta name=\"twitter:label1\" content=\"Escrito por\" \/>\n\t<meta name=\"twitter:data1\" content=\"apuntesdesanluis.com\" \/>\n\t<meta name=\"twitter:label2\" content=\"Tiempo de lectura\" \/>\n\t<meta name=\"twitter:data2\" content=\"3 minutos\" \/>\n<script type=\"application\/ld+json\" class=\"yoast-schema-graph\">{\"@context\":\"https:\/\/schema.org\",\"@graph\":[{\"@type\":\"Article\",\"@id\":\"https:\/\/apuntesdesanluis.com\/index.php\/2024\/08\/20\/maria-angelica-torrontegui-definitivamente-jubilada\/#article\",\"isPartOf\":{\"@id\":\"https:\/\/apuntesdesanluis.com\/index.php\/2024\/08\/20\/maria-angelica-torrontegui-definitivamente-jubilada\/\"},\"author\":{\"name\":\"apuntesdesanluis.com\",\"@id\":\"https:\/\/apuntesdesanluis.com\/#\/schema\/person\/b55151d52296fcce64d1a72538a70b90\"},\"headline\":\"MAR\u00cdA ANG\u00c9LICA TORRONTEGUI: DEFINITIVAMENTE, JUBILADA\",\"datePublished\":\"2024-08-20T21:07:00+00:00\",\"mainEntityOfPage\":{\"@id\":\"https:\/\/apuntesdesanluis.com\/index.php\/2024\/08\/20\/maria-angelica-torrontegui-definitivamente-jubilada\/\"},\"wordCount\":459,\"publisher\":{\"@id\":\"https:\/\/apuntesdesanluis.com\/#\/schema\/person\/b55151d52296fcce64d1a72538a70b90\"},\"image\":{\"@id\":\"https:\/\/apuntesdesanluis.com\/index.php\/2024\/08\/20\/maria-angelica-torrontegui-definitivamente-jubilada\/#primaryimage\"},\"thumbnailUrl\":\"https:\/\/apuntesdesanluis.com\/wp-content\/uploads\/2024\/08\/torrontegui.png\",\"articleSection\":[\"Ciudad\/Provincia\"],\"inLanguage\":\"es-AR\"},{\"@type\":\"WebPage\",\"@id\":\"https:\/\/apuntesdesanluis.com\/index.php\/2024\/08\/20\/maria-angelica-torrontegui-definitivamente-jubilada\/\",\"url\":\"https:\/\/apuntesdesanluis.com\/index.php\/2024\/08\/20\/maria-angelica-torrontegui-definitivamente-jubilada\/\",\"name\":\"MAR\u00cdA ANG\u00c9LICA TORRONTEGUI: DEFINITIVAMENTE, JUBILADA - Apuntes de San Luis\",\"isPartOf\":{\"@id\":\"https:\/\/apuntesdesanluis.com\/#website\"},\"primaryImageOfPage\":{\"@id\":\"https:\/\/apuntesdesanluis.com\/index.php\/2024\/08\/20\/maria-angelica-torrontegui-definitivamente-jubilada\/#primaryimage\"},\"image\":{\"@id\":\"https:\/\/apuntesdesanluis.com\/index.php\/2024\/08\/20\/maria-angelica-torrontegui-definitivamente-jubilada\/#primaryimage\"},\"thumbnailUrl\":\"https:\/\/apuntesdesanluis.com\/wp-content\/uploads\/2024\/08\/torrontegui.png\",\"datePublished\":\"2024-08-20T21:07:00+00:00\",\"breadcrumb\":{\"@id\":\"https:\/\/apuntesdesanluis.com\/index.php\/2024\/08\/20\/maria-angelica-torrontegui-definitivamente-jubilada\/#breadcrumb\"},\"inLanguage\":\"es-AR\",\"potentialAction\":[{\"@type\":\"ReadAction\",\"target\":[\"https:\/\/apuntesdesanluis.com\/index.php\/2024\/08\/20\/maria-angelica-torrontegui-definitivamente-jubilada\/\"]}]},{\"@type\":\"ImageObject\",\"inLanguage\":\"es-AR\",\"@id\":\"https:\/\/apuntesdesanluis.com\/index.php\/2024\/08\/20\/maria-angelica-torrontegui-definitivamente-jubilada\/#primaryimage\",\"url\":\"https:\/\/apuntesdesanluis.com\/wp-content\/uploads\/2024\/08\/torrontegui.png\",\"contentUrl\":\"https:\/\/apuntesdesanluis.com\/wp-content\/uploads\/2024\/08\/torrontegui.png\",\"width\":700,\"height\":478},{\"@type\":\"BreadcrumbList\",\"@id\":\"https:\/\/apuntesdesanluis.com\/index.php\/2024\/08\/20\/maria-angelica-torrontegui-definitivamente-jubilada\/#breadcrumb\",\"itemListElement\":[{\"@type\":\"ListItem\",\"position\":1,\"name\":\"Inicio\",\"item\":\"https:\/\/apuntesdesanluis.com\/\"},{\"@type\":\"ListItem\",\"position\":2,\"name\":\"MAR\u00cdA ANG\u00c9LICA TORRONTEGUI: DEFINITIVAMENTE, JUBILADA\"}]},{\"@type\":\"WebSite\",\"@id\":\"https:\/\/apuntesdesanluis.com\/#website\",\"url\":\"https:\/\/apuntesdesanluis.com\/\",\"name\":\"Apuntes de San Luis\",\"description\":\"\",\"publisher\":{\"@id\":\"https:\/\/apuntesdesanluis.com\/#\/schema\/person\/b55151d52296fcce64d1a72538a70b90\"},\"potentialAction\":[{\"@type\":\"SearchAction\",\"target\":{\"@type\":\"EntryPoint\",\"urlTemplate\":\"https:\/\/apuntesdesanluis.com\/?s={search_term_string}\"},\"query-input\":{\"@type\":\"PropertyValueSpecification\",\"valueRequired\":true,\"valueName\":\"search_term_string\"}}],\"inLanguage\":\"es-AR\"},{\"@type\":[\"Person\",\"Organization\"],\"@id\":\"https:\/\/apuntesdesanluis.com\/#\/schema\/person\/b55151d52296fcce64d1a72538a70b90\",\"name\":\"apuntesdesanluis.com\",\"image\":{\"@type\":\"ImageObject\",\"inLanguage\":\"es-AR\",\"@id\":\"https:\/\/apuntesdesanluis.com\/#\/schema\/person\/image\/\",\"url\":\"https:\/\/apuntesdesanluis.com\/wp-content\/uploads\/2023\/07\/cropped-apuntesdesanluis.png\",\"contentUrl\":\"https:\/\/apuntesdesanluis.com\/wp-content\/uploads\/2023\/07\/cropped-apuntesdesanluis.png\",\"width\":450,\"height\":112,\"caption\":\"apuntesdesanluis.com\"},\"logo\":{\"@id\":\"https:\/\/apuntesdesanluis.com\/#\/schema\/person\/image\/\"},\"sameAs\":[\"https:\/\/apuntesdesanluis.com\"],\"url\":\"https:\/\/apuntesdesanluis.com\/index.php\/author\/apuntesdesanluis-com\/\"}]}<\/script>\n<!-- \/ Yoast SEO plugin. -->","yoast_head_json":{"title":"MAR\u00cdA ANG\u00c9LICA TORRONTEGUI: DEFINITIVAMENTE, JUBILADA - Apuntes de San Luis","robots":{"index":"index","follow":"follow","max-snippet":"max-snippet:-1","max-image-preview":"max-image-preview:large","max-video-preview":"max-video-preview:-1"},"canonical":"https:\/\/apuntesdesanluis.com\/index.php\/2024\/08\/20\/maria-angelica-torrontegui-definitivamente-jubilada\/","og_locale":"es_ES","og_type":"article","og_title":"MAR\u00cdA ANG\u00c9LICA TORRONTEGUI: DEFINITIVAMENTE, JUBILADA - Apuntes de San Luis","og_description":"La presidenta del Partido Justicialista, Distrito San Luis, Mar\u00eda Ang\u00e9lica Torrontegui, fue desplazada del cargo...","og_url":"https:\/\/apuntesdesanluis.com\/index.php\/2024\/08\/20\/maria-angelica-torrontegui-definitivamente-jubilada\/","og_site_name":"Apuntes de San Luis","article_published_time":"2024-08-20T21:07:00+00:00","og_image":[{"width":700,"height":478,"url":"https:\/\/apuntesdesanluis.com\/wp-content\/uploads\/2024\/08\/torrontegui.png","type":"image\/png"}],"author":"apuntesdesanluis.com","twitter_card":"summary_large_image","twitter_misc":{"Escrito por":"apuntesdesanluis.com","Tiempo de lectura":"3 minutos"},"schema":{"@context":"https:\/\/schema.org","@graph":[{"@type":"Article","@id":"https:\/\/apuntesdesanluis.com\/index.php\/2024\/08\/20\/maria-angelica-torrontegui-definitivamente-jubilada\/#article","isPartOf":{"@id":"https:\/\/apuntesdesanluis.com\/index.php\/2024\/08\/20\/maria-angelica-torrontegui-definitivamente-jubilada\/"},"author":{"name":"apuntesdesanluis.com","@id":"https:\/\/apuntesdesanluis.com\/#\/schema\/person\/b55151d52296fcce64d1a72538a70b90"},"headline":"MAR\u00cdA ANG\u00c9LICA TORRONTEGUI: DEFINITIVAMENTE, JUBILADA","datePublished":"2024-08-20T21:07:00+00:00","mainEntityOfPage":{"@id":"https:\/\/apuntesdesanluis.com\/index.php\/2024\/08\/20\/maria-angelica-torrontegui-definitivamente-jubilada\/"},"wordCount":459,"publisher":{"@id":"https:\/\/apuntesdesanluis.com\/#\/schema\/person\/b55151d52296fcce64d1a72538a70b90"},"image":{"@id":"https:\/\/apuntesdesanluis.com\/index.php\/2024\/08\/20\/maria-angelica-torrontegui-definitivamente-jubilada\/#primaryimage"},"thumbnailUrl":"https:\/\/apuntesdesanluis.com\/wp-content\/uploads\/2024\/08\/torrontegui.png","articleSection":["Ciudad\/Provincia"],"inLanguage":"es-AR"},{"@type":"WebPage","@id":"https:\/\/apuntesdesanluis.com\/index.php\/2024\/08\/20\/maria-angelica-torrontegui-definitivamente-jubilada\/","url":"https:\/\/apuntesdesanluis.com\/index.php\/2024\/08\/20\/maria-angelica-torrontegui-definitivamente-jubilada\/","name":"MAR\u00cdA ANG\u00c9LICA TORRONTEGUI: DEFINITIVAMENTE, JUBILADA - Apuntes de San Luis","isPartOf":{"@id":"https:\/\/apuntesdesanluis.com\/#website"},"primaryImageOfPage":{"@id":"https:\/\/apuntesdesanluis.com\/index.php\/2024\/08\/20\/maria-angelica-torrontegui-definitivamente-jubilada\/#primaryimage"},"image":{"@id":"https:\/\/apuntesdesanluis.com\/index.php\/2024\/08\/20\/maria-angelica-torrontegui-definitivamente-jubilada\/#primaryimage"},"thumbnailUrl":"https:\/\/apuntesdesanluis.com\/wp-content\/uploads\/2024\/08\/torrontegui.png","datePublished":"2024-08-20T21:07:00+00:00","breadcrumb":{"@id":"https:\/\/apuntesdesanluis.com\/index.php\/2024\/08\/20\/maria-angelica-torrontegui-definitivamente-jubilada\/#breadcrumb"},"inLanguage":"es-AR","potentialAction":[{"@type":"ReadAction","target":["https:\/\/apuntesdesanluis.com\/index.php\/2024\/08\/20\/maria-angelica-torrontegui-definitivamente-jubilada\/"]}]},{"@type":"ImageObject","inLanguage":"es-AR","@id":"https:\/\/apuntesdesanluis.com\/index.php\/2024\/08\/20\/maria-angelica-torrontegui-definitivamente-jubilada\/#primaryimage","url":"https:\/\/apuntesdesanluis.com\/wp-content\/uploads\/2024\/08\/torrontegui.png","contentUrl":"https:\/\/apuntesdesanluis.com\/wp-content\/uploads\/2024\/08\/torrontegui.png","width":700,"height":478},{"@type":"BreadcrumbList","@id":"https:\/\/apuntesdesanluis.com\/index.php\/2024\/08\/20\/maria-angelica-torrontegui-definitivamente-jubilada\/#breadcrumb","itemListElement":[{"@type":"ListItem","position":1,"name":"Inicio","item":"https:\/\/apuntesdesanluis.com\/"},{"@type":"ListItem","position":2,"name":"MAR\u00cdA ANG\u00c9LICA TORRONTEGUI: DEFINITIVAMENTE, JUBILADA"}]},{"@type":"WebSite","@id":"https:\/\/apuntesdesanluis.com\/#website","url":"https:\/\/apuntesdesanluis.com\/","name":"Apuntes de San Luis","description":"","publisher":{"@id":"https:\/\/apuntesdesanluis.com\/#\/schema\/person\/b55151d52296fcce64d1a72538a70b90"},"potentialAction":[{"@type":"SearchAction","target":{"@type":"EntryPoint","urlTemplate":"https:\/\/apuntesdesanluis.com\/?s={search_term_string}"},"query-input":{"@type":"PropertyValueSpecification","valueRequired":true,"valueName":"search_term_string"}}],"inLanguage":"es-AR"},{"@type":["Person","Organization"],"@id":"https:\/\/apuntesdesanluis.com\/#\/schema\/person\/b55151d52296fcce64d1a72538a70b90","name":"apuntesdesanluis.com","image":{"@type":"ImageObject","inLanguage":"es-AR","@id":"https:\/\/apuntesdesanluis.com\/#\/schema\/person\/image\/","url":"https:\/\/apuntesdesanluis.com\/wp-content\/uploads\/2023\/07\/cropped-apuntesdesanluis.png","contentUrl":"https:\/\/apuntesdesanluis.com\/wp-content\/uploads\/2023\/07\/cropped-apuntesdesanluis.png","width":450,"height":112,"caption":"apuntesdesanluis.com"},"logo":{"@id":"https:\/\/apuntesdesanluis.com\/#\/schema\/person\/image\/"},"sameAs":["https:\/\/apuntesdesanluis.com"],"url":"https:\/\/apuntesdesanluis.com\/index.php\/author\/apuntesdesanluis-com\/"}]}},"featured_image_urls":{"full":["https:\/\/apuntesdesanluis.com\/wp-content\/uploads\/2024\/08\/torrontegui.png",700,478,false],"thumbnail":["https:\/\/apuntesdesanluis.com\/wp-content\/uploads\/2024\/08\/torrontegui-150x150.png",150,150,true],"medium":["https:\/\/apuntesdesanluis.com\/wp-content\/uploads\/2024\/08\/torrontegui-300x205.png",300,205,true],"medium_large":["https:\/\/apuntesdesanluis.com\/wp-content\/uploads\/2024\/08\/torrontegui.png",640,437,false],"large":["https:\/\/apuntesdesanluis.com\/wp-content\/uploads\/2024\/08\/torrontegui.png",640,437,false],"1536x1536":["https:\/\/apuntesdesanluis.com\/wp-content\/uploads\/2024\/08\/torrontegui.png",700,478,false],"2048x2048":["https:\/\/apuntesdesanluis.com\/wp-content\/uploads\/2024\/08\/torrontegui.png",700,478,false],"newsever-slider-full":["https:\/\/apuntesdesanluis.com\/wp-content\/uploads\/2024\/08\/torrontegui.png",700,478,false],"newsever-featured":["https:\/\/apuntesdesanluis.com\/wp-content\/uploads\/2024\/08\/torrontegui.png",700,478,false],"newsever-medium":["https:\/\/apuntesdesanluis.com\/wp-content\/uploads\/2024\/08\/torrontegui-700x475.png",700,475,true]},"author_info":{"display_name":"apuntesdesanluis.com","author_link":"https:\/\/apuntesdesanluis.com\/index.php\/author\/apuntesdesanluis-com\/"},"category_info":"<a href=\"https:\/\/apuntesdesanluis.com\/index.php\/category\/ciudad-provincia\/\" rel=\"category tag\">Ciudad\/Provincia<\/a>","tag_info":"Ciudad\/Provincia","comment_count":"0","_links":{"self":[{"href":"https:\/\/apuntesdesanluis.com\/index.php\/wp-json\/wp\/v2\/posts\/21115","targetHints":{"allow":["GET"]}}],"collection":[{"href":"https:\/\/apuntesdesanluis.com\/index.php\/wp-json\/wp\/v2\/posts"}],"about":[{"href":"https:\/\/apuntesdesanluis.com\/index.php\/wp-json\/wp\/v2\/types\/post"}],"author":[{"embeddable":true,"href":"https:\/\/apuntesdesanluis.com\/index.php\/wp-json\/wp\/v2\/users\/1"}],"replies":[{"embeddable":true,"href":"https:\/\/apuntesdesanluis.com\/index.php\/wp-json\/wp\/v2\/comments?post=21115"}],"version-history":[{"count":1,"href":"https:\/\/apuntesdesanluis.com\/index.php\/wp-json\/wp\/v2\/posts\/21115\/revisions"}],"predecessor-version":[{"id":21119,"href":"https:\/\/apuntesdesanluis.com\/index.php\/wp-json\/wp\/v2\/posts\/21115\/revisions\/21119"}],"wp:featuredmedia":[{"embeddable":true,"href":"https:\/\/apuntesdesanluis.com\/index.php\/wp-json\/wp\/v2\/media\/21116"}],"wp:attachment":[{"href":"https:\/\/apuntesdesanluis.com\/index.php\/wp-json\/wp\/v2\/media?parent=21115"}],"wp:term":[{"taxonomy":"category","embeddable":true,"href":"https:\/\/apuntesdesanluis.com\/index.php\/wp-json\/wp\/v2\/categories?post=21115"},{"taxonomy":"post_tag","embeddable":true,"href":"https:\/\/apuntesdesanluis.com\/index.php\/wp-json\/wp\/v2\/tags?post=21115"}],"curies":[{"name":"wp","href":"https:\/\/api.w.org\/{rel}","templated":true}]}}