{"id":21123,"date":"2024-08-21T18:51:50","date_gmt":"2024-08-21T21:51:50","guid":{"rendered":"https:\/\/apuntesdesanluis.com\/?p=21123"},"modified":"2024-08-21T18:51:50","modified_gmt":"2024-08-21T21:51:50","slug":"juzgan-a-un-hombre-acusado-de-cometer-3-robos-en-9-dias","status":"publish","type":"post","link":"https:\/\/apuntesdesanluis.com\/index.php\/2024\/08\/21\/juzgan-a-un-hombre-acusado-de-cometer-3-robos-en-9-dias\/","title":{"rendered":"JUZGAN A UN HOMBRE ACUSADO DE COMETER 3 ROBOS EN 9 D\u00cdAS"},"content":{"rendered":"<h3>El juicio inici\u00f3 en la Sala de Juicio Orales N\u00ba 1 de la Segunda Circunscripci\u00f3n Judicial.<\/h3>\n<h3>Este mi\u00e9rcoles, comenz\u00f3 un juicio contra un hombre acusado por robo simple (tres hechos). El tribunal unipersonal est\u00e1 integrado por la Dra. Daniela Estrada, como secretario interviene el Dr. H\u00e9ctor Lazzari.<\/h3>\n<h3>En esta primera audiencia se desarrollaron los alegatos de apertura.<\/h3>\n<h3>El Fiscal de Juicio, Dr. N\u00e9stor Lucero, manifest\u00f3 que sostiene la acusaci\u00f3n fiscal de primera instancia y que va a probar durante el debate que el acusado es autor penalmente responsable del delito de robo simple (tres hechos).<\/h3>\n<h3>Luego, relat\u00f3 los hechos por los que viene acusado, todos ocurrieron en Villa Mercedes. El primer hecho sucedi\u00f3 el 8 de mayo de 2024 en la intersecci\u00f3n de calles Dr. Mestre y Jun\u00edn, en ese momento, el damnificado descendi\u00f3 del trasporte laboral y fue interceptado por el imputado quien le realiz\u00f3 un adem\u00e1n de que ten\u00eda un arma y lo amenaz\u00f3, luego le solicit\u00f3 la billetera y el celular, lo que fue entregado por la v\u00edctima.<\/h3>\n<h3>El segundo hecho, ocurri\u00f3 el 9 de mayo de 2024 en Fuerte Constitucional y Lamadrid. El acusado tom\u00f3 un taxi hasta ese domicilio, y al llegar le manifest\u00f3 al conductor que era un asalto, lo golpe\u00f3 y se apoder\u00f3 de un celular y la billetera.<\/h3>\n<h3>El tercer hecho que se le endilga fue el 16 de mayo del corriente en Potos\u00ed y San Cayetano.\u00a0 En esa oportunidad, un ciudadano que se encontraba circulando en bicicleta, fue interceptado por el acusado quien le solicit\u00f3 el rodado. El denunciante, se resisti\u00f3, el imputado lo golpe\u00f3 y le quit\u00f3 el celular.<\/h3>\n<h3>El Fiscal explic\u00f3 que el acusado fue individualizado a trav\u00e9s de los testimonios de las v\u00edctimas.<\/h3>\n<h3>Por otro lado, la Defensora de Juicio, Dra. Roc\u00edo Mediavilla, disinti\u00f3 en un todo a la teor\u00eda del caso presentada por Fiscal\u00eda. Explic\u00f3 que los elementos de prueba son insuficientes, que no hay grado de certeza para demostrar la autor\u00eda.<\/h3>\n<h3>Agreg\u00f3 que en dos de los hechos no hay pruebas determinantes, que no se puede sostener la acusaci\u00f3n y que en el tercer hecho la declaraci\u00f3n del denunciante es contradictoria. Adelant\u00f3 que solicitar\u00eda la absoluci\u00f3n.<\/h3>\n<h3>La Dra. Estrada declar\u00f3 abierta la etapa probatoria.<\/h3>\n<p>&nbsp;<\/p>\n<p>&nbsp;<\/p>\n<p>&nbsp;<\/p>\n<p>&nbsp;<\/p>\n","protected":false},"excerpt":{"rendered":"<p>El juicio inici\u00f3 en la Sala de Juicio Orales N\u00ba 1 de la Segunda Circunscripci\u00f3n&#8230;<\/p>\n","protected":false},"author":1,"featured_media":21124,"comment_status":"closed","ping_status":"closed","sticky":false,"template":"","format":"standard","meta":{"footnotes":""},"categories":[6],"tags":[],"class_list":["post-21123","post","type-post","status-publish","format-standard","has-post-thumbnail","hentry","category-ciudad-provincia"],"yoast_head":"<!-- This site is optimized with the Yoast SEO plugin v26.1.1 - https:\/\/yoast.com\/wordpress\/plugins\/seo\/ -->\n<title>JUZGAN A UN HOMBRE ACUSADO DE COMETER 3 ROBOS EN 9 D\u00cdAS - Apuntes de San Luis<\/title>\n<meta name=\"robots\" content=\"index, follow, max-snippet:-1, max-image-preview:large, max-video-preview:-1\" \/>\n<link rel=\"canonical\" href=\"https:\/\/apuntesdesanluis.com\/index.php\/2024\/08\/21\/juzgan-a-un-hombre-acusado-de-cometer-3-robos-en-9-dias\/\" \/>\n<meta property=\"og:locale\" content=\"es_ES\" \/>\n<meta property=\"og:type\" content=\"article\" \/>\n<meta property=\"og:title\" content=\"JUZGAN A UN HOMBRE ACUSADO DE COMETER 3 ROBOS EN 9 D\u00cdAS - Apuntes de San Luis\" \/>\n<meta property=\"og:description\" content=\"El juicio inici\u00f3 en la Sala de Juicio Orales N\u00ba 1 de la Segunda Circunscripci\u00f3n...\" \/>\n<meta property=\"og:url\" content=\"https:\/\/apuntesdesanluis.com\/index.php\/2024\/08\/21\/juzgan-a-un-hombre-acusado-de-cometer-3-robos-en-9-dias\/\" \/>\n<meta property=\"og:site_name\" content=\"Apuntes de San Luis\" \/>\n<meta property=\"article:published_time\" content=\"2024-08-21T21:51:50+00:00\" \/>\n<meta property=\"og:image\" content=\"https:\/\/apuntesdesanluis.com\/wp-content\/uploads\/2024\/08\/JUICIO.png\" \/>\n\t<meta property=\"og:image:width\" content=\"700\" \/>\n\t<meta property=\"og:image:height\" content=\"407\" \/>\n\t<meta property=\"og:image:type\" content=\"image\/png\" \/>\n<meta name=\"author\" content=\"apuntesdesanluis.com\" \/>\n<meta name=\"twitter:card\" content=\"summary_large_image\" \/>\n<meta name=\"twitter:label1\" content=\"Escrito por\" \/>\n\t<meta name=\"twitter:data1\" content=\"apuntesdesanluis.com\" \/>\n\t<meta name=\"twitter:label2\" content=\"Tiempo de lectura\" \/>\n\t<meta name=\"twitter:data2\" content=\"2 minutos\" \/>\n<script type=\"application\/ld+json\" class=\"yoast-schema-graph\">{\"@context\":\"https:\/\/schema.org\",\"@graph\":[{\"@type\":\"Article\",\"@id\":\"https:\/\/apuntesdesanluis.com\/index.php\/2024\/08\/21\/juzgan-a-un-hombre-acusado-de-cometer-3-robos-en-9-dias\/#article\",\"isPartOf\":{\"@id\":\"https:\/\/apuntesdesanluis.com\/index.php\/2024\/08\/21\/juzgan-a-un-hombre-acusado-de-cometer-3-robos-en-9-dias\/\"},\"author\":{\"name\":\"apuntesdesanluis.com\",\"@id\":\"https:\/\/apuntesdesanluis.com\/#\/schema\/person\/b55151d52296fcce64d1a72538a70b90\"},\"headline\":\"JUZGAN A UN HOMBRE ACUSADO DE COMETER 3 ROBOS EN 9 D\u00cdAS\",\"datePublished\":\"2024-08-21T21:51:50+00:00\",\"mainEntityOfPage\":{\"@id\":\"https:\/\/apuntesdesanluis.com\/index.php\/2024\/08\/21\/juzgan-a-un-hombre-acusado-de-cometer-3-robos-en-9-dias\/\"},\"wordCount\":397,\"publisher\":{\"@id\":\"https:\/\/apuntesdesanluis.com\/#\/schema\/person\/b55151d52296fcce64d1a72538a70b90\"},\"image\":{\"@id\":\"https:\/\/apuntesdesanluis.com\/index.php\/2024\/08\/21\/juzgan-a-un-hombre-acusado-de-cometer-3-robos-en-9-dias\/#primaryimage\"},\"thumbnailUrl\":\"https:\/\/apuntesdesanluis.com\/wp-content\/uploads\/2024\/08\/JUICIO.png\",\"articleSection\":[\"Ciudad\/Provincia\"],\"inLanguage\":\"es-AR\"},{\"@type\":\"WebPage\",\"@id\":\"https:\/\/apuntesdesanluis.com\/index.php\/2024\/08\/21\/juzgan-a-un-hombre-acusado-de-cometer-3-robos-en-9-dias\/\",\"url\":\"https:\/\/apuntesdesanluis.com\/index.php\/2024\/08\/21\/juzgan-a-un-hombre-acusado-de-cometer-3-robos-en-9-dias\/\",\"name\":\"JUZGAN A UN HOMBRE ACUSADO DE COMETER 3 ROBOS EN 9 D\u00cdAS - Apuntes de San Luis\",\"isPartOf\":{\"@id\":\"https:\/\/apuntesdesanluis.com\/#website\"},\"primaryImageOfPage\":{\"@id\":\"https:\/\/apuntesdesanluis.com\/index.php\/2024\/08\/21\/juzgan-a-un-hombre-acusado-de-cometer-3-robos-en-9-dias\/#primaryimage\"},\"image\":{\"@id\":\"https:\/\/apuntesdesanluis.com\/index.php\/2024\/08\/21\/juzgan-a-un-hombre-acusado-de-cometer-3-robos-en-9-dias\/#primaryimage\"},\"thumbnailUrl\":\"https:\/\/apuntesdesanluis.com\/wp-content\/uploads\/2024\/08\/JUICIO.png\",\"datePublished\":\"2024-08-21T21:51:50+00:00\",\"breadcrumb\":{\"@id\":\"https:\/\/apuntesdesanluis.com\/index.php\/2024\/08\/21\/juzgan-a-un-hombre-acusado-de-cometer-3-robos-en-9-dias\/#breadcrumb\"},\"inLanguage\":\"es-AR\",\"potentialAction\":[{\"@type\":\"ReadAction\",\"target\":[\"https:\/\/apuntesdesanluis.com\/index.php\/2024\/08\/21\/juzgan-a-un-hombre-acusado-de-cometer-3-robos-en-9-dias\/\"]}]},{\"@type\":\"ImageObject\",\"inLanguage\":\"es-AR\",\"@id\":\"https:\/\/apuntesdesanluis.com\/index.php\/2024\/08\/21\/juzgan-a-un-hombre-acusado-de-cometer-3-robos-en-9-dias\/#primaryimage\",\"url\":\"https:\/\/apuntesdesanluis.com\/wp-content\/uploads\/2024\/08\/JUICIO.png\",\"contentUrl\":\"https:\/\/apuntesdesanluis.com\/wp-content\/uploads\/2024\/08\/JUICIO.png\",\"width\":700,\"height\":407},{\"@type\":\"BreadcrumbList\",\"@id\":\"https:\/\/apuntesdesanluis.com\/index.php\/2024\/08\/21\/juzgan-a-un-hombre-acusado-de-cometer-3-robos-en-9-dias\/#breadcrumb\",\"itemListElement\":[{\"@type\":\"ListItem\",\"position\":1,\"name\":\"Inicio\",\"item\":\"https:\/\/apuntesdesanluis.com\/\"},{\"@type\":\"ListItem\",\"position\":2,\"name\":\"JUZGAN A UN HOMBRE ACUSADO DE COMETER 3 ROBOS EN 9 D\u00cdAS\"}]},{\"@type\":\"WebSite\",\"@id\":\"https:\/\/apuntesdesanluis.com\/#website\",\"url\":\"https:\/\/apuntesdesanluis.com\/\",\"name\":\"Apuntes de San Luis\",\"description\":\"\",\"publisher\":{\"@id\":\"https:\/\/apuntesdesanluis.com\/#\/schema\/person\/b55151d52296fcce64d1a72538a70b90\"},\"potentialAction\":[{\"@type\":\"SearchAction\",\"target\":{\"@type\":\"EntryPoint\",\"urlTemplate\":\"https:\/\/apuntesdesanluis.com\/?s={search_term_string}\"},\"query-input\":{\"@type\":\"PropertyValueSpecification\",\"valueRequired\":true,\"valueName\":\"search_term_string\"}}],\"inLanguage\":\"es-AR\"},{\"@type\":[\"Person\",\"Organization\"],\"@id\":\"https:\/\/apuntesdesanluis.com\/#\/schema\/person\/b55151d52296fcce64d1a72538a70b90\",\"name\":\"apuntesdesanluis.com\",\"image\":{\"@type\":\"ImageObject\",\"inLanguage\":\"es-AR\",\"@id\":\"https:\/\/apuntesdesanluis.com\/#\/schema\/person\/image\/\",\"url\":\"https:\/\/apuntesdesanluis.com\/wp-content\/uploads\/2023\/07\/cropped-apuntesdesanluis.png\",\"contentUrl\":\"https:\/\/apuntesdesanluis.com\/wp-content\/uploads\/2023\/07\/cropped-apuntesdesanluis.png\",\"width\":450,\"height\":112,\"caption\":\"apuntesdesanluis.com\"},\"logo\":{\"@id\":\"https:\/\/apuntesdesanluis.com\/#\/schema\/person\/image\/\"},\"sameAs\":[\"https:\/\/apuntesdesanluis.com\"],\"url\":\"https:\/\/apuntesdesanluis.com\/index.php\/author\/apuntesdesanluis-com\/\"}]}<\/script>\n<!-- \/ Yoast SEO plugin. -->","yoast_head_json":{"title":"JUZGAN A UN HOMBRE ACUSADO DE COMETER 3 ROBOS EN 9 D\u00cdAS - Apuntes de San Luis","robots":{"index":"index","follow":"follow","max-snippet":"max-snippet:-1","max-image-preview":"max-image-preview:large","max-video-preview":"max-video-preview:-1"},"canonical":"https:\/\/apuntesdesanluis.com\/index.php\/2024\/08\/21\/juzgan-a-un-hombre-acusado-de-cometer-3-robos-en-9-dias\/","og_locale":"es_ES","og_type":"article","og_title":"JUZGAN A UN HOMBRE ACUSADO DE COMETER 3 ROBOS EN 9 D\u00cdAS - Apuntes de San Luis","og_description":"El juicio inici\u00f3 en la Sala de Juicio Orales N\u00ba 1 de la Segunda Circunscripci\u00f3n...","og_url":"https:\/\/apuntesdesanluis.com\/index.php\/2024\/08\/21\/juzgan-a-un-hombre-acusado-de-cometer-3-robos-en-9-dias\/","og_site_name":"Apuntes de San Luis","article_published_time":"2024-08-21T21:51:50+00:00","og_image":[{"width":700,"height":407,"url":"https:\/\/apuntesdesanluis.com\/wp-content\/uploads\/2024\/08\/JUICIO.png","type":"image\/png"}],"author":"apuntesdesanluis.com","twitter_card":"summary_large_image","twitter_misc":{"Escrito por":"apuntesdesanluis.com","Tiempo de lectura":"2 minutos"},"schema":{"@context":"https:\/\/schema.org","@graph":[{"@type":"Article","@id":"https:\/\/apuntesdesanluis.com\/index.php\/2024\/08\/21\/juzgan-a-un-hombre-acusado-de-cometer-3-robos-en-9-dias\/#article","isPartOf":{"@id":"https:\/\/apuntesdesanluis.com\/index.php\/2024\/08\/21\/juzgan-a-un-hombre-acusado-de-cometer-3-robos-en-9-dias\/"},"author":{"name":"apuntesdesanluis.com","@id":"https:\/\/apuntesdesanluis.com\/#\/schema\/person\/b55151d52296fcce64d1a72538a70b90"},"headline":"JUZGAN A UN HOMBRE ACUSADO DE COMETER 3 ROBOS EN 9 D\u00cdAS","datePublished":"2024-08-21T21:51:50+00:00","mainEntityOfPage":{"@id":"https:\/\/apuntesdesanluis.com\/index.php\/2024\/08\/21\/juzgan-a-un-hombre-acusado-de-cometer-3-robos-en-9-dias\/"},"wordCount":397,"publisher":{"@id":"https:\/\/apuntesdesanluis.com\/#\/schema\/person\/b55151d52296fcce64d1a72538a70b90"},"image":{"@id":"https:\/\/apuntesdesanluis.com\/index.php\/2024\/08\/21\/juzgan-a-un-hombre-acusado-de-cometer-3-robos-en-9-dias\/#primaryimage"},"thumbnailUrl":"https:\/\/apuntesdesanluis.com\/wp-content\/uploads\/2024\/08\/JUICIO.png","articleSection":["Ciudad\/Provincia"],"inLanguage":"es-AR"},{"@type":"WebPage","@id":"https:\/\/apuntesdesanluis.com\/index.php\/2024\/08\/21\/juzgan-a-un-hombre-acusado-de-cometer-3-robos-en-9-dias\/","url":"https:\/\/apuntesdesanluis.com\/index.php\/2024\/08\/21\/juzgan-a-un-hombre-acusado-de-cometer-3-robos-en-9-dias\/","name":"JUZGAN A UN HOMBRE ACUSADO DE COMETER 3 ROBOS EN 9 D\u00cdAS - Apuntes de San Luis","isPartOf":{"@id":"https:\/\/apuntesdesanluis.com\/#website"},"primaryImageOfPage":{"@id":"https:\/\/apuntesdesanluis.com\/index.php\/2024\/08\/21\/juzgan-a-un-hombre-acusado-de-cometer-3-robos-en-9-dias\/#primaryimage"},"image":{"@id":"https:\/\/apuntesdesanluis.com\/index.php\/2024\/08\/21\/juzgan-a-un-hombre-acusado-de-cometer-3-robos-en-9-dias\/#primaryimage"},"thumbnailUrl":"https:\/\/apuntesdesanluis.com\/wp-content\/uploads\/2024\/08\/JUICIO.png","datePublished":"2024-08-21T21:51:50+00:00","breadcrumb":{"@id":"https:\/\/apuntesdesanluis.com\/index.php\/2024\/08\/21\/juzgan-a-un-hombre-acusado-de-cometer-3-robos-en-9-dias\/#breadcrumb"},"inLanguage":"es-AR","potentialAction":[{"@type":"ReadAction","target":["https:\/\/apuntesdesanluis.com\/index.php\/2024\/08\/21\/juzgan-a-un-hombre-acusado-de-cometer-3-robos-en-9-dias\/"]}]},{"@type":"ImageObject","inLanguage":"es-AR","@id":"https:\/\/apuntesdesanluis.com\/index.php\/2024\/08\/21\/juzgan-a-un-hombre-acusado-de-cometer-3-robos-en-9-dias\/#primaryimage","url":"https:\/\/apuntesdesanluis.com\/wp-content\/uploads\/2024\/08\/JUICIO.png","contentUrl":"https:\/\/apuntesdesanluis.com\/wp-content\/uploads\/2024\/08\/JUICIO.png","width":700,"height":407},{"@type":"BreadcrumbList","@id":"https:\/\/apuntesdesanluis.com\/index.php\/2024\/08\/21\/juzgan-a-un-hombre-acusado-de-cometer-3-robos-en-9-dias\/#breadcrumb","itemListElement":[{"@type":"ListItem","position":1,"name":"Inicio","item":"https:\/\/apuntesdesanluis.com\/"},{"@type":"ListItem","position":2,"name":"JUZGAN A UN HOMBRE ACUSADO DE COMETER 3 ROBOS EN 9 D\u00cdAS"}]},{"@type":"WebSite","@id":"https:\/\/apuntesdesanluis.com\/#website","url":"https:\/\/apuntesdesanluis.com\/","name":"Apuntes de San Luis","description":"","publisher":{"@id":"https:\/\/apuntesdesanluis.com\/#\/schema\/person\/b55151d52296fcce64d1a72538a70b90"},"potentialAction":[{"@type":"SearchAction","target":{"@type":"EntryPoint","urlTemplate":"https:\/\/apuntesdesanluis.com\/?s={search_term_string}"},"query-input":{"@type":"PropertyValueSpecification","valueRequired":true,"valueName":"search_term_string"}}],"inLanguage":"es-AR"},{"@type":["Person","Organization"],"@id":"https:\/\/apuntesdesanluis.com\/#\/schema\/person\/b55151d52296fcce64d1a72538a70b90","name":"apuntesdesanluis.com","image":{"@type":"ImageObject","inLanguage":"es-AR","@id":"https:\/\/apuntesdesanluis.com\/#\/schema\/person\/image\/","url":"https:\/\/apuntesdesanluis.com\/wp-content\/uploads\/2023\/07\/cropped-apuntesdesanluis.png","contentUrl":"https:\/\/apuntesdesanluis.com\/wp-content\/uploads\/2023\/07\/cropped-apuntesdesanluis.png","width":450,"height":112,"caption":"apuntesdesanluis.com"},"logo":{"@id":"https:\/\/apuntesdesanluis.com\/#\/schema\/person\/image\/"},"sameAs":["https:\/\/apuntesdesanluis.com"],"url":"https:\/\/apuntesdesanluis.com\/index.php\/author\/apuntesdesanluis-com\/"}]}},"featured_image_urls":{"full":["https:\/\/apuntesdesanluis.com\/wp-content\/uploads\/2024\/08\/JUICIO.png",700,407,false],"thumbnail":["https:\/\/apuntesdesanluis.com\/wp-content\/uploads\/2024\/08\/JUICIO-150x150.png",150,150,true],"medium":["https:\/\/apuntesdesanluis.com\/wp-content\/uploads\/2024\/08\/JUICIO-300x174.png",300,174,true],"medium_large":["https:\/\/apuntesdesanluis.com\/wp-content\/uploads\/2024\/08\/JUICIO.png",640,372,false],"large":["https:\/\/apuntesdesanluis.com\/wp-content\/uploads\/2024\/08\/JUICIO.png",640,372,false],"1536x1536":["https:\/\/apuntesdesanluis.com\/wp-content\/uploads\/2024\/08\/JUICIO.png",700,407,false],"2048x2048":["https:\/\/apuntesdesanluis.com\/wp-content\/uploads\/2024\/08\/JUICIO.png",700,407,false],"newsever-slider-full":["https:\/\/apuntesdesanluis.com\/wp-content\/uploads\/2024\/08\/JUICIO.png",700,407,false],"newsever-featured":["https:\/\/apuntesdesanluis.com\/wp-content\/uploads\/2024\/08\/JUICIO.png",700,407,false],"newsever-medium":["https:\/\/apuntesdesanluis.com\/wp-content\/uploads\/2024\/08\/JUICIO.png",700,407,false]},"author_info":{"display_name":"apuntesdesanluis.com","author_link":"https:\/\/apuntesdesanluis.com\/index.php\/author\/apuntesdesanluis-com\/"},"category_info":"<a href=\"https:\/\/apuntesdesanluis.com\/index.php\/category\/ciudad-provincia\/\" rel=\"category tag\">Ciudad\/Provincia<\/a>","tag_info":"Ciudad\/Provincia","comment_count":"0","_links":{"self":[{"href":"https:\/\/apuntesdesanluis.com\/index.php\/wp-json\/wp\/v2\/posts\/21123","targetHints":{"allow":["GET"]}}],"collection":[{"href":"https:\/\/apuntesdesanluis.com\/index.php\/wp-json\/wp\/v2\/posts"}],"about":[{"href":"https:\/\/apuntesdesanluis.com\/index.php\/wp-json\/wp\/v2\/types\/post"}],"author":[{"embeddable":true,"href":"https:\/\/apuntesdesanluis.com\/index.php\/wp-json\/wp\/v2\/users\/1"}],"replies":[{"embeddable":true,"href":"https:\/\/apuntesdesanluis.com\/index.php\/wp-json\/wp\/v2\/comments?post=21123"}],"version-history":[{"count":1,"href":"https:\/\/apuntesdesanluis.com\/index.php\/wp-json\/wp\/v2\/posts\/21123\/revisions"}],"predecessor-version":[{"id":21125,"href":"https:\/\/apuntesdesanluis.com\/index.php\/wp-json\/wp\/v2\/posts\/21123\/revisions\/21125"}],"wp:featuredmedia":[{"embeddable":true,"href":"https:\/\/apuntesdesanluis.com\/index.php\/wp-json\/wp\/v2\/media\/21124"}],"wp:attachment":[{"href":"https:\/\/apuntesdesanluis.com\/index.php\/wp-json\/wp\/v2\/media?parent=21123"}],"wp:term":[{"taxonomy":"category","embeddable":true,"href":"https:\/\/apuntesdesanluis.com\/index.php\/wp-json\/wp\/v2\/categories?post=21123"},{"taxonomy":"post_tag","embeddable":true,"href":"https:\/\/apuntesdesanluis.com\/index.php\/wp-json\/wp\/v2\/tags?post=21123"}],"curies":[{"name":"wp","href":"https:\/\/api.w.org\/{rel}","templated":true}]}}