{"id":21155,"date":"2024-08-21T23:23:44","date_gmt":"2024-08-22T02:23:44","guid":{"rendered":"https:\/\/apuntesdesanluis.com\/?p=21155"},"modified":"2024-08-21T23:23:44","modified_gmt":"2024-08-22T02:23:44","slug":"reves-para-milei-diputados-logro-voltear-el-decreto-que-otorgo-fondos-reservados-a-la-side","status":"publish","type":"post","link":"https:\/\/apuntesdesanluis.com\/index.php\/2024\/08\/21\/reves-para-milei-diputados-logro-voltear-el-decreto-que-otorgo-fondos-reservados-a-la-side\/","title":{"rendered":"REV\u00c9S PARA MILEI: DIPUTADOS LOGR\u00d3 VOLTEAR EL DECRETO QUE OTORG\u00d3 FONDOS RESERVADOS A LA SIDE"},"content":{"rendered":"<h3>La C\u00e1mara de Diputados de la Naci\u00f3n rechaz\u00f3 este mi\u00e9rcoles el Decreto de Necesidad y Urgencia 565\/2024 que aument\u00f3 los fondos reservados destinados al funcionamiento de la SIDE: fueron 156 votos a favor, 52 negativos y 6 abstenciones.<\/h3>\n<h3>La sesi\u00f3n fue pedida por el bloque de Encuentro Federal, la Coalici\u00f3n C\u00edvica y parte del radicalismo del sector que tienen como referente a Facundo Manes y a Mart\u00edn Lousteau. Y el qu\u00f3rum se consigui\u00f3 apenas 17 minutos pasada las 12 horas donde Uni\u00f3n por la Patria aport\u00f3 82 diputados, la UCR 16, Encuentro Federal 11, Coalici\u00f3n C\u00edvica 6, Izquierda 5, PRO 5, MID 2 y otros 2 de La Libertad Avanza.<\/h3>\n<h3>Obtenido el qu\u00f3rum se fueron sumando m\u00e1s diputados de los bloques. Quienes estuvieron ausentes fueron los diputados cordobeses que responden al gobernador Mart\u00edn Llaryora, y Francisco Morchio, que tiene al gobernador Rogelio Frigerio como su referente pol\u00edtico.<\/h3>\n<p><img fetchpriority=\"high\" decoding=\"async\" class=\"wp-image-21158 aligncenter\" src=\"https:\/\/apuntesdesanluis.com\/wp-content\/uploads\/2024\/08\/bloque-pro-300x204.png\" alt=\"\" width=\"707\" height=\"481\" srcset=\"https:\/\/apuntesdesanluis.com\/wp-content\/uploads\/2024\/08\/bloque-pro-300x204.png 300w, https:\/\/apuntesdesanluis.com\/wp-content\/uploads\/2024\/08\/bloque-pro.png 700w\" sizes=\"(max-width: 707px) 100vw, 707px\" \/><\/p>\n<h4 style=\"text-align: center;\"><em>El bloque del PRO rechaz\u00f3 el DNU, por orden de Macri.<\/em><\/h4>\n<h3>A la hora de votar, los bloques que lograron el qu\u00f3rum lo hicieron por el rechazo y el radicalismo lo hizo dividido en donde 24 se pronunciaron a favor del rechazo, 7 en contra y 3 ausentes.<\/h3>\n<h3>Uno de los ausentes fue Rodrigo De Loredo que est\u00e1 de viaje pero que en su cuenta de X public\u00f3 que \u201creconocemos la importancia de la seguridad nacional, pero una asignaci\u00f3n imprevista de semejante magnitud deber\u00eda apoyarse en motivos que, hoy, se desconocen\u201d, apunt\u00f3 este mi\u00e9rcoles el jefe de bancada radical. Luego anunci\u00f3 que \u201cla mayor\u00eda\u201d de sus diputados dar\u00eda qu\u00f3rum.<\/h3>\n<h3>Lo que llam\u00f3 la atenci\u00f3n de los presentes a la hora del armado del qu\u00f3rum fue la presencia de 5 diputados del PRO -\u00c1lvaro Gonz\u00e1lez, Florencia De Sensi, Daiana Fern\u00e1ndez Molero, H\u00e9ctor Stefani y Ana Clara Romero- y la presencia de las dos libertarias, Roc\u00edo Bonacci y Lourdes Arrieta.<\/h3>\n<h3>Antes de la sesi\u00f3n, el ex presidente Mauricio Macri reuni\u00f3 a la dirigencia del PRO y plante\u00f3 que los legisladores que pertenecen al bloque bajen a dar qu\u00f3rum y luego voten en contra del decreto que firm\u00f3 Javier Milei.<\/h3>\n<h3>La cuenta oficial de X del PRO public\u00f3 un tuit en donde se\u00f1ala que \u201cdesde el inicio de esta gesti\u00f3n, apoyamos al gobierno en todas las medidas que apuntalaban al cambio en la Argentina (la Ley de Bases, la ampliaci\u00f3n de datos gen\u00e9ticos para seguridad, y m\u00e1s). Pero este DNU de $100 mil millones para inteligencia, en un contexto en el que \u201cno hay plata\u201d, y sin aclarar el uso de los fondos, no es el cambio. El progreso econ\u00f3mico requiere instituciones fuertes y transparentes, y de un gobierno austero. En el PRO esos valores son innegociables\u201d.<\/h3>\n<h3>El debate fue bastante corto ya que los bloques de la oposici\u00f3n llegaron al recinto con un acuerdo previo de rechazo. Desde La Libertad Avanza intentaron bloquear la votaci\u00f3n se\u00f1alando que el DNU no ten\u00eda dictamen de comisi\u00f3n pero no logr\u00f3 el acompa\u00f1amiento del resto de los diputados. As\u00ed lo hizo el presidente del bloque, Gabriel Bornoroni, que pidi\u00f3 la palabra y solicit\u00f3 que el tratamiento sea sobre tablas. Para eso era necesario alcanzar los dos tercios de los presentes, algo que desde la oposici\u00f3n que impuls\u00f3 la sesi\u00f3n especial entend\u00edan que alcanzaban pero que explicaron que no era necesario.<\/h3>\n<h3>Luego del debate respecto de c\u00f3mo se deb\u00eda votar, pidi\u00f3 la palabra el diputado Oscar Agost Carre\u00f1o para hacer una moci\u00f3n en la que se ped\u00eda aprobar el siguiente texto: \u201cArt\u00edculo 1\u00b0. Rechazar en los t\u00e9rminos de la Ley 26.122 el decreto de necesidad y urgencia del Poder Ejecutivo N\u00b0 656 de fecha 19 de julio de 2024. Art\u00edculo 2\u00b0. Comun\u00edquese al Poder Ejecutivo\u201d.<\/h3>\n<h3>El presidente de la C\u00e1mara, Mart\u00edn Menem, explic\u00f3 que el voto positivo significaba el rechazo del DNU y se pas\u00f3 a votar. Ahora es el turno de la C\u00e1mara de Senadores para debatir el DNU 656\/2024 y de su definici\u00f3n depender\u00e1 si cae o no ya que se necesita el rechazo de las dos c\u00e1maras para que pierda validez.<\/h3>\n<p>&nbsp;<\/p>\n<p>&nbsp;<\/p>\n<p>&nbsp;<\/p>\n<p>&nbsp;<\/p>\n<p>&nbsp;<\/p>\n<p>&nbsp;<\/p>\n<p>&nbsp;<\/p>\n","protected":false},"excerpt":{"rendered":"<p>La C\u00e1mara de Diputados de la Naci\u00f3n rechaz\u00f3 este mi\u00e9rcoles el Decreto de Necesidad y&#8230;<\/p>\n","protected":false},"author":1,"featured_media":21156,"comment_status":"closed","ping_status":"closed","sticky":false,"template":"","format":"standard","meta":{"footnotes":""},"categories":[5],"tags":[],"class_list":["post-21155","post","type-post","status-publish","format-standard","has-post-thumbnail","hentry","category-nacionales-internacionales"],"yoast_head":"<!-- This site is optimized with the Yoast SEO plugin v26.1.1 - https:\/\/yoast.com\/wordpress\/plugins\/seo\/ -->\n<title>REV\u00c9S PARA MILEI: DIPUTADOS LOGR\u00d3 VOLTEAR EL DECRETO QUE OTORG\u00d3 FONDOS RESERVADOS A LA SIDE - Apuntes de San Luis<\/title>\n<meta name=\"robots\" content=\"index, follow, max-snippet:-1, max-image-preview:large, max-video-preview:-1\" \/>\n<link rel=\"canonical\" href=\"https:\/\/apuntesdesanluis.com\/index.php\/2024\/08\/21\/reves-para-milei-diputados-logro-voltear-el-decreto-que-otorgo-fondos-reservados-a-la-side\/\" \/>\n<meta property=\"og:locale\" content=\"es_ES\" \/>\n<meta property=\"og:type\" content=\"article\" \/>\n<meta property=\"og:title\" content=\"REV\u00c9S PARA MILEI: DIPUTADOS LOGR\u00d3 VOLTEAR EL DECRETO QUE OTORG\u00d3 FONDOS RESERVADOS A LA SIDE - Apuntes de San Luis\" \/>\n<meta property=\"og:description\" content=\"La C\u00e1mara de Diputados de la Naci\u00f3n rechaz\u00f3 este mi\u00e9rcoles el Decreto de Necesidad y...\" \/>\n<meta property=\"og:url\" content=\"https:\/\/apuntesdesanluis.com\/index.php\/2024\/08\/21\/reves-para-milei-diputados-logro-voltear-el-decreto-que-otorgo-fondos-reservados-a-la-side\/\" \/>\n<meta property=\"og:site_name\" content=\"Apuntes de San Luis\" \/>\n<meta property=\"article:published_time\" content=\"2024-08-22T02:23:44+00:00\" \/>\n<meta property=\"og:image\" content=\"https:\/\/apuntesdesanluis.com\/wp-content\/uploads\/2024\/08\/diputados.png\" \/>\n\t<meta property=\"og:image:width\" content=\"700\" \/>\n\t<meta property=\"og:image:height\" content=\"411\" \/>\n\t<meta property=\"og:image:type\" content=\"image\/png\" \/>\n<meta name=\"author\" content=\"apuntesdesanluis.com\" \/>\n<meta name=\"twitter:card\" content=\"summary_large_image\" \/>\n<meta name=\"twitter:label1\" content=\"Escrito por\" \/>\n\t<meta name=\"twitter:data1\" content=\"apuntesdesanluis.com\" \/>\n\t<meta name=\"twitter:label2\" content=\"Tiempo de lectura\" \/>\n\t<meta name=\"twitter:data2\" content=\"4 minutos\" \/>\n<script type=\"application\/ld+json\" class=\"yoast-schema-graph\">{\"@context\":\"https:\/\/schema.org\",\"@graph\":[{\"@type\":\"Article\",\"@id\":\"https:\/\/apuntesdesanluis.com\/index.php\/2024\/08\/21\/reves-para-milei-diputados-logro-voltear-el-decreto-que-otorgo-fondos-reservados-a-la-side\/#article\",\"isPartOf\":{\"@id\":\"https:\/\/apuntesdesanluis.com\/index.php\/2024\/08\/21\/reves-para-milei-diputados-logro-voltear-el-decreto-que-otorgo-fondos-reservados-a-la-side\/\"},\"author\":{\"name\":\"apuntesdesanluis.com\",\"@id\":\"https:\/\/apuntesdesanluis.com\/#\/schema\/person\/b55151d52296fcce64d1a72538a70b90\"},\"headline\":\"REV\u00c9S PARA MILEI: DIPUTADOS LOGR\u00d3 VOLTEAR EL DECRETO QUE OTORG\u00d3 FONDOS RESERVADOS A LA SIDE\",\"datePublished\":\"2024-08-22T02:23:44+00:00\",\"mainEntityOfPage\":{\"@id\":\"https:\/\/apuntesdesanluis.com\/index.php\/2024\/08\/21\/reves-para-milei-diputados-logro-voltear-el-decreto-que-otorgo-fondos-reservados-a-la-side\/\"},\"wordCount\":721,\"publisher\":{\"@id\":\"https:\/\/apuntesdesanluis.com\/#\/schema\/person\/b55151d52296fcce64d1a72538a70b90\"},\"image\":{\"@id\":\"https:\/\/apuntesdesanluis.com\/index.php\/2024\/08\/21\/reves-para-milei-diputados-logro-voltear-el-decreto-que-otorgo-fondos-reservados-a-la-side\/#primaryimage\"},\"thumbnailUrl\":\"https:\/\/apuntesdesanluis.com\/wp-content\/uploads\/2024\/08\/diputados.png\",\"articleSection\":[\"Nacionales\/Internacionales\"],\"inLanguage\":\"es-AR\"},{\"@type\":\"WebPage\",\"@id\":\"https:\/\/apuntesdesanluis.com\/index.php\/2024\/08\/21\/reves-para-milei-diputados-logro-voltear-el-decreto-que-otorgo-fondos-reservados-a-la-side\/\",\"url\":\"https:\/\/apuntesdesanluis.com\/index.php\/2024\/08\/21\/reves-para-milei-diputados-logro-voltear-el-decreto-que-otorgo-fondos-reservados-a-la-side\/\",\"name\":\"REV\u00c9S PARA MILEI: DIPUTADOS LOGR\u00d3 VOLTEAR EL DECRETO QUE OTORG\u00d3 FONDOS RESERVADOS A LA SIDE - Apuntes de San Luis\",\"isPartOf\":{\"@id\":\"https:\/\/apuntesdesanluis.com\/#website\"},\"primaryImageOfPage\":{\"@id\":\"https:\/\/apuntesdesanluis.com\/index.php\/2024\/08\/21\/reves-para-milei-diputados-logro-voltear-el-decreto-que-otorgo-fondos-reservados-a-la-side\/#primaryimage\"},\"image\":{\"@id\":\"https:\/\/apuntesdesanluis.com\/index.php\/2024\/08\/21\/reves-para-milei-diputados-logro-voltear-el-decreto-que-otorgo-fondos-reservados-a-la-side\/#primaryimage\"},\"thumbnailUrl\":\"https:\/\/apuntesdesanluis.com\/wp-content\/uploads\/2024\/08\/diputados.png\",\"datePublished\":\"2024-08-22T02:23:44+00:00\",\"breadcrumb\":{\"@id\":\"https:\/\/apuntesdesanluis.com\/index.php\/2024\/08\/21\/reves-para-milei-diputados-logro-voltear-el-decreto-que-otorgo-fondos-reservados-a-la-side\/#breadcrumb\"},\"inLanguage\":\"es-AR\",\"potentialAction\":[{\"@type\":\"ReadAction\",\"target\":[\"https:\/\/apuntesdesanluis.com\/index.php\/2024\/08\/21\/reves-para-milei-diputados-logro-voltear-el-decreto-que-otorgo-fondos-reservados-a-la-side\/\"]}]},{\"@type\":\"ImageObject\",\"inLanguage\":\"es-AR\",\"@id\":\"https:\/\/apuntesdesanluis.com\/index.php\/2024\/08\/21\/reves-para-milei-diputados-logro-voltear-el-decreto-que-otorgo-fondos-reservados-a-la-side\/#primaryimage\",\"url\":\"https:\/\/apuntesdesanluis.com\/wp-content\/uploads\/2024\/08\/diputados.png\",\"contentUrl\":\"https:\/\/apuntesdesanluis.com\/wp-content\/uploads\/2024\/08\/diputados.png\",\"width\":700,\"height\":411},{\"@type\":\"BreadcrumbList\",\"@id\":\"https:\/\/apuntesdesanluis.com\/index.php\/2024\/08\/21\/reves-para-milei-diputados-logro-voltear-el-decreto-que-otorgo-fondos-reservados-a-la-side\/#breadcrumb\",\"itemListElement\":[{\"@type\":\"ListItem\",\"position\":1,\"name\":\"Inicio\",\"item\":\"https:\/\/apuntesdesanluis.com\/\"},{\"@type\":\"ListItem\",\"position\":2,\"name\":\"REV\u00c9S PARA MILEI: DIPUTADOS LOGR\u00d3 VOLTEAR EL DECRETO QUE OTORG\u00d3 FONDOS RESERVADOS A LA SIDE\"}]},{\"@type\":\"WebSite\",\"@id\":\"https:\/\/apuntesdesanluis.com\/#website\",\"url\":\"https:\/\/apuntesdesanluis.com\/\",\"name\":\"Apuntes de San Luis\",\"description\":\"\",\"publisher\":{\"@id\":\"https:\/\/apuntesdesanluis.com\/#\/schema\/person\/b55151d52296fcce64d1a72538a70b90\"},\"potentialAction\":[{\"@type\":\"SearchAction\",\"target\":{\"@type\":\"EntryPoint\",\"urlTemplate\":\"https:\/\/apuntesdesanluis.com\/?s={search_term_string}\"},\"query-input\":{\"@type\":\"PropertyValueSpecification\",\"valueRequired\":true,\"valueName\":\"search_term_string\"}}],\"inLanguage\":\"es-AR\"},{\"@type\":[\"Person\",\"Organization\"],\"@id\":\"https:\/\/apuntesdesanluis.com\/#\/schema\/person\/b55151d52296fcce64d1a72538a70b90\",\"name\":\"apuntesdesanluis.com\",\"image\":{\"@type\":\"ImageObject\",\"inLanguage\":\"es-AR\",\"@id\":\"https:\/\/apuntesdesanluis.com\/#\/schema\/person\/image\/\",\"url\":\"https:\/\/apuntesdesanluis.com\/wp-content\/uploads\/2023\/07\/cropped-apuntesdesanluis.png\",\"contentUrl\":\"https:\/\/apuntesdesanluis.com\/wp-content\/uploads\/2023\/07\/cropped-apuntesdesanluis.png\",\"width\":450,\"height\":112,\"caption\":\"apuntesdesanluis.com\"},\"logo\":{\"@id\":\"https:\/\/apuntesdesanluis.com\/#\/schema\/person\/image\/\"},\"sameAs\":[\"https:\/\/apuntesdesanluis.com\"],\"url\":\"https:\/\/apuntesdesanluis.com\/index.php\/author\/apuntesdesanluis-com\/\"}]}<\/script>\n<!-- \/ Yoast SEO plugin. -->","yoast_head_json":{"title":"REV\u00c9S PARA MILEI: DIPUTADOS LOGR\u00d3 VOLTEAR EL DECRETO QUE OTORG\u00d3 FONDOS RESERVADOS A LA SIDE - Apuntes de San Luis","robots":{"index":"index","follow":"follow","max-snippet":"max-snippet:-1","max-image-preview":"max-image-preview:large","max-video-preview":"max-video-preview:-1"},"canonical":"https:\/\/apuntesdesanluis.com\/index.php\/2024\/08\/21\/reves-para-milei-diputados-logro-voltear-el-decreto-que-otorgo-fondos-reservados-a-la-side\/","og_locale":"es_ES","og_type":"article","og_title":"REV\u00c9S PARA MILEI: DIPUTADOS LOGR\u00d3 VOLTEAR EL DECRETO QUE OTORG\u00d3 FONDOS RESERVADOS A LA SIDE - Apuntes de San Luis","og_description":"La C\u00e1mara de Diputados de la Naci\u00f3n rechaz\u00f3 este mi\u00e9rcoles el Decreto de Necesidad y...","og_url":"https:\/\/apuntesdesanluis.com\/index.php\/2024\/08\/21\/reves-para-milei-diputados-logro-voltear-el-decreto-que-otorgo-fondos-reservados-a-la-side\/","og_site_name":"Apuntes de San Luis","article_published_time":"2024-08-22T02:23:44+00:00","og_image":[{"width":700,"height":411,"url":"https:\/\/apuntesdesanluis.com\/wp-content\/uploads\/2024\/08\/diputados.png","type":"image\/png"}],"author":"apuntesdesanluis.com","twitter_card":"summary_large_image","twitter_misc":{"Escrito por":"apuntesdesanluis.com","Tiempo de lectura":"4 minutos"},"schema":{"@context":"https:\/\/schema.org","@graph":[{"@type":"Article","@id":"https:\/\/apuntesdesanluis.com\/index.php\/2024\/08\/21\/reves-para-milei-diputados-logro-voltear-el-decreto-que-otorgo-fondos-reservados-a-la-side\/#article","isPartOf":{"@id":"https:\/\/apuntesdesanluis.com\/index.php\/2024\/08\/21\/reves-para-milei-diputados-logro-voltear-el-decreto-que-otorgo-fondos-reservados-a-la-side\/"},"author":{"name":"apuntesdesanluis.com","@id":"https:\/\/apuntesdesanluis.com\/#\/schema\/person\/b55151d52296fcce64d1a72538a70b90"},"headline":"REV\u00c9S PARA MILEI: DIPUTADOS LOGR\u00d3 VOLTEAR EL DECRETO QUE OTORG\u00d3 FONDOS RESERVADOS A LA SIDE","datePublished":"2024-08-22T02:23:44+00:00","mainEntityOfPage":{"@id":"https:\/\/apuntesdesanluis.com\/index.php\/2024\/08\/21\/reves-para-milei-diputados-logro-voltear-el-decreto-que-otorgo-fondos-reservados-a-la-side\/"},"wordCount":721,"publisher":{"@id":"https:\/\/apuntesdesanluis.com\/#\/schema\/person\/b55151d52296fcce64d1a72538a70b90"},"image":{"@id":"https:\/\/apuntesdesanluis.com\/index.php\/2024\/08\/21\/reves-para-milei-diputados-logro-voltear-el-decreto-que-otorgo-fondos-reservados-a-la-side\/#primaryimage"},"thumbnailUrl":"https:\/\/apuntesdesanluis.com\/wp-content\/uploads\/2024\/08\/diputados.png","articleSection":["Nacionales\/Internacionales"],"inLanguage":"es-AR"},{"@type":"WebPage","@id":"https:\/\/apuntesdesanluis.com\/index.php\/2024\/08\/21\/reves-para-milei-diputados-logro-voltear-el-decreto-que-otorgo-fondos-reservados-a-la-side\/","url":"https:\/\/apuntesdesanluis.com\/index.php\/2024\/08\/21\/reves-para-milei-diputados-logro-voltear-el-decreto-que-otorgo-fondos-reservados-a-la-side\/","name":"REV\u00c9S PARA MILEI: DIPUTADOS LOGR\u00d3 VOLTEAR EL DECRETO QUE OTORG\u00d3 FONDOS RESERVADOS A LA SIDE - Apuntes de San Luis","isPartOf":{"@id":"https:\/\/apuntesdesanluis.com\/#website"},"primaryImageOfPage":{"@id":"https:\/\/apuntesdesanluis.com\/index.php\/2024\/08\/21\/reves-para-milei-diputados-logro-voltear-el-decreto-que-otorgo-fondos-reservados-a-la-side\/#primaryimage"},"image":{"@id":"https:\/\/apuntesdesanluis.com\/index.php\/2024\/08\/21\/reves-para-milei-diputados-logro-voltear-el-decreto-que-otorgo-fondos-reservados-a-la-side\/#primaryimage"},"thumbnailUrl":"https:\/\/apuntesdesanluis.com\/wp-content\/uploads\/2024\/08\/diputados.png","datePublished":"2024-08-22T02:23:44+00:00","breadcrumb":{"@id":"https:\/\/apuntesdesanluis.com\/index.php\/2024\/08\/21\/reves-para-milei-diputados-logro-voltear-el-decreto-que-otorgo-fondos-reservados-a-la-side\/#breadcrumb"},"inLanguage":"es-AR","potentialAction":[{"@type":"ReadAction","target":["https:\/\/apuntesdesanluis.com\/index.php\/2024\/08\/21\/reves-para-milei-diputados-logro-voltear-el-decreto-que-otorgo-fondos-reservados-a-la-side\/"]}]},{"@type":"ImageObject","inLanguage":"es-AR","@id":"https:\/\/apuntesdesanluis.com\/index.php\/2024\/08\/21\/reves-para-milei-diputados-logro-voltear-el-decreto-que-otorgo-fondos-reservados-a-la-side\/#primaryimage","url":"https:\/\/apuntesdesanluis.com\/wp-content\/uploads\/2024\/08\/diputados.png","contentUrl":"https:\/\/apuntesdesanluis.com\/wp-content\/uploads\/2024\/08\/diputados.png","width":700,"height":411},{"@type":"BreadcrumbList","@id":"https:\/\/apuntesdesanluis.com\/index.php\/2024\/08\/21\/reves-para-milei-diputados-logro-voltear-el-decreto-que-otorgo-fondos-reservados-a-la-side\/#breadcrumb","itemListElement":[{"@type":"ListItem","position":1,"name":"Inicio","item":"https:\/\/apuntesdesanluis.com\/"},{"@type":"ListItem","position":2,"name":"REV\u00c9S PARA MILEI: DIPUTADOS LOGR\u00d3 VOLTEAR EL DECRETO QUE OTORG\u00d3 FONDOS RESERVADOS A LA SIDE"}]},{"@type":"WebSite","@id":"https:\/\/apuntesdesanluis.com\/#website","url":"https:\/\/apuntesdesanluis.com\/","name":"Apuntes de San Luis","description":"","publisher":{"@id":"https:\/\/apuntesdesanluis.com\/#\/schema\/person\/b55151d52296fcce64d1a72538a70b90"},"potentialAction":[{"@type":"SearchAction","target":{"@type":"EntryPoint","urlTemplate":"https:\/\/apuntesdesanluis.com\/?s={search_term_string}"},"query-input":{"@type":"PropertyValueSpecification","valueRequired":true,"valueName":"search_term_string"}}],"inLanguage":"es-AR"},{"@type":["Person","Organization"],"@id":"https:\/\/apuntesdesanluis.com\/#\/schema\/person\/b55151d52296fcce64d1a72538a70b90","name":"apuntesdesanluis.com","image":{"@type":"ImageObject","inLanguage":"es-AR","@id":"https:\/\/apuntesdesanluis.com\/#\/schema\/person\/image\/","url":"https:\/\/apuntesdesanluis.com\/wp-content\/uploads\/2023\/07\/cropped-apuntesdesanluis.png","contentUrl":"https:\/\/apuntesdesanluis.com\/wp-content\/uploads\/2023\/07\/cropped-apuntesdesanluis.png","width":450,"height":112,"caption":"apuntesdesanluis.com"},"logo":{"@id":"https:\/\/apuntesdesanluis.com\/#\/schema\/person\/image\/"},"sameAs":["https:\/\/apuntesdesanluis.com"],"url":"https:\/\/apuntesdesanluis.com\/index.php\/author\/apuntesdesanluis-com\/"}]}},"featured_image_urls":{"full":["https:\/\/apuntesdesanluis.com\/wp-content\/uploads\/2024\/08\/diputados.png",700,411,false],"thumbnail":["https:\/\/apuntesdesanluis.com\/wp-content\/uploads\/2024\/08\/diputados-150x150.png",150,150,true],"medium":["https:\/\/apuntesdesanluis.com\/wp-content\/uploads\/2024\/08\/diputados-300x176.png",300,176,true],"medium_large":["https:\/\/apuntesdesanluis.com\/wp-content\/uploads\/2024\/08\/diputados.png",640,376,false],"large":["https:\/\/apuntesdesanluis.com\/wp-content\/uploads\/2024\/08\/diputados.png",640,376,false],"1536x1536":["https:\/\/apuntesdesanluis.com\/wp-content\/uploads\/2024\/08\/diputados.png",700,411,false],"2048x2048":["https:\/\/apuntesdesanluis.com\/wp-content\/uploads\/2024\/08\/diputados.png",700,411,false],"newsever-slider-full":["https:\/\/apuntesdesanluis.com\/wp-content\/uploads\/2024\/08\/diputados.png",700,411,false],"newsever-featured":["https:\/\/apuntesdesanluis.com\/wp-content\/uploads\/2024\/08\/diputados.png",700,411,false],"newsever-medium":["https:\/\/apuntesdesanluis.com\/wp-content\/uploads\/2024\/08\/diputados.png",700,411,false]},"author_info":{"display_name":"apuntesdesanluis.com","author_link":"https:\/\/apuntesdesanluis.com\/index.php\/author\/apuntesdesanluis-com\/"},"category_info":"<a href=\"https:\/\/apuntesdesanluis.com\/index.php\/category\/nacionales-internacionales\/\" rel=\"category tag\">Nacionales\/Internacionales<\/a>","tag_info":"Nacionales\/Internacionales","comment_count":"0","_links":{"self":[{"href":"https:\/\/apuntesdesanluis.com\/index.php\/wp-json\/wp\/v2\/posts\/21155","targetHints":{"allow":["GET"]}}],"collection":[{"href":"https:\/\/apuntesdesanluis.com\/index.php\/wp-json\/wp\/v2\/posts"}],"about":[{"href":"https:\/\/apuntesdesanluis.com\/index.php\/wp-json\/wp\/v2\/types\/post"}],"author":[{"embeddable":true,"href":"https:\/\/apuntesdesanluis.com\/index.php\/wp-json\/wp\/v2\/users\/1"}],"replies":[{"embeddable":true,"href":"https:\/\/apuntesdesanluis.com\/index.php\/wp-json\/wp\/v2\/comments?post=21155"}],"version-history":[{"count":2,"href":"https:\/\/apuntesdesanluis.com\/index.php\/wp-json\/wp\/v2\/posts\/21155\/revisions"}],"predecessor-version":[{"id":21159,"href":"https:\/\/apuntesdesanluis.com\/index.php\/wp-json\/wp\/v2\/posts\/21155\/revisions\/21159"}],"wp:featuredmedia":[{"embeddable":true,"href":"https:\/\/apuntesdesanluis.com\/index.php\/wp-json\/wp\/v2\/media\/21156"}],"wp:attachment":[{"href":"https:\/\/apuntesdesanluis.com\/index.php\/wp-json\/wp\/v2\/media?parent=21155"}],"wp:term":[{"taxonomy":"category","embeddable":true,"href":"https:\/\/apuntesdesanluis.com\/index.php\/wp-json\/wp\/v2\/categories?post=21155"},{"taxonomy":"post_tag","embeddable":true,"href":"https:\/\/apuntesdesanluis.com\/index.php\/wp-json\/wp\/v2\/tags?post=21155"}],"curies":[{"name":"wp","href":"https:\/\/api.w.org\/{rel}","templated":true}]}}