{"id":21160,"date":"2024-08-21T23:37:15","date_gmt":"2024-08-22T02:37:15","guid":{"rendered":"https:\/\/apuntesdesanluis.com\/?p=21160"},"modified":"2024-08-21T23:37:15","modified_gmt":"2024-08-22T02:37:15","slug":"empiezan-a-declarar-los-primeros-testigos-en-la-causa-contra-alberto-fernandez","status":"publish","type":"post","link":"https:\/\/apuntesdesanluis.com\/index.php\/2024\/08\/21\/empiezan-a-declarar-los-primeros-testigos-en-la-causa-contra-alberto-fernandez\/","title":{"rendered":"EMPIEZAN A DECLARAR LOS PRIMEROS TESTIGOS EN LA CAUSA CONTRA ALBERTO FERN\u00c1NDEZ"},"content":{"rendered":"<h3>Este jueves ser\u00e1 el turno de <strong>Mar\u00eda Cantero<\/strong>, ex secretaria del ex mandatario, y de la periodista <strong>Alicia Barrios<\/strong>.<\/h3>\n<h3>Los primeros testigos de la causa por violencia de g\u00e9nero contra el ex presidente Alberto Fern\u00e1ndez comenzar\u00e1n a declarar este jueves en los tribunales federales de Comodoro Py, despu\u00e9s de la denuncia hecha por la ex primera dama Fabiola Y\u00e1\u00f1ez.<\/h3>\n<h3>Los primeros en brindar declaraci\u00f3n testimonial ante el fiscal Ramiro Gonz\u00e1lez ser\u00e1n la periodista Alicia Barrios, que frecuent\u00f3 a Y\u00e1\u00f1ez en Olivos, y Mar\u00eda Cantero, la ex secretaria privada de Fern\u00e1ndez.<\/h3>\n<h3>Barrios fue citada por el fiscal a las 10:30, mientras a las 12:00 ser\u00e1 el turno de Cantero. En tanto, el ex intendente de la Quinta de Olivos Daniel Rodr\u00edguez fue convocado para el lunes 26 de agosto a las 10.<\/h3>\n<h3>Respecto del ex titular de la Unidad M\u00e9dica Presidencial Federico Walter Saavedra, que tambi\u00e9n fue incluido como testigo, fuentes del caso indicaron a la Agencia Noticias Argentinas que tomaba forma la convocatoria para el 5 de septiembre.<\/h3>\n<h3>Mientras tanto, el fiscal Gonz\u00e1lez tambi\u00e9n libr\u00f3 un exhorto internacional ante la Fiscal\u00eda Penal de la ciudad de Madrid para que autoricen a Miriam Y\u00e1\u00f1ez Verdugo, la madre de Y\u00e1\u00f1ez, a prestar declaraci\u00f3n testimonial en el Consulado argentino en Madrid, donde la mujer reside con su hija.\u00a0\u00a0 Para la citaci\u00f3n a la madre de Y\u00e1\u00f1ez, el fiscal aclar\u00f3 que una vez obtenida la autorizaci\u00f3n, la declaraci\u00f3n se llevar\u00e1 adelante &#8220;a la mayor brevedad posible&#8221;.<\/h3>\n<h3>Gonz\u00e1lez rechaz\u00f3 el martes \u00faltimo el pedido del ex mandatario para que el expediente pase a la Justicia de San Isidro. En esa resoluci\u00f3n, a la que tuvo acceso la Agencia Noticias Argentinas, el fiscal rechaz\u00f3 el planteo de &#8220;incompetencia&#8221; que hab\u00eda formulado la defensa de Fern\u00e1ndez.<\/h3>\n<h3>El fiscal argument\u00f3 que &#8220;m\u00e1s all\u00e1 de las calificaciones legales que eventualmente corresponda asignar de un modo definitivo a los hechos objeto del proceso, estos surgen de un relato que revela un contexto de violencia de g\u00e9nero asentado sobre una relaci\u00f3n asim\u00e9trica y desigual de poder que se ha desarrollado a lo largo del tiempo&#8221;.<\/h3>\n<p>&nbsp;<\/p>\n<p>&nbsp;<\/p>\n<p>&nbsp;<\/p>\n<p>&nbsp;<\/p>\n","protected":false},"excerpt":{"rendered":"<p>Este jueves ser\u00e1 el turno de Mar\u00eda Cantero, ex secretaria del ex mandatario, y de&#8230;<\/p>\n","protected":false},"author":1,"featured_media":20748,"comment_status":"closed","ping_status":"closed","sticky":false,"template":"","format":"standard","meta":{"footnotes":""},"categories":[5],"tags":[],"class_list":["post-21160","post","type-post","status-publish","format-standard","has-post-thumbnail","hentry","category-nacionales-internacionales"],"yoast_head":"<!-- This site is optimized with the Yoast SEO plugin v26.1.1 - https:\/\/yoast.com\/wordpress\/plugins\/seo\/ -->\n<title>EMPIEZAN A DECLARAR LOS PRIMEROS TESTIGOS EN LA CAUSA CONTRA ALBERTO FERN\u00c1NDEZ - Apuntes de San Luis<\/title>\n<meta name=\"robots\" content=\"index, follow, max-snippet:-1, max-image-preview:large, max-video-preview:-1\" \/>\n<link rel=\"canonical\" href=\"https:\/\/apuntesdesanluis.com\/index.php\/2024\/08\/21\/empiezan-a-declarar-los-primeros-testigos-en-la-causa-contra-alberto-fernandez\/\" \/>\n<meta property=\"og:locale\" content=\"es_ES\" \/>\n<meta property=\"og:type\" content=\"article\" \/>\n<meta property=\"og:title\" content=\"EMPIEZAN A DECLARAR LOS PRIMEROS TESTIGOS EN LA CAUSA CONTRA ALBERTO FERN\u00c1NDEZ - Apuntes de San Luis\" \/>\n<meta property=\"og:description\" content=\"Este jueves ser\u00e1 el turno de Mar\u00eda Cantero, ex secretaria del ex mandatario, y de...\" \/>\n<meta property=\"og:url\" content=\"https:\/\/apuntesdesanluis.com\/index.php\/2024\/08\/21\/empiezan-a-declarar-los-primeros-testigos-en-la-causa-contra-alberto-fernandez\/\" \/>\n<meta property=\"og:site_name\" content=\"Apuntes de San Luis\" \/>\n<meta property=\"article:published_time\" content=\"2024-08-22T02:37:15+00:00\" \/>\n<meta property=\"og:image\" content=\"https:\/\/apuntesdesanluis.com\/wp-content\/uploads\/2024\/08\/fabiola-y-fernandez.png\" \/>\n\t<meta property=\"og:image:width\" content=\"865\" \/>\n\t<meta property=\"og:image:height\" content=\"531\" \/>\n\t<meta property=\"og:image:type\" content=\"image\/png\" \/>\n<meta name=\"author\" content=\"apuntesdesanluis.com\" \/>\n<meta name=\"twitter:card\" content=\"summary_large_image\" \/>\n<meta name=\"twitter:label1\" content=\"Escrito por\" \/>\n\t<meta name=\"twitter:data1\" content=\"apuntesdesanluis.com\" \/>\n\t<meta name=\"twitter:label2\" content=\"Tiempo de lectura\" \/>\n\t<meta name=\"twitter:data2\" content=\"2 minutos\" \/>\n<script type=\"application\/ld+json\" class=\"yoast-schema-graph\">{\"@context\":\"https:\/\/schema.org\",\"@graph\":[{\"@type\":\"Article\",\"@id\":\"https:\/\/apuntesdesanluis.com\/index.php\/2024\/08\/21\/empiezan-a-declarar-los-primeros-testigos-en-la-causa-contra-alberto-fernandez\/#article\",\"isPartOf\":{\"@id\":\"https:\/\/apuntesdesanluis.com\/index.php\/2024\/08\/21\/empiezan-a-declarar-los-primeros-testigos-en-la-causa-contra-alberto-fernandez\/\"},\"author\":{\"name\":\"apuntesdesanluis.com\",\"@id\":\"https:\/\/apuntesdesanluis.com\/#\/schema\/person\/b55151d52296fcce64d1a72538a70b90\"},\"headline\":\"EMPIEZAN A DECLARAR LOS PRIMEROS TESTIGOS EN LA CAUSA CONTRA ALBERTO FERN\u00c1NDEZ\",\"datePublished\":\"2024-08-22T02:37:15+00:00\",\"mainEntityOfPage\":{\"@id\":\"https:\/\/apuntesdesanluis.com\/index.php\/2024\/08\/21\/empiezan-a-declarar-los-primeros-testigos-en-la-causa-contra-alberto-fernandez\/\"},\"wordCount\":389,\"publisher\":{\"@id\":\"https:\/\/apuntesdesanluis.com\/#\/schema\/person\/b55151d52296fcce64d1a72538a70b90\"},\"image\":{\"@id\":\"https:\/\/apuntesdesanluis.com\/index.php\/2024\/08\/21\/empiezan-a-declarar-los-primeros-testigos-en-la-causa-contra-alberto-fernandez\/#primaryimage\"},\"thumbnailUrl\":\"https:\/\/apuntesdesanluis.com\/wp-content\/uploads\/2024\/08\/fabiola-y-fernandez.png\",\"articleSection\":[\"Nacionales\/Internacionales\"],\"inLanguage\":\"es-AR\"},{\"@type\":\"WebPage\",\"@id\":\"https:\/\/apuntesdesanluis.com\/index.php\/2024\/08\/21\/empiezan-a-declarar-los-primeros-testigos-en-la-causa-contra-alberto-fernandez\/\",\"url\":\"https:\/\/apuntesdesanluis.com\/index.php\/2024\/08\/21\/empiezan-a-declarar-los-primeros-testigos-en-la-causa-contra-alberto-fernandez\/\",\"name\":\"EMPIEZAN A DECLARAR LOS PRIMEROS TESTIGOS EN LA CAUSA CONTRA ALBERTO FERN\u00c1NDEZ - Apuntes de San Luis\",\"isPartOf\":{\"@id\":\"https:\/\/apuntesdesanluis.com\/#website\"},\"primaryImageOfPage\":{\"@id\":\"https:\/\/apuntesdesanluis.com\/index.php\/2024\/08\/21\/empiezan-a-declarar-los-primeros-testigos-en-la-causa-contra-alberto-fernandez\/#primaryimage\"},\"image\":{\"@id\":\"https:\/\/apuntesdesanluis.com\/index.php\/2024\/08\/21\/empiezan-a-declarar-los-primeros-testigos-en-la-causa-contra-alberto-fernandez\/#primaryimage\"},\"thumbnailUrl\":\"https:\/\/apuntesdesanluis.com\/wp-content\/uploads\/2024\/08\/fabiola-y-fernandez.png\",\"datePublished\":\"2024-08-22T02:37:15+00:00\",\"breadcrumb\":{\"@id\":\"https:\/\/apuntesdesanluis.com\/index.php\/2024\/08\/21\/empiezan-a-declarar-los-primeros-testigos-en-la-causa-contra-alberto-fernandez\/#breadcrumb\"},\"inLanguage\":\"es-AR\",\"potentialAction\":[{\"@type\":\"ReadAction\",\"target\":[\"https:\/\/apuntesdesanluis.com\/index.php\/2024\/08\/21\/empiezan-a-declarar-los-primeros-testigos-en-la-causa-contra-alberto-fernandez\/\"]}]},{\"@type\":\"ImageObject\",\"inLanguage\":\"es-AR\",\"@id\":\"https:\/\/apuntesdesanluis.com\/index.php\/2024\/08\/21\/empiezan-a-declarar-los-primeros-testigos-en-la-causa-contra-alberto-fernandez\/#primaryimage\",\"url\":\"https:\/\/apuntesdesanluis.com\/wp-content\/uploads\/2024\/08\/fabiola-y-fernandez.png\",\"contentUrl\":\"https:\/\/apuntesdesanluis.com\/wp-content\/uploads\/2024\/08\/fabiola-y-fernandez.png\",\"width\":865,\"height\":531},{\"@type\":\"BreadcrumbList\",\"@id\":\"https:\/\/apuntesdesanluis.com\/index.php\/2024\/08\/21\/empiezan-a-declarar-los-primeros-testigos-en-la-causa-contra-alberto-fernandez\/#breadcrumb\",\"itemListElement\":[{\"@type\":\"ListItem\",\"position\":1,\"name\":\"Inicio\",\"item\":\"https:\/\/apuntesdesanluis.com\/\"},{\"@type\":\"ListItem\",\"position\":2,\"name\":\"EMPIEZAN A DECLARAR LOS PRIMEROS TESTIGOS EN LA CAUSA CONTRA ALBERTO FERN\u00c1NDEZ\"}]},{\"@type\":\"WebSite\",\"@id\":\"https:\/\/apuntesdesanluis.com\/#website\",\"url\":\"https:\/\/apuntesdesanluis.com\/\",\"name\":\"Apuntes de San Luis\",\"description\":\"\",\"publisher\":{\"@id\":\"https:\/\/apuntesdesanluis.com\/#\/schema\/person\/b55151d52296fcce64d1a72538a70b90\"},\"potentialAction\":[{\"@type\":\"SearchAction\",\"target\":{\"@type\":\"EntryPoint\",\"urlTemplate\":\"https:\/\/apuntesdesanluis.com\/?s={search_term_string}\"},\"query-input\":{\"@type\":\"PropertyValueSpecification\",\"valueRequired\":true,\"valueName\":\"search_term_string\"}}],\"inLanguage\":\"es-AR\"},{\"@type\":[\"Person\",\"Organization\"],\"@id\":\"https:\/\/apuntesdesanluis.com\/#\/schema\/person\/b55151d52296fcce64d1a72538a70b90\",\"name\":\"apuntesdesanluis.com\",\"image\":{\"@type\":\"ImageObject\",\"inLanguage\":\"es-AR\",\"@id\":\"https:\/\/apuntesdesanluis.com\/#\/schema\/person\/image\/\",\"url\":\"https:\/\/apuntesdesanluis.com\/wp-content\/uploads\/2023\/07\/cropped-apuntesdesanluis.png\",\"contentUrl\":\"https:\/\/apuntesdesanluis.com\/wp-content\/uploads\/2023\/07\/cropped-apuntesdesanluis.png\",\"width\":450,\"height\":112,\"caption\":\"apuntesdesanluis.com\"},\"logo\":{\"@id\":\"https:\/\/apuntesdesanluis.com\/#\/schema\/person\/image\/\"},\"sameAs\":[\"https:\/\/apuntesdesanluis.com\"],\"url\":\"https:\/\/apuntesdesanluis.com\/index.php\/author\/apuntesdesanluis-com\/\"}]}<\/script>\n<!-- \/ Yoast SEO plugin. -->","yoast_head_json":{"title":"EMPIEZAN A DECLARAR LOS PRIMEROS TESTIGOS EN LA CAUSA CONTRA ALBERTO FERN\u00c1NDEZ - Apuntes de San Luis","robots":{"index":"index","follow":"follow","max-snippet":"max-snippet:-1","max-image-preview":"max-image-preview:large","max-video-preview":"max-video-preview:-1"},"canonical":"https:\/\/apuntesdesanluis.com\/index.php\/2024\/08\/21\/empiezan-a-declarar-los-primeros-testigos-en-la-causa-contra-alberto-fernandez\/","og_locale":"es_ES","og_type":"article","og_title":"EMPIEZAN A DECLARAR LOS PRIMEROS TESTIGOS EN LA CAUSA CONTRA ALBERTO FERN\u00c1NDEZ - Apuntes de San Luis","og_description":"Este jueves ser\u00e1 el turno de Mar\u00eda Cantero, ex secretaria del ex mandatario, y de...","og_url":"https:\/\/apuntesdesanluis.com\/index.php\/2024\/08\/21\/empiezan-a-declarar-los-primeros-testigos-en-la-causa-contra-alberto-fernandez\/","og_site_name":"Apuntes de San Luis","article_published_time":"2024-08-22T02:37:15+00:00","og_image":[{"width":865,"height":531,"url":"https:\/\/apuntesdesanluis.com\/wp-content\/uploads\/2024\/08\/fabiola-y-fernandez.png","type":"image\/png"}],"author":"apuntesdesanluis.com","twitter_card":"summary_large_image","twitter_misc":{"Escrito por":"apuntesdesanluis.com","Tiempo de lectura":"2 minutos"},"schema":{"@context":"https:\/\/schema.org","@graph":[{"@type":"Article","@id":"https:\/\/apuntesdesanluis.com\/index.php\/2024\/08\/21\/empiezan-a-declarar-los-primeros-testigos-en-la-causa-contra-alberto-fernandez\/#article","isPartOf":{"@id":"https:\/\/apuntesdesanluis.com\/index.php\/2024\/08\/21\/empiezan-a-declarar-los-primeros-testigos-en-la-causa-contra-alberto-fernandez\/"},"author":{"name":"apuntesdesanluis.com","@id":"https:\/\/apuntesdesanluis.com\/#\/schema\/person\/b55151d52296fcce64d1a72538a70b90"},"headline":"EMPIEZAN A DECLARAR LOS PRIMEROS TESTIGOS EN LA CAUSA CONTRA ALBERTO FERN\u00c1NDEZ","datePublished":"2024-08-22T02:37:15+00:00","mainEntityOfPage":{"@id":"https:\/\/apuntesdesanluis.com\/index.php\/2024\/08\/21\/empiezan-a-declarar-los-primeros-testigos-en-la-causa-contra-alberto-fernandez\/"},"wordCount":389,"publisher":{"@id":"https:\/\/apuntesdesanluis.com\/#\/schema\/person\/b55151d52296fcce64d1a72538a70b90"},"image":{"@id":"https:\/\/apuntesdesanluis.com\/index.php\/2024\/08\/21\/empiezan-a-declarar-los-primeros-testigos-en-la-causa-contra-alberto-fernandez\/#primaryimage"},"thumbnailUrl":"https:\/\/apuntesdesanluis.com\/wp-content\/uploads\/2024\/08\/fabiola-y-fernandez.png","articleSection":["Nacionales\/Internacionales"],"inLanguage":"es-AR"},{"@type":"WebPage","@id":"https:\/\/apuntesdesanluis.com\/index.php\/2024\/08\/21\/empiezan-a-declarar-los-primeros-testigos-en-la-causa-contra-alberto-fernandez\/","url":"https:\/\/apuntesdesanluis.com\/index.php\/2024\/08\/21\/empiezan-a-declarar-los-primeros-testigos-en-la-causa-contra-alberto-fernandez\/","name":"EMPIEZAN A DECLARAR LOS PRIMEROS TESTIGOS EN LA CAUSA CONTRA ALBERTO FERN\u00c1NDEZ - Apuntes de San Luis","isPartOf":{"@id":"https:\/\/apuntesdesanluis.com\/#website"},"primaryImageOfPage":{"@id":"https:\/\/apuntesdesanluis.com\/index.php\/2024\/08\/21\/empiezan-a-declarar-los-primeros-testigos-en-la-causa-contra-alberto-fernandez\/#primaryimage"},"image":{"@id":"https:\/\/apuntesdesanluis.com\/index.php\/2024\/08\/21\/empiezan-a-declarar-los-primeros-testigos-en-la-causa-contra-alberto-fernandez\/#primaryimage"},"thumbnailUrl":"https:\/\/apuntesdesanluis.com\/wp-content\/uploads\/2024\/08\/fabiola-y-fernandez.png","datePublished":"2024-08-22T02:37:15+00:00","breadcrumb":{"@id":"https:\/\/apuntesdesanluis.com\/index.php\/2024\/08\/21\/empiezan-a-declarar-los-primeros-testigos-en-la-causa-contra-alberto-fernandez\/#breadcrumb"},"inLanguage":"es-AR","potentialAction":[{"@type":"ReadAction","target":["https:\/\/apuntesdesanluis.com\/index.php\/2024\/08\/21\/empiezan-a-declarar-los-primeros-testigos-en-la-causa-contra-alberto-fernandez\/"]}]},{"@type":"ImageObject","inLanguage":"es-AR","@id":"https:\/\/apuntesdesanluis.com\/index.php\/2024\/08\/21\/empiezan-a-declarar-los-primeros-testigos-en-la-causa-contra-alberto-fernandez\/#primaryimage","url":"https:\/\/apuntesdesanluis.com\/wp-content\/uploads\/2024\/08\/fabiola-y-fernandez.png","contentUrl":"https:\/\/apuntesdesanluis.com\/wp-content\/uploads\/2024\/08\/fabiola-y-fernandez.png","width":865,"height":531},{"@type":"BreadcrumbList","@id":"https:\/\/apuntesdesanluis.com\/index.php\/2024\/08\/21\/empiezan-a-declarar-los-primeros-testigos-en-la-causa-contra-alberto-fernandez\/#breadcrumb","itemListElement":[{"@type":"ListItem","position":1,"name":"Inicio","item":"https:\/\/apuntesdesanluis.com\/"},{"@type":"ListItem","position":2,"name":"EMPIEZAN A DECLARAR LOS PRIMEROS TESTIGOS EN LA CAUSA CONTRA ALBERTO FERN\u00c1NDEZ"}]},{"@type":"WebSite","@id":"https:\/\/apuntesdesanluis.com\/#website","url":"https:\/\/apuntesdesanluis.com\/","name":"Apuntes de San Luis","description":"","publisher":{"@id":"https:\/\/apuntesdesanluis.com\/#\/schema\/person\/b55151d52296fcce64d1a72538a70b90"},"potentialAction":[{"@type":"SearchAction","target":{"@type":"EntryPoint","urlTemplate":"https:\/\/apuntesdesanluis.com\/?s={search_term_string}"},"query-input":{"@type":"PropertyValueSpecification","valueRequired":true,"valueName":"search_term_string"}}],"inLanguage":"es-AR"},{"@type":["Person","Organization"],"@id":"https:\/\/apuntesdesanluis.com\/#\/schema\/person\/b55151d52296fcce64d1a72538a70b90","name":"apuntesdesanluis.com","image":{"@type":"ImageObject","inLanguage":"es-AR","@id":"https:\/\/apuntesdesanluis.com\/#\/schema\/person\/image\/","url":"https:\/\/apuntesdesanluis.com\/wp-content\/uploads\/2023\/07\/cropped-apuntesdesanluis.png","contentUrl":"https:\/\/apuntesdesanluis.com\/wp-content\/uploads\/2023\/07\/cropped-apuntesdesanluis.png","width":450,"height":112,"caption":"apuntesdesanluis.com"},"logo":{"@id":"https:\/\/apuntesdesanluis.com\/#\/schema\/person\/image\/"},"sameAs":["https:\/\/apuntesdesanluis.com"],"url":"https:\/\/apuntesdesanluis.com\/index.php\/author\/apuntesdesanluis-com\/"}]}},"featured_image_urls":{"full":["https:\/\/apuntesdesanluis.com\/wp-content\/uploads\/2024\/08\/fabiola-y-fernandez.png",865,531,false],"thumbnail":["https:\/\/apuntesdesanluis.com\/wp-content\/uploads\/2024\/08\/fabiola-y-fernandez-150x150.png",150,150,true],"medium":["https:\/\/apuntesdesanluis.com\/wp-content\/uploads\/2024\/08\/fabiola-y-fernandez-300x184.png",300,184,true],"medium_large":["https:\/\/apuntesdesanluis.com\/wp-content\/uploads\/2024\/08\/fabiola-y-fernandez-768x471.png",640,393,true],"large":["https:\/\/apuntesdesanluis.com\/wp-content\/uploads\/2024\/08\/fabiola-y-fernandez.png",640,393,false],"1536x1536":["https:\/\/apuntesdesanluis.com\/wp-content\/uploads\/2024\/08\/fabiola-y-fernandez.png",865,531,false],"2048x2048":["https:\/\/apuntesdesanluis.com\/wp-content\/uploads\/2024\/08\/fabiola-y-fernandez.png",865,531,false],"newsever-slider-full":["https:\/\/apuntesdesanluis.com\/wp-content\/uploads\/2024\/08\/fabiola-y-fernandez.png",865,531,false],"newsever-featured":["https:\/\/apuntesdesanluis.com\/wp-content\/uploads\/2024\/08\/fabiola-y-fernandez.png",865,531,false],"newsever-medium":["https:\/\/apuntesdesanluis.com\/wp-content\/uploads\/2024\/08\/fabiola-y-fernandez-720x475.png",720,475,true]},"author_info":{"display_name":"apuntesdesanluis.com","author_link":"https:\/\/apuntesdesanluis.com\/index.php\/author\/apuntesdesanluis-com\/"},"category_info":"<a href=\"https:\/\/apuntesdesanluis.com\/index.php\/category\/nacionales-internacionales\/\" rel=\"category tag\">Nacionales\/Internacionales<\/a>","tag_info":"Nacionales\/Internacionales","comment_count":"0","_links":{"self":[{"href":"https:\/\/apuntesdesanluis.com\/index.php\/wp-json\/wp\/v2\/posts\/21160","targetHints":{"allow":["GET"]}}],"collection":[{"href":"https:\/\/apuntesdesanluis.com\/index.php\/wp-json\/wp\/v2\/posts"}],"about":[{"href":"https:\/\/apuntesdesanluis.com\/index.php\/wp-json\/wp\/v2\/types\/post"}],"author":[{"embeddable":true,"href":"https:\/\/apuntesdesanluis.com\/index.php\/wp-json\/wp\/v2\/users\/1"}],"replies":[{"embeddable":true,"href":"https:\/\/apuntesdesanluis.com\/index.php\/wp-json\/wp\/v2\/comments?post=21160"}],"version-history":[{"count":1,"href":"https:\/\/apuntesdesanluis.com\/index.php\/wp-json\/wp\/v2\/posts\/21160\/revisions"}],"predecessor-version":[{"id":21161,"href":"https:\/\/apuntesdesanluis.com\/index.php\/wp-json\/wp\/v2\/posts\/21160\/revisions\/21161"}],"wp:featuredmedia":[{"embeddable":true,"href":"https:\/\/apuntesdesanluis.com\/index.php\/wp-json\/wp\/v2\/media\/20748"}],"wp:attachment":[{"href":"https:\/\/apuntesdesanluis.com\/index.php\/wp-json\/wp\/v2\/media?parent=21160"}],"wp:term":[{"taxonomy":"category","embeddable":true,"href":"https:\/\/apuntesdesanluis.com\/index.php\/wp-json\/wp\/v2\/categories?post=21160"},{"taxonomy":"post_tag","embeddable":true,"href":"https:\/\/apuntesdesanluis.com\/index.php\/wp-json\/wp\/v2\/tags?post=21160"}],"curies":[{"name":"wp","href":"https:\/\/api.w.org\/{rel}","templated":true}]}}