{"id":21162,"date":"2024-08-21T23:44:59","date_gmt":"2024-08-22T02:44:59","guid":{"rendered":"https:\/\/apuntesdesanluis.com\/?p=21162"},"modified":"2024-08-21T23:44:59","modified_gmt":"2024-08-22T02:44:59","slug":"arde-la-interna-libertaria-la-reunion-del-bloque-termino-a-los-gritos-y-analizan-expulsar-a-una-diputada","status":"publish","type":"post","link":"https:\/\/apuntesdesanluis.com\/index.php\/2024\/08\/21\/arde-la-interna-libertaria-la-reunion-del-bloque-termino-a-los-gritos-y-analizan-expulsar-a-una-diputada\/","title":{"rendered":"ARDE LA INTERNA LIBERTARIA: LA REUNI\u00d3N DEL BLOQUE TERMIN\u00d3 A LOS GRITOS Y ANALIZAN EXPULSAR A UNA DIPUTADA"},"content":{"rendered":"<h3>La \u00faltima reuni\u00f3n del bloque de diputados de <strong>La Libertad Avanza<\/strong> termin\u00f3 en esc\u00e1ndalo, entre gritos y acusaciones cruzadas. La diputada <strong>Lourdes Arrieta<\/strong> se retir\u00f3 visiblemente afectada por la discusi\u00f3n y en su entorno revelaron que se dirig\u00eda a presentar una denuncia contra su compa\u00f1ero de bloque <strong>Nicol\u00e1s Mayoraz<\/strong> por agresi\u00f3n y violencia de g\u00e9nero.<\/h3>\n<h3>Seg\u00fan relataron algunos legisladores que participaron del encuentro, todo comenz\u00f3 cuando Mayoraz, Beltr\u00e1n B\u00e9nedit y el jefe de bloque, Gabriel Bornoroni, increparon a Arrieta por haber presentado una denuncia para que se investigue la visita a represores en el penal de Ezeiza.<\/h3>\n<h3>Arrieta siempre dijo que fue all\u00ed \u201cenga\u00f1ada\u201d por los diputados Beltr\u00e1n B\u00e9nedit y Guillermo Montenegro, que nunca habr\u00edan aclarado que se entrevistar\u00edan con represores como Alfredo Astiz. Adem\u00e1s, ayer en la comisi\u00f3n de Peticiones, Poderes y Reglamentos, Arrieta volvi\u00f3 a apuntar contra Mart\u00edn Menem. Dijo que el presidente de la C\u00e1mara de Diputados estaba al tanto de la visita a Ezeiza y que necesariamente deb\u00eda haber autorizado el traslado grupal de los diputados.<\/h3>\n<h3>La reuni\u00f3n de bloque comenz\u00f3 con fuertes cuestionamientos a Arrieta. Si bien Menem se mantuvo al margen, estuvo presente para \u201cdar respaldo al jefe de bloque\u201d y para forzar a la diputada a que \u201cle digan en la cara las mentiras que dijeron en la comisi\u00f3n\u201d.<\/h3>\n<h3><img fetchpriority=\"high\" decoding=\"async\" class=\"wp-image-21164 aligncenter\" src=\"https:\/\/apuntesdesanluis.com\/wp-content\/uploads\/2024\/08\/lourdes-arrieta-300x169.png\" alt=\"\" width=\"630\" height=\"355\" srcset=\"https:\/\/apuntesdesanluis.com\/wp-content\/uploads\/2024\/08\/lourdes-arrieta-300x169.png 300w, https:\/\/apuntesdesanluis.com\/wp-content\/uploads\/2024\/08\/lourdes-arrieta.png 621w\" sizes=\"(max-width: 630px) 100vw, 630px\" \/><\/h3>\n<h4 style=\"text-align: center;\"><em>Lourdes Micaela Arrieta.<\/em><\/h4>\n<h3>Tambi\u00e9n apuntaron contra Arrieta por su v\u00ednculo con el abogado Yamil Castro Bianchi, a quien vincularon con el bloque de Uni\u00f3n por la Patria a ra\u00edz de que fue quien hizo la denuncia contra Gerardo Milman por su presunto involucramiento en el atentado contra Cristina Kirchner.<\/h3>\n<h3>\u00a0\u201cEs sospechoso que la denuncia la ten\u00edan todos los de UxP antes que nosotros. Hay rumores muy fuertes de que un asesor de ella estuvo hablando con las autoridades de UxP\u201d, fueron algunos de los reproches que recibi\u00f3 Arrieta.<\/h3>\n<h3>Al ser increpada, y molesta porque no le daban la palabra para contestar, Arrieta empez\u00f3 a discutir a los gritos con Mayoraz y Bornoroni. Justamente a ra\u00edz de esos gritos ingresaron desde afuera el abogado de Arrieta y el padre de Roc\u00edo Bonacci (Jos\u00e9 Bonacci), la otra diputada apuntada por despegarse de la visita a Ezeiza.<\/h3>\n<h3>\u201cEl padre de Bonacci lo se\u00f1al\u00f3 a Mayoraz, porque pensaba que le estaba gritando a su hija. Luego otro de los presentes le recrimin\u00f3 que estaba amenazando a un diputado (a Mayoraz)\u201d, explic\u00f3 uno de los testigos, quien adem\u00e1s record\u00f3 que ambos mantienen un enfrentamiento pol\u00edtico desde hace a\u00f1os.<\/h3>\n<h3>En ese momento, ingres\u00f3 personal de seguridad y le recomend\u00f3 a Arrieta que esperara en otro lado. Los gritos se escucharon en los alrededores del Sal\u00f3n Blanco de la planta baja. La diputada se dirigi\u00f3 luego al destacamento policial de la C\u00e1mara de Diputados. All\u00ed la vieron otras diputadas de otro bloque, que reconocieron a Infobae que \u201cestaba con un ataque de nervios\u201d.<\/h3>\n<h3>\u201cEsta mina es una desquiciada\u201d, dijo una diputada en referencia a Arrieta y remarc\u00f3 sus sospechas por los v\u00ednculos entre su entorno y la bancada de Uni\u00f3n por la Patria. \u201cEs una maniobra del kirchnerismo para romper nuestro bloque\u201d, denunci\u00f3.<\/h3>\n<h3>Por estas horas, el malestar con Arrieta y Bonacci era evidente, pero no hab\u00eda consenso sobre cu\u00e1les son los pasos a seguir. Mientras algunos pretenden votar para expulsarlas del bloque, otros consideran que no pueden darse ese lujo. \u201cNecesitamos los votos\u201d, resumieron. La votaci\u00f3n propuesta por Lorena Villaverde para la expulsi\u00f3n finalmente qued\u00f3 para la semana que viene.<\/h3>\n<h3>En tanto, Arrieta y Bonacci por ahora se mantienen firmes en su pertenencia al espacio y aclaran que responden a Javier Milei. As\u00ed marcan la diferencia con el t\u00e1ndem Karina Milei-Mart\u00edn Menem.<\/h3>\n<p>&nbsp;<\/p>\n<p>&nbsp;<\/p>\n<p>&nbsp;<\/p>\n<p>&nbsp;<\/p>\n<p>&nbsp;<\/p>\n<p>&nbsp;<\/p>\n","protected":false},"excerpt":{"rendered":"<p>La \u00faltima reuni\u00f3n del bloque de diputados de La Libertad Avanza termin\u00f3 en esc\u00e1ndalo, entre&#8230;<\/p>\n","protected":false},"author":1,"featured_media":21163,"comment_status":"closed","ping_status":"closed","sticky":false,"template":"","format":"standard","meta":{"footnotes":""},"categories":[5],"tags":[],"class_list":["post-21162","post","type-post","status-publish","format-standard","has-post-thumbnail","hentry","category-nacionales-internacionales"],"yoast_head":"<!-- This site is optimized with the Yoast SEO plugin v26.1.1 - https:\/\/yoast.com\/wordpress\/plugins\/seo\/ -->\n<title>ARDE LA INTERNA LIBERTARIA: LA REUNI\u00d3N DEL BLOQUE TERMIN\u00d3 A LOS GRITOS Y ANALIZAN EXPULSAR A UNA DIPUTADA - Apuntes de San Luis<\/title>\n<meta name=\"robots\" content=\"index, follow, max-snippet:-1, max-image-preview:large, max-video-preview:-1\" \/>\n<link rel=\"canonical\" href=\"https:\/\/apuntesdesanluis.com\/index.php\/2024\/08\/21\/arde-la-interna-libertaria-la-reunion-del-bloque-termino-a-los-gritos-y-analizan-expulsar-a-una-diputada\/\" \/>\n<meta property=\"og:locale\" content=\"es_ES\" \/>\n<meta property=\"og:type\" content=\"article\" \/>\n<meta property=\"og:title\" content=\"ARDE LA INTERNA LIBERTARIA: LA REUNI\u00d3N DEL BLOQUE TERMIN\u00d3 A LOS GRITOS Y ANALIZAN EXPULSAR A UNA DIPUTADA - Apuntes de San Luis\" \/>\n<meta property=\"og:description\" content=\"La \u00faltima reuni\u00f3n del bloque de diputados de La Libertad Avanza termin\u00f3 en esc\u00e1ndalo, entre...\" \/>\n<meta property=\"og:url\" content=\"https:\/\/apuntesdesanluis.com\/index.php\/2024\/08\/21\/arde-la-interna-libertaria-la-reunion-del-bloque-termino-a-los-gritos-y-analizan-expulsar-a-una-diputada\/\" \/>\n<meta property=\"og:site_name\" content=\"Apuntes de San Luis\" \/>\n<meta property=\"article:published_time\" content=\"2024-08-22T02:44:59+00:00\" \/>\n<meta property=\"og:image\" content=\"https:\/\/apuntesdesanluis.com\/wp-content\/uploads\/2024\/08\/bloque-de-la-libertad-avanza.png\" \/>\n\t<meta property=\"og:image:width\" content=\"700\" \/>\n\t<meta property=\"og:image:height\" content=\"370\" \/>\n\t<meta property=\"og:image:type\" content=\"image\/png\" \/>\n<meta name=\"author\" content=\"apuntesdesanluis.com\" \/>\n<meta name=\"twitter:card\" content=\"summary_large_image\" \/>\n<meta name=\"twitter:label1\" content=\"Escrito por\" \/>\n\t<meta name=\"twitter:data1\" content=\"apuntesdesanluis.com\" \/>\n\t<meta name=\"twitter:label2\" content=\"Tiempo de lectura\" \/>\n\t<meta name=\"twitter:data2\" content=\"4 minutos\" \/>\n<script type=\"application\/ld+json\" class=\"yoast-schema-graph\">{\"@context\":\"https:\/\/schema.org\",\"@graph\":[{\"@type\":\"Article\",\"@id\":\"https:\/\/apuntesdesanluis.com\/index.php\/2024\/08\/21\/arde-la-interna-libertaria-la-reunion-del-bloque-termino-a-los-gritos-y-analizan-expulsar-a-una-diputada\/#article\",\"isPartOf\":{\"@id\":\"https:\/\/apuntesdesanluis.com\/index.php\/2024\/08\/21\/arde-la-interna-libertaria-la-reunion-del-bloque-termino-a-los-gritos-y-analizan-expulsar-a-una-diputada\/\"},\"author\":{\"name\":\"apuntesdesanluis.com\",\"@id\":\"https:\/\/apuntesdesanluis.com\/#\/schema\/person\/b55151d52296fcce64d1a72538a70b90\"},\"headline\":\"ARDE LA INTERNA LIBERTARIA: LA REUNI\u00d3N DEL BLOQUE TERMIN\u00d3 A LOS GRITOS Y ANALIZAN EXPULSAR A UNA DIPUTADA\",\"datePublished\":\"2024-08-22T02:44:59+00:00\",\"mainEntityOfPage\":{\"@id\":\"https:\/\/apuntesdesanluis.com\/index.php\/2024\/08\/21\/arde-la-interna-libertaria-la-reunion-del-bloque-termino-a-los-gritos-y-analizan-expulsar-a-una-diputada\/\"},\"wordCount\":671,\"publisher\":{\"@id\":\"https:\/\/apuntesdesanluis.com\/#\/schema\/person\/b55151d52296fcce64d1a72538a70b90\"},\"image\":{\"@id\":\"https:\/\/apuntesdesanluis.com\/index.php\/2024\/08\/21\/arde-la-interna-libertaria-la-reunion-del-bloque-termino-a-los-gritos-y-analizan-expulsar-a-una-diputada\/#primaryimage\"},\"thumbnailUrl\":\"https:\/\/apuntesdesanluis.com\/wp-content\/uploads\/2024\/08\/bloque-de-la-libertad-avanza.png\",\"articleSection\":[\"Nacionales\/Internacionales\"],\"inLanguage\":\"es-AR\"},{\"@type\":\"WebPage\",\"@id\":\"https:\/\/apuntesdesanluis.com\/index.php\/2024\/08\/21\/arde-la-interna-libertaria-la-reunion-del-bloque-termino-a-los-gritos-y-analizan-expulsar-a-una-diputada\/\",\"url\":\"https:\/\/apuntesdesanluis.com\/index.php\/2024\/08\/21\/arde-la-interna-libertaria-la-reunion-del-bloque-termino-a-los-gritos-y-analizan-expulsar-a-una-diputada\/\",\"name\":\"ARDE LA INTERNA LIBERTARIA: LA REUNI\u00d3N DEL BLOQUE TERMIN\u00d3 A LOS GRITOS Y ANALIZAN EXPULSAR A UNA DIPUTADA - Apuntes de San Luis\",\"isPartOf\":{\"@id\":\"https:\/\/apuntesdesanluis.com\/#website\"},\"primaryImageOfPage\":{\"@id\":\"https:\/\/apuntesdesanluis.com\/index.php\/2024\/08\/21\/arde-la-interna-libertaria-la-reunion-del-bloque-termino-a-los-gritos-y-analizan-expulsar-a-una-diputada\/#primaryimage\"},\"image\":{\"@id\":\"https:\/\/apuntesdesanluis.com\/index.php\/2024\/08\/21\/arde-la-interna-libertaria-la-reunion-del-bloque-termino-a-los-gritos-y-analizan-expulsar-a-una-diputada\/#primaryimage\"},\"thumbnailUrl\":\"https:\/\/apuntesdesanluis.com\/wp-content\/uploads\/2024\/08\/bloque-de-la-libertad-avanza.png\",\"datePublished\":\"2024-08-22T02:44:59+00:00\",\"breadcrumb\":{\"@id\":\"https:\/\/apuntesdesanluis.com\/index.php\/2024\/08\/21\/arde-la-interna-libertaria-la-reunion-del-bloque-termino-a-los-gritos-y-analizan-expulsar-a-una-diputada\/#breadcrumb\"},\"inLanguage\":\"es-AR\",\"potentialAction\":[{\"@type\":\"ReadAction\",\"target\":[\"https:\/\/apuntesdesanluis.com\/index.php\/2024\/08\/21\/arde-la-interna-libertaria-la-reunion-del-bloque-termino-a-los-gritos-y-analizan-expulsar-a-una-diputada\/\"]}]},{\"@type\":\"ImageObject\",\"inLanguage\":\"es-AR\",\"@id\":\"https:\/\/apuntesdesanluis.com\/index.php\/2024\/08\/21\/arde-la-interna-libertaria-la-reunion-del-bloque-termino-a-los-gritos-y-analizan-expulsar-a-una-diputada\/#primaryimage\",\"url\":\"https:\/\/apuntesdesanluis.com\/wp-content\/uploads\/2024\/08\/bloque-de-la-libertad-avanza.png\",\"contentUrl\":\"https:\/\/apuntesdesanluis.com\/wp-content\/uploads\/2024\/08\/bloque-de-la-libertad-avanza.png\",\"width\":700,\"height\":370},{\"@type\":\"BreadcrumbList\",\"@id\":\"https:\/\/apuntesdesanluis.com\/index.php\/2024\/08\/21\/arde-la-interna-libertaria-la-reunion-del-bloque-termino-a-los-gritos-y-analizan-expulsar-a-una-diputada\/#breadcrumb\",\"itemListElement\":[{\"@type\":\"ListItem\",\"position\":1,\"name\":\"Inicio\",\"item\":\"https:\/\/apuntesdesanluis.com\/\"},{\"@type\":\"ListItem\",\"position\":2,\"name\":\"ARDE LA INTERNA LIBERTARIA: LA REUNI\u00d3N DEL BLOQUE TERMIN\u00d3 A LOS GRITOS Y ANALIZAN EXPULSAR A UNA DIPUTADA\"}]},{\"@type\":\"WebSite\",\"@id\":\"https:\/\/apuntesdesanluis.com\/#website\",\"url\":\"https:\/\/apuntesdesanluis.com\/\",\"name\":\"Apuntes de San Luis\",\"description\":\"\",\"publisher\":{\"@id\":\"https:\/\/apuntesdesanluis.com\/#\/schema\/person\/b55151d52296fcce64d1a72538a70b90\"},\"potentialAction\":[{\"@type\":\"SearchAction\",\"target\":{\"@type\":\"EntryPoint\",\"urlTemplate\":\"https:\/\/apuntesdesanluis.com\/?s={search_term_string}\"},\"query-input\":{\"@type\":\"PropertyValueSpecification\",\"valueRequired\":true,\"valueName\":\"search_term_string\"}}],\"inLanguage\":\"es-AR\"},{\"@type\":[\"Person\",\"Organization\"],\"@id\":\"https:\/\/apuntesdesanluis.com\/#\/schema\/person\/b55151d52296fcce64d1a72538a70b90\",\"name\":\"apuntesdesanluis.com\",\"image\":{\"@type\":\"ImageObject\",\"inLanguage\":\"es-AR\",\"@id\":\"https:\/\/apuntesdesanluis.com\/#\/schema\/person\/image\/\",\"url\":\"https:\/\/apuntesdesanluis.com\/wp-content\/uploads\/2023\/07\/cropped-apuntesdesanluis.png\",\"contentUrl\":\"https:\/\/apuntesdesanluis.com\/wp-content\/uploads\/2023\/07\/cropped-apuntesdesanluis.png\",\"width\":450,\"height\":112,\"caption\":\"apuntesdesanluis.com\"},\"logo\":{\"@id\":\"https:\/\/apuntesdesanluis.com\/#\/schema\/person\/image\/\"},\"sameAs\":[\"https:\/\/apuntesdesanluis.com\"],\"url\":\"https:\/\/apuntesdesanluis.com\/index.php\/author\/apuntesdesanluis-com\/\"}]}<\/script>\n<!-- \/ Yoast SEO plugin. -->","yoast_head_json":{"title":"ARDE LA INTERNA LIBERTARIA: LA REUNI\u00d3N DEL BLOQUE TERMIN\u00d3 A LOS GRITOS Y ANALIZAN EXPULSAR A UNA DIPUTADA - Apuntes de San Luis","robots":{"index":"index","follow":"follow","max-snippet":"max-snippet:-1","max-image-preview":"max-image-preview:large","max-video-preview":"max-video-preview:-1"},"canonical":"https:\/\/apuntesdesanluis.com\/index.php\/2024\/08\/21\/arde-la-interna-libertaria-la-reunion-del-bloque-termino-a-los-gritos-y-analizan-expulsar-a-una-diputada\/","og_locale":"es_ES","og_type":"article","og_title":"ARDE LA INTERNA LIBERTARIA: LA REUNI\u00d3N DEL BLOQUE TERMIN\u00d3 A LOS GRITOS Y ANALIZAN EXPULSAR A UNA DIPUTADA - Apuntes de San Luis","og_description":"La \u00faltima reuni\u00f3n del bloque de diputados de La Libertad Avanza termin\u00f3 en esc\u00e1ndalo, entre...","og_url":"https:\/\/apuntesdesanluis.com\/index.php\/2024\/08\/21\/arde-la-interna-libertaria-la-reunion-del-bloque-termino-a-los-gritos-y-analizan-expulsar-a-una-diputada\/","og_site_name":"Apuntes de San Luis","article_published_time":"2024-08-22T02:44:59+00:00","og_image":[{"width":700,"height":370,"url":"https:\/\/apuntesdesanluis.com\/wp-content\/uploads\/2024\/08\/bloque-de-la-libertad-avanza.png","type":"image\/png"}],"author":"apuntesdesanluis.com","twitter_card":"summary_large_image","twitter_misc":{"Escrito por":"apuntesdesanluis.com","Tiempo de lectura":"4 minutos"},"schema":{"@context":"https:\/\/schema.org","@graph":[{"@type":"Article","@id":"https:\/\/apuntesdesanluis.com\/index.php\/2024\/08\/21\/arde-la-interna-libertaria-la-reunion-del-bloque-termino-a-los-gritos-y-analizan-expulsar-a-una-diputada\/#article","isPartOf":{"@id":"https:\/\/apuntesdesanluis.com\/index.php\/2024\/08\/21\/arde-la-interna-libertaria-la-reunion-del-bloque-termino-a-los-gritos-y-analizan-expulsar-a-una-diputada\/"},"author":{"name":"apuntesdesanluis.com","@id":"https:\/\/apuntesdesanluis.com\/#\/schema\/person\/b55151d52296fcce64d1a72538a70b90"},"headline":"ARDE LA INTERNA LIBERTARIA: LA REUNI\u00d3N DEL BLOQUE TERMIN\u00d3 A LOS GRITOS Y ANALIZAN EXPULSAR A UNA DIPUTADA","datePublished":"2024-08-22T02:44:59+00:00","mainEntityOfPage":{"@id":"https:\/\/apuntesdesanluis.com\/index.php\/2024\/08\/21\/arde-la-interna-libertaria-la-reunion-del-bloque-termino-a-los-gritos-y-analizan-expulsar-a-una-diputada\/"},"wordCount":671,"publisher":{"@id":"https:\/\/apuntesdesanluis.com\/#\/schema\/person\/b55151d52296fcce64d1a72538a70b90"},"image":{"@id":"https:\/\/apuntesdesanluis.com\/index.php\/2024\/08\/21\/arde-la-interna-libertaria-la-reunion-del-bloque-termino-a-los-gritos-y-analizan-expulsar-a-una-diputada\/#primaryimage"},"thumbnailUrl":"https:\/\/apuntesdesanluis.com\/wp-content\/uploads\/2024\/08\/bloque-de-la-libertad-avanza.png","articleSection":["Nacionales\/Internacionales"],"inLanguage":"es-AR"},{"@type":"WebPage","@id":"https:\/\/apuntesdesanluis.com\/index.php\/2024\/08\/21\/arde-la-interna-libertaria-la-reunion-del-bloque-termino-a-los-gritos-y-analizan-expulsar-a-una-diputada\/","url":"https:\/\/apuntesdesanluis.com\/index.php\/2024\/08\/21\/arde-la-interna-libertaria-la-reunion-del-bloque-termino-a-los-gritos-y-analizan-expulsar-a-una-diputada\/","name":"ARDE LA INTERNA LIBERTARIA: LA REUNI\u00d3N DEL BLOQUE TERMIN\u00d3 A LOS GRITOS Y ANALIZAN EXPULSAR A UNA DIPUTADA - Apuntes de San Luis","isPartOf":{"@id":"https:\/\/apuntesdesanluis.com\/#website"},"primaryImageOfPage":{"@id":"https:\/\/apuntesdesanluis.com\/index.php\/2024\/08\/21\/arde-la-interna-libertaria-la-reunion-del-bloque-termino-a-los-gritos-y-analizan-expulsar-a-una-diputada\/#primaryimage"},"image":{"@id":"https:\/\/apuntesdesanluis.com\/index.php\/2024\/08\/21\/arde-la-interna-libertaria-la-reunion-del-bloque-termino-a-los-gritos-y-analizan-expulsar-a-una-diputada\/#primaryimage"},"thumbnailUrl":"https:\/\/apuntesdesanluis.com\/wp-content\/uploads\/2024\/08\/bloque-de-la-libertad-avanza.png","datePublished":"2024-08-22T02:44:59+00:00","breadcrumb":{"@id":"https:\/\/apuntesdesanluis.com\/index.php\/2024\/08\/21\/arde-la-interna-libertaria-la-reunion-del-bloque-termino-a-los-gritos-y-analizan-expulsar-a-una-diputada\/#breadcrumb"},"inLanguage":"es-AR","potentialAction":[{"@type":"ReadAction","target":["https:\/\/apuntesdesanluis.com\/index.php\/2024\/08\/21\/arde-la-interna-libertaria-la-reunion-del-bloque-termino-a-los-gritos-y-analizan-expulsar-a-una-diputada\/"]}]},{"@type":"ImageObject","inLanguage":"es-AR","@id":"https:\/\/apuntesdesanluis.com\/index.php\/2024\/08\/21\/arde-la-interna-libertaria-la-reunion-del-bloque-termino-a-los-gritos-y-analizan-expulsar-a-una-diputada\/#primaryimage","url":"https:\/\/apuntesdesanluis.com\/wp-content\/uploads\/2024\/08\/bloque-de-la-libertad-avanza.png","contentUrl":"https:\/\/apuntesdesanluis.com\/wp-content\/uploads\/2024\/08\/bloque-de-la-libertad-avanza.png","width":700,"height":370},{"@type":"BreadcrumbList","@id":"https:\/\/apuntesdesanluis.com\/index.php\/2024\/08\/21\/arde-la-interna-libertaria-la-reunion-del-bloque-termino-a-los-gritos-y-analizan-expulsar-a-una-diputada\/#breadcrumb","itemListElement":[{"@type":"ListItem","position":1,"name":"Inicio","item":"https:\/\/apuntesdesanluis.com\/"},{"@type":"ListItem","position":2,"name":"ARDE LA INTERNA LIBERTARIA: LA REUNI\u00d3N DEL BLOQUE TERMIN\u00d3 A LOS GRITOS Y ANALIZAN EXPULSAR A UNA DIPUTADA"}]},{"@type":"WebSite","@id":"https:\/\/apuntesdesanluis.com\/#website","url":"https:\/\/apuntesdesanluis.com\/","name":"Apuntes de San Luis","description":"","publisher":{"@id":"https:\/\/apuntesdesanluis.com\/#\/schema\/person\/b55151d52296fcce64d1a72538a70b90"},"potentialAction":[{"@type":"SearchAction","target":{"@type":"EntryPoint","urlTemplate":"https:\/\/apuntesdesanluis.com\/?s={search_term_string}"},"query-input":{"@type":"PropertyValueSpecification","valueRequired":true,"valueName":"search_term_string"}}],"inLanguage":"es-AR"},{"@type":["Person","Organization"],"@id":"https:\/\/apuntesdesanluis.com\/#\/schema\/person\/b55151d52296fcce64d1a72538a70b90","name":"apuntesdesanluis.com","image":{"@type":"ImageObject","inLanguage":"es-AR","@id":"https:\/\/apuntesdesanluis.com\/#\/schema\/person\/image\/","url":"https:\/\/apuntesdesanluis.com\/wp-content\/uploads\/2023\/07\/cropped-apuntesdesanluis.png","contentUrl":"https:\/\/apuntesdesanluis.com\/wp-content\/uploads\/2023\/07\/cropped-apuntesdesanluis.png","width":450,"height":112,"caption":"apuntesdesanluis.com"},"logo":{"@id":"https:\/\/apuntesdesanluis.com\/#\/schema\/person\/image\/"},"sameAs":["https:\/\/apuntesdesanluis.com"],"url":"https:\/\/apuntesdesanluis.com\/index.php\/author\/apuntesdesanluis-com\/"}]}},"featured_image_urls":{"full":["https:\/\/apuntesdesanluis.com\/wp-content\/uploads\/2024\/08\/bloque-de-la-libertad-avanza.png",700,370,false],"thumbnail":["https:\/\/apuntesdesanluis.com\/wp-content\/uploads\/2024\/08\/bloque-de-la-libertad-avanza-150x150.png",150,150,true],"medium":["https:\/\/apuntesdesanluis.com\/wp-content\/uploads\/2024\/08\/bloque-de-la-libertad-avanza-300x159.png",300,159,true],"medium_large":["https:\/\/apuntesdesanluis.com\/wp-content\/uploads\/2024\/08\/bloque-de-la-libertad-avanza.png",640,338,false],"large":["https:\/\/apuntesdesanluis.com\/wp-content\/uploads\/2024\/08\/bloque-de-la-libertad-avanza.png",640,338,false],"1536x1536":["https:\/\/apuntesdesanluis.com\/wp-content\/uploads\/2024\/08\/bloque-de-la-libertad-avanza.png",700,370,false],"2048x2048":["https:\/\/apuntesdesanluis.com\/wp-content\/uploads\/2024\/08\/bloque-de-la-libertad-avanza.png",700,370,false],"newsever-slider-full":["https:\/\/apuntesdesanluis.com\/wp-content\/uploads\/2024\/08\/bloque-de-la-libertad-avanza.png",700,370,false],"newsever-featured":["https:\/\/apuntesdesanluis.com\/wp-content\/uploads\/2024\/08\/bloque-de-la-libertad-avanza.png",700,370,false],"newsever-medium":["https:\/\/apuntesdesanluis.com\/wp-content\/uploads\/2024\/08\/bloque-de-la-libertad-avanza.png",700,370,false]},"author_info":{"display_name":"apuntesdesanluis.com","author_link":"https:\/\/apuntesdesanluis.com\/index.php\/author\/apuntesdesanluis-com\/"},"category_info":"<a href=\"https:\/\/apuntesdesanluis.com\/index.php\/category\/nacionales-internacionales\/\" rel=\"category tag\">Nacionales\/Internacionales<\/a>","tag_info":"Nacionales\/Internacionales","comment_count":"0","_links":{"self":[{"href":"https:\/\/apuntesdesanluis.com\/index.php\/wp-json\/wp\/v2\/posts\/21162","targetHints":{"allow":["GET"]}}],"collection":[{"href":"https:\/\/apuntesdesanluis.com\/index.php\/wp-json\/wp\/v2\/posts"}],"about":[{"href":"https:\/\/apuntesdesanluis.com\/index.php\/wp-json\/wp\/v2\/types\/post"}],"author":[{"embeddable":true,"href":"https:\/\/apuntesdesanluis.com\/index.php\/wp-json\/wp\/v2\/users\/1"}],"replies":[{"embeddable":true,"href":"https:\/\/apuntesdesanluis.com\/index.php\/wp-json\/wp\/v2\/comments?post=21162"}],"version-history":[{"count":1,"href":"https:\/\/apuntesdesanluis.com\/index.php\/wp-json\/wp\/v2\/posts\/21162\/revisions"}],"predecessor-version":[{"id":21165,"href":"https:\/\/apuntesdesanluis.com\/index.php\/wp-json\/wp\/v2\/posts\/21162\/revisions\/21165"}],"wp:featuredmedia":[{"embeddable":true,"href":"https:\/\/apuntesdesanluis.com\/index.php\/wp-json\/wp\/v2\/media\/21163"}],"wp:attachment":[{"href":"https:\/\/apuntesdesanluis.com\/index.php\/wp-json\/wp\/v2\/media?parent=21162"}],"wp:term":[{"taxonomy":"category","embeddable":true,"href":"https:\/\/apuntesdesanluis.com\/index.php\/wp-json\/wp\/v2\/categories?post=21162"},{"taxonomy":"post_tag","embeddable":true,"href":"https:\/\/apuntesdesanluis.com\/index.php\/wp-json\/wp\/v2\/tags?post=21162"}],"curies":[{"name":"wp","href":"https:\/\/api.w.org\/{rel}","templated":true}]}}