{"id":21166,"date":"2024-08-21T23:48:44","date_gmt":"2024-08-22T02:48:44","guid":{"rendered":"https:\/\/apuntesdesanluis.com\/?p=21166"},"modified":"2024-08-21T23:48:44","modified_gmt":"2024-08-22T02:48:44","slug":"el-estado-ya-no-tendra-la-obligacion-de-contratar-empresas-publicas","status":"publish","type":"post","link":"https:\/\/apuntesdesanluis.com\/index.php\/2024\/08\/21\/el-estado-ya-no-tendra-la-obligacion-de-contratar-empresas-publicas\/","title":{"rendered":"EL ESTADO YA NO TENDR\u00c1 LA OBLIGACI\u00d3N DE CONTRATAR EMPRESAS P\u00daBLICAS"},"content":{"rendered":"<h3>El Gobierno nacional derog\u00f3 una serie de decretos que obligaban al Estado nacional a contratar empresas p\u00fablicas para sus servicios, una derivaci\u00f3n de la causa en la que se investiga al ex presidente, Albert Fern\u00e1ndez por el esc\u00e1ndalo de los seguros.<\/h3>\n<h3>Lo hizo a trav\u00e9s del decreto 747\/24 publicado este mi\u00e9rcoles en el Bolet\u00edn Oficial.<\/h3>\n<h3>El ministro de Desregulaci\u00f3n, <strong>Federico Sturzenegger<\/strong>, explic\u00f3 que \u201cel decreto deroga los decretos 1187\/12, 1189\/12, 1191\/12 y 823\/21, eliminando los privilegios de Naci\u00f3n Seguros, YPF, Banco Naci\u00f3n y Optar en las contrataciones p\u00fablicas\u201d.<\/h3>\n<h3>\u201cLas empresas p\u00fablicas deben servir a los ciudadanos y no servirse de ellos. Si estos privilegios a su vez serv\u00edan para anidar corrupci\u00f3n o mantener a una casta pol\u00edtica deben ser desterrados\u201d, afirm\u00f3.<\/h3>\n<h3>\u201cSe deroga el nefasto Decreto 853\/23 que obligaba a comprarle los seguros a Naci\u00f3n Seguros. Tan grotesco era el sistema que se contrataba a un \u201cbroker\u201d para que logre una contrataci\u00f3n que era obligatoria por ley\u201d.<\/h3>\n<h3>\u201cEl Decreto 1191\/12 obligaba a comprar los pasajes con la unidad b\u00e1sica camporista de Optar SA. El Decreto 1187\/12 que obligaba a los empleados p\u00fablicos a cobrar los sueldos en el Banco Naci\u00f3n impidiendo un ingreso por la gesti\u00f3n de esas cuentas que es un ahorro para el Estado, y el Decreto 1189\/12 que obligaba a comprar combustible a YPF sin que el Estado pudiera compulsar precios m\u00e1s baratos\u201d.<\/h3>\n<h3>\u201cTodos estos decretos implicaban una transferencia de recursos del contribuyente a estas empresas. Eso se acab\u00f3\u201d, concluy\u00f3 el funcionario.<\/h3>\n<h3>Entre los fundamentos se se\u00f1al\u00f3 que \u201cmediante el Decreto N\u00b0 70\/23 se declar\u00f3 la emergencia p\u00fablica en materia econ\u00f3mica, financiera, fiscal y administrativa, entre otras, hasta el 31 de diciembre de 2025 y se dispuso un programa general de desregulaci\u00f3n de la econom\u00eda a trav\u00e9s de la eliminaci\u00f3n de barreras y restricciones estatales que impiden su normal desarrollo\u201d.<\/h3>\n<h3>El art\u00edculo 50 de ese decretoestableci\u00f3 que \u201clas empresas en las que el Estado Nacional sea parte accionista no gozar\u00e1n de ninguna prerrogativa de derecho p\u00fablico ni podr\u00e1 el mismo disponer ventajas en la contrataci\u00f3n o en la compra de bienes y servicios, ni priorizar u otorgar beneficios de ning\u00fan tipo, alcance o car\u00e1cter en ninguna relaci\u00f3n jur\u00eddica en la que intervenga\u201d.<\/h3>\n<p>&nbsp;<\/p>\n<p>&nbsp;<\/p>\n<p>&nbsp;<\/p>\n<p>&nbsp;<\/p>\n<p>&nbsp;<\/p>\n<p>&nbsp;<\/p>\n<p>&nbsp;<\/p>\n","protected":false},"excerpt":{"rendered":"<p>El Gobierno nacional derog\u00f3 una serie de decretos que obligaban al Estado nacional a contratar&#8230;<\/p>\n","protected":false},"author":1,"featured_media":21167,"comment_status":"closed","ping_status":"closed","sticky":false,"template":"","format":"standard","meta":{"footnotes":""},"categories":[5],"tags":[],"class_list":["post-21166","post","type-post","status-publish","format-standard","has-post-thumbnail","hentry","category-nacionales-internacionales"],"yoast_head":"<!-- This site is optimized with the Yoast SEO plugin v26.1.1 - https:\/\/yoast.com\/wordpress\/plugins\/seo\/ -->\n<title>EL ESTADO YA NO TENDR\u00c1 LA OBLIGACI\u00d3N DE CONTRATAR EMPRESAS P\u00daBLICAS - Apuntes de San Luis<\/title>\n<meta name=\"robots\" content=\"index, follow, max-snippet:-1, max-image-preview:large, max-video-preview:-1\" \/>\n<link rel=\"canonical\" href=\"https:\/\/apuntesdesanluis.com\/index.php\/2024\/08\/21\/el-estado-ya-no-tendra-la-obligacion-de-contratar-empresas-publicas\/\" \/>\n<meta property=\"og:locale\" content=\"es_ES\" \/>\n<meta property=\"og:type\" content=\"article\" \/>\n<meta property=\"og:title\" content=\"EL ESTADO YA NO TENDR\u00c1 LA OBLIGACI\u00d3N DE CONTRATAR EMPRESAS P\u00daBLICAS - Apuntes de San Luis\" \/>\n<meta property=\"og:description\" content=\"El Gobierno nacional derog\u00f3 una serie de decretos que obligaban al Estado nacional a contratar...\" \/>\n<meta property=\"og:url\" content=\"https:\/\/apuntesdesanluis.com\/index.php\/2024\/08\/21\/el-estado-ya-no-tendra-la-obligacion-de-contratar-empresas-publicas\/\" \/>\n<meta property=\"og:site_name\" content=\"Apuntes de San Luis\" \/>\n<meta property=\"article:published_time\" content=\"2024-08-22T02:48:44+00:00\" \/>\n<meta property=\"og:image\" content=\"https:\/\/apuntesdesanluis.com\/wp-content\/uploads\/2024\/08\/sturzenegguer.png\" \/>\n\t<meta property=\"og:image:width\" content=\"700\" \/>\n\t<meta property=\"og:image:height\" content=\"445\" \/>\n\t<meta property=\"og:image:type\" content=\"image\/png\" \/>\n<meta name=\"author\" content=\"apuntesdesanluis.com\" \/>\n<meta name=\"twitter:card\" content=\"summary_large_image\" \/>\n<meta name=\"twitter:label1\" content=\"Escrito por\" \/>\n\t<meta name=\"twitter:data1\" content=\"apuntesdesanluis.com\" \/>\n\t<meta name=\"twitter:label2\" content=\"Tiempo de lectura\" \/>\n\t<meta name=\"twitter:data2\" content=\"2 minutos\" \/>\n<script type=\"application\/ld+json\" class=\"yoast-schema-graph\">{\"@context\":\"https:\/\/schema.org\",\"@graph\":[{\"@type\":\"Article\",\"@id\":\"https:\/\/apuntesdesanluis.com\/index.php\/2024\/08\/21\/el-estado-ya-no-tendra-la-obligacion-de-contratar-empresas-publicas\/#article\",\"isPartOf\":{\"@id\":\"https:\/\/apuntesdesanluis.com\/index.php\/2024\/08\/21\/el-estado-ya-no-tendra-la-obligacion-de-contratar-empresas-publicas\/\"},\"author\":{\"name\":\"apuntesdesanluis.com\",\"@id\":\"https:\/\/apuntesdesanluis.com\/#\/schema\/person\/b55151d52296fcce64d1a72538a70b90\"},\"headline\":\"EL ESTADO YA NO TENDR\u00c1 LA OBLIGACI\u00d3N DE CONTRATAR EMPRESAS P\u00daBLICAS\",\"datePublished\":\"2024-08-22T02:48:44+00:00\",\"mainEntityOfPage\":{\"@id\":\"https:\/\/apuntesdesanluis.com\/index.php\/2024\/08\/21\/el-estado-ya-no-tendra-la-obligacion-de-contratar-empresas-publicas\/\"},\"wordCount\":409,\"publisher\":{\"@id\":\"https:\/\/apuntesdesanluis.com\/#\/schema\/person\/b55151d52296fcce64d1a72538a70b90\"},\"image\":{\"@id\":\"https:\/\/apuntesdesanluis.com\/index.php\/2024\/08\/21\/el-estado-ya-no-tendra-la-obligacion-de-contratar-empresas-publicas\/#primaryimage\"},\"thumbnailUrl\":\"https:\/\/apuntesdesanluis.com\/wp-content\/uploads\/2024\/08\/sturzenegguer.png\",\"articleSection\":[\"Nacionales\/Internacionales\"],\"inLanguage\":\"es-AR\"},{\"@type\":\"WebPage\",\"@id\":\"https:\/\/apuntesdesanluis.com\/index.php\/2024\/08\/21\/el-estado-ya-no-tendra-la-obligacion-de-contratar-empresas-publicas\/\",\"url\":\"https:\/\/apuntesdesanluis.com\/index.php\/2024\/08\/21\/el-estado-ya-no-tendra-la-obligacion-de-contratar-empresas-publicas\/\",\"name\":\"EL ESTADO YA NO TENDR\u00c1 LA OBLIGACI\u00d3N DE CONTRATAR EMPRESAS P\u00daBLICAS - Apuntes de San Luis\",\"isPartOf\":{\"@id\":\"https:\/\/apuntesdesanluis.com\/#website\"},\"primaryImageOfPage\":{\"@id\":\"https:\/\/apuntesdesanluis.com\/index.php\/2024\/08\/21\/el-estado-ya-no-tendra-la-obligacion-de-contratar-empresas-publicas\/#primaryimage\"},\"image\":{\"@id\":\"https:\/\/apuntesdesanluis.com\/index.php\/2024\/08\/21\/el-estado-ya-no-tendra-la-obligacion-de-contratar-empresas-publicas\/#primaryimage\"},\"thumbnailUrl\":\"https:\/\/apuntesdesanluis.com\/wp-content\/uploads\/2024\/08\/sturzenegguer.png\",\"datePublished\":\"2024-08-22T02:48:44+00:00\",\"breadcrumb\":{\"@id\":\"https:\/\/apuntesdesanluis.com\/index.php\/2024\/08\/21\/el-estado-ya-no-tendra-la-obligacion-de-contratar-empresas-publicas\/#breadcrumb\"},\"inLanguage\":\"es-AR\",\"potentialAction\":[{\"@type\":\"ReadAction\",\"target\":[\"https:\/\/apuntesdesanluis.com\/index.php\/2024\/08\/21\/el-estado-ya-no-tendra-la-obligacion-de-contratar-empresas-publicas\/\"]}]},{\"@type\":\"ImageObject\",\"inLanguage\":\"es-AR\",\"@id\":\"https:\/\/apuntesdesanluis.com\/index.php\/2024\/08\/21\/el-estado-ya-no-tendra-la-obligacion-de-contratar-empresas-publicas\/#primaryimage\",\"url\":\"https:\/\/apuntesdesanluis.com\/wp-content\/uploads\/2024\/08\/sturzenegguer.png\",\"contentUrl\":\"https:\/\/apuntesdesanluis.com\/wp-content\/uploads\/2024\/08\/sturzenegguer.png\",\"width\":700,\"height\":445},{\"@type\":\"BreadcrumbList\",\"@id\":\"https:\/\/apuntesdesanluis.com\/index.php\/2024\/08\/21\/el-estado-ya-no-tendra-la-obligacion-de-contratar-empresas-publicas\/#breadcrumb\",\"itemListElement\":[{\"@type\":\"ListItem\",\"position\":1,\"name\":\"Inicio\",\"item\":\"https:\/\/apuntesdesanluis.com\/\"},{\"@type\":\"ListItem\",\"position\":2,\"name\":\"EL ESTADO YA NO TENDR\u00c1 LA OBLIGACI\u00d3N DE CONTRATAR EMPRESAS P\u00daBLICAS\"}]},{\"@type\":\"WebSite\",\"@id\":\"https:\/\/apuntesdesanluis.com\/#website\",\"url\":\"https:\/\/apuntesdesanluis.com\/\",\"name\":\"Apuntes de San Luis\",\"description\":\"\",\"publisher\":{\"@id\":\"https:\/\/apuntesdesanluis.com\/#\/schema\/person\/b55151d52296fcce64d1a72538a70b90\"},\"potentialAction\":[{\"@type\":\"SearchAction\",\"target\":{\"@type\":\"EntryPoint\",\"urlTemplate\":\"https:\/\/apuntesdesanluis.com\/?s={search_term_string}\"},\"query-input\":{\"@type\":\"PropertyValueSpecification\",\"valueRequired\":true,\"valueName\":\"search_term_string\"}}],\"inLanguage\":\"es-AR\"},{\"@type\":[\"Person\",\"Organization\"],\"@id\":\"https:\/\/apuntesdesanluis.com\/#\/schema\/person\/b55151d52296fcce64d1a72538a70b90\",\"name\":\"apuntesdesanluis.com\",\"image\":{\"@type\":\"ImageObject\",\"inLanguage\":\"es-AR\",\"@id\":\"https:\/\/apuntesdesanluis.com\/#\/schema\/person\/image\/\",\"url\":\"https:\/\/apuntesdesanluis.com\/wp-content\/uploads\/2023\/07\/cropped-apuntesdesanluis.png\",\"contentUrl\":\"https:\/\/apuntesdesanluis.com\/wp-content\/uploads\/2023\/07\/cropped-apuntesdesanluis.png\",\"width\":450,\"height\":112,\"caption\":\"apuntesdesanluis.com\"},\"logo\":{\"@id\":\"https:\/\/apuntesdesanluis.com\/#\/schema\/person\/image\/\"},\"sameAs\":[\"https:\/\/apuntesdesanluis.com\"],\"url\":\"https:\/\/apuntesdesanluis.com\/index.php\/author\/apuntesdesanluis-com\/\"}]}<\/script>\n<!-- \/ Yoast SEO plugin. -->","yoast_head_json":{"title":"EL ESTADO YA NO TENDR\u00c1 LA OBLIGACI\u00d3N DE CONTRATAR EMPRESAS P\u00daBLICAS - Apuntes de San Luis","robots":{"index":"index","follow":"follow","max-snippet":"max-snippet:-1","max-image-preview":"max-image-preview:large","max-video-preview":"max-video-preview:-1"},"canonical":"https:\/\/apuntesdesanluis.com\/index.php\/2024\/08\/21\/el-estado-ya-no-tendra-la-obligacion-de-contratar-empresas-publicas\/","og_locale":"es_ES","og_type":"article","og_title":"EL ESTADO YA NO TENDR\u00c1 LA OBLIGACI\u00d3N DE CONTRATAR EMPRESAS P\u00daBLICAS - Apuntes de San Luis","og_description":"El Gobierno nacional derog\u00f3 una serie de decretos que obligaban al Estado nacional a contratar...","og_url":"https:\/\/apuntesdesanluis.com\/index.php\/2024\/08\/21\/el-estado-ya-no-tendra-la-obligacion-de-contratar-empresas-publicas\/","og_site_name":"Apuntes de San Luis","article_published_time":"2024-08-22T02:48:44+00:00","og_image":[{"width":700,"height":445,"url":"https:\/\/apuntesdesanluis.com\/wp-content\/uploads\/2024\/08\/sturzenegguer.png","type":"image\/png"}],"author":"apuntesdesanluis.com","twitter_card":"summary_large_image","twitter_misc":{"Escrito por":"apuntesdesanluis.com","Tiempo de lectura":"2 minutos"},"schema":{"@context":"https:\/\/schema.org","@graph":[{"@type":"Article","@id":"https:\/\/apuntesdesanluis.com\/index.php\/2024\/08\/21\/el-estado-ya-no-tendra-la-obligacion-de-contratar-empresas-publicas\/#article","isPartOf":{"@id":"https:\/\/apuntesdesanluis.com\/index.php\/2024\/08\/21\/el-estado-ya-no-tendra-la-obligacion-de-contratar-empresas-publicas\/"},"author":{"name":"apuntesdesanluis.com","@id":"https:\/\/apuntesdesanluis.com\/#\/schema\/person\/b55151d52296fcce64d1a72538a70b90"},"headline":"EL ESTADO YA NO TENDR\u00c1 LA OBLIGACI\u00d3N DE CONTRATAR EMPRESAS P\u00daBLICAS","datePublished":"2024-08-22T02:48:44+00:00","mainEntityOfPage":{"@id":"https:\/\/apuntesdesanluis.com\/index.php\/2024\/08\/21\/el-estado-ya-no-tendra-la-obligacion-de-contratar-empresas-publicas\/"},"wordCount":409,"publisher":{"@id":"https:\/\/apuntesdesanluis.com\/#\/schema\/person\/b55151d52296fcce64d1a72538a70b90"},"image":{"@id":"https:\/\/apuntesdesanluis.com\/index.php\/2024\/08\/21\/el-estado-ya-no-tendra-la-obligacion-de-contratar-empresas-publicas\/#primaryimage"},"thumbnailUrl":"https:\/\/apuntesdesanluis.com\/wp-content\/uploads\/2024\/08\/sturzenegguer.png","articleSection":["Nacionales\/Internacionales"],"inLanguage":"es-AR"},{"@type":"WebPage","@id":"https:\/\/apuntesdesanluis.com\/index.php\/2024\/08\/21\/el-estado-ya-no-tendra-la-obligacion-de-contratar-empresas-publicas\/","url":"https:\/\/apuntesdesanluis.com\/index.php\/2024\/08\/21\/el-estado-ya-no-tendra-la-obligacion-de-contratar-empresas-publicas\/","name":"EL ESTADO YA NO TENDR\u00c1 LA OBLIGACI\u00d3N DE CONTRATAR EMPRESAS P\u00daBLICAS - Apuntes de San Luis","isPartOf":{"@id":"https:\/\/apuntesdesanluis.com\/#website"},"primaryImageOfPage":{"@id":"https:\/\/apuntesdesanluis.com\/index.php\/2024\/08\/21\/el-estado-ya-no-tendra-la-obligacion-de-contratar-empresas-publicas\/#primaryimage"},"image":{"@id":"https:\/\/apuntesdesanluis.com\/index.php\/2024\/08\/21\/el-estado-ya-no-tendra-la-obligacion-de-contratar-empresas-publicas\/#primaryimage"},"thumbnailUrl":"https:\/\/apuntesdesanluis.com\/wp-content\/uploads\/2024\/08\/sturzenegguer.png","datePublished":"2024-08-22T02:48:44+00:00","breadcrumb":{"@id":"https:\/\/apuntesdesanluis.com\/index.php\/2024\/08\/21\/el-estado-ya-no-tendra-la-obligacion-de-contratar-empresas-publicas\/#breadcrumb"},"inLanguage":"es-AR","potentialAction":[{"@type":"ReadAction","target":["https:\/\/apuntesdesanluis.com\/index.php\/2024\/08\/21\/el-estado-ya-no-tendra-la-obligacion-de-contratar-empresas-publicas\/"]}]},{"@type":"ImageObject","inLanguage":"es-AR","@id":"https:\/\/apuntesdesanluis.com\/index.php\/2024\/08\/21\/el-estado-ya-no-tendra-la-obligacion-de-contratar-empresas-publicas\/#primaryimage","url":"https:\/\/apuntesdesanluis.com\/wp-content\/uploads\/2024\/08\/sturzenegguer.png","contentUrl":"https:\/\/apuntesdesanluis.com\/wp-content\/uploads\/2024\/08\/sturzenegguer.png","width":700,"height":445},{"@type":"BreadcrumbList","@id":"https:\/\/apuntesdesanluis.com\/index.php\/2024\/08\/21\/el-estado-ya-no-tendra-la-obligacion-de-contratar-empresas-publicas\/#breadcrumb","itemListElement":[{"@type":"ListItem","position":1,"name":"Inicio","item":"https:\/\/apuntesdesanluis.com\/"},{"@type":"ListItem","position":2,"name":"EL ESTADO YA NO TENDR\u00c1 LA OBLIGACI\u00d3N DE CONTRATAR EMPRESAS P\u00daBLICAS"}]},{"@type":"WebSite","@id":"https:\/\/apuntesdesanluis.com\/#website","url":"https:\/\/apuntesdesanluis.com\/","name":"Apuntes de San Luis","description":"","publisher":{"@id":"https:\/\/apuntesdesanluis.com\/#\/schema\/person\/b55151d52296fcce64d1a72538a70b90"},"potentialAction":[{"@type":"SearchAction","target":{"@type":"EntryPoint","urlTemplate":"https:\/\/apuntesdesanluis.com\/?s={search_term_string}"},"query-input":{"@type":"PropertyValueSpecification","valueRequired":true,"valueName":"search_term_string"}}],"inLanguage":"es-AR"},{"@type":["Person","Organization"],"@id":"https:\/\/apuntesdesanluis.com\/#\/schema\/person\/b55151d52296fcce64d1a72538a70b90","name":"apuntesdesanluis.com","image":{"@type":"ImageObject","inLanguage":"es-AR","@id":"https:\/\/apuntesdesanluis.com\/#\/schema\/person\/image\/","url":"https:\/\/apuntesdesanluis.com\/wp-content\/uploads\/2023\/07\/cropped-apuntesdesanluis.png","contentUrl":"https:\/\/apuntesdesanluis.com\/wp-content\/uploads\/2023\/07\/cropped-apuntesdesanluis.png","width":450,"height":112,"caption":"apuntesdesanluis.com"},"logo":{"@id":"https:\/\/apuntesdesanluis.com\/#\/schema\/person\/image\/"},"sameAs":["https:\/\/apuntesdesanluis.com"],"url":"https:\/\/apuntesdesanluis.com\/index.php\/author\/apuntesdesanluis-com\/"}]}},"featured_image_urls":{"full":["https:\/\/apuntesdesanluis.com\/wp-content\/uploads\/2024\/08\/sturzenegguer.png",700,445,false],"thumbnail":["https:\/\/apuntesdesanluis.com\/wp-content\/uploads\/2024\/08\/sturzenegguer-150x150.png",150,150,true],"medium":["https:\/\/apuntesdesanluis.com\/wp-content\/uploads\/2024\/08\/sturzenegguer-300x191.png",300,191,true],"medium_large":["https:\/\/apuntesdesanluis.com\/wp-content\/uploads\/2024\/08\/sturzenegguer.png",640,407,false],"large":["https:\/\/apuntesdesanluis.com\/wp-content\/uploads\/2024\/08\/sturzenegguer.png",640,407,false],"1536x1536":["https:\/\/apuntesdesanluis.com\/wp-content\/uploads\/2024\/08\/sturzenegguer.png",700,445,false],"2048x2048":["https:\/\/apuntesdesanluis.com\/wp-content\/uploads\/2024\/08\/sturzenegguer.png",700,445,false],"newsever-slider-full":["https:\/\/apuntesdesanluis.com\/wp-content\/uploads\/2024\/08\/sturzenegguer.png",700,445,false],"newsever-featured":["https:\/\/apuntesdesanluis.com\/wp-content\/uploads\/2024\/08\/sturzenegguer.png",700,445,false],"newsever-medium":["https:\/\/apuntesdesanluis.com\/wp-content\/uploads\/2024\/08\/sturzenegguer.png",700,445,false]},"author_info":{"display_name":"apuntesdesanluis.com","author_link":"https:\/\/apuntesdesanluis.com\/index.php\/author\/apuntesdesanluis-com\/"},"category_info":"<a href=\"https:\/\/apuntesdesanluis.com\/index.php\/category\/nacionales-internacionales\/\" rel=\"category tag\">Nacionales\/Internacionales<\/a>","tag_info":"Nacionales\/Internacionales","comment_count":"0","_links":{"self":[{"href":"https:\/\/apuntesdesanluis.com\/index.php\/wp-json\/wp\/v2\/posts\/21166","targetHints":{"allow":["GET"]}}],"collection":[{"href":"https:\/\/apuntesdesanluis.com\/index.php\/wp-json\/wp\/v2\/posts"}],"about":[{"href":"https:\/\/apuntesdesanluis.com\/index.php\/wp-json\/wp\/v2\/types\/post"}],"author":[{"embeddable":true,"href":"https:\/\/apuntesdesanluis.com\/index.php\/wp-json\/wp\/v2\/users\/1"}],"replies":[{"embeddable":true,"href":"https:\/\/apuntesdesanluis.com\/index.php\/wp-json\/wp\/v2\/comments?post=21166"}],"version-history":[{"count":1,"href":"https:\/\/apuntesdesanluis.com\/index.php\/wp-json\/wp\/v2\/posts\/21166\/revisions"}],"predecessor-version":[{"id":21168,"href":"https:\/\/apuntesdesanluis.com\/index.php\/wp-json\/wp\/v2\/posts\/21166\/revisions\/21168"}],"wp:featuredmedia":[{"embeddable":true,"href":"https:\/\/apuntesdesanluis.com\/index.php\/wp-json\/wp\/v2\/media\/21167"}],"wp:attachment":[{"href":"https:\/\/apuntesdesanluis.com\/index.php\/wp-json\/wp\/v2\/media?parent=21166"}],"wp:term":[{"taxonomy":"category","embeddable":true,"href":"https:\/\/apuntesdesanluis.com\/index.php\/wp-json\/wp\/v2\/categories?post=21166"},{"taxonomy":"post_tag","embeddable":true,"href":"https:\/\/apuntesdesanluis.com\/index.php\/wp-json\/wp\/v2\/tags?post=21166"}],"curies":[{"name":"wp","href":"https:\/\/api.w.org\/{rel}","templated":true}]}}