{"id":21169,"date":"2024-08-21T23:56:07","date_gmt":"2024-08-22T02:56:07","guid":{"rendered":"https:\/\/apuntesdesanluis.com\/?p=21169"},"modified":"2024-08-22T00:03:15","modified_gmt":"2024-08-22T03:03:15","slug":"el-juez-ariel-lijo-argumento-sus-principales-fallos-y-defendio-su-candidatura-a-la-corte-suprema","status":"publish","type":"post","link":"https:\/\/apuntesdesanluis.com\/index.php\/2024\/08\/21\/el-juez-ariel-lijo-argumento-sus-principales-fallos-y-defendio-su-candidatura-a-la-corte-suprema\/","title":{"rendered":"EL JUEZ ARIEL LIJO ARGUMENT\u00d3 SUS PRINCIPALES FALLOS Y DEFENDI\u00d3 SU CANDIDATURA A LA CORTE SUPREMA"},"content":{"rendered":"<h3>En una marat\u00f3nica audiencia p\u00fablica que dur\u00f3 m\u00e1s de ocho horas, el juez federal y candidato a la Corte Suprema, <strong>Ariel Lijo<\/strong>, argument\u00f3 sin fisuras su postulaci\u00f3n al m\u00e1ximo tribunal de Justicia del pa\u00eds y depender\u00e1 ahora de la anuencia de los integrantes de la comisi\u00f3n de Acuerdos de la C\u00e1mara alta para que su pliego primero obtenga dictamen -qued\u00f3 habilitado para ser firmado- y llegue al recinto, donde precisar\u00e1 los dos tercios de votos de los presentes para que su designaci\u00f3n, realizada por el Gobierno libertario de Javier Milei, quede activa.<\/h3>\n<h3>Lijo no s\u00f3lo blind\u00f3 con argumentos jur\u00eddicos sus actuaci\u00f3n en distintos fallos en los que estuvo involucrado y de notoriedad p\u00fablica, sino que adem\u00e1s respondi\u00f3 sobre la cuesti\u00f3n de g\u00e9nero en la justicia, tratados internacionales con rango constitucional, federalismo y coparticipaci\u00f3n, la autonom\u00eda de la Ciudad de Buenos Aires, la ampliaci\u00f3n de la Corte, mejora en la tramitaci\u00f3n de procesos para evitar dilaciones, los Decretos de Necesidad y Urgencia (DNU), dolarizaci\u00f3n y la potencial baja de edad de imputabilidad de menores, entre otras cuestiones.<\/h3>\n<h3>El magistrado federal contest\u00f3 la mayor\u00eda de los requerimientos realizados, salvo aquellos en los que se dispens\u00f3 ante una eventual intervenci\u00f3n futura en caso de ser designado, con los votos del Senado, como miembro de la Corte Suprema, ante varios legisladores que quedaron enfrascados en discusiones contra el juez m\u00e1s inclinadas hacia lo medi\u00e1tico que lo jur\u00eddico, un error clave en este tipo de instancias. De hecho, casi nadie llev\u00f3 preguntas espec\u00edficas sobre derecho penal, una prueba trascendental para medir la idoneidad del candidato.<\/h3>\n<p><img fetchpriority=\"high\" decoding=\"async\" class=\"wp-image-21171 aligncenter\" src=\"https:\/\/apuntesdesanluis.com\/wp-content\/uploads\/2024\/08\/acuerdos-del-senado-300x174.png\" alt=\"\" width=\"628\" height=\"364\" srcset=\"https:\/\/apuntesdesanluis.com\/wp-content\/uploads\/2024\/08\/acuerdos-del-senado-300x174.png 300w, https:\/\/apuntesdesanluis.com\/wp-content\/uploads\/2024\/08\/acuerdos-del-senado.png 700w\" sizes=\"(max-width: 628px) 100vw, 628px\" \/><\/p>\n<h3>Los pocos cruces que se dieron entre los senadores y Lijo fueron manejados con sobrado oficio por la legisladora del PRO y presidenta de la comisi\u00f3n de Acuerdos, la porte\u00f1a Guadalupe Tagliaferri. Un trabajo exhaustivo previo junto a su equipo de trabajo permiti\u00f3 el desarrollo de una audiencia p\u00fablica sin estridencias y acorde a la importancia de lo que est\u00e1 en juego a nivel institucional.<\/h3>\n<h3>Hacia el final de la sesi\u00f3n, y antes de la despedida de Lijo, habl\u00f3 el presidente provisional el Senado, el sanluise\u00f1o <strong>Bartolo Abdala<\/strong>.<\/h3>\n<p><iframe title=\"SDOR. BARTOLOM\u00c9 ABDALA - AUDIENCIA P\u00daBLICA DE LA COMISI\u00d3N DE ACUERDOS 21-08-24\" width=\"640\" height=\"360\" src=\"https:\/\/www.youtube.com\/embed\/43Hxw_4GsxI?feature=oembed\" frameborder=\"0\" allow=\"accelerometer; autoplay; clipboard-write; encrypted-media; gyroscope; picture-in-picture; web-share\" referrerpolicy=\"strict-origin-when-cross-origin\" allowfullscreen><\/iframe><\/p>\n<h3>Principales definiciones de Ariel Lijo<\/h3>\n<h3>*Objetivos para mejorar la Justicia. Seg\u00fan Lijo, la Corte puede reasignar recursos, as\u00ed como simplificar \u201cel recurso extraordinario, bajando nivel de litigiosidad\u201d. En segundo t\u00e9rmino, apunt\u00f3 a segmentar las posibilidades de respuesta ante distintas categor\u00edas de conflicto, ya que \u201cno puede ser que respondamos con las mismas personas, m\u00e9todos y estructura una cat\u00e1strofe ambiental que el arrebato de un celular, o fijaci\u00f3n de cuota alimentaria\u201d. Luego, direccion\u00f3 la mira a los \u201cprocesos sumarios y orales\u201d.<\/h3>\n<h3>*Ampliaci\u00f3n de la Corte. \u201cNo tengo una posici\u00f3n tomada de cu\u00e1ntos miembros tiene que tener la Corte. La Argentina ha funcionado con distinta cantidad de miembros y en todos los sistemas, la Corte funcion\u00f3. Los problemas no son derivados de la cantidad de miembros, que son cuestiones que debe evaluar el Parlamento respecto de la conveniencia de su composici\u00f3n\u201d, manifest\u00f3.<\/h3>\n<h3>*Dolarizaci\u00f3n. El postulante dej\u00f3 en claro que se \u201cdebe respetar los est\u00e1ndares m\u00ednimos de legislaci\u00f3n\u201d y que, \u201cde alguna manera, debe ser preservada la moneda\u201d. Y agreg\u00f3: \u201cExpedirme en t\u00e9rminos absolutos sobre si es constitucional algo que no existe no es lo correcto. Sea lo que sea, debe preservar la moneda\u201d.<\/h3>\n<h3>*G\u00e9nero. \u201c\u00bfSi tiene que estar integrada la Corte por una mujer? S\u00ed\u201d, asever\u00f3 Lijo tambi\u00e9n resalt\u00f3 que fue \u201cformado por mujeres\u201d y que la \u201ccuesti\u00f3n de g\u00e9nero no es s\u00f3lo enunciativa ni de buenos modos o pol\u00edticas, es mucho m\u00e1s concreta\u201d. Habl\u00f3 de \u201cpoder remover obst\u00e1culos tambi\u00e9n en la toma de decisiones\u201d.<\/h3>\n<h3>*Decretos de Necesidad y Urgencia (DNU). El candidato detall\u00f3 que existe \u201cuna jurisprudencia extensa en la Corte\u201d, en cuanto a \u201cque deben ser controladas las condiciones de necesidad y urgencia en cada caso, objetivas\u201d. Seguido a ello, desliz\u00f3 que el tema \u201cmerece un debate p\u00fablico\u201d.<\/h3>\n<h3>*Acusaciones en su contra. \u201cNo voy a detenerme en detallar el origen de las denuncias: en 20 a\u00f1os no recib\u00ed una sola sanci\u00f3n del Consejo de la Magistratura. Nunca, ni una sanci\u00f3n\u201d, destac\u00f3 el juez federal. M\u00e1s temprano, explic\u00f3: \u201cFui investigado por UIF y AFIP. Nunca encontraron nada. Es m\u00e1s, es mentira que me haya defendido el doctor -y actual ministro de Justicia- Mariano C\u00faneo Libarona, nunca puse abogado\u201d.<\/h3>\n<h3>*Retenciones. \u201cCreo que los derechos exportaci\u00f3n autorizados constitucionalmente, en la medida que sean razonables y no afecten al sector, puede ser regulados. Todos pueden ser revisados judicialmente\u201d, argument\u00f3.<\/h3>\n<h3>*Intervenciones en expedientes Siemens, YPF y deuda de Formosa. Sobre el primer punto, Lijo enfatiz\u00f3 que se trat\u00f3 de un caso de \u201csoborno transnacional, es uno de los trabajos artesanales m\u00e1s complejos que enfrentamos\u201d, donde se \u201cavanz\u00f3 much\u00edsimo en la averiguaci\u00f3n y circulaci\u00f3n del dinero, su circuito en para\u00edsos fiscales y c\u00f3mo saltaban en cuentas tipo \u2018mamushkas\u2019 de un pa\u00eds a otro, y de un banco a otro\u201d. Despu\u00e9s inform\u00f3 que \u201cnunca ingres\u00f3 el dinero a la Argentina\u201d y que \u201cse elev\u00f3 a juicio oral toda la actividad de los privados, corroborado con informaci\u00f3n que aport\u00f3 Alemania\u201d. Sobre el resto, se \u201cavanz\u00f3 hasta punto donde no ten\u00edamos diligencias y su archivo fue confirmado por la C\u00e1mara Federal y por la Corte Suprema\u201d.<\/h3>\n<h3>En relaci\u00f3n con YPF, subray\u00f3 que es \u201cuna causa en tr\u00e1mite\u201d y con una \u201cgravedad para la Argentina, demandada en el exterior\u201d. Y a\u00f1adi\u00f3: \u201cEs especialmente delicado que me expida sobre la causa, no por no tener una gran cantidad de informaci\u00f3n para darles. Hay algunos aspectos que no se han logrado probar todav\u00eda y depende de la colaboraci\u00f3n de otros pa\u00edses. Una de las razones por la que est\u00e1 tramitando en el exterior, uno de los argumentos que se utilizaron en la justicia de los Estados Unidos, es la existencia de una causa penal en la Argentina, contrariamente a lo que se sostiene muchas veces p\u00fablicamente, cometiendo lo que, desde mi punto de vista, es un error jur\u00eddico\u201d.<\/h3>\n<h3>Al ser consultado sobre una causa por la toma de deuda de Formosa, Lijo se explay\u00f3: \u201cLa investigaci\u00f3n avanz\u00f3 hasta la indagatoria de funcionarios. A partir de eso, las partes ejercieron su derecho de defensa e hicieron un planteo respecto de la competencia basado en un precedente de la Corte de mi propio tribunal, que separa las investigaciones de las provincias y del Estado nacional. La jurisprudencia de la Corte establece que cuando hay afectaci\u00f3n de fondos provinciales, es competente la justicia federal de la provincia\u201d. El magistrado propuso en ese entonces la separaci\u00f3n de la investigaci\u00f3n y enviarla a la justicia federal de la provincia, para quedarse con la de los funcionarios nacionales. \u201cNo es verdad que existan gestiones judiciales y mucho menos en mi juzgado, o nadie que yo conozca\u201d, concluy\u00f3.<\/h3>\n<h3>*Coparticipaci\u00f3n. El postulante opin\u00f3 que \u201cson cuestiones de interacci\u00f3n entre el Ejecutivo, el Legislativo y las provincias\u201d que deben \u201ctrabajar para llegar a un consenso por unanimidad o mayor\u00eda\u201d. No obstante, el principio a regir para cualquier cuesti\u00f3n \u201cfiscal y distributiva es la solidaridad\u201d.<\/h3>\n<p>&nbsp;<\/p>\n<p>&nbsp;<\/p>\n<p>&nbsp;<\/p>\n<p>&nbsp;<\/p>\n<p>&nbsp;<\/p>\n<p>&nbsp;<\/p>\n<p>&nbsp;<\/p>\n<p>&nbsp;<\/p>\n<p>&nbsp;<\/p>\n","protected":false},"excerpt":{"rendered":"<p>En una marat\u00f3nica audiencia p\u00fablica que dur\u00f3 m\u00e1s de ocho horas, el juez federal y&#8230;<\/p>\n","protected":false},"author":1,"featured_media":21170,"comment_status":"closed","ping_status":"closed","sticky":false,"template":"","format":"standard","meta":{"footnotes":""},"categories":[5],"tags":[],"class_list":["post-21169","post","type-post","status-publish","format-standard","has-post-thumbnail","hentry","category-nacionales-internacionales"],"yoast_head":"<!-- This site is optimized with the Yoast SEO plugin v26.1.1 - https:\/\/yoast.com\/wordpress\/plugins\/seo\/ -->\n<title>EL JUEZ ARIEL LIJO ARGUMENT\u00d3 SUS PRINCIPALES FALLOS Y DEFENDI\u00d3 SU CANDIDATURA A LA CORTE SUPREMA - Apuntes de San Luis<\/title>\n<meta name=\"robots\" content=\"index, follow, max-snippet:-1, max-image-preview:large, max-video-preview:-1\" \/>\n<link rel=\"canonical\" href=\"https:\/\/apuntesdesanluis.com\/index.php\/2024\/08\/21\/el-juez-ariel-lijo-argumento-sus-principales-fallos-y-defendio-su-candidatura-a-la-corte-suprema\/\" \/>\n<meta property=\"og:locale\" content=\"es_ES\" \/>\n<meta property=\"og:type\" content=\"article\" \/>\n<meta property=\"og:title\" content=\"EL JUEZ ARIEL LIJO ARGUMENT\u00d3 SUS PRINCIPALES FALLOS Y DEFENDI\u00d3 SU CANDIDATURA A LA CORTE SUPREMA - Apuntes de San Luis\" \/>\n<meta property=\"og:description\" content=\"En una marat\u00f3nica audiencia p\u00fablica que dur\u00f3 m\u00e1s de ocho horas, el juez federal y...\" \/>\n<meta property=\"og:url\" content=\"https:\/\/apuntesdesanluis.com\/index.php\/2024\/08\/21\/el-juez-ariel-lijo-argumento-sus-principales-fallos-y-defendio-su-candidatura-a-la-corte-suprema\/\" \/>\n<meta property=\"og:site_name\" content=\"Apuntes de San Luis\" \/>\n<meta property=\"article:published_time\" content=\"2024-08-22T02:56:07+00:00\" \/>\n<meta property=\"article:modified_time\" content=\"2024-08-22T03:03:15+00:00\" \/>\n<meta property=\"og:image\" content=\"https:\/\/apuntesdesanluis.com\/wp-content\/uploads\/2024\/08\/lijo.png\" \/>\n\t<meta property=\"og:image:width\" content=\"700\" \/>\n\t<meta property=\"og:image:height\" content=\"404\" \/>\n\t<meta property=\"og:image:type\" content=\"image\/png\" \/>\n<meta name=\"author\" content=\"apuntesdesanluis.com\" \/>\n<meta name=\"twitter:card\" content=\"summary_large_image\" \/>\n<meta name=\"twitter:label1\" content=\"Escrito por\" \/>\n\t<meta name=\"twitter:data1\" content=\"apuntesdesanluis.com\" \/>\n\t<meta name=\"twitter:label2\" content=\"Tiempo de lectura\" \/>\n\t<meta name=\"twitter:data2\" content=\"6 minutos\" \/>\n<script type=\"application\/ld+json\" class=\"yoast-schema-graph\">{\"@context\":\"https:\/\/schema.org\",\"@graph\":[{\"@type\":\"Article\",\"@id\":\"https:\/\/apuntesdesanluis.com\/index.php\/2024\/08\/21\/el-juez-ariel-lijo-argumento-sus-principales-fallos-y-defendio-su-candidatura-a-la-corte-suprema\/#article\",\"isPartOf\":{\"@id\":\"https:\/\/apuntesdesanluis.com\/index.php\/2024\/08\/21\/el-juez-ariel-lijo-argumento-sus-principales-fallos-y-defendio-su-candidatura-a-la-corte-suprema\/\"},\"author\":{\"name\":\"apuntesdesanluis.com\",\"@id\":\"https:\/\/apuntesdesanluis.com\/#\/schema\/person\/b55151d52296fcce64d1a72538a70b90\"},\"headline\":\"EL JUEZ ARIEL LIJO ARGUMENT\u00d3 SUS PRINCIPALES FALLOS Y DEFENDI\u00d3 SU CANDIDATURA A LA CORTE SUPREMA\",\"datePublished\":\"2024-08-22T02:56:07+00:00\",\"dateModified\":\"2024-08-22T03:03:15+00:00\",\"mainEntityOfPage\":{\"@id\":\"https:\/\/apuntesdesanluis.com\/index.php\/2024\/08\/21\/el-juez-ariel-lijo-argumento-sus-principales-fallos-y-defendio-su-candidatura-a-la-corte-suprema\/\"},\"wordCount\":1279,\"publisher\":{\"@id\":\"https:\/\/apuntesdesanluis.com\/#\/schema\/person\/b55151d52296fcce64d1a72538a70b90\"},\"image\":{\"@id\":\"https:\/\/apuntesdesanluis.com\/index.php\/2024\/08\/21\/el-juez-ariel-lijo-argumento-sus-principales-fallos-y-defendio-su-candidatura-a-la-corte-suprema\/#primaryimage\"},\"thumbnailUrl\":\"https:\/\/apuntesdesanluis.com\/wp-content\/uploads\/2024\/08\/lijo.png\",\"articleSection\":[\"Nacionales\/Internacionales\"],\"inLanguage\":\"es-AR\"},{\"@type\":\"WebPage\",\"@id\":\"https:\/\/apuntesdesanluis.com\/index.php\/2024\/08\/21\/el-juez-ariel-lijo-argumento-sus-principales-fallos-y-defendio-su-candidatura-a-la-corte-suprema\/\",\"url\":\"https:\/\/apuntesdesanluis.com\/index.php\/2024\/08\/21\/el-juez-ariel-lijo-argumento-sus-principales-fallos-y-defendio-su-candidatura-a-la-corte-suprema\/\",\"name\":\"EL JUEZ ARIEL LIJO ARGUMENT\u00d3 SUS PRINCIPALES FALLOS Y DEFENDI\u00d3 SU CANDIDATURA A LA CORTE SUPREMA - Apuntes de San Luis\",\"isPartOf\":{\"@id\":\"https:\/\/apuntesdesanluis.com\/#website\"},\"primaryImageOfPage\":{\"@id\":\"https:\/\/apuntesdesanluis.com\/index.php\/2024\/08\/21\/el-juez-ariel-lijo-argumento-sus-principales-fallos-y-defendio-su-candidatura-a-la-corte-suprema\/#primaryimage\"},\"image\":{\"@id\":\"https:\/\/apuntesdesanluis.com\/index.php\/2024\/08\/21\/el-juez-ariel-lijo-argumento-sus-principales-fallos-y-defendio-su-candidatura-a-la-corte-suprema\/#primaryimage\"},\"thumbnailUrl\":\"https:\/\/apuntesdesanluis.com\/wp-content\/uploads\/2024\/08\/lijo.png\",\"datePublished\":\"2024-08-22T02:56:07+00:00\",\"dateModified\":\"2024-08-22T03:03:15+00:00\",\"breadcrumb\":{\"@id\":\"https:\/\/apuntesdesanluis.com\/index.php\/2024\/08\/21\/el-juez-ariel-lijo-argumento-sus-principales-fallos-y-defendio-su-candidatura-a-la-corte-suprema\/#breadcrumb\"},\"inLanguage\":\"es-AR\",\"potentialAction\":[{\"@type\":\"ReadAction\",\"target\":[\"https:\/\/apuntesdesanluis.com\/index.php\/2024\/08\/21\/el-juez-ariel-lijo-argumento-sus-principales-fallos-y-defendio-su-candidatura-a-la-corte-suprema\/\"]}]},{\"@type\":\"ImageObject\",\"inLanguage\":\"es-AR\",\"@id\":\"https:\/\/apuntesdesanluis.com\/index.php\/2024\/08\/21\/el-juez-ariel-lijo-argumento-sus-principales-fallos-y-defendio-su-candidatura-a-la-corte-suprema\/#primaryimage\",\"url\":\"https:\/\/apuntesdesanluis.com\/wp-content\/uploads\/2024\/08\/lijo.png\",\"contentUrl\":\"https:\/\/apuntesdesanluis.com\/wp-content\/uploads\/2024\/08\/lijo.png\",\"width\":700,\"height\":404},{\"@type\":\"BreadcrumbList\",\"@id\":\"https:\/\/apuntesdesanluis.com\/index.php\/2024\/08\/21\/el-juez-ariel-lijo-argumento-sus-principales-fallos-y-defendio-su-candidatura-a-la-corte-suprema\/#breadcrumb\",\"itemListElement\":[{\"@type\":\"ListItem\",\"position\":1,\"name\":\"Inicio\",\"item\":\"https:\/\/apuntesdesanluis.com\/\"},{\"@type\":\"ListItem\",\"position\":2,\"name\":\"EL JUEZ ARIEL LIJO ARGUMENT\u00d3 SUS PRINCIPALES FALLOS Y DEFENDI\u00d3 SU CANDIDATURA A LA CORTE SUPREMA\"}]},{\"@type\":\"WebSite\",\"@id\":\"https:\/\/apuntesdesanluis.com\/#website\",\"url\":\"https:\/\/apuntesdesanluis.com\/\",\"name\":\"Apuntes de San Luis\",\"description\":\"\",\"publisher\":{\"@id\":\"https:\/\/apuntesdesanluis.com\/#\/schema\/person\/b55151d52296fcce64d1a72538a70b90\"},\"potentialAction\":[{\"@type\":\"SearchAction\",\"target\":{\"@type\":\"EntryPoint\",\"urlTemplate\":\"https:\/\/apuntesdesanluis.com\/?s={search_term_string}\"},\"query-input\":{\"@type\":\"PropertyValueSpecification\",\"valueRequired\":true,\"valueName\":\"search_term_string\"}}],\"inLanguage\":\"es-AR\"},{\"@type\":[\"Person\",\"Organization\"],\"@id\":\"https:\/\/apuntesdesanluis.com\/#\/schema\/person\/b55151d52296fcce64d1a72538a70b90\",\"name\":\"apuntesdesanluis.com\",\"image\":{\"@type\":\"ImageObject\",\"inLanguage\":\"es-AR\",\"@id\":\"https:\/\/apuntesdesanluis.com\/#\/schema\/person\/image\/\",\"url\":\"https:\/\/apuntesdesanluis.com\/wp-content\/uploads\/2023\/07\/cropped-apuntesdesanluis.png\",\"contentUrl\":\"https:\/\/apuntesdesanluis.com\/wp-content\/uploads\/2023\/07\/cropped-apuntesdesanluis.png\",\"width\":450,\"height\":112,\"caption\":\"apuntesdesanluis.com\"},\"logo\":{\"@id\":\"https:\/\/apuntesdesanluis.com\/#\/schema\/person\/image\/\"},\"sameAs\":[\"https:\/\/apuntesdesanluis.com\"],\"url\":\"https:\/\/apuntesdesanluis.com\/index.php\/author\/apuntesdesanluis-com\/\"}]}<\/script>\n<!-- \/ Yoast SEO plugin. -->","yoast_head_json":{"title":"EL JUEZ ARIEL LIJO ARGUMENT\u00d3 SUS PRINCIPALES FALLOS Y DEFENDI\u00d3 SU CANDIDATURA A LA CORTE SUPREMA - Apuntes de San Luis","robots":{"index":"index","follow":"follow","max-snippet":"max-snippet:-1","max-image-preview":"max-image-preview:large","max-video-preview":"max-video-preview:-1"},"canonical":"https:\/\/apuntesdesanluis.com\/index.php\/2024\/08\/21\/el-juez-ariel-lijo-argumento-sus-principales-fallos-y-defendio-su-candidatura-a-la-corte-suprema\/","og_locale":"es_ES","og_type":"article","og_title":"EL JUEZ ARIEL LIJO ARGUMENT\u00d3 SUS PRINCIPALES FALLOS Y DEFENDI\u00d3 SU CANDIDATURA A LA CORTE SUPREMA - Apuntes de San Luis","og_description":"En una marat\u00f3nica audiencia p\u00fablica que dur\u00f3 m\u00e1s de ocho horas, el juez federal y...","og_url":"https:\/\/apuntesdesanluis.com\/index.php\/2024\/08\/21\/el-juez-ariel-lijo-argumento-sus-principales-fallos-y-defendio-su-candidatura-a-la-corte-suprema\/","og_site_name":"Apuntes de San Luis","article_published_time":"2024-08-22T02:56:07+00:00","article_modified_time":"2024-08-22T03:03:15+00:00","og_image":[{"width":700,"height":404,"url":"https:\/\/apuntesdesanluis.com\/wp-content\/uploads\/2024\/08\/lijo.png","type":"image\/png"}],"author":"apuntesdesanluis.com","twitter_card":"summary_large_image","twitter_misc":{"Escrito por":"apuntesdesanluis.com","Tiempo de lectura":"6 minutos"},"schema":{"@context":"https:\/\/schema.org","@graph":[{"@type":"Article","@id":"https:\/\/apuntesdesanluis.com\/index.php\/2024\/08\/21\/el-juez-ariel-lijo-argumento-sus-principales-fallos-y-defendio-su-candidatura-a-la-corte-suprema\/#article","isPartOf":{"@id":"https:\/\/apuntesdesanluis.com\/index.php\/2024\/08\/21\/el-juez-ariel-lijo-argumento-sus-principales-fallos-y-defendio-su-candidatura-a-la-corte-suprema\/"},"author":{"name":"apuntesdesanluis.com","@id":"https:\/\/apuntesdesanluis.com\/#\/schema\/person\/b55151d52296fcce64d1a72538a70b90"},"headline":"EL JUEZ ARIEL LIJO ARGUMENT\u00d3 SUS PRINCIPALES FALLOS Y DEFENDI\u00d3 SU CANDIDATURA A LA CORTE SUPREMA","datePublished":"2024-08-22T02:56:07+00:00","dateModified":"2024-08-22T03:03:15+00:00","mainEntityOfPage":{"@id":"https:\/\/apuntesdesanluis.com\/index.php\/2024\/08\/21\/el-juez-ariel-lijo-argumento-sus-principales-fallos-y-defendio-su-candidatura-a-la-corte-suprema\/"},"wordCount":1279,"publisher":{"@id":"https:\/\/apuntesdesanluis.com\/#\/schema\/person\/b55151d52296fcce64d1a72538a70b90"},"image":{"@id":"https:\/\/apuntesdesanluis.com\/index.php\/2024\/08\/21\/el-juez-ariel-lijo-argumento-sus-principales-fallos-y-defendio-su-candidatura-a-la-corte-suprema\/#primaryimage"},"thumbnailUrl":"https:\/\/apuntesdesanluis.com\/wp-content\/uploads\/2024\/08\/lijo.png","articleSection":["Nacionales\/Internacionales"],"inLanguage":"es-AR"},{"@type":"WebPage","@id":"https:\/\/apuntesdesanluis.com\/index.php\/2024\/08\/21\/el-juez-ariel-lijo-argumento-sus-principales-fallos-y-defendio-su-candidatura-a-la-corte-suprema\/","url":"https:\/\/apuntesdesanluis.com\/index.php\/2024\/08\/21\/el-juez-ariel-lijo-argumento-sus-principales-fallos-y-defendio-su-candidatura-a-la-corte-suprema\/","name":"EL JUEZ ARIEL LIJO ARGUMENT\u00d3 SUS PRINCIPALES FALLOS Y DEFENDI\u00d3 SU CANDIDATURA A LA CORTE SUPREMA - Apuntes de San Luis","isPartOf":{"@id":"https:\/\/apuntesdesanluis.com\/#website"},"primaryImageOfPage":{"@id":"https:\/\/apuntesdesanluis.com\/index.php\/2024\/08\/21\/el-juez-ariel-lijo-argumento-sus-principales-fallos-y-defendio-su-candidatura-a-la-corte-suprema\/#primaryimage"},"image":{"@id":"https:\/\/apuntesdesanluis.com\/index.php\/2024\/08\/21\/el-juez-ariel-lijo-argumento-sus-principales-fallos-y-defendio-su-candidatura-a-la-corte-suprema\/#primaryimage"},"thumbnailUrl":"https:\/\/apuntesdesanluis.com\/wp-content\/uploads\/2024\/08\/lijo.png","datePublished":"2024-08-22T02:56:07+00:00","dateModified":"2024-08-22T03:03:15+00:00","breadcrumb":{"@id":"https:\/\/apuntesdesanluis.com\/index.php\/2024\/08\/21\/el-juez-ariel-lijo-argumento-sus-principales-fallos-y-defendio-su-candidatura-a-la-corte-suprema\/#breadcrumb"},"inLanguage":"es-AR","potentialAction":[{"@type":"ReadAction","target":["https:\/\/apuntesdesanluis.com\/index.php\/2024\/08\/21\/el-juez-ariel-lijo-argumento-sus-principales-fallos-y-defendio-su-candidatura-a-la-corte-suprema\/"]}]},{"@type":"ImageObject","inLanguage":"es-AR","@id":"https:\/\/apuntesdesanluis.com\/index.php\/2024\/08\/21\/el-juez-ariel-lijo-argumento-sus-principales-fallos-y-defendio-su-candidatura-a-la-corte-suprema\/#primaryimage","url":"https:\/\/apuntesdesanluis.com\/wp-content\/uploads\/2024\/08\/lijo.png","contentUrl":"https:\/\/apuntesdesanluis.com\/wp-content\/uploads\/2024\/08\/lijo.png","width":700,"height":404},{"@type":"BreadcrumbList","@id":"https:\/\/apuntesdesanluis.com\/index.php\/2024\/08\/21\/el-juez-ariel-lijo-argumento-sus-principales-fallos-y-defendio-su-candidatura-a-la-corte-suprema\/#breadcrumb","itemListElement":[{"@type":"ListItem","position":1,"name":"Inicio","item":"https:\/\/apuntesdesanluis.com\/"},{"@type":"ListItem","position":2,"name":"EL JUEZ ARIEL LIJO ARGUMENT\u00d3 SUS PRINCIPALES FALLOS Y DEFENDI\u00d3 SU CANDIDATURA A LA CORTE SUPREMA"}]},{"@type":"WebSite","@id":"https:\/\/apuntesdesanluis.com\/#website","url":"https:\/\/apuntesdesanluis.com\/","name":"Apuntes de San Luis","description":"","publisher":{"@id":"https:\/\/apuntesdesanluis.com\/#\/schema\/person\/b55151d52296fcce64d1a72538a70b90"},"potentialAction":[{"@type":"SearchAction","target":{"@type":"EntryPoint","urlTemplate":"https:\/\/apuntesdesanluis.com\/?s={search_term_string}"},"query-input":{"@type":"PropertyValueSpecification","valueRequired":true,"valueName":"search_term_string"}}],"inLanguage":"es-AR"},{"@type":["Person","Organization"],"@id":"https:\/\/apuntesdesanluis.com\/#\/schema\/person\/b55151d52296fcce64d1a72538a70b90","name":"apuntesdesanluis.com","image":{"@type":"ImageObject","inLanguage":"es-AR","@id":"https:\/\/apuntesdesanluis.com\/#\/schema\/person\/image\/","url":"https:\/\/apuntesdesanluis.com\/wp-content\/uploads\/2023\/07\/cropped-apuntesdesanluis.png","contentUrl":"https:\/\/apuntesdesanluis.com\/wp-content\/uploads\/2023\/07\/cropped-apuntesdesanluis.png","width":450,"height":112,"caption":"apuntesdesanluis.com"},"logo":{"@id":"https:\/\/apuntesdesanluis.com\/#\/schema\/person\/image\/"},"sameAs":["https:\/\/apuntesdesanluis.com"],"url":"https:\/\/apuntesdesanluis.com\/index.php\/author\/apuntesdesanluis-com\/"}]}},"featured_image_urls":{"full":["https:\/\/apuntesdesanluis.com\/wp-content\/uploads\/2024\/08\/lijo.png",700,404,false],"thumbnail":["https:\/\/apuntesdesanluis.com\/wp-content\/uploads\/2024\/08\/lijo-150x150.png",150,150,true],"medium":["https:\/\/apuntesdesanluis.com\/wp-content\/uploads\/2024\/08\/lijo-300x173.png",300,173,true],"medium_large":["https:\/\/apuntesdesanluis.com\/wp-content\/uploads\/2024\/08\/lijo.png",640,369,false],"large":["https:\/\/apuntesdesanluis.com\/wp-content\/uploads\/2024\/08\/lijo.png",640,369,false],"1536x1536":["https:\/\/apuntesdesanluis.com\/wp-content\/uploads\/2024\/08\/lijo.png",700,404,false],"2048x2048":["https:\/\/apuntesdesanluis.com\/wp-content\/uploads\/2024\/08\/lijo.png",700,404,false],"newsever-slider-full":["https:\/\/apuntesdesanluis.com\/wp-content\/uploads\/2024\/08\/lijo.png",700,404,false],"newsever-featured":["https:\/\/apuntesdesanluis.com\/wp-content\/uploads\/2024\/08\/lijo.png",700,404,false],"newsever-medium":["https:\/\/apuntesdesanluis.com\/wp-content\/uploads\/2024\/08\/lijo.png",700,404,false]},"author_info":{"display_name":"apuntesdesanluis.com","author_link":"https:\/\/apuntesdesanluis.com\/index.php\/author\/apuntesdesanluis-com\/"},"category_info":"<a href=\"https:\/\/apuntesdesanluis.com\/index.php\/category\/nacionales-internacionales\/\" rel=\"category tag\">Nacionales\/Internacionales<\/a>","tag_info":"Nacionales\/Internacionales","comment_count":"0","_links":{"self":[{"href":"https:\/\/apuntesdesanluis.com\/index.php\/wp-json\/wp\/v2\/posts\/21169","targetHints":{"allow":["GET"]}}],"collection":[{"href":"https:\/\/apuntesdesanluis.com\/index.php\/wp-json\/wp\/v2\/posts"}],"about":[{"href":"https:\/\/apuntesdesanluis.com\/index.php\/wp-json\/wp\/v2\/types\/post"}],"author":[{"embeddable":true,"href":"https:\/\/apuntesdesanluis.com\/index.php\/wp-json\/wp\/v2\/users\/1"}],"replies":[{"embeddable":true,"href":"https:\/\/apuntesdesanluis.com\/index.php\/wp-json\/wp\/v2\/comments?post=21169"}],"version-history":[{"count":3,"href":"https:\/\/apuntesdesanluis.com\/index.php\/wp-json\/wp\/v2\/posts\/21169\/revisions"}],"predecessor-version":[{"id":21174,"href":"https:\/\/apuntesdesanluis.com\/index.php\/wp-json\/wp\/v2\/posts\/21169\/revisions\/21174"}],"wp:featuredmedia":[{"embeddable":true,"href":"https:\/\/apuntesdesanluis.com\/index.php\/wp-json\/wp\/v2\/media\/21170"}],"wp:attachment":[{"href":"https:\/\/apuntesdesanluis.com\/index.php\/wp-json\/wp\/v2\/media?parent=21169"}],"wp:term":[{"taxonomy":"category","embeddable":true,"href":"https:\/\/apuntesdesanluis.com\/index.php\/wp-json\/wp\/v2\/categories?post=21169"},{"taxonomy":"post_tag","embeddable":true,"href":"https:\/\/apuntesdesanluis.com\/index.php\/wp-json\/wp\/v2\/tags?post=21169"}],"curies":[{"name":"wp","href":"https:\/\/api.w.org\/{rel}","templated":true}]}}