{"id":2118,"date":"2023-08-26T13:28:14","date_gmt":"2023-08-26T16:28:14","guid":{"rendered":"https:\/\/apuntesdesanluis.com\/?p=2118"},"modified":"2023-08-26T13:28:14","modified_gmt":"2023-08-26T16:28:14","slug":"cerraron-la-escollera-sur-en-mar-del-plata-por-casos-de-gripe-aviar-en-lobos-marinos","status":"publish","type":"post","link":"https:\/\/apuntesdesanluis.com\/index.php\/2023\/08\/26\/cerraron-la-escollera-sur-en-mar-del-plata-por-casos-de-gripe-aviar-en-lobos-marinos\/","title":{"rendered":"CERRARON LA ESCOLLERA SUR EN MAR DEL PLATA POR CASOS DE GRIPE AVIAR EN LOBOS MARINOS"},"content":{"rendered":"<h3>El Senasa confirm\u00f3 que en la ciudad bonaerense de Necochea m\u00e1s de 40 lobos marinos murieron por gripe aviar.<\/h3>\n<h3>Tras la muerte de decenas de lobos marinos en las costas de la ciudad de Mar del Plata, el Servicio Nacional de Sanidad y Calidad Agroalimentaria (Senasa) confirm\u00f3 la presencia de gripe aviar en dos ejemplares y orden\u00f3 cerrar el acceso peatonal a la Escollera Sur de manera preventiva.<\/h3>\n<h3>\u201cEl mi\u00e9rcoles se tomaron dos muestras en la Escollera Sur. Al registrar los casos positivos, pedimos colaboraci\u00f3n a Prefectura para que haya en el lugar una zona de control sanitario de 3 kil\u00f3metros. Con vigilancia para rastrear si hay aves con sintomatolog\u00eda\u201d, explic\u00f3 el director regional del Senasa, Manuel Baldovino.<\/h3>\n<h3>Se inform\u00f3 que hasta el momento se atendieron siete casos de lobos marinos en todo el pa\u00eds, tres resultaron negativos; y los cuatro restantes que fueron detectados positivos son en R\u00edo Grande, en Tierra del Fuego; en la Ant\u00e1rtida e Islas de Atl\u00e1ntico Sur; en el \u00c1rea Natural Protegida Punta Bermeja, en R\u00edo Negro; y en Necochea y Punta Loyola (Santa Cruz.<\/h3>\n<h3>Los hallazgos de los casos positivos se realizaron en el marco de las acciones de vigilancia y las medidas sanitarias que se vienen llevando adelante en todo el pa\u00eds para la prevenci\u00f3n de la enfermedad.<\/h3>\n<h3>El Senasa inform\u00f3 que las recientes detecciones de gripe aviar en mam\u00edferos marinos no afectan al estatus zoosanitario autodeclarado ante la Organizaci\u00f3n Mundial de Sanidad Animal (OMSA), donde Argentina se reconoce como pa\u00eds libre de Influenza Aviar Altamente Pat\u00f3gena en aves de corral.<\/h3>\n<h3>Los an\u00e1lisis realizados en los ejemplares encontrados en la zona de las playas aleda\u00f1as al puerto de Quequ\u00e9n fallecieron producto de un brote de Influenza Aviar Altamente Pat\u00f3gena (IAAP) H5.<\/h3>\n<h3>&#8220;Se solicita encarecidamente no ingresar a las \u00e1reas de playa afectadas, evitar la exposici\u00f3n en esas zonas contribuye significativamente a disminuir el riesgo de contagio&#8221;, solicitaron desde el Senasa.<\/h3>\n<h3>Hasta que no se hagan estudios complementarios explicaron los riesgos que existe y pidieron que ni los humanos ni los animales dom\u00e9sticos se acerquen a los ejemplares enfermos ya que &#8220;es altamente peligroso y puede facilitar su propagaci\u00f3n&#8221;.<\/h3>\n","protected":false},"excerpt":{"rendered":"<p>El Senasa confirm\u00f3 que en la ciudad bonaerense de Necochea m\u00e1s de 40 lobos marinos&#8230;<\/p>\n","protected":false},"author":1,"featured_media":2119,"comment_status":"closed","ping_status":"closed","sticky":false,"template":"","format":"standard","meta":{"footnotes":""},"categories":[5],"tags":[],"class_list":["post-2118","post","type-post","status-publish","format-standard","has-post-thumbnail","hentry","category-nacionales-internacionales"],"yoast_head":"<!-- This site is optimized with the Yoast SEO plugin v26.1.1 - https:\/\/yoast.com\/wordpress\/plugins\/seo\/ -->\n<title>CERRARON LA ESCOLLERA SUR EN MAR DEL PLATA POR CASOS DE GRIPE AVIAR EN LOBOS MARINOS - Apuntes de San Luis<\/title>\n<meta name=\"robots\" content=\"index, follow, max-snippet:-1, max-image-preview:large, max-video-preview:-1\" \/>\n<link rel=\"canonical\" href=\"https:\/\/apuntesdesanluis.com\/index.php\/2023\/08\/26\/cerraron-la-escollera-sur-en-mar-del-plata-por-casos-de-gripe-aviar-en-lobos-marinos\/\" \/>\n<meta property=\"og:locale\" content=\"es_ES\" \/>\n<meta property=\"og:type\" content=\"article\" \/>\n<meta property=\"og:title\" content=\"CERRARON LA ESCOLLERA SUR EN MAR DEL PLATA POR CASOS DE GRIPE AVIAR EN LOBOS MARINOS - Apuntes de San Luis\" \/>\n<meta property=\"og:description\" content=\"El Senasa confirm\u00f3 que en la ciudad bonaerense de Necochea m\u00e1s de 40 lobos marinos...\" \/>\n<meta property=\"og:url\" content=\"https:\/\/apuntesdesanluis.com\/index.php\/2023\/08\/26\/cerraron-la-escollera-sur-en-mar-del-plata-por-casos-de-gripe-aviar-en-lobos-marinos\/\" \/>\n<meta property=\"og:site_name\" content=\"Apuntes de San Luis\" \/>\n<meta property=\"article:published_time\" content=\"2023-08-26T16:28:14+00:00\" \/>\n<meta property=\"og:image\" content=\"https:\/\/apuntesdesanluis.com\/wp-content\/uploads\/2023\/08\/lobos-marinos.png\" \/>\n\t<meta property=\"og:image:width\" content=\"823\" \/>\n\t<meta property=\"og:image:height\" content=\"482\" \/>\n\t<meta property=\"og:image:type\" content=\"image\/png\" \/>\n<meta name=\"author\" content=\"apuntesdesanluis.com\" \/>\n<meta name=\"twitter:card\" content=\"summary_large_image\" \/>\n<meta name=\"twitter:label1\" content=\"Escrito por\" \/>\n\t<meta name=\"twitter:data1\" content=\"apuntesdesanluis.com\" \/>\n\t<meta name=\"twitter:label2\" content=\"Tiempo de lectura\" \/>\n\t<meta name=\"twitter:data2\" content=\"2 minutos\" \/>\n<script type=\"application\/ld+json\" class=\"yoast-schema-graph\">{\"@context\":\"https:\/\/schema.org\",\"@graph\":[{\"@type\":\"Article\",\"@id\":\"https:\/\/apuntesdesanluis.com\/index.php\/2023\/08\/26\/cerraron-la-escollera-sur-en-mar-del-plata-por-casos-de-gripe-aviar-en-lobos-marinos\/#article\",\"isPartOf\":{\"@id\":\"https:\/\/apuntesdesanluis.com\/index.php\/2023\/08\/26\/cerraron-la-escollera-sur-en-mar-del-plata-por-casos-de-gripe-aviar-en-lobos-marinos\/\"},\"author\":{\"name\":\"apuntesdesanluis.com\",\"@id\":\"https:\/\/apuntesdesanluis.com\/#\/schema\/person\/b55151d52296fcce64d1a72538a70b90\"},\"headline\":\"CERRARON LA ESCOLLERA SUR EN MAR DEL PLATA POR CASOS DE GRIPE AVIAR EN LOBOS MARINOS\",\"datePublished\":\"2023-08-26T16:28:14+00:00\",\"mainEntityOfPage\":{\"@id\":\"https:\/\/apuntesdesanluis.com\/index.php\/2023\/08\/26\/cerraron-la-escollera-sur-en-mar-del-plata-por-casos-de-gripe-aviar-en-lobos-marinos\/\"},\"wordCount\":392,\"publisher\":{\"@id\":\"https:\/\/apuntesdesanluis.com\/#\/schema\/person\/b55151d52296fcce64d1a72538a70b90\"},\"image\":{\"@id\":\"https:\/\/apuntesdesanluis.com\/index.php\/2023\/08\/26\/cerraron-la-escollera-sur-en-mar-del-plata-por-casos-de-gripe-aviar-en-lobos-marinos\/#primaryimage\"},\"thumbnailUrl\":\"https:\/\/apuntesdesanluis.com\/wp-content\/uploads\/2023\/08\/lobos-marinos.png\",\"articleSection\":[\"Nacionales\/Internacionales\"],\"inLanguage\":\"es-AR\"},{\"@type\":\"WebPage\",\"@id\":\"https:\/\/apuntesdesanluis.com\/index.php\/2023\/08\/26\/cerraron-la-escollera-sur-en-mar-del-plata-por-casos-de-gripe-aviar-en-lobos-marinos\/\",\"url\":\"https:\/\/apuntesdesanluis.com\/index.php\/2023\/08\/26\/cerraron-la-escollera-sur-en-mar-del-plata-por-casos-de-gripe-aviar-en-lobos-marinos\/\",\"name\":\"CERRARON LA ESCOLLERA SUR EN MAR DEL PLATA POR CASOS DE GRIPE AVIAR EN LOBOS MARINOS - Apuntes de San Luis\",\"isPartOf\":{\"@id\":\"https:\/\/apuntesdesanluis.com\/#website\"},\"primaryImageOfPage\":{\"@id\":\"https:\/\/apuntesdesanluis.com\/index.php\/2023\/08\/26\/cerraron-la-escollera-sur-en-mar-del-plata-por-casos-de-gripe-aviar-en-lobos-marinos\/#primaryimage\"},\"image\":{\"@id\":\"https:\/\/apuntesdesanluis.com\/index.php\/2023\/08\/26\/cerraron-la-escollera-sur-en-mar-del-plata-por-casos-de-gripe-aviar-en-lobos-marinos\/#primaryimage\"},\"thumbnailUrl\":\"https:\/\/apuntesdesanluis.com\/wp-content\/uploads\/2023\/08\/lobos-marinos.png\",\"datePublished\":\"2023-08-26T16:28:14+00:00\",\"breadcrumb\":{\"@id\":\"https:\/\/apuntesdesanluis.com\/index.php\/2023\/08\/26\/cerraron-la-escollera-sur-en-mar-del-plata-por-casos-de-gripe-aviar-en-lobos-marinos\/#breadcrumb\"},\"inLanguage\":\"es-AR\",\"potentialAction\":[{\"@type\":\"ReadAction\",\"target\":[\"https:\/\/apuntesdesanluis.com\/index.php\/2023\/08\/26\/cerraron-la-escollera-sur-en-mar-del-plata-por-casos-de-gripe-aviar-en-lobos-marinos\/\"]}]},{\"@type\":\"ImageObject\",\"inLanguage\":\"es-AR\",\"@id\":\"https:\/\/apuntesdesanluis.com\/index.php\/2023\/08\/26\/cerraron-la-escollera-sur-en-mar-del-plata-por-casos-de-gripe-aviar-en-lobos-marinos\/#primaryimage\",\"url\":\"https:\/\/apuntesdesanluis.com\/wp-content\/uploads\/2023\/08\/lobos-marinos.png\",\"contentUrl\":\"https:\/\/apuntesdesanluis.com\/wp-content\/uploads\/2023\/08\/lobos-marinos.png\",\"width\":823,\"height\":482},{\"@type\":\"BreadcrumbList\",\"@id\":\"https:\/\/apuntesdesanluis.com\/index.php\/2023\/08\/26\/cerraron-la-escollera-sur-en-mar-del-plata-por-casos-de-gripe-aviar-en-lobos-marinos\/#breadcrumb\",\"itemListElement\":[{\"@type\":\"ListItem\",\"position\":1,\"name\":\"Inicio\",\"item\":\"https:\/\/apuntesdesanluis.com\/\"},{\"@type\":\"ListItem\",\"position\":2,\"name\":\"CERRARON LA ESCOLLERA SUR EN MAR DEL PLATA POR CASOS DE GRIPE AVIAR EN LOBOS MARINOS\"}]},{\"@type\":\"WebSite\",\"@id\":\"https:\/\/apuntesdesanluis.com\/#website\",\"url\":\"https:\/\/apuntesdesanluis.com\/\",\"name\":\"Apuntes de San Luis\",\"description\":\"\",\"publisher\":{\"@id\":\"https:\/\/apuntesdesanluis.com\/#\/schema\/person\/b55151d52296fcce64d1a72538a70b90\"},\"potentialAction\":[{\"@type\":\"SearchAction\",\"target\":{\"@type\":\"EntryPoint\",\"urlTemplate\":\"https:\/\/apuntesdesanluis.com\/?s={search_term_string}\"},\"query-input\":{\"@type\":\"PropertyValueSpecification\",\"valueRequired\":true,\"valueName\":\"search_term_string\"}}],\"inLanguage\":\"es-AR\"},{\"@type\":[\"Person\",\"Organization\"],\"@id\":\"https:\/\/apuntesdesanluis.com\/#\/schema\/person\/b55151d52296fcce64d1a72538a70b90\",\"name\":\"apuntesdesanluis.com\",\"image\":{\"@type\":\"ImageObject\",\"inLanguage\":\"es-AR\",\"@id\":\"https:\/\/apuntesdesanluis.com\/#\/schema\/person\/image\/\",\"url\":\"https:\/\/apuntesdesanluis.com\/wp-content\/uploads\/2023\/07\/cropped-apuntesdesanluis.png\",\"contentUrl\":\"https:\/\/apuntesdesanluis.com\/wp-content\/uploads\/2023\/07\/cropped-apuntesdesanluis.png\",\"width\":450,\"height\":112,\"caption\":\"apuntesdesanluis.com\"},\"logo\":{\"@id\":\"https:\/\/apuntesdesanluis.com\/#\/schema\/person\/image\/\"},\"sameAs\":[\"https:\/\/apuntesdesanluis.com\"],\"url\":\"https:\/\/apuntesdesanluis.com\/index.php\/author\/apuntesdesanluis-com\/\"}]}<\/script>\n<!-- \/ Yoast SEO plugin. -->","yoast_head_json":{"title":"CERRARON LA ESCOLLERA SUR EN MAR DEL PLATA POR CASOS DE GRIPE AVIAR EN LOBOS MARINOS - Apuntes de San Luis","robots":{"index":"index","follow":"follow","max-snippet":"max-snippet:-1","max-image-preview":"max-image-preview:large","max-video-preview":"max-video-preview:-1"},"canonical":"https:\/\/apuntesdesanluis.com\/index.php\/2023\/08\/26\/cerraron-la-escollera-sur-en-mar-del-plata-por-casos-de-gripe-aviar-en-lobos-marinos\/","og_locale":"es_ES","og_type":"article","og_title":"CERRARON LA ESCOLLERA SUR EN MAR DEL PLATA POR CASOS DE GRIPE AVIAR EN LOBOS MARINOS - Apuntes de San Luis","og_description":"El Senasa confirm\u00f3 que en la ciudad bonaerense de Necochea m\u00e1s de 40 lobos marinos...","og_url":"https:\/\/apuntesdesanluis.com\/index.php\/2023\/08\/26\/cerraron-la-escollera-sur-en-mar-del-plata-por-casos-de-gripe-aviar-en-lobos-marinos\/","og_site_name":"Apuntes de San Luis","article_published_time":"2023-08-26T16:28:14+00:00","og_image":[{"width":823,"height":482,"url":"https:\/\/apuntesdesanluis.com\/wp-content\/uploads\/2023\/08\/lobos-marinos.png","type":"image\/png"}],"author":"apuntesdesanluis.com","twitter_card":"summary_large_image","twitter_misc":{"Escrito por":"apuntesdesanluis.com","Tiempo de lectura":"2 minutos"},"schema":{"@context":"https:\/\/schema.org","@graph":[{"@type":"Article","@id":"https:\/\/apuntesdesanluis.com\/index.php\/2023\/08\/26\/cerraron-la-escollera-sur-en-mar-del-plata-por-casos-de-gripe-aviar-en-lobos-marinos\/#article","isPartOf":{"@id":"https:\/\/apuntesdesanluis.com\/index.php\/2023\/08\/26\/cerraron-la-escollera-sur-en-mar-del-plata-por-casos-de-gripe-aviar-en-lobos-marinos\/"},"author":{"name":"apuntesdesanluis.com","@id":"https:\/\/apuntesdesanluis.com\/#\/schema\/person\/b55151d52296fcce64d1a72538a70b90"},"headline":"CERRARON LA ESCOLLERA SUR EN MAR DEL PLATA POR CASOS DE GRIPE AVIAR EN LOBOS MARINOS","datePublished":"2023-08-26T16:28:14+00:00","mainEntityOfPage":{"@id":"https:\/\/apuntesdesanluis.com\/index.php\/2023\/08\/26\/cerraron-la-escollera-sur-en-mar-del-plata-por-casos-de-gripe-aviar-en-lobos-marinos\/"},"wordCount":392,"publisher":{"@id":"https:\/\/apuntesdesanluis.com\/#\/schema\/person\/b55151d52296fcce64d1a72538a70b90"},"image":{"@id":"https:\/\/apuntesdesanluis.com\/index.php\/2023\/08\/26\/cerraron-la-escollera-sur-en-mar-del-plata-por-casos-de-gripe-aviar-en-lobos-marinos\/#primaryimage"},"thumbnailUrl":"https:\/\/apuntesdesanluis.com\/wp-content\/uploads\/2023\/08\/lobos-marinos.png","articleSection":["Nacionales\/Internacionales"],"inLanguage":"es-AR"},{"@type":"WebPage","@id":"https:\/\/apuntesdesanluis.com\/index.php\/2023\/08\/26\/cerraron-la-escollera-sur-en-mar-del-plata-por-casos-de-gripe-aviar-en-lobos-marinos\/","url":"https:\/\/apuntesdesanluis.com\/index.php\/2023\/08\/26\/cerraron-la-escollera-sur-en-mar-del-plata-por-casos-de-gripe-aviar-en-lobos-marinos\/","name":"CERRARON LA ESCOLLERA SUR EN MAR DEL PLATA POR CASOS DE GRIPE AVIAR EN LOBOS MARINOS - Apuntes de San Luis","isPartOf":{"@id":"https:\/\/apuntesdesanluis.com\/#website"},"primaryImageOfPage":{"@id":"https:\/\/apuntesdesanluis.com\/index.php\/2023\/08\/26\/cerraron-la-escollera-sur-en-mar-del-plata-por-casos-de-gripe-aviar-en-lobos-marinos\/#primaryimage"},"image":{"@id":"https:\/\/apuntesdesanluis.com\/index.php\/2023\/08\/26\/cerraron-la-escollera-sur-en-mar-del-plata-por-casos-de-gripe-aviar-en-lobos-marinos\/#primaryimage"},"thumbnailUrl":"https:\/\/apuntesdesanluis.com\/wp-content\/uploads\/2023\/08\/lobos-marinos.png","datePublished":"2023-08-26T16:28:14+00:00","breadcrumb":{"@id":"https:\/\/apuntesdesanluis.com\/index.php\/2023\/08\/26\/cerraron-la-escollera-sur-en-mar-del-plata-por-casos-de-gripe-aviar-en-lobos-marinos\/#breadcrumb"},"inLanguage":"es-AR","potentialAction":[{"@type":"ReadAction","target":["https:\/\/apuntesdesanluis.com\/index.php\/2023\/08\/26\/cerraron-la-escollera-sur-en-mar-del-plata-por-casos-de-gripe-aviar-en-lobos-marinos\/"]}]},{"@type":"ImageObject","inLanguage":"es-AR","@id":"https:\/\/apuntesdesanluis.com\/index.php\/2023\/08\/26\/cerraron-la-escollera-sur-en-mar-del-plata-por-casos-de-gripe-aviar-en-lobos-marinos\/#primaryimage","url":"https:\/\/apuntesdesanluis.com\/wp-content\/uploads\/2023\/08\/lobos-marinos.png","contentUrl":"https:\/\/apuntesdesanluis.com\/wp-content\/uploads\/2023\/08\/lobos-marinos.png","width":823,"height":482},{"@type":"BreadcrumbList","@id":"https:\/\/apuntesdesanluis.com\/index.php\/2023\/08\/26\/cerraron-la-escollera-sur-en-mar-del-plata-por-casos-de-gripe-aviar-en-lobos-marinos\/#breadcrumb","itemListElement":[{"@type":"ListItem","position":1,"name":"Inicio","item":"https:\/\/apuntesdesanluis.com\/"},{"@type":"ListItem","position":2,"name":"CERRARON LA ESCOLLERA SUR EN MAR DEL PLATA POR CASOS DE GRIPE AVIAR EN LOBOS MARINOS"}]},{"@type":"WebSite","@id":"https:\/\/apuntesdesanluis.com\/#website","url":"https:\/\/apuntesdesanluis.com\/","name":"Apuntes de San Luis","description":"","publisher":{"@id":"https:\/\/apuntesdesanluis.com\/#\/schema\/person\/b55151d52296fcce64d1a72538a70b90"},"potentialAction":[{"@type":"SearchAction","target":{"@type":"EntryPoint","urlTemplate":"https:\/\/apuntesdesanluis.com\/?s={search_term_string}"},"query-input":{"@type":"PropertyValueSpecification","valueRequired":true,"valueName":"search_term_string"}}],"inLanguage":"es-AR"},{"@type":["Person","Organization"],"@id":"https:\/\/apuntesdesanluis.com\/#\/schema\/person\/b55151d52296fcce64d1a72538a70b90","name":"apuntesdesanluis.com","image":{"@type":"ImageObject","inLanguage":"es-AR","@id":"https:\/\/apuntesdesanluis.com\/#\/schema\/person\/image\/","url":"https:\/\/apuntesdesanluis.com\/wp-content\/uploads\/2023\/07\/cropped-apuntesdesanluis.png","contentUrl":"https:\/\/apuntesdesanluis.com\/wp-content\/uploads\/2023\/07\/cropped-apuntesdesanluis.png","width":450,"height":112,"caption":"apuntesdesanluis.com"},"logo":{"@id":"https:\/\/apuntesdesanluis.com\/#\/schema\/person\/image\/"},"sameAs":["https:\/\/apuntesdesanluis.com"],"url":"https:\/\/apuntesdesanluis.com\/index.php\/author\/apuntesdesanluis-com\/"}]}},"featured_image_urls":{"full":["https:\/\/apuntesdesanluis.com\/wp-content\/uploads\/2023\/08\/lobos-marinos.png",823,482,false],"thumbnail":["https:\/\/apuntesdesanluis.com\/wp-content\/uploads\/2023\/08\/lobos-marinos-150x150.png",150,150,true],"medium":["https:\/\/apuntesdesanluis.com\/wp-content\/uploads\/2023\/08\/lobos-marinos-300x176.png",300,176,true],"medium_large":["https:\/\/apuntesdesanluis.com\/wp-content\/uploads\/2023\/08\/lobos-marinos-768x450.png",640,375,true],"large":["https:\/\/apuntesdesanluis.com\/wp-content\/uploads\/2023\/08\/lobos-marinos.png",640,375,false],"1536x1536":["https:\/\/apuntesdesanluis.com\/wp-content\/uploads\/2023\/08\/lobos-marinos.png",823,482,false],"2048x2048":["https:\/\/apuntesdesanluis.com\/wp-content\/uploads\/2023\/08\/lobos-marinos.png",823,482,false],"newsever-slider-full":["https:\/\/apuntesdesanluis.com\/wp-content\/uploads\/2023\/08\/lobos-marinos.png",823,482,false],"newsever-featured":["https:\/\/apuntesdesanluis.com\/wp-content\/uploads\/2023\/08\/lobos-marinos.png",823,482,false],"newsever-medium":["https:\/\/apuntesdesanluis.com\/wp-content\/uploads\/2023\/08\/lobos-marinos-720x475.png",720,475,true]},"author_info":{"display_name":"apuntesdesanluis.com","author_link":"https:\/\/apuntesdesanluis.com\/index.php\/author\/apuntesdesanluis-com\/"},"category_info":"<a href=\"https:\/\/apuntesdesanluis.com\/index.php\/category\/nacionales-internacionales\/\" rel=\"category tag\">Nacionales\/Internacionales<\/a>","tag_info":"Nacionales\/Internacionales","comment_count":"0","_links":{"self":[{"href":"https:\/\/apuntesdesanluis.com\/index.php\/wp-json\/wp\/v2\/posts\/2118","targetHints":{"allow":["GET"]}}],"collection":[{"href":"https:\/\/apuntesdesanluis.com\/index.php\/wp-json\/wp\/v2\/posts"}],"about":[{"href":"https:\/\/apuntesdesanluis.com\/index.php\/wp-json\/wp\/v2\/types\/post"}],"author":[{"embeddable":true,"href":"https:\/\/apuntesdesanluis.com\/index.php\/wp-json\/wp\/v2\/users\/1"}],"replies":[{"embeddable":true,"href":"https:\/\/apuntesdesanluis.com\/index.php\/wp-json\/wp\/v2\/comments?post=2118"}],"version-history":[{"count":1,"href":"https:\/\/apuntesdesanluis.com\/index.php\/wp-json\/wp\/v2\/posts\/2118\/revisions"}],"predecessor-version":[{"id":2120,"href":"https:\/\/apuntesdesanluis.com\/index.php\/wp-json\/wp\/v2\/posts\/2118\/revisions\/2120"}],"wp:featuredmedia":[{"embeddable":true,"href":"https:\/\/apuntesdesanluis.com\/index.php\/wp-json\/wp\/v2\/media\/2119"}],"wp:attachment":[{"href":"https:\/\/apuntesdesanluis.com\/index.php\/wp-json\/wp\/v2\/media?parent=2118"}],"wp:term":[{"taxonomy":"category","embeddable":true,"href":"https:\/\/apuntesdesanluis.com\/index.php\/wp-json\/wp\/v2\/categories?post=2118"},{"taxonomy":"post_tag","embeddable":true,"href":"https:\/\/apuntesdesanluis.com\/index.php\/wp-json\/wp\/v2\/tags?post=2118"}],"curies":[{"name":"wp","href":"https:\/\/api.w.org\/{rel}","templated":true}]}}