{"id":21181,"date":"2024-08-22T23:52:04","date_gmt":"2024-08-23T02:52:04","guid":{"rendered":"https:\/\/apuntesdesanluis.com\/?p=21181"},"modified":"2024-08-22T23:52:04","modified_gmt":"2024-08-23T02:52:04","slug":"formularon-cargos-a-dos-hombres-que-agredieron-a-efectivos-policiales","status":"publish","type":"post","link":"https:\/\/apuntesdesanluis.com\/index.php\/2024\/08\/22\/formularon-cargos-a-dos-hombres-que-agredieron-a-efectivos-policiales\/","title":{"rendered":"FORMULARON CARGOS A DOS HOMBRES QUE AGREDIERON A EFECTIVOS POLICIALES"},"content":{"rendered":"<h3>La audiencia estuvo a cargo del Juez de Garant\u00edas N\u00ba 2\u00a0\u00a0 de la Segunda Circunscripci\u00f3n, Dr. Mat\u00edas Farinazzo Tempestini.\u00a0 Como Secretaria intervino la Dra. Claudia Su\u00e1rez.<\/h3>\n<h3>Este jueves, se realiz\u00f3 una audiencia en donde formularon cargos a dos hombres por un hecho ocurrido en Villa Mercedes, el pasado 20 de agosto, aproximadamente a las 12 del mediod\u00eda.<\/h3>\n<h3>La Dra. Laura Parisi \u2013Fiscal Adjunta- relat\u00f3 que en esa oportunidad los imputados atacaron a dos efectivos policiales que se dispon\u00edan a sacar fotos en un domicilio \u2013 ubicado sobre la Avenida Mitre \u2013\u00a0 atento que se encontraban cumpliendo una orden judicial.<\/h3>\n<h3>En medio de un forcejeo, uno de los imputados le produjo una lesi\u00f3n en el dedo pulgar a una de las dos polic\u00edas. La Fiscal explic\u00f3 que, producto de esa herida, la mujer tuvo que ser intervenida quir\u00fargicamente.<\/h3>\n<h3>La Fiscal mencion\u00f3 la evidencia incorporada al legajo y formul\u00f3 cargos por el delito de atentado contra la autoridad calificado por poner manos en la autoridad para ambos imputados y para uno de ellos, tambi\u00e9n por lesiones leves calificadas por la calidad funcional de la v\u00edctima en concurso ideal. Anticip\u00f3 que pedir\u00eda prisi\u00f3n preventiva como medida de coerci\u00f3n.<\/h3>\n<h3>En tanto la Defensa, representada por los Dres. Gast\u00f3n Yllera y Ariel Becerra solicit\u00f3 la pr\u00f3rroga de detenci\u00f3n por el plazo de cuatro d\u00edas a fin de poder presentar su teor\u00eda del caso.<\/h3>\n<h3>Luego de escuchar a las partes, el Dr. Mat\u00edas Farinazzo Tempestini tuvo por admitida la formulaci\u00f3n de cargos en los t\u00e9rminos solicitados por Fiscal\u00eda, concedi\u00f3 la pr\u00f3rroga de detenci\u00f3n solicitada por la Defensa y fij\u00f3 una nueva audiencia, cuando se resolver\u00e1 la situaci\u00f3n procesal de los imputados.<\/h3>\n<p>&nbsp;<\/p>\n<p>&nbsp;<\/p>\n<p>&nbsp;<\/p>\n<p>&nbsp;<\/p>\n<p>&nbsp;<\/p>\n<p>&nbsp;<\/p>\n<p>&nbsp;<\/p>\n<p>&nbsp;<\/p>\n","protected":false},"excerpt":{"rendered":"<p>La audiencia estuvo a cargo del Juez de Garant\u00edas N\u00ba 2\u00a0\u00a0 de la Segunda Circunscripci\u00f3n,&#8230;<\/p>\n","protected":false},"author":1,"featured_media":21182,"comment_status":"closed","ping_status":"closed","sticky":false,"template":"","format":"standard","meta":{"footnotes":""},"categories":[6],"tags":[],"class_list":["post-21181","post","type-post","status-publish","format-standard","has-post-thumbnail","hentry","category-ciudad-provincia"],"yoast_head":"<!-- This site is optimized with the Yoast SEO plugin v26.1.1 - https:\/\/yoast.com\/wordpress\/plugins\/seo\/ -->\n<title>FORMULARON CARGOS A DOS HOMBRES QUE AGREDIERON A EFECTIVOS POLICIALES - Apuntes de San Luis<\/title>\n<meta name=\"robots\" content=\"index, follow, max-snippet:-1, max-image-preview:large, max-video-preview:-1\" \/>\n<link rel=\"canonical\" href=\"https:\/\/apuntesdesanluis.com\/index.php\/2024\/08\/22\/formularon-cargos-a-dos-hombres-que-agredieron-a-efectivos-policiales\/\" \/>\n<meta property=\"og:locale\" content=\"es_ES\" \/>\n<meta property=\"og:type\" content=\"article\" \/>\n<meta property=\"og:title\" content=\"FORMULARON CARGOS A DOS HOMBRES QUE AGREDIERON A EFECTIVOS POLICIALES - Apuntes de San Luis\" \/>\n<meta property=\"og:description\" content=\"La audiencia estuvo a cargo del Juez de Garant\u00edas N\u00ba 2\u00a0\u00a0 de la Segunda Circunscripci\u00f3n,...\" \/>\n<meta property=\"og:url\" content=\"https:\/\/apuntesdesanluis.com\/index.php\/2024\/08\/22\/formularon-cargos-a-dos-hombres-que-agredieron-a-efectivos-policiales\/\" \/>\n<meta property=\"og:site_name\" content=\"Apuntes de San Luis\" \/>\n<meta property=\"article:published_time\" content=\"2024-08-23T02:52:04+00:00\" \/>\n<meta property=\"og:image\" content=\"https:\/\/apuntesdesanluis.com\/wp-content\/uploads\/2024\/08\/JUICIO-1.png\" \/>\n\t<meta property=\"og:image:width\" content=\"700\" \/>\n\t<meta property=\"og:image:height\" content=\"424\" \/>\n\t<meta property=\"og:image:type\" content=\"image\/png\" \/>\n<meta name=\"author\" content=\"apuntesdesanluis.com\" \/>\n<meta name=\"twitter:card\" content=\"summary_large_image\" \/>\n<meta name=\"twitter:label1\" content=\"Escrito por\" \/>\n\t<meta name=\"twitter:data1\" content=\"apuntesdesanluis.com\" \/>\n\t<meta name=\"twitter:label2\" content=\"Tiempo de lectura\" \/>\n\t<meta name=\"twitter:data2\" content=\"2 minutos\" \/>\n<script type=\"application\/ld+json\" class=\"yoast-schema-graph\">{\"@context\":\"https:\/\/schema.org\",\"@graph\":[{\"@type\":\"Article\",\"@id\":\"https:\/\/apuntesdesanluis.com\/index.php\/2024\/08\/22\/formularon-cargos-a-dos-hombres-que-agredieron-a-efectivos-policiales\/#article\",\"isPartOf\":{\"@id\":\"https:\/\/apuntesdesanluis.com\/index.php\/2024\/08\/22\/formularon-cargos-a-dos-hombres-que-agredieron-a-efectivos-policiales\/\"},\"author\":{\"name\":\"apuntesdesanluis.com\",\"@id\":\"https:\/\/apuntesdesanluis.com\/#\/schema\/person\/b55151d52296fcce64d1a72538a70b90\"},\"headline\":\"FORMULARON CARGOS A DOS HOMBRES QUE AGREDIERON A EFECTIVOS POLICIALES\",\"datePublished\":\"2024-08-23T02:52:04+00:00\",\"mainEntityOfPage\":{\"@id\":\"https:\/\/apuntesdesanluis.com\/index.php\/2024\/08\/22\/formularon-cargos-a-dos-hombres-que-agredieron-a-efectivos-policiales\/\"},\"wordCount\":314,\"publisher\":{\"@id\":\"https:\/\/apuntesdesanluis.com\/#\/schema\/person\/b55151d52296fcce64d1a72538a70b90\"},\"image\":{\"@id\":\"https:\/\/apuntesdesanluis.com\/index.php\/2024\/08\/22\/formularon-cargos-a-dos-hombres-que-agredieron-a-efectivos-policiales\/#primaryimage\"},\"thumbnailUrl\":\"https:\/\/apuntesdesanluis.com\/wp-content\/uploads\/2024\/08\/JUICIO-1.png\",\"articleSection\":[\"Ciudad\/Provincia\"],\"inLanguage\":\"es-AR\"},{\"@type\":\"WebPage\",\"@id\":\"https:\/\/apuntesdesanluis.com\/index.php\/2024\/08\/22\/formularon-cargos-a-dos-hombres-que-agredieron-a-efectivos-policiales\/\",\"url\":\"https:\/\/apuntesdesanluis.com\/index.php\/2024\/08\/22\/formularon-cargos-a-dos-hombres-que-agredieron-a-efectivos-policiales\/\",\"name\":\"FORMULARON CARGOS A DOS HOMBRES QUE AGREDIERON A EFECTIVOS POLICIALES - Apuntes de San Luis\",\"isPartOf\":{\"@id\":\"https:\/\/apuntesdesanluis.com\/#website\"},\"primaryImageOfPage\":{\"@id\":\"https:\/\/apuntesdesanluis.com\/index.php\/2024\/08\/22\/formularon-cargos-a-dos-hombres-que-agredieron-a-efectivos-policiales\/#primaryimage\"},\"image\":{\"@id\":\"https:\/\/apuntesdesanluis.com\/index.php\/2024\/08\/22\/formularon-cargos-a-dos-hombres-que-agredieron-a-efectivos-policiales\/#primaryimage\"},\"thumbnailUrl\":\"https:\/\/apuntesdesanluis.com\/wp-content\/uploads\/2024\/08\/JUICIO-1.png\",\"datePublished\":\"2024-08-23T02:52:04+00:00\",\"breadcrumb\":{\"@id\":\"https:\/\/apuntesdesanluis.com\/index.php\/2024\/08\/22\/formularon-cargos-a-dos-hombres-que-agredieron-a-efectivos-policiales\/#breadcrumb\"},\"inLanguage\":\"es-AR\",\"potentialAction\":[{\"@type\":\"ReadAction\",\"target\":[\"https:\/\/apuntesdesanluis.com\/index.php\/2024\/08\/22\/formularon-cargos-a-dos-hombres-que-agredieron-a-efectivos-policiales\/\"]}]},{\"@type\":\"ImageObject\",\"inLanguage\":\"es-AR\",\"@id\":\"https:\/\/apuntesdesanluis.com\/index.php\/2024\/08\/22\/formularon-cargos-a-dos-hombres-que-agredieron-a-efectivos-policiales\/#primaryimage\",\"url\":\"https:\/\/apuntesdesanluis.com\/wp-content\/uploads\/2024\/08\/JUICIO-1.png\",\"contentUrl\":\"https:\/\/apuntesdesanluis.com\/wp-content\/uploads\/2024\/08\/JUICIO-1.png\",\"width\":700,\"height\":424},{\"@type\":\"BreadcrumbList\",\"@id\":\"https:\/\/apuntesdesanluis.com\/index.php\/2024\/08\/22\/formularon-cargos-a-dos-hombres-que-agredieron-a-efectivos-policiales\/#breadcrumb\",\"itemListElement\":[{\"@type\":\"ListItem\",\"position\":1,\"name\":\"Inicio\",\"item\":\"https:\/\/apuntesdesanluis.com\/\"},{\"@type\":\"ListItem\",\"position\":2,\"name\":\"FORMULARON CARGOS A DOS HOMBRES QUE AGREDIERON A EFECTIVOS POLICIALES\"}]},{\"@type\":\"WebSite\",\"@id\":\"https:\/\/apuntesdesanluis.com\/#website\",\"url\":\"https:\/\/apuntesdesanluis.com\/\",\"name\":\"Apuntes de San Luis\",\"description\":\"\",\"publisher\":{\"@id\":\"https:\/\/apuntesdesanluis.com\/#\/schema\/person\/b55151d52296fcce64d1a72538a70b90\"},\"potentialAction\":[{\"@type\":\"SearchAction\",\"target\":{\"@type\":\"EntryPoint\",\"urlTemplate\":\"https:\/\/apuntesdesanluis.com\/?s={search_term_string}\"},\"query-input\":{\"@type\":\"PropertyValueSpecification\",\"valueRequired\":true,\"valueName\":\"search_term_string\"}}],\"inLanguage\":\"es-AR\"},{\"@type\":[\"Person\",\"Organization\"],\"@id\":\"https:\/\/apuntesdesanluis.com\/#\/schema\/person\/b55151d52296fcce64d1a72538a70b90\",\"name\":\"apuntesdesanluis.com\",\"image\":{\"@type\":\"ImageObject\",\"inLanguage\":\"es-AR\",\"@id\":\"https:\/\/apuntesdesanluis.com\/#\/schema\/person\/image\/\",\"url\":\"https:\/\/apuntesdesanluis.com\/wp-content\/uploads\/2023\/07\/cropped-apuntesdesanluis.png\",\"contentUrl\":\"https:\/\/apuntesdesanluis.com\/wp-content\/uploads\/2023\/07\/cropped-apuntesdesanluis.png\",\"width\":450,\"height\":112,\"caption\":\"apuntesdesanluis.com\"},\"logo\":{\"@id\":\"https:\/\/apuntesdesanluis.com\/#\/schema\/person\/image\/\"},\"sameAs\":[\"https:\/\/apuntesdesanluis.com\"],\"url\":\"https:\/\/apuntesdesanluis.com\/index.php\/author\/apuntesdesanluis-com\/\"}]}<\/script>\n<!-- \/ Yoast SEO plugin. -->","yoast_head_json":{"title":"FORMULARON CARGOS A DOS HOMBRES QUE AGREDIERON A EFECTIVOS POLICIALES - Apuntes de San Luis","robots":{"index":"index","follow":"follow","max-snippet":"max-snippet:-1","max-image-preview":"max-image-preview:large","max-video-preview":"max-video-preview:-1"},"canonical":"https:\/\/apuntesdesanluis.com\/index.php\/2024\/08\/22\/formularon-cargos-a-dos-hombres-que-agredieron-a-efectivos-policiales\/","og_locale":"es_ES","og_type":"article","og_title":"FORMULARON CARGOS A DOS HOMBRES QUE AGREDIERON A EFECTIVOS POLICIALES - Apuntes de San Luis","og_description":"La audiencia estuvo a cargo del Juez de Garant\u00edas N\u00ba 2\u00a0\u00a0 de la Segunda Circunscripci\u00f3n,...","og_url":"https:\/\/apuntesdesanluis.com\/index.php\/2024\/08\/22\/formularon-cargos-a-dos-hombres-que-agredieron-a-efectivos-policiales\/","og_site_name":"Apuntes de San Luis","article_published_time":"2024-08-23T02:52:04+00:00","og_image":[{"width":700,"height":424,"url":"https:\/\/apuntesdesanluis.com\/wp-content\/uploads\/2024\/08\/JUICIO-1.png","type":"image\/png"}],"author":"apuntesdesanluis.com","twitter_card":"summary_large_image","twitter_misc":{"Escrito por":"apuntesdesanluis.com","Tiempo de lectura":"2 minutos"},"schema":{"@context":"https:\/\/schema.org","@graph":[{"@type":"Article","@id":"https:\/\/apuntesdesanluis.com\/index.php\/2024\/08\/22\/formularon-cargos-a-dos-hombres-que-agredieron-a-efectivos-policiales\/#article","isPartOf":{"@id":"https:\/\/apuntesdesanluis.com\/index.php\/2024\/08\/22\/formularon-cargos-a-dos-hombres-que-agredieron-a-efectivos-policiales\/"},"author":{"name":"apuntesdesanluis.com","@id":"https:\/\/apuntesdesanluis.com\/#\/schema\/person\/b55151d52296fcce64d1a72538a70b90"},"headline":"FORMULARON CARGOS A DOS HOMBRES QUE AGREDIERON A EFECTIVOS POLICIALES","datePublished":"2024-08-23T02:52:04+00:00","mainEntityOfPage":{"@id":"https:\/\/apuntesdesanluis.com\/index.php\/2024\/08\/22\/formularon-cargos-a-dos-hombres-que-agredieron-a-efectivos-policiales\/"},"wordCount":314,"publisher":{"@id":"https:\/\/apuntesdesanluis.com\/#\/schema\/person\/b55151d52296fcce64d1a72538a70b90"},"image":{"@id":"https:\/\/apuntesdesanluis.com\/index.php\/2024\/08\/22\/formularon-cargos-a-dos-hombres-que-agredieron-a-efectivos-policiales\/#primaryimage"},"thumbnailUrl":"https:\/\/apuntesdesanluis.com\/wp-content\/uploads\/2024\/08\/JUICIO-1.png","articleSection":["Ciudad\/Provincia"],"inLanguage":"es-AR"},{"@type":"WebPage","@id":"https:\/\/apuntesdesanluis.com\/index.php\/2024\/08\/22\/formularon-cargos-a-dos-hombres-que-agredieron-a-efectivos-policiales\/","url":"https:\/\/apuntesdesanluis.com\/index.php\/2024\/08\/22\/formularon-cargos-a-dos-hombres-que-agredieron-a-efectivos-policiales\/","name":"FORMULARON CARGOS A DOS HOMBRES QUE AGREDIERON A EFECTIVOS POLICIALES - Apuntes de San Luis","isPartOf":{"@id":"https:\/\/apuntesdesanluis.com\/#website"},"primaryImageOfPage":{"@id":"https:\/\/apuntesdesanluis.com\/index.php\/2024\/08\/22\/formularon-cargos-a-dos-hombres-que-agredieron-a-efectivos-policiales\/#primaryimage"},"image":{"@id":"https:\/\/apuntesdesanluis.com\/index.php\/2024\/08\/22\/formularon-cargos-a-dos-hombres-que-agredieron-a-efectivos-policiales\/#primaryimage"},"thumbnailUrl":"https:\/\/apuntesdesanluis.com\/wp-content\/uploads\/2024\/08\/JUICIO-1.png","datePublished":"2024-08-23T02:52:04+00:00","breadcrumb":{"@id":"https:\/\/apuntesdesanluis.com\/index.php\/2024\/08\/22\/formularon-cargos-a-dos-hombres-que-agredieron-a-efectivos-policiales\/#breadcrumb"},"inLanguage":"es-AR","potentialAction":[{"@type":"ReadAction","target":["https:\/\/apuntesdesanluis.com\/index.php\/2024\/08\/22\/formularon-cargos-a-dos-hombres-que-agredieron-a-efectivos-policiales\/"]}]},{"@type":"ImageObject","inLanguage":"es-AR","@id":"https:\/\/apuntesdesanluis.com\/index.php\/2024\/08\/22\/formularon-cargos-a-dos-hombres-que-agredieron-a-efectivos-policiales\/#primaryimage","url":"https:\/\/apuntesdesanluis.com\/wp-content\/uploads\/2024\/08\/JUICIO-1.png","contentUrl":"https:\/\/apuntesdesanluis.com\/wp-content\/uploads\/2024\/08\/JUICIO-1.png","width":700,"height":424},{"@type":"BreadcrumbList","@id":"https:\/\/apuntesdesanluis.com\/index.php\/2024\/08\/22\/formularon-cargos-a-dos-hombres-que-agredieron-a-efectivos-policiales\/#breadcrumb","itemListElement":[{"@type":"ListItem","position":1,"name":"Inicio","item":"https:\/\/apuntesdesanluis.com\/"},{"@type":"ListItem","position":2,"name":"FORMULARON CARGOS A DOS HOMBRES QUE AGREDIERON A EFECTIVOS POLICIALES"}]},{"@type":"WebSite","@id":"https:\/\/apuntesdesanluis.com\/#website","url":"https:\/\/apuntesdesanluis.com\/","name":"Apuntes de San Luis","description":"","publisher":{"@id":"https:\/\/apuntesdesanluis.com\/#\/schema\/person\/b55151d52296fcce64d1a72538a70b90"},"potentialAction":[{"@type":"SearchAction","target":{"@type":"EntryPoint","urlTemplate":"https:\/\/apuntesdesanluis.com\/?s={search_term_string}"},"query-input":{"@type":"PropertyValueSpecification","valueRequired":true,"valueName":"search_term_string"}}],"inLanguage":"es-AR"},{"@type":["Person","Organization"],"@id":"https:\/\/apuntesdesanluis.com\/#\/schema\/person\/b55151d52296fcce64d1a72538a70b90","name":"apuntesdesanluis.com","image":{"@type":"ImageObject","inLanguage":"es-AR","@id":"https:\/\/apuntesdesanluis.com\/#\/schema\/person\/image\/","url":"https:\/\/apuntesdesanluis.com\/wp-content\/uploads\/2023\/07\/cropped-apuntesdesanluis.png","contentUrl":"https:\/\/apuntesdesanluis.com\/wp-content\/uploads\/2023\/07\/cropped-apuntesdesanluis.png","width":450,"height":112,"caption":"apuntesdesanluis.com"},"logo":{"@id":"https:\/\/apuntesdesanluis.com\/#\/schema\/person\/image\/"},"sameAs":["https:\/\/apuntesdesanluis.com"],"url":"https:\/\/apuntesdesanluis.com\/index.php\/author\/apuntesdesanluis-com\/"}]}},"featured_image_urls":{"full":["https:\/\/apuntesdesanluis.com\/wp-content\/uploads\/2024\/08\/JUICIO-1.png",700,424,false],"thumbnail":["https:\/\/apuntesdesanluis.com\/wp-content\/uploads\/2024\/08\/JUICIO-1-150x150.png",150,150,true],"medium":["https:\/\/apuntesdesanluis.com\/wp-content\/uploads\/2024\/08\/JUICIO-1-300x182.png",300,182,true],"medium_large":["https:\/\/apuntesdesanluis.com\/wp-content\/uploads\/2024\/08\/JUICIO-1.png",640,388,false],"large":["https:\/\/apuntesdesanluis.com\/wp-content\/uploads\/2024\/08\/JUICIO-1.png",640,388,false],"1536x1536":["https:\/\/apuntesdesanluis.com\/wp-content\/uploads\/2024\/08\/JUICIO-1.png",700,424,false],"2048x2048":["https:\/\/apuntesdesanluis.com\/wp-content\/uploads\/2024\/08\/JUICIO-1.png",700,424,false],"newsever-slider-full":["https:\/\/apuntesdesanluis.com\/wp-content\/uploads\/2024\/08\/JUICIO-1.png",700,424,false],"newsever-featured":["https:\/\/apuntesdesanluis.com\/wp-content\/uploads\/2024\/08\/JUICIO-1.png",700,424,false],"newsever-medium":["https:\/\/apuntesdesanluis.com\/wp-content\/uploads\/2024\/08\/JUICIO-1.png",700,424,false]},"author_info":{"display_name":"apuntesdesanluis.com","author_link":"https:\/\/apuntesdesanluis.com\/index.php\/author\/apuntesdesanluis-com\/"},"category_info":"<a href=\"https:\/\/apuntesdesanluis.com\/index.php\/category\/ciudad-provincia\/\" rel=\"category tag\">Ciudad\/Provincia<\/a>","tag_info":"Ciudad\/Provincia","comment_count":"0","_links":{"self":[{"href":"https:\/\/apuntesdesanluis.com\/index.php\/wp-json\/wp\/v2\/posts\/21181","targetHints":{"allow":["GET"]}}],"collection":[{"href":"https:\/\/apuntesdesanluis.com\/index.php\/wp-json\/wp\/v2\/posts"}],"about":[{"href":"https:\/\/apuntesdesanluis.com\/index.php\/wp-json\/wp\/v2\/types\/post"}],"author":[{"embeddable":true,"href":"https:\/\/apuntesdesanluis.com\/index.php\/wp-json\/wp\/v2\/users\/1"}],"replies":[{"embeddable":true,"href":"https:\/\/apuntesdesanluis.com\/index.php\/wp-json\/wp\/v2\/comments?post=21181"}],"version-history":[{"count":1,"href":"https:\/\/apuntesdesanluis.com\/index.php\/wp-json\/wp\/v2\/posts\/21181\/revisions"}],"predecessor-version":[{"id":21183,"href":"https:\/\/apuntesdesanluis.com\/index.php\/wp-json\/wp\/v2\/posts\/21181\/revisions\/21183"}],"wp:featuredmedia":[{"embeddable":true,"href":"https:\/\/apuntesdesanluis.com\/index.php\/wp-json\/wp\/v2\/media\/21182"}],"wp:attachment":[{"href":"https:\/\/apuntesdesanluis.com\/index.php\/wp-json\/wp\/v2\/media?parent=21181"}],"wp:term":[{"taxonomy":"category","embeddable":true,"href":"https:\/\/apuntesdesanluis.com\/index.php\/wp-json\/wp\/v2\/categories?post=21181"},{"taxonomy":"post_tag","embeddable":true,"href":"https:\/\/apuntesdesanluis.com\/index.php\/wp-json\/wp\/v2\/tags?post=21181"}],"curies":[{"name":"wp","href":"https:\/\/api.w.org\/{rel}","templated":true}]}}