{"id":21184,"date":"2024-08-23T00:13:26","date_gmt":"2024-08-23T03:13:26","guid":{"rendered":"https:\/\/apuntesdesanluis.com\/?p=21184"},"modified":"2024-08-23T00:13:45","modified_gmt":"2024-08-23T03:13:45","slug":"la-unvime-unauguro-el-centro-de-salud-integral-dr-fernando-romero","status":"publish","type":"post","link":"https:\/\/apuntesdesanluis.com\/index.php\/2024\/08\/23\/la-unvime-unauguro-el-centro-de-salud-integral-dr-fernando-romero\/","title":{"rendered":"LA UNVIME INAUGUR\u00d3 EL CENTRO DE SALUD INTEGRAL DR. FERNANDO ROMERO"},"content":{"rendered":"<h3>Tras un emotivo acto, se puso en marcha ayer jueves este espacio que evoca aquel anhelo del querido m\u00e9dico, fallecido en el a\u00f1o 2020. Participaron autoridades provinciales y municipales, junto a miembros de la comunidad universitaria y familiares del recordado doctor.<\/h3>\n<h3>La ceremonia comenz\u00f3 a las 10 de la ma\u00f1ana en las instalaciones de calle Las Heras 377, inmueble que pertenece a la Universidad y que fue acondicionado y habilitado para funcionar como centro de salud.<\/h3>\n<p><img fetchpriority=\"high\" decoding=\"async\" class=\"wp-image-21186 aligncenter\" src=\"https:\/\/apuntesdesanluis.com\/wp-content\/uploads\/2024\/08\/rector-y-gober-300x207.png\" alt=\"\" width=\"536\" height=\"370\" srcset=\"https:\/\/apuntesdesanluis.com\/wp-content\/uploads\/2024\/08\/rector-y-gober-300x207.png 300w, https:\/\/apuntesdesanluis.com\/wp-content\/uploads\/2024\/08\/rector-y-gober.png 557w\" sizes=\"(max-width: 536px) 100vw, 536px\" \/><\/p>\n<h3>Estuvo presidida por el Rector <strong>Marcelo Sosa<\/strong>, el Vicerrector <strong>Santiago Farenga<\/strong>, familiares del Dr. <strong>Fernando Romero<\/strong>, junto al Gobernador de la Provincia <strong>Claudio Poggi<\/strong>, el Intendente <strong>Maximiliano Frontera<\/strong>, la Viceintendenta <strong>Silvina Galetto<\/strong> y la Directora del Policl\u00ednico Regional \u201cJuan Domingo Per\u00f3n\u201d, Dra. <strong>Berta Arenas<\/strong>.<\/h3>\n<h3>Participaron, adem\u00e1s, ministros de gabinete, legisladores provinciales y municipales, concejales, autoridades educativas, integrantes del equipo de gesti\u00f3n de la UNViMe, Directores de Departamentos y de Escuelas, Coordinadores de Carreras, Personal Docente y Nodocente, representantes gremiales de SITUNViMe, ADOI y SINDUP San Luis, estudiantes y graduados.<\/h3>\n<p><img decoding=\"async\" class=\"wp-image-21187 aligncenter\" src=\"https:\/\/apuntesdesanluis.com\/wp-content\/uploads\/2024\/08\/luciano-300x180.png\" alt=\"\" width=\"542\" height=\"325\" srcset=\"https:\/\/apuntesdesanluis.com\/wp-content\/uploads\/2024\/08\/luciano-300x180.png 300w, https:\/\/apuntesdesanluis.com\/wp-content\/uploads\/2024\/08\/luciano.png 672w\" sizes=\"(max-width: 542px) 100vw, 542px\" \/><\/p>\n<h3>Al comienzo, se hizo lectura de una salutaci\u00f3n del Sindicato de Trabajadores de la UNViMe, donde se expresa: \u201cCelebramos fervientemente la decisi\u00f3n de que este centro de salud lleve el nombre nuestro querido compa\u00f1ero Nodocente, Dr. Fernando Romero\u201d.<\/h3>\n<h3>\u201cEl Dr. Romero sin dudas fue un profesional que le dedic\u00f3 su vida a la salud p\u00fablica y, en su tr\u00e1nsito por nuestra universidad, fue incansable su labor profesional y como compa\u00f1ero Nodocente; un muy buen amigo a quien no olvidaremos jam\u00e1s\u201d, contin\u00faa el comunicado.<\/h3>\n<p><img decoding=\"async\" class=\"wp-image-21188 aligncenter\" src=\"https:\/\/apuntesdesanluis.com\/wp-content\/uploads\/2024\/08\/centro-de-salud-300x172.png\" alt=\"\" width=\"555\" height=\"318\" srcset=\"https:\/\/apuntesdesanluis.com\/wp-content\/uploads\/2024\/08\/centro-de-salud-300x172.png 300w, https:\/\/apuntesdesanluis.com\/wp-content\/uploads\/2024\/08\/centro-de-salud.png 700w\" sizes=\"(max-width: 555px) 100vw, 555px\" \/><\/p>\n<h3>\u201cSaludamos a su familia y seguiremos honrando su memoria en cada acci\u00f3n que en este centro de salud se lleve adelante\u201d, finaliza el pronunciamiento de la Comisi\u00f3n Directiva de SITUNViMe, firmado porel Secretario General Walter Rold\u00e1n y la Secretaria Adjunta, Gisela Bustos.<\/h3>\n<h3>ANTECEDENTES<\/h3>\n<h3>Durante la apertura se hizo un repaso hist\u00f3rico recordando los or\u00edgenes de la Casa de la Salud en la UNViMe que, en agosto de 2016, funcionaba en calle Potos\u00ed de nuestra ciudad. All\u00ed se brindaba atenci\u00f3n a pacientes sin obra social por parte de docentes y estudiantes avanzados de la Licenciatura en Kinesiolog\u00eda y Fisiatr\u00eda, bajo la direcci\u00f3n m\u00e9dica del Dr. Fernando Romero.<\/h3>\n<p><img loading=\"lazy\" decoding=\"async\" class=\"wp-image-21189 aligncenter\" src=\"https:\/\/apuntesdesanluis.com\/wp-content\/uploads\/2024\/08\/box-300x201.png\" alt=\"\" width=\"551\" height=\"369\" srcset=\"https:\/\/apuntesdesanluis.com\/wp-content\/uploads\/2024\/08\/box-300x201.png 300w, https:\/\/apuntesdesanluis.com\/wp-content\/uploads\/2024\/08\/box-768x514.png 768w, https:\/\/apuntesdesanluis.com\/wp-content\/uploads\/2024\/08\/box.png 802w\" sizes=\"(max-width: 551px) 100vw, 551px\" \/><\/p>\n<h3>Se record\u00f3 que, en noviembre de 2019, el Dr. Romero present\u00f3 el proyecto de creaci\u00f3n del Centro de Salud Integral, con el objetivo de brindar y ampliar la atenci\u00f3n en salud, destinado a todo el personal docente, Nodocente, estudiantes y graduados de nuestra Universidad. Un a\u00f1o despu\u00e9s y producto de complicaciones a causa del COVID, la UNViMe y la comunidad de Villa Mercedes, sufr\u00edan la p\u00e9rdida del querido doctor, quedando su proyecto sin seguimiento.<\/h3>\n<h3>En mayo de este a\u00f1o, la gesti\u00f3n asumi\u00f3 el compromiso de dar inicio nuevamente a sue\u00f1o de toda la comunidad universitaria de continuar su legado, a partir del concepto de responsabilidad social universitaria.<\/h3>\n<h3>Tras esta introducci\u00f3n, tom\u00f3 la palabra Luciano Romero, hijo del Dr. Fernando Romero, quien estaba acompa\u00f1ado por Ana, su madre, esposa del Dr. Fernando Romero, una hermana y nietos del m\u00e9dico pediatra.<\/h3>\n<h3><img loading=\"lazy\" decoding=\"async\" class=\"wp-image-21190 aligncenter\" src=\"https:\/\/apuntesdesanluis.com\/wp-content\/uploads\/2024\/08\/familia-300x205.png\" alt=\"\" width=\"575\" height=\"393\" srcset=\"https:\/\/apuntesdesanluis.com\/wp-content\/uploads\/2024\/08\/familia-300x205.png 300w, https:\/\/apuntesdesanluis.com\/wp-content\/uploads\/2024\/08\/familia.png 561w\" sizes=\"(max-width: 575px) 100vw, 575px\" \/><\/h3>\n<h3>El joven expres\u00f3 el agradecimiento de toda su familia hacia la universidad por este reconocimiento hacia su padre, recordando que \u00e9l \u201csiempre hablaba de humanizar la medicina, y es un orgullo saber que se va a seguir su legado\u201d.<\/h3>\n<h3>Seguidamente, se dirigi\u00f3 a los presentes el Rector de la UNViMe, Dr. Marcelo Sosa, quien salud\u00f3 a los familiares del Dr. Romero, a las autoridades provinciales y municipales y al p\u00fablico presente.<\/h3>\n<h3>Destac\u00f3 luego la figura del prestigioso m\u00e9dico que da su nombre al Centro de Salud Integral, que estar\u00e1 destinado en la primera etapa a las actividades acad\u00e9micas y luego a la atenci\u00f3n hacia la comunidad.<\/h3>\n<h3>A continuaci\u00f3n, se procedi\u00f3 al descubrimiento de una placa conmemorativa, donde se invit\u00f3 a la Regente del Centro de Salud, Mgter. Vanesa Cassano, junto a la esposa del Dr. Fernando Romero; la Directora de la Escuela de Ciencias de la Salud, Lic. Paola Mu\u00f1oz, el Vicerrector Santiago Farenga, el Rector Marcelo Sosa, el Intendente Maximiliano Frontera y el Gobernador de la Provincia, Claudio Poggi.<\/h3>\n<h3>En ese marco, el Dr. Sosa hizo entrega de un presente a la se\u00f1ora esposa del Dr. Romero, como muestra de agradecimiento y reconocimiento de toda la comunidad universitaria a tal emblema para la salud en nuestra ciudad.<\/h3>\n<h3>Finalmente, se concret\u00f3 el tradicional corte de cinta, momento que cosech\u00f3 un nutrido aplauso de todos los presentes y, acto seguido, se inici\u00f3 la recorrida por las instalaciones de este inmueble que, desde hoy, continuar\u00e1 el legado de este m\u00e9dico, alguien muy cercano y querido, quien supo inculcar a sus estudiantes de Ciencias de la Salud: \u201cBrindemos a nuestros pacientes amor y tiempo, humanizando la Medicina\u201d.<\/h3>\n<p>&nbsp;<\/p>\n<p>&nbsp;<\/p>\n<p>&nbsp;<\/p>\n<p>&nbsp;<\/p>\n<p>&nbsp;<\/p>\n<p>&nbsp;<\/p>\n","protected":false},"excerpt":{"rendered":"<p>Tras un emotivo acto, se puso en marcha ayer jueves este espacio que evoca aquel&#8230;<\/p>\n","protected":false},"author":1,"featured_media":21185,"comment_status":"closed","ping_status":"closed","sticky":false,"template":"","format":"standard","meta":{"footnotes":""},"categories":[6],"tags":[],"class_list":["post-21184","post","type-post","status-publish","format-standard","has-post-thumbnail","hentry","category-ciudad-provincia"],"yoast_head":"<!-- This site is optimized with the Yoast SEO plugin v26.1.1 - https:\/\/yoast.com\/wordpress\/plugins\/seo\/ -->\n<title>LA UNVIME INAUGUR\u00d3 EL CENTRO DE SALUD INTEGRAL DR. FERNANDO ROMERO - Apuntes de San Luis<\/title>\n<meta name=\"robots\" content=\"index, follow, max-snippet:-1, max-image-preview:large, max-video-preview:-1\" \/>\n<link rel=\"canonical\" href=\"https:\/\/apuntesdesanluis.com\/index.php\/2024\/08\/23\/la-unvime-unauguro-el-centro-de-salud-integral-dr-fernando-romero\/\" \/>\n<meta property=\"og:locale\" content=\"es_ES\" \/>\n<meta property=\"og:type\" content=\"article\" \/>\n<meta property=\"og:title\" content=\"LA UNVIME INAUGUR\u00d3 EL CENTRO DE SALUD INTEGRAL DR. FERNANDO ROMERO - Apuntes de San Luis\" \/>\n<meta property=\"og:description\" content=\"Tras un emotivo acto, se puso en marcha ayer jueves este espacio que evoca aquel...\" \/>\n<meta property=\"og:url\" content=\"https:\/\/apuntesdesanluis.com\/index.php\/2024\/08\/23\/la-unvime-unauguro-el-centro-de-salud-integral-dr-fernando-romero\/\" \/>\n<meta property=\"og:site_name\" content=\"Apuntes de San Luis\" \/>\n<meta property=\"article:published_time\" content=\"2024-08-23T03:13:26+00:00\" \/>\n<meta property=\"article:modified_time\" content=\"2024-08-23T03:13:45+00:00\" \/>\n<meta property=\"og:image\" content=\"https:\/\/apuntesdesanluis.com\/wp-content\/uploads\/2024\/08\/dr.-sosa-placa.png\" \/>\n\t<meta property=\"og:image:width\" content=\"642\" \/>\n\t<meta property=\"og:image:height\" content=\"390\" \/>\n\t<meta property=\"og:image:type\" content=\"image\/png\" \/>\n<meta name=\"author\" content=\"apuntesdesanluis.com\" \/>\n<meta name=\"twitter:card\" content=\"summary_large_image\" \/>\n<meta name=\"twitter:label1\" content=\"Escrito por\" \/>\n\t<meta name=\"twitter:data1\" content=\"apuntesdesanluis.com\" \/>\n\t<meta name=\"twitter:label2\" content=\"Tiempo de lectura\" \/>\n\t<meta name=\"twitter:data2\" content=\"5 minutos\" \/>\n<script type=\"application\/ld+json\" class=\"yoast-schema-graph\">{\"@context\":\"https:\/\/schema.org\",\"@graph\":[{\"@type\":\"Article\",\"@id\":\"https:\/\/apuntesdesanluis.com\/index.php\/2024\/08\/23\/la-unvime-unauguro-el-centro-de-salud-integral-dr-fernando-romero\/#article\",\"isPartOf\":{\"@id\":\"https:\/\/apuntesdesanluis.com\/index.php\/2024\/08\/23\/la-unvime-unauguro-el-centro-de-salud-integral-dr-fernando-romero\/\"},\"author\":{\"name\":\"apuntesdesanluis.com\",\"@id\":\"https:\/\/apuntesdesanluis.com\/#\/schema\/person\/b55151d52296fcce64d1a72538a70b90\"},\"headline\":\"LA UNVIME INAUGUR\u00d3 EL CENTRO DE SALUD INTEGRAL DR. FERNANDO ROMERO\",\"datePublished\":\"2024-08-23T03:13:26+00:00\",\"dateModified\":\"2024-08-23T03:13:45+00:00\",\"mainEntityOfPage\":{\"@id\":\"https:\/\/apuntesdesanluis.com\/index.php\/2024\/08\/23\/la-unvime-unauguro-el-centro-de-salud-integral-dr-fernando-romero\/\"},\"wordCount\":824,\"publisher\":{\"@id\":\"https:\/\/apuntesdesanluis.com\/#\/schema\/person\/b55151d52296fcce64d1a72538a70b90\"},\"image\":{\"@id\":\"https:\/\/apuntesdesanluis.com\/index.php\/2024\/08\/23\/la-unvime-unauguro-el-centro-de-salud-integral-dr-fernando-romero\/#primaryimage\"},\"thumbnailUrl\":\"https:\/\/apuntesdesanluis.com\/wp-content\/uploads\/2024\/08\/dr.-sosa-placa.png\",\"articleSection\":[\"Ciudad\/Provincia\"],\"inLanguage\":\"es-AR\"},{\"@type\":\"WebPage\",\"@id\":\"https:\/\/apuntesdesanluis.com\/index.php\/2024\/08\/23\/la-unvime-unauguro-el-centro-de-salud-integral-dr-fernando-romero\/\",\"url\":\"https:\/\/apuntesdesanluis.com\/index.php\/2024\/08\/23\/la-unvime-unauguro-el-centro-de-salud-integral-dr-fernando-romero\/\",\"name\":\"LA UNVIME INAUGUR\u00d3 EL CENTRO DE SALUD INTEGRAL DR. FERNANDO ROMERO - Apuntes de San Luis\",\"isPartOf\":{\"@id\":\"https:\/\/apuntesdesanluis.com\/#website\"},\"primaryImageOfPage\":{\"@id\":\"https:\/\/apuntesdesanluis.com\/index.php\/2024\/08\/23\/la-unvime-unauguro-el-centro-de-salud-integral-dr-fernando-romero\/#primaryimage\"},\"image\":{\"@id\":\"https:\/\/apuntesdesanluis.com\/index.php\/2024\/08\/23\/la-unvime-unauguro-el-centro-de-salud-integral-dr-fernando-romero\/#primaryimage\"},\"thumbnailUrl\":\"https:\/\/apuntesdesanluis.com\/wp-content\/uploads\/2024\/08\/dr.-sosa-placa.png\",\"datePublished\":\"2024-08-23T03:13:26+00:00\",\"dateModified\":\"2024-08-23T03:13:45+00:00\",\"breadcrumb\":{\"@id\":\"https:\/\/apuntesdesanluis.com\/index.php\/2024\/08\/23\/la-unvime-unauguro-el-centro-de-salud-integral-dr-fernando-romero\/#breadcrumb\"},\"inLanguage\":\"es-AR\",\"potentialAction\":[{\"@type\":\"ReadAction\",\"target\":[\"https:\/\/apuntesdesanluis.com\/index.php\/2024\/08\/23\/la-unvime-unauguro-el-centro-de-salud-integral-dr-fernando-romero\/\"]}]},{\"@type\":\"ImageObject\",\"inLanguage\":\"es-AR\",\"@id\":\"https:\/\/apuntesdesanluis.com\/index.php\/2024\/08\/23\/la-unvime-unauguro-el-centro-de-salud-integral-dr-fernando-romero\/#primaryimage\",\"url\":\"https:\/\/apuntesdesanluis.com\/wp-content\/uploads\/2024\/08\/dr.-sosa-placa.png\",\"contentUrl\":\"https:\/\/apuntesdesanluis.com\/wp-content\/uploads\/2024\/08\/dr.-sosa-placa.png\",\"width\":642,\"height\":390},{\"@type\":\"BreadcrumbList\",\"@id\":\"https:\/\/apuntesdesanluis.com\/index.php\/2024\/08\/23\/la-unvime-unauguro-el-centro-de-salud-integral-dr-fernando-romero\/#breadcrumb\",\"itemListElement\":[{\"@type\":\"ListItem\",\"position\":1,\"name\":\"Inicio\",\"item\":\"https:\/\/apuntesdesanluis.com\/\"},{\"@type\":\"ListItem\",\"position\":2,\"name\":\"LA UNVIME INAUGUR\u00d3 EL CENTRO DE SALUD INTEGRAL DR. FERNANDO ROMERO\"}]},{\"@type\":\"WebSite\",\"@id\":\"https:\/\/apuntesdesanluis.com\/#website\",\"url\":\"https:\/\/apuntesdesanluis.com\/\",\"name\":\"Apuntes de San Luis\",\"description\":\"\",\"publisher\":{\"@id\":\"https:\/\/apuntesdesanluis.com\/#\/schema\/person\/b55151d52296fcce64d1a72538a70b90\"},\"potentialAction\":[{\"@type\":\"SearchAction\",\"target\":{\"@type\":\"EntryPoint\",\"urlTemplate\":\"https:\/\/apuntesdesanluis.com\/?s={search_term_string}\"},\"query-input\":{\"@type\":\"PropertyValueSpecification\",\"valueRequired\":true,\"valueName\":\"search_term_string\"}}],\"inLanguage\":\"es-AR\"},{\"@type\":[\"Person\",\"Organization\"],\"@id\":\"https:\/\/apuntesdesanluis.com\/#\/schema\/person\/b55151d52296fcce64d1a72538a70b90\",\"name\":\"apuntesdesanluis.com\",\"image\":{\"@type\":\"ImageObject\",\"inLanguage\":\"es-AR\",\"@id\":\"https:\/\/apuntesdesanluis.com\/#\/schema\/person\/image\/\",\"url\":\"https:\/\/apuntesdesanluis.com\/wp-content\/uploads\/2023\/07\/cropped-apuntesdesanluis.png\",\"contentUrl\":\"https:\/\/apuntesdesanluis.com\/wp-content\/uploads\/2023\/07\/cropped-apuntesdesanluis.png\",\"width\":450,\"height\":112,\"caption\":\"apuntesdesanluis.com\"},\"logo\":{\"@id\":\"https:\/\/apuntesdesanluis.com\/#\/schema\/person\/image\/\"},\"sameAs\":[\"https:\/\/apuntesdesanluis.com\"],\"url\":\"https:\/\/apuntesdesanluis.com\/index.php\/author\/apuntesdesanluis-com\/\"}]}<\/script>\n<!-- \/ Yoast SEO plugin. -->","yoast_head_json":{"title":"LA UNVIME INAUGUR\u00d3 EL CENTRO DE SALUD INTEGRAL DR. FERNANDO ROMERO - Apuntes de San Luis","robots":{"index":"index","follow":"follow","max-snippet":"max-snippet:-1","max-image-preview":"max-image-preview:large","max-video-preview":"max-video-preview:-1"},"canonical":"https:\/\/apuntesdesanluis.com\/index.php\/2024\/08\/23\/la-unvime-unauguro-el-centro-de-salud-integral-dr-fernando-romero\/","og_locale":"es_ES","og_type":"article","og_title":"LA UNVIME INAUGUR\u00d3 EL CENTRO DE SALUD INTEGRAL DR. FERNANDO ROMERO - Apuntes de San Luis","og_description":"Tras un emotivo acto, se puso en marcha ayer jueves este espacio que evoca aquel...","og_url":"https:\/\/apuntesdesanluis.com\/index.php\/2024\/08\/23\/la-unvime-unauguro-el-centro-de-salud-integral-dr-fernando-romero\/","og_site_name":"Apuntes de San Luis","article_published_time":"2024-08-23T03:13:26+00:00","article_modified_time":"2024-08-23T03:13:45+00:00","og_image":[{"width":642,"height":390,"url":"https:\/\/apuntesdesanluis.com\/wp-content\/uploads\/2024\/08\/dr.-sosa-placa.png","type":"image\/png"}],"author":"apuntesdesanluis.com","twitter_card":"summary_large_image","twitter_misc":{"Escrito por":"apuntesdesanluis.com","Tiempo de lectura":"5 minutos"},"schema":{"@context":"https:\/\/schema.org","@graph":[{"@type":"Article","@id":"https:\/\/apuntesdesanluis.com\/index.php\/2024\/08\/23\/la-unvime-unauguro-el-centro-de-salud-integral-dr-fernando-romero\/#article","isPartOf":{"@id":"https:\/\/apuntesdesanluis.com\/index.php\/2024\/08\/23\/la-unvime-unauguro-el-centro-de-salud-integral-dr-fernando-romero\/"},"author":{"name":"apuntesdesanluis.com","@id":"https:\/\/apuntesdesanluis.com\/#\/schema\/person\/b55151d52296fcce64d1a72538a70b90"},"headline":"LA UNVIME INAUGUR\u00d3 EL CENTRO DE SALUD INTEGRAL DR. FERNANDO ROMERO","datePublished":"2024-08-23T03:13:26+00:00","dateModified":"2024-08-23T03:13:45+00:00","mainEntityOfPage":{"@id":"https:\/\/apuntesdesanluis.com\/index.php\/2024\/08\/23\/la-unvime-unauguro-el-centro-de-salud-integral-dr-fernando-romero\/"},"wordCount":824,"publisher":{"@id":"https:\/\/apuntesdesanluis.com\/#\/schema\/person\/b55151d52296fcce64d1a72538a70b90"},"image":{"@id":"https:\/\/apuntesdesanluis.com\/index.php\/2024\/08\/23\/la-unvime-unauguro-el-centro-de-salud-integral-dr-fernando-romero\/#primaryimage"},"thumbnailUrl":"https:\/\/apuntesdesanluis.com\/wp-content\/uploads\/2024\/08\/dr.-sosa-placa.png","articleSection":["Ciudad\/Provincia"],"inLanguage":"es-AR"},{"@type":"WebPage","@id":"https:\/\/apuntesdesanluis.com\/index.php\/2024\/08\/23\/la-unvime-unauguro-el-centro-de-salud-integral-dr-fernando-romero\/","url":"https:\/\/apuntesdesanluis.com\/index.php\/2024\/08\/23\/la-unvime-unauguro-el-centro-de-salud-integral-dr-fernando-romero\/","name":"LA UNVIME INAUGUR\u00d3 EL CENTRO DE SALUD INTEGRAL DR. FERNANDO ROMERO - Apuntes de San Luis","isPartOf":{"@id":"https:\/\/apuntesdesanluis.com\/#website"},"primaryImageOfPage":{"@id":"https:\/\/apuntesdesanluis.com\/index.php\/2024\/08\/23\/la-unvime-unauguro-el-centro-de-salud-integral-dr-fernando-romero\/#primaryimage"},"image":{"@id":"https:\/\/apuntesdesanluis.com\/index.php\/2024\/08\/23\/la-unvime-unauguro-el-centro-de-salud-integral-dr-fernando-romero\/#primaryimage"},"thumbnailUrl":"https:\/\/apuntesdesanluis.com\/wp-content\/uploads\/2024\/08\/dr.-sosa-placa.png","datePublished":"2024-08-23T03:13:26+00:00","dateModified":"2024-08-23T03:13:45+00:00","breadcrumb":{"@id":"https:\/\/apuntesdesanluis.com\/index.php\/2024\/08\/23\/la-unvime-unauguro-el-centro-de-salud-integral-dr-fernando-romero\/#breadcrumb"},"inLanguage":"es-AR","potentialAction":[{"@type":"ReadAction","target":["https:\/\/apuntesdesanluis.com\/index.php\/2024\/08\/23\/la-unvime-unauguro-el-centro-de-salud-integral-dr-fernando-romero\/"]}]},{"@type":"ImageObject","inLanguage":"es-AR","@id":"https:\/\/apuntesdesanluis.com\/index.php\/2024\/08\/23\/la-unvime-unauguro-el-centro-de-salud-integral-dr-fernando-romero\/#primaryimage","url":"https:\/\/apuntesdesanluis.com\/wp-content\/uploads\/2024\/08\/dr.-sosa-placa.png","contentUrl":"https:\/\/apuntesdesanluis.com\/wp-content\/uploads\/2024\/08\/dr.-sosa-placa.png","width":642,"height":390},{"@type":"BreadcrumbList","@id":"https:\/\/apuntesdesanluis.com\/index.php\/2024\/08\/23\/la-unvime-unauguro-el-centro-de-salud-integral-dr-fernando-romero\/#breadcrumb","itemListElement":[{"@type":"ListItem","position":1,"name":"Inicio","item":"https:\/\/apuntesdesanluis.com\/"},{"@type":"ListItem","position":2,"name":"LA UNVIME INAUGUR\u00d3 EL CENTRO DE SALUD INTEGRAL DR. FERNANDO ROMERO"}]},{"@type":"WebSite","@id":"https:\/\/apuntesdesanluis.com\/#website","url":"https:\/\/apuntesdesanluis.com\/","name":"Apuntes de San Luis","description":"","publisher":{"@id":"https:\/\/apuntesdesanluis.com\/#\/schema\/person\/b55151d52296fcce64d1a72538a70b90"},"potentialAction":[{"@type":"SearchAction","target":{"@type":"EntryPoint","urlTemplate":"https:\/\/apuntesdesanluis.com\/?s={search_term_string}"},"query-input":{"@type":"PropertyValueSpecification","valueRequired":true,"valueName":"search_term_string"}}],"inLanguage":"es-AR"},{"@type":["Person","Organization"],"@id":"https:\/\/apuntesdesanluis.com\/#\/schema\/person\/b55151d52296fcce64d1a72538a70b90","name":"apuntesdesanluis.com","image":{"@type":"ImageObject","inLanguage":"es-AR","@id":"https:\/\/apuntesdesanluis.com\/#\/schema\/person\/image\/","url":"https:\/\/apuntesdesanluis.com\/wp-content\/uploads\/2023\/07\/cropped-apuntesdesanluis.png","contentUrl":"https:\/\/apuntesdesanluis.com\/wp-content\/uploads\/2023\/07\/cropped-apuntesdesanluis.png","width":450,"height":112,"caption":"apuntesdesanluis.com"},"logo":{"@id":"https:\/\/apuntesdesanluis.com\/#\/schema\/person\/image\/"},"sameAs":["https:\/\/apuntesdesanluis.com"],"url":"https:\/\/apuntesdesanluis.com\/index.php\/author\/apuntesdesanluis-com\/"}]}},"featured_image_urls":{"full":["https:\/\/apuntesdesanluis.com\/wp-content\/uploads\/2024\/08\/dr.-sosa-placa.png",642,390,false],"thumbnail":["https:\/\/apuntesdesanluis.com\/wp-content\/uploads\/2024\/08\/dr.-sosa-placa-150x150.png",150,150,true],"medium":["https:\/\/apuntesdesanluis.com\/wp-content\/uploads\/2024\/08\/dr.-sosa-placa-300x182.png",300,182,true],"medium_large":["https:\/\/apuntesdesanluis.com\/wp-content\/uploads\/2024\/08\/dr.-sosa-placa.png",640,389,false],"large":["https:\/\/apuntesdesanluis.com\/wp-content\/uploads\/2024\/08\/dr.-sosa-placa.png",640,389,false],"1536x1536":["https:\/\/apuntesdesanluis.com\/wp-content\/uploads\/2024\/08\/dr.-sosa-placa.png",642,390,false],"2048x2048":["https:\/\/apuntesdesanluis.com\/wp-content\/uploads\/2024\/08\/dr.-sosa-placa.png",642,390,false],"newsever-slider-full":["https:\/\/apuntesdesanluis.com\/wp-content\/uploads\/2024\/08\/dr.-sosa-placa.png",642,390,false],"newsever-featured":["https:\/\/apuntesdesanluis.com\/wp-content\/uploads\/2024\/08\/dr.-sosa-placa.png",642,390,false],"newsever-medium":["https:\/\/apuntesdesanluis.com\/wp-content\/uploads\/2024\/08\/dr.-sosa-placa.png",642,390,false]},"author_info":{"display_name":"apuntesdesanluis.com","author_link":"https:\/\/apuntesdesanluis.com\/index.php\/author\/apuntesdesanluis-com\/"},"category_info":"<a href=\"https:\/\/apuntesdesanluis.com\/index.php\/category\/ciudad-provincia\/\" rel=\"category tag\">Ciudad\/Provincia<\/a>","tag_info":"Ciudad\/Provincia","comment_count":"0","_links":{"self":[{"href":"https:\/\/apuntesdesanluis.com\/index.php\/wp-json\/wp\/v2\/posts\/21184","targetHints":{"allow":["GET"]}}],"collection":[{"href":"https:\/\/apuntesdesanluis.com\/index.php\/wp-json\/wp\/v2\/posts"}],"about":[{"href":"https:\/\/apuntesdesanluis.com\/index.php\/wp-json\/wp\/v2\/types\/post"}],"author":[{"embeddable":true,"href":"https:\/\/apuntesdesanluis.com\/index.php\/wp-json\/wp\/v2\/users\/1"}],"replies":[{"embeddable":true,"href":"https:\/\/apuntesdesanluis.com\/index.php\/wp-json\/wp\/v2\/comments?post=21184"}],"version-history":[{"count":2,"href":"https:\/\/apuntesdesanluis.com\/index.php\/wp-json\/wp\/v2\/posts\/21184\/revisions"}],"predecessor-version":[{"id":21192,"href":"https:\/\/apuntesdesanluis.com\/index.php\/wp-json\/wp\/v2\/posts\/21184\/revisions\/21192"}],"wp:featuredmedia":[{"embeddable":true,"href":"https:\/\/apuntesdesanluis.com\/index.php\/wp-json\/wp\/v2\/media\/21185"}],"wp:attachment":[{"href":"https:\/\/apuntesdesanluis.com\/index.php\/wp-json\/wp\/v2\/media?parent=21184"}],"wp:term":[{"taxonomy":"category","embeddable":true,"href":"https:\/\/apuntesdesanluis.com\/index.php\/wp-json\/wp\/v2\/categories?post=21184"},{"taxonomy":"post_tag","embeddable":true,"href":"https:\/\/apuntesdesanluis.com\/index.php\/wp-json\/wp\/v2\/tags?post=21184"}],"curies":[{"name":"wp","href":"https:\/\/api.w.org\/{rel}","templated":true}]}}