{"id":21193,"date":"2024-08-23T00:32:27","date_gmt":"2024-08-23T03:32:27","guid":{"rendered":"https:\/\/apuntesdesanluis.com\/?p=21193"},"modified":"2024-08-23T00:32:27","modified_gmt":"2024-08-23T03:32:27","slug":"intensa-busqueda-de-un-preso-que-trajeron-a-visitar-a-su-familia-y-se-fugo","status":"publish","type":"post","link":"https:\/\/apuntesdesanluis.com\/index.php\/2024\/08\/23\/intensa-busqueda-de-un-preso-que-trajeron-a-visitar-a-su-familia-y-se-fugo\/","title":{"rendered":"INTENSA B\u00daSQUEDA DE UN PRESO QUE TRAJERON A VISITAR A SU FAMILIA Y SE FUG\u00d3"},"content":{"rendered":"<h3>El 7 de junio de 2023 el Tribunal integrado por Sebasti\u00e1n Cadelago Filippi, Virna Eguinoa y Sandra Ehrlich, lo declar\u00f3 culpable por dos asaltos, y resolvi\u00f3 unificar la pena (por una condena anterior por robos calificados reiterados) e imponerle 17 a\u00f1os de prisi\u00f3n, con expresa declaraci\u00f3n de reincidencia.<\/h3>\n<h3>Este jueves, en cumplimento de una orden que dio la Jueza Norma Graciela Villegas, del Juzgado de Ejecuci\u00f3n de lo Penal en la Segunda Circunscripci\u00f3n, sobre un permiso extraordinario de cuatro horas, el interno <strong>F\u00e9lix Ariel Tobares<\/strong>, quien estaba alojado en el Complejo N\u00b0 2 Pampa de la Salinas, se fug\u00f3 en Villa Mercedes.<\/h3>\n<h3>El permiso se le hab\u00eda concedido con el fin de que pudiera \u201cafianzar y mejorar la relaci\u00f3n con su familia en la casa de su padre\u201d, pero el preso aprovech\u00f3 una distracci\u00f3n de la guardia y se escap\u00f3.<\/h3>\n<h3>De manera inmediata, cuando los custodios constataron la fuga del interior de la vivienda se dio aviso a la Polic\u00eda y comenz\u00f3 una b\u00fasqueda para la recaptura del interno.<\/h3>\n<p>&nbsp;<\/p>\n<p>&nbsp;<\/p>\n<p>&nbsp;<\/p>\n","protected":false},"excerpt":{"rendered":"<p>El 7 de junio de 2023 el Tribunal integrado por Sebasti\u00e1n Cadelago Filippi, Virna Eguinoa&#8230;<\/p>\n","protected":false},"author":1,"featured_media":21194,"comment_status":"closed","ping_status":"closed","sticky":false,"template":"","format":"standard","meta":{"footnotes":""},"categories":[6],"tags":[],"class_list":["post-21193","post","type-post","status-publish","format-standard","has-post-thumbnail","hentry","category-ciudad-provincia"],"yoast_head":"<!-- This site is optimized with the Yoast SEO plugin v26.1.1 - https:\/\/yoast.com\/wordpress\/plugins\/seo\/ -->\n<title>INTENSA B\u00daSQUEDA DE UN PRESO QUE TRAJERON A VISITAR A SU FAMILIA Y SE FUG\u00d3 - Apuntes de San Luis<\/title>\n<meta name=\"robots\" content=\"index, follow, max-snippet:-1, max-image-preview:large, max-video-preview:-1\" \/>\n<link rel=\"canonical\" href=\"https:\/\/apuntesdesanluis.com\/index.php\/2024\/08\/23\/intensa-busqueda-de-un-preso-que-trajeron-a-visitar-a-su-familia-y-se-fugo\/\" \/>\n<meta property=\"og:locale\" content=\"es_ES\" \/>\n<meta property=\"og:type\" content=\"article\" \/>\n<meta property=\"og:title\" content=\"INTENSA B\u00daSQUEDA DE UN PRESO QUE TRAJERON A VISITAR A SU FAMILIA Y SE FUG\u00d3 - Apuntes de San Luis\" \/>\n<meta property=\"og:description\" content=\"El 7 de junio de 2023 el Tribunal integrado por Sebasti\u00e1n Cadelago Filippi, Virna Eguinoa...\" \/>\n<meta property=\"og:url\" content=\"https:\/\/apuntesdesanluis.com\/index.php\/2024\/08\/23\/intensa-busqueda-de-un-preso-que-trajeron-a-visitar-a-su-familia-y-se-fugo\/\" \/>\n<meta property=\"og:site_name\" content=\"Apuntes de San Luis\" \/>\n<meta property=\"article:published_time\" content=\"2024-08-23T03:32:27+00:00\" \/>\n<meta property=\"og:image\" content=\"https:\/\/apuntesdesanluis.com\/wp-content\/uploads\/2024\/08\/felix-tobares.png\" \/>\n\t<meta property=\"og:image:width\" content=\"780\" \/>\n\t<meta property=\"og:image:height\" content=\"470\" \/>\n\t<meta property=\"og:image:type\" content=\"image\/png\" \/>\n<meta name=\"author\" content=\"apuntesdesanluis.com\" \/>\n<meta name=\"twitter:card\" content=\"summary_large_image\" \/>\n<meta name=\"twitter:label1\" content=\"Escrito por\" \/>\n\t<meta name=\"twitter:data1\" content=\"apuntesdesanluis.com\" \/>\n\t<meta name=\"twitter:label2\" content=\"Tiempo de lectura\" \/>\n\t<meta name=\"twitter:data2\" content=\"1 minuto\" \/>\n<script type=\"application\/ld+json\" class=\"yoast-schema-graph\">{\"@context\":\"https:\/\/schema.org\",\"@graph\":[{\"@type\":\"Article\",\"@id\":\"https:\/\/apuntesdesanluis.com\/index.php\/2024\/08\/23\/intensa-busqueda-de-un-preso-que-trajeron-a-visitar-a-su-familia-y-se-fugo\/#article\",\"isPartOf\":{\"@id\":\"https:\/\/apuntesdesanluis.com\/index.php\/2024\/08\/23\/intensa-busqueda-de-un-preso-que-trajeron-a-visitar-a-su-familia-y-se-fugo\/\"},\"author\":{\"name\":\"apuntesdesanluis.com\",\"@id\":\"https:\/\/apuntesdesanluis.com\/#\/schema\/person\/b55151d52296fcce64d1a72538a70b90\"},\"headline\":\"INTENSA B\u00daSQUEDA DE UN PRESO QUE TRAJERON A VISITAR A SU FAMILIA Y SE FUG\u00d3\",\"datePublished\":\"2024-08-23T03:32:27+00:00\",\"mainEntityOfPage\":{\"@id\":\"https:\/\/apuntesdesanluis.com\/index.php\/2024\/08\/23\/intensa-busqueda-de-un-preso-que-trajeron-a-visitar-a-su-familia-y-se-fugo\/\"},\"wordCount\":196,\"publisher\":{\"@id\":\"https:\/\/apuntesdesanluis.com\/#\/schema\/person\/b55151d52296fcce64d1a72538a70b90\"},\"image\":{\"@id\":\"https:\/\/apuntesdesanluis.com\/index.php\/2024\/08\/23\/intensa-busqueda-de-un-preso-que-trajeron-a-visitar-a-su-familia-y-se-fugo\/#primaryimage\"},\"thumbnailUrl\":\"https:\/\/apuntesdesanluis.com\/wp-content\/uploads\/2024\/08\/felix-tobares.png\",\"articleSection\":[\"Ciudad\/Provincia\"],\"inLanguage\":\"es-AR\"},{\"@type\":\"WebPage\",\"@id\":\"https:\/\/apuntesdesanluis.com\/index.php\/2024\/08\/23\/intensa-busqueda-de-un-preso-que-trajeron-a-visitar-a-su-familia-y-se-fugo\/\",\"url\":\"https:\/\/apuntesdesanluis.com\/index.php\/2024\/08\/23\/intensa-busqueda-de-un-preso-que-trajeron-a-visitar-a-su-familia-y-se-fugo\/\",\"name\":\"INTENSA B\u00daSQUEDA DE UN PRESO QUE TRAJERON A VISITAR A SU FAMILIA Y SE FUG\u00d3 - Apuntes de San Luis\",\"isPartOf\":{\"@id\":\"https:\/\/apuntesdesanluis.com\/#website\"},\"primaryImageOfPage\":{\"@id\":\"https:\/\/apuntesdesanluis.com\/index.php\/2024\/08\/23\/intensa-busqueda-de-un-preso-que-trajeron-a-visitar-a-su-familia-y-se-fugo\/#primaryimage\"},\"image\":{\"@id\":\"https:\/\/apuntesdesanluis.com\/index.php\/2024\/08\/23\/intensa-busqueda-de-un-preso-que-trajeron-a-visitar-a-su-familia-y-se-fugo\/#primaryimage\"},\"thumbnailUrl\":\"https:\/\/apuntesdesanluis.com\/wp-content\/uploads\/2024\/08\/felix-tobares.png\",\"datePublished\":\"2024-08-23T03:32:27+00:00\",\"breadcrumb\":{\"@id\":\"https:\/\/apuntesdesanluis.com\/index.php\/2024\/08\/23\/intensa-busqueda-de-un-preso-que-trajeron-a-visitar-a-su-familia-y-se-fugo\/#breadcrumb\"},\"inLanguage\":\"es-AR\",\"potentialAction\":[{\"@type\":\"ReadAction\",\"target\":[\"https:\/\/apuntesdesanluis.com\/index.php\/2024\/08\/23\/intensa-busqueda-de-un-preso-que-trajeron-a-visitar-a-su-familia-y-se-fugo\/\"]}]},{\"@type\":\"ImageObject\",\"inLanguage\":\"es-AR\",\"@id\":\"https:\/\/apuntesdesanluis.com\/index.php\/2024\/08\/23\/intensa-busqueda-de-un-preso-que-trajeron-a-visitar-a-su-familia-y-se-fugo\/#primaryimage\",\"url\":\"https:\/\/apuntesdesanluis.com\/wp-content\/uploads\/2024\/08\/felix-tobares.png\",\"contentUrl\":\"https:\/\/apuntesdesanluis.com\/wp-content\/uploads\/2024\/08\/felix-tobares.png\",\"width\":780,\"height\":470},{\"@type\":\"BreadcrumbList\",\"@id\":\"https:\/\/apuntesdesanluis.com\/index.php\/2024\/08\/23\/intensa-busqueda-de-un-preso-que-trajeron-a-visitar-a-su-familia-y-se-fugo\/#breadcrumb\",\"itemListElement\":[{\"@type\":\"ListItem\",\"position\":1,\"name\":\"Inicio\",\"item\":\"https:\/\/apuntesdesanluis.com\/\"},{\"@type\":\"ListItem\",\"position\":2,\"name\":\"INTENSA B\u00daSQUEDA DE UN PRESO QUE TRAJERON A VISITAR A SU FAMILIA Y SE FUG\u00d3\"}]},{\"@type\":\"WebSite\",\"@id\":\"https:\/\/apuntesdesanluis.com\/#website\",\"url\":\"https:\/\/apuntesdesanluis.com\/\",\"name\":\"Apuntes de San Luis\",\"description\":\"\",\"publisher\":{\"@id\":\"https:\/\/apuntesdesanluis.com\/#\/schema\/person\/b55151d52296fcce64d1a72538a70b90\"},\"potentialAction\":[{\"@type\":\"SearchAction\",\"target\":{\"@type\":\"EntryPoint\",\"urlTemplate\":\"https:\/\/apuntesdesanluis.com\/?s={search_term_string}\"},\"query-input\":{\"@type\":\"PropertyValueSpecification\",\"valueRequired\":true,\"valueName\":\"search_term_string\"}}],\"inLanguage\":\"es-AR\"},{\"@type\":[\"Person\",\"Organization\"],\"@id\":\"https:\/\/apuntesdesanluis.com\/#\/schema\/person\/b55151d52296fcce64d1a72538a70b90\",\"name\":\"apuntesdesanluis.com\",\"image\":{\"@type\":\"ImageObject\",\"inLanguage\":\"es-AR\",\"@id\":\"https:\/\/apuntesdesanluis.com\/#\/schema\/person\/image\/\",\"url\":\"https:\/\/apuntesdesanluis.com\/wp-content\/uploads\/2023\/07\/cropped-apuntesdesanluis.png\",\"contentUrl\":\"https:\/\/apuntesdesanluis.com\/wp-content\/uploads\/2023\/07\/cropped-apuntesdesanluis.png\",\"width\":450,\"height\":112,\"caption\":\"apuntesdesanluis.com\"},\"logo\":{\"@id\":\"https:\/\/apuntesdesanluis.com\/#\/schema\/person\/image\/\"},\"sameAs\":[\"https:\/\/apuntesdesanluis.com\"],\"url\":\"https:\/\/apuntesdesanluis.com\/index.php\/author\/apuntesdesanluis-com\/\"}]}<\/script>\n<!-- \/ Yoast SEO plugin. -->","yoast_head_json":{"title":"INTENSA B\u00daSQUEDA DE UN PRESO QUE TRAJERON A VISITAR A SU FAMILIA Y SE FUG\u00d3 - Apuntes de San Luis","robots":{"index":"index","follow":"follow","max-snippet":"max-snippet:-1","max-image-preview":"max-image-preview:large","max-video-preview":"max-video-preview:-1"},"canonical":"https:\/\/apuntesdesanluis.com\/index.php\/2024\/08\/23\/intensa-busqueda-de-un-preso-que-trajeron-a-visitar-a-su-familia-y-se-fugo\/","og_locale":"es_ES","og_type":"article","og_title":"INTENSA B\u00daSQUEDA DE UN PRESO QUE TRAJERON A VISITAR A SU FAMILIA Y SE FUG\u00d3 - Apuntes de San Luis","og_description":"El 7 de junio de 2023 el Tribunal integrado por Sebasti\u00e1n Cadelago Filippi, Virna Eguinoa...","og_url":"https:\/\/apuntesdesanluis.com\/index.php\/2024\/08\/23\/intensa-busqueda-de-un-preso-que-trajeron-a-visitar-a-su-familia-y-se-fugo\/","og_site_name":"Apuntes de San Luis","article_published_time":"2024-08-23T03:32:27+00:00","og_image":[{"width":780,"height":470,"url":"https:\/\/apuntesdesanluis.com\/wp-content\/uploads\/2024\/08\/felix-tobares.png","type":"image\/png"}],"author":"apuntesdesanluis.com","twitter_card":"summary_large_image","twitter_misc":{"Escrito por":"apuntesdesanluis.com","Tiempo de lectura":"1 minuto"},"schema":{"@context":"https:\/\/schema.org","@graph":[{"@type":"Article","@id":"https:\/\/apuntesdesanluis.com\/index.php\/2024\/08\/23\/intensa-busqueda-de-un-preso-que-trajeron-a-visitar-a-su-familia-y-se-fugo\/#article","isPartOf":{"@id":"https:\/\/apuntesdesanluis.com\/index.php\/2024\/08\/23\/intensa-busqueda-de-un-preso-que-trajeron-a-visitar-a-su-familia-y-se-fugo\/"},"author":{"name":"apuntesdesanluis.com","@id":"https:\/\/apuntesdesanluis.com\/#\/schema\/person\/b55151d52296fcce64d1a72538a70b90"},"headline":"INTENSA B\u00daSQUEDA DE UN PRESO QUE TRAJERON A VISITAR A SU FAMILIA Y SE FUG\u00d3","datePublished":"2024-08-23T03:32:27+00:00","mainEntityOfPage":{"@id":"https:\/\/apuntesdesanluis.com\/index.php\/2024\/08\/23\/intensa-busqueda-de-un-preso-que-trajeron-a-visitar-a-su-familia-y-se-fugo\/"},"wordCount":196,"publisher":{"@id":"https:\/\/apuntesdesanluis.com\/#\/schema\/person\/b55151d52296fcce64d1a72538a70b90"},"image":{"@id":"https:\/\/apuntesdesanluis.com\/index.php\/2024\/08\/23\/intensa-busqueda-de-un-preso-que-trajeron-a-visitar-a-su-familia-y-se-fugo\/#primaryimage"},"thumbnailUrl":"https:\/\/apuntesdesanluis.com\/wp-content\/uploads\/2024\/08\/felix-tobares.png","articleSection":["Ciudad\/Provincia"],"inLanguage":"es-AR"},{"@type":"WebPage","@id":"https:\/\/apuntesdesanluis.com\/index.php\/2024\/08\/23\/intensa-busqueda-de-un-preso-que-trajeron-a-visitar-a-su-familia-y-se-fugo\/","url":"https:\/\/apuntesdesanluis.com\/index.php\/2024\/08\/23\/intensa-busqueda-de-un-preso-que-trajeron-a-visitar-a-su-familia-y-se-fugo\/","name":"INTENSA B\u00daSQUEDA DE UN PRESO QUE TRAJERON A VISITAR A SU FAMILIA Y SE FUG\u00d3 - Apuntes de San Luis","isPartOf":{"@id":"https:\/\/apuntesdesanluis.com\/#website"},"primaryImageOfPage":{"@id":"https:\/\/apuntesdesanluis.com\/index.php\/2024\/08\/23\/intensa-busqueda-de-un-preso-que-trajeron-a-visitar-a-su-familia-y-se-fugo\/#primaryimage"},"image":{"@id":"https:\/\/apuntesdesanluis.com\/index.php\/2024\/08\/23\/intensa-busqueda-de-un-preso-que-trajeron-a-visitar-a-su-familia-y-se-fugo\/#primaryimage"},"thumbnailUrl":"https:\/\/apuntesdesanluis.com\/wp-content\/uploads\/2024\/08\/felix-tobares.png","datePublished":"2024-08-23T03:32:27+00:00","breadcrumb":{"@id":"https:\/\/apuntesdesanluis.com\/index.php\/2024\/08\/23\/intensa-busqueda-de-un-preso-que-trajeron-a-visitar-a-su-familia-y-se-fugo\/#breadcrumb"},"inLanguage":"es-AR","potentialAction":[{"@type":"ReadAction","target":["https:\/\/apuntesdesanluis.com\/index.php\/2024\/08\/23\/intensa-busqueda-de-un-preso-que-trajeron-a-visitar-a-su-familia-y-se-fugo\/"]}]},{"@type":"ImageObject","inLanguage":"es-AR","@id":"https:\/\/apuntesdesanluis.com\/index.php\/2024\/08\/23\/intensa-busqueda-de-un-preso-que-trajeron-a-visitar-a-su-familia-y-se-fugo\/#primaryimage","url":"https:\/\/apuntesdesanluis.com\/wp-content\/uploads\/2024\/08\/felix-tobares.png","contentUrl":"https:\/\/apuntesdesanluis.com\/wp-content\/uploads\/2024\/08\/felix-tobares.png","width":780,"height":470},{"@type":"BreadcrumbList","@id":"https:\/\/apuntesdesanluis.com\/index.php\/2024\/08\/23\/intensa-busqueda-de-un-preso-que-trajeron-a-visitar-a-su-familia-y-se-fugo\/#breadcrumb","itemListElement":[{"@type":"ListItem","position":1,"name":"Inicio","item":"https:\/\/apuntesdesanluis.com\/"},{"@type":"ListItem","position":2,"name":"INTENSA B\u00daSQUEDA DE UN PRESO QUE TRAJERON A VISITAR A SU FAMILIA Y SE FUG\u00d3"}]},{"@type":"WebSite","@id":"https:\/\/apuntesdesanluis.com\/#website","url":"https:\/\/apuntesdesanluis.com\/","name":"Apuntes de San Luis","description":"","publisher":{"@id":"https:\/\/apuntesdesanluis.com\/#\/schema\/person\/b55151d52296fcce64d1a72538a70b90"},"potentialAction":[{"@type":"SearchAction","target":{"@type":"EntryPoint","urlTemplate":"https:\/\/apuntesdesanluis.com\/?s={search_term_string}"},"query-input":{"@type":"PropertyValueSpecification","valueRequired":true,"valueName":"search_term_string"}}],"inLanguage":"es-AR"},{"@type":["Person","Organization"],"@id":"https:\/\/apuntesdesanluis.com\/#\/schema\/person\/b55151d52296fcce64d1a72538a70b90","name":"apuntesdesanluis.com","image":{"@type":"ImageObject","inLanguage":"es-AR","@id":"https:\/\/apuntesdesanluis.com\/#\/schema\/person\/image\/","url":"https:\/\/apuntesdesanluis.com\/wp-content\/uploads\/2023\/07\/cropped-apuntesdesanluis.png","contentUrl":"https:\/\/apuntesdesanluis.com\/wp-content\/uploads\/2023\/07\/cropped-apuntesdesanluis.png","width":450,"height":112,"caption":"apuntesdesanluis.com"},"logo":{"@id":"https:\/\/apuntesdesanluis.com\/#\/schema\/person\/image\/"},"sameAs":["https:\/\/apuntesdesanluis.com"],"url":"https:\/\/apuntesdesanluis.com\/index.php\/author\/apuntesdesanluis-com\/"}]}},"featured_image_urls":{"full":["https:\/\/apuntesdesanluis.com\/wp-content\/uploads\/2024\/08\/felix-tobares.png",780,470,false],"thumbnail":["https:\/\/apuntesdesanluis.com\/wp-content\/uploads\/2024\/08\/felix-tobares-150x150.png",150,150,true],"medium":["https:\/\/apuntesdesanluis.com\/wp-content\/uploads\/2024\/08\/felix-tobares-300x181.png",300,181,true],"medium_large":["https:\/\/apuntesdesanluis.com\/wp-content\/uploads\/2024\/08\/felix-tobares-768x463.png",640,386,true],"large":["https:\/\/apuntesdesanluis.com\/wp-content\/uploads\/2024\/08\/felix-tobares.png",640,386,false],"1536x1536":["https:\/\/apuntesdesanluis.com\/wp-content\/uploads\/2024\/08\/felix-tobares.png",780,470,false],"2048x2048":["https:\/\/apuntesdesanluis.com\/wp-content\/uploads\/2024\/08\/felix-tobares.png",780,470,false],"newsever-slider-full":["https:\/\/apuntesdesanluis.com\/wp-content\/uploads\/2024\/08\/felix-tobares.png",780,470,false],"newsever-featured":["https:\/\/apuntesdesanluis.com\/wp-content\/uploads\/2024\/08\/felix-tobares.png",780,470,false],"newsever-medium":["https:\/\/apuntesdesanluis.com\/wp-content\/uploads\/2024\/08\/felix-tobares-720x470.png",720,470,true]},"author_info":{"display_name":"apuntesdesanluis.com","author_link":"https:\/\/apuntesdesanluis.com\/index.php\/author\/apuntesdesanluis-com\/"},"category_info":"<a href=\"https:\/\/apuntesdesanluis.com\/index.php\/category\/ciudad-provincia\/\" rel=\"category tag\">Ciudad\/Provincia<\/a>","tag_info":"Ciudad\/Provincia","comment_count":"0","_links":{"self":[{"href":"https:\/\/apuntesdesanluis.com\/index.php\/wp-json\/wp\/v2\/posts\/21193","targetHints":{"allow":["GET"]}}],"collection":[{"href":"https:\/\/apuntesdesanluis.com\/index.php\/wp-json\/wp\/v2\/posts"}],"about":[{"href":"https:\/\/apuntesdesanluis.com\/index.php\/wp-json\/wp\/v2\/types\/post"}],"author":[{"embeddable":true,"href":"https:\/\/apuntesdesanluis.com\/index.php\/wp-json\/wp\/v2\/users\/1"}],"replies":[{"embeddable":true,"href":"https:\/\/apuntesdesanluis.com\/index.php\/wp-json\/wp\/v2\/comments?post=21193"}],"version-history":[{"count":1,"href":"https:\/\/apuntesdesanluis.com\/index.php\/wp-json\/wp\/v2\/posts\/21193\/revisions"}],"predecessor-version":[{"id":21195,"href":"https:\/\/apuntesdesanluis.com\/index.php\/wp-json\/wp\/v2\/posts\/21193\/revisions\/21195"}],"wp:featuredmedia":[{"embeddable":true,"href":"https:\/\/apuntesdesanluis.com\/index.php\/wp-json\/wp\/v2\/media\/21194"}],"wp:attachment":[{"href":"https:\/\/apuntesdesanluis.com\/index.php\/wp-json\/wp\/v2\/media?parent=21193"}],"wp:term":[{"taxonomy":"category","embeddable":true,"href":"https:\/\/apuntesdesanluis.com\/index.php\/wp-json\/wp\/v2\/categories?post=21193"},{"taxonomy":"post_tag","embeddable":true,"href":"https:\/\/apuntesdesanluis.com\/index.php\/wp-json\/wp\/v2\/tags?post=21193"}],"curies":[{"name":"wp","href":"https:\/\/api.w.org\/{rel}","templated":true}]}}