{"id":21196,"date":"2024-08-23T00:37:04","date_gmt":"2024-08-23T03:37:04","guid":{"rendered":"https:\/\/apuntesdesanluis.com\/?p=21196"},"modified":"2024-08-23T00:37:04","modified_gmt":"2024-08-23T03:37:04","slug":"un-detenido-por-amenazas-en-contexto-de-violencia-de-genero","status":"publish","type":"post","link":"https:\/\/apuntesdesanluis.com\/index.php\/2024\/08\/23\/un-detenido-por-amenazas-en-contexto-de-violencia-de-genero\/","title":{"rendered":"UN DETENIDO POR AMENAZAS EN CONTEXTO DE VIOLENCIA DE G\u00c9NERO"},"content":{"rendered":"<h3>El hecho se produjo en el barrio ATE 2, el pasado 20 de agosto, cuando el imputado habr\u00eda ingresado por la fuerza al domicilio de su ex pareja.<\/h3>\n<h3>Este jueves, se realiz\u00f3 una audiencia en donde formularon cargos a un hombre como autor de delito de amenazas simples en contexto de violencia de g\u00e9nero.<\/h3>\n<h3>La audiencia estuvo a cargo del Juez de Garant\u00edas N\u00ba 2\u00a0\u00a0 de la Segunda Circunscripci\u00f3n, Dr. Mat\u00edas Farinazzo Tempestini.\u00a0 Como Secretaria intervino la Dra. Claudia Su\u00e1rez.<\/h3>\n<h3>La Dra. Laura Parisi \u2013Fiscal Adjunta- relat\u00f3 que el hecho ocurri\u00f3 el pasado 20 de agosto, aproximadamente a la 1 de la ma\u00f1ana, en un departamento ubicado en el barrio ATE 2, en Villa Mercedes. En esa oportunidad, el imputado ingres\u00f3 por el techo de una habitaci\u00f3n y una vez adentro de la vivienda, amenaz\u00f3 a la propietaria, con quien hab\u00eda mantenido una relaci\u00f3n de pareja aproximadamente a lo largo de cuatro a\u00f1os.<\/h3>\n<h3>La mujer pudo sacar al hombre de su domicilio y dar aviso a la polic\u00eda, explic\u00f3 la Fiscal.<\/h3>\n<h3>En tanto que, la Defensa del imputado \u2013 Dra. Cecilia Mithiaux, Defensora Oficial Penal \u2013 solicit\u00f3 la pr\u00f3rroga de la detenci\u00f3n por el plazo de cinco d\u00edas.<\/h3>\n<h3>Luego de escuchar a las partes, el Dr. Farinazzo tuvo por admitida la formulaci\u00f3n de cargos \u2013 por amenazas simples en contexto de violencia de g\u00e9nero-, concedi\u00f3 la pr\u00f3rroga de detenci\u00f3n solicitada por la Defensa y fij\u00f3 una nueva audiencia, cuando se resolver\u00e1 la situaci\u00f3n procesal del imputado.<\/h3>\n<p>&nbsp;<\/p>\n<p>&nbsp;<\/p>\n<p>&nbsp;<\/p>\n<p>&nbsp;<\/p>\n<p>&nbsp;<\/p>\n<p>&nbsp;<\/p>\n","protected":false},"excerpt":{"rendered":"<p>El hecho se produjo en el barrio ATE 2, el pasado 20 de agosto, cuando&#8230;<\/p>\n","protected":false},"author":1,"featured_media":21197,"comment_status":"closed","ping_status":"closed","sticky":false,"template":"","format":"standard","meta":{"footnotes":""},"categories":[6],"tags":[],"class_list":["post-21196","post","type-post","status-publish","format-standard","has-post-thumbnail","hentry","category-ciudad-provincia"],"yoast_head":"<!-- This site is optimized with the Yoast SEO plugin v26.1.1 - https:\/\/yoast.com\/wordpress\/plugins\/seo\/ -->\n<title>UN DETENIDO POR AMENAZAS EN CONTEXTO DE VIOLENCIA DE G\u00c9NERO - Apuntes de San Luis<\/title>\n<meta name=\"robots\" content=\"index, follow, max-snippet:-1, max-image-preview:large, max-video-preview:-1\" \/>\n<link rel=\"canonical\" href=\"https:\/\/apuntesdesanluis.com\/index.php\/2024\/08\/23\/un-detenido-por-amenazas-en-contexto-de-violencia-de-genero\/\" \/>\n<meta property=\"og:locale\" content=\"es_ES\" \/>\n<meta property=\"og:type\" content=\"article\" \/>\n<meta property=\"og:title\" content=\"UN DETENIDO POR AMENAZAS EN CONTEXTO DE VIOLENCIA DE G\u00c9NERO - Apuntes de San Luis\" \/>\n<meta property=\"og:description\" content=\"El hecho se produjo en el barrio ATE 2, el pasado 20 de agosto, cuando...\" \/>\n<meta property=\"og:url\" content=\"https:\/\/apuntesdesanluis.com\/index.php\/2024\/08\/23\/un-detenido-por-amenazas-en-contexto-de-violencia-de-genero\/\" \/>\n<meta property=\"og:site_name\" content=\"Apuntes de San Luis\" \/>\n<meta property=\"article:published_time\" content=\"2024-08-23T03:37:04+00:00\" \/>\n<meta property=\"og:image\" content=\"https:\/\/apuntesdesanluis.com\/wp-content\/uploads\/2024\/08\/detenido.png\" \/>\n\t<meta property=\"og:image:width\" content=\"700\" \/>\n\t<meta property=\"og:image:height\" content=\"404\" \/>\n\t<meta property=\"og:image:type\" content=\"image\/png\" \/>\n<meta name=\"author\" content=\"apuntesdesanluis.com\" \/>\n<meta name=\"twitter:card\" content=\"summary_large_image\" \/>\n<meta name=\"twitter:label1\" content=\"Escrito por\" \/>\n\t<meta name=\"twitter:data1\" content=\"apuntesdesanluis.com\" \/>\n\t<meta name=\"twitter:label2\" content=\"Tiempo de lectura\" \/>\n\t<meta name=\"twitter:data2\" content=\"2 minutos\" \/>\n<script type=\"application\/ld+json\" class=\"yoast-schema-graph\">{\"@context\":\"https:\/\/schema.org\",\"@graph\":[{\"@type\":\"Article\",\"@id\":\"https:\/\/apuntesdesanluis.com\/index.php\/2024\/08\/23\/un-detenido-por-amenazas-en-contexto-de-violencia-de-genero\/#article\",\"isPartOf\":{\"@id\":\"https:\/\/apuntesdesanluis.com\/index.php\/2024\/08\/23\/un-detenido-por-amenazas-en-contexto-de-violencia-de-genero\/\"},\"author\":{\"name\":\"apuntesdesanluis.com\",\"@id\":\"https:\/\/apuntesdesanluis.com\/#\/schema\/person\/b55151d52296fcce64d1a72538a70b90\"},\"headline\":\"UN DETENIDO POR AMENAZAS EN CONTEXTO DE VIOLENCIA DE G\u00c9NERO\",\"datePublished\":\"2024-08-23T03:37:04+00:00\",\"mainEntityOfPage\":{\"@id\":\"https:\/\/apuntesdesanluis.com\/index.php\/2024\/08\/23\/un-detenido-por-amenazas-en-contexto-de-violencia-de-genero\/\"},\"wordCount\":274,\"publisher\":{\"@id\":\"https:\/\/apuntesdesanluis.com\/#\/schema\/person\/b55151d52296fcce64d1a72538a70b90\"},\"image\":{\"@id\":\"https:\/\/apuntesdesanluis.com\/index.php\/2024\/08\/23\/un-detenido-por-amenazas-en-contexto-de-violencia-de-genero\/#primaryimage\"},\"thumbnailUrl\":\"https:\/\/apuntesdesanluis.com\/wp-content\/uploads\/2024\/08\/detenido.png\",\"articleSection\":[\"Ciudad\/Provincia\"],\"inLanguage\":\"es-AR\"},{\"@type\":\"WebPage\",\"@id\":\"https:\/\/apuntesdesanluis.com\/index.php\/2024\/08\/23\/un-detenido-por-amenazas-en-contexto-de-violencia-de-genero\/\",\"url\":\"https:\/\/apuntesdesanluis.com\/index.php\/2024\/08\/23\/un-detenido-por-amenazas-en-contexto-de-violencia-de-genero\/\",\"name\":\"UN DETENIDO POR AMENAZAS EN CONTEXTO DE VIOLENCIA DE G\u00c9NERO - Apuntes de San Luis\",\"isPartOf\":{\"@id\":\"https:\/\/apuntesdesanluis.com\/#website\"},\"primaryImageOfPage\":{\"@id\":\"https:\/\/apuntesdesanluis.com\/index.php\/2024\/08\/23\/un-detenido-por-amenazas-en-contexto-de-violencia-de-genero\/#primaryimage\"},\"image\":{\"@id\":\"https:\/\/apuntesdesanluis.com\/index.php\/2024\/08\/23\/un-detenido-por-amenazas-en-contexto-de-violencia-de-genero\/#primaryimage\"},\"thumbnailUrl\":\"https:\/\/apuntesdesanluis.com\/wp-content\/uploads\/2024\/08\/detenido.png\",\"datePublished\":\"2024-08-23T03:37:04+00:00\",\"breadcrumb\":{\"@id\":\"https:\/\/apuntesdesanluis.com\/index.php\/2024\/08\/23\/un-detenido-por-amenazas-en-contexto-de-violencia-de-genero\/#breadcrumb\"},\"inLanguage\":\"es-AR\",\"potentialAction\":[{\"@type\":\"ReadAction\",\"target\":[\"https:\/\/apuntesdesanluis.com\/index.php\/2024\/08\/23\/un-detenido-por-amenazas-en-contexto-de-violencia-de-genero\/\"]}]},{\"@type\":\"ImageObject\",\"inLanguage\":\"es-AR\",\"@id\":\"https:\/\/apuntesdesanluis.com\/index.php\/2024\/08\/23\/un-detenido-por-amenazas-en-contexto-de-violencia-de-genero\/#primaryimage\",\"url\":\"https:\/\/apuntesdesanluis.com\/wp-content\/uploads\/2024\/08\/detenido.png\",\"contentUrl\":\"https:\/\/apuntesdesanluis.com\/wp-content\/uploads\/2024\/08\/detenido.png\",\"width\":700,\"height\":404},{\"@type\":\"BreadcrumbList\",\"@id\":\"https:\/\/apuntesdesanluis.com\/index.php\/2024\/08\/23\/un-detenido-por-amenazas-en-contexto-de-violencia-de-genero\/#breadcrumb\",\"itemListElement\":[{\"@type\":\"ListItem\",\"position\":1,\"name\":\"Inicio\",\"item\":\"https:\/\/apuntesdesanluis.com\/\"},{\"@type\":\"ListItem\",\"position\":2,\"name\":\"UN DETENIDO POR AMENAZAS EN CONTEXTO DE VIOLENCIA DE G\u00c9NERO\"}]},{\"@type\":\"WebSite\",\"@id\":\"https:\/\/apuntesdesanluis.com\/#website\",\"url\":\"https:\/\/apuntesdesanluis.com\/\",\"name\":\"Apuntes de San Luis\",\"description\":\"\",\"publisher\":{\"@id\":\"https:\/\/apuntesdesanluis.com\/#\/schema\/person\/b55151d52296fcce64d1a72538a70b90\"},\"potentialAction\":[{\"@type\":\"SearchAction\",\"target\":{\"@type\":\"EntryPoint\",\"urlTemplate\":\"https:\/\/apuntesdesanluis.com\/?s={search_term_string}\"},\"query-input\":{\"@type\":\"PropertyValueSpecification\",\"valueRequired\":true,\"valueName\":\"search_term_string\"}}],\"inLanguage\":\"es-AR\"},{\"@type\":[\"Person\",\"Organization\"],\"@id\":\"https:\/\/apuntesdesanluis.com\/#\/schema\/person\/b55151d52296fcce64d1a72538a70b90\",\"name\":\"apuntesdesanluis.com\",\"image\":{\"@type\":\"ImageObject\",\"inLanguage\":\"es-AR\",\"@id\":\"https:\/\/apuntesdesanluis.com\/#\/schema\/person\/image\/\",\"url\":\"https:\/\/apuntesdesanluis.com\/wp-content\/uploads\/2023\/07\/cropped-apuntesdesanluis.png\",\"contentUrl\":\"https:\/\/apuntesdesanluis.com\/wp-content\/uploads\/2023\/07\/cropped-apuntesdesanluis.png\",\"width\":450,\"height\":112,\"caption\":\"apuntesdesanluis.com\"},\"logo\":{\"@id\":\"https:\/\/apuntesdesanluis.com\/#\/schema\/person\/image\/\"},\"sameAs\":[\"https:\/\/apuntesdesanluis.com\"],\"url\":\"https:\/\/apuntesdesanluis.com\/index.php\/author\/apuntesdesanluis-com\/\"}]}<\/script>\n<!-- \/ Yoast SEO plugin. -->","yoast_head_json":{"title":"UN DETENIDO POR AMENAZAS EN CONTEXTO DE VIOLENCIA DE G\u00c9NERO - Apuntes de San Luis","robots":{"index":"index","follow":"follow","max-snippet":"max-snippet:-1","max-image-preview":"max-image-preview:large","max-video-preview":"max-video-preview:-1"},"canonical":"https:\/\/apuntesdesanluis.com\/index.php\/2024\/08\/23\/un-detenido-por-amenazas-en-contexto-de-violencia-de-genero\/","og_locale":"es_ES","og_type":"article","og_title":"UN DETENIDO POR AMENAZAS EN CONTEXTO DE VIOLENCIA DE G\u00c9NERO - Apuntes de San Luis","og_description":"El hecho se produjo en el barrio ATE 2, el pasado 20 de agosto, cuando...","og_url":"https:\/\/apuntesdesanluis.com\/index.php\/2024\/08\/23\/un-detenido-por-amenazas-en-contexto-de-violencia-de-genero\/","og_site_name":"Apuntes de San Luis","article_published_time":"2024-08-23T03:37:04+00:00","og_image":[{"width":700,"height":404,"url":"https:\/\/apuntesdesanluis.com\/wp-content\/uploads\/2024\/08\/detenido.png","type":"image\/png"}],"author":"apuntesdesanluis.com","twitter_card":"summary_large_image","twitter_misc":{"Escrito por":"apuntesdesanluis.com","Tiempo de lectura":"2 minutos"},"schema":{"@context":"https:\/\/schema.org","@graph":[{"@type":"Article","@id":"https:\/\/apuntesdesanluis.com\/index.php\/2024\/08\/23\/un-detenido-por-amenazas-en-contexto-de-violencia-de-genero\/#article","isPartOf":{"@id":"https:\/\/apuntesdesanluis.com\/index.php\/2024\/08\/23\/un-detenido-por-amenazas-en-contexto-de-violencia-de-genero\/"},"author":{"name":"apuntesdesanluis.com","@id":"https:\/\/apuntesdesanluis.com\/#\/schema\/person\/b55151d52296fcce64d1a72538a70b90"},"headline":"UN DETENIDO POR AMENAZAS EN CONTEXTO DE VIOLENCIA DE G\u00c9NERO","datePublished":"2024-08-23T03:37:04+00:00","mainEntityOfPage":{"@id":"https:\/\/apuntesdesanluis.com\/index.php\/2024\/08\/23\/un-detenido-por-amenazas-en-contexto-de-violencia-de-genero\/"},"wordCount":274,"publisher":{"@id":"https:\/\/apuntesdesanluis.com\/#\/schema\/person\/b55151d52296fcce64d1a72538a70b90"},"image":{"@id":"https:\/\/apuntesdesanluis.com\/index.php\/2024\/08\/23\/un-detenido-por-amenazas-en-contexto-de-violencia-de-genero\/#primaryimage"},"thumbnailUrl":"https:\/\/apuntesdesanluis.com\/wp-content\/uploads\/2024\/08\/detenido.png","articleSection":["Ciudad\/Provincia"],"inLanguage":"es-AR"},{"@type":"WebPage","@id":"https:\/\/apuntesdesanluis.com\/index.php\/2024\/08\/23\/un-detenido-por-amenazas-en-contexto-de-violencia-de-genero\/","url":"https:\/\/apuntesdesanluis.com\/index.php\/2024\/08\/23\/un-detenido-por-amenazas-en-contexto-de-violencia-de-genero\/","name":"UN DETENIDO POR AMENAZAS EN CONTEXTO DE VIOLENCIA DE G\u00c9NERO - Apuntes de San Luis","isPartOf":{"@id":"https:\/\/apuntesdesanluis.com\/#website"},"primaryImageOfPage":{"@id":"https:\/\/apuntesdesanluis.com\/index.php\/2024\/08\/23\/un-detenido-por-amenazas-en-contexto-de-violencia-de-genero\/#primaryimage"},"image":{"@id":"https:\/\/apuntesdesanluis.com\/index.php\/2024\/08\/23\/un-detenido-por-amenazas-en-contexto-de-violencia-de-genero\/#primaryimage"},"thumbnailUrl":"https:\/\/apuntesdesanluis.com\/wp-content\/uploads\/2024\/08\/detenido.png","datePublished":"2024-08-23T03:37:04+00:00","breadcrumb":{"@id":"https:\/\/apuntesdesanluis.com\/index.php\/2024\/08\/23\/un-detenido-por-amenazas-en-contexto-de-violencia-de-genero\/#breadcrumb"},"inLanguage":"es-AR","potentialAction":[{"@type":"ReadAction","target":["https:\/\/apuntesdesanluis.com\/index.php\/2024\/08\/23\/un-detenido-por-amenazas-en-contexto-de-violencia-de-genero\/"]}]},{"@type":"ImageObject","inLanguage":"es-AR","@id":"https:\/\/apuntesdesanluis.com\/index.php\/2024\/08\/23\/un-detenido-por-amenazas-en-contexto-de-violencia-de-genero\/#primaryimage","url":"https:\/\/apuntesdesanluis.com\/wp-content\/uploads\/2024\/08\/detenido.png","contentUrl":"https:\/\/apuntesdesanluis.com\/wp-content\/uploads\/2024\/08\/detenido.png","width":700,"height":404},{"@type":"BreadcrumbList","@id":"https:\/\/apuntesdesanluis.com\/index.php\/2024\/08\/23\/un-detenido-por-amenazas-en-contexto-de-violencia-de-genero\/#breadcrumb","itemListElement":[{"@type":"ListItem","position":1,"name":"Inicio","item":"https:\/\/apuntesdesanluis.com\/"},{"@type":"ListItem","position":2,"name":"UN DETENIDO POR AMENAZAS EN CONTEXTO DE VIOLENCIA DE G\u00c9NERO"}]},{"@type":"WebSite","@id":"https:\/\/apuntesdesanluis.com\/#website","url":"https:\/\/apuntesdesanluis.com\/","name":"Apuntes de San Luis","description":"","publisher":{"@id":"https:\/\/apuntesdesanluis.com\/#\/schema\/person\/b55151d52296fcce64d1a72538a70b90"},"potentialAction":[{"@type":"SearchAction","target":{"@type":"EntryPoint","urlTemplate":"https:\/\/apuntesdesanluis.com\/?s={search_term_string}"},"query-input":{"@type":"PropertyValueSpecification","valueRequired":true,"valueName":"search_term_string"}}],"inLanguage":"es-AR"},{"@type":["Person","Organization"],"@id":"https:\/\/apuntesdesanluis.com\/#\/schema\/person\/b55151d52296fcce64d1a72538a70b90","name":"apuntesdesanluis.com","image":{"@type":"ImageObject","inLanguage":"es-AR","@id":"https:\/\/apuntesdesanluis.com\/#\/schema\/person\/image\/","url":"https:\/\/apuntesdesanluis.com\/wp-content\/uploads\/2023\/07\/cropped-apuntesdesanluis.png","contentUrl":"https:\/\/apuntesdesanluis.com\/wp-content\/uploads\/2023\/07\/cropped-apuntesdesanluis.png","width":450,"height":112,"caption":"apuntesdesanluis.com"},"logo":{"@id":"https:\/\/apuntesdesanluis.com\/#\/schema\/person\/image\/"},"sameAs":["https:\/\/apuntesdesanluis.com"],"url":"https:\/\/apuntesdesanluis.com\/index.php\/author\/apuntesdesanluis-com\/"}]}},"featured_image_urls":{"full":["https:\/\/apuntesdesanluis.com\/wp-content\/uploads\/2024\/08\/detenido.png",700,404,false],"thumbnail":["https:\/\/apuntesdesanluis.com\/wp-content\/uploads\/2024\/08\/detenido-150x150.png",150,150,true],"medium":["https:\/\/apuntesdesanluis.com\/wp-content\/uploads\/2024\/08\/detenido-300x173.png",300,173,true],"medium_large":["https:\/\/apuntesdesanluis.com\/wp-content\/uploads\/2024\/08\/detenido.png",640,369,false],"large":["https:\/\/apuntesdesanluis.com\/wp-content\/uploads\/2024\/08\/detenido.png",640,369,false],"1536x1536":["https:\/\/apuntesdesanluis.com\/wp-content\/uploads\/2024\/08\/detenido.png",700,404,false],"2048x2048":["https:\/\/apuntesdesanluis.com\/wp-content\/uploads\/2024\/08\/detenido.png",700,404,false],"newsever-slider-full":["https:\/\/apuntesdesanluis.com\/wp-content\/uploads\/2024\/08\/detenido.png",700,404,false],"newsever-featured":["https:\/\/apuntesdesanluis.com\/wp-content\/uploads\/2024\/08\/detenido.png",700,404,false],"newsever-medium":["https:\/\/apuntesdesanluis.com\/wp-content\/uploads\/2024\/08\/detenido.png",700,404,false]},"author_info":{"display_name":"apuntesdesanluis.com","author_link":"https:\/\/apuntesdesanluis.com\/index.php\/author\/apuntesdesanluis-com\/"},"category_info":"<a href=\"https:\/\/apuntesdesanluis.com\/index.php\/category\/ciudad-provincia\/\" rel=\"category tag\">Ciudad\/Provincia<\/a>","tag_info":"Ciudad\/Provincia","comment_count":"0","_links":{"self":[{"href":"https:\/\/apuntesdesanluis.com\/index.php\/wp-json\/wp\/v2\/posts\/21196","targetHints":{"allow":["GET"]}}],"collection":[{"href":"https:\/\/apuntesdesanluis.com\/index.php\/wp-json\/wp\/v2\/posts"}],"about":[{"href":"https:\/\/apuntesdesanluis.com\/index.php\/wp-json\/wp\/v2\/types\/post"}],"author":[{"embeddable":true,"href":"https:\/\/apuntesdesanluis.com\/index.php\/wp-json\/wp\/v2\/users\/1"}],"replies":[{"embeddable":true,"href":"https:\/\/apuntesdesanluis.com\/index.php\/wp-json\/wp\/v2\/comments?post=21196"}],"version-history":[{"count":1,"href":"https:\/\/apuntesdesanluis.com\/index.php\/wp-json\/wp\/v2\/posts\/21196\/revisions"}],"predecessor-version":[{"id":21198,"href":"https:\/\/apuntesdesanluis.com\/index.php\/wp-json\/wp\/v2\/posts\/21196\/revisions\/21198"}],"wp:featuredmedia":[{"embeddable":true,"href":"https:\/\/apuntesdesanluis.com\/index.php\/wp-json\/wp\/v2\/media\/21197"}],"wp:attachment":[{"href":"https:\/\/apuntesdesanluis.com\/index.php\/wp-json\/wp\/v2\/media?parent=21196"}],"wp:term":[{"taxonomy":"category","embeddable":true,"href":"https:\/\/apuntesdesanluis.com\/index.php\/wp-json\/wp\/v2\/categories?post=21196"},{"taxonomy":"post_tag","embeddable":true,"href":"https:\/\/apuntesdesanluis.com\/index.php\/wp-json\/wp\/v2\/tags?post=21196"}],"curies":[{"name":"wp","href":"https:\/\/api.w.org\/{rel}","templated":true}]}}