{"id":21199,"date":"2024-08-22T23:59:25","date_gmt":"2024-08-23T02:59:25","guid":{"rendered":"https:\/\/apuntesdesanluis.com\/?p=21199"},"modified":"2024-08-23T00:41:20","modified_gmt":"2024-08-23T03:41:20","slug":"nuevo-respaldo-nacional-al-proyecto-de-autonomia-financiera-del-poder-judicial","status":"publish","type":"post","link":"https:\/\/apuntesdesanluis.com\/index.php\/2024\/08\/22\/nuevo-respaldo-nacional-al-proyecto-de-autonomia-financiera-del-poder-judicial\/","title":{"rendered":"NUEVO RESPALDO NACIONAL AL PROYECTO DE AUTONOM\u00cdA FINANCIERA DEL PODER JUDICIAL"},"content":{"rendered":"<h3>La <strong>Asociaci\u00f3n Argentina de Fiscales<\/strong> (AAF), a trav\u00e9s de su Presidente, el Dr. Marcelo Varona Quinti\u00e1n, ha expresado su apoyo al <strong>proyecto de ley de Autonom\u00eda Financiera impulsado por el Poder Judicial de la provincia de San Luis<\/strong>. La medida, que busca garantizar la independencia financiera del Poder Judicial, es vista como un avance crucial en la consolidaci\u00f3n de la autonom\u00eda de este poder del Estado.<\/h3>\n<h3>En una carta dirigida al Presidente de la C\u00e1mara de Senadores de San Luis, Dr. <strong>Ricardo Endeiza<\/strong>, la AAF destac\u00f3 la importancia de este proyecto en el contexto de la organizaci\u00f3n constitucional argentina. \u201cNuestra instituci\u00f3n ha decidido acompa\u00f1ar el proyecto de ley de Autonom\u00eda Financiera que impulsa el Poder Judicial de San Luis\u201d, se\u00f1al\u00f3 la misiva, firmada por el Presidente de la Asociaci\u00f3n.<\/h3>\n<h3>El apoyo de la AAF se fundamenta en los principios establecidos en su Estatuto Constitutivo, que desde su creaci\u00f3n el 29 de junio de 2012, busca defender y fortalecer la funci\u00f3n del fiscal como garante de los derechos humanos y el acceso a la justicia. La AAF subraya que la autonom\u00eda del Ministerio P\u00fablico Fiscal, y por extensi\u00f3n del Poder Judicial, es esencial para evitar influencias indebidas de otros poderes del Estado, partidos pol\u00edticos o grupos de inter\u00e9s.<\/h3>\n<h3>Adem\u00e1s, la Asociaci\u00f3n hizo referencia a los \u201cPrincipios B\u00e1sicos relativos a la independencia de la judicatura\u201d y a las recomendaciones de la Comisi\u00f3n Interamericana de Derechos Humanos (CIDH), que alertan sobre los riesgos que conlleva la falta de un presupuesto m\u00ednimo garantizado para los \u00f3rganos de justicia. Seg\u00fan la CIDH, la asignaci\u00f3n inadecuada de recursos puede comprometer la independencia judicial y afectar directamente las condiciones de servicio de los operadores de justicia.<\/h3>\n<h3>La AAF tambi\u00e9n expres\u00f3 su disposici\u00f3n a colaborar con las autoridades provinciales para cualquier aclaraci\u00f3n que se requiera en torno al proyecto. Este respaldo se suma a las voces que abogan por una justicia independiente y dotada de los recursos necesarios para desempe\u00f1ar su funci\u00f3n de manera efectiva y aut\u00f3noma.<\/h3>\n<h3>La discusi\u00f3n sobre la autonom\u00eda financiera del Poder Judicial de San Luis contin\u00faa, con este nuevo apoyo que refuerza la importancia de garantizar los recursos adecuados para el funcionamiento independiente de la justicia en la provincia.<\/h3>\n<p>&nbsp;<\/p>\n<p>&nbsp;<\/p>\n<p>&nbsp;<\/p>\n","protected":false},"excerpt":{"rendered":"<p>La Asociaci\u00f3n Argentina de Fiscales (AAF), a trav\u00e9s de su Presidente, el Dr. Marcelo Varona&#8230;<\/p>\n","protected":false},"author":1,"featured_media":21200,"comment_status":"closed","ping_status":"closed","sticky":false,"template":"","format":"standard","meta":{"footnotes":""},"categories":[6],"tags":[],"class_list":["post-21199","post","type-post","status-publish","format-standard","has-post-thumbnail","hentry","category-ciudad-provincia"],"yoast_head":"<!-- This site is optimized with the Yoast SEO plugin v26.1.1 - https:\/\/yoast.com\/wordpress\/plugins\/seo\/ -->\n<title>NUEVO RESPALDO NACIONAL AL PROYECTO DE AUTONOM\u00cdA FINANCIERA DEL PODER JUDICIAL - Apuntes de San Luis<\/title>\n<meta name=\"robots\" content=\"index, follow, max-snippet:-1, max-image-preview:large, max-video-preview:-1\" \/>\n<link rel=\"canonical\" href=\"https:\/\/apuntesdesanluis.com\/index.php\/2024\/08\/22\/nuevo-respaldo-nacional-al-proyecto-de-autonomia-financiera-del-poder-judicial\/\" \/>\n<meta property=\"og:locale\" content=\"es_ES\" \/>\n<meta property=\"og:type\" content=\"article\" \/>\n<meta property=\"og:title\" content=\"NUEVO RESPALDO NACIONAL AL PROYECTO DE AUTONOM\u00cdA FINANCIERA DEL PODER JUDICIAL - Apuntes de San Luis\" \/>\n<meta property=\"og:description\" content=\"La Asociaci\u00f3n Argentina de Fiscales (AAF), a trav\u00e9s de su Presidente, el Dr. Marcelo Varona...\" \/>\n<meta property=\"og:url\" content=\"https:\/\/apuntesdesanluis.com\/index.php\/2024\/08\/22\/nuevo-respaldo-nacional-al-proyecto-de-autonomia-financiera-del-poder-judicial\/\" \/>\n<meta property=\"og:site_name\" content=\"Apuntes de San Luis\" \/>\n<meta property=\"article:published_time\" content=\"2024-08-23T02:59:25+00:00\" \/>\n<meta property=\"article:modified_time\" content=\"2024-08-23T03:41:20+00:00\" \/>\n<meta property=\"og:image\" content=\"https:\/\/apuntesdesanluis.com\/wp-content\/uploads\/2024\/08\/FISCALES.png\" \/>\n\t<meta property=\"og:image:width\" content=\"656\" \/>\n\t<meta property=\"og:image:height\" content=\"362\" \/>\n\t<meta property=\"og:image:type\" content=\"image\/png\" \/>\n<meta name=\"author\" content=\"apuntesdesanluis.com\" \/>\n<meta name=\"twitter:card\" content=\"summary_large_image\" \/>\n<meta name=\"twitter:label1\" content=\"Escrito por\" \/>\n\t<meta name=\"twitter:data1\" content=\"apuntesdesanluis.com\" \/>\n\t<meta name=\"twitter:label2\" content=\"Tiempo de lectura\" \/>\n\t<meta name=\"twitter:data2\" content=\"2 minutos\" \/>\n<script type=\"application\/ld+json\" class=\"yoast-schema-graph\">{\"@context\":\"https:\/\/schema.org\",\"@graph\":[{\"@type\":\"Article\",\"@id\":\"https:\/\/apuntesdesanluis.com\/index.php\/2024\/08\/22\/nuevo-respaldo-nacional-al-proyecto-de-autonomia-financiera-del-poder-judicial\/#article\",\"isPartOf\":{\"@id\":\"https:\/\/apuntesdesanluis.com\/index.php\/2024\/08\/22\/nuevo-respaldo-nacional-al-proyecto-de-autonomia-financiera-del-poder-judicial\/\"},\"author\":{\"name\":\"apuntesdesanluis.com\",\"@id\":\"https:\/\/apuntesdesanluis.com\/#\/schema\/person\/b55151d52296fcce64d1a72538a70b90\"},\"headline\":\"NUEVO RESPALDO NACIONAL AL PROYECTO DE AUTONOM\u00cdA FINANCIERA DEL PODER JUDICIAL\",\"datePublished\":\"2024-08-23T02:59:25+00:00\",\"dateModified\":\"2024-08-23T03:41:20+00:00\",\"mainEntityOfPage\":{\"@id\":\"https:\/\/apuntesdesanluis.com\/index.php\/2024\/08\/22\/nuevo-respaldo-nacional-al-proyecto-de-autonomia-financiera-del-poder-judicial\/\"},\"wordCount\":414,\"publisher\":{\"@id\":\"https:\/\/apuntesdesanluis.com\/#\/schema\/person\/b55151d52296fcce64d1a72538a70b90\"},\"image\":{\"@id\":\"https:\/\/apuntesdesanluis.com\/index.php\/2024\/08\/22\/nuevo-respaldo-nacional-al-proyecto-de-autonomia-financiera-del-poder-judicial\/#primaryimage\"},\"thumbnailUrl\":\"https:\/\/apuntesdesanluis.com\/wp-content\/uploads\/2024\/08\/FISCALES.png\",\"articleSection\":[\"Ciudad\/Provincia\"],\"inLanguage\":\"es-AR\"},{\"@type\":\"WebPage\",\"@id\":\"https:\/\/apuntesdesanluis.com\/index.php\/2024\/08\/22\/nuevo-respaldo-nacional-al-proyecto-de-autonomia-financiera-del-poder-judicial\/\",\"url\":\"https:\/\/apuntesdesanluis.com\/index.php\/2024\/08\/22\/nuevo-respaldo-nacional-al-proyecto-de-autonomia-financiera-del-poder-judicial\/\",\"name\":\"NUEVO RESPALDO NACIONAL AL PROYECTO DE AUTONOM\u00cdA FINANCIERA DEL PODER JUDICIAL - Apuntes de San Luis\",\"isPartOf\":{\"@id\":\"https:\/\/apuntesdesanluis.com\/#website\"},\"primaryImageOfPage\":{\"@id\":\"https:\/\/apuntesdesanluis.com\/index.php\/2024\/08\/22\/nuevo-respaldo-nacional-al-proyecto-de-autonomia-financiera-del-poder-judicial\/#primaryimage\"},\"image\":{\"@id\":\"https:\/\/apuntesdesanluis.com\/index.php\/2024\/08\/22\/nuevo-respaldo-nacional-al-proyecto-de-autonomia-financiera-del-poder-judicial\/#primaryimage\"},\"thumbnailUrl\":\"https:\/\/apuntesdesanluis.com\/wp-content\/uploads\/2024\/08\/FISCALES.png\",\"datePublished\":\"2024-08-23T02:59:25+00:00\",\"dateModified\":\"2024-08-23T03:41:20+00:00\",\"breadcrumb\":{\"@id\":\"https:\/\/apuntesdesanluis.com\/index.php\/2024\/08\/22\/nuevo-respaldo-nacional-al-proyecto-de-autonomia-financiera-del-poder-judicial\/#breadcrumb\"},\"inLanguage\":\"es-AR\",\"potentialAction\":[{\"@type\":\"ReadAction\",\"target\":[\"https:\/\/apuntesdesanluis.com\/index.php\/2024\/08\/22\/nuevo-respaldo-nacional-al-proyecto-de-autonomia-financiera-del-poder-judicial\/\"]}]},{\"@type\":\"ImageObject\",\"inLanguage\":\"es-AR\",\"@id\":\"https:\/\/apuntesdesanluis.com\/index.php\/2024\/08\/22\/nuevo-respaldo-nacional-al-proyecto-de-autonomia-financiera-del-poder-judicial\/#primaryimage\",\"url\":\"https:\/\/apuntesdesanluis.com\/wp-content\/uploads\/2024\/08\/FISCALES.png\",\"contentUrl\":\"https:\/\/apuntesdesanluis.com\/wp-content\/uploads\/2024\/08\/FISCALES.png\",\"width\":656,\"height\":362},{\"@type\":\"BreadcrumbList\",\"@id\":\"https:\/\/apuntesdesanluis.com\/index.php\/2024\/08\/22\/nuevo-respaldo-nacional-al-proyecto-de-autonomia-financiera-del-poder-judicial\/#breadcrumb\",\"itemListElement\":[{\"@type\":\"ListItem\",\"position\":1,\"name\":\"Inicio\",\"item\":\"https:\/\/apuntesdesanluis.com\/\"},{\"@type\":\"ListItem\",\"position\":2,\"name\":\"NUEVO RESPALDO NACIONAL AL PROYECTO DE AUTONOM\u00cdA FINANCIERA DEL PODER JUDICIAL\"}]},{\"@type\":\"WebSite\",\"@id\":\"https:\/\/apuntesdesanluis.com\/#website\",\"url\":\"https:\/\/apuntesdesanluis.com\/\",\"name\":\"Apuntes de San Luis\",\"description\":\"\",\"publisher\":{\"@id\":\"https:\/\/apuntesdesanluis.com\/#\/schema\/person\/b55151d52296fcce64d1a72538a70b90\"},\"potentialAction\":[{\"@type\":\"SearchAction\",\"target\":{\"@type\":\"EntryPoint\",\"urlTemplate\":\"https:\/\/apuntesdesanluis.com\/?s={search_term_string}\"},\"query-input\":{\"@type\":\"PropertyValueSpecification\",\"valueRequired\":true,\"valueName\":\"search_term_string\"}}],\"inLanguage\":\"es-AR\"},{\"@type\":[\"Person\",\"Organization\"],\"@id\":\"https:\/\/apuntesdesanluis.com\/#\/schema\/person\/b55151d52296fcce64d1a72538a70b90\",\"name\":\"apuntesdesanluis.com\",\"image\":{\"@type\":\"ImageObject\",\"inLanguage\":\"es-AR\",\"@id\":\"https:\/\/apuntesdesanluis.com\/#\/schema\/person\/image\/\",\"url\":\"https:\/\/apuntesdesanluis.com\/wp-content\/uploads\/2023\/07\/cropped-apuntesdesanluis.png\",\"contentUrl\":\"https:\/\/apuntesdesanluis.com\/wp-content\/uploads\/2023\/07\/cropped-apuntesdesanluis.png\",\"width\":450,\"height\":112,\"caption\":\"apuntesdesanluis.com\"},\"logo\":{\"@id\":\"https:\/\/apuntesdesanluis.com\/#\/schema\/person\/image\/\"},\"sameAs\":[\"https:\/\/apuntesdesanluis.com\"],\"url\":\"https:\/\/apuntesdesanluis.com\/index.php\/author\/apuntesdesanluis-com\/\"}]}<\/script>\n<!-- \/ Yoast SEO plugin. -->","yoast_head_json":{"title":"NUEVO RESPALDO NACIONAL AL PROYECTO DE AUTONOM\u00cdA FINANCIERA DEL PODER JUDICIAL - Apuntes de San Luis","robots":{"index":"index","follow":"follow","max-snippet":"max-snippet:-1","max-image-preview":"max-image-preview:large","max-video-preview":"max-video-preview:-1"},"canonical":"https:\/\/apuntesdesanluis.com\/index.php\/2024\/08\/22\/nuevo-respaldo-nacional-al-proyecto-de-autonomia-financiera-del-poder-judicial\/","og_locale":"es_ES","og_type":"article","og_title":"NUEVO RESPALDO NACIONAL AL PROYECTO DE AUTONOM\u00cdA FINANCIERA DEL PODER JUDICIAL - Apuntes de San Luis","og_description":"La Asociaci\u00f3n Argentina de Fiscales (AAF), a trav\u00e9s de su Presidente, el Dr. Marcelo Varona...","og_url":"https:\/\/apuntesdesanluis.com\/index.php\/2024\/08\/22\/nuevo-respaldo-nacional-al-proyecto-de-autonomia-financiera-del-poder-judicial\/","og_site_name":"Apuntes de San Luis","article_published_time":"2024-08-23T02:59:25+00:00","article_modified_time":"2024-08-23T03:41:20+00:00","og_image":[{"width":656,"height":362,"url":"https:\/\/apuntesdesanluis.com\/wp-content\/uploads\/2024\/08\/FISCALES.png","type":"image\/png"}],"author":"apuntesdesanluis.com","twitter_card":"summary_large_image","twitter_misc":{"Escrito por":"apuntesdesanluis.com","Tiempo de lectura":"2 minutos"},"schema":{"@context":"https:\/\/schema.org","@graph":[{"@type":"Article","@id":"https:\/\/apuntesdesanluis.com\/index.php\/2024\/08\/22\/nuevo-respaldo-nacional-al-proyecto-de-autonomia-financiera-del-poder-judicial\/#article","isPartOf":{"@id":"https:\/\/apuntesdesanluis.com\/index.php\/2024\/08\/22\/nuevo-respaldo-nacional-al-proyecto-de-autonomia-financiera-del-poder-judicial\/"},"author":{"name":"apuntesdesanluis.com","@id":"https:\/\/apuntesdesanluis.com\/#\/schema\/person\/b55151d52296fcce64d1a72538a70b90"},"headline":"NUEVO RESPALDO NACIONAL AL PROYECTO DE AUTONOM\u00cdA FINANCIERA DEL PODER JUDICIAL","datePublished":"2024-08-23T02:59:25+00:00","dateModified":"2024-08-23T03:41:20+00:00","mainEntityOfPage":{"@id":"https:\/\/apuntesdesanluis.com\/index.php\/2024\/08\/22\/nuevo-respaldo-nacional-al-proyecto-de-autonomia-financiera-del-poder-judicial\/"},"wordCount":414,"publisher":{"@id":"https:\/\/apuntesdesanluis.com\/#\/schema\/person\/b55151d52296fcce64d1a72538a70b90"},"image":{"@id":"https:\/\/apuntesdesanluis.com\/index.php\/2024\/08\/22\/nuevo-respaldo-nacional-al-proyecto-de-autonomia-financiera-del-poder-judicial\/#primaryimage"},"thumbnailUrl":"https:\/\/apuntesdesanluis.com\/wp-content\/uploads\/2024\/08\/FISCALES.png","articleSection":["Ciudad\/Provincia"],"inLanguage":"es-AR"},{"@type":"WebPage","@id":"https:\/\/apuntesdesanluis.com\/index.php\/2024\/08\/22\/nuevo-respaldo-nacional-al-proyecto-de-autonomia-financiera-del-poder-judicial\/","url":"https:\/\/apuntesdesanluis.com\/index.php\/2024\/08\/22\/nuevo-respaldo-nacional-al-proyecto-de-autonomia-financiera-del-poder-judicial\/","name":"NUEVO RESPALDO NACIONAL AL PROYECTO DE AUTONOM\u00cdA FINANCIERA DEL PODER JUDICIAL - Apuntes de San Luis","isPartOf":{"@id":"https:\/\/apuntesdesanluis.com\/#website"},"primaryImageOfPage":{"@id":"https:\/\/apuntesdesanluis.com\/index.php\/2024\/08\/22\/nuevo-respaldo-nacional-al-proyecto-de-autonomia-financiera-del-poder-judicial\/#primaryimage"},"image":{"@id":"https:\/\/apuntesdesanluis.com\/index.php\/2024\/08\/22\/nuevo-respaldo-nacional-al-proyecto-de-autonomia-financiera-del-poder-judicial\/#primaryimage"},"thumbnailUrl":"https:\/\/apuntesdesanluis.com\/wp-content\/uploads\/2024\/08\/FISCALES.png","datePublished":"2024-08-23T02:59:25+00:00","dateModified":"2024-08-23T03:41:20+00:00","breadcrumb":{"@id":"https:\/\/apuntesdesanluis.com\/index.php\/2024\/08\/22\/nuevo-respaldo-nacional-al-proyecto-de-autonomia-financiera-del-poder-judicial\/#breadcrumb"},"inLanguage":"es-AR","potentialAction":[{"@type":"ReadAction","target":["https:\/\/apuntesdesanluis.com\/index.php\/2024\/08\/22\/nuevo-respaldo-nacional-al-proyecto-de-autonomia-financiera-del-poder-judicial\/"]}]},{"@type":"ImageObject","inLanguage":"es-AR","@id":"https:\/\/apuntesdesanluis.com\/index.php\/2024\/08\/22\/nuevo-respaldo-nacional-al-proyecto-de-autonomia-financiera-del-poder-judicial\/#primaryimage","url":"https:\/\/apuntesdesanluis.com\/wp-content\/uploads\/2024\/08\/FISCALES.png","contentUrl":"https:\/\/apuntesdesanluis.com\/wp-content\/uploads\/2024\/08\/FISCALES.png","width":656,"height":362},{"@type":"BreadcrumbList","@id":"https:\/\/apuntesdesanluis.com\/index.php\/2024\/08\/22\/nuevo-respaldo-nacional-al-proyecto-de-autonomia-financiera-del-poder-judicial\/#breadcrumb","itemListElement":[{"@type":"ListItem","position":1,"name":"Inicio","item":"https:\/\/apuntesdesanluis.com\/"},{"@type":"ListItem","position":2,"name":"NUEVO RESPALDO NACIONAL AL PROYECTO DE AUTONOM\u00cdA FINANCIERA DEL PODER JUDICIAL"}]},{"@type":"WebSite","@id":"https:\/\/apuntesdesanluis.com\/#website","url":"https:\/\/apuntesdesanluis.com\/","name":"Apuntes de San Luis","description":"","publisher":{"@id":"https:\/\/apuntesdesanluis.com\/#\/schema\/person\/b55151d52296fcce64d1a72538a70b90"},"potentialAction":[{"@type":"SearchAction","target":{"@type":"EntryPoint","urlTemplate":"https:\/\/apuntesdesanluis.com\/?s={search_term_string}"},"query-input":{"@type":"PropertyValueSpecification","valueRequired":true,"valueName":"search_term_string"}}],"inLanguage":"es-AR"},{"@type":["Person","Organization"],"@id":"https:\/\/apuntesdesanluis.com\/#\/schema\/person\/b55151d52296fcce64d1a72538a70b90","name":"apuntesdesanluis.com","image":{"@type":"ImageObject","inLanguage":"es-AR","@id":"https:\/\/apuntesdesanluis.com\/#\/schema\/person\/image\/","url":"https:\/\/apuntesdesanluis.com\/wp-content\/uploads\/2023\/07\/cropped-apuntesdesanluis.png","contentUrl":"https:\/\/apuntesdesanluis.com\/wp-content\/uploads\/2023\/07\/cropped-apuntesdesanluis.png","width":450,"height":112,"caption":"apuntesdesanluis.com"},"logo":{"@id":"https:\/\/apuntesdesanluis.com\/#\/schema\/person\/image\/"},"sameAs":["https:\/\/apuntesdesanluis.com"],"url":"https:\/\/apuntesdesanluis.com\/index.php\/author\/apuntesdesanluis-com\/"}]}},"featured_image_urls":{"full":["https:\/\/apuntesdesanluis.com\/wp-content\/uploads\/2024\/08\/FISCALES.png",656,362,false],"thumbnail":["https:\/\/apuntesdesanluis.com\/wp-content\/uploads\/2024\/08\/FISCALES-150x150.png",150,150,true],"medium":["https:\/\/apuntesdesanluis.com\/wp-content\/uploads\/2024\/08\/FISCALES-300x166.png",300,166,true],"medium_large":["https:\/\/apuntesdesanluis.com\/wp-content\/uploads\/2024\/08\/FISCALES.png",640,353,false],"large":["https:\/\/apuntesdesanluis.com\/wp-content\/uploads\/2024\/08\/FISCALES.png",640,353,false],"1536x1536":["https:\/\/apuntesdesanluis.com\/wp-content\/uploads\/2024\/08\/FISCALES.png",656,362,false],"2048x2048":["https:\/\/apuntesdesanluis.com\/wp-content\/uploads\/2024\/08\/FISCALES.png",656,362,false],"newsever-slider-full":["https:\/\/apuntesdesanluis.com\/wp-content\/uploads\/2024\/08\/FISCALES.png",656,362,false],"newsever-featured":["https:\/\/apuntesdesanluis.com\/wp-content\/uploads\/2024\/08\/FISCALES.png",656,362,false],"newsever-medium":["https:\/\/apuntesdesanluis.com\/wp-content\/uploads\/2024\/08\/FISCALES.png",656,362,false]},"author_info":{"display_name":"apuntesdesanluis.com","author_link":"https:\/\/apuntesdesanluis.com\/index.php\/author\/apuntesdesanluis-com\/"},"category_info":"<a href=\"https:\/\/apuntesdesanluis.com\/index.php\/category\/ciudad-provincia\/\" rel=\"category tag\">Ciudad\/Provincia<\/a>","tag_info":"Ciudad\/Provincia","comment_count":"0","_links":{"self":[{"href":"https:\/\/apuntesdesanluis.com\/index.php\/wp-json\/wp\/v2\/posts\/21199","targetHints":{"allow":["GET"]}}],"collection":[{"href":"https:\/\/apuntesdesanluis.com\/index.php\/wp-json\/wp\/v2\/posts"}],"about":[{"href":"https:\/\/apuntesdesanluis.com\/index.php\/wp-json\/wp\/v2\/types\/post"}],"author":[{"embeddable":true,"href":"https:\/\/apuntesdesanluis.com\/index.php\/wp-json\/wp\/v2\/users\/1"}],"replies":[{"embeddable":true,"href":"https:\/\/apuntesdesanluis.com\/index.php\/wp-json\/wp\/v2\/comments?post=21199"}],"version-history":[{"count":1,"href":"https:\/\/apuntesdesanluis.com\/index.php\/wp-json\/wp\/v2\/posts\/21199\/revisions"}],"predecessor-version":[{"id":21201,"href":"https:\/\/apuntesdesanluis.com\/index.php\/wp-json\/wp\/v2\/posts\/21199\/revisions\/21201"}],"wp:featuredmedia":[{"embeddable":true,"href":"https:\/\/apuntesdesanluis.com\/index.php\/wp-json\/wp\/v2\/media\/21200"}],"wp:attachment":[{"href":"https:\/\/apuntesdesanluis.com\/index.php\/wp-json\/wp\/v2\/media?parent=21199"}],"wp:term":[{"taxonomy":"category","embeddable":true,"href":"https:\/\/apuntesdesanluis.com\/index.php\/wp-json\/wp\/v2\/categories?post=21199"},{"taxonomy":"post_tag","embeddable":true,"href":"https:\/\/apuntesdesanluis.com\/index.php\/wp-json\/wp\/v2\/tags?post=21199"}],"curies":[{"name":"wp","href":"https:\/\/api.w.org\/{rel}","templated":true}]}}