{"id":21207,"date":"2024-08-23T01:02:36","date_gmt":"2024-08-23T04:02:36","guid":{"rendered":"https:\/\/apuntesdesanluis.com\/?p=21207"},"modified":"2024-08-23T01:02:36","modified_gmt":"2024-08-23T04:02:36","slug":"derrota-para-el-gobierno-el-senado-aprobo-el-proyecto-que-aumenta-las-jubilaciones","status":"publish","type":"post","link":"https:\/\/apuntesdesanluis.com\/index.php\/2024\/08\/23\/derrota-para-el-gobierno-el-senado-aprobo-el-proyecto-que-aumenta-las-jubilaciones\/","title":{"rendered":"DERROTA PARA EL GOBIERNO: EL SENADO APROB\u00d3 EL PROYECTO QUE AUMENTA LAS JUBILACIONES"},"content":{"rendered":"<h3>El Senado de la Naci\u00f3n aprob\u00f3 este jueves por dos tercios, en general y en particular, el proyecto que aumenta las jubilaciones en un 8,1 y pliega su actualizaci\u00f3n mensual de los haberes al \u00cdndice de Precios al Consumir (IPC), que ya tuvo la media sanci\u00f3n de la C\u00e1mara de Diputados y por la cual el presidente Javier Milei advirti\u00f3 que har\u00eda uso del veto.<\/h3>\n<h3>Fue por 61 votos afirmativos, ocho negativos y cero abstenciones, en general. En particular, la oposici\u00f3n logr\u00f3 blindar todos los art\u00edculos sensibles y que ponen en jaque al Gobierno nacional con dos tercios.<\/h3>\n<h3>Adem\u00e1s del aumento de 8,1 y el cambio en la f\u00f3rmula de actualizaci\u00f3n, la iniciativa contempla que, en marzo de cada a\u00f1o, se aplicar\u00e1 un aumento del 50 por ciento de la variaci\u00f3n de la de la Remuneraci\u00f3n Imponible Promedio de los Trabajadores Estables (RIPTE) por sobre la variaci\u00f3n del \u00cdndice de Precios al Consumidor (IPC) del a\u00f1o anterior.<\/h3>\n<h3>A su vez, dispone que la ANSES &#8220;garantizar\u00e1, para el caso de las personas que perciban un solo beneficio, el pago de una prestaci\u00f3n con un suplemento dinerario de car\u00e1cter alimentario, de forma tal que los ingresos totales no sean menores al \u00faltimo valor de la canasta b\u00e1sica total por adulto multiplicado por 1,09&#8221;.<\/h3>\n<h3>Tambi\u00e9n instruye a la instituci\u00f3n a que cancele la totalidad de las deudas que mantiene con las provincias cuyos sistemas previsionales &#8220;no fueron transferidos al Estado nacional, como as\u00ed tambi\u00e9n con los beneficiarios que cuenten con sentencia firme, dentro de los 6 meses de la promulgaci\u00f3n de esta ley&#8221;.<\/h3>\n<h3>Su aprobaci\u00f3n significar\u00e1 un gasto del 0,43 por ciento, seg\u00fan especific\u00f3 un estudio realizado por la Oficina de Presupuesto del Congreso (OPC). Ante este panorama, Milei asegur\u00f3 que utilizar\u00e1, por primera vez, su facultad de veto. El jefe de Estado calific\u00f3 como &#8220;degenerados fiscales&#8221; a los diputados cuando le dieron luz verde al proyecto en Diputados.<\/h3>\n<h3>Semanas atr\u00e1s, la Casa Rosada envi\u00f3 al secretario de Hacienda, Carlos Guberman, y al titular de la ANSES, Mariano de los Heros, para defender el &#8220;d\u00e9ficit cero&#8221; que promueven Milei y el ministro de Econom\u00eda, Luis Caputo.<\/h3>\n<h3>Los funcionarios postularon que aceptaban el 8,1, pero no har\u00edan lugar al resto de los puntos. No obstante, la propuesta del 8,1 tambi\u00e9n fue condicionada por los emisarios del Poder Ejecutivo al sostener que no ser\u00eda de forma retroactiva a enero, mes en el que las jubilaciones subieron 12,5 frente al 20,6 que fue la inflaci\u00f3n, sino al mes siguiente de la promulgaci\u00f3n de la ley.<\/h3>\n<p>&nbsp;<\/p>\n<p>&nbsp;<\/p>\n<p>&nbsp;<\/p>\n<p>&nbsp;<\/p>\n<p>&nbsp;<\/p>\n<p>&nbsp;<\/p>\n","protected":false},"excerpt":{"rendered":"<p>El Senado de la Naci\u00f3n aprob\u00f3 este jueves por dos tercios, en general y en&#8230;<\/p>\n","protected":false},"author":1,"featured_media":21208,"comment_status":"closed","ping_status":"closed","sticky":false,"template":"","format":"standard","meta":{"footnotes":""},"categories":[5],"tags":[],"class_list":["post-21207","post","type-post","status-publish","format-standard","has-post-thumbnail","hentry","category-nacionales-internacionales"],"yoast_head":"<!-- This site is optimized with the Yoast SEO plugin v26.1.1 - https:\/\/yoast.com\/wordpress\/plugins\/seo\/ -->\n<title>DERROTA PARA EL GOBIERNO: EL SENADO APROB\u00d3 EL PROYECTO QUE AUMENTA LAS JUBILACIONES - Apuntes de San Luis<\/title>\n<meta name=\"robots\" content=\"index, follow, max-snippet:-1, max-image-preview:large, max-video-preview:-1\" \/>\n<link rel=\"canonical\" href=\"https:\/\/apuntesdesanluis.com\/index.php\/2024\/08\/23\/derrota-para-el-gobierno-el-senado-aprobo-el-proyecto-que-aumenta-las-jubilaciones\/\" \/>\n<meta property=\"og:locale\" content=\"es_ES\" \/>\n<meta property=\"og:type\" content=\"article\" \/>\n<meta property=\"og:title\" content=\"DERROTA PARA EL GOBIERNO: EL SENADO APROB\u00d3 EL PROYECTO QUE AUMENTA LAS JUBILACIONES - Apuntes de San Luis\" \/>\n<meta property=\"og:description\" content=\"El Senado de la Naci\u00f3n aprob\u00f3 este jueves por dos tercios, en general y en...\" \/>\n<meta property=\"og:url\" content=\"https:\/\/apuntesdesanluis.com\/index.php\/2024\/08\/23\/derrota-para-el-gobierno-el-senado-aprobo-el-proyecto-que-aumenta-las-jubilaciones\/\" \/>\n<meta property=\"og:site_name\" content=\"Apuntes de San Luis\" \/>\n<meta property=\"article:published_time\" content=\"2024-08-23T04:02:36+00:00\" \/>\n<meta property=\"og:image\" content=\"https:\/\/apuntesdesanluis.com\/wp-content\/uploads\/2024\/08\/senado-de-la-nacion.png\" \/>\n\t<meta property=\"og:image:width\" content=\"790\" \/>\n\t<meta property=\"og:image:height\" content=\"463\" \/>\n\t<meta property=\"og:image:type\" content=\"image\/png\" \/>\n<meta name=\"author\" content=\"apuntesdesanluis.com\" \/>\n<meta name=\"twitter:card\" content=\"summary_large_image\" \/>\n<meta name=\"twitter:label1\" content=\"Escrito por\" \/>\n\t<meta name=\"twitter:data1\" content=\"apuntesdesanluis.com\" \/>\n\t<meta name=\"twitter:label2\" content=\"Tiempo de lectura\" \/>\n\t<meta name=\"twitter:data2\" content=\"3 minutos\" \/>\n<script type=\"application\/ld+json\" class=\"yoast-schema-graph\">{\"@context\":\"https:\/\/schema.org\",\"@graph\":[{\"@type\":\"Article\",\"@id\":\"https:\/\/apuntesdesanluis.com\/index.php\/2024\/08\/23\/derrota-para-el-gobierno-el-senado-aprobo-el-proyecto-que-aumenta-las-jubilaciones\/#article\",\"isPartOf\":{\"@id\":\"https:\/\/apuntesdesanluis.com\/index.php\/2024\/08\/23\/derrota-para-el-gobierno-el-senado-aprobo-el-proyecto-que-aumenta-las-jubilaciones\/\"},\"author\":{\"name\":\"apuntesdesanluis.com\",\"@id\":\"https:\/\/apuntesdesanluis.com\/#\/schema\/person\/b55151d52296fcce64d1a72538a70b90\"},\"headline\":\"DERROTA PARA EL GOBIERNO: EL SENADO APROB\u00d3 EL PROYECTO QUE AUMENTA LAS JUBILACIONES\",\"datePublished\":\"2024-08-23T04:02:36+00:00\",\"mainEntityOfPage\":{\"@id\":\"https:\/\/apuntesdesanluis.com\/index.php\/2024\/08\/23\/derrota-para-el-gobierno-el-senado-aprobo-el-proyecto-que-aumenta-las-jubilaciones\/\"},\"wordCount\":459,\"publisher\":{\"@id\":\"https:\/\/apuntesdesanluis.com\/#\/schema\/person\/b55151d52296fcce64d1a72538a70b90\"},\"image\":{\"@id\":\"https:\/\/apuntesdesanluis.com\/index.php\/2024\/08\/23\/derrota-para-el-gobierno-el-senado-aprobo-el-proyecto-que-aumenta-las-jubilaciones\/#primaryimage\"},\"thumbnailUrl\":\"https:\/\/apuntesdesanluis.com\/wp-content\/uploads\/2024\/08\/senado-de-la-nacion.png\",\"articleSection\":[\"Nacionales\/Internacionales\"],\"inLanguage\":\"es-AR\"},{\"@type\":\"WebPage\",\"@id\":\"https:\/\/apuntesdesanluis.com\/index.php\/2024\/08\/23\/derrota-para-el-gobierno-el-senado-aprobo-el-proyecto-que-aumenta-las-jubilaciones\/\",\"url\":\"https:\/\/apuntesdesanluis.com\/index.php\/2024\/08\/23\/derrota-para-el-gobierno-el-senado-aprobo-el-proyecto-que-aumenta-las-jubilaciones\/\",\"name\":\"DERROTA PARA EL GOBIERNO: EL SENADO APROB\u00d3 EL PROYECTO QUE AUMENTA LAS JUBILACIONES - Apuntes de San Luis\",\"isPartOf\":{\"@id\":\"https:\/\/apuntesdesanluis.com\/#website\"},\"primaryImageOfPage\":{\"@id\":\"https:\/\/apuntesdesanluis.com\/index.php\/2024\/08\/23\/derrota-para-el-gobierno-el-senado-aprobo-el-proyecto-que-aumenta-las-jubilaciones\/#primaryimage\"},\"image\":{\"@id\":\"https:\/\/apuntesdesanluis.com\/index.php\/2024\/08\/23\/derrota-para-el-gobierno-el-senado-aprobo-el-proyecto-que-aumenta-las-jubilaciones\/#primaryimage\"},\"thumbnailUrl\":\"https:\/\/apuntesdesanluis.com\/wp-content\/uploads\/2024\/08\/senado-de-la-nacion.png\",\"datePublished\":\"2024-08-23T04:02:36+00:00\",\"breadcrumb\":{\"@id\":\"https:\/\/apuntesdesanluis.com\/index.php\/2024\/08\/23\/derrota-para-el-gobierno-el-senado-aprobo-el-proyecto-que-aumenta-las-jubilaciones\/#breadcrumb\"},\"inLanguage\":\"es-AR\",\"potentialAction\":[{\"@type\":\"ReadAction\",\"target\":[\"https:\/\/apuntesdesanluis.com\/index.php\/2024\/08\/23\/derrota-para-el-gobierno-el-senado-aprobo-el-proyecto-que-aumenta-las-jubilaciones\/\"]}]},{\"@type\":\"ImageObject\",\"inLanguage\":\"es-AR\",\"@id\":\"https:\/\/apuntesdesanluis.com\/index.php\/2024\/08\/23\/derrota-para-el-gobierno-el-senado-aprobo-el-proyecto-que-aumenta-las-jubilaciones\/#primaryimage\",\"url\":\"https:\/\/apuntesdesanluis.com\/wp-content\/uploads\/2024\/08\/senado-de-la-nacion.png\",\"contentUrl\":\"https:\/\/apuntesdesanluis.com\/wp-content\/uploads\/2024\/08\/senado-de-la-nacion.png\",\"width\":790,\"height\":463},{\"@type\":\"BreadcrumbList\",\"@id\":\"https:\/\/apuntesdesanluis.com\/index.php\/2024\/08\/23\/derrota-para-el-gobierno-el-senado-aprobo-el-proyecto-que-aumenta-las-jubilaciones\/#breadcrumb\",\"itemListElement\":[{\"@type\":\"ListItem\",\"position\":1,\"name\":\"Inicio\",\"item\":\"https:\/\/apuntesdesanluis.com\/\"},{\"@type\":\"ListItem\",\"position\":2,\"name\":\"DERROTA PARA EL GOBIERNO: EL SENADO APROB\u00d3 EL PROYECTO QUE AUMENTA LAS JUBILACIONES\"}]},{\"@type\":\"WebSite\",\"@id\":\"https:\/\/apuntesdesanluis.com\/#website\",\"url\":\"https:\/\/apuntesdesanluis.com\/\",\"name\":\"Apuntes de San Luis\",\"description\":\"\",\"publisher\":{\"@id\":\"https:\/\/apuntesdesanluis.com\/#\/schema\/person\/b55151d52296fcce64d1a72538a70b90\"},\"potentialAction\":[{\"@type\":\"SearchAction\",\"target\":{\"@type\":\"EntryPoint\",\"urlTemplate\":\"https:\/\/apuntesdesanluis.com\/?s={search_term_string}\"},\"query-input\":{\"@type\":\"PropertyValueSpecification\",\"valueRequired\":true,\"valueName\":\"search_term_string\"}}],\"inLanguage\":\"es-AR\"},{\"@type\":[\"Person\",\"Organization\"],\"@id\":\"https:\/\/apuntesdesanluis.com\/#\/schema\/person\/b55151d52296fcce64d1a72538a70b90\",\"name\":\"apuntesdesanluis.com\",\"image\":{\"@type\":\"ImageObject\",\"inLanguage\":\"es-AR\",\"@id\":\"https:\/\/apuntesdesanluis.com\/#\/schema\/person\/image\/\",\"url\":\"https:\/\/apuntesdesanluis.com\/wp-content\/uploads\/2023\/07\/cropped-apuntesdesanluis.png\",\"contentUrl\":\"https:\/\/apuntesdesanluis.com\/wp-content\/uploads\/2023\/07\/cropped-apuntesdesanluis.png\",\"width\":450,\"height\":112,\"caption\":\"apuntesdesanluis.com\"},\"logo\":{\"@id\":\"https:\/\/apuntesdesanluis.com\/#\/schema\/person\/image\/\"},\"sameAs\":[\"https:\/\/apuntesdesanluis.com\"],\"url\":\"https:\/\/apuntesdesanluis.com\/index.php\/author\/apuntesdesanluis-com\/\"}]}<\/script>\n<!-- \/ Yoast SEO plugin. -->","yoast_head_json":{"title":"DERROTA PARA EL GOBIERNO: EL SENADO APROB\u00d3 EL PROYECTO QUE AUMENTA LAS JUBILACIONES - Apuntes de San Luis","robots":{"index":"index","follow":"follow","max-snippet":"max-snippet:-1","max-image-preview":"max-image-preview:large","max-video-preview":"max-video-preview:-1"},"canonical":"https:\/\/apuntesdesanluis.com\/index.php\/2024\/08\/23\/derrota-para-el-gobierno-el-senado-aprobo-el-proyecto-que-aumenta-las-jubilaciones\/","og_locale":"es_ES","og_type":"article","og_title":"DERROTA PARA EL GOBIERNO: EL SENADO APROB\u00d3 EL PROYECTO QUE AUMENTA LAS JUBILACIONES - Apuntes de San Luis","og_description":"El Senado de la Naci\u00f3n aprob\u00f3 este jueves por dos tercios, en general y en...","og_url":"https:\/\/apuntesdesanluis.com\/index.php\/2024\/08\/23\/derrota-para-el-gobierno-el-senado-aprobo-el-proyecto-que-aumenta-las-jubilaciones\/","og_site_name":"Apuntes de San Luis","article_published_time":"2024-08-23T04:02:36+00:00","og_image":[{"width":790,"height":463,"url":"https:\/\/apuntesdesanluis.com\/wp-content\/uploads\/2024\/08\/senado-de-la-nacion.png","type":"image\/png"}],"author":"apuntesdesanluis.com","twitter_card":"summary_large_image","twitter_misc":{"Escrito por":"apuntesdesanluis.com","Tiempo de lectura":"3 minutos"},"schema":{"@context":"https:\/\/schema.org","@graph":[{"@type":"Article","@id":"https:\/\/apuntesdesanluis.com\/index.php\/2024\/08\/23\/derrota-para-el-gobierno-el-senado-aprobo-el-proyecto-que-aumenta-las-jubilaciones\/#article","isPartOf":{"@id":"https:\/\/apuntesdesanluis.com\/index.php\/2024\/08\/23\/derrota-para-el-gobierno-el-senado-aprobo-el-proyecto-que-aumenta-las-jubilaciones\/"},"author":{"name":"apuntesdesanluis.com","@id":"https:\/\/apuntesdesanluis.com\/#\/schema\/person\/b55151d52296fcce64d1a72538a70b90"},"headline":"DERROTA PARA EL GOBIERNO: EL SENADO APROB\u00d3 EL PROYECTO QUE AUMENTA LAS JUBILACIONES","datePublished":"2024-08-23T04:02:36+00:00","mainEntityOfPage":{"@id":"https:\/\/apuntesdesanluis.com\/index.php\/2024\/08\/23\/derrota-para-el-gobierno-el-senado-aprobo-el-proyecto-que-aumenta-las-jubilaciones\/"},"wordCount":459,"publisher":{"@id":"https:\/\/apuntesdesanluis.com\/#\/schema\/person\/b55151d52296fcce64d1a72538a70b90"},"image":{"@id":"https:\/\/apuntesdesanluis.com\/index.php\/2024\/08\/23\/derrota-para-el-gobierno-el-senado-aprobo-el-proyecto-que-aumenta-las-jubilaciones\/#primaryimage"},"thumbnailUrl":"https:\/\/apuntesdesanluis.com\/wp-content\/uploads\/2024\/08\/senado-de-la-nacion.png","articleSection":["Nacionales\/Internacionales"],"inLanguage":"es-AR"},{"@type":"WebPage","@id":"https:\/\/apuntesdesanluis.com\/index.php\/2024\/08\/23\/derrota-para-el-gobierno-el-senado-aprobo-el-proyecto-que-aumenta-las-jubilaciones\/","url":"https:\/\/apuntesdesanluis.com\/index.php\/2024\/08\/23\/derrota-para-el-gobierno-el-senado-aprobo-el-proyecto-que-aumenta-las-jubilaciones\/","name":"DERROTA PARA EL GOBIERNO: EL SENADO APROB\u00d3 EL PROYECTO QUE AUMENTA LAS JUBILACIONES - Apuntes de San Luis","isPartOf":{"@id":"https:\/\/apuntesdesanluis.com\/#website"},"primaryImageOfPage":{"@id":"https:\/\/apuntesdesanluis.com\/index.php\/2024\/08\/23\/derrota-para-el-gobierno-el-senado-aprobo-el-proyecto-que-aumenta-las-jubilaciones\/#primaryimage"},"image":{"@id":"https:\/\/apuntesdesanluis.com\/index.php\/2024\/08\/23\/derrota-para-el-gobierno-el-senado-aprobo-el-proyecto-que-aumenta-las-jubilaciones\/#primaryimage"},"thumbnailUrl":"https:\/\/apuntesdesanluis.com\/wp-content\/uploads\/2024\/08\/senado-de-la-nacion.png","datePublished":"2024-08-23T04:02:36+00:00","breadcrumb":{"@id":"https:\/\/apuntesdesanluis.com\/index.php\/2024\/08\/23\/derrota-para-el-gobierno-el-senado-aprobo-el-proyecto-que-aumenta-las-jubilaciones\/#breadcrumb"},"inLanguage":"es-AR","potentialAction":[{"@type":"ReadAction","target":["https:\/\/apuntesdesanluis.com\/index.php\/2024\/08\/23\/derrota-para-el-gobierno-el-senado-aprobo-el-proyecto-que-aumenta-las-jubilaciones\/"]}]},{"@type":"ImageObject","inLanguage":"es-AR","@id":"https:\/\/apuntesdesanluis.com\/index.php\/2024\/08\/23\/derrota-para-el-gobierno-el-senado-aprobo-el-proyecto-que-aumenta-las-jubilaciones\/#primaryimage","url":"https:\/\/apuntesdesanluis.com\/wp-content\/uploads\/2024\/08\/senado-de-la-nacion.png","contentUrl":"https:\/\/apuntesdesanluis.com\/wp-content\/uploads\/2024\/08\/senado-de-la-nacion.png","width":790,"height":463},{"@type":"BreadcrumbList","@id":"https:\/\/apuntesdesanluis.com\/index.php\/2024\/08\/23\/derrota-para-el-gobierno-el-senado-aprobo-el-proyecto-que-aumenta-las-jubilaciones\/#breadcrumb","itemListElement":[{"@type":"ListItem","position":1,"name":"Inicio","item":"https:\/\/apuntesdesanluis.com\/"},{"@type":"ListItem","position":2,"name":"DERROTA PARA EL GOBIERNO: EL SENADO APROB\u00d3 EL PROYECTO QUE AUMENTA LAS JUBILACIONES"}]},{"@type":"WebSite","@id":"https:\/\/apuntesdesanluis.com\/#website","url":"https:\/\/apuntesdesanluis.com\/","name":"Apuntes de San Luis","description":"","publisher":{"@id":"https:\/\/apuntesdesanluis.com\/#\/schema\/person\/b55151d52296fcce64d1a72538a70b90"},"potentialAction":[{"@type":"SearchAction","target":{"@type":"EntryPoint","urlTemplate":"https:\/\/apuntesdesanluis.com\/?s={search_term_string}"},"query-input":{"@type":"PropertyValueSpecification","valueRequired":true,"valueName":"search_term_string"}}],"inLanguage":"es-AR"},{"@type":["Person","Organization"],"@id":"https:\/\/apuntesdesanluis.com\/#\/schema\/person\/b55151d52296fcce64d1a72538a70b90","name":"apuntesdesanluis.com","image":{"@type":"ImageObject","inLanguage":"es-AR","@id":"https:\/\/apuntesdesanluis.com\/#\/schema\/person\/image\/","url":"https:\/\/apuntesdesanluis.com\/wp-content\/uploads\/2023\/07\/cropped-apuntesdesanluis.png","contentUrl":"https:\/\/apuntesdesanluis.com\/wp-content\/uploads\/2023\/07\/cropped-apuntesdesanluis.png","width":450,"height":112,"caption":"apuntesdesanluis.com"},"logo":{"@id":"https:\/\/apuntesdesanluis.com\/#\/schema\/person\/image\/"},"sameAs":["https:\/\/apuntesdesanluis.com"],"url":"https:\/\/apuntesdesanluis.com\/index.php\/author\/apuntesdesanluis-com\/"}]}},"featured_image_urls":{"full":["https:\/\/apuntesdesanluis.com\/wp-content\/uploads\/2024\/08\/senado-de-la-nacion.png",790,463,false],"thumbnail":["https:\/\/apuntesdesanluis.com\/wp-content\/uploads\/2024\/08\/senado-de-la-nacion-150x150.png",150,150,true],"medium":["https:\/\/apuntesdesanluis.com\/wp-content\/uploads\/2024\/08\/senado-de-la-nacion-300x176.png",300,176,true],"medium_large":["https:\/\/apuntesdesanluis.com\/wp-content\/uploads\/2024\/08\/senado-de-la-nacion-768x450.png",640,375,true],"large":["https:\/\/apuntesdesanluis.com\/wp-content\/uploads\/2024\/08\/senado-de-la-nacion.png",640,375,false],"1536x1536":["https:\/\/apuntesdesanluis.com\/wp-content\/uploads\/2024\/08\/senado-de-la-nacion.png",790,463,false],"2048x2048":["https:\/\/apuntesdesanluis.com\/wp-content\/uploads\/2024\/08\/senado-de-la-nacion.png",790,463,false],"newsever-slider-full":["https:\/\/apuntesdesanluis.com\/wp-content\/uploads\/2024\/08\/senado-de-la-nacion.png",790,463,false],"newsever-featured":["https:\/\/apuntesdesanluis.com\/wp-content\/uploads\/2024\/08\/senado-de-la-nacion.png",790,463,false],"newsever-medium":["https:\/\/apuntesdesanluis.com\/wp-content\/uploads\/2024\/08\/senado-de-la-nacion-720x463.png",720,463,true]},"author_info":{"display_name":"apuntesdesanluis.com","author_link":"https:\/\/apuntesdesanluis.com\/index.php\/author\/apuntesdesanluis-com\/"},"category_info":"<a href=\"https:\/\/apuntesdesanluis.com\/index.php\/category\/nacionales-internacionales\/\" rel=\"category tag\">Nacionales\/Internacionales<\/a>","tag_info":"Nacionales\/Internacionales","comment_count":"0","_links":{"self":[{"href":"https:\/\/apuntesdesanluis.com\/index.php\/wp-json\/wp\/v2\/posts\/21207","targetHints":{"allow":["GET"]}}],"collection":[{"href":"https:\/\/apuntesdesanluis.com\/index.php\/wp-json\/wp\/v2\/posts"}],"about":[{"href":"https:\/\/apuntesdesanluis.com\/index.php\/wp-json\/wp\/v2\/types\/post"}],"author":[{"embeddable":true,"href":"https:\/\/apuntesdesanluis.com\/index.php\/wp-json\/wp\/v2\/users\/1"}],"replies":[{"embeddable":true,"href":"https:\/\/apuntesdesanluis.com\/index.php\/wp-json\/wp\/v2\/comments?post=21207"}],"version-history":[{"count":1,"href":"https:\/\/apuntesdesanluis.com\/index.php\/wp-json\/wp\/v2\/posts\/21207\/revisions"}],"predecessor-version":[{"id":21209,"href":"https:\/\/apuntesdesanluis.com\/index.php\/wp-json\/wp\/v2\/posts\/21207\/revisions\/21209"}],"wp:featuredmedia":[{"embeddable":true,"href":"https:\/\/apuntesdesanluis.com\/index.php\/wp-json\/wp\/v2\/media\/21208"}],"wp:attachment":[{"href":"https:\/\/apuntesdesanluis.com\/index.php\/wp-json\/wp\/v2\/media?parent=21207"}],"wp:term":[{"taxonomy":"category","embeddable":true,"href":"https:\/\/apuntesdesanluis.com\/index.php\/wp-json\/wp\/v2\/categories?post=21207"},{"taxonomy":"post_tag","embeddable":true,"href":"https:\/\/apuntesdesanluis.com\/index.php\/wp-json\/wp\/v2\/tags?post=21207"}],"curies":[{"name":"wp","href":"https:\/\/api.w.org\/{rel}","templated":true}]}}