{"id":21210,"date":"2024-08-22T21:09:20","date_gmt":"2024-08-23T00:09:20","guid":{"rendered":"https:\/\/apuntesdesanluis.com\/?p=21210"},"modified":"2024-08-23T01:11:40","modified_gmt":"2024-08-23T04:11:40","slug":"la-camara-alta-retrocedio-con-el-aumento-de-dietas-y-congelo-por-este-ano-los-haberes-de-los-legisladores","status":"publish","type":"post","link":"https:\/\/apuntesdesanluis.com\/index.php\/2024\/08\/22\/la-camara-alta-retrocedio-con-el-aumento-de-dietas-y-congelo-por-este-ano-los-haberes-de-los-legisladores\/","title":{"rendered":"LA C\u00c1MARA ALTA RETROCEDI\u00d3 CON EL AUMENTO DE DIETAS Y CONGEL\u00d3 POR ESTE A\u00d1O LOS HABERES DE LOS LEGISLADORES"},"content":{"rendered":"<h3>La resoluci\u00f3n fue aprobada por unanimidad tras la pol\u00e9mica que surgi\u00f3 cuando trascendi\u00f3 que las dietas se elevaban a 9 millones de pesos<\/h3>\n<h3>El Senado aprob\u00f3 hoy por unanimidad retrotraer los aumentos de las dietas de los senadores y congelar esos haberes hasta diciembre, tras la pol\u00e9mica que se hab\u00eda generado por la suba del 6,6 por ciento que elevaba los sueldos de los legisladores a los nueve millones de pesos.<\/h3>\n<h3>De este modo, el plenario legislativo decidi\u00f3 con 65 votos anular la suba que se hab\u00eda dispuesto la semana pasada, al acoplarse a los aumentos dispuestos para los empleados del 3,5 por ciento para julio y el 3 por ciento para este mes.<\/h3>\n<h3>La decisi\u00f3n se adopt\u00f3 en el \u00faltimo tramo de la sesi\u00f3n con el respaldo de los legisladores de LLA, la UCR, Frente Nacional y Popular, Unidad Ciudadana, Cambio Federal, Unidad Federal, PRO, Frente Renovador de la Concordia Social, Juntos por R\u00edo Negro, por Santa Cruz, por la Justicia Social y Comunidad Neuqu\u00e9n.<\/h3>\n<h3>El proyecto de resoluci\u00f3n, cuya autor\u00eda corresponde al senador Juan Carlos Romero, establece que se &#8220;suspende para las se\u00f1oras y se\u00f1ores senadores toda actualizaci\u00f3n que se realice en el valor del m\u00f3dulo, establecido en la DR8\/24, a partir del 1 de agosto y hasta el 31 de diciembre de 2024&#8221;.<\/h3>\n<h3>Tras la pol\u00e9mica que se hab\u00eda generado por ese incremento, y a la que sum\u00f3 su rechazo el propio presidente Javier Milei, los jefes de los bloques le presentaron una nota a la presidenta del cuerpo, Victoria Villarruel, para suspender la suba de 6,6 por ciento en los sueldos.<\/h3>\n<h3>Milei hab\u00eda expresado desde las redes sociales su &#8220;m\u00e1ximo repudio al vergonzoso aumento de sueldo que acaba de ocurrir en la C\u00e1mara de Senadores&#8221;.<\/h3>\n<h3>Pero Villarruel pidi\u00f3 una sesi\u00f3n especial para este jueves con el fin de retrotraer las dietas de los senadores, que cobran del doble que sus pares de la C\u00e1mara de Diputados.<\/h3>\n<h3>Los senadores hab\u00edan resuelto en abril acoplarse a los aumentos de los empleados y, en esa ocasi\u00f3n, aprobar a mano alzada y sin debate una resoluci\u00f3n para incrementar sus dietas de 7 millones de pesos brutos.<\/h3>\n<h3>En esa ocasi\u00f3n votaron un proyecto que establece que las dietas pasar\u00e1n a estar conformadas por 2.500 m\u00f3dulos, m\u00e1s un adicional de 1.000 m\u00f3dulos por gastos de representaci\u00f3n y 500 m\u00f3dulos de adicional por desarraigo.<\/h3>\n<h3>La iniciativa que autogestionaron en aquella ocasi\u00f3n los senadores agregaba una dieta m\u00e1s a las 12 que exist\u00edan antes, para compensar el aguinaldo.\u00a0\u00a0 Con la decisi\u00f3n de retrotraer el aumento de las dietas, los haberes de los senadores quedar\u00e1n en 7 millones de pesos brutos, por lo que con los descuentos quedar\u00e1n en unos 4,5 millones de pesos.<\/h3>\n<h3>Durante el debate, el senador Romero, de Cambio Federal, se\u00f1al\u00f3 que &#8220;la idea es que esta suspensi\u00f3n de actualizaci\u00f3n del m\u00f3dulo funcione como transici\u00f3n hasta fin de a\u00f1o o hasta encontrar a la verdadera soluci\u00f3n. Hay que resolver la cuesti\u00f3n de la escala salarial para todos los funcionarios de los tres poderes&#8221;, plante\u00f3.<\/h3>\n<h3>Tambi\u00e9n pidi\u00f3 que, as\u00ed como est\u00e1n &#8220;transparentados los sueldos de los senadores, tambi\u00e9n se transparenten cu\u00e1les son los sueldos de los Poderes del Estado, as\u00ed como de las empresas p\u00fablicas y los bancos&#8221;.<\/h3>\n<h3>El jefe del bloque del Frente de Unidad Popular, Jos\u00e9 Mayans, inform\u00f3 que su espacio apoyaba la propuesta de desacoplar las dietas de los aumentos de los empleados y congelar los haberes hasta diciembre, pero se quej\u00f3 que &#8220;hay mucha distorsi\u00f3n&#8221; en la cr\u00edtica que se hicieron contra los senadores.\u00a0\u00a0 En tanto, el titular del bloque de LLA, Enrique Atauche, dijo que la &#8220;idea es hacer el esfuerzo de reducir este aumento&#8221;.<\/h3>\n<h3>En tanto, el Senado decidi\u00f3 girar en comisi\u00f3n un proyecto de Mayans que dispone un tope m\u00e1ximo de la percepci\u00f3n de los haberes de las m\u00e1ximas autoridades del Poder Ejecutivo, Legislativo y Judicial, as\u00ed como de organismos descentralizados de la administraci\u00f3n p\u00fablica y empresas del Estado.<\/h3>\n<p>&nbsp;<\/p>\n<p>&nbsp;<\/p>\n<p>&nbsp;<\/p>\n","protected":false},"excerpt":{"rendered":"<p>La resoluci\u00f3n fue aprobada por unanimidad tras la pol\u00e9mica que surgi\u00f3 cuando trascendi\u00f3 que las&#8230;<\/p>\n","protected":false},"author":1,"featured_media":21211,"comment_status":"closed","ping_status":"closed","sticky":false,"template":"","format":"standard","meta":{"footnotes":""},"categories":[5],"tags":[],"class_list":["post-21210","post","type-post","status-publish","format-standard","has-post-thumbnail","hentry","category-nacionales-internacionales"],"yoast_head":"<!-- This site is optimized with the Yoast SEO plugin v26.1.1 - https:\/\/yoast.com\/wordpress\/plugins\/seo\/ -->\n<title>LA C\u00c1MARA ALTA RETROCEDI\u00d3 CON EL AUMENTO DE DIETAS Y CONGEL\u00d3 POR ESTE A\u00d1O LOS HABERES DE LOS LEGISLADORES - Apuntes de San Luis<\/title>\n<meta name=\"robots\" content=\"index, follow, max-snippet:-1, max-image-preview:large, max-video-preview:-1\" \/>\n<link rel=\"canonical\" href=\"https:\/\/apuntesdesanluis.com\/index.php\/2024\/08\/22\/la-camara-alta-retrocedio-con-el-aumento-de-dietas-y-congelo-por-este-ano-los-haberes-de-los-legisladores\/\" \/>\n<meta property=\"og:locale\" content=\"es_ES\" \/>\n<meta property=\"og:type\" content=\"article\" \/>\n<meta property=\"og:title\" content=\"LA C\u00c1MARA ALTA RETROCEDI\u00d3 CON EL AUMENTO DE DIETAS Y CONGEL\u00d3 POR ESTE A\u00d1O LOS HABERES DE LOS LEGISLADORES - Apuntes de San Luis\" \/>\n<meta property=\"og:description\" content=\"La resoluci\u00f3n fue aprobada por unanimidad tras la pol\u00e9mica que surgi\u00f3 cuando trascendi\u00f3 que las...\" \/>\n<meta property=\"og:url\" content=\"https:\/\/apuntesdesanluis.com\/index.php\/2024\/08\/22\/la-camara-alta-retrocedio-con-el-aumento-de-dietas-y-congelo-por-este-ano-los-haberes-de-los-legisladores\/\" \/>\n<meta property=\"og:site_name\" content=\"Apuntes de San Luis\" \/>\n<meta property=\"article:published_time\" content=\"2024-08-23T00:09:20+00:00\" \/>\n<meta property=\"article:modified_time\" content=\"2024-08-23T04:11:40+00:00\" \/>\n<meta property=\"og:image\" content=\"https:\/\/apuntesdesanluis.com\/wp-content\/uploads\/2024\/08\/SENADO-1.png\" \/>\n\t<meta property=\"og:image:width\" content=\"771\" \/>\n\t<meta property=\"og:image:height\" content=\"480\" \/>\n\t<meta property=\"og:image:type\" content=\"image\/png\" \/>\n<meta name=\"author\" content=\"apuntesdesanluis.com\" \/>\n<meta name=\"twitter:card\" content=\"summary_large_image\" \/>\n<meta name=\"twitter:label1\" content=\"Escrito por\" \/>\n\t<meta name=\"twitter:data1\" content=\"apuntesdesanluis.com\" \/>\n\t<meta name=\"twitter:label2\" content=\"Tiempo de lectura\" \/>\n\t<meta name=\"twitter:data2\" content=\"4 minutos\" \/>\n<script type=\"application\/ld+json\" class=\"yoast-schema-graph\">{\"@context\":\"https:\/\/schema.org\",\"@graph\":[{\"@type\":\"Article\",\"@id\":\"https:\/\/apuntesdesanluis.com\/index.php\/2024\/08\/22\/la-camara-alta-retrocedio-con-el-aumento-de-dietas-y-congelo-por-este-ano-los-haberes-de-los-legisladores\/#article\",\"isPartOf\":{\"@id\":\"https:\/\/apuntesdesanluis.com\/index.php\/2024\/08\/22\/la-camara-alta-retrocedio-con-el-aumento-de-dietas-y-congelo-por-este-ano-los-haberes-de-los-legisladores\/\"},\"author\":{\"name\":\"apuntesdesanluis.com\",\"@id\":\"https:\/\/apuntesdesanluis.com\/#\/schema\/person\/b55151d52296fcce64d1a72538a70b90\"},\"headline\":\"LA C\u00c1MARA ALTA RETROCEDI\u00d3 CON EL AUMENTO DE DIETAS Y CONGEL\u00d3 POR ESTE A\u00d1O LOS HABERES DE LOS LEGISLADORES\",\"datePublished\":\"2024-08-23T00:09:20+00:00\",\"dateModified\":\"2024-08-23T04:11:40+00:00\",\"mainEntityOfPage\":{\"@id\":\"https:\/\/apuntesdesanluis.com\/index.php\/2024\/08\/22\/la-camara-alta-retrocedio-con-el-aumento-de-dietas-y-congelo-por-este-ano-los-haberes-de-los-legisladores\/\"},\"wordCount\":720,\"publisher\":{\"@id\":\"https:\/\/apuntesdesanluis.com\/#\/schema\/person\/b55151d52296fcce64d1a72538a70b90\"},\"image\":{\"@id\":\"https:\/\/apuntesdesanluis.com\/index.php\/2024\/08\/22\/la-camara-alta-retrocedio-con-el-aumento-de-dietas-y-congelo-por-este-ano-los-haberes-de-los-legisladores\/#primaryimage\"},\"thumbnailUrl\":\"https:\/\/apuntesdesanluis.com\/wp-content\/uploads\/2024\/08\/SENADO-1.png\",\"articleSection\":[\"Nacionales\/Internacionales\"],\"inLanguage\":\"es-AR\"},{\"@type\":\"WebPage\",\"@id\":\"https:\/\/apuntesdesanluis.com\/index.php\/2024\/08\/22\/la-camara-alta-retrocedio-con-el-aumento-de-dietas-y-congelo-por-este-ano-los-haberes-de-los-legisladores\/\",\"url\":\"https:\/\/apuntesdesanluis.com\/index.php\/2024\/08\/22\/la-camara-alta-retrocedio-con-el-aumento-de-dietas-y-congelo-por-este-ano-los-haberes-de-los-legisladores\/\",\"name\":\"LA C\u00c1MARA ALTA RETROCEDI\u00d3 CON EL AUMENTO DE DIETAS Y CONGEL\u00d3 POR ESTE A\u00d1O LOS HABERES DE LOS LEGISLADORES - Apuntes de San Luis\",\"isPartOf\":{\"@id\":\"https:\/\/apuntesdesanluis.com\/#website\"},\"primaryImageOfPage\":{\"@id\":\"https:\/\/apuntesdesanluis.com\/index.php\/2024\/08\/22\/la-camara-alta-retrocedio-con-el-aumento-de-dietas-y-congelo-por-este-ano-los-haberes-de-los-legisladores\/#primaryimage\"},\"image\":{\"@id\":\"https:\/\/apuntesdesanluis.com\/index.php\/2024\/08\/22\/la-camara-alta-retrocedio-con-el-aumento-de-dietas-y-congelo-por-este-ano-los-haberes-de-los-legisladores\/#primaryimage\"},\"thumbnailUrl\":\"https:\/\/apuntesdesanluis.com\/wp-content\/uploads\/2024\/08\/SENADO-1.png\",\"datePublished\":\"2024-08-23T00:09:20+00:00\",\"dateModified\":\"2024-08-23T04:11:40+00:00\",\"breadcrumb\":{\"@id\":\"https:\/\/apuntesdesanluis.com\/index.php\/2024\/08\/22\/la-camara-alta-retrocedio-con-el-aumento-de-dietas-y-congelo-por-este-ano-los-haberes-de-los-legisladores\/#breadcrumb\"},\"inLanguage\":\"es-AR\",\"potentialAction\":[{\"@type\":\"ReadAction\",\"target\":[\"https:\/\/apuntesdesanluis.com\/index.php\/2024\/08\/22\/la-camara-alta-retrocedio-con-el-aumento-de-dietas-y-congelo-por-este-ano-los-haberes-de-los-legisladores\/\"]}]},{\"@type\":\"ImageObject\",\"inLanguage\":\"es-AR\",\"@id\":\"https:\/\/apuntesdesanluis.com\/index.php\/2024\/08\/22\/la-camara-alta-retrocedio-con-el-aumento-de-dietas-y-congelo-por-este-ano-los-haberes-de-los-legisladores\/#primaryimage\",\"url\":\"https:\/\/apuntesdesanluis.com\/wp-content\/uploads\/2024\/08\/SENADO-1.png\",\"contentUrl\":\"https:\/\/apuntesdesanluis.com\/wp-content\/uploads\/2024\/08\/SENADO-1.png\",\"width\":771,\"height\":480},{\"@type\":\"BreadcrumbList\",\"@id\":\"https:\/\/apuntesdesanluis.com\/index.php\/2024\/08\/22\/la-camara-alta-retrocedio-con-el-aumento-de-dietas-y-congelo-por-este-ano-los-haberes-de-los-legisladores\/#breadcrumb\",\"itemListElement\":[{\"@type\":\"ListItem\",\"position\":1,\"name\":\"Inicio\",\"item\":\"https:\/\/apuntesdesanluis.com\/\"},{\"@type\":\"ListItem\",\"position\":2,\"name\":\"LA C\u00c1MARA ALTA RETROCEDI\u00d3 CON EL AUMENTO DE DIETAS Y CONGEL\u00d3 POR ESTE A\u00d1O LOS HABERES DE LOS LEGISLADORES\"}]},{\"@type\":\"WebSite\",\"@id\":\"https:\/\/apuntesdesanluis.com\/#website\",\"url\":\"https:\/\/apuntesdesanluis.com\/\",\"name\":\"Apuntes de San Luis\",\"description\":\"\",\"publisher\":{\"@id\":\"https:\/\/apuntesdesanluis.com\/#\/schema\/person\/b55151d52296fcce64d1a72538a70b90\"},\"potentialAction\":[{\"@type\":\"SearchAction\",\"target\":{\"@type\":\"EntryPoint\",\"urlTemplate\":\"https:\/\/apuntesdesanluis.com\/?s={search_term_string}\"},\"query-input\":{\"@type\":\"PropertyValueSpecification\",\"valueRequired\":true,\"valueName\":\"search_term_string\"}}],\"inLanguage\":\"es-AR\"},{\"@type\":[\"Person\",\"Organization\"],\"@id\":\"https:\/\/apuntesdesanluis.com\/#\/schema\/person\/b55151d52296fcce64d1a72538a70b90\",\"name\":\"apuntesdesanluis.com\",\"image\":{\"@type\":\"ImageObject\",\"inLanguage\":\"es-AR\",\"@id\":\"https:\/\/apuntesdesanluis.com\/#\/schema\/person\/image\/\",\"url\":\"https:\/\/apuntesdesanluis.com\/wp-content\/uploads\/2023\/07\/cropped-apuntesdesanluis.png\",\"contentUrl\":\"https:\/\/apuntesdesanluis.com\/wp-content\/uploads\/2023\/07\/cropped-apuntesdesanluis.png\",\"width\":450,\"height\":112,\"caption\":\"apuntesdesanluis.com\"},\"logo\":{\"@id\":\"https:\/\/apuntesdesanluis.com\/#\/schema\/person\/image\/\"},\"sameAs\":[\"https:\/\/apuntesdesanluis.com\"],\"url\":\"https:\/\/apuntesdesanluis.com\/index.php\/author\/apuntesdesanluis-com\/\"}]}<\/script>\n<!-- \/ Yoast SEO plugin. -->","yoast_head_json":{"title":"LA C\u00c1MARA ALTA RETROCEDI\u00d3 CON EL AUMENTO DE DIETAS Y CONGEL\u00d3 POR ESTE A\u00d1O LOS HABERES DE LOS LEGISLADORES - Apuntes de San Luis","robots":{"index":"index","follow":"follow","max-snippet":"max-snippet:-1","max-image-preview":"max-image-preview:large","max-video-preview":"max-video-preview:-1"},"canonical":"https:\/\/apuntesdesanluis.com\/index.php\/2024\/08\/22\/la-camara-alta-retrocedio-con-el-aumento-de-dietas-y-congelo-por-este-ano-los-haberes-de-los-legisladores\/","og_locale":"es_ES","og_type":"article","og_title":"LA C\u00c1MARA ALTA RETROCEDI\u00d3 CON EL AUMENTO DE DIETAS Y CONGEL\u00d3 POR ESTE A\u00d1O LOS HABERES DE LOS LEGISLADORES - Apuntes de San Luis","og_description":"La resoluci\u00f3n fue aprobada por unanimidad tras la pol\u00e9mica que surgi\u00f3 cuando trascendi\u00f3 que las...","og_url":"https:\/\/apuntesdesanluis.com\/index.php\/2024\/08\/22\/la-camara-alta-retrocedio-con-el-aumento-de-dietas-y-congelo-por-este-ano-los-haberes-de-los-legisladores\/","og_site_name":"Apuntes de San Luis","article_published_time":"2024-08-23T00:09:20+00:00","article_modified_time":"2024-08-23T04:11:40+00:00","og_image":[{"width":771,"height":480,"url":"https:\/\/apuntesdesanluis.com\/wp-content\/uploads\/2024\/08\/SENADO-1.png","type":"image\/png"}],"author":"apuntesdesanluis.com","twitter_card":"summary_large_image","twitter_misc":{"Escrito por":"apuntesdesanluis.com","Tiempo de lectura":"4 minutos"},"schema":{"@context":"https:\/\/schema.org","@graph":[{"@type":"Article","@id":"https:\/\/apuntesdesanluis.com\/index.php\/2024\/08\/22\/la-camara-alta-retrocedio-con-el-aumento-de-dietas-y-congelo-por-este-ano-los-haberes-de-los-legisladores\/#article","isPartOf":{"@id":"https:\/\/apuntesdesanluis.com\/index.php\/2024\/08\/22\/la-camara-alta-retrocedio-con-el-aumento-de-dietas-y-congelo-por-este-ano-los-haberes-de-los-legisladores\/"},"author":{"name":"apuntesdesanluis.com","@id":"https:\/\/apuntesdesanluis.com\/#\/schema\/person\/b55151d52296fcce64d1a72538a70b90"},"headline":"LA C\u00c1MARA ALTA RETROCEDI\u00d3 CON EL AUMENTO DE DIETAS Y CONGEL\u00d3 POR ESTE A\u00d1O LOS HABERES DE LOS LEGISLADORES","datePublished":"2024-08-23T00:09:20+00:00","dateModified":"2024-08-23T04:11:40+00:00","mainEntityOfPage":{"@id":"https:\/\/apuntesdesanluis.com\/index.php\/2024\/08\/22\/la-camara-alta-retrocedio-con-el-aumento-de-dietas-y-congelo-por-este-ano-los-haberes-de-los-legisladores\/"},"wordCount":720,"publisher":{"@id":"https:\/\/apuntesdesanluis.com\/#\/schema\/person\/b55151d52296fcce64d1a72538a70b90"},"image":{"@id":"https:\/\/apuntesdesanluis.com\/index.php\/2024\/08\/22\/la-camara-alta-retrocedio-con-el-aumento-de-dietas-y-congelo-por-este-ano-los-haberes-de-los-legisladores\/#primaryimage"},"thumbnailUrl":"https:\/\/apuntesdesanluis.com\/wp-content\/uploads\/2024\/08\/SENADO-1.png","articleSection":["Nacionales\/Internacionales"],"inLanguage":"es-AR"},{"@type":"WebPage","@id":"https:\/\/apuntesdesanluis.com\/index.php\/2024\/08\/22\/la-camara-alta-retrocedio-con-el-aumento-de-dietas-y-congelo-por-este-ano-los-haberes-de-los-legisladores\/","url":"https:\/\/apuntesdesanluis.com\/index.php\/2024\/08\/22\/la-camara-alta-retrocedio-con-el-aumento-de-dietas-y-congelo-por-este-ano-los-haberes-de-los-legisladores\/","name":"LA C\u00c1MARA ALTA RETROCEDI\u00d3 CON EL AUMENTO DE DIETAS Y CONGEL\u00d3 POR ESTE A\u00d1O LOS HABERES DE LOS LEGISLADORES - Apuntes de San Luis","isPartOf":{"@id":"https:\/\/apuntesdesanluis.com\/#website"},"primaryImageOfPage":{"@id":"https:\/\/apuntesdesanluis.com\/index.php\/2024\/08\/22\/la-camara-alta-retrocedio-con-el-aumento-de-dietas-y-congelo-por-este-ano-los-haberes-de-los-legisladores\/#primaryimage"},"image":{"@id":"https:\/\/apuntesdesanluis.com\/index.php\/2024\/08\/22\/la-camara-alta-retrocedio-con-el-aumento-de-dietas-y-congelo-por-este-ano-los-haberes-de-los-legisladores\/#primaryimage"},"thumbnailUrl":"https:\/\/apuntesdesanluis.com\/wp-content\/uploads\/2024\/08\/SENADO-1.png","datePublished":"2024-08-23T00:09:20+00:00","dateModified":"2024-08-23T04:11:40+00:00","breadcrumb":{"@id":"https:\/\/apuntesdesanluis.com\/index.php\/2024\/08\/22\/la-camara-alta-retrocedio-con-el-aumento-de-dietas-y-congelo-por-este-ano-los-haberes-de-los-legisladores\/#breadcrumb"},"inLanguage":"es-AR","potentialAction":[{"@type":"ReadAction","target":["https:\/\/apuntesdesanluis.com\/index.php\/2024\/08\/22\/la-camara-alta-retrocedio-con-el-aumento-de-dietas-y-congelo-por-este-ano-los-haberes-de-los-legisladores\/"]}]},{"@type":"ImageObject","inLanguage":"es-AR","@id":"https:\/\/apuntesdesanluis.com\/index.php\/2024\/08\/22\/la-camara-alta-retrocedio-con-el-aumento-de-dietas-y-congelo-por-este-ano-los-haberes-de-los-legisladores\/#primaryimage","url":"https:\/\/apuntesdesanluis.com\/wp-content\/uploads\/2024\/08\/SENADO-1.png","contentUrl":"https:\/\/apuntesdesanluis.com\/wp-content\/uploads\/2024\/08\/SENADO-1.png","width":771,"height":480},{"@type":"BreadcrumbList","@id":"https:\/\/apuntesdesanluis.com\/index.php\/2024\/08\/22\/la-camara-alta-retrocedio-con-el-aumento-de-dietas-y-congelo-por-este-ano-los-haberes-de-los-legisladores\/#breadcrumb","itemListElement":[{"@type":"ListItem","position":1,"name":"Inicio","item":"https:\/\/apuntesdesanluis.com\/"},{"@type":"ListItem","position":2,"name":"LA C\u00c1MARA ALTA RETROCEDI\u00d3 CON EL AUMENTO DE DIETAS Y CONGEL\u00d3 POR ESTE A\u00d1O LOS HABERES DE LOS LEGISLADORES"}]},{"@type":"WebSite","@id":"https:\/\/apuntesdesanluis.com\/#website","url":"https:\/\/apuntesdesanluis.com\/","name":"Apuntes de San Luis","description":"","publisher":{"@id":"https:\/\/apuntesdesanluis.com\/#\/schema\/person\/b55151d52296fcce64d1a72538a70b90"},"potentialAction":[{"@type":"SearchAction","target":{"@type":"EntryPoint","urlTemplate":"https:\/\/apuntesdesanluis.com\/?s={search_term_string}"},"query-input":{"@type":"PropertyValueSpecification","valueRequired":true,"valueName":"search_term_string"}}],"inLanguage":"es-AR"},{"@type":["Person","Organization"],"@id":"https:\/\/apuntesdesanluis.com\/#\/schema\/person\/b55151d52296fcce64d1a72538a70b90","name":"apuntesdesanluis.com","image":{"@type":"ImageObject","inLanguage":"es-AR","@id":"https:\/\/apuntesdesanluis.com\/#\/schema\/person\/image\/","url":"https:\/\/apuntesdesanluis.com\/wp-content\/uploads\/2023\/07\/cropped-apuntesdesanluis.png","contentUrl":"https:\/\/apuntesdesanluis.com\/wp-content\/uploads\/2023\/07\/cropped-apuntesdesanluis.png","width":450,"height":112,"caption":"apuntesdesanluis.com"},"logo":{"@id":"https:\/\/apuntesdesanluis.com\/#\/schema\/person\/image\/"},"sameAs":["https:\/\/apuntesdesanluis.com"],"url":"https:\/\/apuntesdesanluis.com\/index.php\/author\/apuntesdesanluis-com\/"}]}},"featured_image_urls":{"full":["https:\/\/apuntesdesanluis.com\/wp-content\/uploads\/2024\/08\/SENADO-1.png",771,480,false],"thumbnail":["https:\/\/apuntesdesanluis.com\/wp-content\/uploads\/2024\/08\/SENADO-1-150x150.png",150,150,true],"medium":["https:\/\/apuntesdesanluis.com\/wp-content\/uploads\/2024\/08\/SENADO-1-300x187.png",300,187,true],"medium_large":["https:\/\/apuntesdesanluis.com\/wp-content\/uploads\/2024\/08\/SENADO-1-768x478.png",640,398,true],"large":["https:\/\/apuntesdesanluis.com\/wp-content\/uploads\/2024\/08\/SENADO-1.png",640,398,false],"1536x1536":["https:\/\/apuntesdesanluis.com\/wp-content\/uploads\/2024\/08\/SENADO-1.png",771,480,false],"2048x2048":["https:\/\/apuntesdesanluis.com\/wp-content\/uploads\/2024\/08\/SENADO-1.png",771,480,false],"newsever-slider-full":["https:\/\/apuntesdesanluis.com\/wp-content\/uploads\/2024\/08\/SENADO-1.png",771,480,false],"newsever-featured":["https:\/\/apuntesdesanluis.com\/wp-content\/uploads\/2024\/08\/SENADO-1.png",771,480,false],"newsever-medium":["https:\/\/apuntesdesanluis.com\/wp-content\/uploads\/2024\/08\/SENADO-1-720x475.png",720,475,true]},"author_info":{"display_name":"apuntesdesanluis.com","author_link":"https:\/\/apuntesdesanluis.com\/index.php\/author\/apuntesdesanluis-com\/"},"category_info":"<a href=\"https:\/\/apuntesdesanluis.com\/index.php\/category\/nacionales-internacionales\/\" rel=\"category tag\">Nacionales\/Internacionales<\/a>","tag_info":"Nacionales\/Internacionales","comment_count":"0","_links":{"self":[{"href":"https:\/\/apuntesdesanluis.com\/index.php\/wp-json\/wp\/v2\/posts\/21210","targetHints":{"allow":["GET"]}}],"collection":[{"href":"https:\/\/apuntesdesanluis.com\/index.php\/wp-json\/wp\/v2\/posts"}],"about":[{"href":"https:\/\/apuntesdesanluis.com\/index.php\/wp-json\/wp\/v2\/types\/post"}],"author":[{"embeddable":true,"href":"https:\/\/apuntesdesanluis.com\/index.php\/wp-json\/wp\/v2\/users\/1"}],"replies":[{"embeddable":true,"href":"https:\/\/apuntesdesanluis.com\/index.php\/wp-json\/wp\/v2\/comments?post=21210"}],"version-history":[{"count":1,"href":"https:\/\/apuntesdesanluis.com\/index.php\/wp-json\/wp\/v2\/posts\/21210\/revisions"}],"predecessor-version":[{"id":21212,"href":"https:\/\/apuntesdesanluis.com\/index.php\/wp-json\/wp\/v2\/posts\/21210\/revisions\/21212"}],"wp:featuredmedia":[{"embeddable":true,"href":"https:\/\/apuntesdesanluis.com\/index.php\/wp-json\/wp\/v2\/media\/21211"}],"wp:attachment":[{"href":"https:\/\/apuntesdesanluis.com\/index.php\/wp-json\/wp\/v2\/media?parent=21210"}],"wp:term":[{"taxonomy":"category","embeddable":true,"href":"https:\/\/apuntesdesanluis.com\/index.php\/wp-json\/wp\/v2\/categories?post=21210"},{"taxonomy":"post_tag","embeddable":true,"href":"https:\/\/apuntesdesanluis.com\/index.php\/wp-json\/wp\/v2\/tags?post=21210"}],"curies":[{"name":"wp","href":"https:\/\/api.w.org\/{rel}","templated":true}]}}