{"id":21213,"date":"2024-08-23T01:22:18","date_gmt":"2024-08-23T04:22:18","guid":{"rendered":"https:\/\/apuntesdesanluis.com\/?p=21213"},"modified":"2024-08-23T01:22:18","modified_gmt":"2024-08-23T04:22:18","slug":"milei-anuncio-que-vetara-la-nueva-formula-de-movilidad-jubilatoria-que-aprobo-el-senado","status":"publish","type":"post","link":"https:\/\/apuntesdesanluis.com\/index.php\/2024\/08\/23\/milei-anuncio-que-vetara-la-nueva-formula-de-movilidad-jubilatoria-que-aprobo-el-senado\/","title":{"rendered":"MILEI ANUNCI\u00d3 QUE VETAR\u00c1 LA NUEVA F\u00d3RMULA DE MOVILIDAD JUBILATORIA QUE APROB\u00d3 EL SENADO"},"content":{"rendered":"<h3>Uni\u00f3n por la Patria y la UCR impusieron su n\u00famero. La ley establece un ajuste mensual por IPC, un plus de un 8,1% para recuperar la suba de precios de enero y que el haber m\u00ednimo tiene que ser equivalente al 1,09% de la canasta alimentaria.<\/h3>\n<h3>El Gobierno cierra una semana en el Congreso de la Naci\u00f3n en la que la oposici\u00f3n hizo valer su mayor\u00eda y se impuso tanto en Diputados como en el Senado. Luego de que los primeros rechazaran el DNU que otorga USD 100 millones de gastos reservados a la SIDE, la C\u00e1mara Alta aprob\u00f3 la ley de movilidad jubilatoria por 61 votos a favor y ocho en contra, lo que significa que se aprob\u00f3 por dos tercios y establecieron cambios al modelo que propuso el Ejecutivo por DNU.<\/h3>\n<h3>Horas m\u00e1s tarde, la Oficina del Presidente emiti\u00f3 un comunicado donde confirm\u00f3 la decisi\u00f3n del Poder Ejecutivo de vetar el proyecto que ya tuvo la aprobaci\u00f3n en las dos c\u00e1maras.<\/h3>\n<h3>\u201cEn un acto de populismo demag\u00f3gico, sancion\u00f3 un proyecto de ley irresponsable, ilegal e inconstitucional que establece gastos exorbitantes sin su correspondiente partida presupuestaria, lo que implicar\u00eda necesariamente que el Gobierno vuelva a caer en las viejas pr\u00e1cticas de la emisi\u00f3n monetaria, el aumento de impuestos, o el endeudamiento, que son las mismas recetas que nos han llevado al fracaso durante los \u00faltimos 100 a\u00f1os\u201d, expresaron.<\/h3>\n<h3>En una votaci\u00f3n en la que el bloque de Uni\u00f3n por la Patria y la Uni\u00f3n C\u00edvica Radical lograron un acuerdo para avanzar con el proyecto que lleg\u00f3 de Diputados con media sanci\u00f3n \u2014ah\u00ed tambi\u00e9n votaron en conjunto\u2014 se impusieron con el acompa\u00f1amiento del bloque del PRO, y miembros de los bloques provinciales, lo que signific\u00f3 que se aprob\u00f3 con los dos tercios.<\/h3>\n<h3>El rol de miembro informante fue compartido entre Mariano Recalde, de UP, y Mart\u00edn Lousteau, de la UCR. El senador K se refiri\u00f3 a que \u201cel sistema previsional argentino est\u00e1 en crisis, producto de la crisis econ\u00f3mica del pa\u00eds. El Estado tiene que hacerse cargo\u201d, sostuvo Recalde.<\/h3>\n<h3>Y agreg\u00f3: \u201cAprobar esta ley es un acto de justicia y de reparaci\u00f3n. En 2015, un jubilado compraba 49 kilos de asado, hoy 29. Es urgente que reparemos esta p\u00e9rdida y este retroceso, porque los jubilados se lo merecen\u201d. Por su parte, el radical se\u00f1al\u00f3 que \u201cel proyecto ajusta las jubilaciones mensualmente por inflaci\u00f3n para que los jubilados no pierdan poder adquisitivo\u201d y \u201cesto es importante porque desde 2017 las jubilaciones y pensiones perdieron un 45% de sus ingresos\u201d.<\/h3>\n<h3>Aunque hubo acuerdo en el proyecto en general, el radical se\u00f1al\u00f3 que coincid\u00eda en que la privatizaci\u00f3n de las jubilaciones \u201cfue uno de los problemas principales que desarticul\u00f3 nuestro sistema, pero debo decir que fue su partido el que hizo esto y que una de las voces p\u00fablicas para defender la privatizaci\u00f3n de los fondos de pensiones est\u00e1 sentada a su derecha y es de su propio partido, entonces, enhorabuena que piense distinto, pero el descalabro ocurri\u00f3 cuando el peronismo gobernaba y esa d\u00e9cada liberal es enteramente del peronismo. La privatizaci\u00f3n de los fondos de pensiones y de YPF es del peronismo\u201d.<\/h3>\n<h3>Hubo senadores que propusieron modificaciones, en especial en lo que se refiere al art\u00edculo que crea una cl\u00e1usula gatillo anual que se aplicar\u00e1 autom\u00e1ticamente siempre que los salarios hayan subido m\u00e1s que la inflaci\u00f3n y ser\u00e1 del 50% de esta diferencia. Los senadores Vischi y Zimmerman propusieron que fuera del 25%, pero no fue aceptado por el miembro informante.<\/h3>\n<h3>Pero no contaban con el apoyo suficiente y eso qued\u00f3 en claro a la hora de la votaci\u00f3n en particular de cada uno de los art\u00edculos. La norma tiene 13 art\u00edculos, y no solo que el oficialismo perdi\u00f3 en cada una de las votaciones sino que en los claves, los que los senadores m\u00e1s cercanos a la Casa Rosada de la oposici\u00f3n intentaron modificar, perdieron por los dos tercios.<\/h3>\n<h3>Todas las votaciones en particular que terminaron con alguna de las partes -positivo o negativo- con m\u00e1s de 48 votos significa que se consigui\u00f3 los dos tercios. El art 1 la votaci\u00f3n qued\u00f3 69 a 0, el art\u00edculo 2 por el que se pidieron modificaciones se aprob\u00f3 49 a 20 -dos tercios; art\u00edculo 3 fue 61 a 8, el cuarto 49 a 20; el quinto 67 a 2; los art\u00edculos 6, 7, 8 y 9 se aprobaron 68 a favor y 1 negativo; el art 10 se aprob\u00f3 54 positivos, 11 negativos, y 4 abstenciones y, por \u00faltimo, los art 11, 12 y 13 se aprobaron por 68 a 0. En todo este proceso, la Presidenta del Senado, Victoria Villarruel, no estuvo presente.<\/h3>\n<h3>El proyecto que se aprob\u00f3 y que ahora pasar\u00e1 al Ejecutivo nacional establece una actualizaci\u00f3n mensual en base al \u00faltimo dato disponible del \u00cdndice de Precios al Consumidor (IPC), como el Decreto de Necesidad y Urgencia (DNU) vigente que activ\u00f3 el Ejecutivo. Adem\u00e1s, incorpora una compensaci\u00f3n extra \u2014o \u201cempalme\u201d\u2014 del 8,1%, dado que el Gobierno otorg\u00f3 un 12,5% que no cubre el 20,6% de inflaci\u00f3n de enero. Con este mecanismo, el haber m\u00ednimo garantizar\u00eda la cobertura de la canasta b\u00e1sica del adulto mayor. El Ejecutivo insisti\u00f3 en que esto fuera a partir de julio y la oposici\u00f3n lo quiere retroactivo desde febrero. Esto \u00faltimo es lo que se impuso.<\/h3>\n<h3>Para evitar que la actualizaci\u00f3n de la canasta b\u00e1sica \u2014que se efectiviza despu\u00e9s del pago de los haberes\u2014 no quede desfasada, se opt\u00f3 por empujar en ese sentido un m\u00ednimo equivalente a 1,09. Tampoco fue avalado por la Casa Rosada, aunque varios dialoguistas consideran que a Diputados \u201cse le fue la mano\u201d. No obstante, tampoco se acept\u00f3 modificarlo y se aprob\u00f3 como lleg\u00f3 de la C\u00e1mara Baja. Adem\u00e1s, la C\u00e1mara Baja agreg\u00f3 de forma anual un adicional del 50% de la variaci\u00f3n entre el RIPTE \u2014promedio de los salarios\u2014 y el IPC para habilitar la posibilidad de mejorar las jubilaciones en contextos de crecimiento econ\u00f3mico. Bajo este precepto, el IPC no se convertir\u00e1 en un techo para los haberes. Otro punto que el Gobierno no tolera y que qued\u00f3 sancionado.<\/h3>\n<h3>Durante el debate en Diputados, una prenda de cambio entre opositores fue priorizar el pago de los juicios sobre reajuste de haberes y de las deudas con las cajas previsionales provinciales \u2014que 13 distritos no transfirieron a Naci\u00f3n\u2014 con fondos de la ANSES, pero sin tocar el Fondo de Garant\u00eda de Sustentabilidad (FGS). Por ende, se pagar\u00e1n con los tributos que tienen asignaci\u00f3n espec\u00edfica para la ANSES, como el impuesto al cheque, el PAIS y el IVA. Para el Ejecutivo, esto significa el final del d\u00e9ficit cero.<\/h3>\n<h3>Frente a esto, desde el Ejecutivo confirmaron que la iniciativa ser\u00e1 vetada, tras denunciar que, de ser aprobada, \u201cimplicar\u00eda necesariamente que el Gobierno vuelva a caer en las viejas pr\u00e1cticas de la emisi\u00f3n monetaria, el aumento de impuestos, o el endeudamiento, que son las mismas recetas que nos han llevado al fracaso durante los \u00faltimos 100 a\u00f1os\u201d. Y profundizaron al se\u00f1alar que \u201cesta ley implica un gasto adicional del 1,2% del PBI, o lo que es lo mismo, 25% del PBI en t\u00e9rminos din\u00e1micos, obligando al Estado a contraer deuda que deber\u00e1n pagar en el futuro los j\u00f3venes argentinos que, gracias a medidas como \u00e9sta, hoy son mayoritariamente pobres\u201d.<\/h3>\n<h3>Por otra parte, durante la sesi\u00f3n ordinaria se aprob\u00f3 y gir\u00f3 a Diputados el proyecto que impone \u201cprisi\u00f3n de 5 a 15 a\u00f1os al que reciba y a quien entregue ileg\u00edtimamente a una persona menor de edad mediando o no precio, promesa de retribuci\u00f3n o cualquier otro tipo de contraprestaci\u00f3n, si no resultare un delito m\u00e1s severamente penado\u201d.<\/h3>\n<p>&nbsp;<\/p>\n<p>&nbsp;<\/p>\n<p>&nbsp;<\/p>\n","protected":false},"excerpt":{"rendered":"<p>Uni\u00f3n por la Patria y la UCR impusieron su n\u00famero. La ley establece un ajuste&#8230;<\/p>\n","protected":false},"author":1,"featured_media":15925,"comment_status":"closed","ping_status":"closed","sticky":false,"template":"","format":"standard","meta":{"footnotes":""},"categories":[5],"tags":[],"class_list":["post-21213","post","type-post","status-publish","format-standard","has-post-thumbnail","hentry","category-nacionales-internacionales"],"yoast_head":"<!-- This site is optimized with the Yoast SEO plugin v26.1.1 - https:\/\/yoast.com\/wordpress\/plugins\/seo\/ -->\n<title>MILEI ANUNCI\u00d3 QUE VETAR\u00c1 LA NUEVA F\u00d3RMULA DE MOVILIDAD JUBILATORIA QUE APROB\u00d3 EL SENADO - Apuntes de San Luis<\/title>\n<meta name=\"robots\" content=\"index, follow, max-snippet:-1, max-image-preview:large, max-video-preview:-1\" \/>\n<link rel=\"canonical\" href=\"https:\/\/apuntesdesanluis.com\/index.php\/2024\/08\/23\/milei-anuncio-que-vetara-la-nueva-formula-de-movilidad-jubilatoria-que-aprobo-el-senado\/\" \/>\n<meta property=\"og:locale\" content=\"es_ES\" \/>\n<meta property=\"og:type\" content=\"article\" \/>\n<meta property=\"og:title\" content=\"MILEI ANUNCI\u00d3 QUE VETAR\u00c1 LA NUEVA F\u00d3RMULA DE MOVILIDAD JUBILATORIA QUE APROB\u00d3 EL SENADO - Apuntes de San Luis\" \/>\n<meta property=\"og:description\" content=\"Uni\u00f3n por la Patria y la UCR impusieron su n\u00famero. La ley establece un ajuste...\" \/>\n<meta property=\"og:url\" content=\"https:\/\/apuntesdesanluis.com\/index.php\/2024\/08\/23\/milei-anuncio-que-vetara-la-nueva-formula-de-movilidad-jubilatoria-que-aprobo-el-senado\/\" \/>\n<meta property=\"og:site_name\" content=\"Apuntes de San Luis\" \/>\n<meta property=\"article:published_time\" content=\"2024-08-23T04:22:18+00:00\" \/>\n<meta property=\"og:image\" content=\"https:\/\/apuntesdesanluis.com\/wp-content\/uploads\/2024\/05\/ADORNI.png\" \/>\n\t<meta property=\"og:image:width\" content=\"600\" \/>\n\t<meta property=\"og:image:height\" content=\"350\" \/>\n\t<meta property=\"og:image:type\" content=\"image\/png\" \/>\n<meta name=\"author\" content=\"apuntesdesanluis.com\" \/>\n<meta name=\"twitter:card\" content=\"summary_large_image\" \/>\n<meta name=\"twitter:label1\" content=\"Escrito por\" \/>\n\t<meta name=\"twitter:data1\" content=\"apuntesdesanluis.com\" \/>\n\t<meta name=\"twitter:label2\" content=\"Tiempo de lectura\" \/>\n\t<meta name=\"twitter:data2\" content=\"6 minutos\" \/>\n<script type=\"application\/ld+json\" class=\"yoast-schema-graph\">{\"@context\":\"https:\/\/schema.org\",\"@graph\":[{\"@type\":\"Article\",\"@id\":\"https:\/\/apuntesdesanluis.com\/index.php\/2024\/08\/23\/milei-anuncio-que-vetara-la-nueva-formula-de-movilidad-jubilatoria-que-aprobo-el-senado\/#article\",\"isPartOf\":{\"@id\":\"https:\/\/apuntesdesanluis.com\/index.php\/2024\/08\/23\/milei-anuncio-que-vetara-la-nueva-formula-de-movilidad-jubilatoria-que-aprobo-el-senado\/\"},\"author\":{\"name\":\"apuntesdesanluis.com\",\"@id\":\"https:\/\/apuntesdesanluis.com\/#\/schema\/person\/b55151d52296fcce64d1a72538a70b90\"},\"headline\":\"MILEI ANUNCI\u00d3 QUE VETAR\u00c1 LA NUEVA F\u00d3RMULA DE MOVILIDAD JUBILATORIA QUE APROB\u00d3 EL SENADO\",\"datePublished\":\"2024-08-23T04:22:18+00:00\",\"mainEntityOfPage\":{\"@id\":\"https:\/\/apuntesdesanluis.com\/index.php\/2024\/08\/23\/milei-anuncio-que-vetara-la-nueva-formula-de-movilidad-jubilatoria-que-aprobo-el-senado\/\"},\"wordCount\":1320,\"publisher\":{\"@id\":\"https:\/\/apuntesdesanluis.com\/#\/schema\/person\/b55151d52296fcce64d1a72538a70b90\"},\"image\":{\"@id\":\"https:\/\/apuntesdesanluis.com\/index.php\/2024\/08\/23\/milei-anuncio-que-vetara-la-nueva-formula-de-movilidad-jubilatoria-que-aprobo-el-senado\/#primaryimage\"},\"thumbnailUrl\":\"https:\/\/apuntesdesanluis.com\/wp-content\/uploads\/2024\/05\/ADORNI.png\",\"articleSection\":[\"Nacionales\/Internacionales\"],\"inLanguage\":\"es-AR\"},{\"@type\":\"WebPage\",\"@id\":\"https:\/\/apuntesdesanluis.com\/index.php\/2024\/08\/23\/milei-anuncio-que-vetara-la-nueva-formula-de-movilidad-jubilatoria-que-aprobo-el-senado\/\",\"url\":\"https:\/\/apuntesdesanluis.com\/index.php\/2024\/08\/23\/milei-anuncio-que-vetara-la-nueva-formula-de-movilidad-jubilatoria-que-aprobo-el-senado\/\",\"name\":\"MILEI ANUNCI\u00d3 QUE VETAR\u00c1 LA NUEVA F\u00d3RMULA DE MOVILIDAD JUBILATORIA QUE APROB\u00d3 EL SENADO - Apuntes de San Luis\",\"isPartOf\":{\"@id\":\"https:\/\/apuntesdesanluis.com\/#website\"},\"primaryImageOfPage\":{\"@id\":\"https:\/\/apuntesdesanluis.com\/index.php\/2024\/08\/23\/milei-anuncio-que-vetara-la-nueva-formula-de-movilidad-jubilatoria-que-aprobo-el-senado\/#primaryimage\"},\"image\":{\"@id\":\"https:\/\/apuntesdesanluis.com\/index.php\/2024\/08\/23\/milei-anuncio-que-vetara-la-nueva-formula-de-movilidad-jubilatoria-que-aprobo-el-senado\/#primaryimage\"},\"thumbnailUrl\":\"https:\/\/apuntesdesanluis.com\/wp-content\/uploads\/2024\/05\/ADORNI.png\",\"datePublished\":\"2024-08-23T04:22:18+00:00\",\"breadcrumb\":{\"@id\":\"https:\/\/apuntesdesanluis.com\/index.php\/2024\/08\/23\/milei-anuncio-que-vetara-la-nueva-formula-de-movilidad-jubilatoria-que-aprobo-el-senado\/#breadcrumb\"},\"inLanguage\":\"es-AR\",\"potentialAction\":[{\"@type\":\"ReadAction\",\"target\":[\"https:\/\/apuntesdesanluis.com\/index.php\/2024\/08\/23\/milei-anuncio-que-vetara-la-nueva-formula-de-movilidad-jubilatoria-que-aprobo-el-senado\/\"]}]},{\"@type\":\"ImageObject\",\"inLanguage\":\"es-AR\",\"@id\":\"https:\/\/apuntesdesanluis.com\/index.php\/2024\/08\/23\/milei-anuncio-que-vetara-la-nueva-formula-de-movilidad-jubilatoria-que-aprobo-el-senado\/#primaryimage\",\"url\":\"https:\/\/apuntesdesanluis.com\/wp-content\/uploads\/2024\/05\/ADORNI.png\",\"contentUrl\":\"https:\/\/apuntesdesanluis.com\/wp-content\/uploads\/2024\/05\/ADORNI.png\",\"width\":600,\"height\":350},{\"@type\":\"BreadcrumbList\",\"@id\":\"https:\/\/apuntesdesanluis.com\/index.php\/2024\/08\/23\/milei-anuncio-que-vetara-la-nueva-formula-de-movilidad-jubilatoria-que-aprobo-el-senado\/#breadcrumb\",\"itemListElement\":[{\"@type\":\"ListItem\",\"position\":1,\"name\":\"Inicio\",\"item\":\"https:\/\/apuntesdesanluis.com\/\"},{\"@type\":\"ListItem\",\"position\":2,\"name\":\"MILEI ANUNCI\u00d3 QUE VETAR\u00c1 LA NUEVA F\u00d3RMULA DE MOVILIDAD JUBILATORIA QUE APROB\u00d3 EL SENADO\"}]},{\"@type\":\"WebSite\",\"@id\":\"https:\/\/apuntesdesanluis.com\/#website\",\"url\":\"https:\/\/apuntesdesanluis.com\/\",\"name\":\"Apuntes de San Luis\",\"description\":\"\",\"publisher\":{\"@id\":\"https:\/\/apuntesdesanluis.com\/#\/schema\/person\/b55151d52296fcce64d1a72538a70b90\"},\"potentialAction\":[{\"@type\":\"SearchAction\",\"target\":{\"@type\":\"EntryPoint\",\"urlTemplate\":\"https:\/\/apuntesdesanluis.com\/?s={search_term_string}\"},\"query-input\":{\"@type\":\"PropertyValueSpecification\",\"valueRequired\":true,\"valueName\":\"search_term_string\"}}],\"inLanguage\":\"es-AR\"},{\"@type\":[\"Person\",\"Organization\"],\"@id\":\"https:\/\/apuntesdesanluis.com\/#\/schema\/person\/b55151d52296fcce64d1a72538a70b90\",\"name\":\"apuntesdesanluis.com\",\"image\":{\"@type\":\"ImageObject\",\"inLanguage\":\"es-AR\",\"@id\":\"https:\/\/apuntesdesanluis.com\/#\/schema\/person\/image\/\",\"url\":\"https:\/\/apuntesdesanluis.com\/wp-content\/uploads\/2023\/07\/cropped-apuntesdesanluis.png\",\"contentUrl\":\"https:\/\/apuntesdesanluis.com\/wp-content\/uploads\/2023\/07\/cropped-apuntesdesanluis.png\",\"width\":450,\"height\":112,\"caption\":\"apuntesdesanluis.com\"},\"logo\":{\"@id\":\"https:\/\/apuntesdesanluis.com\/#\/schema\/person\/image\/\"},\"sameAs\":[\"https:\/\/apuntesdesanluis.com\"],\"url\":\"https:\/\/apuntesdesanluis.com\/index.php\/author\/apuntesdesanluis-com\/\"}]}<\/script>\n<!-- \/ Yoast SEO plugin. -->","yoast_head_json":{"title":"MILEI ANUNCI\u00d3 QUE VETAR\u00c1 LA NUEVA F\u00d3RMULA DE MOVILIDAD JUBILATORIA QUE APROB\u00d3 EL SENADO - Apuntes de San Luis","robots":{"index":"index","follow":"follow","max-snippet":"max-snippet:-1","max-image-preview":"max-image-preview:large","max-video-preview":"max-video-preview:-1"},"canonical":"https:\/\/apuntesdesanluis.com\/index.php\/2024\/08\/23\/milei-anuncio-que-vetara-la-nueva-formula-de-movilidad-jubilatoria-que-aprobo-el-senado\/","og_locale":"es_ES","og_type":"article","og_title":"MILEI ANUNCI\u00d3 QUE VETAR\u00c1 LA NUEVA F\u00d3RMULA DE MOVILIDAD JUBILATORIA QUE APROB\u00d3 EL SENADO - Apuntes de San Luis","og_description":"Uni\u00f3n por la Patria y la UCR impusieron su n\u00famero. La ley establece un ajuste...","og_url":"https:\/\/apuntesdesanluis.com\/index.php\/2024\/08\/23\/milei-anuncio-que-vetara-la-nueva-formula-de-movilidad-jubilatoria-que-aprobo-el-senado\/","og_site_name":"Apuntes de San Luis","article_published_time":"2024-08-23T04:22:18+00:00","og_image":[{"width":600,"height":350,"url":"https:\/\/apuntesdesanluis.com\/wp-content\/uploads\/2024\/05\/ADORNI.png","type":"image\/png"}],"author":"apuntesdesanluis.com","twitter_card":"summary_large_image","twitter_misc":{"Escrito por":"apuntesdesanluis.com","Tiempo de lectura":"6 minutos"},"schema":{"@context":"https:\/\/schema.org","@graph":[{"@type":"Article","@id":"https:\/\/apuntesdesanluis.com\/index.php\/2024\/08\/23\/milei-anuncio-que-vetara-la-nueva-formula-de-movilidad-jubilatoria-que-aprobo-el-senado\/#article","isPartOf":{"@id":"https:\/\/apuntesdesanluis.com\/index.php\/2024\/08\/23\/milei-anuncio-que-vetara-la-nueva-formula-de-movilidad-jubilatoria-que-aprobo-el-senado\/"},"author":{"name":"apuntesdesanluis.com","@id":"https:\/\/apuntesdesanluis.com\/#\/schema\/person\/b55151d52296fcce64d1a72538a70b90"},"headline":"MILEI ANUNCI\u00d3 QUE VETAR\u00c1 LA NUEVA F\u00d3RMULA DE MOVILIDAD JUBILATORIA QUE APROB\u00d3 EL SENADO","datePublished":"2024-08-23T04:22:18+00:00","mainEntityOfPage":{"@id":"https:\/\/apuntesdesanluis.com\/index.php\/2024\/08\/23\/milei-anuncio-que-vetara-la-nueva-formula-de-movilidad-jubilatoria-que-aprobo-el-senado\/"},"wordCount":1320,"publisher":{"@id":"https:\/\/apuntesdesanluis.com\/#\/schema\/person\/b55151d52296fcce64d1a72538a70b90"},"image":{"@id":"https:\/\/apuntesdesanluis.com\/index.php\/2024\/08\/23\/milei-anuncio-que-vetara-la-nueva-formula-de-movilidad-jubilatoria-que-aprobo-el-senado\/#primaryimage"},"thumbnailUrl":"https:\/\/apuntesdesanluis.com\/wp-content\/uploads\/2024\/05\/ADORNI.png","articleSection":["Nacionales\/Internacionales"],"inLanguage":"es-AR"},{"@type":"WebPage","@id":"https:\/\/apuntesdesanluis.com\/index.php\/2024\/08\/23\/milei-anuncio-que-vetara-la-nueva-formula-de-movilidad-jubilatoria-que-aprobo-el-senado\/","url":"https:\/\/apuntesdesanluis.com\/index.php\/2024\/08\/23\/milei-anuncio-que-vetara-la-nueva-formula-de-movilidad-jubilatoria-que-aprobo-el-senado\/","name":"MILEI ANUNCI\u00d3 QUE VETAR\u00c1 LA NUEVA F\u00d3RMULA DE MOVILIDAD JUBILATORIA QUE APROB\u00d3 EL SENADO - Apuntes de San Luis","isPartOf":{"@id":"https:\/\/apuntesdesanluis.com\/#website"},"primaryImageOfPage":{"@id":"https:\/\/apuntesdesanluis.com\/index.php\/2024\/08\/23\/milei-anuncio-que-vetara-la-nueva-formula-de-movilidad-jubilatoria-que-aprobo-el-senado\/#primaryimage"},"image":{"@id":"https:\/\/apuntesdesanluis.com\/index.php\/2024\/08\/23\/milei-anuncio-que-vetara-la-nueva-formula-de-movilidad-jubilatoria-que-aprobo-el-senado\/#primaryimage"},"thumbnailUrl":"https:\/\/apuntesdesanluis.com\/wp-content\/uploads\/2024\/05\/ADORNI.png","datePublished":"2024-08-23T04:22:18+00:00","breadcrumb":{"@id":"https:\/\/apuntesdesanluis.com\/index.php\/2024\/08\/23\/milei-anuncio-que-vetara-la-nueva-formula-de-movilidad-jubilatoria-que-aprobo-el-senado\/#breadcrumb"},"inLanguage":"es-AR","potentialAction":[{"@type":"ReadAction","target":["https:\/\/apuntesdesanluis.com\/index.php\/2024\/08\/23\/milei-anuncio-que-vetara-la-nueva-formula-de-movilidad-jubilatoria-que-aprobo-el-senado\/"]}]},{"@type":"ImageObject","inLanguage":"es-AR","@id":"https:\/\/apuntesdesanluis.com\/index.php\/2024\/08\/23\/milei-anuncio-que-vetara-la-nueva-formula-de-movilidad-jubilatoria-que-aprobo-el-senado\/#primaryimage","url":"https:\/\/apuntesdesanluis.com\/wp-content\/uploads\/2024\/05\/ADORNI.png","contentUrl":"https:\/\/apuntesdesanluis.com\/wp-content\/uploads\/2024\/05\/ADORNI.png","width":600,"height":350},{"@type":"BreadcrumbList","@id":"https:\/\/apuntesdesanluis.com\/index.php\/2024\/08\/23\/milei-anuncio-que-vetara-la-nueva-formula-de-movilidad-jubilatoria-que-aprobo-el-senado\/#breadcrumb","itemListElement":[{"@type":"ListItem","position":1,"name":"Inicio","item":"https:\/\/apuntesdesanluis.com\/"},{"@type":"ListItem","position":2,"name":"MILEI ANUNCI\u00d3 QUE VETAR\u00c1 LA NUEVA F\u00d3RMULA DE MOVILIDAD JUBILATORIA QUE APROB\u00d3 EL SENADO"}]},{"@type":"WebSite","@id":"https:\/\/apuntesdesanluis.com\/#website","url":"https:\/\/apuntesdesanluis.com\/","name":"Apuntes de San Luis","description":"","publisher":{"@id":"https:\/\/apuntesdesanluis.com\/#\/schema\/person\/b55151d52296fcce64d1a72538a70b90"},"potentialAction":[{"@type":"SearchAction","target":{"@type":"EntryPoint","urlTemplate":"https:\/\/apuntesdesanluis.com\/?s={search_term_string}"},"query-input":{"@type":"PropertyValueSpecification","valueRequired":true,"valueName":"search_term_string"}}],"inLanguage":"es-AR"},{"@type":["Person","Organization"],"@id":"https:\/\/apuntesdesanluis.com\/#\/schema\/person\/b55151d52296fcce64d1a72538a70b90","name":"apuntesdesanluis.com","image":{"@type":"ImageObject","inLanguage":"es-AR","@id":"https:\/\/apuntesdesanluis.com\/#\/schema\/person\/image\/","url":"https:\/\/apuntesdesanluis.com\/wp-content\/uploads\/2023\/07\/cropped-apuntesdesanluis.png","contentUrl":"https:\/\/apuntesdesanluis.com\/wp-content\/uploads\/2023\/07\/cropped-apuntesdesanluis.png","width":450,"height":112,"caption":"apuntesdesanluis.com"},"logo":{"@id":"https:\/\/apuntesdesanluis.com\/#\/schema\/person\/image\/"},"sameAs":["https:\/\/apuntesdesanluis.com"],"url":"https:\/\/apuntesdesanluis.com\/index.php\/author\/apuntesdesanluis-com\/"}]}},"featured_image_urls":{"full":["https:\/\/apuntesdesanluis.com\/wp-content\/uploads\/2024\/05\/ADORNI.png",600,350,false],"thumbnail":["https:\/\/apuntesdesanluis.com\/wp-content\/uploads\/2024\/05\/ADORNI-150x150.png",150,150,true],"medium":["https:\/\/apuntesdesanluis.com\/wp-content\/uploads\/2024\/05\/ADORNI-300x175.png",300,175,true],"medium_large":["https:\/\/apuntesdesanluis.com\/wp-content\/uploads\/2024\/05\/ADORNI.png",600,350,false],"large":["https:\/\/apuntesdesanluis.com\/wp-content\/uploads\/2024\/05\/ADORNI.png",600,350,false],"1536x1536":["https:\/\/apuntesdesanluis.com\/wp-content\/uploads\/2024\/05\/ADORNI.png",600,350,false],"2048x2048":["https:\/\/apuntesdesanluis.com\/wp-content\/uploads\/2024\/05\/ADORNI.png",600,350,false],"newsever-slider-full":["https:\/\/apuntesdesanluis.com\/wp-content\/uploads\/2024\/05\/ADORNI.png",600,350,false],"newsever-featured":["https:\/\/apuntesdesanluis.com\/wp-content\/uploads\/2024\/05\/ADORNI.png",600,350,false],"newsever-medium":["https:\/\/apuntesdesanluis.com\/wp-content\/uploads\/2024\/05\/ADORNI.png",600,350,false]},"author_info":{"display_name":"apuntesdesanluis.com","author_link":"https:\/\/apuntesdesanluis.com\/index.php\/author\/apuntesdesanluis-com\/"},"category_info":"<a href=\"https:\/\/apuntesdesanluis.com\/index.php\/category\/nacionales-internacionales\/\" rel=\"category tag\">Nacionales\/Internacionales<\/a>","tag_info":"Nacionales\/Internacionales","comment_count":"0","_links":{"self":[{"href":"https:\/\/apuntesdesanluis.com\/index.php\/wp-json\/wp\/v2\/posts\/21213","targetHints":{"allow":["GET"]}}],"collection":[{"href":"https:\/\/apuntesdesanluis.com\/index.php\/wp-json\/wp\/v2\/posts"}],"about":[{"href":"https:\/\/apuntesdesanluis.com\/index.php\/wp-json\/wp\/v2\/types\/post"}],"author":[{"embeddable":true,"href":"https:\/\/apuntesdesanluis.com\/index.php\/wp-json\/wp\/v2\/users\/1"}],"replies":[{"embeddable":true,"href":"https:\/\/apuntesdesanluis.com\/index.php\/wp-json\/wp\/v2\/comments?post=21213"}],"version-history":[{"count":1,"href":"https:\/\/apuntesdesanluis.com\/index.php\/wp-json\/wp\/v2\/posts\/21213\/revisions"}],"predecessor-version":[{"id":21214,"href":"https:\/\/apuntesdesanluis.com\/index.php\/wp-json\/wp\/v2\/posts\/21213\/revisions\/21214"}],"wp:featuredmedia":[{"embeddable":true,"href":"https:\/\/apuntesdesanluis.com\/index.php\/wp-json\/wp\/v2\/media\/15925"}],"wp:attachment":[{"href":"https:\/\/apuntesdesanluis.com\/index.php\/wp-json\/wp\/v2\/media?parent=21213"}],"wp:term":[{"taxonomy":"category","embeddable":true,"href":"https:\/\/apuntesdesanluis.com\/index.php\/wp-json\/wp\/v2\/categories?post=21213"},{"taxonomy":"post_tag","embeddable":true,"href":"https:\/\/apuntesdesanluis.com\/index.php\/wp-json\/wp\/v2\/tags?post=21213"}],"curies":[{"name":"wp","href":"https:\/\/api.w.org\/{rel}","templated":true}]}}