{"id":21218,"date":"2024-08-23T01:05:09","date_gmt":"2024-08-23T04:05:09","guid":{"rendered":"https:\/\/apuntesdesanluis.com\/?p=21218"},"modified":"2024-08-23T01:40:42","modified_gmt":"2024-08-23T04:40:42","slug":"le-negaron-la-excarcelacion-anticipada-al-cura-grassi-y-seguira-preso-hasta-2028","status":"publish","type":"post","link":"https:\/\/apuntesdesanluis.com\/index.php\/2024\/08\/23\/le-negaron-la-excarcelacion-anticipada-al-cura-grassi-y-seguira-preso-hasta-2028\/","title":{"rendered":"LE NEGARON LA EXCARCELACI\u00d3N ANTICIPADA AL CURA GRASSI Y SEGUIR\u00c1 PRESO HASTA 2028"},"content":{"rendered":"<h3>&#8220;Vimos a un monstruo que redobl\u00f3 su agresividad. Hoy dio una clase de pedofilia&#8221;, consign\u00f3 Juan Pablo Gallego, el abogado de las v\u00edctimas.<\/h3>\n<h3>El Tribunal N\u00b01 de Mor\u00f3n deneg\u00f3 este jueves por unanimidad el pedido de excarcelaci\u00f3n anticipada al cura Julio C\u00e9sar Grassi. De esta manera, continuar\u00e1 preso hasta mayo de 2028, cuando se cumplan los 15 a\u00f1os de condena que pesan sobre \u00e9l. De acuerdo a lo anunciado por la jueza Mariana Maldonado, los fundamentos se dar\u00e1n a conocer el pr\u00f3ximo 2 de septiembre.<\/h3>\n<h3>Al t\u00e9rmino de la audiencia, el abogado de las v\u00edctimas, Juan Pablo Gallego, expres\u00f3: \u201cEs importante que estas audiencias se puedan ver, porque hoy se demostr\u00f3 que se complic\u00f3 solo\u201d. En el mismo sentido, agreg\u00f3: \u201cVimos a un monstruo que redobl\u00f3 su agresividad. Hoy dio una clase de pedofilia\u201d.<\/h3>\n<h3>&#8220;Mi postura es la de oponerme al pedido por el da\u00f1o que esto le podr\u00eda producir a las v\u00edctimas. Grassi no acepta haber cometido los delitos, no acepta hacer ning\u00fan tipo de tratamiento psicol\u00f3gico. El hermano es quien propone el lugar donde va a vivir, pero \u00e9l tambi\u00e9n niega los hechos. Por todos esos elementos rechazamos el pedido: por su perfil no est\u00e1 en condiciones de ser externado&#8221;, asegur\u00f3 Gallego, en representaci\u00f3n del Comit\u00e9 de Seguimiento y Aplicaci\u00f3n de la Convenci\u00f3n Internacional sobre los Derechos del Ni\u00f1o en Argentina.<\/h3>\n<h3>A partir de las 11 de este jueves, desde la Unidad Penitenciaria N\u00b0 41 de Campana, donde se encuentra alojado en un pabell\u00f3n para presos con buena conducta, Grassi se conect\u00f3 de manera virtual para ejercer su propia defensa, ya que se recibi\u00f3 de abogado durante sus a\u00f1os de reclusi\u00f3n.<\/h3>\n<h3>\u201cYo he militado como sacerdote y con acciones en barrios populares contra todo tipo de maltrato frente a los ni\u00f1os y adolescentes. Para m\u00ed, eso es aberrante y lo repudio\u201d, asever\u00f3. Con esos argumentos, el sacerdote pretend\u00eda convencer a los magistrados de otorgarle la libertad condicional tras haber completado m\u00e1s de dos tercios de su condena.<\/h3>\n<h3>\u201cDesde el momento de la acusaci\u00f3n, hace 22 a\u00f1os, hasta ahora, no pueden decir nada de mi conducta. El abuso siempre representa una actitud de poder, da\u00f1o contra una persona d\u00e9bil, y nada de eso ha ocurrido. Voy a ser \u00fatil a la sociedad, si la iglesia me lo permite\u201d, sostuvo.<\/h3>\n<h3>Luego del cuarto intermedio, el cura ratific\u00f3 su inocencia, y consign\u00f3 que muchas veces un \u201cerror judicial\u201d puede llevar a una &#8220;persona inocente a la c\u00e1rcel&#8221;.<\/h3>\n<h3>LOS DETALLES DE LA CONDENA<\/h3>\n<h3>Actualmente, el cura Grassi cumple una condena de 15 a\u00f1os de prisi\u00f3n por dos hechos de abuso sexual de la infancia ocurridos en 1996 en la Fundaci\u00f3n Felices los Ni\u00f1os. La Justicia lo conden\u00f3 reci\u00e9n en 2009. Durante el juicio fue absuelto por otros 15 delitos contra la integridad sexual, que consideraron no se pudieron probar.<\/h3>\n<h3>A pesar de estar condenado, no fue a la c\u00e1rcel hasta 2013, cuando la Suprema Corte bonaerense ratific\u00f3 la pena y se orden\u00f3 su detenci\u00f3n. En 2014, Grassi volvi\u00f3 a ser noticia, esta vez no por abusar de menores de edad, sino por desviar donaciones otorgadas a la fundaci\u00f3n hacia el penal N\u00b0 41 de Campana.<\/h3>\n<h3>Grassi intento, sin \u00e9xito, que se utilice en su causa el pol\u00e9mico &#8220;beneficio 2&#215;1&#8221; &#8211;que se aplic\u00f3 a diferentes genocidas y gener\u00f3 el masivo rechazo de toda la sociedad&#8211; para conseguir la libertad el 7 de agosto de 2026. La ahora derogada ley permit\u00eda computar doble los d\u00edas que pasaron sin sentencia firme a partir del segundo a\u00f1o de detenci\u00f3n.<\/h3>\n<h3>Sin embargo, el 28 de junio de 2022, la condena por abuso al sacerdote fue extendida dos a\u00f1os, hasta el 30 de mayo, tras una apelaci\u00f3n presentada por la querella. De esta manera, los 15 a\u00f1os a los que fue condenado el sacerdote comenzaron a regir desde 2013.<\/h3>\n<p>&nbsp;<\/p>\n<p>&nbsp;<\/p>\n<p>&nbsp;<\/p>\n<h3><\/h3>\n<h3><\/h3>\n<p>&nbsp;<\/p>\n","protected":false},"excerpt":{"rendered":"<p>&#8220;Vimos a un monstruo que redobl\u00f3 su agresividad. Hoy dio una clase de pedofilia&#8221;, consign\u00f3&#8230;<\/p>\n","protected":false},"author":1,"featured_media":21219,"comment_status":"closed","ping_status":"closed","sticky":false,"template":"","format":"standard","meta":{"footnotes":""},"categories":[5],"tags":[],"class_list":["post-21218","post","type-post","status-publish","format-standard","has-post-thumbnail","hentry","category-nacionales-internacionales"],"yoast_head":"<!-- This site is optimized with the Yoast SEO plugin v26.1.1 - https:\/\/yoast.com\/wordpress\/plugins\/seo\/ -->\n<title>LE NEGARON LA EXCARCELACI\u00d3N ANTICIPADA AL CURA GRASSI Y SEGUIR\u00c1 PRESO HASTA 2028 - Apuntes de San Luis<\/title>\n<meta name=\"robots\" content=\"index, follow, max-snippet:-1, max-image-preview:large, max-video-preview:-1\" \/>\n<link rel=\"canonical\" href=\"https:\/\/apuntesdesanluis.com\/index.php\/2024\/08\/23\/le-negaron-la-excarcelacion-anticipada-al-cura-grassi-y-seguira-preso-hasta-2028\/\" \/>\n<meta property=\"og:locale\" content=\"es_ES\" \/>\n<meta property=\"og:type\" content=\"article\" \/>\n<meta property=\"og:title\" content=\"LE NEGARON LA EXCARCELACI\u00d3N ANTICIPADA AL CURA GRASSI Y SEGUIR\u00c1 PRESO HASTA 2028 - Apuntes de San Luis\" \/>\n<meta property=\"og:description\" content=\"&#8220;Vimos a un monstruo que redobl\u00f3 su agresividad. Hoy dio una clase de pedofilia&#8221;, consign\u00f3...\" \/>\n<meta property=\"og:url\" content=\"https:\/\/apuntesdesanluis.com\/index.php\/2024\/08\/23\/le-negaron-la-excarcelacion-anticipada-al-cura-grassi-y-seguira-preso-hasta-2028\/\" \/>\n<meta property=\"og:site_name\" content=\"Apuntes de San Luis\" \/>\n<meta property=\"article:published_time\" content=\"2024-08-23T04:05:09+00:00\" \/>\n<meta property=\"article:modified_time\" content=\"2024-08-23T04:40:42+00:00\" \/>\n<meta property=\"og:image\" content=\"https:\/\/apuntesdesanluis.com\/wp-content\/uploads\/2024\/08\/CURA-GRASSI.png\" \/>\n\t<meta property=\"og:image:width\" content=\"866\" \/>\n\t<meta property=\"og:image:height\" content=\"559\" \/>\n\t<meta property=\"og:image:type\" content=\"image\/png\" \/>\n<meta name=\"author\" content=\"apuntesdesanluis.com\" \/>\n<meta name=\"twitter:card\" content=\"summary_large_image\" \/>\n<meta name=\"twitter:label1\" content=\"Escrito por\" \/>\n\t<meta name=\"twitter:data1\" content=\"apuntesdesanluis.com\" \/>\n\t<meta name=\"twitter:label2\" content=\"Tiempo de lectura\" \/>\n\t<meta name=\"twitter:data2\" content=\"4 minutos\" \/>\n<script type=\"application\/ld+json\" class=\"yoast-schema-graph\">{\"@context\":\"https:\/\/schema.org\",\"@graph\":[{\"@type\":\"Article\",\"@id\":\"https:\/\/apuntesdesanluis.com\/index.php\/2024\/08\/23\/le-negaron-la-excarcelacion-anticipada-al-cura-grassi-y-seguira-preso-hasta-2028\/#article\",\"isPartOf\":{\"@id\":\"https:\/\/apuntesdesanluis.com\/index.php\/2024\/08\/23\/le-negaron-la-excarcelacion-anticipada-al-cura-grassi-y-seguira-preso-hasta-2028\/\"},\"author\":{\"name\":\"apuntesdesanluis.com\",\"@id\":\"https:\/\/apuntesdesanluis.com\/#\/schema\/person\/b55151d52296fcce64d1a72538a70b90\"},\"headline\":\"LE NEGARON LA EXCARCELACI\u00d3N ANTICIPADA AL CURA GRASSI Y SEGUIR\u00c1 PRESO HASTA 2028\",\"datePublished\":\"2024-08-23T04:05:09+00:00\",\"dateModified\":\"2024-08-23T04:40:42+00:00\",\"mainEntityOfPage\":{\"@id\":\"https:\/\/apuntesdesanluis.com\/index.php\/2024\/08\/23\/le-negaron-la-excarcelacion-anticipada-al-cura-grassi-y-seguira-preso-hasta-2028\/\"},\"wordCount\":674,\"publisher\":{\"@id\":\"https:\/\/apuntesdesanluis.com\/#\/schema\/person\/b55151d52296fcce64d1a72538a70b90\"},\"image\":{\"@id\":\"https:\/\/apuntesdesanluis.com\/index.php\/2024\/08\/23\/le-negaron-la-excarcelacion-anticipada-al-cura-grassi-y-seguira-preso-hasta-2028\/#primaryimage\"},\"thumbnailUrl\":\"https:\/\/apuntesdesanluis.com\/wp-content\/uploads\/2024\/08\/CURA-GRASSI.png\",\"articleSection\":[\"Nacionales\/Internacionales\"],\"inLanguage\":\"es-AR\"},{\"@type\":\"WebPage\",\"@id\":\"https:\/\/apuntesdesanluis.com\/index.php\/2024\/08\/23\/le-negaron-la-excarcelacion-anticipada-al-cura-grassi-y-seguira-preso-hasta-2028\/\",\"url\":\"https:\/\/apuntesdesanluis.com\/index.php\/2024\/08\/23\/le-negaron-la-excarcelacion-anticipada-al-cura-grassi-y-seguira-preso-hasta-2028\/\",\"name\":\"LE NEGARON LA EXCARCELACI\u00d3N ANTICIPADA AL CURA GRASSI Y SEGUIR\u00c1 PRESO HASTA 2028 - Apuntes de San Luis\",\"isPartOf\":{\"@id\":\"https:\/\/apuntesdesanluis.com\/#website\"},\"primaryImageOfPage\":{\"@id\":\"https:\/\/apuntesdesanluis.com\/index.php\/2024\/08\/23\/le-negaron-la-excarcelacion-anticipada-al-cura-grassi-y-seguira-preso-hasta-2028\/#primaryimage\"},\"image\":{\"@id\":\"https:\/\/apuntesdesanluis.com\/index.php\/2024\/08\/23\/le-negaron-la-excarcelacion-anticipada-al-cura-grassi-y-seguira-preso-hasta-2028\/#primaryimage\"},\"thumbnailUrl\":\"https:\/\/apuntesdesanluis.com\/wp-content\/uploads\/2024\/08\/CURA-GRASSI.png\",\"datePublished\":\"2024-08-23T04:05:09+00:00\",\"dateModified\":\"2024-08-23T04:40:42+00:00\",\"breadcrumb\":{\"@id\":\"https:\/\/apuntesdesanluis.com\/index.php\/2024\/08\/23\/le-negaron-la-excarcelacion-anticipada-al-cura-grassi-y-seguira-preso-hasta-2028\/#breadcrumb\"},\"inLanguage\":\"es-AR\",\"potentialAction\":[{\"@type\":\"ReadAction\",\"target\":[\"https:\/\/apuntesdesanluis.com\/index.php\/2024\/08\/23\/le-negaron-la-excarcelacion-anticipada-al-cura-grassi-y-seguira-preso-hasta-2028\/\"]}]},{\"@type\":\"ImageObject\",\"inLanguage\":\"es-AR\",\"@id\":\"https:\/\/apuntesdesanluis.com\/index.php\/2024\/08\/23\/le-negaron-la-excarcelacion-anticipada-al-cura-grassi-y-seguira-preso-hasta-2028\/#primaryimage\",\"url\":\"https:\/\/apuntesdesanluis.com\/wp-content\/uploads\/2024\/08\/CURA-GRASSI.png\",\"contentUrl\":\"https:\/\/apuntesdesanluis.com\/wp-content\/uploads\/2024\/08\/CURA-GRASSI.png\",\"width\":866,\"height\":559},{\"@type\":\"BreadcrumbList\",\"@id\":\"https:\/\/apuntesdesanluis.com\/index.php\/2024\/08\/23\/le-negaron-la-excarcelacion-anticipada-al-cura-grassi-y-seguira-preso-hasta-2028\/#breadcrumb\",\"itemListElement\":[{\"@type\":\"ListItem\",\"position\":1,\"name\":\"Inicio\",\"item\":\"https:\/\/apuntesdesanluis.com\/\"},{\"@type\":\"ListItem\",\"position\":2,\"name\":\"LE NEGARON LA EXCARCELACI\u00d3N ANTICIPADA AL CURA GRASSI Y SEGUIR\u00c1 PRESO HASTA 2028\"}]},{\"@type\":\"WebSite\",\"@id\":\"https:\/\/apuntesdesanluis.com\/#website\",\"url\":\"https:\/\/apuntesdesanluis.com\/\",\"name\":\"Apuntes de San Luis\",\"description\":\"\",\"publisher\":{\"@id\":\"https:\/\/apuntesdesanluis.com\/#\/schema\/person\/b55151d52296fcce64d1a72538a70b90\"},\"potentialAction\":[{\"@type\":\"SearchAction\",\"target\":{\"@type\":\"EntryPoint\",\"urlTemplate\":\"https:\/\/apuntesdesanluis.com\/?s={search_term_string}\"},\"query-input\":{\"@type\":\"PropertyValueSpecification\",\"valueRequired\":true,\"valueName\":\"search_term_string\"}}],\"inLanguage\":\"es-AR\"},{\"@type\":[\"Person\",\"Organization\"],\"@id\":\"https:\/\/apuntesdesanluis.com\/#\/schema\/person\/b55151d52296fcce64d1a72538a70b90\",\"name\":\"apuntesdesanluis.com\",\"image\":{\"@type\":\"ImageObject\",\"inLanguage\":\"es-AR\",\"@id\":\"https:\/\/apuntesdesanluis.com\/#\/schema\/person\/image\/\",\"url\":\"https:\/\/apuntesdesanluis.com\/wp-content\/uploads\/2023\/07\/cropped-apuntesdesanluis.png\",\"contentUrl\":\"https:\/\/apuntesdesanluis.com\/wp-content\/uploads\/2023\/07\/cropped-apuntesdesanluis.png\",\"width\":450,\"height\":112,\"caption\":\"apuntesdesanluis.com\"},\"logo\":{\"@id\":\"https:\/\/apuntesdesanluis.com\/#\/schema\/person\/image\/\"},\"sameAs\":[\"https:\/\/apuntesdesanluis.com\"],\"url\":\"https:\/\/apuntesdesanluis.com\/index.php\/author\/apuntesdesanluis-com\/\"}]}<\/script>\n<!-- \/ Yoast SEO plugin. -->","yoast_head_json":{"title":"LE NEGARON LA EXCARCELACI\u00d3N ANTICIPADA AL CURA GRASSI Y SEGUIR\u00c1 PRESO HASTA 2028 - Apuntes de San Luis","robots":{"index":"index","follow":"follow","max-snippet":"max-snippet:-1","max-image-preview":"max-image-preview:large","max-video-preview":"max-video-preview:-1"},"canonical":"https:\/\/apuntesdesanluis.com\/index.php\/2024\/08\/23\/le-negaron-la-excarcelacion-anticipada-al-cura-grassi-y-seguira-preso-hasta-2028\/","og_locale":"es_ES","og_type":"article","og_title":"LE NEGARON LA EXCARCELACI\u00d3N ANTICIPADA AL CURA GRASSI Y SEGUIR\u00c1 PRESO HASTA 2028 - Apuntes de San Luis","og_description":"&#8220;Vimos a un monstruo que redobl\u00f3 su agresividad. Hoy dio una clase de pedofilia&#8221;, consign\u00f3...","og_url":"https:\/\/apuntesdesanluis.com\/index.php\/2024\/08\/23\/le-negaron-la-excarcelacion-anticipada-al-cura-grassi-y-seguira-preso-hasta-2028\/","og_site_name":"Apuntes de San Luis","article_published_time":"2024-08-23T04:05:09+00:00","article_modified_time":"2024-08-23T04:40:42+00:00","og_image":[{"width":866,"height":559,"url":"https:\/\/apuntesdesanluis.com\/wp-content\/uploads\/2024\/08\/CURA-GRASSI.png","type":"image\/png"}],"author":"apuntesdesanluis.com","twitter_card":"summary_large_image","twitter_misc":{"Escrito por":"apuntesdesanluis.com","Tiempo de lectura":"4 minutos"},"schema":{"@context":"https:\/\/schema.org","@graph":[{"@type":"Article","@id":"https:\/\/apuntesdesanluis.com\/index.php\/2024\/08\/23\/le-negaron-la-excarcelacion-anticipada-al-cura-grassi-y-seguira-preso-hasta-2028\/#article","isPartOf":{"@id":"https:\/\/apuntesdesanluis.com\/index.php\/2024\/08\/23\/le-negaron-la-excarcelacion-anticipada-al-cura-grassi-y-seguira-preso-hasta-2028\/"},"author":{"name":"apuntesdesanluis.com","@id":"https:\/\/apuntesdesanluis.com\/#\/schema\/person\/b55151d52296fcce64d1a72538a70b90"},"headline":"LE NEGARON LA EXCARCELACI\u00d3N ANTICIPADA AL CURA GRASSI Y SEGUIR\u00c1 PRESO HASTA 2028","datePublished":"2024-08-23T04:05:09+00:00","dateModified":"2024-08-23T04:40:42+00:00","mainEntityOfPage":{"@id":"https:\/\/apuntesdesanluis.com\/index.php\/2024\/08\/23\/le-negaron-la-excarcelacion-anticipada-al-cura-grassi-y-seguira-preso-hasta-2028\/"},"wordCount":674,"publisher":{"@id":"https:\/\/apuntesdesanluis.com\/#\/schema\/person\/b55151d52296fcce64d1a72538a70b90"},"image":{"@id":"https:\/\/apuntesdesanluis.com\/index.php\/2024\/08\/23\/le-negaron-la-excarcelacion-anticipada-al-cura-grassi-y-seguira-preso-hasta-2028\/#primaryimage"},"thumbnailUrl":"https:\/\/apuntesdesanluis.com\/wp-content\/uploads\/2024\/08\/CURA-GRASSI.png","articleSection":["Nacionales\/Internacionales"],"inLanguage":"es-AR"},{"@type":"WebPage","@id":"https:\/\/apuntesdesanluis.com\/index.php\/2024\/08\/23\/le-negaron-la-excarcelacion-anticipada-al-cura-grassi-y-seguira-preso-hasta-2028\/","url":"https:\/\/apuntesdesanluis.com\/index.php\/2024\/08\/23\/le-negaron-la-excarcelacion-anticipada-al-cura-grassi-y-seguira-preso-hasta-2028\/","name":"LE NEGARON LA EXCARCELACI\u00d3N ANTICIPADA AL CURA GRASSI Y SEGUIR\u00c1 PRESO HASTA 2028 - Apuntes de San Luis","isPartOf":{"@id":"https:\/\/apuntesdesanluis.com\/#website"},"primaryImageOfPage":{"@id":"https:\/\/apuntesdesanluis.com\/index.php\/2024\/08\/23\/le-negaron-la-excarcelacion-anticipada-al-cura-grassi-y-seguira-preso-hasta-2028\/#primaryimage"},"image":{"@id":"https:\/\/apuntesdesanluis.com\/index.php\/2024\/08\/23\/le-negaron-la-excarcelacion-anticipada-al-cura-grassi-y-seguira-preso-hasta-2028\/#primaryimage"},"thumbnailUrl":"https:\/\/apuntesdesanluis.com\/wp-content\/uploads\/2024\/08\/CURA-GRASSI.png","datePublished":"2024-08-23T04:05:09+00:00","dateModified":"2024-08-23T04:40:42+00:00","breadcrumb":{"@id":"https:\/\/apuntesdesanluis.com\/index.php\/2024\/08\/23\/le-negaron-la-excarcelacion-anticipada-al-cura-grassi-y-seguira-preso-hasta-2028\/#breadcrumb"},"inLanguage":"es-AR","potentialAction":[{"@type":"ReadAction","target":["https:\/\/apuntesdesanluis.com\/index.php\/2024\/08\/23\/le-negaron-la-excarcelacion-anticipada-al-cura-grassi-y-seguira-preso-hasta-2028\/"]}]},{"@type":"ImageObject","inLanguage":"es-AR","@id":"https:\/\/apuntesdesanluis.com\/index.php\/2024\/08\/23\/le-negaron-la-excarcelacion-anticipada-al-cura-grassi-y-seguira-preso-hasta-2028\/#primaryimage","url":"https:\/\/apuntesdesanluis.com\/wp-content\/uploads\/2024\/08\/CURA-GRASSI.png","contentUrl":"https:\/\/apuntesdesanluis.com\/wp-content\/uploads\/2024\/08\/CURA-GRASSI.png","width":866,"height":559},{"@type":"BreadcrumbList","@id":"https:\/\/apuntesdesanluis.com\/index.php\/2024\/08\/23\/le-negaron-la-excarcelacion-anticipada-al-cura-grassi-y-seguira-preso-hasta-2028\/#breadcrumb","itemListElement":[{"@type":"ListItem","position":1,"name":"Inicio","item":"https:\/\/apuntesdesanluis.com\/"},{"@type":"ListItem","position":2,"name":"LE NEGARON LA EXCARCELACI\u00d3N ANTICIPADA AL CURA GRASSI Y SEGUIR\u00c1 PRESO HASTA 2028"}]},{"@type":"WebSite","@id":"https:\/\/apuntesdesanluis.com\/#website","url":"https:\/\/apuntesdesanluis.com\/","name":"Apuntes de San Luis","description":"","publisher":{"@id":"https:\/\/apuntesdesanluis.com\/#\/schema\/person\/b55151d52296fcce64d1a72538a70b90"},"potentialAction":[{"@type":"SearchAction","target":{"@type":"EntryPoint","urlTemplate":"https:\/\/apuntesdesanluis.com\/?s={search_term_string}"},"query-input":{"@type":"PropertyValueSpecification","valueRequired":true,"valueName":"search_term_string"}}],"inLanguage":"es-AR"},{"@type":["Person","Organization"],"@id":"https:\/\/apuntesdesanluis.com\/#\/schema\/person\/b55151d52296fcce64d1a72538a70b90","name":"apuntesdesanluis.com","image":{"@type":"ImageObject","inLanguage":"es-AR","@id":"https:\/\/apuntesdesanluis.com\/#\/schema\/person\/image\/","url":"https:\/\/apuntesdesanluis.com\/wp-content\/uploads\/2023\/07\/cropped-apuntesdesanluis.png","contentUrl":"https:\/\/apuntesdesanluis.com\/wp-content\/uploads\/2023\/07\/cropped-apuntesdesanluis.png","width":450,"height":112,"caption":"apuntesdesanluis.com"},"logo":{"@id":"https:\/\/apuntesdesanluis.com\/#\/schema\/person\/image\/"},"sameAs":["https:\/\/apuntesdesanluis.com"],"url":"https:\/\/apuntesdesanluis.com\/index.php\/author\/apuntesdesanluis-com\/"}]}},"featured_image_urls":{"full":["https:\/\/apuntesdesanluis.com\/wp-content\/uploads\/2024\/08\/CURA-GRASSI.png",866,559,false],"thumbnail":["https:\/\/apuntesdesanluis.com\/wp-content\/uploads\/2024\/08\/CURA-GRASSI-150x150.png",150,150,true],"medium":["https:\/\/apuntesdesanluis.com\/wp-content\/uploads\/2024\/08\/CURA-GRASSI-300x194.png",300,194,true],"medium_large":["https:\/\/apuntesdesanluis.com\/wp-content\/uploads\/2024\/08\/CURA-GRASSI-768x496.png",640,413,true],"large":["https:\/\/apuntesdesanluis.com\/wp-content\/uploads\/2024\/08\/CURA-GRASSI.png",640,413,false],"1536x1536":["https:\/\/apuntesdesanluis.com\/wp-content\/uploads\/2024\/08\/CURA-GRASSI.png",866,559,false],"2048x2048":["https:\/\/apuntesdesanluis.com\/wp-content\/uploads\/2024\/08\/CURA-GRASSI.png",866,559,false],"newsever-slider-full":["https:\/\/apuntesdesanluis.com\/wp-content\/uploads\/2024\/08\/CURA-GRASSI.png",866,559,false],"newsever-featured":["https:\/\/apuntesdesanluis.com\/wp-content\/uploads\/2024\/08\/CURA-GRASSI.png",866,559,false],"newsever-medium":["https:\/\/apuntesdesanluis.com\/wp-content\/uploads\/2024\/08\/CURA-GRASSI-720x475.png",720,475,true]},"author_info":{"display_name":"apuntesdesanluis.com","author_link":"https:\/\/apuntesdesanluis.com\/index.php\/author\/apuntesdesanluis-com\/"},"category_info":"<a href=\"https:\/\/apuntesdesanluis.com\/index.php\/category\/nacionales-internacionales\/\" rel=\"category tag\">Nacionales\/Internacionales<\/a>","tag_info":"Nacionales\/Internacionales","comment_count":"0","_links":{"self":[{"href":"https:\/\/apuntesdesanluis.com\/index.php\/wp-json\/wp\/v2\/posts\/21218","targetHints":{"allow":["GET"]}}],"collection":[{"href":"https:\/\/apuntesdesanluis.com\/index.php\/wp-json\/wp\/v2\/posts"}],"about":[{"href":"https:\/\/apuntesdesanluis.com\/index.php\/wp-json\/wp\/v2\/types\/post"}],"author":[{"embeddable":true,"href":"https:\/\/apuntesdesanluis.com\/index.php\/wp-json\/wp\/v2\/users\/1"}],"replies":[{"embeddable":true,"href":"https:\/\/apuntesdesanluis.com\/index.php\/wp-json\/wp\/v2\/comments?post=21218"}],"version-history":[{"count":1,"href":"https:\/\/apuntesdesanluis.com\/index.php\/wp-json\/wp\/v2\/posts\/21218\/revisions"}],"predecessor-version":[{"id":21220,"href":"https:\/\/apuntesdesanluis.com\/index.php\/wp-json\/wp\/v2\/posts\/21218\/revisions\/21220"}],"wp:featuredmedia":[{"embeddable":true,"href":"https:\/\/apuntesdesanluis.com\/index.php\/wp-json\/wp\/v2\/media\/21219"}],"wp:attachment":[{"href":"https:\/\/apuntesdesanluis.com\/index.php\/wp-json\/wp\/v2\/media?parent=21218"}],"wp:term":[{"taxonomy":"category","embeddable":true,"href":"https:\/\/apuntesdesanluis.com\/index.php\/wp-json\/wp\/v2\/categories?post=21218"},{"taxonomy":"post_tag","embeddable":true,"href":"https:\/\/apuntesdesanluis.com\/index.php\/wp-json\/wp\/v2\/tags?post=21218"}],"curies":[{"name":"wp","href":"https:\/\/api.w.org\/{rel}","templated":true}]}}