{"id":21224,"date":"2024-08-23T23:47:46","date_gmt":"2024-08-24T02:47:46","guid":{"rendered":"https:\/\/apuntesdesanluis.com\/?p=21224"},"modified":"2024-08-23T23:47:46","modified_gmt":"2024-08-24T02:47:46","slug":"san-luis-participo-de-la-100o-asamblea-del-consejo-federal-de-discapacidad","status":"publish","type":"post","link":"https:\/\/apuntesdesanluis.com\/index.php\/2024\/08\/23\/san-luis-participo-de-la-100o-asamblea-del-consejo-federal-de-discapacidad\/","title":{"rendered":"SAN LUIS PARTICIP\u00d3 DE LA 100\u00ba ASAMBLEA DEL CONSEJO FEDERAL DE DISCAPACIDAD"},"content":{"rendered":"<h3>El encuentro reuni\u00f3 a referentes de todo el pa\u00eds para discutir temas como pensiones y programas de inclusi\u00f3n laboral. Tambi\u00e9n presentaron informes sobre la gesti\u00f3n de pol\u00edticas p\u00fablicas y la importancia de la Cartilla de Derechos para las personas con discapacidad.<\/h3>\n<h3>El 21 y 22 de agosto, en el gimnasio cubierto de la Agencia Nacional de Discapacidad (ANDIS), autoridades provinciales y nacionales se congregaron en la <strong>100\u00b0 Asamblea del Consejo Federal de Discapacidad<\/strong> para tratar las principales pol\u00edticas p\u00fablicas que llevan adelante y las necesidades que detectan en el sector.<\/h3>\n<h3>San Luis estuvo representado a trav\u00e9s del secretario, <strong>Luis Giraudo<\/strong>, en un encuentro que sirvi\u00f3 como espacio de reflexi\u00f3n y avance en iniciativas y soluciones para las personas con discapacidad.<\/h3>\n<p><img fetchpriority=\"high\" decoding=\"async\" class=\"wp-image-21226 aligncenter\" src=\"https:\/\/apuntesdesanluis.com\/wp-content\/uploads\/2024\/08\/luis-giraudo-2-300x204.png\" alt=\"\" width=\"622\" height=\"423\" srcset=\"https:\/\/apuntesdesanluis.com\/wp-content\/uploads\/2024\/08\/luis-giraudo-2-300x204.png 300w, https:\/\/apuntesdesanluis.com\/wp-content\/uploads\/2024\/08\/luis-giraudo-2.png 700w\" sizes=\"(max-width: 622px) 100vw, 622px\" \/><\/p>\n<h3>Durante la apertura, el director ejecutivo de ANDIS, Diego Spagnuolo, destac\u00f3 el compromiso con el an\u00e1lisis y revisi\u00f3n de pensiones por invalidez laboral y enfatiz\u00f3 la importancia de la inclusi\u00f3n laboral para la dignificaci\u00f3n de las personas con discapacidad. Agradeci\u00f3 el apoyo de la secretar\u00eda de Empleo y Seguridad Social y de la Red de Empresas Inclusivas Argentina en la integraci\u00f3n de este colectivo en el \u00e1mbito laboral.<\/h3>\n<h3>Romina N\u00fa\u00f1ez, nueva subdirectora ejecutiva de la Agencia, tambi\u00e9n expres\u00f3 su agradecimiento a las autoridades provinciales y a los representantes de las organizaciones no gubernamentales que asistieron.<\/h3>\n<h3>La reuni\u00f3n estuvo centrada en \u2018Pensiones y Programas de Inclusi\u00f3n Laboral\u2019, con la especialista Yamila Promenzio introduciendo el tema. A continuaci\u00f3n, la directora nacional de ANDIS, Natalia Basil, ofreci\u00f3 un informe detallado sobre el estado de las pensiones por invalidez laboral en Argentina.<\/h3>\n<h3>Giraudo particip\u00f3 activamente en el debate sobre las irregularidades en las pensiones. Durante su intervenci\u00f3n, expres\u00f3 su profunda preocupaci\u00f3n y verg\u00fcenza por las situaciones irregulares que han detectado en el sistema, afectando a personas con discapacidad que realmente necesitan del beneficio.<\/h3>\n<p><img decoding=\"async\" class=\"wp-image-21227 aligncenter\" src=\"https:\/\/apuntesdesanluis.com\/wp-content\/uploads\/2024\/08\/giraudo-y-colegas-300x192.png\" alt=\"\" width=\"638\" height=\"408\" srcset=\"https:\/\/apuntesdesanluis.com\/wp-content\/uploads\/2024\/08\/giraudo-y-colegas-300x192.png 300w, https:\/\/apuntesdesanluis.com\/wp-content\/uploads\/2024\/08\/giraudo-y-colegas.png 700w\" sizes=\"(max-width: 638px) 100vw, 638px\" \/><\/p>\n<h3>El Secretario destac\u00f3 la importancia de garantizar la transparencia y equidad en la asignaci\u00f3n de pensiones. Reiter\u00f3 su compromiso en trabajar para solucionar estos problemas y asegurar que las personas con discapacidad reciban el apoyo y recursos que necesitan.<\/h3>\n<h3>La Asamblea culmin\u00f3 con la lectura del informe de gesti\u00f3n de la ANDIS respecto de las pol\u00edticas p\u00fablicas y acciones de cada una de las direcciones que la conforman. Realizaron adem\u00e1s una presentaci\u00f3n sobre la importancia de conocer y difundir la Cartilla de Derechos de las personas con discapacidad una vez obtenido el Certificado \u00danico de Discapacidad (CUD).<\/h3>\n<h3>Para finalizar, las comisiones provinciales y los organismos no gubernamentales presentaron informes sobre su trabajo anual en \u00e1reas como Municipios, Educaci\u00f3n, Trabajo, Salud, Legislaci\u00f3n, Deportes, Cultura, Autonom\u00eda, Orientaci\u00f3n y Criterios de Valoraci\u00f3n de Discapacidad.<\/h3>\n<p>&nbsp;<\/p>\n<p>&nbsp;<\/p>\n<p>&nbsp;<\/p>\n<p>&nbsp;<\/p>\n<p>&nbsp;<\/p>\n<p>&nbsp;<\/p>\n<p>&nbsp;<\/p>\n","protected":false},"excerpt":{"rendered":"<p>El encuentro reuni\u00f3 a referentes de todo el pa\u00eds para discutir temas como pensiones y&#8230;<\/p>\n","protected":false},"author":1,"featured_media":21225,"comment_status":"closed","ping_status":"closed","sticky":false,"template":"","format":"standard","meta":{"footnotes":""},"categories":[6],"tags":[],"class_list":["post-21224","post","type-post","status-publish","format-standard","has-post-thumbnail","hentry","category-ciudad-provincia"],"yoast_head":"<!-- This site is optimized with the Yoast SEO plugin v26.1.1 - https:\/\/yoast.com\/wordpress\/plugins\/seo\/ -->\n<title>SAN LUIS PARTICIP\u00d3 DE LA 100\u00ba ASAMBLEA DEL CONSEJO FEDERAL DE DISCAPACIDAD - Apuntes de San Luis<\/title>\n<meta name=\"robots\" content=\"index, follow, max-snippet:-1, max-image-preview:large, max-video-preview:-1\" \/>\n<link rel=\"canonical\" href=\"https:\/\/apuntesdesanluis.com\/index.php\/2024\/08\/23\/san-luis-participo-de-la-100o-asamblea-del-consejo-federal-de-discapacidad\/\" \/>\n<meta property=\"og:locale\" content=\"es_ES\" \/>\n<meta property=\"og:type\" content=\"article\" \/>\n<meta property=\"og:title\" content=\"SAN LUIS PARTICIP\u00d3 DE LA 100\u00ba ASAMBLEA DEL CONSEJO FEDERAL DE DISCAPACIDAD - Apuntes de San Luis\" \/>\n<meta property=\"og:description\" content=\"El encuentro reuni\u00f3 a referentes de todo el pa\u00eds para discutir temas como pensiones y...\" \/>\n<meta property=\"og:url\" content=\"https:\/\/apuntesdesanluis.com\/index.php\/2024\/08\/23\/san-luis-participo-de-la-100o-asamblea-del-consejo-federal-de-discapacidad\/\" \/>\n<meta property=\"og:site_name\" content=\"Apuntes de San Luis\" \/>\n<meta property=\"article:published_time\" content=\"2024-08-24T02:47:46+00:00\" \/>\n<meta property=\"og:image\" content=\"https:\/\/apuntesdesanluis.com\/wp-content\/uploads\/2024\/08\/asamblea.png\" \/>\n\t<meta property=\"og:image:width\" content=\"700\" \/>\n\t<meta property=\"og:image:height\" content=\"421\" \/>\n\t<meta property=\"og:image:type\" content=\"image\/png\" \/>\n<meta name=\"author\" content=\"apuntesdesanluis.com\" \/>\n<meta name=\"twitter:card\" content=\"summary_large_image\" \/>\n<meta name=\"twitter:label1\" content=\"Escrito por\" \/>\n\t<meta name=\"twitter:data1\" content=\"apuntesdesanluis.com\" \/>\n\t<meta name=\"twitter:label2\" content=\"Tiempo de lectura\" \/>\n\t<meta name=\"twitter:data2\" content=\"3 minutos\" \/>\n<script type=\"application\/ld+json\" class=\"yoast-schema-graph\">{\"@context\":\"https:\/\/schema.org\",\"@graph\":[{\"@type\":\"Article\",\"@id\":\"https:\/\/apuntesdesanluis.com\/index.php\/2024\/08\/23\/san-luis-participo-de-la-100o-asamblea-del-consejo-federal-de-discapacidad\/#article\",\"isPartOf\":{\"@id\":\"https:\/\/apuntesdesanluis.com\/index.php\/2024\/08\/23\/san-luis-participo-de-la-100o-asamblea-del-consejo-federal-de-discapacidad\/\"},\"author\":{\"name\":\"apuntesdesanluis.com\",\"@id\":\"https:\/\/apuntesdesanluis.com\/#\/schema\/person\/b55151d52296fcce64d1a72538a70b90\"},\"headline\":\"SAN LUIS PARTICIP\u00d3 DE LA 100\u00ba ASAMBLEA DEL CONSEJO FEDERAL DE DISCAPACIDAD\",\"datePublished\":\"2024-08-24T02:47:46+00:00\",\"mainEntityOfPage\":{\"@id\":\"https:\/\/apuntesdesanluis.com\/index.php\/2024\/08\/23\/san-luis-participo-de-la-100o-asamblea-del-consejo-federal-de-discapacidad\/\"},\"wordCount\":480,\"publisher\":{\"@id\":\"https:\/\/apuntesdesanluis.com\/#\/schema\/person\/b55151d52296fcce64d1a72538a70b90\"},\"image\":{\"@id\":\"https:\/\/apuntesdesanluis.com\/index.php\/2024\/08\/23\/san-luis-participo-de-la-100o-asamblea-del-consejo-federal-de-discapacidad\/#primaryimage\"},\"thumbnailUrl\":\"https:\/\/apuntesdesanluis.com\/wp-content\/uploads\/2024\/08\/asamblea.png\",\"articleSection\":[\"Ciudad\/Provincia\"],\"inLanguage\":\"es-AR\"},{\"@type\":\"WebPage\",\"@id\":\"https:\/\/apuntesdesanluis.com\/index.php\/2024\/08\/23\/san-luis-participo-de-la-100o-asamblea-del-consejo-federal-de-discapacidad\/\",\"url\":\"https:\/\/apuntesdesanluis.com\/index.php\/2024\/08\/23\/san-luis-participo-de-la-100o-asamblea-del-consejo-federal-de-discapacidad\/\",\"name\":\"SAN LUIS PARTICIP\u00d3 DE LA 100\u00ba ASAMBLEA DEL CONSEJO FEDERAL DE DISCAPACIDAD - Apuntes de San Luis\",\"isPartOf\":{\"@id\":\"https:\/\/apuntesdesanluis.com\/#website\"},\"primaryImageOfPage\":{\"@id\":\"https:\/\/apuntesdesanluis.com\/index.php\/2024\/08\/23\/san-luis-participo-de-la-100o-asamblea-del-consejo-federal-de-discapacidad\/#primaryimage\"},\"image\":{\"@id\":\"https:\/\/apuntesdesanluis.com\/index.php\/2024\/08\/23\/san-luis-participo-de-la-100o-asamblea-del-consejo-federal-de-discapacidad\/#primaryimage\"},\"thumbnailUrl\":\"https:\/\/apuntesdesanluis.com\/wp-content\/uploads\/2024\/08\/asamblea.png\",\"datePublished\":\"2024-08-24T02:47:46+00:00\",\"breadcrumb\":{\"@id\":\"https:\/\/apuntesdesanluis.com\/index.php\/2024\/08\/23\/san-luis-participo-de-la-100o-asamblea-del-consejo-federal-de-discapacidad\/#breadcrumb\"},\"inLanguage\":\"es-AR\",\"potentialAction\":[{\"@type\":\"ReadAction\",\"target\":[\"https:\/\/apuntesdesanluis.com\/index.php\/2024\/08\/23\/san-luis-participo-de-la-100o-asamblea-del-consejo-federal-de-discapacidad\/\"]}]},{\"@type\":\"ImageObject\",\"inLanguage\":\"es-AR\",\"@id\":\"https:\/\/apuntesdesanluis.com\/index.php\/2024\/08\/23\/san-luis-participo-de-la-100o-asamblea-del-consejo-federal-de-discapacidad\/#primaryimage\",\"url\":\"https:\/\/apuntesdesanluis.com\/wp-content\/uploads\/2024\/08\/asamblea.png\",\"contentUrl\":\"https:\/\/apuntesdesanluis.com\/wp-content\/uploads\/2024\/08\/asamblea.png\",\"width\":700,\"height\":421},{\"@type\":\"BreadcrumbList\",\"@id\":\"https:\/\/apuntesdesanluis.com\/index.php\/2024\/08\/23\/san-luis-participo-de-la-100o-asamblea-del-consejo-federal-de-discapacidad\/#breadcrumb\",\"itemListElement\":[{\"@type\":\"ListItem\",\"position\":1,\"name\":\"Inicio\",\"item\":\"https:\/\/apuntesdesanluis.com\/\"},{\"@type\":\"ListItem\",\"position\":2,\"name\":\"SAN LUIS PARTICIP\u00d3 DE LA 100\u00ba ASAMBLEA DEL CONSEJO FEDERAL DE DISCAPACIDAD\"}]},{\"@type\":\"WebSite\",\"@id\":\"https:\/\/apuntesdesanluis.com\/#website\",\"url\":\"https:\/\/apuntesdesanluis.com\/\",\"name\":\"Apuntes de San Luis\",\"description\":\"\",\"publisher\":{\"@id\":\"https:\/\/apuntesdesanluis.com\/#\/schema\/person\/b55151d52296fcce64d1a72538a70b90\"},\"potentialAction\":[{\"@type\":\"SearchAction\",\"target\":{\"@type\":\"EntryPoint\",\"urlTemplate\":\"https:\/\/apuntesdesanluis.com\/?s={search_term_string}\"},\"query-input\":{\"@type\":\"PropertyValueSpecification\",\"valueRequired\":true,\"valueName\":\"search_term_string\"}}],\"inLanguage\":\"es-AR\"},{\"@type\":[\"Person\",\"Organization\"],\"@id\":\"https:\/\/apuntesdesanluis.com\/#\/schema\/person\/b55151d52296fcce64d1a72538a70b90\",\"name\":\"apuntesdesanluis.com\",\"image\":{\"@type\":\"ImageObject\",\"inLanguage\":\"es-AR\",\"@id\":\"https:\/\/apuntesdesanluis.com\/#\/schema\/person\/image\/\",\"url\":\"https:\/\/apuntesdesanluis.com\/wp-content\/uploads\/2023\/07\/cropped-apuntesdesanluis.png\",\"contentUrl\":\"https:\/\/apuntesdesanluis.com\/wp-content\/uploads\/2023\/07\/cropped-apuntesdesanluis.png\",\"width\":450,\"height\":112,\"caption\":\"apuntesdesanluis.com\"},\"logo\":{\"@id\":\"https:\/\/apuntesdesanluis.com\/#\/schema\/person\/image\/\"},\"sameAs\":[\"https:\/\/apuntesdesanluis.com\"],\"url\":\"https:\/\/apuntesdesanluis.com\/index.php\/author\/apuntesdesanluis-com\/\"}]}<\/script>\n<!-- \/ Yoast SEO plugin. -->","yoast_head_json":{"title":"SAN LUIS PARTICIP\u00d3 DE LA 100\u00ba ASAMBLEA DEL CONSEJO FEDERAL DE DISCAPACIDAD - Apuntes de San Luis","robots":{"index":"index","follow":"follow","max-snippet":"max-snippet:-1","max-image-preview":"max-image-preview:large","max-video-preview":"max-video-preview:-1"},"canonical":"https:\/\/apuntesdesanluis.com\/index.php\/2024\/08\/23\/san-luis-participo-de-la-100o-asamblea-del-consejo-federal-de-discapacidad\/","og_locale":"es_ES","og_type":"article","og_title":"SAN LUIS PARTICIP\u00d3 DE LA 100\u00ba ASAMBLEA DEL CONSEJO FEDERAL DE DISCAPACIDAD - Apuntes de San Luis","og_description":"El encuentro reuni\u00f3 a referentes de todo el pa\u00eds para discutir temas como pensiones y...","og_url":"https:\/\/apuntesdesanluis.com\/index.php\/2024\/08\/23\/san-luis-participo-de-la-100o-asamblea-del-consejo-federal-de-discapacidad\/","og_site_name":"Apuntes de San Luis","article_published_time":"2024-08-24T02:47:46+00:00","og_image":[{"width":700,"height":421,"url":"https:\/\/apuntesdesanluis.com\/wp-content\/uploads\/2024\/08\/asamblea.png","type":"image\/png"}],"author":"apuntesdesanluis.com","twitter_card":"summary_large_image","twitter_misc":{"Escrito por":"apuntesdesanluis.com","Tiempo de lectura":"3 minutos"},"schema":{"@context":"https:\/\/schema.org","@graph":[{"@type":"Article","@id":"https:\/\/apuntesdesanluis.com\/index.php\/2024\/08\/23\/san-luis-participo-de-la-100o-asamblea-del-consejo-federal-de-discapacidad\/#article","isPartOf":{"@id":"https:\/\/apuntesdesanluis.com\/index.php\/2024\/08\/23\/san-luis-participo-de-la-100o-asamblea-del-consejo-federal-de-discapacidad\/"},"author":{"name":"apuntesdesanluis.com","@id":"https:\/\/apuntesdesanluis.com\/#\/schema\/person\/b55151d52296fcce64d1a72538a70b90"},"headline":"SAN LUIS PARTICIP\u00d3 DE LA 100\u00ba ASAMBLEA DEL CONSEJO FEDERAL DE DISCAPACIDAD","datePublished":"2024-08-24T02:47:46+00:00","mainEntityOfPage":{"@id":"https:\/\/apuntesdesanluis.com\/index.php\/2024\/08\/23\/san-luis-participo-de-la-100o-asamblea-del-consejo-federal-de-discapacidad\/"},"wordCount":480,"publisher":{"@id":"https:\/\/apuntesdesanluis.com\/#\/schema\/person\/b55151d52296fcce64d1a72538a70b90"},"image":{"@id":"https:\/\/apuntesdesanluis.com\/index.php\/2024\/08\/23\/san-luis-participo-de-la-100o-asamblea-del-consejo-federal-de-discapacidad\/#primaryimage"},"thumbnailUrl":"https:\/\/apuntesdesanluis.com\/wp-content\/uploads\/2024\/08\/asamblea.png","articleSection":["Ciudad\/Provincia"],"inLanguage":"es-AR"},{"@type":"WebPage","@id":"https:\/\/apuntesdesanluis.com\/index.php\/2024\/08\/23\/san-luis-participo-de-la-100o-asamblea-del-consejo-federal-de-discapacidad\/","url":"https:\/\/apuntesdesanluis.com\/index.php\/2024\/08\/23\/san-luis-participo-de-la-100o-asamblea-del-consejo-federal-de-discapacidad\/","name":"SAN LUIS PARTICIP\u00d3 DE LA 100\u00ba ASAMBLEA DEL CONSEJO FEDERAL DE DISCAPACIDAD - Apuntes de San Luis","isPartOf":{"@id":"https:\/\/apuntesdesanluis.com\/#website"},"primaryImageOfPage":{"@id":"https:\/\/apuntesdesanluis.com\/index.php\/2024\/08\/23\/san-luis-participo-de-la-100o-asamblea-del-consejo-federal-de-discapacidad\/#primaryimage"},"image":{"@id":"https:\/\/apuntesdesanluis.com\/index.php\/2024\/08\/23\/san-luis-participo-de-la-100o-asamblea-del-consejo-federal-de-discapacidad\/#primaryimage"},"thumbnailUrl":"https:\/\/apuntesdesanluis.com\/wp-content\/uploads\/2024\/08\/asamblea.png","datePublished":"2024-08-24T02:47:46+00:00","breadcrumb":{"@id":"https:\/\/apuntesdesanluis.com\/index.php\/2024\/08\/23\/san-luis-participo-de-la-100o-asamblea-del-consejo-federal-de-discapacidad\/#breadcrumb"},"inLanguage":"es-AR","potentialAction":[{"@type":"ReadAction","target":["https:\/\/apuntesdesanluis.com\/index.php\/2024\/08\/23\/san-luis-participo-de-la-100o-asamblea-del-consejo-federal-de-discapacidad\/"]}]},{"@type":"ImageObject","inLanguage":"es-AR","@id":"https:\/\/apuntesdesanluis.com\/index.php\/2024\/08\/23\/san-luis-participo-de-la-100o-asamblea-del-consejo-federal-de-discapacidad\/#primaryimage","url":"https:\/\/apuntesdesanluis.com\/wp-content\/uploads\/2024\/08\/asamblea.png","contentUrl":"https:\/\/apuntesdesanluis.com\/wp-content\/uploads\/2024\/08\/asamblea.png","width":700,"height":421},{"@type":"BreadcrumbList","@id":"https:\/\/apuntesdesanluis.com\/index.php\/2024\/08\/23\/san-luis-participo-de-la-100o-asamblea-del-consejo-federal-de-discapacidad\/#breadcrumb","itemListElement":[{"@type":"ListItem","position":1,"name":"Inicio","item":"https:\/\/apuntesdesanluis.com\/"},{"@type":"ListItem","position":2,"name":"SAN LUIS PARTICIP\u00d3 DE LA 100\u00ba ASAMBLEA DEL CONSEJO FEDERAL DE DISCAPACIDAD"}]},{"@type":"WebSite","@id":"https:\/\/apuntesdesanluis.com\/#website","url":"https:\/\/apuntesdesanluis.com\/","name":"Apuntes de San Luis","description":"","publisher":{"@id":"https:\/\/apuntesdesanluis.com\/#\/schema\/person\/b55151d52296fcce64d1a72538a70b90"},"potentialAction":[{"@type":"SearchAction","target":{"@type":"EntryPoint","urlTemplate":"https:\/\/apuntesdesanluis.com\/?s={search_term_string}"},"query-input":{"@type":"PropertyValueSpecification","valueRequired":true,"valueName":"search_term_string"}}],"inLanguage":"es-AR"},{"@type":["Person","Organization"],"@id":"https:\/\/apuntesdesanluis.com\/#\/schema\/person\/b55151d52296fcce64d1a72538a70b90","name":"apuntesdesanluis.com","image":{"@type":"ImageObject","inLanguage":"es-AR","@id":"https:\/\/apuntesdesanluis.com\/#\/schema\/person\/image\/","url":"https:\/\/apuntesdesanluis.com\/wp-content\/uploads\/2023\/07\/cropped-apuntesdesanluis.png","contentUrl":"https:\/\/apuntesdesanluis.com\/wp-content\/uploads\/2023\/07\/cropped-apuntesdesanluis.png","width":450,"height":112,"caption":"apuntesdesanluis.com"},"logo":{"@id":"https:\/\/apuntesdesanluis.com\/#\/schema\/person\/image\/"},"sameAs":["https:\/\/apuntesdesanluis.com"],"url":"https:\/\/apuntesdesanluis.com\/index.php\/author\/apuntesdesanluis-com\/"}]}},"featured_image_urls":{"full":["https:\/\/apuntesdesanluis.com\/wp-content\/uploads\/2024\/08\/asamblea.png",700,421,false],"thumbnail":["https:\/\/apuntesdesanluis.com\/wp-content\/uploads\/2024\/08\/asamblea-150x150.png",150,150,true],"medium":["https:\/\/apuntesdesanluis.com\/wp-content\/uploads\/2024\/08\/asamblea-300x180.png",300,180,true],"medium_large":["https:\/\/apuntesdesanluis.com\/wp-content\/uploads\/2024\/08\/asamblea.png",640,385,false],"large":["https:\/\/apuntesdesanluis.com\/wp-content\/uploads\/2024\/08\/asamblea.png",640,385,false],"1536x1536":["https:\/\/apuntesdesanluis.com\/wp-content\/uploads\/2024\/08\/asamblea.png",700,421,false],"2048x2048":["https:\/\/apuntesdesanluis.com\/wp-content\/uploads\/2024\/08\/asamblea.png",700,421,false],"newsever-slider-full":["https:\/\/apuntesdesanluis.com\/wp-content\/uploads\/2024\/08\/asamblea.png",700,421,false],"newsever-featured":["https:\/\/apuntesdesanluis.com\/wp-content\/uploads\/2024\/08\/asamblea.png",700,421,false],"newsever-medium":["https:\/\/apuntesdesanluis.com\/wp-content\/uploads\/2024\/08\/asamblea.png",700,421,false]},"author_info":{"display_name":"apuntesdesanluis.com","author_link":"https:\/\/apuntesdesanluis.com\/index.php\/author\/apuntesdesanluis-com\/"},"category_info":"<a href=\"https:\/\/apuntesdesanluis.com\/index.php\/category\/ciudad-provincia\/\" rel=\"category tag\">Ciudad\/Provincia<\/a>","tag_info":"Ciudad\/Provincia","comment_count":"0","_links":{"self":[{"href":"https:\/\/apuntesdesanluis.com\/index.php\/wp-json\/wp\/v2\/posts\/21224","targetHints":{"allow":["GET"]}}],"collection":[{"href":"https:\/\/apuntesdesanluis.com\/index.php\/wp-json\/wp\/v2\/posts"}],"about":[{"href":"https:\/\/apuntesdesanluis.com\/index.php\/wp-json\/wp\/v2\/types\/post"}],"author":[{"embeddable":true,"href":"https:\/\/apuntesdesanluis.com\/index.php\/wp-json\/wp\/v2\/users\/1"}],"replies":[{"embeddable":true,"href":"https:\/\/apuntesdesanluis.com\/index.php\/wp-json\/wp\/v2\/comments?post=21224"}],"version-history":[{"count":1,"href":"https:\/\/apuntesdesanluis.com\/index.php\/wp-json\/wp\/v2\/posts\/21224\/revisions"}],"predecessor-version":[{"id":21228,"href":"https:\/\/apuntesdesanluis.com\/index.php\/wp-json\/wp\/v2\/posts\/21224\/revisions\/21228"}],"wp:featuredmedia":[{"embeddable":true,"href":"https:\/\/apuntesdesanluis.com\/index.php\/wp-json\/wp\/v2\/media\/21225"}],"wp:attachment":[{"href":"https:\/\/apuntesdesanluis.com\/index.php\/wp-json\/wp\/v2\/media?parent=21224"}],"wp:term":[{"taxonomy":"category","embeddable":true,"href":"https:\/\/apuntesdesanluis.com\/index.php\/wp-json\/wp\/v2\/categories?post=21224"},{"taxonomy":"post_tag","embeddable":true,"href":"https:\/\/apuntesdesanluis.com\/index.php\/wp-json\/wp\/v2\/tags?post=21224"}],"curies":[{"name":"wp","href":"https:\/\/api.w.org\/{rel}","templated":true}]}}