{"id":21243,"date":"2024-08-24T01:47:13","date_gmt":"2024-08-24T04:47:13","guid":{"rendered":"https:\/\/apuntesdesanluis.com\/?p=21243"},"modified":"2024-08-24T01:47:13","modified_gmt":"2024-08-24T04:47:13","slug":"esa-no-es-mi-agenda-milei-tomo-distancia-de-la-visita-de-los-legisladores-a-astiz-y-pidio-explorar-el-rol-de-villarruel","status":"publish","type":"post","link":"https:\/\/apuntesdesanluis.com\/index.php\/2024\/08\/24\/esa-no-es-mi-agenda-milei-tomo-distancia-de-la-visita-de-los-legisladores-a-astiz-y-pidio-explorar-el-rol-de-villarruel\/","title":{"rendered":"&#8220;ESA NO ES MI AGENDA&#8221;: MILEI TOM\u00d3 DISTANCIA DE LA VISITA DE LOS LEGISLADORES A ASTIZ Y PIDI\u00d3 EXPLORAR EL ROL DE VILLARRUEL"},"content":{"rendered":"<h3>El presidente Javier Milei se distanci\u00f3 de la visita de diputados de La Libertad Avanza a represores en el Penal de Ezeiza y pidi\u00f3 profundizar en el rol que tuvo la vicepresidenta Victoria Villarruel en la coordinaci\u00f3n de la reuni\u00f3n que incluy\u00f3 al ex militar Alfredo Astiz.<\/h3>\n<h3>\u201cEsa no es mi agenda\u201d, plante\u00f3 el mandatario en declaraciones a Radio Rivadavia, y agreg\u00f3: \u201cHabr\u00e1 que investigar por qui\u00e9n fue movido eso\u201d.<\/h3>\n<h3>Para Milei, los seis legisladores de La Libertad Avanza que visitaron a los exmilitares condenados por delitos de lesa humanidad \u201cfue con intenciones\u201d. \u201cEl cura que organiz\u00f3 eso termin\u00f3 siendo echado. Es un cura que adem\u00e1s me insultaba por YouTube\u201d, critic\u00f3 y apunt\u00f3 contra el sacerdote Javier Olivera Ravasi, quien organiz\u00f3 la visita al Penal de Ezeiza.<\/h3>\n<h3>Consultado por el rol de la vicepresidenta, el jefe de Estado plante\u00f3: \u201cHay que ver qu\u00e9 hay de links ah\u00ed\u201d.<\/h3>\n<h3>\u201cHay que ver qu\u00e9 v\u00ednculos hay ah\u00ed. Mi agenda no es, seguro. El que organiz\u00f3 eso me insultaba de forma recurrente\u201d, insisti\u00f3 sobre Olivera Ravasi que fue expulsado de Obispado de Z\u00e1rate-Campana.<\/h3>\n<h3><strong>LAS DIFERENCIAS DE VILLARRUEL CON LIJO<\/strong><\/h3>\n<h3>El mandatario plante\u00f3 que la vicepresidenta &#8220;tiene su opini\u00f3n&#8221; contraria a la del Poder Ejecutivo, respecto a la propuesta del juez Ariel Lijo para integrar la Corte Suprema, y a\u00f1adi\u00f3: &#8220;No pretendo rodearme de un coro de focas obsecuentes&#8221;.<\/h3>\n<h3>Por su parte, respald\u00f3 al asesor Santiago Caputo, fuertemente cuestionado por el expresidente Mauricio Macri, y por legisladores propios como Francisco Paoltroni. &#8220;Les molesta que Santiago Caputo tenga un coeficiente intelectual varias veces por encima de la media&#8221;, argument\u00f3 al tiempo que revel\u00f3 que pertenece al &#8220;tri\u00e1ngulo de hierro&#8221; junto a Karina Milei y sostuvo que es &#8220;parte del proceso decisorio&#8221;.<\/h3>\n<h3><strong>LOS CUESTIONAMIENTOS A MACRI<\/strong><\/h3>\n<h3>En otro pasaje de la entrevista con el periodista Jonatan Viale, el Presidente cuestion\u00f3 el rechazo del PRO al DNU por los fondos reservados de la SIDE.<\/h3>\n<h3>\u201cPuedo entender que el kirchnerismo haga estas cosas, lo que no me termina de cuadrar es que hace Juntos por el Cambio poni\u00e9ndose del lado de pa\u00edses que han atentado con la Argentina\u201d, cuestion\u00f3 sobre el voto negativo del grueso de los diputados amarillos.<\/h3>\n<h3>Por \u00faltimo, el Presidente revel\u00f3 que el expresidente Mauricio Macri esboz\u00f3 lo que consider\u00f3 una insatisfactoria argumentaci\u00f3n del voto de su bloque en torno a los fondos de la SIDE, durante una cena en la quinta de Olivos que ocurri\u00f3 el pasado mi\u00e9rcoles, y coment\u00f3 las contradicciones en el espacio sobre la actualizaci\u00f3n jubilatoria.<\/h3>\n<h3>\u201cSi tomo su tuit significa que no maneja la tropa, o que no tienen orden de magnitud del da\u00f1o que est\u00e1 causando. No es un problema m\u00edo, no es algo que tenga que resolver Juntos por el Cambio\u201d, concluy\u00f3 a horas de que el expresidente celebrara el veto presidencial.<\/h3>\n<p>&nbsp;<\/p>\n<p>&nbsp;<\/p>\n<p>&nbsp;<\/p>\n<p>&nbsp;<\/p>\n<p>&nbsp;<\/p>\n<p>&nbsp;<\/p>\n","protected":false},"excerpt":{"rendered":"<p>El presidente Javier Milei se distanci\u00f3 de la visita de diputados de La Libertad Avanza&#8230;<\/p>\n","protected":false},"author":1,"featured_media":21244,"comment_status":"closed","ping_status":"closed","sticky":false,"template":"","format":"standard","meta":{"footnotes":""},"categories":[5],"tags":[],"class_list":["post-21243","post","type-post","status-publish","format-standard","has-post-thumbnail","hentry","category-nacionales-internacionales"],"yoast_head":"<!-- This site is optimized with the Yoast SEO plugin v26.1.1 - https:\/\/yoast.com\/wordpress\/plugins\/seo\/ -->\n<title>&quot;ESA NO ES MI AGENDA&quot;: MILEI TOM\u00d3 DISTANCIA DE LA VISITA DE LOS LEGISLADORES A ASTIZ Y PIDI\u00d3 EXPLORAR EL ROL DE VILLARRUEL - Apuntes de San Luis<\/title>\n<meta name=\"robots\" content=\"index, follow, max-snippet:-1, max-image-preview:large, max-video-preview:-1\" \/>\n<link rel=\"canonical\" href=\"https:\/\/apuntesdesanluis.com\/index.php\/2024\/08\/24\/esa-no-es-mi-agenda-milei-tomo-distancia-de-la-visita-de-los-legisladores-a-astiz-y-pidio-explorar-el-rol-de-villarruel\/\" \/>\n<meta property=\"og:locale\" content=\"es_ES\" \/>\n<meta property=\"og:type\" content=\"article\" \/>\n<meta property=\"og:title\" content=\"&quot;ESA NO ES MI AGENDA&quot;: MILEI TOM\u00d3 DISTANCIA DE LA VISITA DE LOS LEGISLADORES A ASTIZ Y PIDI\u00d3 EXPLORAR EL ROL DE VILLARRUEL - Apuntes de San Luis\" \/>\n<meta property=\"og:description\" content=\"El presidente Javier Milei se distanci\u00f3 de la visita de diputados de La Libertad Avanza...\" \/>\n<meta property=\"og:url\" content=\"https:\/\/apuntesdesanluis.com\/index.php\/2024\/08\/24\/esa-no-es-mi-agenda-milei-tomo-distancia-de-la-visita-de-los-legisladores-a-astiz-y-pidio-explorar-el-rol-de-villarruel\/\" \/>\n<meta property=\"og:site_name\" content=\"Apuntes de San Luis\" \/>\n<meta property=\"article:published_time\" content=\"2024-08-24T04:47:13+00:00\" \/>\n<meta property=\"og:image\" content=\"https:\/\/apuntesdesanluis.com\/wp-content\/uploads\/2024\/08\/MILEI-Y-VILLARRUEL.png\" \/>\n\t<meta property=\"og:image:width\" content=\"820\" \/>\n\t<meta property=\"og:image:height\" content=\"553\" \/>\n\t<meta property=\"og:image:type\" content=\"image\/png\" \/>\n<meta name=\"author\" content=\"apuntesdesanluis.com\" \/>\n<meta name=\"twitter:card\" content=\"summary_large_image\" \/>\n<meta name=\"twitter:label1\" content=\"Escrito por\" \/>\n\t<meta name=\"twitter:data1\" content=\"apuntesdesanluis.com\" \/>\n\t<meta name=\"twitter:label2\" content=\"Tiempo de lectura\" \/>\n\t<meta name=\"twitter:data2\" content=\"3 minutos\" \/>\n<script type=\"application\/ld+json\" class=\"yoast-schema-graph\">{\"@context\":\"https:\/\/schema.org\",\"@graph\":[{\"@type\":\"Article\",\"@id\":\"https:\/\/apuntesdesanluis.com\/index.php\/2024\/08\/24\/esa-no-es-mi-agenda-milei-tomo-distancia-de-la-visita-de-los-legisladores-a-astiz-y-pidio-explorar-el-rol-de-villarruel\/#article\",\"isPartOf\":{\"@id\":\"https:\/\/apuntesdesanluis.com\/index.php\/2024\/08\/24\/esa-no-es-mi-agenda-milei-tomo-distancia-de-la-visita-de-los-legisladores-a-astiz-y-pidio-explorar-el-rol-de-villarruel\/\"},\"author\":{\"name\":\"apuntesdesanluis.com\",\"@id\":\"https:\/\/apuntesdesanluis.com\/#\/schema\/person\/b55151d52296fcce64d1a72538a70b90\"},\"headline\":\"&#8220;ESA NO ES MI AGENDA&#8221;: MILEI TOM\u00d3 DISTANCIA DE LA VISITA DE LOS LEGISLADORES A ASTIZ Y PIDI\u00d3 EXPLORAR EL ROL DE VILLARRUEL\",\"datePublished\":\"2024-08-24T04:47:13+00:00\",\"mainEntityOfPage\":{\"@id\":\"https:\/\/apuntesdesanluis.com\/index.php\/2024\/08\/24\/esa-no-es-mi-agenda-milei-tomo-distancia-de-la-visita-de-los-legisladores-a-astiz-y-pidio-explorar-el-rol-de-villarruel\/\"},\"wordCount\":508,\"publisher\":{\"@id\":\"https:\/\/apuntesdesanluis.com\/#\/schema\/person\/b55151d52296fcce64d1a72538a70b90\"},\"image\":{\"@id\":\"https:\/\/apuntesdesanluis.com\/index.php\/2024\/08\/24\/esa-no-es-mi-agenda-milei-tomo-distancia-de-la-visita-de-los-legisladores-a-astiz-y-pidio-explorar-el-rol-de-villarruel\/#primaryimage\"},\"thumbnailUrl\":\"https:\/\/apuntesdesanluis.com\/wp-content\/uploads\/2024\/08\/MILEI-Y-VILLARRUEL.png\",\"articleSection\":[\"Nacionales\/Internacionales\"],\"inLanguage\":\"es-AR\"},{\"@type\":\"WebPage\",\"@id\":\"https:\/\/apuntesdesanluis.com\/index.php\/2024\/08\/24\/esa-no-es-mi-agenda-milei-tomo-distancia-de-la-visita-de-los-legisladores-a-astiz-y-pidio-explorar-el-rol-de-villarruel\/\",\"url\":\"https:\/\/apuntesdesanluis.com\/index.php\/2024\/08\/24\/esa-no-es-mi-agenda-milei-tomo-distancia-de-la-visita-de-los-legisladores-a-astiz-y-pidio-explorar-el-rol-de-villarruel\/\",\"name\":\"\\\"ESA NO ES MI AGENDA\\\": MILEI TOM\u00d3 DISTANCIA DE LA VISITA DE LOS LEGISLADORES A ASTIZ Y PIDI\u00d3 EXPLORAR EL ROL DE VILLARRUEL - Apuntes de San Luis\",\"isPartOf\":{\"@id\":\"https:\/\/apuntesdesanluis.com\/#website\"},\"primaryImageOfPage\":{\"@id\":\"https:\/\/apuntesdesanluis.com\/index.php\/2024\/08\/24\/esa-no-es-mi-agenda-milei-tomo-distancia-de-la-visita-de-los-legisladores-a-astiz-y-pidio-explorar-el-rol-de-villarruel\/#primaryimage\"},\"image\":{\"@id\":\"https:\/\/apuntesdesanluis.com\/index.php\/2024\/08\/24\/esa-no-es-mi-agenda-milei-tomo-distancia-de-la-visita-de-los-legisladores-a-astiz-y-pidio-explorar-el-rol-de-villarruel\/#primaryimage\"},\"thumbnailUrl\":\"https:\/\/apuntesdesanluis.com\/wp-content\/uploads\/2024\/08\/MILEI-Y-VILLARRUEL.png\",\"datePublished\":\"2024-08-24T04:47:13+00:00\",\"breadcrumb\":{\"@id\":\"https:\/\/apuntesdesanluis.com\/index.php\/2024\/08\/24\/esa-no-es-mi-agenda-milei-tomo-distancia-de-la-visita-de-los-legisladores-a-astiz-y-pidio-explorar-el-rol-de-villarruel\/#breadcrumb\"},\"inLanguage\":\"es-AR\",\"potentialAction\":[{\"@type\":\"ReadAction\",\"target\":[\"https:\/\/apuntesdesanluis.com\/index.php\/2024\/08\/24\/esa-no-es-mi-agenda-milei-tomo-distancia-de-la-visita-de-los-legisladores-a-astiz-y-pidio-explorar-el-rol-de-villarruel\/\"]}]},{\"@type\":\"ImageObject\",\"inLanguage\":\"es-AR\",\"@id\":\"https:\/\/apuntesdesanluis.com\/index.php\/2024\/08\/24\/esa-no-es-mi-agenda-milei-tomo-distancia-de-la-visita-de-los-legisladores-a-astiz-y-pidio-explorar-el-rol-de-villarruel\/#primaryimage\",\"url\":\"https:\/\/apuntesdesanluis.com\/wp-content\/uploads\/2024\/08\/MILEI-Y-VILLARRUEL.png\",\"contentUrl\":\"https:\/\/apuntesdesanluis.com\/wp-content\/uploads\/2024\/08\/MILEI-Y-VILLARRUEL.png\",\"width\":820,\"height\":553},{\"@type\":\"BreadcrumbList\",\"@id\":\"https:\/\/apuntesdesanluis.com\/index.php\/2024\/08\/24\/esa-no-es-mi-agenda-milei-tomo-distancia-de-la-visita-de-los-legisladores-a-astiz-y-pidio-explorar-el-rol-de-villarruel\/#breadcrumb\",\"itemListElement\":[{\"@type\":\"ListItem\",\"position\":1,\"name\":\"Inicio\",\"item\":\"https:\/\/apuntesdesanluis.com\/\"},{\"@type\":\"ListItem\",\"position\":2,\"name\":\"&#8220;ESA NO ES MI AGENDA&#8221;: MILEI TOM\u00d3 DISTANCIA DE LA VISITA DE LOS LEGISLADORES A ASTIZ Y PIDI\u00d3 EXPLORAR EL ROL DE VILLARRUEL\"}]},{\"@type\":\"WebSite\",\"@id\":\"https:\/\/apuntesdesanluis.com\/#website\",\"url\":\"https:\/\/apuntesdesanluis.com\/\",\"name\":\"Apuntes de San Luis\",\"description\":\"\",\"publisher\":{\"@id\":\"https:\/\/apuntesdesanluis.com\/#\/schema\/person\/b55151d52296fcce64d1a72538a70b90\"},\"potentialAction\":[{\"@type\":\"SearchAction\",\"target\":{\"@type\":\"EntryPoint\",\"urlTemplate\":\"https:\/\/apuntesdesanluis.com\/?s={search_term_string}\"},\"query-input\":{\"@type\":\"PropertyValueSpecification\",\"valueRequired\":true,\"valueName\":\"search_term_string\"}}],\"inLanguage\":\"es-AR\"},{\"@type\":[\"Person\",\"Organization\"],\"@id\":\"https:\/\/apuntesdesanluis.com\/#\/schema\/person\/b55151d52296fcce64d1a72538a70b90\",\"name\":\"apuntesdesanluis.com\",\"image\":{\"@type\":\"ImageObject\",\"inLanguage\":\"es-AR\",\"@id\":\"https:\/\/apuntesdesanluis.com\/#\/schema\/person\/image\/\",\"url\":\"https:\/\/apuntesdesanluis.com\/wp-content\/uploads\/2023\/07\/cropped-apuntesdesanluis.png\",\"contentUrl\":\"https:\/\/apuntesdesanluis.com\/wp-content\/uploads\/2023\/07\/cropped-apuntesdesanluis.png\",\"width\":450,\"height\":112,\"caption\":\"apuntesdesanluis.com\"},\"logo\":{\"@id\":\"https:\/\/apuntesdesanluis.com\/#\/schema\/person\/image\/\"},\"sameAs\":[\"https:\/\/apuntesdesanluis.com\"],\"url\":\"https:\/\/apuntesdesanluis.com\/index.php\/author\/apuntesdesanluis-com\/\"}]}<\/script>\n<!-- \/ Yoast SEO plugin. -->","yoast_head_json":{"title":"\"ESA NO ES MI AGENDA\": MILEI TOM\u00d3 DISTANCIA DE LA VISITA DE LOS LEGISLADORES A ASTIZ Y PIDI\u00d3 EXPLORAR EL ROL DE VILLARRUEL - Apuntes de San Luis","robots":{"index":"index","follow":"follow","max-snippet":"max-snippet:-1","max-image-preview":"max-image-preview:large","max-video-preview":"max-video-preview:-1"},"canonical":"https:\/\/apuntesdesanluis.com\/index.php\/2024\/08\/24\/esa-no-es-mi-agenda-milei-tomo-distancia-de-la-visita-de-los-legisladores-a-astiz-y-pidio-explorar-el-rol-de-villarruel\/","og_locale":"es_ES","og_type":"article","og_title":"\"ESA NO ES MI AGENDA\": MILEI TOM\u00d3 DISTANCIA DE LA VISITA DE LOS LEGISLADORES A ASTIZ Y PIDI\u00d3 EXPLORAR EL ROL DE VILLARRUEL - Apuntes de San Luis","og_description":"El presidente Javier Milei se distanci\u00f3 de la visita de diputados de La Libertad Avanza...","og_url":"https:\/\/apuntesdesanluis.com\/index.php\/2024\/08\/24\/esa-no-es-mi-agenda-milei-tomo-distancia-de-la-visita-de-los-legisladores-a-astiz-y-pidio-explorar-el-rol-de-villarruel\/","og_site_name":"Apuntes de San Luis","article_published_time":"2024-08-24T04:47:13+00:00","og_image":[{"width":820,"height":553,"url":"https:\/\/apuntesdesanluis.com\/wp-content\/uploads\/2024\/08\/MILEI-Y-VILLARRUEL.png","type":"image\/png"}],"author":"apuntesdesanluis.com","twitter_card":"summary_large_image","twitter_misc":{"Escrito por":"apuntesdesanluis.com","Tiempo de lectura":"3 minutos"},"schema":{"@context":"https:\/\/schema.org","@graph":[{"@type":"Article","@id":"https:\/\/apuntesdesanluis.com\/index.php\/2024\/08\/24\/esa-no-es-mi-agenda-milei-tomo-distancia-de-la-visita-de-los-legisladores-a-astiz-y-pidio-explorar-el-rol-de-villarruel\/#article","isPartOf":{"@id":"https:\/\/apuntesdesanluis.com\/index.php\/2024\/08\/24\/esa-no-es-mi-agenda-milei-tomo-distancia-de-la-visita-de-los-legisladores-a-astiz-y-pidio-explorar-el-rol-de-villarruel\/"},"author":{"name":"apuntesdesanluis.com","@id":"https:\/\/apuntesdesanluis.com\/#\/schema\/person\/b55151d52296fcce64d1a72538a70b90"},"headline":"&#8220;ESA NO ES MI AGENDA&#8221;: MILEI TOM\u00d3 DISTANCIA DE LA VISITA DE LOS LEGISLADORES A ASTIZ Y PIDI\u00d3 EXPLORAR EL ROL DE VILLARRUEL","datePublished":"2024-08-24T04:47:13+00:00","mainEntityOfPage":{"@id":"https:\/\/apuntesdesanluis.com\/index.php\/2024\/08\/24\/esa-no-es-mi-agenda-milei-tomo-distancia-de-la-visita-de-los-legisladores-a-astiz-y-pidio-explorar-el-rol-de-villarruel\/"},"wordCount":508,"publisher":{"@id":"https:\/\/apuntesdesanluis.com\/#\/schema\/person\/b55151d52296fcce64d1a72538a70b90"},"image":{"@id":"https:\/\/apuntesdesanluis.com\/index.php\/2024\/08\/24\/esa-no-es-mi-agenda-milei-tomo-distancia-de-la-visita-de-los-legisladores-a-astiz-y-pidio-explorar-el-rol-de-villarruel\/#primaryimage"},"thumbnailUrl":"https:\/\/apuntesdesanluis.com\/wp-content\/uploads\/2024\/08\/MILEI-Y-VILLARRUEL.png","articleSection":["Nacionales\/Internacionales"],"inLanguage":"es-AR"},{"@type":"WebPage","@id":"https:\/\/apuntesdesanluis.com\/index.php\/2024\/08\/24\/esa-no-es-mi-agenda-milei-tomo-distancia-de-la-visita-de-los-legisladores-a-astiz-y-pidio-explorar-el-rol-de-villarruel\/","url":"https:\/\/apuntesdesanluis.com\/index.php\/2024\/08\/24\/esa-no-es-mi-agenda-milei-tomo-distancia-de-la-visita-de-los-legisladores-a-astiz-y-pidio-explorar-el-rol-de-villarruel\/","name":"\"ESA NO ES MI AGENDA\": MILEI TOM\u00d3 DISTANCIA DE LA VISITA DE LOS LEGISLADORES A ASTIZ Y PIDI\u00d3 EXPLORAR EL ROL DE VILLARRUEL - Apuntes de San Luis","isPartOf":{"@id":"https:\/\/apuntesdesanluis.com\/#website"},"primaryImageOfPage":{"@id":"https:\/\/apuntesdesanluis.com\/index.php\/2024\/08\/24\/esa-no-es-mi-agenda-milei-tomo-distancia-de-la-visita-de-los-legisladores-a-astiz-y-pidio-explorar-el-rol-de-villarruel\/#primaryimage"},"image":{"@id":"https:\/\/apuntesdesanluis.com\/index.php\/2024\/08\/24\/esa-no-es-mi-agenda-milei-tomo-distancia-de-la-visita-de-los-legisladores-a-astiz-y-pidio-explorar-el-rol-de-villarruel\/#primaryimage"},"thumbnailUrl":"https:\/\/apuntesdesanluis.com\/wp-content\/uploads\/2024\/08\/MILEI-Y-VILLARRUEL.png","datePublished":"2024-08-24T04:47:13+00:00","breadcrumb":{"@id":"https:\/\/apuntesdesanluis.com\/index.php\/2024\/08\/24\/esa-no-es-mi-agenda-milei-tomo-distancia-de-la-visita-de-los-legisladores-a-astiz-y-pidio-explorar-el-rol-de-villarruel\/#breadcrumb"},"inLanguage":"es-AR","potentialAction":[{"@type":"ReadAction","target":["https:\/\/apuntesdesanluis.com\/index.php\/2024\/08\/24\/esa-no-es-mi-agenda-milei-tomo-distancia-de-la-visita-de-los-legisladores-a-astiz-y-pidio-explorar-el-rol-de-villarruel\/"]}]},{"@type":"ImageObject","inLanguage":"es-AR","@id":"https:\/\/apuntesdesanluis.com\/index.php\/2024\/08\/24\/esa-no-es-mi-agenda-milei-tomo-distancia-de-la-visita-de-los-legisladores-a-astiz-y-pidio-explorar-el-rol-de-villarruel\/#primaryimage","url":"https:\/\/apuntesdesanluis.com\/wp-content\/uploads\/2024\/08\/MILEI-Y-VILLARRUEL.png","contentUrl":"https:\/\/apuntesdesanluis.com\/wp-content\/uploads\/2024\/08\/MILEI-Y-VILLARRUEL.png","width":820,"height":553},{"@type":"BreadcrumbList","@id":"https:\/\/apuntesdesanluis.com\/index.php\/2024\/08\/24\/esa-no-es-mi-agenda-milei-tomo-distancia-de-la-visita-de-los-legisladores-a-astiz-y-pidio-explorar-el-rol-de-villarruel\/#breadcrumb","itemListElement":[{"@type":"ListItem","position":1,"name":"Inicio","item":"https:\/\/apuntesdesanluis.com\/"},{"@type":"ListItem","position":2,"name":"&#8220;ESA NO ES MI AGENDA&#8221;: MILEI TOM\u00d3 DISTANCIA DE LA VISITA DE LOS LEGISLADORES A ASTIZ Y PIDI\u00d3 EXPLORAR EL ROL DE VILLARRUEL"}]},{"@type":"WebSite","@id":"https:\/\/apuntesdesanluis.com\/#website","url":"https:\/\/apuntesdesanluis.com\/","name":"Apuntes de San Luis","description":"","publisher":{"@id":"https:\/\/apuntesdesanluis.com\/#\/schema\/person\/b55151d52296fcce64d1a72538a70b90"},"potentialAction":[{"@type":"SearchAction","target":{"@type":"EntryPoint","urlTemplate":"https:\/\/apuntesdesanluis.com\/?s={search_term_string}"},"query-input":{"@type":"PropertyValueSpecification","valueRequired":true,"valueName":"search_term_string"}}],"inLanguage":"es-AR"},{"@type":["Person","Organization"],"@id":"https:\/\/apuntesdesanluis.com\/#\/schema\/person\/b55151d52296fcce64d1a72538a70b90","name":"apuntesdesanluis.com","image":{"@type":"ImageObject","inLanguage":"es-AR","@id":"https:\/\/apuntesdesanluis.com\/#\/schema\/person\/image\/","url":"https:\/\/apuntesdesanluis.com\/wp-content\/uploads\/2023\/07\/cropped-apuntesdesanluis.png","contentUrl":"https:\/\/apuntesdesanluis.com\/wp-content\/uploads\/2023\/07\/cropped-apuntesdesanluis.png","width":450,"height":112,"caption":"apuntesdesanluis.com"},"logo":{"@id":"https:\/\/apuntesdesanluis.com\/#\/schema\/person\/image\/"},"sameAs":["https:\/\/apuntesdesanluis.com"],"url":"https:\/\/apuntesdesanluis.com\/index.php\/author\/apuntesdesanluis-com\/"}]}},"featured_image_urls":{"full":["https:\/\/apuntesdesanluis.com\/wp-content\/uploads\/2024\/08\/MILEI-Y-VILLARRUEL.png",820,553,false],"thumbnail":["https:\/\/apuntesdesanluis.com\/wp-content\/uploads\/2024\/08\/MILEI-Y-VILLARRUEL-150x150.png",150,150,true],"medium":["https:\/\/apuntesdesanluis.com\/wp-content\/uploads\/2024\/08\/MILEI-Y-VILLARRUEL-300x202.png",300,202,true],"medium_large":["https:\/\/apuntesdesanluis.com\/wp-content\/uploads\/2024\/08\/MILEI-Y-VILLARRUEL-768x518.png",640,432,true],"large":["https:\/\/apuntesdesanluis.com\/wp-content\/uploads\/2024\/08\/MILEI-Y-VILLARRUEL.png",640,432,false],"1536x1536":["https:\/\/apuntesdesanluis.com\/wp-content\/uploads\/2024\/08\/MILEI-Y-VILLARRUEL.png",820,553,false],"2048x2048":["https:\/\/apuntesdesanluis.com\/wp-content\/uploads\/2024\/08\/MILEI-Y-VILLARRUEL.png",820,553,false],"newsever-slider-full":["https:\/\/apuntesdesanluis.com\/wp-content\/uploads\/2024\/08\/MILEI-Y-VILLARRUEL.png",820,553,false],"newsever-featured":["https:\/\/apuntesdesanluis.com\/wp-content\/uploads\/2024\/08\/MILEI-Y-VILLARRUEL.png",820,553,false],"newsever-medium":["https:\/\/apuntesdesanluis.com\/wp-content\/uploads\/2024\/08\/MILEI-Y-VILLARRUEL-720x475.png",720,475,true]},"author_info":{"display_name":"apuntesdesanluis.com","author_link":"https:\/\/apuntesdesanluis.com\/index.php\/author\/apuntesdesanluis-com\/"},"category_info":"<a href=\"https:\/\/apuntesdesanluis.com\/index.php\/category\/nacionales-internacionales\/\" rel=\"category tag\">Nacionales\/Internacionales<\/a>","tag_info":"Nacionales\/Internacionales","comment_count":"0","_links":{"self":[{"href":"https:\/\/apuntesdesanluis.com\/index.php\/wp-json\/wp\/v2\/posts\/21243","targetHints":{"allow":["GET"]}}],"collection":[{"href":"https:\/\/apuntesdesanluis.com\/index.php\/wp-json\/wp\/v2\/posts"}],"about":[{"href":"https:\/\/apuntesdesanluis.com\/index.php\/wp-json\/wp\/v2\/types\/post"}],"author":[{"embeddable":true,"href":"https:\/\/apuntesdesanluis.com\/index.php\/wp-json\/wp\/v2\/users\/1"}],"replies":[{"embeddable":true,"href":"https:\/\/apuntesdesanluis.com\/index.php\/wp-json\/wp\/v2\/comments?post=21243"}],"version-history":[{"count":1,"href":"https:\/\/apuntesdesanluis.com\/index.php\/wp-json\/wp\/v2\/posts\/21243\/revisions"}],"predecessor-version":[{"id":21245,"href":"https:\/\/apuntesdesanluis.com\/index.php\/wp-json\/wp\/v2\/posts\/21243\/revisions\/21245"}],"wp:featuredmedia":[{"embeddable":true,"href":"https:\/\/apuntesdesanluis.com\/index.php\/wp-json\/wp\/v2\/media\/21244"}],"wp:attachment":[{"href":"https:\/\/apuntesdesanluis.com\/index.php\/wp-json\/wp\/v2\/media?parent=21243"}],"wp:term":[{"taxonomy":"category","embeddable":true,"href":"https:\/\/apuntesdesanluis.com\/index.php\/wp-json\/wp\/v2\/categories?post=21243"},{"taxonomy":"post_tag","embeddable":true,"href":"https:\/\/apuntesdesanluis.com\/index.php\/wp-json\/wp\/v2\/tags?post=21243"}],"curies":[{"name":"wp","href":"https:\/\/api.w.org\/{rel}","templated":true}]}}