{"id":21246,"date":"2024-08-24T01:51:20","date_gmt":"2024-08-24T04:51:20","guid":{"rendered":"https:\/\/apuntesdesanluis.com\/?p=21246"},"modified":"2024-08-24T01:51:20","modified_gmt":"2024-08-24T04:51:20","slug":"se-confirmo-primer-caso-autoctono-de-viruela-del-mono-en-el-pais","status":"publish","type":"post","link":"https:\/\/apuntesdesanluis.com\/index.php\/2024\/08\/24\/se-confirmo-primer-caso-autoctono-de-viruela-del-mono-en-el-pais\/","title":{"rendered":"SE CONFIRM\u00d3 PRIMER CASO AUT\u00d3CTONO DE VIRUELA DEL MONO EN EL PA\u00cdS"},"content":{"rendered":"<h3>Es un joven oriundo de San Isidro, en el conurbano bonaerense, quien ya est\u00e1 aislado en su domicilio.<\/h3>\n<h3>El primer caso aut\u00f3ctono de\u00a0 viruela s\u00edmica se confirm\u00f3 en el municipio de San Isidro, en el norte del conurbano bonaerense, donde un joven de 22 a\u00f1os presentaba s\u00edntomas de la enfermedad.<\/h3>\n<h3>Luego de los ex\u00e1menes realizados en el Instituto Malbr\u00e1n, de la Ciudad de Buenos Aires, se corrobor\u00f3 la presencia del virus.<\/h3>\n<h3>El joven, sin antecedentes de haber viajado al exterior, qued\u00f3 aislado en su domicilio hasta que responda favorablemente al tratamiento para curar, fundamentalmente, las habituales lesiones cut\u00e1neas.<\/h3>\n<h3>En consecuencia, se trata del primer caso aut\u00f3ctono de la viruela s\u00edmica desde que la Organizaci\u00f3n Mundial de la Salud (OMS) declar\u00f3 la emergencia a nivel internacional.<\/h3>\n<h3>La viruela del mono es una zoonosis viral selv\u00e1tica causada por un virus que pertenece al g\u00e9nero Orthopoxvirus y se encuentra habitualmente en las zonas central y occidental de \u00c1frica.<\/h3>\n<p><img fetchpriority=\"high\" decoding=\"async\" class=\"wp-image-21247 aligncenter\" src=\"https:\/\/apuntesdesanluis.com\/wp-content\/uploads\/2024\/08\/viruela-del-mono-espalda-300x185.png\" alt=\"\" width=\"623\" height=\"384\" srcset=\"https:\/\/apuntesdesanluis.com\/wp-content\/uploads\/2024\/08\/viruela-del-mono-espalda-300x185.png 300w, https:\/\/apuntesdesanluis.com\/wp-content\/uploads\/2024\/08\/viruela-del-mono-espalda.png 700w\" sizes=\"(max-width: 623px) 100vw, 623px\" \/><\/p>\n<h4 style=\"text-align: center;\"><em>En la Argentina, el primer caso confirmado de mpox (clado IIb) se hab\u00eda registrado en mayo de 2022.<\/em><\/h4>\n<h3>La enfermedad puede transmitirse por exposici\u00f3n a gotitas exhaladas (respiratoria) y por contacto de lesiones cut\u00e1neas infectadas (inclusive relaciones sexuales) o materiales contaminados.<\/h3>\n<h3>El periodo de incubaci\u00f3n puede oscilar entre 5 a 21 d\u00edas, mientras que los s\u00edntomas m\u00e1s comunes son la fiebre, el dolor de cabeza, dolores musculares, ganglios linf\u00e1ticos inflamados, escalofr\u00edos y agotamiento, acompa\u00f1ados por erupciones.<\/h3>\n<p>&nbsp;<\/p>\n<p>&nbsp;<\/p>\n<p>&nbsp;<\/p>\n<p>&nbsp;<\/p>\n<p>&nbsp;<\/p>\n","protected":false},"excerpt":{"rendered":"<p>Es un joven oriundo de San Isidro, en el conurbano bonaerense, quien ya est\u00e1 aislado&#8230;<\/p>\n","protected":false},"author":1,"featured_media":21248,"comment_status":"closed","ping_status":"closed","sticky":false,"template":"","format":"standard","meta":{"footnotes":""},"categories":[5],"tags":[],"class_list":["post-21246","post","type-post","status-publish","format-standard","has-post-thumbnail","hentry","category-nacionales-internacionales"],"yoast_head":"<!-- This site is optimized with the Yoast SEO plugin v26.1.1 - https:\/\/yoast.com\/wordpress\/plugins\/seo\/ -->\n<title>SE CONFIRM\u00d3 PRIMER CASO AUT\u00d3CTONO DE VIRUELA DEL MONO EN EL PA\u00cdS - Apuntes de San Luis<\/title>\n<meta name=\"robots\" content=\"index, follow, max-snippet:-1, max-image-preview:large, max-video-preview:-1\" \/>\n<link rel=\"canonical\" href=\"https:\/\/apuntesdesanluis.com\/index.php\/2024\/08\/24\/se-confirmo-primer-caso-autoctono-de-viruela-del-mono-en-el-pais\/\" \/>\n<meta property=\"og:locale\" content=\"es_ES\" \/>\n<meta property=\"og:type\" content=\"article\" \/>\n<meta property=\"og:title\" content=\"SE CONFIRM\u00d3 PRIMER CASO AUT\u00d3CTONO DE VIRUELA DEL MONO EN EL PA\u00cdS - Apuntes de San Luis\" \/>\n<meta property=\"og:description\" content=\"Es un joven oriundo de San Isidro, en el conurbano bonaerense, quien ya est\u00e1 aislado...\" \/>\n<meta property=\"og:url\" content=\"https:\/\/apuntesdesanluis.com\/index.php\/2024\/08\/24\/se-confirmo-primer-caso-autoctono-de-viruela-del-mono-en-el-pais\/\" \/>\n<meta property=\"og:site_name\" content=\"Apuntes de San Luis\" \/>\n<meta property=\"article:published_time\" content=\"2024-08-24T04:51:20+00:00\" \/>\n<meta property=\"og:image\" content=\"https:\/\/apuntesdesanluis.com\/wp-content\/uploads\/2024\/08\/viruela-del-mono-test.png\" \/>\n\t<meta property=\"og:image:width\" content=\"700\" \/>\n\t<meta property=\"og:image:height\" content=\"381\" \/>\n\t<meta property=\"og:image:type\" content=\"image\/png\" \/>\n<meta name=\"author\" content=\"apuntesdesanluis.com\" \/>\n<meta name=\"twitter:card\" content=\"summary_large_image\" \/>\n<meta name=\"twitter:label1\" content=\"Escrito por\" \/>\n\t<meta name=\"twitter:data1\" content=\"apuntesdesanluis.com\" \/>\n\t<meta name=\"twitter:label2\" content=\"Tiempo de lectura\" \/>\n\t<meta name=\"twitter:data2\" content=\"2 minutos\" \/>\n<script type=\"application\/ld+json\" class=\"yoast-schema-graph\">{\"@context\":\"https:\/\/schema.org\",\"@graph\":[{\"@type\":\"Article\",\"@id\":\"https:\/\/apuntesdesanluis.com\/index.php\/2024\/08\/24\/se-confirmo-primer-caso-autoctono-de-viruela-del-mono-en-el-pais\/#article\",\"isPartOf\":{\"@id\":\"https:\/\/apuntesdesanluis.com\/index.php\/2024\/08\/24\/se-confirmo-primer-caso-autoctono-de-viruela-del-mono-en-el-pais\/\"},\"author\":{\"name\":\"apuntesdesanluis.com\",\"@id\":\"https:\/\/apuntesdesanluis.com\/#\/schema\/person\/b55151d52296fcce64d1a72538a70b90\"},\"headline\":\"SE CONFIRM\u00d3 PRIMER CASO AUT\u00d3CTONO DE VIRUELA DEL MONO EN EL PA\u00cdS\",\"datePublished\":\"2024-08-24T04:51:20+00:00\",\"mainEntityOfPage\":{\"@id\":\"https:\/\/apuntesdesanluis.com\/index.php\/2024\/08\/24\/se-confirmo-primer-caso-autoctono-de-viruela-del-mono-en-el-pais\/\"},\"wordCount\":268,\"publisher\":{\"@id\":\"https:\/\/apuntesdesanluis.com\/#\/schema\/person\/b55151d52296fcce64d1a72538a70b90\"},\"image\":{\"@id\":\"https:\/\/apuntesdesanluis.com\/index.php\/2024\/08\/24\/se-confirmo-primer-caso-autoctono-de-viruela-del-mono-en-el-pais\/#primaryimage\"},\"thumbnailUrl\":\"https:\/\/apuntesdesanluis.com\/wp-content\/uploads\/2024\/08\/viruela-del-mono-test.png\",\"articleSection\":[\"Nacionales\/Internacionales\"],\"inLanguage\":\"es-AR\"},{\"@type\":\"WebPage\",\"@id\":\"https:\/\/apuntesdesanluis.com\/index.php\/2024\/08\/24\/se-confirmo-primer-caso-autoctono-de-viruela-del-mono-en-el-pais\/\",\"url\":\"https:\/\/apuntesdesanluis.com\/index.php\/2024\/08\/24\/se-confirmo-primer-caso-autoctono-de-viruela-del-mono-en-el-pais\/\",\"name\":\"SE CONFIRM\u00d3 PRIMER CASO AUT\u00d3CTONO DE VIRUELA DEL MONO EN EL PA\u00cdS - Apuntes de San Luis\",\"isPartOf\":{\"@id\":\"https:\/\/apuntesdesanluis.com\/#website\"},\"primaryImageOfPage\":{\"@id\":\"https:\/\/apuntesdesanluis.com\/index.php\/2024\/08\/24\/se-confirmo-primer-caso-autoctono-de-viruela-del-mono-en-el-pais\/#primaryimage\"},\"image\":{\"@id\":\"https:\/\/apuntesdesanluis.com\/index.php\/2024\/08\/24\/se-confirmo-primer-caso-autoctono-de-viruela-del-mono-en-el-pais\/#primaryimage\"},\"thumbnailUrl\":\"https:\/\/apuntesdesanluis.com\/wp-content\/uploads\/2024\/08\/viruela-del-mono-test.png\",\"datePublished\":\"2024-08-24T04:51:20+00:00\",\"breadcrumb\":{\"@id\":\"https:\/\/apuntesdesanluis.com\/index.php\/2024\/08\/24\/se-confirmo-primer-caso-autoctono-de-viruela-del-mono-en-el-pais\/#breadcrumb\"},\"inLanguage\":\"es-AR\",\"potentialAction\":[{\"@type\":\"ReadAction\",\"target\":[\"https:\/\/apuntesdesanluis.com\/index.php\/2024\/08\/24\/se-confirmo-primer-caso-autoctono-de-viruela-del-mono-en-el-pais\/\"]}]},{\"@type\":\"ImageObject\",\"inLanguage\":\"es-AR\",\"@id\":\"https:\/\/apuntesdesanluis.com\/index.php\/2024\/08\/24\/se-confirmo-primer-caso-autoctono-de-viruela-del-mono-en-el-pais\/#primaryimage\",\"url\":\"https:\/\/apuntesdesanluis.com\/wp-content\/uploads\/2024\/08\/viruela-del-mono-test.png\",\"contentUrl\":\"https:\/\/apuntesdesanluis.com\/wp-content\/uploads\/2024\/08\/viruela-del-mono-test.png\",\"width\":700,\"height\":381},{\"@type\":\"BreadcrumbList\",\"@id\":\"https:\/\/apuntesdesanluis.com\/index.php\/2024\/08\/24\/se-confirmo-primer-caso-autoctono-de-viruela-del-mono-en-el-pais\/#breadcrumb\",\"itemListElement\":[{\"@type\":\"ListItem\",\"position\":1,\"name\":\"Inicio\",\"item\":\"https:\/\/apuntesdesanluis.com\/\"},{\"@type\":\"ListItem\",\"position\":2,\"name\":\"SE CONFIRM\u00d3 PRIMER CASO AUT\u00d3CTONO DE VIRUELA DEL MONO EN EL PA\u00cdS\"}]},{\"@type\":\"WebSite\",\"@id\":\"https:\/\/apuntesdesanluis.com\/#website\",\"url\":\"https:\/\/apuntesdesanluis.com\/\",\"name\":\"Apuntes de San Luis\",\"description\":\"\",\"publisher\":{\"@id\":\"https:\/\/apuntesdesanluis.com\/#\/schema\/person\/b55151d52296fcce64d1a72538a70b90\"},\"potentialAction\":[{\"@type\":\"SearchAction\",\"target\":{\"@type\":\"EntryPoint\",\"urlTemplate\":\"https:\/\/apuntesdesanluis.com\/?s={search_term_string}\"},\"query-input\":{\"@type\":\"PropertyValueSpecification\",\"valueRequired\":true,\"valueName\":\"search_term_string\"}}],\"inLanguage\":\"es-AR\"},{\"@type\":[\"Person\",\"Organization\"],\"@id\":\"https:\/\/apuntesdesanluis.com\/#\/schema\/person\/b55151d52296fcce64d1a72538a70b90\",\"name\":\"apuntesdesanluis.com\",\"image\":{\"@type\":\"ImageObject\",\"inLanguage\":\"es-AR\",\"@id\":\"https:\/\/apuntesdesanluis.com\/#\/schema\/person\/image\/\",\"url\":\"https:\/\/apuntesdesanluis.com\/wp-content\/uploads\/2023\/07\/cropped-apuntesdesanluis.png\",\"contentUrl\":\"https:\/\/apuntesdesanluis.com\/wp-content\/uploads\/2023\/07\/cropped-apuntesdesanluis.png\",\"width\":450,\"height\":112,\"caption\":\"apuntesdesanluis.com\"},\"logo\":{\"@id\":\"https:\/\/apuntesdesanluis.com\/#\/schema\/person\/image\/\"},\"sameAs\":[\"https:\/\/apuntesdesanluis.com\"],\"url\":\"https:\/\/apuntesdesanluis.com\/index.php\/author\/apuntesdesanluis-com\/\"}]}<\/script>\n<!-- \/ Yoast SEO plugin. -->","yoast_head_json":{"title":"SE CONFIRM\u00d3 PRIMER CASO AUT\u00d3CTONO DE VIRUELA DEL MONO EN EL PA\u00cdS - Apuntes de San Luis","robots":{"index":"index","follow":"follow","max-snippet":"max-snippet:-1","max-image-preview":"max-image-preview:large","max-video-preview":"max-video-preview:-1"},"canonical":"https:\/\/apuntesdesanluis.com\/index.php\/2024\/08\/24\/se-confirmo-primer-caso-autoctono-de-viruela-del-mono-en-el-pais\/","og_locale":"es_ES","og_type":"article","og_title":"SE CONFIRM\u00d3 PRIMER CASO AUT\u00d3CTONO DE VIRUELA DEL MONO EN EL PA\u00cdS - Apuntes de San Luis","og_description":"Es un joven oriundo de San Isidro, en el conurbano bonaerense, quien ya est\u00e1 aislado...","og_url":"https:\/\/apuntesdesanluis.com\/index.php\/2024\/08\/24\/se-confirmo-primer-caso-autoctono-de-viruela-del-mono-en-el-pais\/","og_site_name":"Apuntes de San Luis","article_published_time":"2024-08-24T04:51:20+00:00","og_image":[{"width":700,"height":381,"url":"https:\/\/apuntesdesanluis.com\/wp-content\/uploads\/2024\/08\/viruela-del-mono-test.png","type":"image\/png"}],"author":"apuntesdesanluis.com","twitter_card":"summary_large_image","twitter_misc":{"Escrito por":"apuntesdesanluis.com","Tiempo de lectura":"2 minutos"},"schema":{"@context":"https:\/\/schema.org","@graph":[{"@type":"Article","@id":"https:\/\/apuntesdesanluis.com\/index.php\/2024\/08\/24\/se-confirmo-primer-caso-autoctono-de-viruela-del-mono-en-el-pais\/#article","isPartOf":{"@id":"https:\/\/apuntesdesanluis.com\/index.php\/2024\/08\/24\/se-confirmo-primer-caso-autoctono-de-viruela-del-mono-en-el-pais\/"},"author":{"name":"apuntesdesanluis.com","@id":"https:\/\/apuntesdesanluis.com\/#\/schema\/person\/b55151d52296fcce64d1a72538a70b90"},"headline":"SE CONFIRM\u00d3 PRIMER CASO AUT\u00d3CTONO DE VIRUELA DEL MONO EN EL PA\u00cdS","datePublished":"2024-08-24T04:51:20+00:00","mainEntityOfPage":{"@id":"https:\/\/apuntesdesanluis.com\/index.php\/2024\/08\/24\/se-confirmo-primer-caso-autoctono-de-viruela-del-mono-en-el-pais\/"},"wordCount":268,"publisher":{"@id":"https:\/\/apuntesdesanluis.com\/#\/schema\/person\/b55151d52296fcce64d1a72538a70b90"},"image":{"@id":"https:\/\/apuntesdesanluis.com\/index.php\/2024\/08\/24\/se-confirmo-primer-caso-autoctono-de-viruela-del-mono-en-el-pais\/#primaryimage"},"thumbnailUrl":"https:\/\/apuntesdesanluis.com\/wp-content\/uploads\/2024\/08\/viruela-del-mono-test.png","articleSection":["Nacionales\/Internacionales"],"inLanguage":"es-AR"},{"@type":"WebPage","@id":"https:\/\/apuntesdesanluis.com\/index.php\/2024\/08\/24\/se-confirmo-primer-caso-autoctono-de-viruela-del-mono-en-el-pais\/","url":"https:\/\/apuntesdesanluis.com\/index.php\/2024\/08\/24\/se-confirmo-primer-caso-autoctono-de-viruela-del-mono-en-el-pais\/","name":"SE CONFIRM\u00d3 PRIMER CASO AUT\u00d3CTONO DE VIRUELA DEL MONO EN EL PA\u00cdS - Apuntes de San Luis","isPartOf":{"@id":"https:\/\/apuntesdesanluis.com\/#website"},"primaryImageOfPage":{"@id":"https:\/\/apuntesdesanluis.com\/index.php\/2024\/08\/24\/se-confirmo-primer-caso-autoctono-de-viruela-del-mono-en-el-pais\/#primaryimage"},"image":{"@id":"https:\/\/apuntesdesanluis.com\/index.php\/2024\/08\/24\/se-confirmo-primer-caso-autoctono-de-viruela-del-mono-en-el-pais\/#primaryimage"},"thumbnailUrl":"https:\/\/apuntesdesanluis.com\/wp-content\/uploads\/2024\/08\/viruela-del-mono-test.png","datePublished":"2024-08-24T04:51:20+00:00","breadcrumb":{"@id":"https:\/\/apuntesdesanluis.com\/index.php\/2024\/08\/24\/se-confirmo-primer-caso-autoctono-de-viruela-del-mono-en-el-pais\/#breadcrumb"},"inLanguage":"es-AR","potentialAction":[{"@type":"ReadAction","target":["https:\/\/apuntesdesanluis.com\/index.php\/2024\/08\/24\/se-confirmo-primer-caso-autoctono-de-viruela-del-mono-en-el-pais\/"]}]},{"@type":"ImageObject","inLanguage":"es-AR","@id":"https:\/\/apuntesdesanluis.com\/index.php\/2024\/08\/24\/se-confirmo-primer-caso-autoctono-de-viruela-del-mono-en-el-pais\/#primaryimage","url":"https:\/\/apuntesdesanluis.com\/wp-content\/uploads\/2024\/08\/viruela-del-mono-test.png","contentUrl":"https:\/\/apuntesdesanluis.com\/wp-content\/uploads\/2024\/08\/viruela-del-mono-test.png","width":700,"height":381},{"@type":"BreadcrumbList","@id":"https:\/\/apuntesdesanluis.com\/index.php\/2024\/08\/24\/se-confirmo-primer-caso-autoctono-de-viruela-del-mono-en-el-pais\/#breadcrumb","itemListElement":[{"@type":"ListItem","position":1,"name":"Inicio","item":"https:\/\/apuntesdesanluis.com\/"},{"@type":"ListItem","position":2,"name":"SE CONFIRM\u00d3 PRIMER CASO AUT\u00d3CTONO DE VIRUELA DEL MONO EN EL PA\u00cdS"}]},{"@type":"WebSite","@id":"https:\/\/apuntesdesanluis.com\/#website","url":"https:\/\/apuntesdesanluis.com\/","name":"Apuntes de San Luis","description":"","publisher":{"@id":"https:\/\/apuntesdesanluis.com\/#\/schema\/person\/b55151d52296fcce64d1a72538a70b90"},"potentialAction":[{"@type":"SearchAction","target":{"@type":"EntryPoint","urlTemplate":"https:\/\/apuntesdesanluis.com\/?s={search_term_string}"},"query-input":{"@type":"PropertyValueSpecification","valueRequired":true,"valueName":"search_term_string"}}],"inLanguage":"es-AR"},{"@type":["Person","Organization"],"@id":"https:\/\/apuntesdesanluis.com\/#\/schema\/person\/b55151d52296fcce64d1a72538a70b90","name":"apuntesdesanluis.com","image":{"@type":"ImageObject","inLanguage":"es-AR","@id":"https:\/\/apuntesdesanluis.com\/#\/schema\/person\/image\/","url":"https:\/\/apuntesdesanluis.com\/wp-content\/uploads\/2023\/07\/cropped-apuntesdesanluis.png","contentUrl":"https:\/\/apuntesdesanluis.com\/wp-content\/uploads\/2023\/07\/cropped-apuntesdesanluis.png","width":450,"height":112,"caption":"apuntesdesanluis.com"},"logo":{"@id":"https:\/\/apuntesdesanluis.com\/#\/schema\/person\/image\/"},"sameAs":["https:\/\/apuntesdesanluis.com"],"url":"https:\/\/apuntesdesanluis.com\/index.php\/author\/apuntesdesanluis-com\/"}]}},"featured_image_urls":{"full":["https:\/\/apuntesdesanluis.com\/wp-content\/uploads\/2024\/08\/viruela-del-mono-test.png",700,381,false],"thumbnail":["https:\/\/apuntesdesanluis.com\/wp-content\/uploads\/2024\/08\/viruela-del-mono-test-150x150.png",150,150,true],"medium":["https:\/\/apuntesdesanluis.com\/wp-content\/uploads\/2024\/08\/viruela-del-mono-test-300x163.png",300,163,true],"medium_large":["https:\/\/apuntesdesanluis.com\/wp-content\/uploads\/2024\/08\/viruela-del-mono-test.png",640,348,false],"large":["https:\/\/apuntesdesanluis.com\/wp-content\/uploads\/2024\/08\/viruela-del-mono-test.png",640,348,false],"1536x1536":["https:\/\/apuntesdesanluis.com\/wp-content\/uploads\/2024\/08\/viruela-del-mono-test.png",700,381,false],"2048x2048":["https:\/\/apuntesdesanluis.com\/wp-content\/uploads\/2024\/08\/viruela-del-mono-test.png",700,381,false],"newsever-slider-full":["https:\/\/apuntesdesanluis.com\/wp-content\/uploads\/2024\/08\/viruela-del-mono-test.png",700,381,false],"newsever-featured":["https:\/\/apuntesdesanluis.com\/wp-content\/uploads\/2024\/08\/viruela-del-mono-test.png",700,381,false],"newsever-medium":["https:\/\/apuntesdesanluis.com\/wp-content\/uploads\/2024\/08\/viruela-del-mono-test.png",700,381,false]},"author_info":{"display_name":"apuntesdesanluis.com","author_link":"https:\/\/apuntesdesanluis.com\/index.php\/author\/apuntesdesanluis-com\/"},"category_info":"<a href=\"https:\/\/apuntesdesanluis.com\/index.php\/category\/nacionales-internacionales\/\" rel=\"category tag\">Nacionales\/Internacionales<\/a>","tag_info":"Nacionales\/Internacionales","comment_count":"0","_links":{"self":[{"href":"https:\/\/apuntesdesanluis.com\/index.php\/wp-json\/wp\/v2\/posts\/21246","targetHints":{"allow":["GET"]}}],"collection":[{"href":"https:\/\/apuntesdesanluis.com\/index.php\/wp-json\/wp\/v2\/posts"}],"about":[{"href":"https:\/\/apuntesdesanluis.com\/index.php\/wp-json\/wp\/v2\/types\/post"}],"author":[{"embeddable":true,"href":"https:\/\/apuntesdesanluis.com\/index.php\/wp-json\/wp\/v2\/users\/1"}],"replies":[{"embeddable":true,"href":"https:\/\/apuntesdesanluis.com\/index.php\/wp-json\/wp\/v2\/comments?post=21246"}],"version-history":[{"count":1,"href":"https:\/\/apuntesdesanluis.com\/index.php\/wp-json\/wp\/v2\/posts\/21246\/revisions"}],"predecessor-version":[{"id":21249,"href":"https:\/\/apuntesdesanluis.com\/index.php\/wp-json\/wp\/v2\/posts\/21246\/revisions\/21249"}],"wp:featuredmedia":[{"embeddable":true,"href":"https:\/\/apuntesdesanluis.com\/index.php\/wp-json\/wp\/v2\/media\/21248"}],"wp:attachment":[{"href":"https:\/\/apuntesdesanluis.com\/index.php\/wp-json\/wp\/v2\/media?parent=21246"}],"wp:term":[{"taxonomy":"category","embeddable":true,"href":"https:\/\/apuntesdesanluis.com\/index.php\/wp-json\/wp\/v2\/categories?post=21246"},{"taxonomy":"post_tag","embeddable":true,"href":"https:\/\/apuntesdesanluis.com\/index.php\/wp-json\/wp\/v2\/tags?post=21246"}],"curies":[{"name":"wp","href":"https:\/\/api.w.org\/{rel}","templated":true}]}}